{"id":47851,"date":"2022-03-11T18:34:18","date_gmt":"2022-03-11T17:34:18","guid":{"rendered":"https:\/\/vosgesinfo.fr\/saintdieinfo\/2022\/03\/bourgonce-toit-vosgien-renove-2-batiments-bois-local\/"},"modified":"2022-03-11T18:34:18","modified_gmt":"2022-03-11T17:34:18","slug":"bourgonce-toit-vosgien-renove-2-batiments-bois-local","status":"publish","type":"post","link":"https:\/\/vosgesinfo.fr\/saintdieinfo\/2022\/03\/bourgonce-toit-vosgien-renove-2-batiments-bois-local\/","title":{"rendered":"La Bourgonce \u2013 Le Toit Vosgien r\u00e9nove 2 b\u00e2timents avec du bois local"},"content":{"rendered":"<p><a href=\"\/2022\/03\/La_Bourgonce-R\u00e9novation_Energ\u00e9tique_B\u00e2timents-6.jpg\" target=\"_blank\" rel=\"noopener\"><img decoding=\"async\" class=\"aligncenter wp-image-180094 size-large\" src=\"\/2022\/03\/La_Bourgonce-R\u00e9novation_Energ\u00e9tique_B\u00e2timents-6-1024x771.jpg\" alt=\"La_Bourgonce-R\u00e9novation_Energ\u00e9tique_B\u00e2timents (6)\" width=\"960\" height=\"723\" \/><\/a><\/p>\n<h2><strong><span style=\"font-size: 14pt;\">Depuis maintenant plus de 20 ans, le Toit Vosgien est engag\u00e9 dans une d\u00e9marche de construction et de r\u00e9novation avec des mat\u00e9riaux biosourc\u00e9s (<a href=\"https:\/\/saintdieinfo.fr\/2022\/01\/toit-vosgien-strategie-payante-materiaux-biosources\/\" target=\"_blank\" rel=\"noopener\">lire notre article<\/a>). La preuve encore avec le chantier de r\u00e9novation qui a r\u00e9cemment d\u00e9but\u00e9 route des Annailles \u00e0 La Bourgonce.<\/span><\/strong><\/h2>\n<p><!--more--><\/p>\n<p>Ces travaux consistent en la transformation de 2 b\u00e2timents datant des ann\u00e9es 70, de 6 logements habit\u00e9s chacun, en b\u00e2timents passifs \u00e0 haute performance. Pour ce faire, une isolation des murs ext\u00e9rieurs est r\u00e9alis\u00e9e, avec 30 cm d&rsquo;\u00e9paisseur de fibre de bois pos\u00e9e, 40 cm de ouate de cellulose souffl\u00e9e dans les combles, mais aussi le remplacement des garde-corps de portes-fen\u00eatres ainsi que le remplacement des toitures. Quant au bardage, il sera compos\u00e9 de bois (tr\u00e8s) local, puisqu&rsquo;il sera coup\u00e9 \u00e0 Eloyes et sci\u00e9 \u00e0 La Bourgonce m\u00eame, \u00e0 la scierie Strabach. Ce bardage permettra de prot\u00e9ger des intemp\u00e9ries tout en donnant un aspect harmonieux aux b\u00e2timents, sachant que le bois sera pr\u00e9-gris\u00e9 pour anticiper sa patine naturelle.<\/p>\n<p>Dans les communs, des auvents seront pos\u00e9s et les bo\u00eetes aux lettres seront remplac\u00e9es, des interphones seront install\u00e9s, les portes d&rsquo;entr\u00e9es des b\u00e2timents et les portes pali\u00e8res seront remplac\u00e9es, la peinture des cages d&rsquo;escaliers sera refaite et les 2 b\u00e2timents seront mis aux normes s\u00e9curit\u00e9 incendie. A l&rsquo;ext\u00e9rieur, le parking sera lui aussi refait.<\/p>\n<p>En ce qui concerne les logements, une ventilation double-flux collective sera install\u00e9e, avec une distribution des gaines en fa\u00e7ades, et la chaudi\u00e8re au fioul laissera la place \u00e0 2 pompes \u00e0 chaleur. Ce qui, dans le contexte actuel, permettra de r\u00e9aliser de belles \u00e9conomies pour les locataires. Une fois les travaux finis, les charges seront divis\u00e9es par 3 par rapport \u00e0 aujourd&rsquo;hui, et le DPE des b\u00e2timents passera de \u00ab\u00a0E\u00a0\u00bb \u00e0 \u00ab\u00a0A\u00a0\u00bb, comme l&rsquo;a soulign\u00e9 ce vendredi apr\u00e8s-midi Patrick Schmitt, directeur du Toit Vosgien, lors d&rsquo;une visite de chantier. Ce dernier de pr\u00e9ciser \u00e9galement que le montant des travaux s&rsquo;\u00e9l\u00e8ve \u00e0 1 080 000 euros TTC. Une somme principalement financ\u00e9e par des emprunts aupr\u00e8s de la Banque des Territoires, qui sont garantis par la Communaut\u00e9 d&rsquo;Agglom\u00e9ration.<\/p>\n<p>Au cours de cette ann\u00e9e, en parall\u00e8le de ce chantier, le Toit Vosgien va r\u00e9nover 2 b\u00e2timents de Saulcy-sur-Meurthe, de m\u00eame que le b\u00e2timent dit \u00ab\u00a0des pompiers\u00a0\u00bb de Saint-Di\u00e9-des-Vosges, un b\u00e2timent de la rue de l&rsquo;\u00e9glise \u00e0 Saint-L\u00e9onard et des b\u00e2timents du quartier Kl\u00e9ber de G\u00e9rardmer. Le tout sans oublier la construction de la r\u00e9sidence Carnot, la future \u00ab\u00a0vitrine\u00a0\u00bb du Toit Vosgien, sur les quais d\u00e9odatiens (<strong><a href=\"https:\/\/saintdieinfo.fr\/2022\/01\/residence-carnot-de-saint-die-vosges-future-vitrine-toit-vosgien-matiere-de-construction-bio-sourcee\/\" target=\"_blank\" rel=\"noopener\">lire notre article<\/a><\/strong>).<\/p>\n<p>J.J.<\/p>\n\n","protected":false},"excerpt":{"rendered":"<p>Depuis maintenant plus de 20 ans, le Toit Vosgien est engag\u00e9 dans une d\u00e9marche de construction et de r\u00e9novation avec [&hellip;]<\/p>\n","protected":false},"author":44,"featured_media":47852,"comment_status":"open","ping_status":"open","sticky":false,"template":"","format":"standard","meta":{"footnotes":""},"categories":[460,2915],"tags":[4374,4567,3467],"class_list":["post-47851","post","type-post","status-publish","format-standard","has-post-thumbnail","hentry","category-a-la-une","category-saint-die-son-canton","tag-la-bourgonce","tag-renovation-energetique","tag-toit-vosgien"],"acf":[],"yoast_head":"<!-- This site is optimized with the Yoast SEO plugin v22.5 - https:\/\/yoast.com\/wordpress\/plugins\/seo\/ -->\n<title>La Bourgonce \u2013 Le Toit Vosgien r\u00e9nove 2 b\u00e2timents avec du bois local - Saint Die Info<\/title>\n<meta name=\"robots\" content=\"index, follow, max-snippet:-1, max-image-preview:large, max-video-preview:-1\" \/>\n<link rel=\"canonical\" href=\"https:\/\/vosgesinfo.fr\/saintdieinfo\/2022\/03\/bourgonce-toit-vosgien-renove-2-batiments-bois-local\/\" \/>\n<meta name=\"twitter:card\" content=\"summary_large_image\" \/>\n<meta name=\"twitter:title\" content=\"La Bourgonce \u2013 Le Toit Vosgien r\u00e9nove 2 b\u00e2timents avec du bois local - Saint Die Info\" \/>\n<meta name=\"twitter:description\" content=\"Depuis maintenant plus de 20 ans, le Toit Vosgien est engag\u00e9 dans une d\u00e9marche de construction et de r\u00e9novation avec [&hellip;]\" \/>\n<meta name=\"twitter:image\" content=\"https:\/\/vosgesinfo.fr\/app\/uploads\/sites\/4\/2024\/08\/202203la-bourgonce-renovation-energetique-batiments-6.jpg\" \/>\n<meta name=\"twitter:creator\" content=\"@VosgesInfo88\" \/>\n<meta name=\"twitter:site\" content=\"@VosgesInfo88\" \/>\n<meta name=\"twitter:label1\" content=\"\u00c9crit par\" \/>\n\t<meta name=\"twitter:data1\" content=\"la r\u00e9daction\" \/>\n\t<meta name=\"twitter:label2\" content=\"Dur\u00e9e de lecture estim\u00e9e\" \/>\n\t<meta name=\"twitter:data2\" content=\"2 minutes\" \/>\n<script type=\"application\/ld+json\" class=\"yoast-schema-graph\">{\"@context\":\"https:\/\/schema.org\",\"@graph\":[{\"@type\":\"Article\",\"@id\":\"https:\/\/vosgesinfo.fr\/saintdieinfo\/2022\/03\/bourgonce-toit-vosgien-renove-2-batiments-bois-local\/#article\",\"isPartOf\":{\"@id\":\"https:\/\/vosgesinfo.fr\/saintdieinfo\/2022\/03\/bourgonce-toit-vosgien-renove-2-batiments-bois-local\/\"},\"author\":{\"name\":\"la r\u00e9daction\",\"@id\":\"https:\/\/vosgesinfo.fr\/saintdieinfo\/#\/schema\/person\/faee6704a21f3977511db84bd1cd450f\"},\"headline\":\"La Bourgonce \u2013 Le Toit Vosgien r\u00e9nove 2 b\u00e2timents avec du bois local\",\"datePublished\":\"2022-03-11T17:34:18+00:00\",\"dateModified\":\"2022-03-11T17:34:18+00:00\",\"mainEntityOfPage\":{\"@id\":\"https:\/\/vosgesinfo.fr\/saintdieinfo\/2022\/03\/bourgonce-toit-vosgien-renove-2-batiments-bois-local\/\"},\"wordCount\":479,\"commentCount\":0,\"publisher\":{\"@id\":\"https:\/\/vosgesinfo.fr\/saintdieinfo\/#organization\"},\"image\":{\"@id\":\"https:\/\/vosgesinfo.fr\/saintdieinfo\/2022\/03\/bourgonce-toit-vosgien-renove-2-batiments-bois-local\/#primaryimage\"},\"thumbnailUrl\":\"https:\/\/vosgesinfo.fr\/app\/uploads\/sites\/4\/2024\/08\/202203la-bourgonce-renovation-energetique-batiments-6.jpg\",\"keywords\":[\"La Bourgonce\",\"R\u00e9novation \u00e9nerg\u00e9tique\",\"Toit Vosgien\"],\"articleSection\":[\"A la Une\",\"Saint-Di\u00e9-des-Vosges et son Agglom\u00e9ration\"],\"inLanguage\":\"fr-FR\",\"potentialAction\":[{\"@type\":\"CommentAction\",\"name\":\"Comment\",\"target\":[\"https:\/\/vosgesinfo.fr\/saintdieinfo\/2022\/03\/bourgonce-toit-vosgien-renove-2-batiments-bois-local\/#respond\"]}]},{\"@type\":\"WebPage\",\"@id\":\"https:\/\/vosgesinfo.fr\/saintdieinfo\/2022\/03\/bourgonce-toit-vosgien-renove-2-batiments-bois-local\/\",\"url\":\"https:\/\/vosgesinfo.fr\/saintdieinfo\/2022\/03\/bourgonce-toit-vosgien-renove-2-batiments-bois-local\/\",\"name\":\"La Bourgonce \u2013 Le Toit Vosgien r\u00e9nove 2 b\u00e2timents avec du bois local - Saint Die Info\",\"isPartOf\":{\"@id\":\"https:\/\/vosgesinfo.fr\/saintdieinfo\/#website\"},\"primaryImageOfPage\":{\"@id\":\"https:\/\/vosgesinfo.fr\/saintdieinfo\/2022\/03\/bourgonce-toit-vosgien-renove-2-batiments-bois-local\/#primaryimage\"},\"image\":{\"@id\":\"https:\/\/vosgesinfo.fr\/saintdieinfo\/2022\/03\/bourgonce-toit-vosgien-renove-2-batiments-bois-local\/#primaryimage\"},\"thumbnailUrl\":\"https:\/\/vosgesinfo.fr\/app\/uploads\/sites\/4\/2024\/08\/202203la-bourgonce-renovation-energetique-batiments-6.jpg\",\"datePublished\":\"2022-03-11T17:34:18+00:00\",\"dateModified\":\"2022-03-11T17:34:18+00:00\",\"breadcrumb\":{\"@id\":\"https:\/\/vosgesinfo.fr\/saintdieinfo\/2022\/03\/bourgonce-toit-vosgien-renove-2-batiments-bois-local\/#breadcrumb\"},\"inLanguage\":\"fr-FR\",\"potentialAction\":[{\"@type\":\"ReadAction\",\"target\":[\"https:\/\/vosgesinfo.fr\/saintdieinfo\/2022\/03\/bourgonce-toit-vosgien-renove-2-batiments-bois-local\/\"]}]},{\"@type\":\"ImageObject\",\"inLanguage\":\"fr-FR\",\"@id\":\"https:\/\/vosgesinfo.fr\/saintdieinfo\/2022\/03\/bourgonce-toit-vosgien-renove-2-batiments-bois-local\/#primaryimage\",\"url\":\"https:\/\/vosgesinfo.fr\/app\/uploads\/sites\/4\/2024\/08\/202203la-bourgonce-renovation-energetique-batiments-6.jpg\",\"contentUrl\":\"https:\/\/vosgesinfo.fr\/app\/uploads\/sites\/4\/2024\/08\/202203la-bourgonce-renovation-energetique-batiments-6.jpg\",\"width\":1600,\"height\":1205},{\"@type\":\"BreadcrumbList\",\"@id\":\"https:\/\/vosgesinfo.fr\/saintdieinfo\/2022\/03\/bourgonce-toit-vosgien-renove-2-batiments-bois-local\/#breadcrumb\",\"itemListElement\":[{\"@type\":\"ListItem\",\"position\":1,\"name\":\"Home\",\"item\":\"https:\/\/vosgesinfo.fr\/saintdieinfo\/\"},{\"@type\":\"ListItem\",\"position\":2,\"name\":\"La Bourgonce \u2013 Le Toit Vosgien r\u00e9nove 2 b\u00e2timents avec du bois local\"}]},{\"@type\":\"WebSite\",\"@id\":\"https:\/\/vosgesinfo.fr\/saintdieinfo\/#website\",\"url\":\"https:\/\/vosgesinfo.fr\/saintdieinfo\/\",\"name\":\"Saint Die Info\",\"description\":\"Toute l&#039;actualit\u00e9 de Saint-Di\u00e9-Des-Vosges\",\"publisher\":{\"@id\":\"https:\/\/vosgesinfo.fr\/saintdieinfo\/#organization\"},\"alternateName\":\"Toute l'actualit\u00e9 de Saint-Di\u00e9-Des-Vosges\",\"potentialAction\":[{\"@type\":\"SearchAction\",\"target\":{\"@type\":\"EntryPoint\",\"urlTemplate\":\"https:\/\/vosgesinfo.fr\/saintdieinfo\/?s={search_term_string}\"},\"query-input\":\"required name=search_term_string\"}],\"inLanguage\":\"fr-FR\"},{\"@type\":\"Organization\",\"@id\":\"https:\/\/vosgesinfo.fr\/saintdieinfo\/#organization\",\"name\":\"Saint Die Info\",\"url\":\"https:\/\/vosgesinfo.fr\/saintdieinfo\/\",\"logo\":{\"@type\":\"ImageObject\",\"inLanguage\":\"fr-FR\",\"@id\":\"https:\/\/vosgesinfo.fr\/saintdieinfo\/#\/schema\/logo\/image\/\",\"url\":\"https:\/\/vosgesinfo.fr\/app\/uploads\/sites\/4\/2024\/02\/logo-sdi.jpg\",\"contentUrl\":\"https:\/\/vosgesinfo.fr\/app\/uploads\/sites\/4\/2024\/02\/logo-sdi.jpg\",\"width\":600,\"height\":600,\"caption\":\"Saint Die Info\"},\"image\":{\"@id\":\"https:\/\/vosgesinfo.fr\/saintdieinfo\/#\/schema\/logo\/image\/\"},\"sameAs\":[\"https:\/\/www.facebook.com\/Saintdieinfofr\",\"https:\/\/x.com\/VosgesInfo88\",\"https:\/\/www.youtube.com\/@vosgesinfo\"]},{\"@type\":\"Person\",\"@id\":\"https:\/\/vosgesinfo.fr\/saintdieinfo\/#\/schema\/person\/faee6704a21f3977511db84bd1cd450f\",\"name\":\"la r\u00e9daction\",\"image\":{\"@type\":\"ImageObject\",\"inLanguage\":\"fr-FR\",\"@id\":\"https:\/\/vosgesinfo.fr\/saintdieinfo\/#\/schema\/person\/image\/\",\"url\":\"https:\/\/secure.gravatar.com\/avatar\/6673d8bc6a9c17fa9a453eaa3448de834fa308c2ec9635b7aa99441a7c8d2cf6?s=96&d=mm&r=g\",\"contentUrl\":\"https:\/\/secure.gravatar.com\/avatar\/6673d8bc6a9c17fa9a453eaa3448de834fa308c2ec9635b7aa99441a7c8d2cf6?s=96&d=mm&r=g\",\"caption\":\"la r\u00e9daction\"},\"url\":\"https:\/\/vosgesinfo.fr\/saintdieinfo\/author\/redac\/\"}]}<\/script>\n<!-- \/ Yoast SEO plugin. -->","yoast_head_json":{"title":"La Bourgonce \u2013 Le Toit Vosgien r\u00e9nove 2 b\u00e2timents avec du bois local - Saint Die Info","robots":{"index":"index","follow":"follow","max-snippet":"max-snippet:-1","max-image-preview":"max-image-preview:large","max-video-preview":"max-video-preview:-1"},"canonical":"https:\/\/vosgesinfo.fr\/saintdieinfo\/2022\/03\/bourgonce-toit-vosgien-renove-2-batiments-bois-local\/","twitter_card":"summary_large_image","twitter_title":"La Bourgonce \u2013 Le Toit Vosgien r\u00e9nove 2 b\u00e2timents avec du bois local - Saint Die Info","twitter_description":"Depuis maintenant plus de 20 ans, le Toit Vosgien est engag\u00e9 dans une d\u00e9marche de construction et de r\u00e9novation avec [&hellip;]","twitter_image":"https:\/\/vosgesinfo.fr\/app\/uploads\/sites\/4\/2024\/08\/202203la-bourgonce-renovation-energetique-batiments-6.jpg","twitter_creator":"@VosgesInfo88","twitter_site":"@VosgesInfo88","twitter_misc":{"\u00c9crit par":"la r\u00e9daction","Dur\u00e9e de lecture estim\u00e9e":"2 minutes"},"schema":{"@context":"https:\/\/schema.org","@graph":[{"@type":"Article","@id":"https:\/\/vosgesinfo.fr\/saintdieinfo\/2022\/03\/bourgonce-toit-vosgien-renove-2-batiments-bois-local\/#article","isPartOf":{"@id":"https:\/\/vosgesinfo.fr\/saintdieinfo\/2022\/03\/bourgonce-toit-vosgien-renove-2-batiments-bois-local\/"},"author":{"name":"la r\u00e9daction","@id":"https:\/\/vosgesinfo.fr\/saintdieinfo\/#\/schema\/person\/faee6704a21f3977511db84bd1cd450f"},"headline":"La Bourgonce \u2013 Le Toit Vosgien r\u00e9nove 2 b\u00e2timents avec du bois local","datePublished":"2022-03-11T17:34:18+00:00","dateModified":"2022-03-11T17:34:18+00:00","mainEntityOfPage":{"@id":"https:\/\/vosgesinfo.fr\/saintdieinfo\/2022\/03\/bourgonce-toit-vosgien-renove-2-batiments-bois-local\/"},"wordCount":479,"commentCount":0,"publisher":{"@id":"https:\/\/vosgesinfo.fr\/saintdieinfo\/#organization"},"image":{"@id":"https:\/\/vosgesinfo.fr\/saintdieinfo\/2022\/03\/bourgonce-toit-vosgien-renove-2-batiments-bois-local\/#primaryimage"},"thumbnailUrl":"https:\/\/vosgesinfo.fr\/app\/uploads\/sites\/4\/2024\/08\/202203la-bourgonce-renovation-energetique-batiments-6.jpg","keywords":["La Bourgonce","R\u00e9novation \u00e9nerg\u00e9tique","Toit Vosgien"],"articleSection":["A la Une","Saint-Di\u00e9-des-Vosges et son Agglom\u00e9ration"],"inLanguage":"fr-FR","potentialAction":[{"@type":"CommentAction","name":"Comment","target":["https:\/\/vosgesinfo.fr\/saintdieinfo\/2022\/03\/bourgonce-toit-vosgien-renove-2-batiments-bois-local\/#respond"]}]},{"@type":"WebPage","@id":"https:\/\/vosgesinfo.fr\/saintdieinfo\/2022\/03\/bourgonce-toit-vosgien-renove-2-batiments-bois-local\/","url":"https:\/\/vosgesinfo.fr\/saintdieinfo\/2022\/03\/bourgonce-toit-vosgien-renove-2-batiments-bois-local\/","name":"La Bourgonce \u2013 Le Toit Vosgien r\u00e9nove 2 b\u00e2timents avec du bois local - Saint Die Info","isPartOf":{"@id":"https:\/\/vosgesinfo.fr\/saintdieinfo\/#website"},"primaryImageOfPage":{"@id":"https:\/\/vosgesinfo.fr\/saintdieinfo\/2022\/03\/bourgonce-toit-vosgien-renove-2-batiments-bois-local\/#primaryimage"},"image":{"@id":"https:\/\/vosgesinfo.fr\/saintdieinfo\/2022\/03\/bourgonce-toit-vosgien-renove-2-batiments-bois-local\/#primaryimage"},"thumbnailUrl":"https:\/\/vosgesinfo.fr\/app\/uploads\/sites\/4\/2024\/08\/202203la-bourgonce-renovation-energetique-batiments-6.jpg","datePublished":"2022-03-11T17:34:18+00:00","dateModified":"2022-03-11T17:34:18+00:00","breadcrumb":{"@id":"https:\/\/vosgesinfo.fr\/saintdieinfo\/2022\/03\/bourgonce-toit-vosgien-renove-2-batiments-bois-local\/#breadcrumb"},"inLanguage":"fr-FR","potentialAction":[{"@type":"ReadAction","target":["https:\/\/vosgesinfo.fr\/saintdieinfo\/2022\/03\/bourgonce-toit-vosgien-renove-2-batiments-bois-local\/"]}]},{"@type":"ImageObject","inLanguage":"fr-FR","@id":"https:\/\/vosgesinfo.fr\/saintdieinfo\/2022\/03\/bourgonce-toit-vosgien-renove-2-batiments-bois-local\/#primaryimage","url":"https:\/\/vosgesinfo.fr\/app\/uploads\/sites\/4\/2024\/08\/202203la-bourgonce-renovation-energetique-batiments-6.jpg","contentUrl":"https:\/\/vosgesinfo.fr\/app\/uploads\/sites\/4\/2024\/08\/202203la-bourgonce-renovation-energetique-batiments-6.jpg","width":1600,"height":1205},{"@type":"BreadcrumbList","@id":"https:\/\/vosgesinfo.fr\/saintdieinfo\/2022\/03\/bourgonce-toit-vosgien-renove-2-batiments-bois-local\/#breadcrumb","itemListElement":[{"@type":"ListItem","position":1,"name":"Home","item":"https:\/\/vosgesinfo.fr\/saintdieinfo\/"},{"@type":"ListItem","position":2,"name":"La Bourgonce \u2013 Le Toit Vosgien r\u00e9nove 2 b\u00e2timents avec du bois local"}]},{"@type":"WebSite","@id":"https:\/\/vosgesinfo.fr\/saintdieinfo\/#website","url":"https:\/\/vosgesinfo.fr\/saintdieinfo\/","name":"Saint Die Info","description":"Toute l&#039;actualit\u00e9 de Saint-Di\u00e9-Des-Vosges","publisher":{"@id":"https:\/\/vosgesinfo.fr\/saintdieinfo\/#organization"},"alternateName":"Toute l'actualit\u00e9 de Saint-Di\u00e9-Des-Vosges","potentialAction":[{"@type":"SearchAction","target":{"@type":"EntryPoint","urlTemplate":"https:\/\/vosgesinfo.fr\/saintdieinfo\/?s={search_term_string}"},"query-input":"required name=search_term_string"}],"inLanguage":"fr-FR"},{"@type":"Organization","@id":"https:\/\/vosgesinfo.fr\/saintdieinfo\/#organization","name":"Saint Die Info","url":"https:\/\/vosgesinfo.fr\/saintdieinfo\/","logo":{"@type":"ImageObject","inLanguage":"fr-FR","@id":"https:\/\/vosgesinfo.fr\/saintdieinfo\/#\/schema\/logo\/image\/","url":"https:\/\/vosgesinfo.fr\/app\/uploads\/sites\/4\/2024\/02\/logo-sdi.jpg","contentUrl":"https:\/\/vosgesinfo.fr\/app\/uploads\/sites\/4\/2024\/02\/logo-sdi.jpg","width":600,"height":600,"caption":"Saint Die Info"},"image":{"@id":"https:\/\/vosgesinfo.fr\/saintdieinfo\/#\/schema\/logo\/image\/"},"sameAs":["https:\/\/www.facebook.com\/Saintdieinfofr","https:\/\/x.com\/VosgesInfo88","https:\/\/www.youtube.com\/@vosgesinfo"]},{"@type":"Person","@id":"https:\/\/vosgesinfo.fr\/saintdieinfo\/#\/schema\/person\/faee6704a21f3977511db84bd1cd450f","name":"la r\u00e9daction","image":{"@type":"ImageObject","inLanguage":"fr-FR","@id":"https:\/\/vosgesinfo.fr\/saintdieinfo\/#\/schema\/person\/image\/","url":"https:\/\/secure.gravatar.com\/avatar\/6673d8bc6a9c17fa9a453eaa3448de834fa308c2ec9635b7aa99441a7c8d2cf6?s=96&d=mm&r=g","contentUrl":"https:\/\/secure.gravatar.com\/avatar\/6673d8bc6a9c17fa9a453eaa3448de834fa308c2ec9635b7aa99441a7c8d2cf6?s=96&d=mm&r=g","caption":"la r\u00e9daction"},"url":"https:\/\/vosgesinfo.fr\/saintdieinfo\/author\/redac\/"}]}},"_links":{"self":[{"href":"https:\/\/vosgesinfo.fr\/saintdieinfo\/wp-json\/wp\/v2\/posts\/47851","targetHints":{"allow":["GET"]}}],"collection":[{"href":"https:\/\/vosgesinfo.fr\/saintdieinfo\/wp-json\/wp\/v2\/posts"}],"about":[{"href":"https:\/\/vosgesinfo.fr\/saintdieinfo\/wp-json\/wp\/v2\/types\/post"}],"author":[{"embeddable":true,"href":"https:\/\/vosgesinfo.fr\/saintdieinfo\/wp-json\/wp\/v2\/users\/44"}],"replies":[{"embeddable":true,"href":"https:\/\/vosgesinfo.fr\/saintdieinfo\/wp-json\/wp\/v2\/comments?post=47851"}],"version-history":[{"count":0,"href":"https:\/\/vosgesinfo.fr\/saintdieinfo\/wp-json\/wp\/v2\/posts\/47851\/revisions"}],"wp:featuredmedia":[{"embeddable":true,"href":"https:\/\/vosgesinfo.fr\/saintdieinfo\/wp-json\/wp\/v2\/media\/47852"}],"wp:attachment":[{"href":"https:\/\/vosgesinfo.fr\/saintdieinfo\/wp-json\/wp\/v2\/media?parent=47851"}],"wp:term":[{"taxonomy":"category","embeddable":true,"href":"https:\/\/vosgesinfo.fr\/saintdieinfo\/wp-json\/wp\/v2\/categories?post=47851"},{"taxonomy":"post_tag","embeddable":true,"href":"https:\/\/vosgesinfo.fr\/saintdieinfo\/wp-json\/wp\/v2\/tags?post=47851"}],"curies":[{"name":"wp","href":"https:\/\/api.w.org\/{rel}","templated":true}]}}