{"id":47871,"date":"2022-03-12T06:00:16","date_gmt":"2022-03-12T05:00:16","guid":{"rendered":"https:\/\/vosgesinfo.fr\/saintdieinfo\/2022\/03\/vosges-inauguration-dun-nouveau-centre-de-secours-sapeurs-pompiers\/"},"modified":"2022-03-12T06:00:16","modified_gmt":"2022-03-12T05:00:16","slug":"vosges-inauguration-dun-nouveau-centre-de-secours-sapeurs-pompiers","status":"publish","type":"post","link":"https:\/\/vosgesinfo.fr\/saintdieinfo\/2022\/03\/vosges-inauguration-dun-nouveau-centre-de-secours-sapeurs-pompiers\/","title":{"rendered":"Vosges \u2013 Inauguration d&rsquo;un nouveau centre de secours des sapeurs-pompiers"},"content":{"rendered":"<div id=\"attachment_180120\" style=\"width: 810px\" class=\"wp-caption aligncenter\"><a href=\"\/2022\/03\/inauguration-centre-de-secours-sapeurs-pompiers-hadol.jpg\" target=\"_blank\" rel=\"noopener\"><img decoding=\"async\" aria-describedby=\"caption-attachment-180120\" class=\"wp-image-180120 size-full\" src=\"\/2022\/03\/inauguration-centre-de-secours-sapeurs-pompiers-hadol.jpg\" alt=\"inauguration-centre-de-secours-sapeurs-pompiers-hadol\" width=\"800\" height=\"599\" \/><\/a><p id=\"caption-attachment-180120\" class=\"wp-caption-text\">(Photographies Fran\u00e7ois Vannson)<\/p><\/div>\n<h2><strong><span style=\"font-size: 14pt;\">Le nouveau centre de secours, situ\u00e9 dans la zone Th\u00e9venay au Roulier \u00e0 Hadol, a \u00e9t\u00e9 inaugur\u00e9. Il r\u00e9unit les casernes d\u2019Hadol et Dounoux.\u00a0<\/span><\/strong><\/h2>\n<p><!--more--><\/p>\n<p>\u00c9taient pr\u00e9sents \u00e0 cette c\u00e9r\u00e9monie, le secr\u00e9taire g\u00e9n\u00e9ral de la pr\u00e9fecture, David Percheron, le d\u00e9put\u00e9 St\u00e9phane Viry, le s\u00e9nateur Jean Hingray, le pr\u00e9sident du Sdis des Vosges Dominique Peduzzi, V\u00e9ronique Marcot vice pr\u00e9sidente du Conseil d\u00e9partemental des Vosges et R\u00e9gine Begel conseill\u00e8re d\u00e9partementale, le maire d\u2019Hadol Jean Fran\u00e7ois Clasquin et le maire de Dounoux Gilles Nexon. Le Conseil d\u00e9partemental finance le corps des sapeurs-pompiers des Vosges \u00e0 hauteur de 17,5 Millions d\u2019euros, ce qui permet la modernisation des casernes.<\/p>\n\n","protected":false},"excerpt":{"rendered":"<p>Le nouveau centre de secours, situ\u00e9 dans la zone Th\u00e9venay au Roulier \u00e0 Hadol, a \u00e9t\u00e9 inaugur\u00e9. Il r\u00e9unit les [&hellip;]<\/p>\n","protected":false},"author":44,"featured_media":47872,"comment_status":"open","ping_status":"open","sticky":false,"template":"","format":"standard","meta":{"footnotes":""},"categories":[460,18],"tags":[1570,1601,10597],"class_list":["post-47871","post","type-post","status-publish","format-standard","has-post-thumbnail","hentry","category-a-la-une","category-vosges","tag-francois-vannson","tag-hadol","tag-inauguration-dun-nouveau-centre-de-secours-des-sapeurs-pompiers"],"acf":[],"yoast_head":"<!-- This site is optimized with the Yoast SEO plugin v22.5 - https:\/\/yoast.com\/wordpress\/plugins\/seo\/ -->\n<title>Vosges \u2013 Inauguration d&#039;un nouveau centre de secours des sapeurs-pompiers - Saint Die Info<\/title>\n<meta name=\"robots\" content=\"index, follow, max-snippet:-1, max-image-preview:large, max-video-preview:-1\" \/>\n<link rel=\"canonical\" href=\"https:\/\/vosgesinfo.fr\/saintdieinfo\/2022\/03\/vosges-inauguration-dun-nouveau-centre-de-secours-sapeurs-pompiers\/\" \/>\n<meta name=\"twitter:card\" content=\"summary_large_image\" \/>\n<meta name=\"twitter:title\" content=\"Vosges \u2013 Inauguration d&#039;un nouveau centre de secours des sapeurs-pompiers - Saint Die Info\" \/>\n<meta name=\"twitter:description\" content=\"Le nouveau centre de secours, situ\u00e9 dans la zone Th\u00e9venay au Roulier \u00e0 Hadol, a \u00e9t\u00e9 inaugur\u00e9. Il r\u00e9unit les [&hellip;]\" \/>\n<meta name=\"twitter:image\" content=\"https:\/\/vosgesinfo.fr\/app\/uploads\/sites\/4\/2024\/08\/202203inauguration-centre-de-secours-sapeurs-pompiers-hadol.jpg\" \/>\n<meta name=\"twitter:creator\" content=\"@VosgesInfo88\" \/>\n<meta name=\"twitter:site\" content=\"@VosgesInfo88\" \/>\n<meta name=\"twitter:label1\" content=\"\u00c9crit par\" \/>\n\t<meta name=\"twitter:data1\" content=\"la r\u00e9daction\" \/>\n\t<meta name=\"twitter:label2\" content=\"Dur\u00e9e de lecture estim\u00e9e\" \/>\n\t<meta name=\"twitter:data2\" content=\"1 minute\" \/>\n<script type=\"application\/ld+json\" class=\"yoast-schema-graph\">{\"@context\":\"https:\/\/schema.org\",\"@graph\":[{\"@type\":\"Article\",\"@id\":\"https:\/\/vosgesinfo.fr\/saintdieinfo\/2022\/03\/vosges-inauguration-dun-nouveau-centre-de-secours-sapeurs-pompiers\/#article\",\"isPartOf\":{\"@id\":\"https:\/\/vosgesinfo.fr\/saintdieinfo\/2022\/03\/vosges-inauguration-dun-nouveau-centre-de-secours-sapeurs-pompiers\/\"},\"author\":{\"name\":\"la r\u00e9daction\",\"@id\":\"https:\/\/vosgesinfo.fr\/saintdieinfo\/#\/schema\/person\/faee6704a21f3977511db84bd1cd450f\"},\"headline\":\"Vosges \u2013 Inauguration d&rsquo;un nouveau centre de secours des sapeurs-pompiers\",\"datePublished\":\"2022-03-12T05:00:16+00:00\",\"dateModified\":\"2022-03-12T05:00:16+00:00\",\"mainEntityOfPage\":{\"@id\":\"https:\/\/vosgesinfo.fr\/saintdieinfo\/2022\/03\/vosges-inauguration-dun-nouveau-centre-de-secours-sapeurs-pompiers\/\"},\"wordCount\":150,\"commentCount\":0,\"publisher\":{\"@id\":\"https:\/\/vosgesinfo.fr\/saintdieinfo\/#organization\"},\"image\":{\"@id\":\"https:\/\/vosgesinfo.fr\/saintdieinfo\/2022\/03\/vosges-inauguration-dun-nouveau-centre-de-secours-sapeurs-pompiers\/#primaryimage\"},\"thumbnailUrl\":\"https:\/\/vosgesinfo.fr\/app\/uploads\/sites\/4\/2024\/08\/202203inauguration-centre-de-secours-sapeurs-pompiers-hadol.jpg\",\"keywords\":[\"Fran\u00e7ois Vannson\",\"Hadol\",\"Inauguration d'un nouveau centre de secours des sapeurs-pompiers\"],\"articleSection\":[\"A la Une\",\"Vosges\"],\"inLanguage\":\"fr-FR\",\"potentialAction\":[{\"@type\":\"CommentAction\",\"name\":\"Comment\",\"target\":[\"https:\/\/vosgesinfo.fr\/saintdieinfo\/2022\/03\/vosges-inauguration-dun-nouveau-centre-de-secours-sapeurs-pompiers\/#respond\"]}]},{\"@type\":\"WebPage\",\"@id\":\"https:\/\/vosgesinfo.fr\/saintdieinfo\/2022\/03\/vosges-inauguration-dun-nouveau-centre-de-secours-sapeurs-pompiers\/\",\"url\":\"https:\/\/vosgesinfo.fr\/saintdieinfo\/2022\/03\/vosges-inauguration-dun-nouveau-centre-de-secours-sapeurs-pompiers\/\",\"name\":\"Vosges \u2013 Inauguration d'un nouveau centre de secours des sapeurs-pompiers - Saint Die Info\",\"isPartOf\":{\"@id\":\"https:\/\/vosgesinfo.fr\/saintdieinfo\/#website\"},\"primaryImageOfPage\":{\"@id\":\"https:\/\/vosgesinfo.fr\/saintdieinfo\/2022\/03\/vosges-inauguration-dun-nouveau-centre-de-secours-sapeurs-pompiers\/#primaryimage\"},\"image\":{\"@id\":\"https:\/\/vosgesinfo.fr\/saintdieinfo\/2022\/03\/vosges-inauguration-dun-nouveau-centre-de-secours-sapeurs-pompiers\/#primaryimage\"},\"thumbnailUrl\":\"https:\/\/vosgesinfo.fr\/app\/uploads\/sites\/4\/2024\/08\/202203inauguration-centre-de-secours-sapeurs-pompiers-hadol.jpg\",\"datePublished\":\"2022-03-12T05:00:16+00:00\",\"dateModified\":\"2022-03-12T05:00:16+00:00\",\"breadcrumb\":{\"@id\":\"https:\/\/vosgesinfo.fr\/saintdieinfo\/2022\/03\/vosges-inauguration-dun-nouveau-centre-de-secours-sapeurs-pompiers\/#breadcrumb\"},\"inLanguage\":\"fr-FR\",\"potentialAction\":[{\"@type\":\"ReadAction\",\"target\":[\"https:\/\/vosgesinfo.fr\/saintdieinfo\/2022\/03\/vosges-inauguration-dun-nouveau-centre-de-secours-sapeurs-pompiers\/\"]}]},{\"@type\":\"ImageObject\",\"inLanguage\":\"fr-FR\",\"@id\":\"https:\/\/vosgesinfo.fr\/saintdieinfo\/2022\/03\/vosges-inauguration-dun-nouveau-centre-de-secours-sapeurs-pompiers\/#primaryimage\",\"url\":\"https:\/\/vosgesinfo.fr\/app\/uploads\/sites\/4\/2024\/08\/202203inauguration-centre-de-secours-sapeurs-pompiers-hadol.jpg\",\"contentUrl\":\"https:\/\/vosgesinfo.fr\/app\/uploads\/sites\/4\/2024\/08\/202203inauguration-centre-de-secours-sapeurs-pompiers-hadol.jpg\",\"width\":800,\"height\":599},{\"@type\":\"BreadcrumbList\",\"@id\":\"https:\/\/vosgesinfo.fr\/saintdieinfo\/2022\/03\/vosges-inauguration-dun-nouveau-centre-de-secours-sapeurs-pompiers\/#breadcrumb\",\"itemListElement\":[{\"@type\":\"ListItem\",\"position\":1,\"name\":\"Home\",\"item\":\"https:\/\/vosgesinfo.fr\/saintdieinfo\/\"},{\"@type\":\"ListItem\",\"position\":2,\"name\":\"Vosges \u2013 Inauguration d&rsquo;un nouveau centre de secours des sapeurs-pompiers\"}]},{\"@type\":\"WebSite\",\"@id\":\"https:\/\/vosgesinfo.fr\/saintdieinfo\/#website\",\"url\":\"https:\/\/vosgesinfo.fr\/saintdieinfo\/\",\"name\":\"Saint Die Info\",\"description\":\"Toute l&#039;actualit\u00e9 de Saint-Di\u00e9-Des-Vosges\",\"publisher\":{\"@id\":\"https:\/\/vosgesinfo.fr\/saintdieinfo\/#organization\"},\"alternateName\":\"Toute l'actualit\u00e9 de Saint-Di\u00e9-Des-Vosges\",\"potentialAction\":[{\"@type\":\"SearchAction\",\"target\":{\"@type\":\"EntryPoint\",\"urlTemplate\":\"https:\/\/vosgesinfo.fr\/saintdieinfo\/?s={search_term_string}\"},\"query-input\":\"required name=search_term_string\"}],\"inLanguage\":\"fr-FR\"},{\"@type\":\"Organization\",\"@id\":\"https:\/\/vosgesinfo.fr\/saintdieinfo\/#organization\",\"name\":\"Saint Die Info\",\"url\":\"https:\/\/vosgesinfo.fr\/saintdieinfo\/\",\"logo\":{\"@type\":\"ImageObject\",\"inLanguage\":\"fr-FR\",\"@id\":\"https:\/\/vosgesinfo.fr\/saintdieinfo\/#\/schema\/logo\/image\/\",\"url\":\"https:\/\/vosgesinfo.fr\/app\/uploads\/sites\/4\/2024\/02\/logo-sdi.jpg\",\"contentUrl\":\"https:\/\/vosgesinfo.fr\/app\/uploads\/sites\/4\/2024\/02\/logo-sdi.jpg\",\"width\":600,\"height\":600,\"caption\":\"Saint Die Info\"},\"image\":{\"@id\":\"https:\/\/vosgesinfo.fr\/saintdieinfo\/#\/schema\/logo\/image\/\"},\"sameAs\":[\"https:\/\/www.facebook.com\/Saintdieinfofr\",\"https:\/\/x.com\/VosgesInfo88\",\"https:\/\/www.youtube.com\/@vosgesinfo\"]},{\"@type\":\"Person\",\"@id\":\"https:\/\/vosgesinfo.fr\/saintdieinfo\/#\/schema\/person\/faee6704a21f3977511db84bd1cd450f\",\"name\":\"la r\u00e9daction\",\"image\":{\"@type\":\"ImageObject\",\"inLanguage\":\"fr-FR\",\"@id\":\"https:\/\/vosgesinfo.fr\/saintdieinfo\/#\/schema\/person\/image\/\",\"url\":\"https:\/\/secure.gravatar.com\/avatar\/6673d8bc6a9c17fa9a453eaa3448de834fa308c2ec9635b7aa99441a7c8d2cf6?s=96&d=mm&r=g\",\"contentUrl\":\"https:\/\/secure.gravatar.com\/avatar\/6673d8bc6a9c17fa9a453eaa3448de834fa308c2ec9635b7aa99441a7c8d2cf6?s=96&d=mm&r=g\",\"caption\":\"la r\u00e9daction\"},\"url\":\"https:\/\/vosgesinfo.fr\/saintdieinfo\/author\/redac\/\"}]}<\/script>\n<!-- \/ Yoast SEO plugin. -->","yoast_head_json":{"title":"Vosges \u2013 Inauguration d'un nouveau centre de secours des sapeurs-pompiers - Saint Die Info","robots":{"index":"index","follow":"follow","max-snippet":"max-snippet:-1","max-image-preview":"max-image-preview:large","max-video-preview":"max-video-preview:-1"},"canonical":"https:\/\/vosgesinfo.fr\/saintdieinfo\/2022\/03\/vosges-inauguration-dun-nouveau-centre-de-secours-sapeurs-pompiers\/","twitter_card":"summary_large_image","twitter_title":"Vosges \u2013 Inauguration d'un nouveau centre de secours des sapeurs-pompiers - Saint Die Info","twitter_description":"Le nouveau centre de secours, situ\u00e9 dans la zone Th\u00e9venay au Roulier \u00e0 Hadol, a \u00e9t\u00e9 inaugur\u00e9. Il r\u00e9unit les [&hellip;]","twitter_image":"https:\/\/vosgesinfo.fr\/app\/uploads\/sites\/4\/2024\/08\/202203inauguration-centre-de-secours-sapeurs-pompiers-hadol.jpg","twitter_creator":"@VosgesInfo88","twitter_site":"@VosgesInfo88","twitter_misc":{"\u00c9crit par":"la r\u00e9daction","Dur\u00e9e de lecture estim\u00e9e":"1 minute"},"schema":{"@context":"https:\/\/schema.org","@graph":[{"@type":"Article","@id":"https:\/\/vosgesinfo.fr\/saintdieinfo\/2022\/03\/vosges-inauguration-dun-nouveau-centre-de-secours-sapeurs-pompiers\/#article","isPartOf":{"@id":"https:\/\/vosgesinfo.fr\/saintdieinfo\/2022\/03\/vosges-inauguration-dun-nouveau-centre-de-secours-sapeurs-pompiers\/"},"author":{"name":"la r\u00e9daction","@id":"https:\/\/vosgesinfo.fr\/saintdieinfo\/#\/schema\/person\/faee6704a21f3977511db84bd1cd450f"},"headline":"Vosges \u2013 Inauguration d&rsquo;un nouveau centre de secours des sapeurs-pompiers","datePublished":"2022-03-12T05:00:16+00:00","dateModified":"2022-03-12T05:00:16+00:00","mainEntityOfPage":{"@id":"https:\/\/vosgesinfo.fr\/saintdieinfo\/2022\/03\/vosges-inauguration-dun-nouveau-centre-de-secours-sapeurs-pompiers\/"},"wordCount":150,"commentCount":0,"publisher":{"@id":"https:\/\/vosgesinfo.fr\/saintdieinfo\/#organization"},"image":{"@id":"https:\/\/vosgesinfo.fr\/saintdieinfo\/2022\/03\/vosges-inauguration-dun-nouveau-centre-de-secours-sapeurs-pompiers\/#primaryimage"},"thumbnailUrl":"https:\/\/vosgesinfo.fr\/app\/uploads\/sites\/4\/2024\/08\/202203inauguration-centre-de-secours-sapeurs-pompiers-hadol.jpg","keywords":["Fran\u00e7ois Vannson","Hadol","Inauguration d'un nouveau centre de secours des sapeurs-pompiers"],"articleSection":["A la Une","Vosges"],"inLanguage":"fr-FR","potentialAction":[{"@type":"CommentAction","name":"Comment","target":["https:\/\/vosgesinfo.fr\/saintdieinfo\/2022\/03\/vosges-inauguration-dun-nouveau-centre-de-secours-sapeurs-pompiers\/#respond"]}]},{"@type":"WebPage","@id":"https:\/\/vosgesinfo.fr\/saintdieinfo\/2022\/03\/vosges-inauguration-dun-nouveau-centre-de-secours-sapeurs-pompiers\/","url":"https:\/\/vosgesinfo.fr\/saintdieinfo\/2022\/03\/vosges-inauguration-dun-nouveau-centre-de-secours-sapeurs-pompiers\/","name":"Vosges \u2013 Inauguration d'un nouveau centre de secours des sapeurs-pompiers - Saint Die Info","isPartOf":{"@id":"https:\/\/vosgesinfo.fr\/saintdieinfo\/#website"},"primaryImageOfPage":{"@id":"https:\/\/vosgesinfo.fr\/saintdieinfo\/2022\/03\/vosges-inauguration-dun-nouveau-centre-de-secours-sapeurs-pompiers\/#primaryimage"},"image":{"@id":"https:\/\/vosgesinfo.fr\/saintdieinfo\/2022\/03\/vosges-inauguration-dun-nouveau-centre-de-secours-sapeurs-pompiers\/#primaryimage"},"thumbnailUrl":"https:\/\/vosgesinfo.fr\/app\/uploads\/sites\/4\/2024\/08\/202203inauguration-centre-de-secours-sapeurs-pompiers-hadol.jpg","datePublished":"2022-03-12T05:00:16+00:00","dateModified":"2022-03-12T05:00:16+00:00","breadcrumb":{"@id":"https:\/\/vosgesinfo.fr\/saintdieinfo\/2022\/03\/vosges-inauguration-dun-nouveau-centre-de-secours-sapeurs-pompiers\/#breadcrumb"},"inLanguage":"fr-FR","potentialAction":[{"@type":"ReadAction","target":["https:\/\/vosgesinfo.fr\/saintdieinfo\/2022\/03\/vosges-inauguration-dun-nouveau-centre-de-secours-sapeurs-pompiers\/"]}]},{"@type":"ImageObject","inLanguage":"fr-FR","@id":"https:\/\/vosgesinfo.fr\/saintdieinfo\/2022\/03\/vosges-inauguration-dun-nouveau-centre-de-secours-sapeurs-pompiers\/#primaryimage","url":"https:\/\/vosgesinfo.fr\/app\/uploads\/sites\/4\/2024\/08\/202203inauguration-centre-de-secours-sapeurs-pompiers-hadol.jpg","contentUrl":"https:\/\/vosgesinfo.fr\/app\/uploads\/sites\/4\/2024\/08\/202203inauguration-centre-de-secours-sapeurs-pompiers-hadol.jpg","width":800,"height":599},{"@type":"BreadcrumbList","@id":"https:\/\/vosgesinfo.fr\/saintdieinfo\/2022\/03\/vosges-inauguration-dun-nouveau-centre-de-secours-sapeurs-pompiers\/#breadcrumb","itemListElement":[{"@type":"ListItem","position":1,"name":"Home","item":"https:\/\/vosgesinfo.fr\/saintdieinfo\/"},{"@type":"ListItem","position":2,"name":"Vosges \u2013 Inauguration d&rsquo;un nouveau centre de secours des sapeurs-pompiers"}]},{"@type":"WebSite","@id":"https:\/\/vosgesinfo.fr\/saintdieinfo\/#website","url":"https:\/\/vosgesinfo.fr\/saintdieinfo\/","name":"Saint Die Info","description":"Toute l&#039;actualit\u00e9 de Saint-Di\u00e9-Des-Vosges","publisher":{"@id":"https:\/\/vosgesinfo.fr\/saintdieinfo\/#organization"},"alternateName":"Toute l'actualit\u00e9 de Saint-Di\u00e9-Des-Vosges","potentialAction":[{"@type":"SearchAction","target":{"@type":"EntryPoint","urlTemplate":"https:\/\/vosgesinfo.fr\/saintdieinfo\/?s={search_term_string}"},"query-input":"required name=search_term_string"}],"inLanguage":"fr-FR"},{"@type":"Organization","@id":"https:\/\/vosgesinfo.fr\/saintdieinfo\/#organization","name":"Saint Die Info","url":"https:\/\/vosgesinfo.fr\/saintdieinfo\/","logo":{"@type":"ImageObject","inLanguage":"fr-FR","@id":"https:\/\/vosgesinfo.fr\/saintdieinfo\/#\/schema\/logo\/image\/","url":"https:\/\/vosgesinfo.fr\/app\/uploads\/sites\/4\/2024\/02\/logo-sdi.jpg","contentUrl":"https:\/\/vosgesinfo.fr\/app\/uploads\/sites\/4\/2024\/02\/logo-sdi.jpg","width":600,"height":600,"caption":"Saint Die Info"},"image":{"@id":"https:\/\/vosgesinfo.fr\/saintdieinfo\/#\/schema\/logo\/image\/"},"sameAs":["https:\/\/www.facebook.com\/Saintdieinfofr","https:\/\/x.com\/VosgesInfo88","https:\/\/www.youtube.com\/@vosgesinfo"]},{"@type":"Person","@id":"https:\/\/vosgesinfo.fr\/saintdieinfo\/#\/schema\/person\/faee6704a21f3977511db84bd1cd450f","name":"la r\u00e9daction","image":{"@type":"ImageObject","inLanguage":"fr-FR","@id":"https:\/\/vosgesinfo.fr\/saintdieinfo\/#\/schema\/person\/image\/","url":"https:\/\/secure.gravatar.com\/avatar\/6673d8bc6a9c17fa9a453eaa3448de834fa308c2ec9635b7aa99441a7c8d2cf6?s=96&d=mm&r=g","contentUrl":"https:\/\/secure.gravatar.com\/avatar\/6673d8bc6a9c17fa9a453eaa3448de834fa308c2ec9635b7aa99441a7c8d2cf6?s=96&d=mm&r=g","caption":"la r\u00e9daction"},"url":"https:\/\/vosgesinfo.fr\/saintdieinfo\/author\/redac\/"}]}},"_links":{"self":[{"href":"https:\/\/vosgesinfo.fr\/saintdieinfo\/wp-json\/wp\/v2\/posts\/47871","targetHints":{"allow":["GET"]}}],"collection":[{"href":"https:\/\/vosgesinfo.fr\/saintdieinfo\/wp-json\/wp\/v2\/posts"}],"about":[{"href":"https:\/\/vosgesinfo.fr\/saintdieinfo\/wp-json\/wp\/v2\/types\/post"}],"author":[{"embeddable":true,"href":"https:\/\/vosgesinfo.fr\/saintdieinfo\/wp-json\/wp\/v2\/users\/44"}],"replies":[{"embeddable":true,"href":"https:\/\/vosgesinfo.fr\/saintdieinfo\/wp-json\/wp\/v2\/comments?post=47871"}],"version-history":[{"count":0,"href":"https:\/\/vosgesinfo.fr\/saintdieinfo\/wp-json\/wp\/v2\/posts\/47871\/revisions"}],"wp:featuredmedia":[{"embeddable":true,"href":"https:\/\/vosgesinfo.fr\/saintdieinfo\/wp-json\/wp\/v2\/media\/47872"}],"wp:attachment":[{"href":"https:\/\/vosgesinfo.fr\/saintdieinfo\/wp-json\/wp\/v2\/media?parent=47871"}],"wp:term":[{"taxonomy":"category","embeddable":true,"href":"https:\/\/vosgesinfo.fr\/saintdieinfo\/wp-json\/wp\/v2\/categories?post=47871"},{"taxonomy":"post_tag","embeddable":true,"href":"https:\/\/vosgesinfo.fr\/saintdieinfo\/wp-json\/wp\/v2\/tags?post=47871"}],"curies":[{"name":"wp","href":"https:\/\/api.w.org\/{rel}","templated":true}]}}