{"id":48159,"date":"2022-03-22T06:30:54","date_gmt":"2022-03-22T05:30:54","guid":{"rendered":"https:\/\/vosgesinfo.fr\/saintdieinfo\/2022\/03\/vosges-conseil-departemental-vote-aide-de-50-000-euros-lukraine\/"},"modified":"2022-03-22T06:30:54","modified_gmt":"2022-03-22T05:30:54","slug":"vosges-conseil-departemental-vote-aide-de-50-000-euros-lukraine","status":"publish","type":"post","link":"https:\/\/vosgesinfo.fr\/saintdieinfo\/2022\/03\/vosges-conseil-departemental-vote-aide-de-50-000-euros-lukraine\/","title":{"rendered":"Vosges \u2013 Le Conseil D\u00e9partemental vote une aide de 50 000 euros pour l&rsquo;Ukraine"},"content":{"rendered":"<div id=\"attachment_177866\" style=\"width: 810px\" class=\"wp-caption aligncenter\"><a href=\"\/2022\/01\/conseil-departemental-vosges.2jpg.jpg\" target=\"_blank\" rel=\"noopener\"><img decoding=\"async\" aria-describedby=\"caption-attachment-177866\" class=\"wp-image-177866 size-full\" src=\"\/2022\/01\/conseil-departemental-vosges.2jpg.jpg\" alt=\"conseil-departemental-vosges.2jpg\" width=\"800\" height=\"450\" \/><\/a><p id=\"caption-attachment-177866\" class=\"wp-caption-text\">(Photographie Conseil D\u00e9partemental des Vosges)<\/p><\/div>\n<h2 style=\"text-align: left;\" align=\"JUSTIFY\"><strong><span style=\"font-size: 14pt;\"><span style=\"font-family: Calibri Light, sans-serif;\">Pour la troisi\u00e8me Commission permanente de l\u2019ann\u00e9e 2022, les \u00e9lus d\u00e9partementaux, r\u00e9unis sous la pr\u00e9sidence Fran\u00e7ois Vannson, <\/span><span style=\"font-family: Calibri Light, sans-serif;\">ont examin\u00e9 et vot\u00e9 \u00e0 l\u2019unanimit\u00e9 55 rapports concernant l\u2019Ukraine, l\u2019\u00e9conomie, la sant\u00e9, l\u2019appui aux territoires, la culture\u2026<\/span><\/span><\/strong><\/h2>\n<p style=\"text-align: left;\" align=\"JUSTIFY\"><!--more--><\/p>\n<h3 style=\"text-align: left;\" align=\"JUSTIFY\"><strong><span style=\"font-family: Calibri Light, sans-serif;\"><span style=\"font-size: medium;\"><span style=\"font-size: 12pt;\">Ukraine<\/span> <\/span><\/span><\/strong><\/h3>\n<p style=\"text-align: left;\" align=\"JUSTIFY\"><span style=\"font-family: Calibri Light, sans-serif;\">Les \u00e9lus ont approuv\u00e9 une aide 50.000 euros en faveur de l\u2019Ukraine. <\/span><span style=\"font-family: Calibri Light, sans-serif;\">En effet, face \u00e0 l\u2019ampleur des \u00e9v\u00e8nements se d\u00e9roulant en Ukraine, les besoins humanitaires dans ce pays et dans les pays voisins sont tr\u00e8s importants et vont s\u2019inscrire dans la dur\u00e9e. Le minist\u00e8re de l\u2019Europe et des Affaires \u00e9trang\u00e8res a activ\u00e9 le Fonds d\u2019action ext\u00e9rieure des collectivit\u00e9 territoriales (Faceco) afin de f\u00e9d\u00e9rer les initiatives. Ce fonds garantit la pertinence de l\u2019utilisation des aides financi\u00e8res afin de contribuer \u00e0 une r\u00e9ponse fran\u00e7aise coordonn\u00e9e et adapt\u00e9e \u00e0 la crise.<\/span><\/p>\n<h3 style=\"text-align: left;\" align=\"JUSTIFY\"><strong><span style=\"font-family: Calibri Light, sans-serif; font-size: 12pt;\">L\u2019appui aux territoires<\/span><\/strong><\/h3>\n<p style=\"text-align: left;\" align=\"JUSTIFY\"><span style=\"font-family: Calibri Light, sans-serif;\">33 dossiers<\/span><span style=\"font-family: Calibri Light, sans-serif;\"> seront subventionn\u00e9s pour un montant global de <\/span><span style=\"font-family: Calibri Light, sans-serif;\">2\u00a0858 211<\/span> <span style=\"font-family: Calibri Light, sans-serif;\">\u20ac<\/span><span style=\"font-family: Calibri Light, sans-serif;\">, qui se d\u00e9compose ainsi :<\/span><\/p>\n<p style=\"text-align: left;\" align=\"JUSTIFY\"><span style=\"font-family: Calibri Light, sans-serif;\">&#8211; <\/span><span style=\"font-family: Calibri Light, sans-serif;\">en faveur de projets prioritaires contractualis\u00e9s avec les intercommunalit\u00e9s.<\/span><span style=\"font-family: Calibri Light, sans-serif;\"> Seront ainsi aid\u00e9s \u00e0 hauteur de 489 826<\/span><span style=\"font-family: Calibri Light, sans-serif;\"> \u20ac<\/span><span style=\"font-family: Calibri Light, sans-serif;\"> deux projets concernant les travaux dans les stades de la Communaut\u00e9 d\u2019Agglom\u00e9ration d\u2019Epinal avec la r\u00e9novation du gymnase \u00e0 La V\u00f4ge les Bains et la r\u00e9novation du gymnase intercommunal \u00e0 Xertigny.<\/span><\/p>\n<p style=\"text-align: left;\" align=\"JUSTIFY\"><span style=\"font-family: Calibri Light, sans-serif;\">&#8211; 2 310 222 \u20ac en faveur de 29 projets<\/span><span style=\"font-family: Calibri Light, sans-serif;\"> non contractualis\u00e9s qui concernent :<\/span><\/p>\n<ul style=\"text-align: left;\">\n<li>\n<p align=\"JUSTIFY\"><span style=\"font-family: Calibri, sans-serif;\"><span style=\"font-family: Calibri Light, sans-serif;\">la voirie communale<\/span><span style=\"font-family: Calibri Light, sans-serif;\"> : <\/span><span style=\"font-family: Calibri Light, sans-serif;\">5 projets pour 46 680 \u20ac d\u2019aide<\/span><span style=\"font-family: Calibri Light, sans-serif;\"> ;<\/span><\/span><\/p>\n<\/li>\n<li>\n<p align=\"JUSTIFY\"><span style=\"font-family: Calibri, sans-serif;\"><span style=\"font-family: Calibri Light, sans-serif;\">l\u2019am\u00e9nagement global de voirie communale<\/span><span style=\"font-family: Calibri Light, sans-serif;\"> :<\/span><span style=\"font-family: Calibri Light, sans-serif;\"> 2 projets<\/span> <span style=\"font-family: Calibri Light, sans-serif;\">pour 118 910 \u20ac d\u2019aide<\/span><span style=\"font-family: Calibri Light, sans-serif;\"> ;<\/span><\/span><\/p>\n<\/li>\n<li>\n<p align=\"JUSTIFY\"><span style=\"font-family: Calibri, sans-serif;\"><span style=\"font-family: Calibri Light, sans-serif;\">l\u2019am\u00e9nagement global de traverse<\/span><span style=\"font-family: Calibri Light, sans-serif;\"> : <\/span><span style=\"font-family: Calibri Light, sans-serif;\">1 projet \u00e0 La Bresse pour 50 895 \u20ac d\u2019aide<\/span><span style=\"font-family: Calibri Light, sans-serif;\">,<\/span><\/span><\/p>\n<\/li>\n<li>\n<p align=\"JUSTIFY\"><span style=\"font-family: Calibri, sans-serif;\"><span style=\"font-family: Calibri Light, sans-serif;\">l\u2019am\u00e9nagement en bordure de route d\u00e9partementale\u00a0: 1 projet 18 513 euros d\u2019aide\u00a0;<\/span><\/span><\/p>\n<\/li>\n<li>\n<p align=\"JUSTIFY\"><span style=\"font-family: Calibri, sans-serif;\"><span style=\"font-family: Calibri Light, sans-serif;\">l\u2019\u00e9clairage public : 1 projet<\/span> <span style=\"font-family: Calibri Light, sans-serif;\">8752 \u20ac d\u2019aide<\/span><span style=\"font-family: Calibri Light, sans-serif;\">.<\/span><\/span><\/p>\n<\/li>\n<li>\n<p align=\"JUSTIFY\"><span style=\"font-family: Calibri, sans-serif;\"><span style=\"font-family: Calibri Light, sans-serif;\">le patrimoine : 4 projets pour 48 644\u20ac d\u2019aide. Parmi ces projets figurent la cr\u00e9ation d\u2019une nouvelle mairie \u00e0 La Chapelle devant Bruy\u00e8res<\/span><span style=\"font-family: Calibri Light, sans-serif;\">;<\/span><\/span><\/p>\n<\/li>\n<li>\n<p align=\"JUSTIFY\"><span style=\"font-family: Calibri, sans-serif;\"><span style=\"font-family: Calibri Light, sans-serif;\">les monuments historiques\u00a0: 1 projet pour 3523 \u20ac<\/span><\/span><\/p>\n<\/li>\n<li>\n<p align=\"JUSTIFY\"><span style=\"font-family: Calibri, sans-serif;\"><span style=\"font-family: Calibri Light, sans-serif;\">les structures d\u2019accueil enfance : 1 projet \u00e0 Poussay avec l\u2019extension de la cantine scolaire pour 20 803 \u20ac d\u2019aide ;<\/span><\/span><\/p>\n<\/li>\n<li>\n<p align=\"JUSTIFY\"><span style=\"font-family: Calibri, sans-serif;\"><span style=\"font-family: Calibri Light, sans-serif;\">l\u2019eau potable : 12 projets<\/span> <span style=\"font-family: Calibri Light, sans-serif;\">pour 1\u00a0925\u00a0442<\/span> <span style=\"font-family: Calibri Light, sans-serif;\">\u20ac d\u2019aide ;<\/span><\/span><\/p>\n<\/li>\n<li>\n<p align=\"JUSTIFY\"><span style=\"font-family: Calibri, sans-serif;\"><span style=\"font-family: Calibri Light, sans-serif;\">l\u2019assainissement : 1 projet \u00e0 Attign\u00e9ville pour 68 060 \u20ac d\u2019aide<\/span><span style=\"font-family: Calibri Light, sans-serif;\"> ;<\/span><\/span><\/p>\n<\/li>\n<\/ul>\n<h3 style=\"text-align: left;\" align=\"JUSTIFY\"><strong><span style=\"font-family: Calibri Light, sans-serif; font-size: 12pt;\">Economie<\/span><\/strong><\/h3>\n<p style=\"text-align: left;\" align=\"JUSTIFY\"><span style=\"font-family: Calibri Light, sans-serif;\">Les \u00e9lus d\u00e9partementaux ont statu\u00e9 et valid\u00e9 5 projets en lien avec l\u2019\u00e9conomie et le tourisme pour un montant total de 105\u00a0580 euros. Ainsi dans ce cadre, 31\u00a0500 euros d\u2019aides seront allou\u00e9s \u00e0 la soci\u00e9t\u00e9 Gantois Industries qui souhaite r\u00e9nover le b\u00e2ti afin d\u2019am\u00e9liorer les conditions de travail des salari\u00e9s (cr\u00e9ation d\u2019un local repas, isolation des b\u00e2timents\u2026)<\/span><\/p>\n<h3 style=\"text-align: left;\" align=\"JUSTIFY\"><strong><span style=\"font-family: Calibri Light, sans-serif; font-size: 12pt;\">Agriculture<\/span><\/strong><\/h3>\n<p style=\"text-align: left;\" align=\"JUSTIFY\"><span style=\"font-family: Calibri Light, sans-serif;\">Le Conseil d\u00e9partemental a d\u00e9cid\u00e9 de poursuivre son soutien aux \u00e9leveurs de la race bovine vosgienne. En effet, la situation de la vache vosgienne est fragile du fait de sa pr\u00e9sence sporadique sur le territoire national. 2866 t\u00eates sont pr\u00e9sentes, soit 32 % du cheptel national, dans le massif des Vosges. Pour assurer la survie de l\u2019esp\u00e8ce, les \u00e9lus ont d\u00e9cid\u00e9 que le conseil d\u00e9partemental prendrait \u00e0 sa charge 40% des d\u00e9penses engag\u00e9es en 2021 par les \u00e9leveurs ayant fait ins\u00e9miner au moins 5 vaches vosgiennes en race pure.<\/span><\/p>\n<p style=\"text-align: left;\" align=\"JUSTIFY\"><span style=\"font-family: Calibri Light, sans-serif;\">Lors de cette session du mois de mars, il a \u00e9galement \u00e9t\u00e9 vot\u00e9 une aide de 9631 euros afin de permettre \u00e0 31 projets la plantation de 488 arbres fruitiers adapt\u00e9s au territoire vosgien. <\/span><\/p>\n<h3 style=\"text-align: left;\" align=\"JUSTIFY\"><strong><span style=\"font-family: Calibri Light, sans-serif; font-size: 12pt;\">Plan sant\u00e9<\/span><\/strong><\/h3>\n<p style=\"text-align: left;\" align=\"JUSTIFY\"><span style=\"font-family: Calibri Light, sans-serif;\">Pour cette troisi\u00e8me attribution 2022, l\u2019assembl\u00e9e d\u00e9partementale s\u2019est prononc\u00e9e favorablement sur <\/span><span style=\"font-family: Calibri Light, sans-serif;\">11 dossiers<\/span><span style=\"font-family: Calibri Light, sans-serif;\"> pour un montant global de <\/span><span style=\"font-family: Calibri Light, sans-serif;\">64046 \u20ac.<\/span><span style=\"font-family: Calibri Light, sans-serif;\"> Ces dossiers concernent l\u2019installation d\u2019un m\u00e9decin g\u00e9n\u00e9raliste, 6 masseurs-kin\u00e9sith\u00e9rapeutes, une orthophoniste, une p\u00e9diatre, une psychomotricienne, une p\u00e9dicure-podologue. <\/span><\/p>\n<h3 style=\"text-align: left;\" align=\"JUSTIFY\"><span style=\"font-family: Calibri Light, sans-serif; font-size: 12pt;\"><b>Coll\u00e8ges<\/b><\/span><\/h3>\n<p style=\"text-align: left;\" align=\"JUSTIFY\"><span style=\"font-family: Calibri Light, sans-serif;\">Les conseillers d\u00e9partementaux ont allou\u00e9 une subvention de 40\u00a0252 euros aux coll\u00e8ges publics et 8\u00a0403 aux coll\u00e8ges priv\u00e9s afin de leur permettre de r\u00e9aliser des projets en faveur des actions \u00e9ducatives<\/span><\/p>\n<h3 style=\"text-align: left;\" align=\"JUSTIFY\"><strong><span style=\"font-family: Calibri Light, sans-serif; font-size: 12pt;\">Culture<\/span><\/strong><\/h3>\n<p style=\"text-align: left;\" align=\"JUSTIFY\"><span style=\"font-family: Calibri Light, sans-serif;\">Afin de favoriser l\u2019acc\u00e8s \u00e0 la culture au plus grand nombre, le D\u00e9partement a vot\u00e9 une aide 252\u00a0150 euros en faveur d\u2019associations culturelles. Dans ce cadre, le t\u00e9h\u00e2tre du peuple \u00e0 Bussang percevra une aide de 135\u00a0000 euros, l\u2019association Zinc grenadine une aide 10000 euros, H\u00e9liotrope th\u00e9\u00e2tre \u00e0 Neufch\u00e2teau une aide 5000 euros\u2026 <\/span><\/p>\n","protected":false},"excerpt":{"rendered":"<p>Pour la troisi\u00e8me Commission permanente de l\u2019ann\u00e9e 2022, les \u00e9lus d\u00e9partementaux, r\u00e9unis sous la pr\u00e9sidence Fran\u00e7ois Vannson, ont examin\u00e9 et [&hellip;]<\/p>\n","protected":false},"author":44,"featured_media":48160,"comment_status":"open","ping_status":"open","sticky":false,"template":"","format":"standard","meta":{"footnotes":""},"categories":[460,10,29,18],"tags":[3953,529,10410],"class_list":["post-48159","post","type-post","status-publish","format-standard","has-post-thumbnail","hentry","category-a-la-une","category-politique","category-solidarite","category-vosges","tag-commission-permanente-du-conseil-departemental-des-vosges","tag-conseil-departemental-des-vosges","tag-ukraine"],"acf":[],"yoast_head":"<!-- This site is optimized with the Yoast SEO plugin v22.5 - https:\/\/yoast.com\/wordpress\/plugins\/seo\/ -->\n<title>Vosges \u2013 Le Conseil D\u00e9partemental vote une aide de 50 000 euros pour l&#039;Ukraine - Saint Die Info<\/title>\n<meta name=\"robots\" content=\"index, follow, max-snippet:-1, max-image-preview:large, max-video-preview:-1\" \/>\n<link rel=\"canonical\" href=\"https:\/\/vosgesinfo.fr\/saintdieinfo\/2022\/03\/vosges-conseil-departemental-vote-aide-de-50-000-euros-lukraine\/\" \/>\n<meta name=\"twitter:card\" content=\"summary_large_image\" \/>\n<meta name=\"twitter:title\" content=\"Vosges \u2013 Le Conseil D\u00e9partemental vote une aide de 50 000 euros pour l&#039;Ukraine - Saint Die Info\" \/>\n<meta name=\"twitter:description\" content=\"Pour la troisi\u00e8me Commission permanente de l\u2019ann\u00e9e 2022, les \u00e9lus d\u00e9partementaux, r\u00e9unis sous la pr\u00e9sidence Fran\u00e7ois Vannson, ont examin\u00e9 et [&hellip;]\" \/>\n<meta name=\"twitter:image\" content=\"https:\/\/vosgesinfo.fr\/app\/uploads\/sites\/4\/2024\/08\/202201conseil-departemental-vosges.2jpg-3.jpg\" \/>\n<meta name=\"twitter:creator\" content=\"@VosgesInfo88\" \/>\n<meta name=\"twitter:site\" content=\"@VosgesInfo88\" \/>\n<meta name=\"twitter:label1\" content=\"\u00c9crit par\" \/>\n\t<meta name=\"twitter:data1\" content=\"la r\u00e9daction\" \/>\n\t<meta name=\"twitter:label2\" content=\"Dur\u00e9e de lecture estim\u00e9e\" \/>\n\t<meta name=\"twitter:data2\" content=\"3 minutes\" \/>\n<script type=\"application\/ld+json\" class=\"yoast-schema-graph\">{\"@context\":\"https:\/\/schema.org\",\"@graph\":[{\"@type\":\"Article\",\"@id\":\"https:\/\/vosgesinfo.fr\/saintdieinfo\/2022\/03\/vosges-conseil-departemental-vote-aide-de-50-000-euros-lukraine\/#article\",\"isPartOf\":{\"@id\":\"https:\/\/vosgesinfo.fr\/saintdieinfo\/2022\/03\/vosges-conseil-departemental-vote-aide-de-50-000-euros-lukraine\/\"},\"author\":{\"name\":\"la r\u00e9daction\",\"@id\":\"https:\/\/vosgesinfo.fr\/saintdieinfo\/#\/schema\/person\/faee6704a21f3977511db84bd1cd450f\"},\"headline\":\"Vosges \u2013 Le Conseil D\u00e9partemental vote une aide de 50 000 euros pour l&rsquo;Ukraine\",\"datePublished\":\"2022-03-22T05:30:54+00:00\",\"dateModified\":\"2022-03-22T05:30:54+00:00\",\"mainEntityOfPage\":{\"@id\":\"https:\/\/vosgesinfo.fr\/saintdieinfo\/2022\/03\/vosges-conseil-departemental-vote-aide-de-50-000-euros-lukraine\/\"},\"wordCount\":699,\"commentCount\":0,\"publisher\":{\"@id\":\"https:\/\/vosgesinfo.fr\/saintdieinfo\/#organization\"},\"image\":{\"@id\":\"https:\/\/vosgesinfo.fr\/saintdieinfo\/2022\/03\/vosges-conseil-departemental-vote-aide-de-50-000-euros-lukraine\/#primaryimage\"},\"thumbnailUrl\":\"https:\/\/vosgesinfo.fr\/app\/uploads\/sites\/4\/2024\/08\/202201conseil-departemental-vosges.2jpg-3.jpg\",\"keywords\":[\"Commission permanente du Conseil D\u00e9partemental des Vosges\",\"Conseil d\u00e9partemental des Vosges\",\"Ukraine\"],\"articleSection\":[\"A la Une\",\"Politique\",\"Solidarit\u00e9\",\"Vosges\"],\"inLanguage\":\"fr-FR\",\"potentialAction\":[{\"@type\":\"CommentAction\",\"name\":\"Comment\",\"target\":[\"https:\/\/vosgesinfo.fr\/saintdieinfo\/2022\/03\/vosges-conseil-departemental-vote-aide-de-50-000-euros-lukraine\/#respond\"]}]},{\"@type\":\"WebPage\",\"@id\":\"https:\/\/vosgesinfo.fr\/saintdieinfo\/2022\/03\/vosges-conseil-departemental-vote-aide-de-50-000-euros-lukraine\/\",\"url\":\"https:\/\/vosgesinfo.fr\/saintdieinfo\/2022\/03\/vosges-conseil-departemental-vote-aide-de-50-000-euros-lukraine\/\",\"name\":\"Vosges \u2013 Le Conseil D\u00e9partemental vote une aide de 50 000 euros pour l'Ukraine - Saint Die Info\",\"isPartOf\":{\"@id\":\"https:\/\/vosgesinfo.fr\/saintdieinfo\/#website\"},\"primaryImageOfPage\":{\"@id\":\"https:\/\/vosgesinfo.fr\/saintdieinfo\/2022\/03\/vosges-conseil-departemental-vote-aide-de-50-000-euros-lukraine\/#primaryimage\"},\"image\":{\"@id\":\"https:\/\/vosgesinfo.fr\/saintdieinfo\/2022\/03\/vosges-conseil-departemental-vote-aide-de-50-000-euros-lukraine\/#primaryimage\"},\"thumbnailUrl\":\"https:\/\/vosgesinfo.fr\/app\/uploads\/sites\/4\/2024\/08\/202201conseil-departemental-vosges.2jpg-3.jpg\",\"datePublished\":\"2022-03-22T05:30:54+00:00\",\"dateModified\":\"2022-03-22T05:30:54+00:00\",\"breadcrumb\":{\"@id\":\"https:\/\/vosgesinfo.fr\/saintdieinfo\/2022\/03\/vosges-conseil-departemental-vote-aide-de-50-000-euros-lukraine\/#breadcrumb\"},\"inLanguage\":\"fr-FR\",\"potentialAction\":[{\"@type\":\"ReadAction\",\"target\":[\"https:\/\/vosgesinfo.fr\/saintdieinfo\/2022\/03\/vosges-conseil-departemental-vote-aide-de-50-000-euros-lukraine\/\"]}]},{\"@type\":\"ImageObject\",\"inLanguage\":\"fr-FR\",\"@id\":\"https:\/\/vosgesinfo.fr\/saintdieinfo\/2022\/03\/vosges-conseil-departemental-vote-aide-de-50-000-euros-lukraine\/#primaryimage\",\"url\":\"https:\/\/vosgesinfo.fr\/app\/uploads\/sites\/4\/2024\/08\/202201conseil-departemental-vosges.2jpg-3.jpg\",\"contentUrl\":\"https:\/\/vosgesinfo.fr\/app\/uploads\/sites\/4\/2024\/08\/202201conseil-departemental-vosges.2jpg-3.jpg\",\"width\":800,\"height\":450},{\"@type\":\"BreadcrumbList\",\"@id\":\"https:\/\/vosgesinfo.fr\/saintdieinfo\/2022\/03\/vosges-conseil-departemental-vote-aide-de-50-000-euros-lukraine\/#breadcrumb\",\"itemListElement\":[{\"@type\":\"ListItem\",\"position\":1,\"name\":\"Home\",\"item\":\"https:\/\/vosgesinfo.fr\/saintdieinfo\/\"},{\"@type\":\"ListItem\",\"position\":2,\"name\":\"Vosges \u2013 Le Conseil D\u00e9partemental vote une aide de 50 000 euros pour l&rsquo;Ukraine\"}]},{\"@type\":\"WebSite\",\"@id\":\"https:\/\/vosgesinfo.fr\/saintdieinfo\/#website\",\"url\":\"https:\/\/vosgesinfo.fr\/saintdieinfo\/\",\"name\":\"Saint Die Info\",\"description\":\"Toute l&#039;actualit\u00e9 de Saint-Di\u00e9-Des-Vosges\",\"publisher\":{\"@id\":\"https:\/\/vosgesinfo.fr\/saintdieinfo\/#organization\"},\"alternateName\":\"Toute l'actualit\u00e9 de Saint-Di\u00e9-Des-Vosges\",\"potentialAction\":[{\"@type\":\"SearchAction\",\"target\":{\"@type\":\"EntryPoint\",\"urlTemplate\":\"https:\/\/vosgesinfo.fr\/saintdieinfo\/?s={search_term_string}\"},\"query-input\":\"required name=search_term_string\"}],\"inLanguage\":\"fr-FR\"},{\"@type\":\"Organization\",\"@id\":\"https:\/\/vosgesinfo.fr\/saintdieinfo\/#organization\",\"name\":\"Saint Die Info\",\"url\":\"https:\/\/vosgesinfo.fr\/saintdieinfo\/\",\"logo\":{\"@type\":\"ImageObject\",\"inLanguage\":\"fr-FR\",\"@id\":\"https:\/\/vosgesinfo.fr\/saintdieinfo\/#\/schema\/logo\/image\/\",\"url\":\"https:\/\/vosgesinfo.fr\/app\/uploads\/sites\/4\/2024\/02\/logo-sdi.jpg\",\"contentUrl\":\"https:\/\/vosgesinfo.fr\/app\/uploads\/sites\/4\/2024\/02\/logo-sdi.jpg\",\"width\":600,\"height\":600,\"caption\":\"Saint Die Info\"},\"image\":{\"@id\":\"https:\/\/vosgesinfo.fr\/saintdieinfo\/#\/schema\/logo\/image\/\"},\"sameAs\":[\"https:\/\/www.facebook.com\/Saintdieinfofr\",\"https:\/\/x.com\/VosgesInfo88\",\"https:\/\/www.youtube.com\/@vosgesinfo\"]},{\"@type\":\"Person\",\"@id\":\"https:\/\/vosgesinfo.fr\/saintdieinfo\/#\/schema\/person\/faee6704a21f3977511db84bd1cd450f\",\"name\":\"la r\u00e9daction\",\"image\":{\"@type\":\"ImageObject\",\"inLanguage\":\"fr-FR\",\"@id\":\"https:\/\/vosgesinfo.fr\/saintdieinfo\/#\/schema\/person\/image\/\",\"url\":\"https:\/\/secure.gravatar.com\/avatar\/6673d8bc6a9c17fa9a453eaa3448de834fa308c2ec9635b7aa99441a7c8d2cf6?s=96&d=mm&r=g\",\"contentUrl\":\"https:\/\/secure.gravatar.com\/avatar\/6673d8bc6a9c17fa9a453eaa3448de834fa308c2ec9635b7aa99441a7c8d2cf6?s=96&d=mm&r=g\",\"caption\":\"la r\u00e9daction\"},\"url\":\"https:\/\/vosgesinfo.fr\/saintdieinfo\/author\/redac\/\"}]}<\/script>\n<!-- \/ Yoast SEO plugin. -->","yoast_head_json":{"title":"Vosges \u2013 Le Conseil D\u00e9partemental vote une aide de 50 000 euros pour l'Ukraine - Saint Die Info","robots":{"index":"index","follow":"follow","max-snippet":"max-snippet:-1","max-image-preview":"max-image-preview:large","max-video-preview":"max-video-preview:-1"},"canonical":"https:\/\/vosgesinfo.fr\/saintdieinfo\/2022\/03\/vosges-conseil-departemental-vote-aide-de-50-000-euros-lukraine\/","twitter_card":"summary_large_image","twitter_title":"Vosges \u2013 Le Conseil D\u00e9partemental vote une aide de 50 000 euros pour l'Ukraine - Saint Die Info","twitter_description":"Pour la troisi\u00e8me Commission permanente de l\u2019ann\u00e9e 2022, les \u00e9lus d\u00e9partementaux, r\u00e9unis sous la pr\u00e9sidence Fran\u00e7ois Vannson, ont examin\u00e9 et [&hellip;]","twitter_image":"https:\/\/vosgesinfo.fr\/app\/uploads\/sites\/4\/2024\/08\/202201conseil-departemental-vosges.2jpg-3.jpg","twitter_creator":"@VosgesInfo88","twitter_site":"@VosgesInfo88","twitter_misc":{"\u00c9crit par":"la r\u00e9daction","Dur\u00e9e de lecture estim\u00e9e":"3 minutes"},"schema":{"@context":"https:\/\/schema.org","@graph":[{"@type":"Article","@id":"https:\/\/vosgesinfo.fr\/saintdieinfo\/2022\/03\/vosges-conseil-departemental-vote-aide-de-50-000-euros-lukraine\/#article","isPartOf":{"@id":"https:\/\/vosgesinfo.fr\/saintdieinfo\/2022\/03\/vosges-conseil-departemental-vote-aide-de-50-000-euros-lukraine\/"},"author":{"name":"la r\u00e9daction","@id":"https:\/\/vosgesinfo.fr\/saintdieinfo\/#\/schema\/person\/faee6704a21f3977511db84bd1cd450f"},"headline":"Vosges \u2013 Le Conseil D\u00e9partemental vote une aide de 50 000 euros pour l&rsquo;Ukraine","datePublished":"2022-03-22T05:30:54+00:00","dateModified":"2022-03-22T05:30:54+00:00","mainEntityOfPage":{"@id":"https:\/\/vosgesinfo.fr\/saintdieinfo\/2022\/03\/vosges-conseil-departemental-vote-aide-de-50-000-euros-lukraine\/"},"wordCount":699,"commentCount":0,"publisher":{"@id":"https:\/\/vosgesinfo.fr\/saintdieinfo\/#organization"},"image":{"@id":"https:\/\/vosgesinfo.fr\/saintdieinfo\/2022\/03\/vosges-conseil-departemental-vote-aide-de-50-000-euros-lukraine\/#primaryimage"},"thumbnailUrl":"https:\/\/vosgesinfo.fr\/app\/uploads\/sites\/4\/2024\/08\/202201conseil-departemental-vosges.2jpg-3.jpg","keywords":["Commission permanente du Conseil D\u00e9partemental des Vosges","Conseil d\u00e9partemental des Vosges","Ukraine"],"articleSection":["A la Une","Politique","Solidarit\u00e9","Vosges"],"inLanguage":"fr-FR","potentialAction":[{"@type":"CommentAction","name":"Comment","target":["https:\/\/vosgesinfo.fr\/saintdieinfo\/2022\/03\/vosges-conseil-departemental-vote-aide-de-50-000-euros-lukraine\/#respond"]}]},{"@type":"WebPage","@id":"https:\/\/vosgesinfo.fr\/saintdieinfo\/2022\/03\/vosges-conseil-departemental-vote-aide-de-50-000-euros-lukraine\/","url":"https:\/\/vosgesinfo.fr\/saintdieinfo\/2022\/03\/vosges-conseil-departemental-vote-aide-de-50-000-euros-lukraine\/","name":"Vosges \u2013 Le Conseil D\u00e9partemental vote une aide de 50 000 euros pour l'Ukraine - Saint Die Info","isPartOf":{"@id":"https:\/\/vosgesinfo.fr\/saintdieinfo\/#website"},"primaryImageOfPage":{"@id":"https:\/\/vosgesinfo.fr\/saintdieinfo\/2022\/03\/vosges-conseil-departemental-vote-aide-de-50-000-euros-lukraine\/#primaryimage"},"image":{"@id":"https:\/\/vosgesinfo.fr\/saintdieinfo\/2022\/03\/vosges-conseil-departemental-vote-aide-de-50-000-euros-lukraine\/#primaryimage"},"thumbnailUrl":"https:\/\/vosgesinfo.fr\/app\/uploads\/sites\/4\/2024\/08\/202201conseil-departemental-vosges.2jpg-3.jpg","datePublished":"2022-03-22T05:30:54+00:00","dateModified":"2022-03-22T05:30:54+00:00","breadcrumb":{"@id":"https:\/\/vosgesinfo.fr\/saintdieinfo\/2022\/03\/vosges-conseil-departemental-vote-aide-de-50-000-euros-lukraine\/#breadcrumb"},"inLanguage":"fr-FR","potentialAction":[{"@type":"ReadAction","target":["https:\/\/vosgesinfo.fr\/saintdieinfo\/2022\/03\/vosges-conseil-departemental-vote-aide-de-50-000-euros-lukraine\/"]}]},{"@type":"ImageObject","inLanguage":"fr-FR","@id":"https:\/\/vosgesinfo.fr\/saintdieinfo\/2022\/03\/vosges-conseil-departemental-vote-aide-de-50-000-euros-lukraine\/#primaryimage","url":"https:\/\/vosgesinfo.fr\/app\/uploads\/sites\/4\/2024\/08\/202201conseil-departemental-vosges.2jpg-3.jpg","contentUrl":"https:\/\/vosgesinfo.fr\/app\/uploads\/sites\/4\/2024\/08\/202201conseil-departemental-vosges.2jpg-3.jpg","width":800,"height":450},{"@type":"BreadcrumbList","@id":"https:\/\/vosgesinfo.fr\/saintdieinfo\/2022\/03\/vosges-conseil-departemental-vote-aide-de-50-000-euros-lukraine\/#breadcrumb","itemListElement":[{"@type":"ListItem","position":1,"name":"Home","item":"https:\/\/vosgesinfo.fr\/saintdieinfo\/"},{"@type":"ListItem","position":2,"name":"Vosges \u2013 Le Conseil D\u00e9partemental vote une aide de 50 000 euros pour l&rsquo;Ukraine"}]},{"@type":"WebSite","@id":"https:\/\/vosgesinfo.fr\/saintdieinfo\/#website","url":"https:\/\/vosgesinfo.fr\/saintdieinfo\/","name":"Saint Die Info","description":"Toute l&#039;actualit\u00e9 de Saint-Di\u00e9-Des-Vosges","publisher":{"@id":"https:\/\/vosgesinfo.fr\/saintdieinfo\/#organization"},"alternateName":"Toute l'actualit\u00e9 de Saint-Di\u00e9-Des-Vosges","potentialAction":[{"@type":"SearchAction","target":{"@type":"EntryPoint","urlTemplate":"https:\/\/vosgesinfo.fr\/saintdieinfo\/?s={search_term_string}"},"query-input":"required name=search_term_string"}],"inLanguage":"fr-FR"},{"@type":"Organization","@id":"https:\/\/vosgesinfo.fr\/saintdieinfo\/#organization","name":"Saint Die Info","url":"https:\/\/vosgesinfo.fr\/saintdieinfo\/","logo":{"@type":"ImageObject","inLanguage":"fr-FR","@id":"https:\/\/vosgesinfo.fr\/saintdieinfo\/#\/schema\/logo\/image\/","url":"https:\/\/vosgesinfo.fr\/app\/uploads\/sites\/4\/2024\/02\/logo-sdi.jpg","contentUrl":"https:\/\/vosgesinfo.fr\/app\/uploads\/sites\/4\/2024\/02\/logo-sdi.jpg","width":600,"height":600,"caption":"Saint Die Info"},"image":{"@id":"https:\/\/vosgesinfo.fr\/saintdieinfo\/#\/schema\/logo\/image\/"},"sameAs":["https:\/\/www.facebook.com\/Saintdieinfofr","https:\/\/x.com\/VosgesInfo88","https:\/\/www.youtube.com\/@vosgesinfo"]},{"@type":"Person","@id":"https:\/\/vosgesinfo.fr\/saintdieinfo\/#\/schema\/person\/faee6704a21f3977511db84bd1cd450f","name":"la r\u00e9daction","image":{"@type":"ImageObject","inLanguage":"fr-FR","@id":"https:\/\/vosgesinfo.fr\/saintdieinfo\/#\/schema\/person\/image\/","url":"https:\/\/secure.gravatar.com\/avatar\/6673d8bc6a9c17fa9a453eaa3448de834fa308c2ec9635b7aa99441a7c8d2cf6?s=96&d=mm&r=g","contentUrl":"https:\/\/secure.gravatar.com\/avatar\/6673d8bc6a9c17fa9a453eaa3448de834fa308c2ec9635b7aa99441a7c8d2cf6?s=96&d=mm&r=g","caption":"la r\u00e9daction"},"url":"https:\/\/vosgesinfo.fr\/saintdieinfo\/author\/redac\/"}]}},"_links":{"self":[{"href":"https:\/\/vosgesinfo.fr\/saintdieinfo\/wp-json\/wp\/v2\/posts\/48159","targetHints":{"allow":["GET"]}}],"collection":[{"href":"https:\/\/vosgesinfo.fr\/saintdieinfo\/wp-json\/wp\/v2\/posts"}],"about":[{"href":"https:\/\/vosgesinfo.fr\/saintdieinfo\/wp-json\/wp\/v2\/types\/post"}],"author":[{"embeddable":true,"href":"https:\/\/vosgesinfo.fr\/saintdieinfo\/wp-json\/wp\/v2\/users\/44"}],"replies":[{"embeddable":true,"href":"https:\/\/vosgesinfo.fr\/saintdieinfo\/wp-json\/wp\/v2\/comments?post=48159"}],"version-history":[{"count":0,"href":"https:\/\/vosgesinfo.fr\/saintdieinfo\/wp-json\/wp\/v2\/posts\/48159\/revisions"}],"wp:featuredmedia":[{"embeddable":true,"href":"https:\/\/vosgesinfo.fr\/saintdieinfo\/wp-json\/wp\/v2\/media\/48160"}],"wp:attachment":[{"href":"https:\/\/vosgesinfo.fr\/saintdieinfo\/wp-json\/wp\/v2\/media?parent=48159"}],"wp:term":[{"taxonomy":"category","embeddable":true,"href":"https:\/\/vosgesinfo.fr\/saintdieinfo\/wp-json\/wp\/v2\/categories?post=48159"},{"taxonomy":"post_tag","embeddable":true,"href":"https:\/\/vosgesinfo.fr\/saintdieinfo\/wp-json\/wp\/v2\/tags?post=48159"}],"curies":[{"name":"wp","href":"https:\/\/api.w.org\/{rel}","templated":true}]}}