{"id":48163,"date":"2022-03-22T09:04:31","date_gmt":"2022-03-22T08:04:31","guid":{"rendered":"https:\/\/vosgesinfo.fr\/saintdieinfo\/2022\/03\/lorraine-51-eleves-ukrainiens-scolarises-etablissements-de-lacademie-nancy-metz\/"},"modified":"2022-03-22T09:04:31","modified_gmt":"2022-03-22T08:04:31","slug":"lorraine-51-eleves-ukrainiens-scolarises-etablissements-de-lacademie-nancy-metz","status":"publish","type":"post","link":"https:\/\/vosgesinfo.fr\/saintdieinfo\/2022\/03\/lorraine-51-eleves-ukrainiens-scolarises-etablissements-de-lacademie-nancy-metz\/","title":{"rendered":"Lorraine \u2013 51 \u00e9l\u00e8ves ukrainiens scolaris\u00e9s dans les \u00e9tablissements de l&rsquo;Acad\u00e9mie Nancy-Metz"},"content":{"rendered":"<div id=\"attachment_177463\" style=\"width: 810px\" class=\"wp-caption aligncenter\"><a href=\"\/2022\/01\/ecole-salle-de-classe.jpg\" target=\"_blank\" rel=\"noopener\"><img decoding=\"async\" aria-describedby=\"caption-attachment-177463\" class=\"wp-image-177463 size-full\" src=\"\/2022\/01\/ecole-salle-de-classe.jpg\" alt=\"ecole-salle-de-classe\" width=\"800\" height=\"572\" \/><\/a><p id=\"caption-attachment-177463\" class=\"wp-caption-text\">(Illustration)<\/p><\/div>\n<h2><strong><span style=\"font-size: 14pt;\">Depuis le d\u00e9but de l&rsquo;invasion de l&rsquo;Ukraine par la Russie, le 24 f\u00e9vrier dernier, les \u00e9tablissements scolaires de l&rsquo;Acad\u00e9mie Nancy-Metz ont accueilli 51 \u00e9l\u00e8ves ukrainiens.<\/span><\/strong><\/h2>\n<p><!--more--><\/p>\n<p>Comme l&rsquo;a soulign\u00e9 le recteur Jean-Marc Huart chez nos confr\u00e8res de France Bleu Lorraine ce lundi, <em>\u00ab le niveau de fran\u00e7ais des \u00e9l\u00e8ves ukrainiens est tr\u00e8s faible. Les coll\u00e9giens sont scolaris\u00e9s, dans un premier temps, dans des unit\u00e9s p\u00e9dagogiques pour les \u00e9l\u00e8ves allophones. On essaye ensuite de les inclure en milieu scolaire.\u00a0<\/em>\u00bb En parall\u00e8le, un suivi psychologique est propos\u00e9 aux jeunes r\u00e9fugi\u00e9s. Toujours d&rsquo;apr\u00e8s Jean-Marc Huart, le nombre d&rsquo;\u00e9l\u00e8ves ukrainiens scolaris\u00e9s en Lorraine pourrait \u00eatre de 80 d&rsquo;ici la fin de la semaine.<\/p>\n<p>J.J.<\/p>\n","protected":false},"excerpt":{"rendered":"<p>Depuis le d\u00e9but de l&rsquo;invasion de l&rsquo;Ukraine par la Russie, le 24 f\u00e9vrier dernier, les \u00e9tablissements scolaires de l&rsquo;Acad\u00e9mie Nancy-Metz [&hellip;]<\/p>\n","protected":false},"author":44,"featured_media":25359,"comment_status":"open","ping_status":"open","sticky":false,"template":"","format":"standard","meta":{"footnotes":""},"categories":[460,6,4182,29],"tags":[151,10540,9441,10405,7338,10717],"class_list":["post-48163","post","type-post","status-publish","format-standard","has-post-thumbnail","hentry","category-a-la-une","category-education","category-lorraine","category-solidarite","tag-academie-nancy-metz","tag-accueil-de-refugies-ukrainiens","tag-france-bleu-lorraine","tag-guerre-en-ukraine","tag-jean-marc-huart","tag-ukrainiens-scolaries-dans-les-etablissements-scolaires-de-lacademie-nancy-metz"],"acf":[],"yoast_head":"<!-- This site is optimized with the Yoast SEO plugin v22.5 - https:\/\/yoast.com\/wordpress\/plugins\/seo\/ -->\n<title>Lorraine \u2013 51 \u00e9l\u00e8ves ukrainiens scolaris\u00e9s dans les \u00e9tablissements de l&#039;Acad\u00e9mie Nancy-Metz - Saint Die Info<\/title>\n<meta name=\"robots\" content=\"index, follow, max-snippet:-1, max-image-preview:large, max-video-preview:-1\" \/>\n<link rel=\"canonical\" href=\"https:\/\/vosgesinfo.fr\/saintdieinfo\/2022\/03\/lorraine-51-eleves-ukrainiens-scolarises-etablissements-de-lacademie-nancy-metz\/\" \/>\n<meta name=\"twitter:card\" content=\"summary_large_image\" \/>\n<meta name=\"twitter:title\" content=\"Lorraine \u2013 51 \u00e9l\u00e8ves ukrainiens scolaris\u00e9s dans les \u00e9tablissements de l&#039;Acad\u00e9mie Nancy-Metz - Saint Die Info\" \/>\n<meta name=\"twitter:description\" content=\"Depuis le d\u00e9but de l&rsquo;invasion de l&rsquo;Ukraine par la Russie, le 24 f\u00e9vrier dernier, les \u00e9tablissements scolaires de l&rsquo;Acad\u00e9mie Nancy-Metz [&hellip;]\" \/>\n<meta name=\"twitter:image\" content=\"https:\/\/vosgesinfo.fr\/app\/uploads\/sites\/4\/2023\/01\/ecole-salle-de-classe.jpg\" \/>\n<meta name=\"twitter:creator\" content=\"@VosgesInfo88\" \/>\n<meta name=\"twitter:site\" content=\"@VosgesInfo88\" \/>\n<meta name=\"twitter:label1\" content=\"\u00c9crit par\" \/>\n\t<meta name=\"twitter:data1\" content=\"la r\u00e9daction\" \/>\n\t<meta name=\"twitter:label2\" content=\"Dur\u00e9e de lecture estim\u00e9e\" \/>\n\t<meta name=\"twitter:data2\" content=\"1 minute\" \/>\n<script type=\"application\/ld+json\" class=\"yoast-schema-graph\">{\"@context\":\"https:\/\/schema.org\",\"@graph\":[{\"@type\":\"Article\",\"@id\":\"https:\/\/vosgesinfo.fr\/saintdieinfo\/2022\/03\/lorraine-51-eleves-ukrainiens-scolarises-etablissements-de-lacademie-nancy-metz\/#article\",\"isPartOf\":{\"@id\":\"https:\/\/vosgesinfo.fr\/saintdieinfo\/2022\/03\/lorraine-51-eleves-ukrainiens-scolarises-etablissements-de-lacademie-nancy-metz\/\"},\"author\":{\"name\":\"la r\u00e9daction\",\"@id\":\"https:\/\/vosgesinfo.fr\/saintdieinfo\/#\/schema\/person\/faee6704a21f3977511db84bd1cd450f\"},\"headline\":\"Lorraine \u2013 51 \u00e9l\u00e8ves ukrainiens scolaris\u00e9s dans les \u00e9tablissements de l&rsquo;Acad\u00e9mie Nancy-Metz\",\"datePublished\":\"2022-03-22T08:04:31+00:00\",\"dateModified\":\"2022-03-22T08:04:31+00:00\",\"mainEntityOfPage\":{\"@id\":\"https:\/\/vosgesinfo.fr\/saintdieinfo\/2022\/03\/lorraine-51-eleves-ukrainiens-scolarises-etablissements-de-lacademie-nancy-metz\/\"},\"wordCount\":154,\"commentCount\":0,\"publisher\":{\"@id\":\"https:\/\/vosgesinfo.fr\/saintdieinfo\/#organization\"},\"image\":{\"@id\":\"https:\/\/vosgesinfo.fr\/saintdieinfo\/2022\/03\/lorraine-51-eleves-ukrainiens-scolarises-etablissements-de-lacademie-nancy-metz\/#primaryimage\"},\"thumbnailUrl\":\"https:\/\/vosgesinfo.fr\/app\/uploads\/sites\/4\/2023\/01\/ecole-salle-de-classe.jpg\",\"keywords\":[\"Acad\u00e9mie Nancy-Metz\",\"Accueil de r\u00e9fugi\u00e9s ukrainiens\",\"France Bleu Lorraine\",\"Guerre en Ukraine\",\"Jean-Marc Huart\",\"Ukrainiens scolari\u00e9s dans les \u00e9tablissements scolaires de l'Acad\u00e9mie Nancy Metz\"],\"articleSection\":[\"A la Une\",\"\u00c9ducation\",\"Lorraine\",\"Solidarit\u00e9\"],\"inLanguage\":\"fr-FR\",\"potentialAction\":[{\"@type\":\"CommentAction\",\"name\":\"Comment\",\"target\":[\"https:\/\/vosgesinfo.fr\/saintdieinfo\/2022\/03\/lorraine-51-eleves-ukrainiens-scolarises-etablissements-de-lacademie-nancy-metz\/#respond\"]}]},{\"@type\":\"WebPage\",\"@id\":\"https:\/\/vosgesinfo.fr\/saintdieinfo\/2022\/03\/lorraine-51-eleves-ukrainiens-scolarises-etablissements-de-lacademie-nancy-metz\/\",\"url\":\"https:\/\/vosgesinfo.fr\/saintdieinfo\/2022\/03\/lorraine-51-eleves-ukrainiens-scolarises-etablissements-de-lacademie-nancy-metz\/\",\"name\":\"Lorraine \u2013 51 \u00e9l\u00e8ves ukrainiens scolaris\u00e9s dans les \u00e9tablissements de l'Acad\u00e9mie Nancy-Metz - Saint Die Info\",\"isPartOf\":{\"@id\":\"https:\/\/vosgesinfo.fr\/saintdieinfo\/#website\"},\"primaryImageOfPage\":{\"@id\":\"https:\/\/vosgesinfo.fr\/saintdieinfo\/2022\/03\/lorraine-51-eleves-ukrainiens-scolarises-etablissements-de-lacademie-nancy-metz\/#primaryimage\"},\"image\":{\"@id\":\"https:\/\/vosgesinfo.fr\/saintdieinfo\/2022\/03\/lorraine-51-eleves-ukrainiens-scolarises-etablissements-de-lacademie-nancy-metz\/#primaryimage\"},\"thumbnailUrl\":\"https:\/\/vosgesinfo.fr\/app\/uploads\/sites\/4\/2023\/01\/ecole-salle-de-classe.jpg\",\"datePublished\":\"2022-03-22T08:04:31+00:00\",\"dateModified\":\"2022-03-22T08:04:31+00:00\",\"breadcrumb\":{\"@id\":\"https:\/\/vosgesinfo.fr\/saintdieinfo\/2022\/03\/lorraine-51-eleves-ukrainiens-scolarises-etablissements-de-lacademie-nancy-metz\/#breadcrumb\"},\"inLanguage\":\"fr-FR\",\"potentialAction\":[{\"@type\":\"ReadAction\",\"target\":[\"https:\/\/vosgesinfo.fr\/saintdieinfo\/2022\/03\/lorraine-51-eleves-ukrainiens-scolarises-etablissements-de-lacademie-nancy-metz\/\"]}]},{\"@type\":\"ImageObject\",\"inLanguage\":\"fr-FR\",\"@id\":\"https:\/\/vosgesinfo.fr\/saintdieinfo\/2022\/03\/lorraine-51-eleves-ukrainiens-scolarises-etablissements-de-lacademie-nancy-metz\/#primaryimage\",\"url\":\"https:\/\/vosgesinfo.fr\/app\/uploads\/sites\/4\/2023\/01\/ecole-salle-de-classe.jpg\",\"contentUrl\":\"https:\/\/vosgesinfo.fr\/app\/uploads\/sites\/4\/2023\/01\/ecole-salle-de-classe.jpg\",\"width\":800,\"height\":572},{\"@type\":\"BreadcrumbList\",\"@id\":\"https:\/\/vosgesinfo.fr\/saintdieinfo\/2022\/03\/lorraine-51-eleves-ukrainiens-scolarises-etablissements-de-lacademie-nancy-metz\/#breadcrumb\",\"itemListElement\":[{\"@type\":\"ListItem\",\"position\":1,\"name\":\"Home\",\"item\":\"https:\/\/vosgesinfo.fr\/saintdieinfo\/\"},{\"@type\":\"ListItem\",\"position\":2,\"name\":\"Lorraine \u2013 51 \u00e9l\u00e8ves ukrainiens scolaris\u00e9s dans les \u00e9tablissements de l&rsquo;Acad\u00e9mie Nancy-Metz\"}]},{\"@type\":\"WebSite\",\"@id\":\"https:\/\/vosgesinfo.fr\/saintdieinfo\/#website\",\"url\":\"https:\/\/vosgesinfo.fr\/saintdieinfo\/\",\"name\":\"Saint Die Info\",\"description\":\"Toute l&#039;actualit\u00e9 de Saint-Di\u00e9-Des-Vosges\",\"publisher\":{\"@id\":\"https:\/\/vosgesinfo.fr\/saintdieinfo\/#organization\"},\"alternateName\":\"Toute l'actualit\u00e9 de Saint-Di\u00e9-Des-Vosges\",\"potentialAction\":[{\"@type\":\"SearchAction\",\"target\":{\"@type\":\"EntryPoint\",\"urlTemplate\":\"https:\/\/vosgesinfo.fr\/saintdieinfo\/?s={search_term_string}\"},\"query-input\":\"required name=search_term_string\"}],\"inLanguage\":\"fr-FR\"},{\"@type\":\"Organization\",\"@id\":\"https:\/\/vosgesinfo.fr\/saintdieinfo\/#organization\",\"name\":\"Saint Die Info\",\"url\":\"https:\/\/vosgesinfo.fr\/saintdieinfo\/\",\"logo\":{\"@type\":\"ImageObject\",\"inLanguage\":\"fr-FR\",\"@id\":\"https:\/\/vosgesinfo.fr\/saintdieinfo\/#\/schema\/logo\/image\/\",\"url\":\"https:\/\/vosgesinfo.fr\/app\/uploads\/sites\/4\/2024\/02\/logo-sdi.jpg\",\"contentUrl\":\"https:\/\/vosgesinfo.fr\/app\/uploads\/sites\/4\/2024\/02\/logo-sdi.jpg\",\"width\":600,\"height\":600,\"caption\":\"Saint Die Info\"},\"image\":{\"@id\":\"https:\/\/vosgesinfo.fr\/saintdieinfo\/#\/schema\/logo\/image\/\"},\"sameAs\":[\"https:\/\/www.facebook.com\/Saintdieinfofr\",\"https:\/\/x.com\/VosgesInfo88\",\"https:\/\/www.youtube.com\/@vosgesinfo\"]},{\"@type\":\"Person\",\"@id\":\"https:\/\/vosgesinfo.fr\/saintdieinfo\/#\/schema\/person\/faee6704a21f3977511db84bd1cd450f\",\"name\":\"la r\u00e9daction\",\"image\":{\"@type\":\"ImageObject\",\"inLanguage\":\"fr-FR\",\"@id\":\"https:\/\/vosgesinfo.fr\/saintdieinfo\/#\/schema\/person\/image\/\",\"url\":\"https:\/\/secure.gravatar.com\/avatar\/6673d8bc6a9c17fa9a453eaa3448de834fa308c2ec9635b7aa99441a7c8d2cf6?s=96&d=mm&r=g\",\"contentUrl\":\"https:\/\/secure.gravatar.com\/avatar\/6673d8bc6a9c17fa9a453eaa3448de834fa308c2ec9635b7aa99441a7c8d2cf6?s=96&d=mm&r=g\",\"caption\":\"la r\u00e9daction\"},\"url\":\"https:\/\/vosgesinfo.fr\/saintdieinfo\/author\/redac\/\"}]}<\/script>\n<!-- \/ Yoast SEO plugin. -->","yoast_head_json":{"title":"Lorraine \u2013 51 \u00e9l\u00e8ves ukrainiens scolaris\u00e9s dans les \u00e9tablissements de l'Acad\u00e9mie Nancy-Metz - Saint Die Info","robots":{"index":"index","follow":"follow","max-snippet":"max-snippet:-1","max-image-preview":"max-image-preview:large","max-video-preview":"max-video-preview:-1"},"canonical":"https:\/\/vosgesinfo.fr\/saintdieinfo\/2022\/03\/lorraine-51-eleves-ukrainiens-scolarises-etablissements-de-lacademie-nancy-metz\/","twitter_card":"summary_large_image","twitter_title":"Lorraine \u2013 51 \u00e9l\u00e8ves ukrainiens scolaris\u00e9s dans les \u00e9tablissements de l'Acad\u00e9mie Nancy-Metz - Saint Die Info","twitter_description":"Depuis le d\u00e9but de l&rsquo;invasion de l&rsquo;Ukraine par la Russie, le 24 f\u00e9vrier dernier, les \u00e9tablissements scolaires de l&rsquo;Acad\u00e9mie Nancy-Metz [&hellip;]","twitter_image":"https:\/\/vosgesinfo.fr\/app\/uploads\/sites\/4\/2023\/01\/ecole-salle-de-classe.jpg","twitter_creator":"@VosgesInfo88","twitter_site":"@VosgesInfo88","twitter_misc":{"\u00c9crit par":"la r\u00e9daction","Dur\u00e9e de lecture estim\u00e9e":"1 minute"},"schema":{"@context":"https:\/\/schema.org","@graph":[{"@type":"Article","@id":"https:\/\/vosgesinfo.fr\/saintdieinfo\/2022\/03\/lorraine-51-eleves-ukrainiens-scolarises-etablissements-de-lacademie-nancy-metz\/#article","isPartOf":{"@id":"https:\/\/vosgesinfo.fr\/saintdieinfo\/2022\/03\/lorraine-51-eleves-ukrainiens-scolarises-etablissements-de-lacademie-nancy-metz\/"},"author":{"name":"la r\u00e9daction","@id":"https:\/\/vosgesinfo.fr\/saintdieinfo\/#\/schema\/person\/faee6704a21f3977511db84bd1cd450f"},"headline":"Lorraine \u2013 51 \u00e9l\u00e8ves ukrainiens scolaris\u00e9s dans les \u00e9tablissements de l&rsquo;Acad\u00e9mie Nancy-Metz","datePublished":"2022-03-22T08:04:31+00:00","dateModified":"2022-03-22T08:04:31+00:00","mainEntityOfPage":{"@id":"https:\/\/vosgesinfo.fr\/saintdieinfo\/2022\/03\/lorraine-51-eleves-ukrainiens-scolarises-etablissements-de-lacademie-nancy-metz\/"},"wordCount":154,"commentCount":0,"publisher":{"@id":"https:\/\/vosgesinfo.fr\/saintdieinfo\/#organization"},"image":{"@id":"https:\/\/vosgesinfo.fr\/saintdieinfo\/2022\/03\/lorraine-51-eleves-ukrainiens-scolarises-etablissements-de-lacademie-nancy-metz\/#primaryimage"},"thumbnailUrl":"https:\/\/vosgesinfo.fr\/app\/uploads\/sites\/4\/2023\/01\/ecole-salle-de-classe.jpg","keywords":["Acad\u00e9mie Nancy-Metz","Accueil de r\u00e9fugi\u00e9s ukrainiens","France Bleu Lorraine","Guerre en Ukraine","Jean-Marc Huart","Ukrainiens scolari\u00e9s dans les \u00e9tablissements scolaires de l'Acad\u00e9mie Nancy Metz"],"articleSection":["A la Une","\u00c9ducation","Lorraine","Solidarit\u00e9"],"inLanguage":"fr-FR","potentialAction":[{"@type":"CommentAction","name":"Comment","target":["https:\/\/vosgesinfo.fr\/saintdieinfo\/2022\/03\/lorraine-51-eleves-ukrainiens-scolarises-etablissements-de-lacademie-nancy-metz\/#respond"]}]},{"@type":"WebPage","@id":"https:\/\/vosgesinfo.fr\/saintdieinfo\/2022\/03\/lorraine-51-eleves-ukrainiens-scolarises-etablissements-de-lacademie-nancy-metz\/","url":"https:\/\/vosgesinfo.fr\/saintdieinfo\/2022\/03\/lorraine-51-eleves-ukrainiens-scolarises-etablissements-de-lacademie-nancy-metz\/","name":"Lorraine \u2013 51 \u00e9l\u00e8ves ukrainiens scolaris\u00e9s dans les \u00e9tablissements de l'Acad\u00e9mie Nancy-Metz - Saint Die Info","isPartOf":{"@id":"https:\/\/vosgesinfo.fr\/saintdieinfo\/#website"},"primaryImageOfPage":{"@id":"https:\/\/vosgesinfo.fr\/saintdieinfo\/2022\/03\/lorraine-51-eleves-ukrainiens-scolarises-etablissements-de-lacademie-nancy-metz\/#primaryimage"},"image":{"@id":"https:\/\/vosgesinfo.fr\/saintdieinfo\/2022\/03\/lorraine-51-eleves-ukrainiens-scolarises-etablissements-de-lacademie-nancy-metz\/#primaryimage"},"thumbnailUrl":"https:\/\/vosgesinfo.fr\/app\/uploads\/sites\/4\/2023\/01\/ecole-salle-de-classe.jpg","datePublished":"2022-03-22T08:04:31+00:00","dateModified":"2022-03-22T08:04:31+00:00","breadcrumb":{"@id":"https:\/\/vosgesinfo.fr\/saintdieinfo\/2022\/03\/lorraine-51-eleves-ukrainiens-scolarises-etablissements-de-lacademie-nancy-metz\/#breadcrumb"},"inLanguage":"fr-FR","potentialAction":[{"@type":"ReadAction","target":["https:\/\/vosgesinfo.fr\/saintdieinfo\/2022\/03\/lorraine-51-eleves-ukrainiens-scolarises-etablissements-de-lacademie-nancy-metz\/"]}]},{"@type":"ImageObject","inLanguage":"fr-FR","@id":"https:\/\/vosgesinfo.fr\/saintdieinfo\/2022\/03\/lorraine-51-eleves-ukrainiens-scolarises-etablissements-de-lacademie-nancy-metz\/#primaryimage","url":"https:\/\/vosgesinfo.fr\/app\/uploads\/sites\/4\/2023\/01\/ecole-salle-de-classe.jpg","contentUrl":"https:\/\/vosgesinfo.fr\/app\/uploads\/sites\/4\/2023\/01\/ecole-salle-de-classe.jpg","width":800,"height":572},{"@type":"BreadcrumbList","@id":"https:\/\/vosgesinfo.fr\/saintdieinfo\/2022\/03\/lorraine-51-eleves-ukrainiens-scolarises-etablissements-de-lacademie-nancy-metz\/#breadcrumb","itemListElement":[{"@type":"ListItem","position":1,"name":"Home","item":"https:\/\/vosgesinfo.fr\/saintdieinfo\/"},{"@type":"ListItem","position":2,"name":"Lorraine \u2013 51 \u00e9l\u00e8ves ukrainiens scolaris\u00e9s dans les \u00e9tablissements de l&rsquo;Acad\u00e9mie Nancy-Metz"}]},{"@type":"WebSite","@id":"https:\/\/vosgesinfo.fr\/saintdieinfo\/#website","url":"https:\/\/vosgesinfo.fr\/saintdieinfo\/","name":"Saint Die Info","description":"Toute l&#039;actualit\u00e9 de Saint-Di\u00e9-Des-Vosges","publisher":{"@id":"https:\/\/vosgesinfo.fr\/saintdieinfo\/#organization"},"alternateName":"Toute l'actualit\u00e9 de Saint-Di\u00e9-Des-Vosges","potentialAction":[{"@type":"SearchAction","target":{"@type":"EntryPoint","urlTemplate":"https:\/\/vosgesinfo.fr\/saintdieinfo\/?s={search_term_string}"},"query-input":"required name=search_term_string"}],"inLanguage":"fr-FR"},{"@type":"Organization","@id":"https:\/\/vosgesinfo.fr\/saintdieinfo\/#organization","name":"Saint Die Info","url":"https:\/\/vosgesinfo.fr\/saintdieinfo\/","logo":{"@type":"ImageObject","inLanguage":"fr-FR","@id":"https:\/\/vosgesinfo.fr\/saintdieinfo\/#\/schema\/logo\/image\/","url":"https:\/\/vosgesinfo.fr\/app\/uploads\/sites\/4\/2024\/02\/logo-sdi.jpg","contentUrl":"https:\/\/vosgesinfo.fr\/app\/uploads\/sites\/4\/2024\/02\/logo-sdi.jpg","width":600,"height":600,"caption":"Saint Die Info"},"image":{"@id":"https:\/\/vosgesinfo.fr\/saintdieinfo\/#\/schema\/logo\/image\/"},"sameAs":["https:\/\/www.facebook.com\/Saintdieinfofr","https:\/\/x.com\/VosgesInfo88","https:\/\/www.youtube.com\/@vosgesinfo"]},{"@type":"Person","@id":"https:\/\/vosgesinfo.fr\/saintdieinfo\/#\/schema\/person\/faee6704a21f3977511db84bd1cd450f","name":"la r\u00e9daction","image":{"@type":"ImageObject","inLanguage":"fr-FR","@id":"https:\/\/vosgesinfo.fr\/saintdieinfo\/#\/schema\/person\/image\/","url":"https:\/\/secure.gravatar.com\/avatar\/6673d8bc6a9c17fa9a453eaa3448de834fa308c2ec9635b7aa99441a7c8d2cf6?s=96&d=mm&r=g","contentUrl":"https:\/\/secure.gravatar.com\/avatar\/6673d8bc6a9c17fa9a453eaa3448de834fa308c2ec9635b7aa99441a7c8d2cf6?s=96&d=mm&r=g","caption":"la r\u00e9daction"},"url":"https:\/\/vosgesinfo.fr\/saintdieinfo\/author\/redac\/"}]}},"_links":{"self":[{"href":"https:\/\/vosgesinfo.fr\/saintdieinfo\/wp-json\/wp\/v2\/posts\/48163","targetHints":{"allow":["GET"]}}],"collection":[{"href":"https:\/\/vosgesinfo.fr\/saintdieinfo\/wp-json\/wp\/v2\/posts"}],"about":[{"href":"https:\/\/vosgesinfo.fr\/saintdieinfo\/wp-json\/wp\/v2\/types\/post"}],"author":[{"embeddable":true,"href":"https:\/\/vosgesinfo.fr\/saintdieinfo\/wp-json\/wp\/v2\/users\/44"}],"replies":[{"embeddable":true,"href":"https:\/\/vosgesinfo.fr\/saintdieinfo\/wp-json\/wp\/v2\/comments?post=48163"}],"version-history":[{"count":0,"href":"https:\/\/vosgesinfo.fr\/saintdieinfo\/wp-json\/wp\/v2\/posts\/48163\/revisions"}],"wp:featuredmedia":[{"embeddable":true,"href":"https:\/\/vosgesinfo.fr\/saintdieinfo\/wp-json\/wp\/v2\/media\/25359"}],"wp:attachment":[{"href":"https:\/\/vosgesinfo.fr\/saintdieinfo\/wp-json\/wp\/v2\/media?parent=48163"}],"wp:term":[{"taxonomy":"category","embeddable":true,"href":"https:\/\/vosgesinfo.fr\/saintdieinfo\/wp-json\/wp\/v2\/categories?post=48163"},{"taxonomy":"post_tag","embeddable":true,"href":"https:\/\/vosgesinfo.fr\/saintdieinfo\/wp-json\/wp\/v2\/tags?post=48163"}],"curies":[{"name":"wp","href":"https:\/\/api.w.org\/{rel}","templated":true}]}}