{"id":48164,"date":"2022-03-22T06:35:45","date_gmt":"2022-03-22T05:35:45","guid":{"rendered":"https:\/\/vosgesinfo.fr\/saintdieinfo\/2022\/03\/vittel-perenniser-365-emplois\/"},"modified":"2022-03-22T06:35:45","modified_gmt":"2022-03-22T05:35:45","slug":"vittel-perenniser-365-emplois","status":"publish","type":"post","link":"https:\/\/vosgesinfo.fr\/saintdieinfo\/2022\/03\/vittel-perenniser-365-emplois\/","title":{"rendered":"Vittel \u2013 Comment p\u00e9renniser 365 emplois ?"},"content":{"rendered":"<div id=\"attachment_180566\" style=\"width: 709px\" class=\"wp-caption aligncenter\"><a href=\"\/2022\/03\/vittel-spa-9.jpg\" target=\"_blank\" rel=\"noopener\"><img decoding=\"async\" aria-describedby=\"caption-attachment-180566\" class=\"wp-image-180566 size-full\" src=\"\/2022\/03\/vittel-spa-9.jpg\" alt=\"vittel-spa-9\" width=\"699\" height=\"472\" \/><\/a><p id=\"caption-attachment-180566\" class=\"wp-caption-text\">(Illustration)<\/p><\/div>\n<h2><strong><span style=\"font-size: 14pt;\">Alors que le Club Med, \u00e0 Vittel, a d\u00e9cid\u00e9 de recentrer son activit\u00e9 autour d\u2019un b\u00e2timent se pose la question du devenir du th\u00e9\u00e2tre, de l\u2019ex-Casino et du Vittel Palace. Trois b\u00e2timents que la Nouvelle Soci\u00e9t\u00e9 Vittel SAS, d\u00e9pendant du groupe Rolaco, propri\u00e9taire des actifs immobiliers souhaite vendre. Le D\u00e9partement des Vosges, la R\u00e9gion Grand Est, la Ville de Vittel et la Banque des Territoires ont donc d\u00e9cid\u00e9 de mener une op\u00e9ration de grande ampleur.<\/span><\/strong><\/h2>\n<p><!--more--><\/p>\n<p>Cette op\u00e9ration comprendra deux projets. Un premier projet port\u00e9 par un pool d\u2019investisseurs priv\u00e9s et un second projet permettra des acquisitions immobili\u00e8res port\u00e9es par les trois collectivit\u00e9s.<\/p>\n<p>Ainsi, la R\u00e9gion Grand Est, le D\u00e9partement des Vosges et la ville de Vittel vont acqu\u00e9rir un ensemble immobilier compos\u00e9 du petit th\u00e9\u00e2tre, de l\u2019ex Casino et du Vittel Palace pour un montant de 5,4 millions d\u2019euros conform\u00e9ment \u00e0 l\u2019avis du 7 f\u00e9vrier \u00e9mis par la DNID (Direction Nationale d\u2019Interventions Domaniales). Ainsi, le D\u00e9partement apportera 2 millions d\u2019euros tout comme la ville de Vittel ; la R\u00e9gion participera \u00e0 ce rachat \u00e0 hauteur de 1,4 million d\u2019euros car cette derni\u00e8re intervient tr\u00e8s fortement sur le pool d\u2019investisseurs (comp\u00e9tence r\u00e9gionale).<\/p>\n<h3>Que faire de ces b\u00e2timents ?<\/h3>\n<p>Plusieurs pistes sont actuellement \u00e0 l\u2019\u00e9tude, elles concerneront le tourisme et la culture.<\/p>\n<p>La station thermale de Vittel est reconnue au niveau national et europ\u00e9en. Le Vittel Palace a une carte \u00e0 jouer en se positionnant comme un h\u00f4tel 3 \u00e9toiles abordable au c\u0153ur du parc thermal. Tous les biens immobiliers sont situ\u00e9s dans un environnement privil\u00e9gi\u00e9 au c\u0153ur d\u2019un parc de 650 ha, \u00e0 proximit\u00e9 de trois sources thermales. La diversit\u00e9 et la qualit\u00e9 des \u00e9quipements sportifs font d\u00e9j\u00e0 de Vittel un centre de pr\u00e9paration pour sportifs de haut niveau, labellis\u00e9 centre de pr\u00e9paration aux Jeux olympiques 2024.<\/p>\n<p>L\u2019ancien casino offre, lui, des potentialit\u00e9s tr\u00e8s int\u00e9ressantes de d\u00e9veloppement du tourisme d\u2019affaires en cr\u00e9ant des synergies avec le palais des congr\u00e8s permettant ainsi d\u2019accueillir des \u00e9v\u00e8nements d\u2019envergure internationale.<\/p>\n<p>La partie th\u00e9\u00e2tre pourra, elle, accueillir des manifestations culturelles qui renforceront l\u2019attrait du site dans son int\u00e9gralit\u00e9 en offrant une jauge mieux adapt\u00e9e \u00e0 certains spectacles, notamment les pi\u00e8ces de th\u00e9\u00e2tre.<\/p>\n<h3>Pourquoi ce soutien ?<\/h3>\n<p>L\u2019objectif est de p\u00e9renniser pr\u00e8s de 365 emplois directs \u00e0 Vittel. Plus de 1000 emplois indirects et induits seraient \u00e9galement prot\u00e9g\u00e9s par cette op\u00e9ration. Outre la pr\u00e9servation des emplois, il s\u2019agit d\u2019insuffler une dynamique<\/p>\n<p>positive sur la destination touristique afin d\u2019\u00e9viter la constitution d\u2019une friche touristique et h\u00f4teli\u00e8re, de pr\u00e9server le patrimoine exceptionnel que repr\u00e9sente le centre thermal de Vittel.<\/p>\n<p>La \u00ab R\u00e9gion Grand Est \u00bb est particuli\u00e8rement impliqu\u00e9e dans ce projet puisqu\u2019elle interviendra aussi dans la r\u00e9novation du palmarium en spa thermal et espace bien \u00eatre, dans la r\u00e9novation de l\u2019h\u00f4tel Ermitage ou encore dans la r\u00e9novation du Grand h\u00f4tel. Au total, la R\u00e9gion investira 9 625 000 euros.<\/p>\n","protected":false},"excerpt":{"rendered":"<p>Alors que le Club Med, \u00e0 Vittel, a d\u00e9cid\u00e9 de recentrer son activit\u00e9 autour d\u2019un b\u00e2timent se pose la question [&hellip;]<\/p>\n","protected":false},"author":44,"featured_media":48165,"comment_status":"open","ping_status":"open","sticky":false,"template":"","format":"standard","meta":{"footnotes":""},"categories":[460,5,18],"tags":[10718,116],"class_list":["post-48164","post","type-post","status-publish","format-standard","has-post-thumbnail","hentry","category-a-la-une","category-economie","category-vosges","tag-club-med","tag-vittel"],"acf":[],"yoast_head":"<!-- This site is optimized with the Yoast SEO plugin v22.5 - https:\/\/yoast.com\/wordpress\/plugins\/seo\/ -->\n<title>Vittel \u2013 Comment p\u00e9renniser 365 emplois ? - Saint Die Info<\/title>\n<meta name=\"robots\" content=\"index, follow, max-snippet:-1, max-image-preview:large, max-video-preview:-1\" \/>\n<link rel=\"canonical\" href=\"https:\/\/vosgesinfo.fr\/saintdieinfo\/2022\/03\/vittel-perenniser-365-emplois\/\" \/>\n<meta name=\"twitter:card\" content=\"summary_large_image\" \/>\n<meta name=\"twitter:title\" content=\"Vittel \u2013 Comment p\u00e9renniser 365 emplois ? - Saint Die Info\" \/>\n<meta name=\"twitter:description\" content=\"Alors que le Club Med, \u00e0 Vittel, a d\u00e9cid\u00e9 de recentrer son activit\u00e9 autour d\u2019un b\u00e2timent se pose la question [&hellip;]\" \/>\n<meta name=\"twitter:image\" content=\"https:\/\/vosgesinfo.fr\/app\/uploads\/sites\/4\/2024\/08\/202203vittel-spa-9.jpg\" \/>\n<meta name=\"twitter:creator\" content=\"@VosgesInfo88\" \/>\n<meta name=\"twitter:site\" content=\"@VosgesInfo88\" \/>\n<meta name=\"twitter:label1\" content=\"\u00c9crit par\" \/>\n\t<meta name=\"twitter:data1\" content=\"la r\u00e9daction\" \/>\n\t<meta name=\"twitter:label2\" content=\"Dur\u00e9e de lecture estim\u00e9e\" \/>\n\t<meta name=\"twitter:data2\" content=\"3 minutes\" \/>\n<script type=\"application\/ld+json\" class=\"yoast-schema-graph\">{\"@context\":\"https:\/\/schema.org\",\"@graph\":[{\"@type\":\"Article\",\"@id\":\"https:\/\/vosgesinfo.fr\/saintdieinfo\/2022\/03\/vittel-perenniser-365-emplois\/#article\",\"isPartOf\":{\"@id\":\"https:\/\/vosgesinfo.fr\/saintdieinfo\/2022\/03\/vittel-perenniser-365-emplois\/\"},\"author\":{\"name\":\"la r\u00e9daction\",\"@id\":\"https:\/\/vosgesinfo.fr\/saintdieinfo\/#\/schema\/person\/faee6704a21f3977511db84bd1cd450f\"},\"headline\":\"Vittel \u2013 Comment p\u00e9renniser 365 emplois ?\",\"datePublished\":\"2022-03-22T05:35:45+00:00\",\"dateModified\":\"2022-03-22T05:35:45+00:00\",\"mainEntityOfPage\":{\"@id\":\"https:\/\/vosgesinfo.fr\/saintdieinfo\/2022\/03\/vittel-perenniser-365-emplois\/\"},\"wordCount\":550,\"commentCount\":0,\"publisher\":{\"@id\":\"https:\/\/vosgesinfo.fr\/saintdieinfo\/#organization\"},\"image\":{\"@id\":\"https:\/\/vosgesinfo.fr\/saintdieinfo\/2022\/03\/vittel-perenniser-365-emplois\/#primaryimage\"},\"thumbnailUrl\":\"https:\/\/vosgesinfo.fr\/app\/uploads\/sites\/4\/2024\/08\/202203vittel-spa-9.jpg\",\"keywords\":[\"Club Med\",\"Vittel\"],\"articleSection\":[\"A la Une\",\"\u00c9conomie\",\"Vosges\"],\"inLanguage\":\"fr-FR\",\"potentialAction\":[{\"@type\":\"CommentAction\",\"name\":\"Comment\",\"target\":[\"https:\/\/vosgesinfo.fr\/saintdieinfo\/2022\/03\/vittel-perenniser-365-emplois\/#respond\"]}]},{\"@type\":\"WebPage\",\"@id\":\"https:\/\/vosgesinfo.fr\/saintdieinfo\/2022\/03\/vittel-perenniser-365-emplois\/\",\"url\":\"https:\/\/vosgesinfo.fr\/saintdieinfo\/2022\/03\/vittel-perenniser-365-emplois\/\",\"name\":\"Vittel \u2013 Comment p\u00e9renniser 365 emplois ? - Saint Die Info\",\"isPartOf\":{\"@id\":\"https:\/\/vosgesinfo.fr\/saintdieinfo\/#website\"},\"primaryImageOfPage\":{\"@id\":\"https:\/\/vosgesinfo.fr\/saintdieinfo\/2022\/03\/vittel-perenniser-365-emplois\/#primaryimage\"},\"image\":{\"@id\":\"https:\/\/vosgesinfo.fr\/saintdieinfo\/2022\/03\/vittel-perenniser-365-emplois\/#primaryimage\"},\"thumbnailUrl\":\"https:\/\/vosgesinfo.fr\/app\/uploads\/sites\/4\/2024\/08\/202203vittel-spa-9.jpg\",\"datePublished\":\"2022-03-22T05:35:45+00:00\",\"dateModified\":\"2022-03-22T05:35:45+00:00\",\"breadcrumb\":{\"@id\":\"https:\/\/vosgesinfo.fr\/saintdieinfo\/2022\/03\/vittel-perenniser-365-emplois\/#breadcrumb\"},\"inLanguage\":\"fr-FR\",\"potentialAction\":[{\"@type\":\"ReadAction\",\"target\":[\"https:\/\/vosgesinfo.fr\/saintdieinfo\/2022\/03\/vittel-perenniser-365-emplois\/\"]}]},{\"@type\":\"ImageObject\",\"inLanguage\":\"fr-FR\",\"@id\":\"https:\/\/vosgesinfo.fr\/saintdieinfo\/2022\/03\/vittel-perenniser-365-emplois\/#primaryimage\",\"url\":\"https:\/\/vosgesinfo.fr\/app\/uploads\/sites\/4\/2024\/08\/202203vittel-spa-9.jpg\",\"contentUrl\":\"https:\/\/vosgesinfo.fr\/app\/uploads\/sites\/4\/2024\/08\/202203vittel-spa-9.jpg\",\"width\":699,\"height\":472},{\"@type\":\"BreadcrumbList\",\"@id\":\"https:\/\/vosgesinfo.fr\/saintdieinfo\/2022\/03\/vittel-perenniser-365-emplois\/#breadcrumb\",\"itemListElement\":[{\"@type\":\"ListItem\",\"position\":1,\"name\":\"Home\",\"item\":\"https:\/\/vosgesinfo.fr\/saintdieinfo\/\"},{\"@type\":\"ListItem\",\"position\":2,\"name\":\"Vittel \u2013 Comment p\u00e9renniser 365 emplois ?\"}]},{\"@type\":\"WebSite\",\"@id\":\"https:\/\/vosgesinfo.fr\/saintdieinfo\/#website\",\"url\":\"https:\/\/vosgesinfo.fr\/saintdieinfo\/\",\"name\":\"Saint Die Info\",\"description\":\"Toute l&#039;actualit\u00e9 de Saint-Di\u00e9-Des-Vosges\",\"publisher\":{\"@id\":\"https:\/\/vosgesinfo.fr\/saintdieinfo\/#organization\"},\"alternateName\":\"Toute l'actualit\u00e9 de Saint-Di\u00e9-Des-Vosges\",\"potentialAction\":[{\"@type\":\"SearchAction\",\"target\":{\"@type\":\"EntryPoint\",\"urlTemplate\":\"https:\/\/vosgesinfo.fr\/saintdieinfo\/?s={search_term_string}\"},\"query-input\":\"required name=search_term_string\"}],\"inLanguage\":\"fr-FR\"},{\"@type\":\"Organization\",\"@id\":\"https:\/\/vosgesinfo.fr\/saintdieinfo\/#organization\",\"name\":\"Saint Die Info\",\"url\":\"https:\/\/vosgesinfo.fr\/saintdieinfo\/\",\"logo\":{\"@type\":\"ImageObject\",\"inLanguage\":\"fr-FR\",\"@id\":\"https:\/\/vosgesinfo.fr\/saintdieinfo\/#\/schema\/logo\/image\/\",\"url\":\"https:\/\/vosgesinfo.fr\/app\/uploads\/sites\/4\/2024\/02\/logo-sdi.jpg\",\"contentUrl\":\"https:\/\/vosgesinfo.fr\/app\/uploads\/sites\/4\/2024\/02\/logo-sdi.jpg\",\"width\":600,\"height\":600,\"caption\":\"Saint Die Info\"},\"image\":{\"@id\":\"https:\/\/vosgesinfo.fr\/saintdieinfo\/#\/schema\/logo\/image\/\"},\"sameAs\":[\"https:\/\/www.facebook.com\/Saintdieinfofr\",\"https:\/\/x.com\/VosgesInfo88\",\"https:\/\/www.youtube.com\/@vosgesinfo\"]},{\"@type\":\"Person\",\"@id\":\"https:\/\/vosgesinfo.fr\/saintdieinfo\/#\/schema\/person\/faee6704a21f3977511db84bd1cd450f\",\"name\":\"la r\u00e9daction\",\"image\":{\"@type\":\"ImageObject\",\"inLanguage\":\"fr-FR\",\"@id\":\"https:\/\/vosgesinfo.fr\/saintdieinfo\/#\/schema\/person\/image\/\",\"url\":\"https:\/\/secure.gravatar.com\/avatar\/6673d8bc6a9c17fa9a453eaa3448de834fa308c2ec9635b7aa99441a7c8d2cf6?s=96&d=mm&r=g\",\"contentUrl\":\"https:\/\/secure.gravatar.com\/avatar\/6673d8bc6a9c17fa9a453eaa3448de834fa308c2ec9635b7aa99441a7c8d2cf6?s=96&d=mm&r=g\",\"caption\":\"la r\u00e9daction\"},\"url\":\"https:\/\/vosgesinfo.fr\/saintdieinfo\/author\/redac\/\"}]}<\/script>\n<!-- \/ Yoast SEO plugin. -->","yoast_head_json":{"title":"Vittel \u2013 Comment p\u00e9renniser 365 emplois ? - Saint Die Info","robots":{"index":"index","follow":"follow","max-snippet":"max-snippet:-1","max-image-preview":"max-image-preview:large","max-video-preview":"max-video-preview:-1"},"canonical":"https:\/\/vosgesinfo.fr\/saintdieinfo\/2022\/03\/vittel-perenniser-365-emplois\/","twitter_card":"summary_large_image","twitter_title":"Vittel \u2013 Comment p\u00e9renniser 365 emplois ? - Saint Die Info","twitter_description":"Alors que le Club Med, \u00e0 Vittel, a d\u00e9cid\u00e9 de recentrer son activit\u00e9 autour d\u2019un b\u00e2timent se pose la question [&hellip;]","twitter_image":"https:\/\/vosgesinfo.fr\/app\/uploads\/sites\/4\/2024\/08\/202203vittel-spa-9.jpg","twitter_creator":"@VosgesInfo88","twitter_site":"@VosgesInfo88","twitter_misc":{"\u00c9crit par":"la r\u00e9daction","Dur\u00e9e de lecture estim\u00e9e":"3 minutes"},"schema":{"@context":"https:\/\/schema.org","@graph":[{"@type":"Article","@id":"https:\/\/vosgesinfo.fr\/saintdieinfo\/2022\/03\/vittel-perenniser-365-emplois\/#article","isPartOf":{"@id":"https:\/\/vosgesinfo.fr\/saintdieinfo\/2022\/03\/vittel-perenniser-365-emplois\/"},"author":{"name":"la r\u00e9daction","@id":"https:\/\/vosgesinfo.fr\/saintdieinfo\/#\/schema\/person\/faee6704a21f3977511db84bd1cd450f"},"headline":"Vittel \u2013 Comment p\u00e9renniser 365 emplois ?","datePublished":"2022-03-22T05:35:45+00:00","dateModified":"2022-03-22T05:35:45+00:00","mainEntityOfPage":{"@id":"https:\/\/vosgesinfo.fr\/saintdieinfo\/2022\/03\/vittel-perenniser-365-emplois\/"},"wordCount":550,"commentCount":0,"publisher":{"@id":"https:\/\/vosgesinfo.fr\/saintdieinfo\/#organization"},"image":{"@id":"https:\/\/vosgesinfo.fr\/saintdieinfo\/2022\/03\/vittel-perenniser-365-emplois\/#primaryimage"},"thumbnailUrl":"https:\/\/vosgesinfo.fr\/app\/uploads\/sites\/4\/2024\/08\/202203vittel-spa-9.jpg","keywords":["Club Med","Vittel"],"articleSection":["A la Une","\u00c9conomie","Vosges"],"inLanguage":"fr-FR","potentialAction":[{"@type":"CommentAction","name":"Comment","target":["https:\/\/vosgesinfo.fr\/saintdieinfo\/2022\/03\/vittel-perenniser-365-emplois\/#respond"]}]},{"@type":"WebPage","@id":"https:\/\/vosgesinfo.fr\/saintdieinfo\/2022\/03\/vittel-perenniser-365-emplois\/","url":"https:\/\/vosgesinfo.fr\/saintdieinfo\/2022\/03\/vittel-perenniser-365-emplois\/","name":"Vittel \u2013 Comment p\u00e9renniser 365 emplois ? - Saint Die Info","isPartOf":{"@id":"https:\/\/vosgesinfo.fr\/saintdieinfo\/#website"},"primaryImageOfPage":{"@id":"https:\/\/vosgesinfo.fr\/saintdieinfo\/2022\/03\/vittel-perenniser-365-emplois\/#primaryimage"},"image":{"@id":"https:\/\/vosgesinfo.fr\/saintdieinfo\/2022\/03\/vittel-perenniser-365-emplois\/#primaryimage"},"thumbnailUrl":"https:\/\/vosgesinfo.fr\/app\/uploads\/sites\/4\/2024\/08\/202203vittel-spa-9.jpg","datePublished":"2022-03-22T05:35:45+00:00","dateModified":"2022-03-22T05:35:45+00:00","breadcrumb":{"@id":"https:\/\/vosgesinfo.fr\/saintdieinfo\/2022\/03\/vittel-perenniser-365-emplois\/#breadcrumb"},"inLanguage":"fr-FR","potentialAction":[{"@type":"ReadAction","target":["https:\/\/vosgesinfo.fr\/saintdieinfo\/2022\/03\/vittel-perenniser-365-emplois\/"]}]},{"@type":"ImageObject","inLanguage":"fr-FR","@id":"https:\/\/vosgesinfo.fr\/saintdieinfo\/2022\/03\/vittel-perenniser-365-emplois\/#primaryimage","url":"https:\/\/vosgesinfo.fr\/app\/uploads\/sites\/4\/2024\/08\/202203vittel-spa-9.jpg","contentUrl":"https:\/\/vosgesinfo.fr\/app\/uploads\/sites\/4\/2024\/08\/202203vittel-spa-9.jpg","width":699,"height":472},{"@type":"BreadcrumbList","@id":"https:\/\/vosgesinfo.fr\/saintdieinfo\/2022\/03\/vittel-perenniser-365-emplois\/#breadcrumb","itemListElement":[{"@type":"ListItem","position":1,"name":"Home","item":"https:\/\/vosgesinfo.fr\/saintdieinfo\/"},{"@type":"ListItem","position":2,"name":"Vittel \u2013 Comment p\u00e9renniser 365 emplois ?"}]},{"@type":"WebSite","@id":"https:\/\/vosgesinfo.fr\/saintdieinfo\/#website","url":"https:\/\/vosgesinfo.fr\/saintdieinfo\/","name":"Saint Die Info","description":"Toute l&#039;actualit\u00e9 de Saint-Di\u00e9-Des-Vosges","publisher":{"@id":"https:\/\/vosgesinfo.fr\/saintdieinfo\/#organization"},"alternateName":"Toute l'actualit\u00e9 de Saint-Di\u00e9-Des-Vosges","potentialAction":[{"@type":"SearchAction","target":{"@type":"EntryPoint","urlTemplate":"https:\/\/vosgesinfo.fr\/saintdieinfo\/?s={search_term_string}"},"query-input":"required name=search_term_string"}],"inLanguage":"fr-FR"},{"@type":"Organization","@id":"https:\/\/vosgesinfo.fr\/saintdieinfo\/#organization","name":"Saint Die Info","url":"https:\/\/vosgesinfo.fr\/saintdieinfo\/","logo":{"@type":"ImageObject","inLanguage":"fr-FR","@id":"https:\/\/vosgesinfo.fr\/saintdieinfo\/#\/schema\/logo\/image\/","url":"https:\/\/vosgesinfo.fr\/app\/uploads\/sites\/4\/2024\/02\/logo-sdi.jpg","contentUrl":"https:\/\/vosgesinfo.fr\/app\/uploads\/sites\/4\/2024\/02\/logo-sdi.jpg","width":600,"height":600,"caption":"Saint Die Info"},"image":{"@id":"https:\/\/vosgesinfo.fr\/saintdieinfo\/#\/schema\/logo\/image\/"},"sameAs":["https:\/\/www.facebook.com\/Saintdieinfofr","https:\/\/x.com\/VosgesInfo88","https:\/\/www.youtube.com\/@vosgesinfo"]},{"@type":"Person","@id":"https:\/\/vosgesinfo.fr\/saintdieinfo\/#\/schema\/person\/faee6704a21f3977511db84bd1cd450f","name":"la r\u00e9daction","image":{"@type":"ImageObject","inLanguage":"fr-FR","@id":"https:\/\/vosgesinfo.fr\/saintdieinfo\/#\/schema\/person\/image\/","url":"https:\/\/secure.gravatar.com\/avatar\/6673d8bc6a9c17fa9a453eaa3448de834fa308c2ec9635b7aa99441a7c8d2cf6?s=96&d=mm&r=g","contentUrl":"https:\/\/secure.gravatar.com\/avatar\/6673d8bc6a9c17fa9a453eaa3448de834fa308c2ec9635b7aa99441a7c8d2cf6?s=96&d=mm&r=g","caption":"la r\u00e9daction"},"url":"https:\/\/vosgesinfo.fr\/saintdieinfo\/author\/redac\/"}]}},"_links":{"self":[{"href":"https:\/\/vosgesinfo.fr\/saintdieinfo\/wp-json\/wp\/v2\/posts\/48164","targetHints":{"allow":["GET"]}}],"collection":[{"href":"https:\/\/vosgesinfo.fr\/saintdieinfo\/wp-json\/wp\/v2\/posts"}],"about":[{"href":"https:\/\/vosgesinfo.fr\/saintdieinfo\/wp-json\/wp\/v2\/types\/post"}],"author":[{"embeddable":true,"href":"https:\/\/vosgesinfo.fr\/saintdieinfo\/wp-json\/wp\/v2\/users\/44"}],"replies":[{"embeddable":true,"href":"https:\/\/vosgesinfo.fr\/saintdieinfo\/wp-json\/wp\/v2\/comments?post=48164"}],"version-history":[{"count":0,"href":"https:\/\/vosgesinfo.fr\/saintdieinfo\/wp-json\/wp\/v2\/posts\/48164\/revisions"}],"wp:featuredmedia":[{"embeddable":true,"href":"https:\/\/vosgesinfo.fr\/saintdieinfo\/wp-json\/wp\/v2\/media\/48165"}],"wp:attachment":[{"href":"https:\/\/vosgesinfo.fr\/saintdieinfo\/wp-json\/wp\/v2\/media?parent=48164"}],"wp:term":[{"taxonomy":"category","embeddable":true,"href":"https:\/\/vosgesinfo.fr\/saintdieinfo\/wp-json\/wp\/v2\/categories?post=48164"},{"taxonomy":"post_tag","embeddable":true,"href":"https:\/\/vosgesinfo.fr\/saintdieinfo\/wp-json\/wp\/v2\/tags?post=48164"}],"curies":[{"name":"wp","href":"https:\/\/api.w.org\/{rel}","templated":true}]}}