{"id":48277,"date":"2022-03-24T16:19:20","date_gmt":"2022-03-24T15:19:20","guid":{"rendered":"https:\/\/vosgesinfo.fr\/saintdieinfo\/2022\/03\/groupe-altair-signe-partenariat-salveco\/"},"modified":"2022-03-24T16:19:20","modified_gmt":"2022-03-24T15:19:20","slug":"groupe-altair-signe-partenariat-salveco","status":"publish","type":"post","link":"https:\/\/vosgesinfo.fr\/saintdieinfo\/2022\/03\/groupe-altair-signe-partenariat-salveco\/","title":{"rendered":"Le groupe Alta\u00efr signe un partenariat avec Salveco"},"content":{"rendered":"<div id=\"attachment_180740\" style=\"width: 602px\" class=\"wp-caption aligncenter\"><a href=\"\/2022\/03\/Salveco.jpg\" target=\"_blank\" rel=\"noopener\"><img decoding=\"async\" aria-describedby=\"caption-attachment-180740\" class=\"wp-image-180740 size-full\" src=\"\/2022\/03\/Salveco.jpg\" alt=\"Salveco\" width=\"592\" height=\"523\" \/><\/a><p id=\"caption-attachment-180740\" class=\"wp-caption-text\">Stephan Auberger, fondateur de Salveco. (Photographie Salveco)<\/p><\/div>\n<h2><strong><span style=\"font-size: 14pt;\"><span id=\"page3R_mcid5\" class=\"markedContent\"><span dir=\"ltr\">Le Groupe<\/span> <span dir=\"ltr\">Alta\u00efr<\/span><span dir=\"ltr\">,<\/span> <span dir=\"ltr\">connu pour<\/span> <span dir=\"ltr\">s<\/span><span dir=\"ltr\">es marques Starwax, Kapo et maintenant<\/span><span dir=\"ltr\"> B<\/span><span dir=\"ltr\">rio<\/span><span dir=\"ltr\">chin<\/span><span dir=\"ltr\">, r<\/span><span dir=\"ltr\">enforce son<\/span> <span dir=\"ltr\">partenariat avec le<\/span> <span dir=\"ltr\">laboratoire<\/span> <span dir=\"ltr\">fran\u00e7ais<\/span> <span dir=\"ltr\">Salveco<\/span><span dir=\"ltr\">,<\/span><span dir=\"ltr\"> sp\u00e9cialiste<\/span> <span dir=\"ltr\">de la d\u00e9sinfection avec sa technologie EFFIBIOZ<\/span><\/span><span id=\"page3R_mcid6\" class=\"markedContent\"><\/span><span id=\"page3R_mcid7\" class=\"markedContent\"><\/span><span id=\"page3R_mcid8\" class=\"markedContent\"><span dir=\"ltr\"> L<\/span><span dir=\"ltr\">e<\/span> <span dir=\"ltr\">groupe<\/span> <span dir=\"ltr\">Alta\u00efr<\/span> <span dir=\"ltr\">(propri\u00e9taire<\/span> <span dir=\"ltr\">des marques<\/span> <span dir=\"ltr\">Briochin,<\/span> <span dir=\"ltr\">Starwax,<\/span> <span dir=\"ltr\">Kapo<\/span><span dir=\"ltr\">,<\/span> <span dir=\"ltr\">etc<\/span><span dir=\"ltr\">.<\/span><span dir=\"ltr\">)<\/span> <span dir=\"ltr\">a<\/span> <span dir=\"ltr\">sign\u00e9<\/span> <span dir=\"ltr\">un<\/span><span dir=\"ltr\"> partenariat<\/span> <span dir=\"ltr\">pour<\/span> <span dir=\"ltr\">promouvoir<\/span> <span dir=\"ltr\">la<\/span> <span dir=\"ltr\">technologie<\/span> <span dir=\"ltr\">unique<\/span> <span dir=\"ltr\">de<\/span> <span dir=\"ltr\">Salveco,<\/span> <span dir=\"ltr\">le<\/span> <span dir=\"ltr\">laboratoire<\/span> <span dir=\"ltr\">fran\u00e7ais<\/span><span dir=\"ltr\"> sp\u00e9cialis\u00e9 dans la chimie du v\u00e9g\u00e9tal<\/span><span dir=\"ltr\">.<\/span><\/span><span id=\"page3R_mcid9\" class=\"markedContent\"><\/span><span id=\"page3R_mcid10\" class=\"markedContent\"><\/span><\/span><\/strong><\/h2>\n<p><!--more--><span id=\"page3R_mcid10\" class=\"markedContent\"><span dir=\"ltr\">Depuis 1994,<\/span> <span dir=\"ltr\">Salveco<\/span> <span dir=\"ltr\">d\u00e9veloppe des produits d\u2019hygi\u00e8ne<\/span><span dir=\"ltr\">,<\/span> <span dir=\"ltr\">d\u2019entretien<\/span> <span dir=\"ltr\">et de d\u00e9sinfection<\/span><span dir=\"ltr\"> exclusivement issus de ressources renouvelables<\/span><span dir=\"ltr\">.<\/span> <span dir=\"ltr\">N<\/span><span dir=\"ltr\">\u00e9 de la prise de conscience du Docteur<\/span><span dir=\"ltr\"> St<\/span><span dir=\"ltr\">e<\/span><span dir=\"ltr\">phan Auberger de la n\u00e9cessit\u00e9 de cr\u00e9er des produits nettoyants, d\u00e9sinfectants et d\u2019hygi\u00e8ne<\/span><span dir=\"ltr\"> d\u2019origine<\/span> <span dir=\"ltr\">100%<\/span> <span dir=\"ltr\">v\u00e9g\u00e9tale<\/span><span dir=\"ltr\">, inoffensifs pour la sant\u00e9<\/span> <span dir=\"ltr\">tout en garantissant<\/span> <span dir=\"ltr\">leur efficacit\u00e9<\/span><span dir=\"ltr\">. <\/span><\/span><span id=\"page3R_mcid11\" class=\"markedContent\"><\/span><span id=\"page3R_mcid11\" class=\"markedContent\"><span dir=\"ltr\">En 2011, il d\u00e9pose ses premiers brevets<\/span> <span dir=\"ltr\">Effibioz<\/span> <span dir=\"ltr\">au niveau europ\u00e9en puis mondial et obtient<\/span><span dir=\"ltr\"> d\u00e8s 2014 les premi\u00e8res autorisations de mises sur le march\u00e9 de l\u2019ECHA<\/span> <span dir=\"ltr\">qui garantissent le<\/span><span dir=\"ltr\"> risque le plus faible pour ce type de produits biocides<\/span><span dir=\"ltr\">. Plus de 9<\/span><span dir=\"ltr\">0<\/span><span dir=\"ltr\">% des<\/span> <span dir=\"ltr\">autorisations <\/span><span dir=\"ltr\">fran\u00e7aises<\/span> <span dir=\"ltr\">pour les d\u00e9sinfectants b<\/span><span dir=\"ltr\">iocides (AMMS) appartiennent au laboratoire Salveco<\/span> <span dir=\"ltr\">!<\/span><\/span><span id=\"page3R_mcid12\" class=\"markedContent\"><\/span><span id=\"page3R_mcid13\" class=\"markedContent\"><br \/>\n<\/span><\/p>\n<p><span id=\"page3R_mcid13\" class=\"markedContent\"><span dir=\"ltr\">Avec ce partenariat avec Salveco et son brevet Effibioz<\/span><span dir=\"ltr\">,<\/span> <span dir=\"ltr\">Alta\u00efr<\/span> <span dir=\"ltr\">prend le parti de<\/span> <span dir=\"ltr\">produits<\/span> <span dir=\"ltr\">\u00e0 la<\/span><span dir=\"ltr\"> fois efficaces et bas\u00e9s exclusivement sur des ingr\u00e9dients issus de ressources renouvelables<\/span><span dir=\"ltr\"> et d\u2019origine v\u00e9g\u00e9tale, exempts de toute<\/span> <span dir=\"ltr\">substance controvers\u00e9e (PE, COV, allerg\u00e8nes&#8230;)<\/span> <span dir=\"ltr\">qui<\/span><span dir=\"ltr\"> seraient<\/span> <span dir=\"ltr\">nocives pour<\/span> <span dir=\"ltr\">la sant\u00e9. <\/span><\/span><span id=\"page3R_mcid14\" class=\"markedContent\"><\/span><span id=\"page3R_mcid15\" class=\"markedContent\"><span dir=\"ltr\">Stephan Auberger,<\/span> <span dir=\"ltr\">fondateur<\/span> <span dir=\"ltr\">de Salveco<\/span> <span dir=\"ltr\">:<\/span> <em><span dir=\"ltr\">\u00ab<\/span> <span dir=\"ltr\">Nous sommes<\/span> <span dir=\"ltr\">tr\u00e8s<\/span> <span dir=\"ltr\">heureux<\/span> <span dir=\"ltr\">d<\/span><span dir=\"ltr\">e poursuivre notre<\/span><span dir=\"ltr\"> partenariat<\/span> <span dir=\"ltr\">avec<\/span> <span dir=\"ltr\">Alta\u00efr<\/span> <span dir=\"ltr\">afin d\u2019offrir<\/span> <span dir=\"ltr\">notre expertise pour leur<\/span> <span dir=\"ltr\">gamme de produits<\/span> <span dir=\"ltr\">d\u00e9tergents et<\/span><span dir=\"ltr\"> d\u00e9sinfectants<\/span> <span dir=\"ltr\">innovante<\/span><span dir=\"ltr\">, sans alcool, totalement saine pour la sant\u00e9<\/span> <span dir=\"ltr\">et pour<\/span> <span dir=\"ltr\">laquelle nous<\/span><span dir=\"ltr\"> assurons la conf<\/span><span dir=\"ltr\">or<\/span><span dir=\"ltr\">mit\u00e9 et la p\u00e9rennit\u00e9 r\u00e9glementaire.<\/span> <span dir=\"ltr\">\u00bb.<\/span><\/em><\/span><em><span id=\"page3R_mcid16\" class=\"markedContent\"><\/span><span id=\"page3R_mcid17\" class=\"markedContent\"><\/span><span id=\"page3R_mcid18\" class=\"markedContent\"><br \/>\n<\/span><\/em><\/p>\n<h3><strong><span style=\"font-size: 12pt;\"><span id=\"page3R_mcid18\" class=\"markedContent\"><span dir=\"ltr\">A propos de SALVECO<\/span><\/span><span id=\"page3R_mcid19\" class=\"markedContent\"><br \/>\n<\/span><\/span><\/strong><\/h3>\n<p><span id=\"page3R_mcid19\" class=\"markedContent\"><span dir=\"ltr\">Le laboratoire SALVECO, laboratoire industriel cr\u00e9\u00e9 en 1994 et sp\u00e9cialis\u00e9 en Chimie du V\u00e9g\u00e9tal,<\/span><span dir=\"ltr\"> d\u00e9veloppe des produits d\u2019hygi\u00e8ne et d\u2019entretien<\/span> <span dir=\"ltr\">exclusivement issus de ressources renouvelables.<\/span><span dir=\"ltr\"> Gr\u00e2ce \u00e0 sa technologie de rupture<\/span> <span dir=\"ltr\">Effibioz<\/span> <span dir=\"ltr\">et son expertise r\u00e9glementaire, SALVECO met \u00e0 disposition<\/span><span dir=\"ltr\"> de ses clients des produits<\/span> <span dir=\"ltr\">pr\u00e9servant la sant\u00e9 et l\u2019environnement<\/span><span dir=\"ltr\">, couvrant un tr\u00e8s large spectre<\/span><span dir=\"ltr\"> d\u2019appli<\/span><span dir=\"ltr\">cations professionnelles et grand public.<\/span><\/span><span id=\"page3R_mcid20\" class=\"markedContent\"><br \/>\n<\/span><span id=\"page3R_mcid24\" class=\"markedContent\"><br \/>\n<strong><span style=\"font-size: 12pt;\"><span dir=\"ltr\">A propos d<\/span><span dir=\"ltr\">\u2019Alta\u00efr<\/span><\/span><\/strong><\/span><span id=\"page3R_mcid25\" class=\"markedContent\"><\/span><br \/>\n<span id=\"page3R_mcid25\" class=\"markedContent\"><\/span><\/p>\n<p><span id=\"page3R_mcid25\" class=\"markedContent\"><span dir=\"ltr\">Fond\u00e9 en 1946 par les deux fr\u00e8res Brunel, Alta\u00efr fabrique des produits m\u00e9nagers et d\u2019entretien pour la<\/span><span dir=\"ltr\"> maison : Starwax (produits d\u2019entretien premium), Briochin (produits d\u2019entretien et lessives \u00e0 base<\/span><span dir=\"ltr\"> d\u2019ingr\u00e9dients authentiques), Sinto (produits de r\u00e9nova<\/span><span dir=\"ltr\">tion et r\u00e9paration), Kapo en France ainsi qu\u2019Oro<\/span><span dir=\"ltr\"> (produits m\u00e9nagers) et Mistol (produits vaisselle) en Espagne. Bas\u00e9 \u00e0 Wasquehal dans le Nord, le<\/span><span dir=\"ltr\"> Groupe emploie environ 450 collaborateurs et op\u00e8re trois sites de production en France \u00e0 Noyelles, St<\/span><span dir=\"ltr\"> Brandan<\/span> <span dir=\"ltr\">et Aubagne, ainsi qu\u2019un site en Espagne \u00e0 Valence. La notori\u00e9t\u00e9 de ses marques et sa forte<\/span><span dir=\"ltr\"> capacit\u00e9 d\u2019innovation (lancement de plus de 150 produits par an, d\u00e9veloppement de nouveaux concepts<\/span><span dir=\"ltr\"> et marques) font d\u2019Alta\u00efr un acteur europ\u00e9en incontournable, lead<\/span><span dir=\"ltr\">er sur son march\u00e9.<\/span><\/span><\/p>\n","protected":false},"excerpt":{"rendered":"<p>Le Groupe Alta\u00efr, connu pour ses marques Starwax, Kapo et maintenant Briochin, renforce son partenariat avec le laboratoire fran\u00e7ais Salveco, [&hellip;]<\/p>\n","protected":false},"author":44,"featured_media":48278,"comment_status":"open","ping_status":"open","sticky":false,"template":"","format":"standard","meta":{"footnotes":""},"categories":[460,5,2915],"tags":[10770,10771,10772],"class_list":["post-48277","post","type-post","status-publish","format-standard","has-post-thumbnail","hentry","category-a-la-une","category-economie","category-saint-die-son-canton","tag-altair","tag-chimie-du-vegetal","tag-salveco"],"acf":[],"yoast_head":"<!-- This site is optimized with the Yoast SEO plugin v22.5 - https:\/\/yoast.com\/wordpress\/plugins\/seo\/ -->\n<title>Le groupe Alta\u00efr signe un partenariat avec Salveco - Saint Die Info<\/title>\n<meta name=\"robots\" content=\"index, follow, max-snippet:-1, max-image-preview:large, max-video-preview:-1\" \/>\n<link rel=\"canonical\" href=\"https:\/\/vosgesinfo.fr\/saintdieinfo\/2022\/03\/groupe-altair-signe-partenariat-salveco\/\" \/>\n<meta name=\"twitter:card\" content=\"summary_large_image\" \/>\n<meta name=\"twitter:title\" content=\"Le groupe Alta\u00efr signe un partenariat avec Salveco - Saint Die Info\" \/>\n<meta name=\"twitter:description\" content=\"Le Groupe Alta\u00efr, connu pour ses marques Starwax, Kapo et maintenant Briochin, renforce son partenariat avec le laboratoire fran\u00e7ais Salveco, [&hellip;]\" \/>\n<meta name=\"twitter:image\" content=\"https:\/\/vosgesinfo.fr\/app\/uploads\/sites\/4\/2024\/08\/202203salveco.jpg\" \/>\n<meta name=\"twitter:creator\" content=\"@VosgesInfo88\" \/>\n<meta name=\"twitter:site\" content=\"@VosgesInfo88\" \/>\n<meta name=\"twitter:label1\" content=\"\u00c9crit par\" \/>\n\t<meta name=\"twitter:data1\" content=\"la r\u00e9daction\" \/>\n\t<meta name=\"twitter:label2\" content=\"Dur\u00e9e de lecture estim\u00e9e\" \/>\n\t<meta name=\"twitter:data2\" content=\"3 minutes\" \/>\n<script type=\"application\/ld+json\" class=\"yoast-schema-graph\">{\"@context\":\"https:\/\/schema.org\",\"@graph\":[{\"@type\":\"Article\",\"@id\":\"https:\/\/vosgesinfo.fr\/saintdieinfo\/2022\/03\/groupe-altair-signe-partenariat-salveco\/#article\",\"isPartOf\":{\"@id\":\"https:\/\/vosgesinfo.fr\/saintdieinfo\/2022\/03\/groupe-altair-signe-partenariat-salveco\/\"},\"author\":{\"name\":\"la r\u00e9daction\",\"@id\":\"https:\/\/vosgesinfo.fr\/saintdieinfo\/#\/schema\/person\/faee6704a21f3977511db84bd1cd450f\"},\"headline\":\"Le groupe Alta\u00efr signe un partenariat avec Salveco\",\"datePublished\":\"2022-03-24T15:19:20+00:00\",\"dateModified\":\"2022-03-24T15:19:20+00:00\",\"mainEntityOfPage\":{\"@id\":\"https:\/\/vosgesinfo.fr\/saintdieinfo\/2022\/03\/groupe-altair-signe-partenariat-salveco\/\"},\"wordCount\":539,\"commentCount\":0,\"publisher\":{\"@id\":\"https:\/\/vosgesinfo.fr\/saintdieinfo\/#organization\"},\"image\":{\"@id\":\"https:\/\/vosgesinfo.fr\/saintdieinfo\/2022\/03\/groupe-altair-signe-partenariat-salveco\/#primaryimage\"},\"thumbnailUrl\":\"https:\/\/vosgesinfo.fr\/app\/uploads\/sites\/4\/2024\/08\/202203salveco.jpg\",\"keywords\":[\"Alta\u00efr\",\"Chimie du v\u00e9g\u00e9tal\",\"Salveco\"],\"articleSection\":[\"A la Une\",\"\u00c9conomie\",\"Saint-Di\u00e9-des-Vosges et son Agglom\u00e9ration\"],\"inLanguage\":\"fr-FR\",\"potentialAction\":[{\"@type\":\"CommentAction\",\"name\":\"Comment\",\"target\":[\"https:\/\/vosgesinfo.fr\/saintdieinfo\/2022\/03\/groupe-altair-signe-partenariat-salveco\/#respond\"]}]},{\"@type\":\"WebPage\",\"@id\":\"https:\/\/vosgesinfo.fr\/saintdieinfo\/2022\/03\/groupe-altair-signe-partenariat-salveco\/\",\"url\":\"https:\/\/vosgesinfo.fr\/saintdieinfo\/2022\/03\/groupe-altair-signe-partenariat-salveco\/\",\"name\":\"Le groupe Alta\u00efr signe un partenariat avec Salveco - Saint Die Info\",\"isPartOf\":{\"@id\":\"https:\/\/vosgesinfo.fr\/saintdieinfo\/#website\"},\"primaryImageOfPage\":{\"@id\":\"https:\/\/vosgesinfo.fr\/saintdieinfo\/2022\/03\/groupe-altair-signe-partenariat-salveco\/#primaryimage\"},\"image\":{\"@id\":\"https:\/\/vosgesinfo.fr\/saintdieinfo\/2022\/03\/groupe-altair-signe-partenariat-salveco\/#primaryimage\"},\"thumbnailUrl\":\"https:\/\/vosgesinfo.fr\/app\/uploads\/sites\/4\/2024\/08\/202203salveco.jpg\",\"datePublished\":\"2022-03-24T15:19:20+00:00\",\"dateModified\":\"2022-03-24T15:19:20+00:00\",\"breadcrumb\":{\"@id\":\"https:\/\/vosgesinfo.fr\/saintdieinfo\/2022\/03\/groupe-altair-signe-partenariat-salveco\/#breadcrumb\"},\"inLanguage\":\"fr-FR\",\"potentialAction\":[{\"@type\":\"ReadAction\",\"target\":[\"https:\/\/vosgesinfo.fr\/saintdieinfo\/2022\/03\/groupe-altair-signe-partenariat-salveco\/\"]}]},{\"@type\":\"ImageObject\",\"inLanguage\":\"fr-FR\",\"@id\":\"https:\/\/vosgesinfo.fr\/saintdieinfo\/2022\/03\/groupe-altair-signe-partenariat-salveco\/#primaryimage\",\"url\":\"https:\/\/vosgesinfo.fr\/app\/uploads\/sites\/4\/2024\/08\/202203salveco.jpg\",\"contentUrl\":\"https:\/\/vosgesinfo.fr\/app\/uploads\/sites\/4\/2024\/08\/202203salveco.jpg\",\"width\":592,\"height\":523},{\"@type\":\"BreadcrumbList\",\"@id\":\"https:\/\/vosgesinfo.fr\/saintdieinfo\/2022\/03\/groupe-altair-signe-partenariat-salveco\/#breadcrumb\",\"itemListElement\":[{\"@type\":\"ListItem\",\"position\":1,\"name\":\"Home\",\"item\":\"https:\/\/vosgesinfo.fr\/saintdieinfo\/\"},{\"@type\":\"ListItem\",\"position\":2,\"name\":\"Le groupe Alta\u00efr signe un partenariat avec Salveco\"}]},{\"@type\":\"WebSite\",\"@id\":\"https:\/\/vosgesinfo.fr\/saintdieinfo\/#website\",\"url\":\"https:\/\/vosgesinfo.fr\/saintdieinfo\/\",\"name\":\"Saint Die Info\",\"description\":\"Toute l&#039;actualit\u00e9 de Saint-Di\u00e9-Des-Vosges\",\"publisher\":{\"@id\":\"https:\/\/vosgesinfo.fr\/saintdieinfo\/#organization\"},\"alternateName\":\"Toute l'actualit\u00e9 de Saint-Di\u00e9-Des-Vosges\",\"potentialAction\":[{\"@type\":\"SearchAction\",\"target\":{\"@type\":\"EntryPoint\",\"urlTemplate\":\"https:\/\/vosgesinfo.fr\/saintdieinfo\/?s={search_term_string}\"},\"query-input\":\"required name=search_term_string\"}],\"inLanguage\":\"fr-FR\"},{\"@type\":\"Organization\",\"@id\":\"https:\/\/vosgesinfo.fr\/saintdieinfo\/#organization\",\"name\":\"Saint Die Info\",\"url\":\"https:\/\/vosgesinfo.fr\/saintdieinfo\/\",\"logo\":{\"@type\":\"ImageObject\",\"inLanguage\":\"fr-FR\",\"@id\":\"https:\/\/vosgesinfo.fr\/saintdieinfo\/#\/schema\/logo\/image\/\",\"url\":\"https:\/\/vosgesinfo.fr\/app\/uploads\/sites\/4\/2024\/02\/logo-sdi.jpg\",\"contentUrl\":\"https:\/\/vosgesinfo.fr\/app\/uploads\/sites\/4\/2024\/02\/logo-sdi.jpg\",\"width\":600,\"height\":600,\"caption\":\"Saint Die Info\"},\"image\":{\"@id\":\"https:\/\/vosgesinfo.fr\/saintdieinfo\/#\/schema\/logo\/image\/\"},\"sameAs\":[\"https:\/\/www.facebook.com\/Saintdieinfofr\",\"https:\/\/x.com\/VosgesInfo88\",\"https:\/\/www.youtube.com\/@vosgesinfo\"]},{\"@type\":\"Person\",\"@id\":\"https:\/\/vosgesinfo.fr\/saintdieinfo\/#\/schema\/person\/faee6704a21f3977511db84bd1cd450f\",\"name\":\"la r\u00e9daction\",\"image\":{\"@type\":\"ImageObject\",\"inLanguage\":\"fr-FR\",\"@id\":\"https:\/\/vosgesinfo.fr\/saintdieinfo\/#\/schema\/person\/image\/\",\"url\":\"https:\/\/secure.gravatar.com\/avatar\/6673d8bc6a9c17fa9a453eaa3448de834fa308c2ec9635b7aa99441a7c8d2cf6?s=96&d=mm&r=g\",\"contentUrl\":\"https:\/\/secure.gravatar.com\/avatar\/6673d8bc6a9c17fa9a453eaa3448de834fa308c2ec9635b7aa99441a7c8d2cf6?s=96&d=mm&r=g\",\"caption\":\"la r\u00e9daction\"},\"url\":\"https:\/\/vosgesinfo.fr\/saintdieinfo\/author\/redac\/\"}]}<\/script>\n<!-- \/ Yoast SEO plugin. -->","yoast_head_json":{"title":"Le groupe Alta\u00efr signe un partenariat avec Salveco - Saint Die Info","robots":{"index":"index","follow":"follow","max-snippet":"max-snippet:-1","max-image-preview":"max-image-preview:large","max-video-preview":"max-video-preview:-1"},"canonical":"https:\/\/vosgesinfo.fr\/saintdieinfo\/2022\/03\/groupe-altair-signe-partenariat-salveco\/","twitter_card":"summary_large_image","twitter_title":"Le groupe Alta\u00efr signe un partenariat avec Salveco - Saint Die Info","twitter_description":"Le Groupe Alta\u00efr, connu pour ses marques Starwax, Kapo et maintenant Briochin, renforce son partenariat avec le laboratoire fran\u00e7ais Salveco, [&hellip;]","twitter_image":"https:\/\/vosgesinfo.fr\/app\/uploads\/sites\/4\/2024\/08\/202203salveco.jpg","twitter_creator":"@VosgesInfo88","twitter_site":"@VosgesInfo88","twitter_misc":{"\u00c9crit par":"la r\u00e9daction","Dur\u00e9e de lecture estim\u00e9e":"3 minutes"},"schema":{"@context":"https:\/\/schema.org","@graph":[{"@type":"Article","@id":"https:\/\/vosgesinfo.fr\/saintdieinfo\/2022\/03\/groupe-altair-signe-partenariat-salveco\/#article","isPartOf":{"@id":"https:\/\/vosgesinfo.fr\/saintdieinfo\/2022\/03\/groupe-altair-signe-partenariat-salveco\/"},"author":{"name":"la r\u00e9daction","@id":"https:\/\/vosgesinfo.fr\/saintdieinfo\/#\/schema\/person\/faee6704a21f3977511db84bd1cd450f"},"headline":"Le groupe Alta\u00efr signe un partenariat avec Salveco","datePublished":"2022-03-24T15:19:20+00:00","dateModified":"2022-03-24T15:19:20+00:00","mainEntityOfPage":{"@id":"https:\/\/vosgesinfo.fr\/saintdieinfo\/2022\/03\/groupe-altair-signe-partenariat-salveco\/"},"wordCount":539,"commentCount":0,"publisher":{"@id":"https:\/\/vosgesinfo.fr\/saintdieinfo\/#organization"},"image":{"@id":"https:\/\/vosgesinfo.fr\/saintdieinfo\/2022\/03\/groupe-altair-signe-partenariat-salveco\/#primaryimage"},"thumbnailUrl":"https:\/\/vosgesinfo.fr\/app\/uploads\/sites\/4\/2024\/08\/202203salveco.jpg","keywords":["Alta\u00efr","Chimie du v\u00e9g\u00e9tal","Salveco"],"articleSection":["A la Une","\u00c9conomie","Saint-Di\u00e9-des-Vosges et son Agglom\u00e9ration"],"inLanguage":"fr-FR","potentialAction":[{"@type":"CommentAction","name":"Comment","target":["https:\/\/vosgesinfo.fr\/saintdieinfo\/2022\/03\/groupe-altair-signe-partenariat-salveco\/#respond"]}]},{"@type":"WebPage","@id":"https:\/\/vosgesinfo.fr\/saintdieinfo\/2022\/03\/groupe-altair-signe-partenariat-salveco\/","url":"https:\/\/vosgesinfo.fr\/saintdieinfo\/2022\/03\/groupe-altair-signe-partenariat-salveco\/","name":"Le groupe Alta\u00efr signe un partenariat avec Salveco - Saint Die Info","isPartOf":{"@id":"https:\/\/vosgesinfo.fr\/saintdieinfo\/#website"},"primaryImageOfPage":{"@id":"https:\/\/vosgesinfo.fr\/saintdieinfo\/2022\/03\/groupe-altair-signe-partenariat-salveco\/#primaryimage"},"image":{"@id":"https:\/\/vosgesinfo.fr\/saintdieinfo\/2022\/03\/groupe-altair-signe-partenariat-salveco\/#primaryimage"},"thumbnailUrl":"https:\/\/vosgesinfo.fr\/app\/uploads\/sites\/4\/2024\/08\/202203salveco.jpg","datePublished":"2022-03-24T15:19:20+00:00","dateModified":"2022-03-24T15:19:20+00:00","breadcrumb":{"@id":"https:\/\/vosgesinfo.fr\/saintdieinfo\/2022\/03\/groupe-altair-signe-partenariat-salveco\/#breadcrumb"},"inLanguage":"fr-FR","potentialAction":[{"@type":"ReadAction","target":["https:\/\/vosgesinfo.fr\/saintdieinfo\/2022\/03\/groupe-altair-signe-partenariat-salveco\/"]}]},{"@type":"ImageObject","inLanguage":"fr-FR","@id":"https:\/\/vosgesinfo.fr\/saintdieinfo\/2022\/03\/groupe-altair-signe-partenariat-salveco\/#primaryimage","url":"https:\/\/vosgesinfo.fr\/app\/uploads\/sites\/4\/2024\/08\/202203salveco.jpg","contentUrl":"https:\/\/vosgesinfo.fr\/app\/uploads\/sites\/4\/2024\/08\/202203salveco.jpg","width":592,"height":523},{"@type":"BreadcrumbList","@id":"https:\/\/vosgesinfo.fr\/saintdieinfo\/2022\/03\/groupe-altair-signe-partenariat-salveco\/#breadcrumb","itemListElement":[{"@type":"ListItem","position":1,"name":"Home","item":"https:\/\/vosgesinfo.fr\/saintdieinfo\/"},{"@type":"ListItem","position":2,"name":"Le groupe Alta\u00efr signe un partenariat avec Salveco"}]},{"@type":"WebSite","@id":"https:\/\/vosgesinfo.fr\/saintdieinfo\/#website","url":"https:\/\/vosgesinfo.fr\/saintdieinfo\/","name":"Saint Die Info","description":"Toute l&#039;actualit\u00e9 de Saint-Di\u00e9-Des-Vosges","publisher":{"@id":"https:\/\/vosgesinfo.fr\/saintdieinfo\/#organization"},"alternateName":"Toute l'actualit\u00e9 de Saint-Di\u00e9-Des-Vosges","potentialAction":[{"@type":"SearchAction","target":{"@type":"EntryPoint","urlTemplate":"https:\/\/vosgesinfo.fr\/saintdieinfo\/?s={search_term_string}"},"query-input":"required name=search_term_string"}],"inLanguage":"fr-FR"},{"@type":"Organization","@id":"https:\/\/vosgesinfo.fr\/saintdieinfo\/#organization","name":"Saint Die Info","url":"https:\/\/vosgesinfo.fr\/saintdieinfo\/","logo":{"@type":"ImageObject","inLanguage":"fr-FR","@id":"https:\/\/vosgesinfo.fr\/saintdieinfo\/#\/schema\/logo\/image\/","url":"https:\/\/vosgesinfo.fr\/app\/uploads\/sites\/4\/2024\/02\/logo-sdi.jpg","contentUrl":"https:\/\/vosgesinfo.fr\/app\/uploads\/sites\/4\/2024\/02\/logo-sdi.jpg","width":600,"height":600,"caption":"Saint Die Info"},"image":{"@id":"https:\/\/vosgesinfo.fr\/saintdieinfo\/#\/schema\/logo\/image\/"},"sameAs":["https:\/\/www.facebook.com\/Saintdieinfofr","https:\/\/x.com\/VosgesInfo88","https:\/\/www.youtube.com\/@vosgesinfo"]},{"@type":"Person","@id":"https:\/\/vosgesinfo.fr\/saintdieinfo\/#\/schema\/person\/faee6704a21f3977511db84bd1cd450f","name":"la r\u00e9daction","image":{"@type":"ImageObject","inLanguage":"fr-FR","@id":"https:\/\/vosgesinfo.fr\/saintdieinfo\/#\/schema\/person\/image\/","url":"https:\/\/secure.gravatar.com\/avatar\/6673d8bc6a9c17fa9a453eaa3448de834fa308c2ec9635b7aa99441a7c8d2cf6?s=96&d=mm&r=g","contentUrl":"https:\/\/secure.gravatar.com\/avatar\/6673d8bc6a9c17fa9a453eaa3448de834fa308c2ec9635b7aa99441a7c8d2cf6?s=96&d=mm&r=g","caption":"la r\u00e9daction"},"url":"https:\/\/vosgesinfo.fr\/saintdieinfo\/author\/redac\/"}]}},"_links":{"self":[{"href":"https:\/\/vosgesinfo.fr\/saintdieinfo\/wp-json\/wp\/v2\/posts\/48277","targetHints":{"allow":["GET"]}}],"collection":[{"href":"https:\/\/vosgesinfo.fr\/saintdieinfo\/wp-json\/wp\/v2\/posts"}],"about":[{"href":"https:\/\/vosgesinfo.fr\/saintdieinfo\/wp-json\/wp\/v2\/types\/post"}],"author":[{"embeddable":true,"href":"https:\/\/vosgesinfo.fr\/saintdieinfo\/wp-json\/wp\/v2\/users\/44"}],"replies":[{"embeddable":true,"href":"https:\/\/vosgesinfo.fr\/saintdieinfo\/wp-json\/wp\/v2\/comments?post=48277"}],"version-history":[{"count":0,"href":"https:\/\/vosgesinfo.fr\/saintdieinfo\/wp-json\/wp\/v2\/posts\/48277\/revisions"}],"wp:featuredmedia":[{"embeddable":true,"href":"https:\/\/vosgesinfo.fr\/saintdieinfo\/wp-json\/wp\/v2\/media\/48278"}],"wp:attachment":[{"href":"https:\/\/vosgesinfo.fr\/saintdieinfo\/wp-json\/wp\/v2\/media?parent=48277"}],"wp:term":[{"taxonomy":"category","embeddable":true,"href":"https:\/\/vosgesinfo.fr\/saintdieinfo\/wp-json\/wp\/v2\/categories?post=48277"},{"taxonomy":"post_tag","embeddable":true,"href":"https:\/\/vosgesinfo.fr\/saintdieinfo\/wp-json\/wp\/v2\/tags?post=48277"}],"curies":[{"name":"wp","href":"https:\/\/api.w.org\/{rel}","templated":true}]}}