{"id":48284,"date":"2022-03-25T06:59:16","date_gmt":"2022-03-25T05:59:16","guid":{"rendered":"https:\/\/vosgesinfo.fr\/saintdieinfo\/2022\/03\/priere-paix-consecration-a-lhumanite-a-cathedrale-de-saint-die-vosges\/"},"modified":"2022-03-25T06:59:16","modified_gmt":"2022-03-25T05:59:16","slug":"priere-paix-consecration-a-lhumanite-a-cathedrale-de-saint-die-vosges","status":"publish","type":"post","link":"https:\/\/vosgesinfo.fr\/saintdieinfo\/2022\/03\/priere-paix-consecration-a-lhumanite-a-cathedrale-de-saint-die-vosges\/","title":{"rendered":"Pri\u00e8re pour la Paix et cons\u00e9cration \u00e0 l&rsquo;humanit\u00e9 \u00e0 la cath\u00e9drale de Saint-Di\u00e9-des-Vosges"},"content":{"rendered":"<p><a href=\"\/2022\/03\/Pri\u00e8re_Ukraine_Russie_SDDV.jpg\" target=\"_blank\" rel=\"noopener\"><img decoding=\"async\" class=\"aligncenter wp-image-180748 size-full\" src=\"\/2022\/03\/Pri\u00e8re_Ukraine_Russie_SDDV.jpg\" alt=\"Pri\u00e8re_Ukraine_Russie_SDDV\" width=\"751\" height=\"303\" \/><\/a><\/p>\n<h2><strong><span style=\"font-size: 14pt;\">Vendredi 25 mars, jour de la f\u00eate de l\u2019Annonciation, le Pape consacrera la Russie et l\u2019Ukraine au c\u0153ur Immacul\u00e9 de Marie. Le Pape appelle les \u00e9v\u00eaques et les pr\u00eatres du monde entier \u00e0 s\u2019unir \u00e0 cette d\u00e9marche, dans le contexte dramatique de la guerre en Ukraine.<\/span><\/strong><\/h2>\n<p><!--more--><\/p>\n<p>A Saint-Di\u00e9-des-Vosges, la pri\u00e8re Pri\u00e8re pour la paix et cons\u00e9cration de la Russie et de l&rsquo;Ukraine au coeur Immacul\u00e9 de Marie sera c\u00e9l\u00e9br\u00e9e \u00e0 17h \u00e0 la cath\u00e9drale par l&rsquo;\u00e9v\u00eaque Mgr Didier Berthet.<\/p>\n<p>C\u2019est un acte historique que va poser le pape Fran\u00e7ois le 25 mars prochain \u00e0 17h. Reprenant la demande faite par Notre-Dame aux bergers de Fatima en 1917, il prononcera la cons\u00e9cration de l\u2019Ukraine et de la Russie au c\u0153ur Immacul\u00e9 de Marie lors d\u2019une c\u00e9l\u00e9bration p\u00e9nitentielle \u00e0 la Basilique Saint-Pierre de Rome.<\/p>\n<p>Le pape Fran\u00e7ois a appel\u00e9 \u00e0 plusieurs reprises les chr\u00e9tiens \u00e0 je\u00fbner et \u00e0 prier pour la paix en Ukraine. Le premier jour du Car\u00eame, le Mercredi des Cendres, avait ainsi \u00e9t\u00e9 consacr\u00e9 \u00e0 cette intention. Le 6 mars, il a lanc\u00e9 un appel vibrant aux chr\u00e9tiens du monde entier, \u00e0 prier pour l\u2019Ukraine, o\u00f9 \u00ab coulent des fleuves de sang et de larmes \u00bb. Appel renouvel\u00e9 le 13 mars lors de l\u2019ang\u00e9lus, lorsqu\u2019il a demand\u00e9 \u00ab \u00e0 toutes les communaut\u00e9s dioc\u00e9saines et religieuses de multiplier les moments de pri\u00e8re pour la Paix \u00bb.<\/p>\n","protected":false},"excerpt":{"rendered":"<p>Vendredi 25 mars, jour de la f\u00eate de l\u2019Annonciation, le Pape consacrera la Russie et l\u2019Ukraine au c\u0153ur Immacul\u00e9 de [&hellip;]<\/p>\n","protected":false},"author":44,"featured_media":48285,"comment_status":"open","ping_status":"open","sticky":false,"template":"","format":"standard","meta":{"footnotes":""},"categories":[460,2915],"tags":[2980,3031,10776],"class_list":["post-48284","post","type-post","status-publish","format-standard","has-post-thumbnail","hentry","category-a-la-une","category-saint-die-son-canton","tag-cathedrale-de-saint-die-des-vosges","tag-diocese-de-saint-die-des-vosges","tag-fete-de-lannonciation"],"acf":[],"yoast_head":"<!-- This site is optimized with the Yoast SEO plugin v22.5 - https:\/\/yoast.com\/wordpress\/plugins\/seo\/ -->\n<title>Pri\u00e8re pour la Paix et cons\u00e9cration \u00e0 l&#039;humanit\u00e9 \u00e0 la cath\u00e9drale de Saint-Di\u00e9-des-Vosges - Saint Die Info<\/title>\n<meta name=\"robots\" content=\"index, follow, max-snippet:-1, max-image-preview:large, max-video-preview:-1\" \/>\n<link rel=\"canonical\" href=\"https:\/\/vosgesinfo.fr\/saintdieinfo\/2022\/03\/priere-paix-consecration-a-lhumanite-a-cathedrale-de-saint-die-vosges\/\" \/>\n<meta name=\"twitter:card\" content=\"summary_large_image\" \/>\n<meta name=\"twitter:title\" content=\"Pri\u00e8re pour la Paix et cons\u00e9cration \u00e0 l&#039;humanit\u00e9 \u00e0 la cath\u00e9drale de Saint-Di\u00e9-des-Vosges - Saint Die Info\" \/>\n<meta name=\"twitter:description\" content=\"Vendredi 25 mars, jour de la f\u00eate de l\u2019Annonciation, le Pape consacrera la Russie et l\u2019Ukraine au c\u0153ur Immacul\u00e9 de [&hellip;]\" \/>\n<meta name=\"twitter:image\" content=\"https:\/\/vosgesinfo.fr\/app\/uploads\/sites\/4\/2024\/08\/202203priere-ukraine-russie-sddv.jpg\" \/>\n<meta name=\"twitter:creator\" content=\"@VosgesInfo88\" \/>\n<meta name=\"twitter:site\" content=\"@VosgesInfo88\" \/>\n<meta name=\"twitter:label1\" content=\"\u00c9crit par\" \/>\n\t<meta name=\"twitter:data1\" content=\"la r\u00e9daction\" \/>\n\t<meta name=\"twitter:label2\" content=\"Dur\u00e9e de lecture estim\u00e9e\" \/>\n\t<meta name=\"twitter:data2\" content=\"1 minute\" \/>\n<script type=\"application\/ld+json\" class=\"yoast-schema-graph\">{\"@context\":\"https:\/\/schema.org\",\"@graph\":[{\"@type\":\"Article\",\"@id\":\"https:\/\/vosgesinfo.fr\/saintdieinfo\/2022\/03\/priere-paix-consecration-a-lhumanite-a-cathedrale-de-saint-die-vosges\/#article\",\"isPartOf\":{\"@id\":\"https:\/\/vosgesinfo.fr\/saintdieinfo\/2022\/03\/priere-paix-consecration-a-lhumanite-a-cathedrale-de-saint-die-vosges\/\"},\"author\":{\"name\":\"la r\u00e9daction\",\"@id\":\"https:\/\/vosgesinfo.fr\/saintdieinfo\/#\/schema\/person\/faee6704a21f3977511db84bd1cd450f\"},\"headline\":\"Pri\u00e8re pour la Paix et cons\u00e9cration \u00e0 l&rsquo;humanit\u00e9 \u00e0 la cath\u00e9drale de Saint-Di\u00e9-des-Vosges\",\"datePublished\":\"2022-03-25T05:59:16+00:00\",\"dateModified\":\"2022-03-25T05:59:16+00:00\",\"mainEntityOfPage\":{\"@id\":\"https:\/\/vosgesinfo.fr\/saintdieinfo\/2022\/03\/priere-paix-consecration-a-lhumanite-a-cathedrale-de-saint-die-vosges\/\"},\"wordCount\":261,\"commentCount\":0,\"publisher\":{\"@id\":\"https:\/\/vosgesinfo.fr\/saintdieinfo\/#organization\"},\"image\":{\"@id\":\"https:\/\/vosgesinfo.fr\/saintdieinfo\/2022\/03\/priere-paix-consecration-a-lhumanite-a-cathedrale-de-saint-die-vosges\/#primaryimage\"},\"thumbnailUrl\":\"https:\/\/vosgesinfo.fr\/app\/uploads\/sites\/4\/2024\/08\/202203priere-ukraine-russie-sddv.jpg\",\"keywords\":[\"Cath\u00e9drale de Saint-Di\u00e9-des-Vosges\",\"Dioc\u00e8se de Saint-Di\u00e9-des-Vosges\",\"F\u00eate de l'Annonciation\"],\"articleSection\":[\"A la Une\",\"Saint-Di\u00e9-des-Vosges et son Agglom\u00e9ration\"],\"inLanguage\":\"fr-FR\",\"potentialAction\":[{\"@type\":\"CommentAction\",\"name\":\"Comment\",\"target\":[\"https:\/\/vosgesinfo.fr\/saintdieinfo\/2022\/03\/priere-paix-consecration-a-lhumanite-a-cathedrale-de-saint-die-vosges\/#respond\"]}]},{\"@type\":\"WebPage\",\"@id\":\"https:\/\/vosgesinfo.fr\/saintdieinfo\/2022\/03\/priere-paix-consecration-a-lhumanite-a-cathedrale-de-saint-die-vosges\/\",\"url\":\"https:\/\/vosgesinfo.fr\/saintdieinfo\/2022\/03\/priere-paix-consecration-a-lhumanite-a-cathedrale-de-saint-die-vosges\/\",\"name\":\"Pri\u00e8re pour la Paix et cons\u00e9cration \u00e0 l'humanit\u00e9 \u00e0 la cath\u00e9drale de Saint-Di\u00e9-des-Vosges - Saint Die Info\",\"isPartOf\":{\"@id\":\"https:\/\/vosgesinfo.fr\/saintdieinfo\/#website\"},\"primaryImageOfPage\":{\"@id\":\"https:\/\/vosgesinfo.fr\/saintdieinfo\/2022\/03\/priere-paix-consecration-a-lhumanite-a-cathedrale-de-saint-die-vosges\/#primaryimage\"},\"image\":{\"@id\":\"https:\/\/vosgesinfo.fr\/saintdieinfo\/2022\/03\/priere-paix-consecration-a-lhumanite-a-cathedrale-de-saint-die-vosges\/#primaryimage\"},\"thumbnailUrl\":\"https:\/\/vosgesinfo.fr\/app\/uploads\/sites\/4\/2024\/08\/202203priere-ukraine-russie-sddv.jpg\",\"datePublished\":\"2022-03-25T05:59:16+00:00\",\"dateModified\":\"2022-03-25T05:59:16+00:00\",\"breadcrumb\":{\"@id\":\"https:\/\/vosgesinfo.fr\/saintdieinfo\/2022\/03\/priere-paix-consecration-a-lhumanite-a-cathedrale-de-saint-die-vosges\/#breadcrumb\"},\"inLanguage\":\"fr-FR\",\"potentialAction\":[{\"@type\":\"ReadAction\",\"target\":[\"https:\/\/vosgesinfo.fr\/saintdieinfo\/2022\/03\/priere-paix-consecration-a-lhumanite-a-cathedrale-de-saint-die-vosges\/\"]}]},{\"@type\":\"ImageObject\",\"inLanguage\":\"fr-FR\",\"@id\":\"https:\/\/vosgesinfo.fr\/saintdieinfo\/2022\/03\/priere-paix-consecration-a-lhumanite-a-cathedrale-de-saint-die-vosges\/#primaryimage\",\"url\":\"https:\/\/vosgesinfo.fr\/app\/uploads\/sites\/4\/2024\/08\/202203priere-ukraine-russie-sddv.jpg\",\"contentUrl\":\"https:\/\/vosgesinfo.fr\/app\/uploads\/sites\/4\/2024\/08\/202203priere-ukraine-russie-sddv.jpg\",\"width\":751,\"height\":303},{\"@type\":\"BreadcrumbList\",\"@id\":\"https:\/\/vosgesinfo.fr\/saintdieinfo\/2022\/03\/priere-paix-consecration-a-lhumanite-a-cathedrale-de-saint-die-vosges\/#breadcrumb\",\"itemListElement\":[{\"@type\":\"ListItem\",\"position\":1,\"name\":\"Home\",\"item\":\"https:\/\/vosgesinfo.fr\/saintdieinfo\/\"},{\"@type\":\"ListItem\",\"position\":2,\"name\":\"Pri\u00e8re pour la Paix et cons\u00e9cration \u00e0 l&rsquo;humanit\u00e9 \u00e0 la cath\u00e9drale de Saint-Di\u00e9-des-Vosges\"}]},{\"@type\":\"WebSite\",\"@id\":\"https:\/\/vosgesinfo.fr\/saintdieinfo\/#website\",\"url\":\"https:\/\/vosgesinfo.fr\/saintdieinfo\/\",\"name\":\"Saint Die Info\",\"description\":\"Toute l&#039;actualit\u00e9 de Saint-Di\u00e9-Des-Vosges\",\"publisher\":{\"@id\":\"https:\/\/vosgesinfo.fr\/saintdieinfo\/#organization\"},\"alternateName\":\"Toute l'actualit\u00e9 de Saint-Di\u00e9-Des-Vosges\",\"potentialAction\":[{\"@type\":\"SearchAction\",\"target\":{\"@type\":\"EntryPoint\",\"urlTemplate\":\"https:\/\/vosgesinfo.fr\/saintdieinfo\/?s={search_term_string}\"},\"query-input\":\"required name=search_term_string\"}],\"inLanguage\":\"fr-FR\"},{\"@type\":\"Organization\",\"@id\":\"https:\/\/vosgesinfo.fr\/saintdieinfo\/#organization\",\"name\":\"Saint Die Info\",\"url\":\"https:\/\/vosgesinfo.fr\/saintdieinfo\/\",\"logo\":{\"@type\":\"ImageObject\",\"inLanguage\":\"fr-FR\",\"@id\":\"https:\/\/vosgesinfo.fr\/saintdieinfo\/#\/schema\/logo\/image\/\",\"url\":\"https:\/\/vosgesinfo.fr\/app\/uploads\/sites\/4\/2024\/02\/logo-sdi.jpg\",\"contentUrl\":\"https:\/\/vosgesinfo.fr\/app\/uploads\/sites\/4\/2024\/02\/logo-sdi.jpg\",\"width\":600,\"height\":600,\"caption\":\"Saint Die Info\"},\"image\":{\"@id\":\"https:\/\/vosgesinfo.fr\/saintdieinfo\/#\/schema\/logo\/image\/\"},\"sameAs\":[\"https:\/\/www.facebook.com\/Saintdieinfofr\",\"https:\/\/x.com\/VosgesInfo88\",\"https:\/\/www.youtube.com\/@vosgesinfo\"]},{\"@type\":\"Person\",\"@id\":\"https:\/\/vosgesinfo.fr\/saintdieinfo\/#\/schema\/person\/faee6704a21f3977511db84bd1cd450f\",\"name\":\"la r\u00e9daction\",\"image\":{\"@type\":\"ImageObject\",\"inLanguage\":\"fr-FR\",\"@id\":\"https:\/\/vosgesinfo.fr\/saintdieinfo\/#\/schema\/person\/image\/\",\"url\":\"https:\/\/secure.gravatar.com\/avatar\/6673d8bc6a9c17fa9a453eaa3448de834fa308c2ec9635b7aa99441a7c8d2cf6?s=96&d=mm&r=g\",\"contentUrl\":\"https:\/\/secure.gravatar.com\/avatar\/6673d8bc6a9c17fa9a453eaa3448de834fa308c2ec9635b7aa99441a7c8d2cf6?s=96&d=mm&r=g\",\"caption\":\"la r\u00e9daction\"},\"url\":\"https:\/\/vosgesinfo.fr\/saintdieinfo\/author\/redac\/\"}]}<\/script>\n<!-- \/ Yoast SEO plugin. -->","yoast_head_json":{"title":"Pri\u00e8re pour la Paix et cons\u00e9cration \u00e0 l'humanit\u00e9 \u00e0 la cath\u00e9drale de Saint-Di\u00e9-des-Vosges - Saint Die Info","robots":{"index":"index","follow":"follow","max-snippet":"max-snippet:-1","max-image-preview":"max-image-preview:large","max-video-preview":"max-video-preview:-1"},"canonical":"https:\/\/vosgesinfo.fr\/saintdieinfo\/2022\/03\/priere-paix-consecration-a-lhumanite-a-cathedrale-de-saint-die-vosges\/","twitter_card":"summary_large_image","twitter_title":"Pri\u00e8re pour la Paix et cons\u00e9cration \u00e0 l'humanit\u00e9 \u00e0 la cath\u00e9drale de Saint-Di\u00e9-des-Vosges - Saint Die Info","twitter_description":"Vendredi 25 mars, jour de la f\u00eate de l\u2019Annonciation, le Pape consacrera la Russie et l\u2019Ukraine au c\u0153ur Immacul\u00e9 de [&hellip;]","twitter_image":"https:\/\/vosgesinfo.fr\/app\/uploads\/sites\/4\/2024\/08\/202203priere-ukraine-russie-sddv.jpg","twitter_creator":"@VosgesInfo88","twitter_site":"@VosgesInfo88","twitter_misc":{"\u00c9crit par":"la r\u00e9daction","Dur\u00e9e de lecture estim\u00e9e":"1 minute"},"schema":{"@context":"https:\/\/schema.org","@graph":[{"@type":"Article","@id":"https:\/\/vosgesinfo.fr\/saintdieinfo\/2022\/03\/priere-paix-consecration-a-lhumanite-a-cathedrale-de-saint-die-vosges\/#article","isPartOf":{"@id":"https:\/\/vosgesinfo.fr\/saintdieinfo\/2022\/03\/priere-paix-consecration-a-lhumanite-a-cathedrale-de-saint-die-vosges\/"},"author":{"name":"la r\u00e9daction","@id":"https:\/\/vosgesinfo.fr\/saintdieinfo\/#\/schema\/person\/faee6704a21f3977511db84bd1cd450f"},"headline":"Pri\u00e8re pour la Paix et cons\u00e9cration \u00e0 l&rsquo;humanit\u00e9 \u00e0 la cath\u00e9drale de Saint-Di\u00e9-des-Vosges","datePublished":"2022-03-25T05:59:16+00:00","dateModified":"2022-03-25T05:59:16+00:00","mainEntityOfPage":{"@id":"https:\/\/vosgesinfo.fr\/saintdieinfo\/2022\/03\/priere-paix-consecration-a-lhumanite-a-cathedrale-de-saint-die-vosges\/"},"wordCount":261,"commentCount":0,"publisher":{"@id":"https:\/\/vosgesinfo.fr\/saintdieinfo\/#organization"},"image":{"@id":"https:\/\/vosgesinfo.fr\/saintdieinfo\/2022\/03\/priere-paix-consecration-a-lhumanite-a-cathedrale-de-saint-die-vosges\/#primaryimage"},"thumbnailUrl":"https:\/\/vosgesinfo.fr\/app\/uploads\/sites\/4\/2024\/08\/202203priere-ukraine-russie-sddv.jpg","keywords":["Cath\u00e9drale de Saint-Di\u00e9-des-Vosges","Dioc\u00e8se de Saint-Di\u00e9-des-Vosges","F\u00eate de l'Annonciation"],"articleSection":["A la Une","Saint-Di\u00e9-des-Vosges et son Agglom\u00e9ration"],"inLanguage":"fr-FR","potentialAction":[{"@type":"CommentAction","name":"Comment","target":["https:\/\/vosgesinfo.fr\/saintdieinfo\/2022\/03\/priere-paix-consecration-a-lhumanite-a-cathedrale-de-saint-die-vosges\/#respond"]}]},{"@type":"WebPage","@id":"https:\/\/vosgesinfo.fr\/saintdieinfo\/2022\/03\/priere-paix-consecration-a-lhumanite-a-cathedrale-de-saint-die-vosges\/","url":"https:\/\/vosgesinfo.fr\/saintdieinfo\/2022\/03\/priere-paix-consecration-a-lhumanite-a-cathedrale-de-saint-die-vosges\/","name":"Pri\u00e8re pour la Paix et cons\u00e9cration \u00e0 l'humanit\u00e9 \u00e0 la cath\u00e9drale de Saint-Di\u00e9-des-Vosges - Saint Die Info","isPartOf":{"@id":"https:\/\/vosgesinfo.fr\/saintdieinfo\/#website"},"primaryImageOfPage":{"@id":"https:\/\/vosgesinfo.fr\/saintdieinfo\/2022\/03\/priere-paix-consecration-a-lhumanite-a-cathedrale-de-saint-die-vosges\/#primaryimage"},"image":{"@id":"https:\/\/vosgesinfo.fr\/saintdieinfo\/2022\/03\/priere-paix-consecration-a-lhumanite-a-cathedrale-de-saint-die-vosges\/#primaryimage"},"thumbnailUrl":"https:\/\/vosgesinfo.fr\/app\/uploads\/sites\/4\/2024\/08\/202203priere-ukraine-russie-sddv.jpg","datePublished":"2022-03-25T05:59:16+00:00","dateModified":"2022-03-25T05:59:16+00:00","breadcrumb":{"@id":"https:\/\/vosgesinfo.fr\/saintdieinfo\/2022\/03\/priere-paix-consecration-a-lhumanite-a-cathedrale-de-saint-die-vosges\/#breadcrumb"},"inLanguage":"fr-FR","potentialAction":[{"@type":"ReadAction","target":["https:\/\/vosgesinfo.fr\/saintdieinfo\/2022\/03\/priere-paix-consecration-a-lhumanite-a-cathedrale-de-saint-die-vosges\/"]}]},{"@type":"ImageObject","inLanguage":"fr-FR","@id":"https:\/\/vosgesinfo.fr\/saintdieinfo\/2022\/03\/priere-paix-consecration-a-lhumanite-a-cathedrale-de-saint-die-vosges\/#primaryimage","url":"https:\/\/vosgesinfo.fr\/app\/uploads\/sites\/4\/2024\/08\/202203priere-ukraine-russie-sddv.jpg","contentUrl":"https:\/\/vosgesinfo.fr\/app\/uploads\/sites\/4\/2024\/08\/202203priere-ukraine-russie-sddv.jpg","width":751,"height":303},{"@type":"BreadcrumbList","@id":"https:\/\/vosgesinfo.fr\/saintdieinfo\/2022\/03\/priere-paix-consecration-a-lhumanite-a-cathedrale-de-saint-die-vosges\/#breadcrumb","itemListElement":[{"@type":"ListItem","position":1,"name":"Home","item":"https:\/\/vosgesinfo.fr\/saintdieinfo\/"},{"@type":"ListItem","position":2,"name":"Pri\u00e8re pour la Paix et cons\u00e9cration \u00e0 l&rsquo;humanit\u00e9 \u00e0 la cath\u00e9drale de Saint-Di\u00e9-des-Vosges"}]},{"@type":"WebSite","@id":"https:\/\/vosgesinfo.fr\/saintdieinfo\/#website","url":"https:\/\/vosgesinfo.fr\/saintdieinfo\/","name":"Saint Die Info","description":"Toute l&#039;actualit\u00e9 de Saint-Di\u00e9-Des-Vosges","publisher":{"@id":"https:\/\/vosgesinfo.fr\/saintdieinfo\/#organization"},"alternateName":"Toute l'actualit\u00e9 de Saint-Di\u00e9-Des-Vosges","potentialAction":[{"@type":"SearchAction","target":{"@type":"EntryPoint","urlTemplate":"https:\/\/vosgesinfo.fr\/saintdieinfo\/?s={search_term_string}"},"query-input":"required name=search_term_string"}],"inLanguage":"fr-FR"},{"@type":"Organization","@id":"https:\/\/vosgesinfo.fr\/saintdieinfo\/#organization","name":"Saint Die Info","url":"https:\/\/vosgesinfo.fr\/saintdieinfo\/","logo":{"@type":"ImageObject","inLanguage":"fr-FR","@id":"https:\/\/vosgesinfo.fr\/saintdieinfo\/#\/schema\/logo\/image\/","url":"https:\/\/vosgesinfo.fr\/app\/uploads\/sites\/4\/2024\/02\/logo-sdi.jpg","contentUrl":"https:\/\/vosgesinfo.fr\/app\/uploads\/sites\/4\/2024\/02\/logo-sdi.jpg","width":600,"height":600,"caption":"Saint Die Info"},"image":{"@id":"https:\/\/vosgesinfo.fr\/saintdieinfo\/#\/schema\/logo\/image\/"},"sameAs":["https:\/\/www.facebook.com\/Saintdieinfofr","https:\/\/x.com\/VosgesInfo88","https:\/\/www.youtube.com\/@vosgesinfo"]},{"@type":"Person","@id":"https:\/\/vosgesinfo.fr\/saintdieinfo\/#\/schema\/person\/faee6704a21f3977511db84bd1cd450f","name":"la r\u00e9daction","image":{"@type":"ImageObject","inLanguage":"fr-FR","@id":"https:\/\/vosgesinfo.fr\/saintdieinfo\/#\/schema\/person\/image\/","url":"https:\/\/secure.gravatar.com\/avatar\/6673d8bc6a9c17fa9a453eaa3448de834fa308c2ec9635b7aa99441a7c8d2cf6?s=96&d=mm&r=g","contentUrl":"https:\/\/secure.gravatar.com\/avatar\/6673d8bc6a9c17fa9a453eaa3448de834fa308c2ec9635b7aa99441a7c8d2cf6?s=96&d=mm&r=g","caption":"la r\u00e9daction"},"url":"https:\/\/vosgesinfo.fr\/saintdieinfo\/author\/redac\/"}]}},"_links":{"self":[{"href":"https:\/\/vosgesinfo.fr\/saintdieinfo\/wp-json\/wp\/v2\/posts\/48284","targetHints":{"allow":["GET"]}}],"collection":[{"href":"https:\/\/vosgesinfo.fr\/saintdieinfo\/wp-json\/wp\/v2\/posts"}],"about":[{"href":"https:\/\/vosgesinfo.fr\/saintdieinfo\/wp-json\/wp\/v2\/types\/post"}],"author":[{"embeddable":true,"href":"https:\/\/vosgesinfo.fr\/saintdieinfo\/wp-json\/wp\/v2\/users\/44"}],"replies":[{"embeddable":true,"href":"https:\/\/vosgesinfo.fr\/saintdieinfo\/wp-json\/wp\/v2\/comments?post=48284"}],"version-history":[{"count":0,"href":"https:\/\/vosgesinfo.fr\/saintdieinfo\/wp-json\/wp\/v2\/posts\/48284\/revisions"}],"wp:featuredmedia":[{"embeddable":true,"href":"https:\/\/vosgesinfo.fr\/saintdieinfo\/wp-json\/wp\/v2\/media\/48285"}],"wp:attachment":[{"href":"https:\/\/vosgesinfo.fr\/saintdieinfo\/wp-json\/wp\/v2\/media?parent=48284"}],"wp:term":[{"taxonomy":"category","embeddable":true,"href":"https:\/\/vosgesinfo.fr\/saintdieinfo\/wp-json\/wp\/v2\/categories?post=48284"},{"taxonomy":"post_tag","embeddable":true,"href":"https:\/\/vosgesinfo.fr\/saintdieinfo\/wp-json\/wp\/v2\/tags?post=48284"}],"curies":[{"name":"wp","href":"https:\/\/api.w.org\/{rel}","templated":true}]}}