{"id":48475,"date":"2022-03-29T14:19:56","date_gmt":"2022-03-29T12:19:56","guid":{"rendered":"https:\/\/vosgesinfo.fr\/saintdieinfo\/2022\/03\/cite-scolaire-jules-ferry-engagee-demarche-faveur-de-biodiversite\/"},"modified":"2022-03-29T14:19:56","modified_gmt":"2022-03-29T12:19:56","slug":"cite-scolaire-jules-ferry-engagee-demarche-faveur-de-biodiversite","status":"publish","type":"post","link":"https:\/\/vosgesinfo.fr\/saintdieinfo\/2022\/03\/cite-scolaire-jules-ferry-engagee-demarche-faveur-de-biodiversite\/","title":{"rendered":"La Cit\u00e9 Scolaire Jules-Ferry engag\u00e9e dans une d\u00e9marche en faveur de la biodiversit\u00e9"},"content":{"rendered":"<p><a href=\"\/2022\/03\/1000_Arbres_Cit\u00e9_Scolaire_Jules-Ferry-5.jpg\" target=\"_blank\" rel=\"noopener\"><img decoding=\"async\" class=\"aligncenter wp-image-181005 size-large\" src=\"\/2022\/03\/1000_Arbres_Cit\u00e9_Scolaire_Jules-Ferry-5-1024x771.jpg\" alt=\"1000_Arbres_Cit\u00e9_Scolaire_Jules-Ferry (5)\" width=\"960\" height=\"723\" \/><\/a><\/p>\n<h2><strong><span style=\"font-size: 14pt;\">La Cit\u00e9 Scolaire Jules-Ferry est engag\u00e9e dans une d\u00e9marche en faveur de la biodiversit\u00e9. La r\u00e9cente obtention du label \u00ab\u00a0Espace Nature 2021\u00a0\u00bb \u2013 avec 2 libellules \u2013 par la R\u00e9gion Grand Est et l&rsquo;agence de l&rsquo;Eau Rhin-Meuse vient notamment r\u00e9compenser cet engagement.<\/span><\/strong><\/h2>\n<p><!--more--><\/p>\n<p>La Cit\u00e9 Scolaire d\u00e9odatienne n&rsquo;utilise notamment plus de produit phytosanitaire ni de pesticide pour l&rsquo;entretien de ses espaces verts, qui sont aujourd&rsquo;hui g\u00e9r\u00e9s de mani\u00e8re diff\u00e9renci\u00e9e. Ce qui se traduit par exemple par une fauche tardive. En parall\u00e8le, divers projets p\u00e9dagogiques port\u00e9s sont men\u00e9s, port\u00e9s par les enseignants. Sensibilisation aux Aires Terrestres Educatives, aux \u00e9nergies renouvelables ou \u00e0 l&rsquo;anti-gaspillage alimentaire, ramassage de m\u00e9gots, arbre \u00e0 livres&#8230; ces projets sont divers et vari\u00e9s mais leur objectif est commun\u00a0: amener les \u00e9l\u00e8ves, du coll\u00e8ge comme du lyc\u00e9e, \u00e0 comprendre et \u00e0 int\u00e9grer les enjeux li\u00e9s \u00e0 la biodiversit\u00e9.<\/p>\n<p>C&rsquo;est dans cette logique que 2 arbres ont \u00e9t\u00e9 plant\u00e9s dans la cour de la Cit\u00e9 Scolaire ce mardi apr\u00e8s-midi, dans le cadre de l&rsquo;op\u00e9ration \u00ab\u00a01000 arbres pour la vie\u00a0\u00bb. La plantation de ces arbres, d&rsquo;essences \u00ab\u00a0Copalme d&rsquo;Am\u00e9rique\u00a0\u00bb et \u00ab\u00a0Ch\u00eane rouge d&rsquo;Am\u00e9rique\u00a0\u00bb, d\u00e9coule d&rsquo;une initiative de Marion Freine, gestionnaire de service, qui s&rsquo;est concr\u00e9tis\u00e9e avec le partenariat de la R\u00e9gion Grand Est. Les \u00e9l\u00e8ves ayant pour leur part contribu\u00e9 \u00e0 choisir l&#8217;emplacement des 2 arbres. Quant \u00e0 la prochaine \u00e9tape, elle sera de r\u00e9fl\u00e9chir \u00e0 la v\u00e9g\u00e9talisation de la cour de l&rsquo;\u00e9tablissement.<\/p>\n<p>J.J.<\/p>\n\n","protected":false},"excerpt":{"rendered":"<p>La Cit\u00e9 Scolaire Jules-Ferry est engag\u00e9e dans une d\u00e9marche en faveur de la biodiversit\u00e9. La r\u00e9cente obtention du label \u00ab\u00a0Espace [&hellip;]<\/p>\n","protected":false},"author":44,"featured_media":48476,"comment_status":"open","ping_status":"open","sticky":false,"template":"","format":"standard","meta":{"footnotes":""},"categories":[460,6,2915],"tags":[10825,3199,3352,10826,852],"class_list":["post-48475","post","type-post","status-publish","format-standard","has-post-thumbnail","hentry","category-a-la-une","category-education","category-saint-die-son-canton","tag-1000-arbres-pour-la-vie","tag-biodiversite","tag-cite-scolaire-jules-ferry","tag-label-espace-nature-2021","tag-region-grand-est"],"acf":[],"yoast_head":"<!-- This site is optimized with the Yoast SEO plugin v22.5 - https:\/\/yoast.com\/wordpress\/plugins\/seo\/ -->\n<title>La Cit\u00e9 Scolaire Jules-Ferry engag\u00e9e dans une d\u00e9marche en faveur de la biodiversit\u00e9 - Saint Die Info<\/title>\n<meta name=\"robots\" content=\"index, follow, max-snippet:-1, max-image-preview:large, max-video-preview:-1\" \/>\n<link rel=\"canonical\" href=\"https:\/\/vosgesinfo.fr\/saintdieinfo\/2022\/03\/cite-scolaire-jules-ferry-engagee-demarche-faveur-de-biodiversite\/\" \/>\n<meta name=\"twitter:card\" content=\"summary_large_image\" \/>\n<meta name=\"twitter:title\" content=\"La Cit\u00e9 Scolaire Jules-Ferry engag\u00e9e dans une d\u00e9marche en faveur de la biodiversit\u00e9 - Saint Die Info\" \/>\n<meta name=\"twitter:description\" content=\"La Cit\u00e9 Scolaire Jules-Ferry est engag\u00e9e dans une d\u00e9marche en faveur de la biodiversit\u00e9. La r\u00e9cente obtention du label \u00ab\u00a0Espace [&hellip;]\" \/>\n<meta name=\"twitter:image\" content=\"https:\/\/vosgesinfo.fr\/app\/uploads\/sites\/4\/2024\/08\/2022031000-arbres-cite-scolaire-jules-ferry-5.jpg\" \/>\n<meta name=\"twitter:creator\" content=\"@VosgesInfo88\" \/>\n<meta name=\"twitter:site\" content=\"@VosgesInfo88\" \/>\n<meta name=\"twitter:label1\" content=\"\u00c9crit par\" \/>\n\t<meta name=\"twitter:data1\" content=\"la r\u00e9daction\" \/>\n\t<meta name=\"twitter:label2\" content=\"Dur\u00e9e de lecture estim\u00e9e\" \/>\n\t<meta name=\"twitter:data2\" content=\"1 minute\" \/>\n<script type=\"application\/ld+json\" class=\"yoast-schema-graph\">{\"@context\":\"https:\/\/schema.org\",\"@graph\":[{\"@type\":\"Article\",\"@id\":\"https:\/\/vosgesinfo.fr\/saintdieinfo\/2022\/03\/cite-scolaire-jules-ferry-engagee-demarche-faveur-de-biodiversite\/#article\",\"isPartOf\":{\"@id\":\"https:\/\/vosgesinfo.fr\/saintdieinfo\/2022\/03\/cite-scolaire-jules-ferry-engagee-demarche-faveur-de-biodiversite\/\"},\"author\":{\"name\":\"la r\u00e9daction\",\"@id\":\"https:\/\/vosgesinfo.fr\/saintdieinfo\/#\/schema\/person\/faee6704a21f3977511db84bd1cd450f\"},\"headline\":\"La Cit\u00e9 Scolaire Jules-Ferry engag\u00e9e dans une d\u00e9marche en faveur de la biodiversit\u00e9\",\"datePublished\":\"2022-03-29T12:19:56+00:00\",\"dateModified\":\"2022-03-29T12:19:56+00:00\",\"mainEntityOfPage\":{\"@id\":\"https:\/\/vosgesinfo.fr\/saintdieinfo\/2022\/03\/cite-scolaire-jules-ferry-engagee-demarche-faveur-de-biodiversite\/\"},\"wordCount\":291,\"commentCount\":0,\"publisher\":{\"@id\":\"https:\/\/vosgesinfo.fr\/saintdieinfo\/#organization\"},\"image\":{\"@id\":\"https:\/\/vosgesinfo.fr\/saintdieinfo\/2022\/03\/cite-scolaire-jules-ferry-engagee-demarche-faveur-de-biodiversite\/#primaryimage\"},\"thumbnailUrl\":\"https:\/\/vosgesinfo.fr\/app\/uploads\/sites\/4\/2024\/08\/2022031000-arbres-cite-scolaire-jules-ferry-5.jpg\",\"keywords\":[\"1000 arbres pour la vie\",\"Biodiversit\u00e9\",\"Cit\u00e9 scolaire Jules-Ferry\",\"Label Espace Nature 2021\",\"R\u00e9gion Grand Est\"],\"articleSection\":[\"A la Une\",\"\u00c9ducation\",\"Saint-Di\u00e9-des-Vosges et son Agglom\u00e9ration\"],\"inLanguage\":\"fr-FR\",\"potentialAction\":[{\"@type\":\"CommentAction\",\"name\":\"Comment\",\"target\":[\"https:\/\/vosgesinfo.fr\/saintdieinfo\/2022\/03\/cite-scolaire-jules-ferry-engagee-demarche-faveur-de-biodiversite\/#respond\"]}]},{\"@type\":\"WebPage\",\"@id\":\"https:\/\/vosgesinfo.fr\/saintdieinfo\/2022\/03\/cite-scolaire-jules-ferry-engagee-demarche-faveur-de-biodiversite\/\",\"url\":\"https:\/\/vosgesinfo.fr\/saintdieinfo\/2022\/03\/cite-scolaire-jules-ferry-engagee-demarche-faveur-de-biodiversite\/\",\"name\":\"La Cit\u00e9 Scolaire Jules-Ferry engag\u00e9e dans une d\u00e9marche en faveur de la biodiversit\u00e9 - Saint Die Info\",\"isPartOf\":{\"@id\":\"https:\/\/vosgesinfo.fr\/saintdieinfo\/#website\"},\"primaryImageOfPage\":{\"@id\":\"https:\/\/vosgesinfo.fr\/saintdieinfo\/2022\/03\/cite-scolaire-jules-ferry-engagee-demarche-faveur-de-biodiversite\/#primaryimage\"},\"image\":{\"@id\":\"https:\/\/vosgesinfo.fr\/saintdieinfo\/2022\/03\/cite-scolaire-jules-ferry-engagee-demarche-faveur-de-biodiversite\/#primaryimage\"},\"thumbnailUrl\":\"https:\/\/vosgesinfo.fr\/app\/uploads\/sites\/4\/2024\/08\/2022031000-arbres-cite-scolaire-jules-ferry-5.jpg\",\"datePublished\":\"2022-03-29T12:19:56+00:00\",\"dateModified\":\"2022-03-29T12:19:56+00:00\",\"breadcrumb\":{\"@id\":\"https:\/\/vosgesinfo.fr\/saintdieinfo\/2022\/03\/cite-scolaire-jules-ferry-engagee-demarche-faveur-de-biodiversite\/#breadcrumb\"},\"inLanguage\":\"fr-FR\",\"potentialAction\":[{\"@type\":\"ReadAction\",\"target\":[\"https:\/\/vosgesinfo.fr\/saintdieinfo\/2022\/03\/cite-scolaire-jules-ferry-engagee-demarche-faveur-de-biodiversite\/\"]}]},{\"@type\":\"ImageObject\",\"inLanguage\":\"fr-FR\",\"@id\":\"https:\/\/vosgesinfo.fr\/saintdieinfo\/2022\/03\/cite-scolaire-jules-ferry-engagee-demarche-faveur-de-biodiversite\/#primaryimage\",\"url\":\"https:\/\/vosgesinfo.fr\/app\/uploads\/sites\/4\/2024\/08\/2022031000-arbres-cite-scolaire-jules-ferry-5.jpg\",\"contentUrl\":\"https:\/\/vosgesinfo.fr\/app\/uploads\/sites\/4\/2024\/08\/2022031000-arbres-cite-scolaire-jules-ferry-5.jpg\",\"width\":1600,\"height\":1205},{\"@type\":\"BreadcrumbList\",\"@id\":\"https:\/\/vosgesinfo.fr\/saintdieinfo\/2022\/03\/cite-scolaire-jules-ferry-engagee-demarche-faveur-de-biodiversite\/#breadcrumb\",\"itemListElement\":[{\"@type\":\"ListItem\",\"position\":1,\"name\":\"Home\",\"item\":\"https:\/\/vosgesinfo.fr\/saintdieinfo\/\"},{\"@type\":\"ListItem\",\"position\":2,\"name\":\"La Cit\u00e9 Scolaire Jules-Ferry engag\u00e9e dans une d\u00e9marche en faveur de la biodiversit\u00e9\"}]},{\"@type\":\"WebSite\",\"@id\":\"https:\/\/vosgesinfo.fr\/saintdieinfo\/#website\",\"url\":\"https:\/\/vosgesinfo.fr\/saintdieinfo\/\",\"name\":\"Saint Die Info\",\"description\":\"Toute l&#039;actualit\u00e9 de Saint-Di\u00e9-Des-Vosges\",\"publisher\":{\"@id\":\"https:\/\/vosgesinfo.fr\/saintdieinfo\/#organization\"},\"alternateName\":\"Toute l'actualit\u00e9 de Saint-Di\u00e9-Des-Vosges\",\"potentialAction\":[{\"@type\":\"SearchAction\",\"target\":{\"@type\":\"EntryPoint\",\"urlTemplate\":\"https:\/\/vosgesinfo.fr\/saintdieinfo\/?s={search_term_string}\"},\"query-input\":\"required name=search_term_string\"}],\"inLanguage\":\"fr-FR\"},{\"@type\":\"Organization\",\"@id\":\"https:\/\/vosgesinfo.fr\/saintdieinfo\/#organization\",\"name\":\"Saint Die Info\",\"url\":\"https:\/\/vosgesinfo.fr\/saintdieinfo\/\",\"logo\":{\"@type\":\"ImageObject\",\"inLanguage\":\"fr-FR\",\"@id\":\"https:\/\/vosgesinfo.fr\/saintdieinfo\/#\/schema\/logo\/image\/\",\"url\":\"https:\/\/vosgesinfo.fr\/app\/uploads\/sites\/4\/2024\/02\/logo-sdi.jpg\",\"contentUrl\":\"https:\/\/vosgesinfo.fr\/app\/uploads\/sites\/4\/2024\/02\/logo-sdi.jpg\",\"width\":600,\"height\":600,\"caption\":\"Saint Die Info\"},\"image\":{\"@id\":\"https:\/\/vosgesinfo.fr\/saintdieinfo\/#\/schema\/logo\/image\/\"},\"sameAs\":[\"https:\/\/www.facebook.com\/Saintdieinfofr\",\"https:\/\/x.com\/VosgesInfo88\",\"https:\/\/www.youtube.com\/@vosgesinfo\"]},{\"@type\":\"Person\",\"@id\":\"https:\/\/vosgesinfo.fr\/saintdieinfo\/#\/schema\/person\/faee6704a21f3977511db84bd1cd450f\",\"name\":\"la r\u00e9daction\",\"image\":{\"@type\":\"ImageObject\",\"inLanguage\":\"fr-FR\",\"@id\":\"https:\/\/vosgesinfo.fr\/saintdieinfo\/#\/schema\/person\/image\/\",\"url\":\"https:\/\/secure.gravatar.com\/avatar\/6673d8bc6a9c17fa9a453eaa3448de834fa308c2ec9635b7aa99441a7c8d2cf6?s=96&d=mm&r=g\",\"contentUrl\":\"https:\/\/secure.gravatar.com\/avatar\/6673d8bc6a9c17fa9a453eaa3448de834fa308c2ec9635b7aa99441a7c8d2cf6?s=96&d=mm&r=g\",\"caption\":\"la r\u00e9daction\"},\"url\":\"https:\/\/vosgesinfo.fr\/saintdieinfo\/author\/redac\/\"}]}<\/script>\n<!-- \/ Yoast SEO plugin. -->","yoast_head_json":{"title":"La Cit\u00e9 Scolaire Jules-Ferry engag\u00e9e dans une d\u00e9marche en faveur de la biodiversit\u00e9 - Saint Die Info","robots":{"index":"index","follow":"follow","max-snippet":"max-snippet:-1","max-image-preview":"max-image-preview:large","max-video-preview":"max-video-preview:-1"},"canonical":"https:\/\/vosgesinfo.fr\/saintdieinfo\/2022\/03\/cite-scolaire-jules-ferry-engagee-demarche-faveur-de-biodiversite\/","twitter_card":"summary_large_image","twitter_title":"La Cit\u00e9 Scolaire Jules-Ferry engag\u00e9e dans une d\u00e9marche en faveur de la biodiversit\u00e9 - Saint Die Info","twitter_description":"La Cit\u00e9 Scolaire Jules-Ferry est engag\u00e9e dans une d\u00e9marche en faveur de la biodiversit\u00e9. La r\u00e9cente obtention du label \u00ab\u00a0Espace [&hellip;]","twitter_image":"https:\/\/vosgesinfo.fr\/app\/uploads\/sites\/4\/2024\/08\/2022031000-arbres-cite-scolaire-jules-ferry-5.jpg","twitter_creator":"@VosgesInfo88","twitter_site":"@VosgesInfo88","twitter_misc":{"\u00c9crit par":"la r\u00e9daction","Dur\u00e9e de lecture estim\u00e9e":"1 minute"},"schema":{"@context":"https:\/\/schema.org","@graph":[{"@type":"Article","@id":"https:\/\/vosgesinfo.fr\/saintdieinfo\/2022\/03\/cite-scolaire-jules-ferry-engagee-demarche-faveur-de-biodiversite\/#article","isPartOf":{"@id":"https:\/\/vosgesinfo.fr\/saintdieinfo\/2022\/03\/cite-scolaire-jules-ferry-engagee-demarche-faveur-de-biodiversite\/"},"author":{"name":"la r\u00e9daction","@id":"https:\/\/vosgesinfo.fr\/saintdieinfo\/#\/schema\/person\/faee6704a21f3977511db84bd1cd450f"},"headline":"La Cit\u00e9 Scolaire Jules-Ferry engag\u00e9e dans une d\u00e9marche en faveur de la biodiversit\u00e9","datePublished":"2022-03-29T12:19:56+00:00","dateModified":"2022-03-29T12:19:56+00:00","mainEntityOfPage":{"@id":"https:\/\/vosgesinfo.fr\/saintdieinfo\/2022\/03\/cite-scolaire-jules-ferry-engagee-demarche-faveur-de-biodiversite\/"},"wordCount":291,"commentCount":0,"publisher":{"@id":"https:\/\/vosgesinfo.fr\/saintdieinfo\/#organization"},"image":{"@id":"https:\/\/vosgesinfo.fr\/saintdieinfo\/2022\/03\/cite-scolaire-jules-ferry-engagee-demarche-faveur-de-biodiversite\/#primaryimage"},"thumbnailUrl":"https:\/\/vosgesinfo.fr\/app\/uploads\/sites\/4\/2024\/08\/2022031000-arbres-cite-scolaire-jules-ferry-5.jpg","keywords":["1000 arbres pour la vie","Biodiversit\u00e9","Cit\u00e9 scolaire Jules-Ferry","Label Espace Nature 2021","R\u00e9gion Grand Est"],"articleSection":["A la Une","\u00c9ducation","Saint-Di\u00e9-des-Vosges et son Agglom\u00e9ration"],"inLanguage":"fr-FR","potentialAction":[{"@type":"CommentAction","name":"Comment","target":["https:\/\/vosgesinfo.fr\/saintdieinfo\/2022\/03\/cite-scolaire-jules-ferry-engagee-demarche-faveur-de-biodiversite\/#respond"]}]},{"@type":"WebPage","@id":"https:\/\/vosgesinfo.fr\/saintdieinfo\/2022\/03\/cite-scolaire-jules-ferry-engagee-demarche-faveur-de-biodiversite\/","url":"https:\/\/vosgesinfo.fr\/saintdieinfo\/2022\/03\/cite-scolaire-jules-ferry-engagee-demarche-faveur-de-biodiversite\/","name":"La Cit\u00e9 Scolaire Jules-Ferry engag\u00e9e dans une d\u00e9marche en faveur de la biodiversit\u00e9 - Saint Die Info","isPartOf":{"@id":"https:\/\/vosgesinfo.fr\/saintdieinfo\/#website"},"primaryImageOfPage":{"@id":"https:\/\/vosgesinfo.fr\/saintdieinfo\/2022\/03\/cite-scolaire-jules-ferry-engagee-demarche-faveur-de-biodiversite\/#primaryimage"},"image":{"@id":"https:\/\/vosgesinfo.fr\/saintdieinfo\/2022\/03\/cite-scolaire-jules-ferry-engagee-demarche-faveur-de-biodiversite\/#primaryimage"},"thumbnailUrl":"https:\/\/vosgesinfo.fr\/app\/uploads\/sites\/4\/2024\/08\/2022031000-arbres-cite-scolaire-jules-ferry-5.jpg","datePublished":"2022-03-29T12:19:56+00:00","dateModified":"2022-03-29T12:19:56+00:00","breadcrumb":{"@id":"https:\/\/vosgesinfo.fr\/saintdieinfo\/2022\/03\/cite-scolaire-jules-ferry-engagee-demarche-faveur-de-biodiversite\/#breadcrumb"},"inLanguage":"fr-FR","potentialAction":[{"@type":"ReadAction","target":["https:\/\/vosgesinfo.fr\/saintdieinfo\/2022\/03\/cite-scolaire-jules-ferry-engagee-demarche-faveur-de-biodiversite\/"]}]},{"@type":"ImageObject","inLanguage":"fr-FR","@id":"https:\/\/vosgesinfo.fr\/saintdieinfo\/2022\/03\/cite-scolaire-jules-ferry-engagee-demarche-faveur-de-biodiversite\/#primaryimage","url":"https:\/\/vosgesinfo.fr\/app\/uploads\/sites\/4\/2024\/08\/2022031000-arbres-cite-scolaire-jules-ferry-5.jpg","contentUrl":"https:\/\/vosgesinfo.fr\/app\/uploads\/sites\/4\/2024\/08\/2022031000-arbres-cite-scolaire-jules-ferry-5.jpg","width":1600,"height":1205},{"@type":"BreadcrumbList","@id":"https:\/\/vosgesinfo.fr\/saintdieinfo\/2022\/03\/cite-scolaire-jules-ferry-engagee-demarche-faveur-de-biodiversite\/#breadcrumb","itemListElement":[{"@type":"ListItem","position":1,"name":"Home","item":"https:\/\/vosgesinfo.fr\/saintdieinfo\/"},{"@type":"ListItem","position":2,"name":"La Cit\u00e9 Scolaire Jules-Ferry engag\u00e9e dans une d\u00e9marche en faveur de la biodiversit\u00e9"}]},{"@type":"WebSite","@id":"https:\/\/vosgesinfo.fr\/saintdieinfo\/#website","url":"https:\/\/vosgesinfo.fr\/saintdieinfo\/","name":"Saint Die Info","description":"Toute l&#039;actualit\u00e9 de Saint-Di\u00e9-Des-Vosges","publisher":{"@id":"https:\/\/vosgesinfo.fr\/saintdieinfo\/#organization"},"alternateName":"Toute l'actualit\u00e9 de Saint-Di\u00e9-Des-Vosges","potentialAction":[{"@type":"SearchAction","target":{"@type":"EntryPoint","urlTemplate":"https:\/\/vosgesinfo.fr\/saintdieinfo\/?s={search_term_string}"},"query-input":"required name=search_term_string"}],"inLanguage":"fr-FR"},{"@type":"Organization","@id":"https:\/\/vosgesinfo.fr\/saintdieinfo\/#organization","name":"Saint Die Info","url":"https:\/\/vosgesinfo.fr\/saintdieinfo\/","logo":{"@type":"ImageObject","inLanguage":"fr-FR","@id":"https:\/\/vosgesinfo.fr\/saintdieinfo\/#\/schema\/logo\/image\/","url":"https:\/\/vosgesinfo.fr\/app\/uploads\/sites\/4\/2024\/02\/logo-sdi.jpg","contentUrl":"https:\/\/vosgesinfo.fr\/app\/uploads\/sites\/4\/2024\/02\/logo-sdi.jpg","width":600,"height":600,"caption":"Saint Die Info"},"image":{"@id":"https:\/\/vosgesinfo.fr\/saintdieinfo\/#\/schema\/logo\/image\/"},"sameAs":["https:\/\/www.facebook.com\/Saintdieinfofr","https:\/\/x.com\/VosgesInfo88","https:\/\/www.youtube.com\/@vosgesinfo"]},{"@type":"Person","@id":"https:\/\/vosgesinfo.fr\/saintdieinfo\/#\/schema\/person\/faee6704a21f3977511db84bd1cd450f","name":"la r\u00e9daction","image":{"@type":"ImageObject","inLanguage":"fr-FR","@id":"https:\/\/vosgesinfo.fr\/saintdieinfo\/#\/schema\/person\/image\/","url":"https:\/\/secure.gravatar.com\/avatar\/6673d8bc6a9c17fa9a453eaa3448de834fa308c2ec9635b7aa99441a7c8d2cf6?s=96&d=mm&r=g","contentUrl":"https:\/\/secure.gravatar.com\/avatar\/6673d8bc6a9c17fa9a453eaa3448de834fa308c2ec9635b7aa99441a7c8d2cf6?s=96&d=mm&r=g","caption":"la r\u00e9daction"},"url":"https:\/\/vosgesinfo.fr\/saintdieinfo\/author\/redac\/"}]}},"_links":{"self":[{"href":"https:\/\/vosgesinfo.fr\/saintdieinfo\/wp-json\/wp\/v2\/posts\/48475","targetHints":{"allow":["GET"]}}],"collection":[{"href":"https:\/\/vosgesinfo.fr\/saintdieinfo\/wp-json\/wp\/v2\/posts"}],"about":[{"href":"https:\/\/vosgesinfo.fr\/saintdieinfo\/wp-json\/wp\/v2\/types\/post"}],"author":[{"embeddable":true,"href":"https:\/\/vosgesinfo.fr\/saintdieinfo\/wp-json\/wp\/v2\/users\/44"}],"replies":[{"embeddable":true,"href":"https:\/\/vosgesinfo.fr\/saintdieinfo\/wp-json\/wp\/v2\/comments?post=48475"}],"version-history":[{"count":0,"href":"https:\/\/vosgesinfo.fr\/saintdieinfo\/wp-json\/wp\/v2\/posts\/48475\/revisions"}],"wp:featuredmedia":[{"embeddable":true,"href":"https:\/\/vosgesinfo.fr\/saintdieinfo\/wp-json\/wp\/v2\/media\/48476"}],"wp:attachment":[{"href":"https:\/\/vosgesinfo.fr\/saintdieinfo\/wp-json\/wp\/v2\/media?parent=48475"}],"wp:term":[{"taxonomy":"category","embeddable":true,"href":"https:\/\/vosgesinfo.fr\/saintdieinfo\/wp-json\/wp\/v2\/categories?post=48475"},{"taxonomy":"post_tag","embeddable":true,"href":"https:\/\/vosgesinfo.fr\/saintdieinfo\/wp-json\/wp\/v2\/tags?post=48475"}],"curies":[{"name":"wp","href":"https:\/\/api.w.org\/{rel}","templated":true}]}}