{"id":48590,"date":"2022-03-31T05:45:45","date_gmt":"2022-03-31T03:45:45","guid":{"rendered":"https:\/\/vosgesinfo.fr\/saintdieinfo\/2022\/03\/enfin-retrouvailles-cimes-argentees\/"},"modified":"2022-03-31T05:45:45","modified_gmt":"2022-03-31T03:45:45","slug":"enfin-retrouvailles-cimes-argentees","status":"publish","type":"post","link":"https:\/\/vosgesinfo.fr\/saintdieinfo\/2022\/03\/enfin-retrouvailles-cimes-argentees\/","title":{"rendered":"Enfin les retrouvailles pour les Cimes Argent\u00e9es"},"content":{"rendered":"<h2><a href=\"\/2022\/03\/set-de-table-2022-retouch\u00e9-2-page-001.jpg\" target=\"_blank\" rel=\"noopener\"><img decoding=\"async\" class=\"aligncenter wp-image-181165 size-large\" src=\"\/2022\/03\/set-de-table-2022-retouch\u00e9-2-page-001-1024x724.jpg\" alt=\"set-de-table-2022-retouch\u00e9-2-page-001\" width=\"960\" height=\"679\" \/><\/a><\/h2>\n<h2><strong><span style=\"font-size: 14pt;\">Apr\u00e8s ces 2 longues ann\u00e9es pas comme les autres, Anciens et Nouveaux Gourmets ont pu se retrouver ou faire connaissance pour la Traditionnelle FETE DES PISSENLITS, organis\u00e9e par l\u2019Association LES CIMES ARGENTEES, depuis plus de 30 ans.<\/span><\/strong><\/h2>\n<p><!--more--><\/p>\n<p>Pour cette belle reprise, le printemps \u00e9tait avec nous et c\u2019est par une journ\u00e9e ensoleill\u00e9e que l\u2019\u00e9quipe de b\u00e9n\u00e9voles a pu proc\u00e9der \u00e0 la r\u00e9ouverture de ses locaux et au fastidieux nettoyage de nos c\u00e9l\u00e8bres et go\u00fbteux pissenlits, servis sur un lit de savoureuse omelette, accompagn\u00e9e de notre c\u00e9l\u00e8bre LARD VOSGIEN.<\/p>\n<p>Cette ann\u00e9e 2022, pas de neige sur les routes et une voie communale r\u00e9fectionn\u00e9e pour l\u2019occasion, ce qui a offert \u00e0 nos convives une arriv\u00e9e s\u00e9curis\u00e9e. Tous les ingr\u00e9dients \u00e9taient r\u00e9unis pour vivre enfin une soir\u00e9e regroupant convivialit\u00e9, bonne humeur, qualit\u00e9, quantit\u00e9, et disponibilit\u00e9 d\u2019une \u00e9quipe de CHOC toujours AU TOP\u00a0!! Lors de ce festin, le Comit\u00e9 a pr\u00e9sent\u00e9 le 3<sup>\u00e8me<\/sup> festival d\u2019humour RIRE EN VOSGES qui se tiendra les 20 et 21 Mai prochains \u00e0 la salle des f\u00eates de SAINTE MARGUERITE (88100).<\/p>\n<p>Notez d\u2019ores et d\u00e9j\u00e0 cet incontournable rendez-vous sur vos agendas et tablettes. Vous ne pouvez manquer cet \u00e9v\u00e8nement unique propos\u00e9 en DEODATIE et d\u00e9partements limitrophes\u00a0! Alors NOTEZ, PARTAGEZ, Sur\u00a0: http:\/\/cimes.argentees.overblog-com\u00a0 d\u00e9tail de l\u2019\u00e9v\u00e8nement<\/p>\n<p>RESERVEZ sur\u00a0: <a href=\"https:\/\/www.billetweb.fr\/3eme-festival-rire-en-vosges2\" target=\"_blank\" rel=\"noopener\">Billetterie : 3eme FESTIVAL RIRE en VOSGES &#8211; Billetweb<\/a><\/p>\n<p>A la Revoyotte\u00a0!!!<\/p>\n","protected":false},"excerpt":{"rendered":"<p>Apr\u00e8s ces 2 longues ann\u00e9es pas comme les autres, Anciens et Nouveaux Gourmets ont pu se retrouver ou faire connaissance [&hellip;]<\/p>\n","protected":false},"author":44,"featured_media":48591,"comment_status":"open","ping_status":"open","sticky":false,"template":"","format":"standard","meta":{"footnotes":""},"categories":[460,20,2915,17],"tags":[10852,10853,10391],"class_list":["post-48590","post","type-post","status-publish","format-standard","has-post-thumbnail","hentry","category-a-la-une","category-loisirs","category-saint-die-son-canton","category-vie-associative","tag-cimes-argentees","tag-fete-des-pissenlits","tag-rire-en-vosges"],"acf":[],"yoast_head":"<!-- This site is optimized with the Yoast SEO plugin v22.5 - https:\/\/yoast.com\/wordpress\/plugins\/seo\/ -->\n<title>Enfin les retrouvailles pour les Cimes Argent\u00e9es - Saint Die Info<\/title>\n<meta name=\"robots\" content=\"index, follow, max-snippet:-1, max-image-preview:large, max-video-preview:-1\" \/>\n<link rel=\"canonical\" href=\"https:\/\/vosgesinfo.fr\/saintdieinfo\/2022\/03\/enfin-retrouvailles-cimes-argentees\/\" \/>\n<meta name=\"twitter:card\" content=\"summary_large_image\" \/>\n<meta name=\"twitter:title\" content=\"Enfin les retrouvailles pour les Cimes Argent\u00e9es - Saint Die Info\" \/>\n<meta name=\"twitter:description\" content=\"Apr\u00e8s ces 2 longues ann\u00e9es pas comme les autres, Anciens et Nouveaux Gourmets ont pu se retrouver ou faire connaissance [&hellip;]\" \/>\n<meta name=\"twitter:image\" content=\"https:\/\/vosgesinfo.fr\/app\/uploads\/sites\/4\/2024\/08\/202203set-de-table-2022-retouche-2-page-001-scaled.jpg\" \/>\n<meta name=\"twitter:creator\" content=\"@VosgesInfo88\" \/>\n<meta name=\"twitter:site\" content=\"@VosgesInfo88\" \/>\n<meta name=\"twitter:label1\" content=\"\u00c9crit par\" \/>\n\t<meta name=\"twitter:data1\" content=\"la r\u00e9daction\" \/>\n\t<meta name=\"twitter:label2\" content=\"Dur\u00e9e de lecture estim\u00e9e\" \/>\n\t<meta name=\"twitter:data2\" content=\"1 minute\" \/>\n<script type=\"application\/ld+json\" class=\"yoast-schema-graph\">{\"@context\":\"https:\/\/schema.org\",\"@graph\":[{\"@type\":\"Article\",\"@id\":\"https:\/\/vosgesinfo.fr\/saintdieinfo\/2022\/03\/enfin-retrouvailles-cimes-argentees\/#article\",\"isPartOf\":{\"@id\":\"https:\/\/vosgesinfo.fr\/saintdieinfo\/2022\/03\/enfin-retrouvailles-cimes-argentees\/\"},\"author\":{\"name\":\"la r\u00e9daction\",\"@id\":\"https:\/\/vosgesinfo.fr\/saintdieinfo\/#\/schema\/person\/faee6704a21f3977511db84bd1cd450f\"},\"headline\":\"Enfin les retrouvailles pour les Cimes Argent\u00e9es\",\"datePublished\":\"2022-03-31T03:45:45+00:00\",\"dateModified\":\"2022-03-31T03:45:45+00:00\",\"mainEntityOfPage\":{\"@id\":\"https:\/\/vosgesinfo.fr\/saintdieinfo\/2022\/03\/enfin-retrouvailles-cimes-argentees\/\"},\"wordCount\":259,\"commentCount\":0,\"publisher\":{\"@id\":\"https:\/\/vosgesinfo.fr\/saintdieinfo\/#organization\"},\"image\":{\"@id\":\"https:\/\/vosgesinfo.fr\/saintdieinfo\/2022\/03\/enfin-retrouvailles-cimes-argentees\/#primaryimage\"},\"thumbnailUrl\":\"https:\/\/vosgesinfo.fr\/app\/uploads\/sites\/4\/2024\/08\/202203set-de-table-2022-retouche-2-page-001-scaled.jpg\",\"keywords\":[\"C\u00eemes Argent\u00e9es\",\"F\u00eate des pissenlits\",\"Rire en Vosges\"],\"articleSection\":[\"A la Une\",\"Loisirs\",\"Saint-Di\u00e9-des-Vosges et son Agglom\u00e9ration\",\"Vie Associative\"],\"inLanguage\":\"fr-FR\",\"potentialAction\":[{\"@type\":\"CommentAction\",\"name\":\"Comment\",\"target\":[\"https:\/\/vosgesinfo.fr\/saintdieinfo\/2022\/03\/enfin-retrouvailles-cimes-argentees\/#respond\"]}]},{\"@type\":\"WebPage\",\"@id\":\"https:\/\/vosgesinfo.fr\/saintdieinfo\/2022\/03\/enfin-retrouvailles-cimes-argentees\/\",\"url\":\"https:\/\/vosgesinfo.fr\/saintdieinfo\/2022\/03\/enfin-retrouvailles-cimes-argentees\/\",\"name\":\"Enfin les retrouvailles pour les Cimes Argent\u00e9es - Saint Die Info\",\"isPartOf\":{\"@id\":\"https:\/\/vosgesinfo.fr\/saintdieinfo\/#website\"},\"primaryImageOfPage\":{\"@id\":\"https:\/\/vosgesinfo.fr\/saintdieinfo\/2022\/03\/enfin-retrouvailles-cimes-argentees\/#primaryimage\"},\"image\":{\"@id\":\"https:\/\/vosgesinfo.fr\/saintdieinfo\/2022\/03\/enfin-retrouvailles-cimes-argentees\/#primaryimage\"},\"thumbnailUrl\":\"https:\/\/vosgesinfo.fr\/app\/uploads\/sites\/4\/2024\/08\/202203set-de-table-2022-retouche-2-page-001-scaled.jpg\",\"datePublished\":\"2022-03-31T03:45:45+00:00\",\"dateModified\":\"2022-03-31T03:45:45+00:00\",\"breadcrumb\":{\"@id\":\"https:\/\/vosgesinfo.fr\/saintdieinfo\/2022\/03\/enfin-retrouvailles-cimes-argentees\/#breadcrumb\"},\"inLanguage\":\"fr-FR\",\"potentialAction\":[{\"@type\":\"ReadAction\",\"target\":[\"https:\/\/vosgesinfo.fr\/saintdieinfo\/2022\/03\/enfin-retrouvailles-cimes-argentees\/\"]}]},{\"@type\":\"ImageObject\",\"inLanguage\":\"fr-FR\",\"@id\":\"https:\/\/vosgesinfo.fr\/saintdieinfo\/2022\/03\/enfin-retrouvailles-cimes-argentees\/#primaryimage\",\"url\":\"https:\/\/vosgesinfo.fr\/app\/uploads\/sites\/4\/2024\/08\/202203set-de-table-2022-retouche-2-page-001-scaled.jpg\",\"contentUrl\":\"https:\/\/vosgesinfo.fr\/app\/uploads\/sites\/4\/2024\/08\/202203set-de-table-2022-retouche-2-page-001-scaled.jpg\",\"width\":2560,\"height\":1811},{\"@type\":\"BreadcrumbList\",\"@id\":\"https:\/\/vosgesinfo.fr\/saintdieinfo\/2022\/03\/enfin-retrouvailles-cimes-argentees\/#breadcrumb\",\"itemListElement\":[{\"@type\":\"ListItem\",\"position\":1,\"name\":\"Home\",\"item\":\"https:\/\/vosgesinfo.fr\/saintdieinfo\/\"},{\"@type\":\"ListItem\",\"position\":2,\"name\":\"Enfin les retrouvailles pour les Cimes Argent\u00e9es\"}]},{\"@type\":\"WebSite\",\"@id\":\"https:\/\/vosgesinfo.fr\/saintdieinfo\/#website\",\"url\":\"https:\/\/vosgesinfo.fr\/saintdieinfo\/\",\"name\":\"Saint Die Info\",\"description\":\"Toute l&#039;actualit\u00e9 de Saint-Di\u00e9-Des-Vosges\",\"publisher\":{\"@id\":\"https:\/\/vosgesinfo.fr\/saintdieinfo\/#organization\"},\"alternateName\":\"Toute l'actualit\u00e9 de Saint-Di\u00e9-Des-Vosges\",\"potentialAction\":[{\"@type\":\"SearchAction\",\"target\":{\"@type\":\"EntryPoint\",\"urlTemplate\":\"https:\/\/vosgesinfo.fr\/saintdieinfo\/?s={search_term_string}\"},\"query-input\":\"required name=search_term_string\"}],\"inLanguage\":\"fr-FR\"},{\"@type\":\"Organization\",\"@id\":\"https:\/\/vosgesinfo.fr\/saintdieinfo\/#organization\",\"name\":\"Saint Die Info\",\"url\":\"https:\/\/vosgesinfo.fr\/saintdieinfo\/\",\"logo\":{\"@type\":\"ImageObject\",\"inLanguage\":\"fr-FR\",\"@id\":\"https:\/\/vosgesinfo.fr\/saintdieinfo\/#\/schema\/logo\/image\/\",\"url\":\"https:\/\/vosgesinfo.fr\/app\/uploads\/sites\/4\/2024\/02\/logo-sdi.jpg\",\"contentUrl\":\"https:\/\/vosgesinfo.fr\/app\/uploads\/sites\/4\/2024\/02\/logo-sdi.jpg\",\"width\":600,\"height\":600,\"caption\":\"Saint Die Info\"},\"image\":{\"@id\":\"https:\/\/vosgesinfo.fr\/saintdieinfo\/#\/schema\/logo\/image\/\"},\"sameAs\":[\"https:\/\/www.facebook.com\/Saintdieinfofr\",\"https:\/\/x.com\/VosgesInfo88\",\"https:\/\/www.youtube.com\/@vosgesinfo\"]},{\"@type\":\"Person\",\"@id\":\"https:\/\/vosgesinfo.fr\/saintdieinfo\/#\/schema\/person\/faee6704a21f3977511db84bd1cd450f\",\"name\":\"la r\u00e9daction\",\"image\":{\"@type\":\"ImageObject\",\"inLanguage\":\"fr-FR\",\"@id\":\"https:\/\/vosgesinfo.fr\/saintdieinfo\/#\/schema\/person\/image\/\",\"url\":\"https:\/\/secure.gravatar.com\/avatar\/6673d8bc6a9c17fa9a453eaa3448de834fa308c2ec9635b7aa99441a7c8d2cf6?s=96&d=mm&r=g\",\"contentUrl\":\"https:\/\/secure.gravatar.com\/avatar\/6673d8bc6a9c17fa9a453eaa3448de834fa308c2ec9635b7aa99441a7c8d2cf6?s=96&d=mm&r=g\",\"caption\":\"la r\u00e9daction\"},\"url\":\"https:\/\/vosgesinfo.fr\/saintdieinfo\/author\/redac\/\"}]}<\/script>\n<!-- \/ Yoast SEO plugin. -->","yoast_head_json":{"title":"Enfin les retrouvailles pour les Cimes Argent\u00e9es - Saint Die Info","robots":{"index":"index","follow":"follow","max-snippet":"max-snippet:-1","max-image-preview":"max-image-preview:large","max-video-preview":"max-video-preview:-1"},"canonical":"https:\/\/vosgesinfo.fr\/saintdieinfo\/2022\/03\/enfin-retrouvailles-cimes-argentees\/","twitter_card":"summary_large_image","twitter_title":"Enfin les retrouvailles pour les Cimes Argent\u00e9es - Saint Die Info","twitter_description":"Apr\u00e8s ces 2 longues ann\u00e9es pas comme les autres, Anciens et Nouveaux Gourmets ont pu se retrouver ou faire connaissance [&hellip;]","twitter_image":"https:\/\/vosgesinfo.fr\/app\/uploads\/sites\/4\/2024\/08\/202203set-de-table-2022-retouche-2-page-001-scaled.jpg","twitter_creator":"@VosgesInfo88","twitter_site":"@VosgesInfo88","twitter_misc":{"\u00c9crit par":"la r\u00e9daction","Dur\u00e9e de lecture estim\u00e9e":"1 minute"},"schema":{"@context":"https:\/\/schema.org","@graph":[{"@type":"Article","@id":"https:\/\/vosgesinfo.fr\/saintdieinfo\/2022\/03\/enfin-retrouvailles-cimes-argentees\/#article","isPartOf":{"@id":"https:\/\/vosgesinfo.fr\/saintdieinfo\/2022\/03\/enfin-retrouvailles-cimes-argentees\/"},"author":{"name":"la r\u00e9daction","@id":"https:\/\/vosgesinfo.fr\/saintdieinfo\/#\/schema\/person\/faee6704a21f3977511db84bd1cd450f"},"headline":"Enfin les retrouvailles pour les Cimes Argent\u00e9es","datePublished":"2022-03-31T03:45:45+00:00","dateModified":"2022-03-31T03:45:45+00:00","mainEntityOfPage":{"@id":"https:\/\/vosgesinfo.fr\/saintdieinfo\/2022\/03\/enfin-retrouvailles-cimes-argentees\/"},"wordCount":259,"commentCount":0,"publisher":{"@id":"https:\/\/vosgesinfo.fr\/saintdieinfo\/#organization"},"image":{"@id":"https:\/\/vosgesinfo.fr\/saintdieinfo\/2022\/03\/enfin-retrouvailles-cimes-argentees\/#primaryimage"},"thumbnailUrl":"https:\/\/vosgesinfo.fr\/app\/uploads\/sites\/4\/2024\/08\/202203set-de-table-2022-retouche-2-page-001-scaled.jpg","keywords":["C\u00eemes Argent\u00e9es","F\u00eate des pissenlits","Rire en Vosges"],"articleSection":["A la Une","Loisirs","Saint-Di\u00e9-des-Vosges et son Agglom\u00e9ration","Vie Associative"],"inLanguage":"fr-FR","potentialAction":[{"@type":"CommentAction","name":"Comment","target":["https:\/\/vosgesinfo.fr\/saintdieinfo\/2022\/03\/enfin-retrouvailles-cimes-argentees\/#respond"]}]},{"@type":"WebPage","@id":"https:\/\/vosgesinfo.fr\/saintdieinfo\/2022\/03\/enfin-retrouvailles-cimes-argentees\/","url":"https:\/\/vosgesinfo.fr\/saintdieinfo\/2022\/03\/enfin-retrouvailles-cimes-argentees\/","name":"Enfin les retrouvailles pour les Cimes Argent\u00e9es - Saint Die Info","isPartOf":{"@id":"https:\/\/vosgesinfo.fr\/saintdieinfo\/#website"},"primaryImageOfPage":{"@id":"https:\/\/vosgesinfo.fr\/saintdieinfo\/2022\/03\/enfin-retrouvailles-cimes-argentees\/#primaryimage"},"image":{"@id":"https:\/\/vosgesinfo.fr\/saintdieinfo\/2022\/03\/enfin-retrouvailles-cimes-argentees\/#primaryimage"},"thumbnailUrl":"https:\/\/vosgesinfo.fr\/app\/uploads\/sites\/4\/2024\/08\/202203set-de-table-2022-retouche-2-page-001-scaled.jpg","datePublished":"2022-03-31T03:45:45+00:00","dateModified":"2022-03-31T03:45:45+00:00","breadcrumb":{"@id":"https:\/\/vosgesinfo.fr\/saintdieinfo\/2022\/03\/enfin-retrouvailles-cimes-argentees\/#breadcrumb"},"inLanguage":"fr-FR","potentialAction":[{"@type":"ReadAction","target":["https:\/\/vosgesinfo.fr\/saintdieinfo\/2022\/03\/enfin-retrouvailles-cimes-argentees\/"]}]},{"@type":"ImageObject","inLanguage":"fr-FR","@id":"https:\/\/vosgesinfo.fr\/saintdieinfo\/2022\/03\/enfin-retrouvailles-cimes-argentees\/#primaryimage","url":"https:\/\/vosgesinfo.fr\/app\/uploads\/sites\/4\/2024\/08\/202203set-de-table-2022-retouche-2-page-001-scaled.jpg","contentUrl":"https:\/\/vosgesinfo.fr\/app\/uploads\/sites\/4\/2024\/08\/202203set-de-table-2022-retouche-2-page-001-scaled.jpg","width":2560,"height":1811},{"@type":"BreadcrumbList","@id":"https:\/\/vosgesinfo.fr\/saintdieinfo\/2022\/03\/enfin-retrouvailles-cimes-argentees\/#breadcrumb","itemListElement":[{"@type":"ListItem","position":1,"name":"Home","item":"https:\/\/vosgesinfo.fr\/saintdieinfo\/"},{"@type":"ListItem","position":2,"name":"Enfin les retrouvailles pour les Cimes Argent\u00e9es"}]},{"@type":"WebSite","@id":"https:\/\/vosgesinfo.fr\/saintdieinfo\/#website","url":"https:\/\/vosgesinfo.fr\/saintdieinfo\/","name":"Saint Die Info","description":"Toute l&#039;actualit\u00e9 de Saint-Di\u00e9-Des-Vosges","publisher":{"@id":"https:\/\/vosgesinfo.fr\/saintdieinfo\/#organization"},"alternateName":"Toute l'actualit\u00e9 de Saint-Di\u00e9-Des-Vosges","potentialAction":[{"@type":"SearchAction","target":{"@type":"EntryPoint","urlTemplate":"https:\/\/vosgesinfo.fr\/saintdieinfo\/?s={search_term_string}"},"query-input":"required name=search_term_string"}],"inLanguage":"fr-FR"},{"@type":"Organization","@id":"https:\/\/vosgesinfo.fr\/saintdieinfo\/#organization","name":"Saint Die Info","url":"https:\/\/vosgesinfo.fr\/saintdieinfo\/","logo":{"@type":"ImageObject","inLanguage":"fr-FR","@id":"https:\/\/vosgesinfo.fr\/saintdieinfo\/#\/schema\/logo\/image\/","url":"https:\/\/vosgesinfo.fr\/app\/uploads\/sites\/4\/2024\/02\/logo-sdi.jpg","contentUrl":"https:\/\/vosgesinfo.fr\/app\/uploads\/sites\/4\/2024\/02\/logo-sdi.jpg","width":600,"height":600,"caption":"Saint Die Info"},"image":{"@id":"https:\/\/vosgesinfo.fr\/saintdieinfo\/#\/schema\/logo\/image\/"},"sameAs":["https:\/\/www.facebook.com\/Saintdieinfofr","https:\/\/x.com\/VosgesInfo88","https:\/\/www.youtube.com\/@vosgesinfo"]},{"@type":"Person","@id":"https:\/\/vosgesinfo.fr\/saintdieinfo\/#\/schema\/person\/faee6704a21f3977511db84bd1cd450f","name":"la r\u00e9daction","image":{"@type":"ImageObject","inLanguage":"fr-FR","@id":"https:\/\/vosgesinfo.fr\/saintdieinfo\/#\/schema\/person\/image\/","url":"https:\/\/secure.gravatar.com\/avatar\/6673d8bc6a9c17fa9a453eaa3448de834fa308c2ec9635b7aa99441a7c8d2cf6?s=96&d=mm&r=g","contentUrl":"https:\/\/secure.gravatar.com\/avatar\/6673d8bc6a9c17fa9a453eaa3448de834fa308c2ec9635b7aa99441a7c8d2cf6?s=96&d=mm&r=g","caption":"la r\u00e9daction"},"url":"https:\/\/vosgesinfo.fr\/saintdieinfo\/author\/redac\/"}]}},"_links":{"self":[{"href":"https:\/\/vosgesinfo.fr\/saintdieinfo\/wp-json\/wp\/v2\/posts\/48590","targetHints":{"allow":["GET"]}}],"collection":[{"href":"https:\/\/vosgesinfo.fr\/saintdieinfo\/wp-json\/wp\/v2\/posts"}],"about":[{"href":"https:\/\/vosgesinfo.fr\/saintdieinfo\/wp-json\/wp\/v2\/types\/post"}],"author":[{"embeddable":true,"href":"https:\/\/vosgesinfo.fr\/saintdieinfo\/wp-json\/wp\/v2\/users\/44"}],"replies":[{"embeddable":true,"href":"https:\/\/vosgesinfo.fr\/saintdieinfo\/wp-json\/wp\/v2\/comments?post=48590"}],"version-history":[{"count":0,"href":"https:\/\/vosgesinfo.fr\/saintdieinfo\/wp-json\/wp\/v2\/posts\/48590\/revisions"}],"wp:featuredmedia":[{"embeddable":true,"href":"https:\/\/vosgesinfo.fr\/saintdieinfo\/wp-json\/wp\/v2\/media\/48591"}],"wp:attachment":[{"href":"https:\/\/vosgesinfo.fr\/saintdieinfo\/wp-json\/wp\/v2\/media?parent=48590"}],"wp:term":[{"taxonomy":"category","embeddable":true,"href":"https:\/\/vosgesinfo.fr\/saintdieinfo\/wp-json\/wp\/v2\/categories?post=48590"},{"taxonomy":"post_tag","embeddable":true,"href":"https:\/\/vosgesinfo.fr\/saintdieinfo\/wp-json\/wp\/v2\/tags?post=48590"}],"curies":[{"name":"wp","href":"https:\/\/api.w.org\/{rel}","templated":true}]}}