{"id":48624,"date":"2022-04-01T15:45:59","date_gmt":"2022-04-01T13:45:59","guid":{"rendered":"https:\/\/vosgesinfo.fr\/saintdieinfo\/2022\/04\/retour-lexperience-erasmus-eleves-de-mfr-de-saint-die-vosges\/"},"modified":"2022-04-01T15:45:59","modified_gmt":"2022-04-01T13:45:59","slug":"retour-lexperience-erasmus-eleves-de-mfr-de-saint-die-vosges","status":"publish","type":"post","link":"https:\/\/vosgesinfo.fr\/saintdieinfo\/2022\/04\/retour-lexperience-erasmus-eleves-de-mfr-de-saint-die-vosges\/","title":{"rendered":"Retour sur l&rsquo;exp\u00e9rience Erasmus+ des \u00e9l\u00e8ves de la MFR de Saint-Di\u00e9-des-Vosges"},"content":{"rendered":"<p><a href=\"\/2022\/04\/MFR_SDDV_Erasmus-4.jpg\" target=\"_blank\" rel=\"noopener\"><img decoding=\"async\" class=\"aligncenter wp-image-181219 size-large\" src=\"\/2022\/04\/MFR_SDDV_Erasmus-4-1024x771.jpg\" alt=\"MFR_SDDV_Erasmus+ (4)\" width=\"960\" height=\"723\" \/><\/a><\/p>\n<h2><strong><span style=\"font-size: 14pt;\">La MFR de Saint-Di\u00e9-des-Vosges fait partie du programme Erasmus+. C&rsquo;est dans ce cadre que 23 \u00e9l\u00e8ves de Bac Pro SAPAT \u2013 Services Aux Personnes et Aux Territoires \u2013 ont r\u00e9cemment effectu\u00e9 un stage \u00e0 l&rsquo;\u00e9tranger de 3 semaines, du 6 au 26 mars. Soit en Belgique, en Italie ou en Gr\u00e8ce.<\/span><\/strong><\/h2>\n<p><!--more--><\/p>\n<p>C&rsquo;est Anne Philipp, en sa qualit\u00e9 de r\u00e9f\u00e9rente Mobilit\u00e9 Europ\u00e9enne \u00e0 la MFR de Saint-Di\u00e9-des-Vosges, qui s&rsquo;est charg\u00e9e de trouver les diff\u00e9rentes destinations en nouant des partenariats sur place. Pour la Belgique le choix s&rsquo;est port\u00e9 sur la ville jumel\u00e9e d&rsquo;Arlon. Pour l&rsquo;Italie, c&rsquo;est la ville de Milan qui a \u00e9t\u00e9 choisie. Quant \u00e0 la Gr\u00e8ce, la petite ville de Gastouni, au sud de Patras, est la destination qui a \u00e9t\u00e9 retenue. Lors de leurs voyages, les \u00e9l\u00e8ves ont suivi chacun un stage de 3 semaines dans une structure d&rsquo;aide \u00e0 la personne\u00a0: cr\u00e8che, \u00e9cole, coll\u00e8ge, \u00e9tablissements pour personnes \u00e2g\u00e9es ou handicap\u00e9es. Le soir et le week-end, les adolescents avaient quartier libre. L&rsquo;occasion de d\u00e9couvrir leur nouvel environnement ou de visiter des lieux touristiques, d&rsquo;autres villes, des magasins, etc.<\/p>\n<p>Durant leur voyage, ils logeaient soit dans un h\u00f4tel, pour la Belgique et l&rsquo;Italie, soit dans un g\u00eete pour la Gr\u00e8ce. Dans tous les cas, chaque \u00e9l\u00e8ve disposait d&rsquo;une bourse individuelle d&rsquo;environ 900 euros pour subvenir \u00e0 ses besoins durant les 3 semaines de stage. Pour un certain nombre d&rsquo;entre eux, c&rsquo;\u00e9tait la premi\u00e8re fois qu&rsquo;ils se retrouvaient aussi loin et aussi longtemps de leur domicile. Et pour tous, c&rsquo;est la premi\u00e8re fois qu&rsquo;ils participaient au programme Erasmus+, mais aussi qu&rsquo;ils se retrouvaient dans une situation o\u00f9 ils \u00e9taient quasi autonomes. Permettant \u00e0 la fois de d\u00e9couvrir une structure professionnelle \u00e0 l&rsquo;\u00e9tranger et une autre culture que la culture fran\u00e7aise, tout en d\u00e9veloppant des comp\u00e9tences linguistiques, ces voyages Erasmus+ se sont montr\u00e9s largement positifs pour les \u00e9l\u00e8ves, de leurs propres avis. Tous sont unanimes\u00a0: le temps est pass\u00e9 tr\u00e8s vite durant ces 3 semaines.<\/p>\n\n<p>Ce vendredi matin, les \u00e9l\u00e8ves fraichement de retour de leurs stages Erasmus+ ont pr\u00e9sent\u00e9 leurs exp\u00e9riences \u00e0 celles et ceux qui partiront l&rsquo;an prochain \u00e0 la m\u00eame p\u00e9riode.<\/p>\n<p><a href=\"\/2022\/04\/MFR_SDDV_Erasmus-1.jpg\" target=\"_blank\" rel=\"noopener\"><img decoding=\"async\" class=\"aligncenter wp-image-181216 size-large\" src=\"\/2022\/04\/MFR_SDDV_Erasmus-1-1024x771.jpg\" alt=\"MFR_SDDV_Erasmus+ (1)\" width=\"960\" height=\"723\" \/><\/a><\/p>\n<h3><strong><span style=\"font-size: 12pt;\">Camille, Julie, L\u00e9ana et Maily \u2013 Gr\u00e8ce<\/span><\/strong><\/h3>\n<p>Lors de leur arriv\u00e9e sur le sol grec, \u00e0 Ath\u00e8nes, toutes 4 ont \u00e9t\u00e9 surprises en constatant que la Gr\u00e8ce, ce n&rsquo;est pas seulement des maisons blanches aux toits bleus. <em>\u00ab\u00a0On ne s&rsquo;attendait pas du tout \u00e0 \u00e7a. On a constat\u00e9 que Ath\u00e8nes et sa banlieue sont des endroits qui ont l&rsquo;air pauvres. Mais on a constat\u00e9 aussi que les gens sont tr\u00e8s g\u00e9n\u00e9reux et chaleureux, et ne portent pas de jugements. Ils sont ouverts d&rsquo;esprit et semblent tr\u00e8s \u00e9panouis. On a clairement vu une diff\u00e9rence par rapport \u00e0 la France. La communication n&rsquo;\u00e9tait pas tr\u00e8s compliqu\u00e9e, car beaucoup de Grecs sont bilingues et parlent tr\u00e8s bien anglais. Nous \u00e9tions en stage uniquement l&rsquo;apr\u00e8s-midi, dans un centre a\u00e9r\u00e9 situ\u00e9 \u00e0 c\u00f4t\u00e9 du village o\u00f9 on logeait. Le matin on avait des cours de Grec. Des sorties planifi\u00e9es \u00e9taient pr\u00e9vues le week-end. On a notamment visit\u00e9 Olympie et Patras. On a aussi d\u00e9couvert la nourriture grecques et on a appris \u00e0 danser le sirtaki. C&rsquo;\u00e9tait un voyage tr\u00e8s d\u00e9paysant, qui nous a donn\u00e9 envie de retourner en Gr\u00e8ce un jour.\u00a0\u00bb<\/em><\/p>\n<h3><a href=\"\/2022\/04\/MFR_SDDV_Erasmus-2.jpg\" target=\"_blank\" rel=\"noopener\"><img decoding=\"async\" class=\"aligncenter wp-image-181217 size-large\" src=\"\/2022\/04\/MFR_SDDV_Erasmus-2-1024x771.jpg\" alt=\"MFR_SDDV_Erasmus+ (2)\" width=\"960\" height=\"723\" \/><\/a><\/h3>\n<h3><strong><span style=\"font-size: 12pt;\">Am\u00e9lie, Candice, Clara, Noam, Sarah \u2013 Italie<\/span><\/strong><\/h3>\n<p>C&rsquo;est dans le quartier de Niguarda, un quartier historique de la ville de Milan, que les 5 \u00e9l\u00e8ves ont log\u00e9 durant leur s\u00e9jour en Italie. Ce qui leur a plu\u00a0? L&rsquo;effervescence d&rsquo;une grande ville. L&rsquo;architecture et les magasins en particulier. Milan \u00e9tant consid\u00e9r\u00e9e comme la capitale de la mode italienne. <em>\u00ab\u00a0Il y avait \u00e9norm\u00e9ment de choses \u00e0 d\u00e9couvrir, c&rsquo;est vraiment une grande ville \u00e7a change beaucoup de notre quotidien. On a par exemple visit\u00e9 le Duomo, des parcs et bien s\u00fbr on a fait du shopping. On n&rsquo;est pas sortis de la ville, car on avait une carte de transport que pour Milan.\u00a0\u00bb<\/em> Par contre, le sentiment envers les locaux est plus mitig\u00e9. <em>\u00ab\u00a0On a trouv\u00e9 que les gens n&rsquo;\u00e9taient pas tr\u00e8s sociables, pas tr\u00e8s polis.\u00a0\u00bb Logeant dans des studios pour 2 personnes, les adolescents \u00e9taient en stage du matin au soir, de 9h \u00e0 16h30 avec 2 heures de transport quotidien, r\u00e9partis dans diff\u00e9rents \u00e9tablissements. \u00ab\u00a0Sur certains points, les m\u00e9thodes de travail sont diff\u00e9rentes en Italie compar\u00e9 \u00e0 la France. Hors des heures de stage, on a du se d\u00e9brouiller seuls, on a appris \u00e0 mieux se g\u00e9rer, donc \u00e7a nous a fait grandir. Globalement, c&rsquo;\u00e9tait une exp\u00e9rience tr\u00e8s positive.\u00a0\u00bb<\/em><\/p>\n<p><a href=\"\/2022\/04\/MFR_SDDV_Erasmus-3.jpg\" target=\"_blank\" rel=\"noopener\"><img decoding=\"async\" class=\"aligncenter wp-image-181218 size-large\" src=\"\/2022\/04\/MFR_SDDV_Erasmus-3-1024x771.jpg\" alt=\"MFR_SDDV_Erasmus+ (3)\" width=\"960\" height=\"723\" \/><\/a><\/p>\n<h3><strong><span style=\"font-size: 12pt;\">Benjamin, Chim\u00e8ne, D\u00e9borah, Tiffany \u2013 Belgique<\/span><\/strong><\/h3>\n<p><em>\u00ab\u00a0C&rsquo;\u00e9tait long les 4h30 de train.\u00a0\u00bb<\/em> Le trajet pour relier la D\u00e9odatie \u00e0 la Wallonie, o\u00f9 se situe Arlon, est le point n\u00e9gatif des 3 semaines pass\u00e9es chez nos voisins Belges. <em>\u00ab\u00a0C&rsquo;\u00e9tait long aussi car on avait h\u00e2te d&rsquo;y \u00eatre.\u00a0\u00bb<\/em> Sur place, la ville jumel\u00e9e avec Saint-Di\u00e9-des-Vosges depuis 1962, est appr\u00e9ci\u00e9e des \u00e9l\u00e8ves de la MFR. <em>\u00ab\u00a0En soit c&rsquo;est une belle ville, propre et avec plein de restaurants. Les gens \u00e9taient assez zen, assez cool. On logeait dans un Appart&rsquo;City, \u00e0 Arlon m\u00eame. On s&rsquo;est balad\u00e9s un peu partout, mais on \u00e9tait assez fatigu\u00e9s le soir apr\u00e8s le stage. La premi\u00e8re semaine on observait, la deuxi\u00e8me on aidait et la troisi\u00e8me on \u00e9tait en totale autonomie. On a constat\u00e9 que la mani\u00e8re de travailler \u00e9tait diff\u00e9rente par rapport \u00e0 ce qu&rsquo;on conna\u00eet en France, mais aussi que les enfants belges \u00e9taient plus matures. Ces 3 semaines nous ont plu, c&rsquo;\u00e9tait une exp\u00e9rience positive. On a notamment aim\u00e9 le fait d&rsquo;\u00eatre ind\u00e9pendants, sans adulte avec nous. C&rsquo;est pass\u00e9 tellement vite qu&rsquo;on pensait qu&rsquo;on \u00e9tait arriv\u00e9s il y a seulement 5 jours lorsqu&rsquo;on a du partir\u00a0!\u00a0\u00bb<\/em><\/p>\n<p>J.J.<\/p>\n","protected":false},"excerpt":{"rendered":"<p>La MFR de Saint-Di\u00e9-des-Vosges fait partie du programme Erasmus+. C&rsquo;est dans ce cadre que 23 \u00e9l\u00e8ves de Bac Pro SAPAT [&hellip;]<\/p>\n","protected":false},"author":44,"featured_media":48625,"comment_status":"open","ping_status":"open","sticky":false,"template":"","format":"standard","meta":{"footnotes":""},"categories":[460,6,2915],"tags":[7415,10867,10868,5047,7895],"class_list":["post-48624","post","type-post","status-publish","format-standard","has-post-thumbnail","hentry","category-a-la-une","category-education","category-saint-die-son-canton","tag-belgique","tag-erasmus","tag-grece","tag-italie","tag-mfr-de-saint-die-des-vosges"],"acf":[],"yoast_head":"<!-- This site is optimized with the Yoast SEO plugin v22.5 - https:\/\/yoast.com\/wordpress\/plugins\/seo\/ -->\n<title>Retour sur l&#039;exp\u00e9rience Erasmus+ des \u00e9l\u00e8ves de la MFR de Saint-Di\u00e9-des-Vosges - Saint Die Info<\/title>\n<meta name=\"robots\" content=\"index, follow, max-snippet:-1, max-image-preview:large, max-video-preview:-1\" \/>\n<link rel=\"canonical\" href=\"https:\/\/vosgesinfo.fr\/saintdieinfo\/2022\/04\/retour-lexperience-erasmus-eleves-de-mfr-de-saint-die-vosges\/\" \/>\n<meta name=\"twitter:card\" content=\"summary_large_image\" \/>\n<meta name=\"twitter:title\" content=\"Retour sur l&#039;exp\u00e9rience Erasmus+ des \u00e9l\u00e8ves de la MFR de Saint-Di\u00e9-des-Vosges - Saint Die Info\" \/>\n<meta name=\"twitter:description\" content=\"La MFR de Saint-Di\u00e9-des-Vosges fait partie du programme Erasmus+. C&rsquo;est dans ce cadre que 23 \u00e9l\u00e8ves de Bac Pro SAPAT [&hellip;]\" \/>\n<meta name=\"twitter:image\" content=\"https:\/\/vosgesinfo.fr\/app\/uploads\/sites\/4\/2024\/08\/202204mfr-sddv-erasmus-4.jpg\" \/>\n<meta name=\"twitter:creator\" content=\"@VosgesInfo88\" \/>\n<meta name=\"twitter:site\" content=\"@VosgesInfo88\" \/>\n<meta name=\"twitter:label1\" content=\"\u00c9crit par\" \/>\n\t<meta name=\"twitter:data1\" content=\"la r\u00e9daction\" \/>\n\t<meta name=\"twitter:label2\" content=\"Dur\u00e9e de lecture estim\u00e9e\" \/>\n\t<meta name=\"twitter:data2\" content=\"5 minutes\" \/>\n<script type=\"application\/ld+json\" class=\"yoast-schema-graph\">{\"@context\":\"https:\/\/schema.org\",\"@graph\":[{\"@type\":\"Article\",\"@id\":\"https:\/\/vosgesinfo.fr\/saintdieinfo\/2022\/04\/retour-lexperience-erasmus-eleves-de-mfr-de-saint-die-vosges\/#article\",\"isPartOf\":{\"@id\":\"https:\/\/vosgesinfo.fr\/saintdieinfo\/2022\/04\/retour-lexperience-erasmus-eleves-de-mfr-de-saint-die-vosges\/\"},\"author\":{\"name\":\"la r\u00e9daction\",\"@id\":\"https:\/\/vosgesinfo.fr\/saintdieinfo\/#\/schema\/person\/faee6704a21f3977511db84bd1cd450f\"},\"headline\":\"Retour sur l&rsquo;exp\u00e9rience Erasmus+ des \u00e9l\u00e8ves de la MFR de Saint-Di\u00e9-des-Vosges\",\"datePublished\":\"2022-04-01T13:45:59+00:00\",\"dateModified\":\"2022-04-01T13:45:59+00:00\",\"mainEntityOfPage\":{\"@id\":\"https:\/\/vosgesinfo.fr\/saintdieinfo\/2022\/04\/retour-lexperience-erasmus-eleves-de-mfr-de-saint-die-vosges\/\"},\"wordCount\":1068,\"commentCount\":0,\"publisher\":{\"@id\":\"https:\/\/vosgesinfo.fr\/saintdieinfo\/#organization\"},\"image\":{\"@id\":\"https:\/\/vosgesinfo.fr\/saintdieinfo\/2022\/04\/retour-lexperience-erasmus-eleves-de-mfr-de-saint-die-vosges\/#primaryimage\"},\"thumbnailUrl\":\"https:\/\/vosgesinfo.fr\/app\/uploads\/sites\/4\/2024\/08\/202204mfr-sddv-erasmus-4.jpg\",\"keywords\":[\"Belgique\",\"ERASMUS+\",\"Gr\u00e8ce\",\"Italie\",\"MFR de Saint-Di\u00e9-des-Vosges\"],\"articleSection\":[\"A la Une\",\"\u00c9ducation\",\"Saint-Di\u00e9-des-Vosges et son Agglom\u00e9ration\"],\"inLanguage\":\"fr-FR\",\"potentialAction\":[{\"@type\":\"CommentAction\",\"name\":\"Comment\",\"target\":[\"https:\/\/vosgesinfo.fr\/saintdieinfo\/2022\/04\/retour-lexperience-erasmus-eleves-de-mfr-de-saint-die-vosges\/#respond\"]}]},{\"@type\":\"WebPage\",\"@id\":\"https:\/\/vosgesinfo.fr\/saintdieinfo\/2022\/04\/retour-lexperience-erasmus-eleves-de-mfr-de-saint-die-vosges\/\",\"url\":\"https:\/\/vosgesinfo.fr\/saintdieinfo\/2022\/04\/retour-lexperience-erasmus-eleves-de-mfr-de-saint-die-vosges\/\",\"name\":\"Retour sur l'exp\u00e9rience Erasmus+ des \u00e9l\u00e8ves de la MFR de Saint-Di\u00e9-des-Vosges - Saint Die Info\",\"isPartOf\":{\"@id\":\"https:\/\/vosgesinfo.fr\/saintdieinfo\/#website\"},\"primaryImageOfPage\":{\"@id\":\"https:\/\/vosgesinfo.fr\/saintdieinfo\/2022\/04\/retour-lexperience-erasmus-eleves-de-mfr-de-saint-die-vosges\/#primaryimage\"},\"image\":{\"@id\":\"https:\/\/vosgesinfo.fr\/saintdieinfo\/2022\/04\/retour-lexperience-erasmus-eleves-de-mfr-de-saint-die-vosges\/#primaryimage\"},\"thumbnailUrl\":\"https:\/\/vosgesinfo.fr\/app\/uploads\/sites\/4\/2024\/08\/202204mfr-sddv-erasmus-4.jpg\",\"datePublished\":\"2022-04-01T13:45:59+00:00\",\"dateModified\":\"2022-04-01T13:45:59+00:00\",\"breadcrumb\":{\"@id\":\"https:\/\/vosgesinfo.fr\/saintdieinfo\/2022\/04\/retour-lexperience-erasmus-eleves-de-mfr-de-saint-die-vosges\/#breadcrumb\"},\"inLanguage\":\"fr-FR\",\"potentialAction\":[{\"@type\":\"ReadAction\",\"target\":[\"https:\/\/vosgesinfo.fr\/saintdieinfo\/2022\/04\/retour-lexperience-erasmus-eleves-de-mfr-de-saint-die-vosges\/\"]}]},{\"@type\":\"ImageObject\",\"inLanguage\":\"fr-FR\",\"@id\":\"https:\/\/vosgesinfo.fr\/saintdieinfo\/2022\/04\/retour-lexperience-erasmus-eleves-de-mfr-de-saint-die-vosges\/#primaryimage\",\"url\":\"https:\/\/vosgesinfo.fr\/app\/uploads\/sites\/4\/2024\/08\/202204mfr-sddv-erasmus-4.jpg\",\"contentUrl\":\"https:\/\/vosgesinfo.fr\/app\/uploads\/sites\/4\/2024\/08\/202204mfr-sddv-erasmus-4.jpg\",\"width\":1600,\"height\":1205},{\"@type\":\"BreadcrumbList\",\"@id\":\"https:\/\/vosgesinfo.fr\/saintdieinfo\/2022\/04\/retour-lexperience-erasmus-eleves-de-mfr-de-saint-die-vosges\/#breadcrumb\",\"itemListElement\":[{\"@type\":\"ListItem\",\"position\":1,\"name\":\"Home\",\"item\":\"https:\/\/vosgesinfo.fr\/saintdieinfo\/\"},{\"@type\":\"ListItem\",\"position\":2,\"name\":\"Retour sur l&rsquo;exp\u00e9rience Erasmus+ des \u00e9l\u00e8ves de la MFR de Saint-Di\u00e9-des-Vosges\"}]},{\"@type\":\"WebSite\",\"@id\":\"https:\/\/vosgesinfo.fr\/saintdieinfo\/#website\",\"url\":\"https:\/\/vosgesinfo.fr\/saintdieinfo\/\",\"name\":\"Saint Die Info\",\"description\":\"Toute l&#039;actualit\u00e9 de Saint-Di\u00e9-Des-Vosges\",\"publisher\":{\"@id\":\"https:\/\/vosgesinfo.fr\/saintdieinfo\/#organization\"},\"alternateName\":\"Toute l'actualit\u00e9 de Saint-Di\u00e9-Des-Vosges\",\"potentialAction\":[{\"@type\":\"SearchAction\",\"target\":{\"@type\":\"EntryPoint\",\"urlTemplate\":\"https:\/\/vosgesinfo.fr\/saintdieinfo\/?s={search_term_string}\"},\"query-input\":\"required name=search_term_string\"}],\"inLanguage\":\"fr-FR\"},{\"@type\":\"Organization\",\"@id\":\"https:\/\/vosgesinfo.fr\/saintdieinfo\/#organization\",\"name\":\"Saint Die Info\",\"url\":\"https:\/\/vosgesinfo.fr\/saintdieinfo\/\",\"logo\":{\"@type\":\"ImageObject\",\"inLanguage\":\"fr-FR\",\"@id\":\"https:\/\/vosgesinfo.fr\/saintdieinfo\/#\/schema\/logo\/image\/\",\"url\":\"https:\/\/vosgesinfo.fr\/app\/uploads\/sites\/4\/2024\/02\/logo-sdi.jpg\",\"contentUrl\":\"https:\/\/vosgesinfo.fr\/app\/uploads\/sites\/4\/2024\/02\/logo-sdi.jpg\",\"width\":600,\"height\":600,\"caption\":\"Saint Die Info\"},\"image\":{\"@id\":\"https:\/\/vosgesinfo.fr\/saintdieinfo\/#\/schema\/logo\/image\/\"},\"sameAs\":[\"https:\/\/www.facebook.com\/Saintdieinfofr\",\"https:\/\/x.com\/VosgesInfo88\",\"https:\/\/www.youtube.com\/@vosgesinfo\"]},{\"@type\":\"Person\",\"@id\":\"https:\/\/vosgesinfo.fr\/saintdieinfo\/#\/schema\/person\/faee6704a21f3977511db84bd1cd450f\",\"name\":\"la r\u00e9daction\",\"image\":{\"@type\":\"ImageObject\",\"inLanguage\":\"fr-FR\",\"@id\":\"https:\/\/vosgesinfo.fr\/saintdieinfo\/#\/schema\/person\/image\/\",\"url\":\"https:\/\/secure.gravatar.com\/avatar\/6673d8bc6a9c17fa9a453eaa3448de834fa308c2ec9635b7aa99441a7c8d2cf6?s=96&d=mm&r=g\",\"contentUrl\":\"https:\/\/secure.gravatar.com\/avatar\/6673d8bc6a9c17fa9a453eaa3448de834fa308c2ec9635b7aa99441a7c8d2cf6?s=96&d=mm&r=g\",\"caption\":\"la r\u00e9daction\"},\"url\":\"https:\/\/vosgesinfo.fr\/saintdieinfo\/author\/redac\/\"}]}<\/script>\n<!-- \/ Yoast SEO plugin. -->","yoast_head_json":{"title":"Retour sur l'exp\u00e9rience Erasmus+ des \u00e9l\u00e8ves de la MFR de Saint-Di\u00e9-des-Vosges - Saint Die Info","robots":{"index":"index","follow":"follow","max-snippet":"max-snippet:-1","max-image-preview":"max-image-preview:large","max-video-preview":"max-video-preview:-1"},"canonical":"https:\/\/vosgesinfo.fr\/saintdieinfo\/2022\/04\/retour-lexperience-erasmus-eleves-de-mfr-de-saint-die-vosges\/","twitter_card":"summary_large_image","twitter_title":"Retour sur l'exp\u00e9rience Erasmus+ des \u00e9l\u00e8ves de la MFR de Saint-Di\u00e9-des-Vosges - Saint Die Info","twitter_description":"La MFR de Saint-Di\u00e9-des-Vosges fait partie du programme Erasmus+. C&rsquo;est dans ce cadre que 23 \u00e9l\u00e8ves de Bac Pro SAPAT [&hellip;]","twitter_image":"https:\/\/vosgesinfo.fr\/app\/uploads\/sites\/4\/2024\/08\/202204mfr-sddv-erasmus-4.jpg","twitter_creator":"@VosgesInfo88","twitter_site":"@VosgesInfo88","twitter_misc":{"\u00c9crit par":"la r\u00e9daction","Dur\u00e9e de lecture estim\u00e9e":"5 minutes"},"schema":{"@context":"https:\/\/schema.org","@graph":[{"@type":"Article","@id":"https:\/\/vosgesinfo.fr\/saintdieinfo\/2022\/04\/retour-lexperience-erasmus-eleves-de-mfr-de-saint-die-vosges\/#article","isPartOf":{"@id":"https:\/\/vosgesinfo.fr\/saintdieinfo\/2022\/04\/retour-lexperience-erasmus-eleves-de-mfr-de-saint-die-vosges\/"},"author":{"name":"la r\u00e9daction","@id":"https:\/\/vosgesinfo.fr\/saintdieinfo\/#\/schema\/person\/faee6704a21f3977511db84bd1cd450f"},"headline":"Retour sur l&rsquo;exp\u00e9rience Erasmus+ des \u00e9l\u00e8ves de la MFR de Saint-Di\u00e9-des-Vosges","datePublished":"2022-04-01T13:45:59+00:00","dateModified":"2022-04-01T13:45:59+00:00","mainEntityOfPage":{"@id":"https:\/\/vosgesinfo.fr\/saintdieinfo\/2022\/04\/retour-lexperience-erasmus-eleves-de-mfr-de-saint-die-vosges\/"},"wordCount":1068,"commentCount":0,"publisher":{"@id":"https:\/\/vosgesinfo.fr\/saintdieinfo\/#organization"},"image":{"@id":"https:\/\/vosgesinfo.fr\/saintdieinfo\/2022\/04\/retour-lexperience-erasmus-eleves-de-mfr-de-saint-die-vosges\/#primaryimage"},"thumbnailUrl":"https:\/\/vosgesinfo.fr\/app\/uploads\/sites\/4\/2024\/08\/202204mfr-sddv-erasmus-4.jpg","keywords":["Belgique","ERASMUS+","Gr\u00e8ce","Italie","MFR de Saint-Di\u00e9-des-Vosges"],"articleSection":["A la Une","\u00c9ducation","Saint-Di\u00e9-des-Vosges et son Agglom\u00e9ration"],"inLanguage":"fr-FR","potentialAction":[{"@type":"CommentAction","name":"Comment","target":["https:\/\/vosgesinfo.fr\/saintdieinfo\/2022\/04\/retour-lexperience-erasmus-eleves-de-mfr-de-saint-die-vosges\/#respond"]}]},{"@type":"WebPage","@id":"https:\/\/vosgesinfo.fr\/saintdieinfo\/2022\/04\/retour-lexperience-erasmus-eleves-de-mfr-de-saint-die-vosges\/","url":"https:\/\/vosgesinfo.fr\/saintdieinfo\/2022\/04\/retour-lexperience-erasmus-eleves-de-mfr-de-saint-die-vosges\/","name":"Retour sur l'exp\u00e9rience Erasmus+ des \u00e9l\u00e8ves de la MFR de Saint-Di\u00e9-des-Vosges - Saint Die Info","isPartOf":{"@id":"https:\/\/vosgesinfo.fr\/saintdieinfo\/#website"},"primaryImageOfPage":{"@id":"https:\/\/vosgesinfo.fr\/saintdieinfo\/2022\/04\/retour-lexperience-erasmus-eleves-de-mfr-de-saint-die-vosges\/#primaryimage"},"image":{"@id":"https:\/\/vosgesinfo.fr\/saintdieinfo\/2022\/04\/retour-lexperience-erasmus-eleves-de-mfr-de-saint-die-vosges\/#primaryimage"},"thumbnailUrl":"https:\/\/vosgesinfo.fr\/app\/uploads\/sites\/4\/2024\/08\/202204mfr-sddv-erasmus-4.jpg","datePublished":"2022-04-01T13:45:59+00:00","dateModified":"2022-04-01T13:45:59+00:00","breadcrumb":{"@id":"https:\/\/vosgesinfo.fr\/saintdieinfo\/2022\/04\/retour-lexperience-erasmus-eleves-de-mfr-de-saint-die-vosges\/#breadcrumb"},"inLanguage":"fr-FR","potentialAction":[{"@type":"ReadAction","target":["https:\/\/vosgesinfo.fr\/saintdieinfo\/2022\/04\/retour-lexperience-erasmus-eleves-de-mfr-de-saint-die-vosges\/"]}]},{"@type":"ImageObject","inLanguage":"fr-FR","@id":"https:\/\/vosgesinfo.fr\/saintdieinfo\/2022\/04\/retour-lexperience-erasmus-eleves-de-mfr-de-saint-die-vosges\/#primaryimage","url":"https:\/\/vosgesinfo.fr\/app\/uploads\/sites\/4\/2024\/08\/202204mfr-sddv-erasmus-4.jpg","contentUrl":"https:\/\/vosgesinfo.fr\/app\/uploads\/sites\/4\/2024\/08\/202204mfr-sddv-erasmus-4.jpg","width":1600,"height":1205},{"@type":"BreadcrumbList","@id":"https:\/\/vosgesinfo.fr\/saintdieinfo\/2022\/04\/retour-lexperience-erasmus-eleves-de-mfr-de-saint-die-vosges\/#breadcrumb","itemListElement":[{"@type":"ListItem","position":1,"name":"Home","item":"https:\/\/vosgesinfo.fr\/saintdieinfo\/"},{"@type":"ListItem","position":2,"name":"Retour sur l&rsquo;exp\u00e9rience Erasmus+ des \u00e9l\u00e8ves de la MFR de Saint-Di\u00e9-des-Vosges"}]},{"@type":"WebSite","@id":"https:\/\/vosgesinfo.fr\/saintdieinfo\/#website","url":"https:\/\/vosgesinfo.fr\/saintdieinfo\/","name":"Saint Die Info","description":"Toute l&#039;actualit\u00e9 de Saint-Di\u00e9-Des-Vosges","publisher":{"@id":"https:\/\/vosgesinfo.fr\/saintdieinfo\/#organization"},"alternateName":"Toute l'actualit\u00e9 de Saint-Di\u00e9-Des-Vosges","potentialAction":[{"@type":"SearchAction","target":{"@type":"EntryPoint","urlTemplate":"https:\/\/vosgesinfo.fr\/saintdieinfo\/?s={search_term_string}"},"query-input":"required name=search_term_string"}],"inLanguage":"fr-FR"},{"@type":"Organization","@id":"https:\/\/vosgesinfo.fr\/saintdieinfo\/#organization","name":"Saint Die Info","url":"https:\/\/vosgesinfo.fr\/saintdieinfo\/","logo":{"@type":"ImageObject","inLanguage":"fr-FR","@id":"https:\/\/vosgesinfo.fr\/saintdieinfo\/#\/schema\/logo\/image\/","url":"https:\/\/vosgesinfo.fr\/app\/uploads\/sites\/4\/2024\/02\/logo-sdi.jpg","contentUrl":"https:\/\/vosgesinfo.fr\/app\/uploads\/sites\/4\/2024\/02\/logo-sdi.jpg","width":600,"height":600,"caption":"Saint Die Info"},"image":{"@id":"https:\/\/vosgesinfo.fr\/saintdieinfo\/#\/schema\/logo\/image\/"},"sameAs":["https:\/\/www.facebook.com\/Saintdieinfofr","https:\/\/x.com\/VosgesInfo88","https:\/\/www.youtube.com\/@vosgesinfo"]},{"@type":"Person","@id":"https:\/\/vosgesinfo.fr\/saintdieinfo\/#\/schema\/person\/faee6704a21f3977511db84bd1cd450f","name":"la r\u00e9daction","image":{"@type":"ImageObject","inLanguage":"fr-FR","@id":"https:\/\/vosgesinfo.fr\/saintdieinfo\/#\/schema\/person\/image\/","url":"https:\/\/secure.gravatar.com\/avatar\/6673d8bc6a9c17fa9a453eaa3448de834fa308c2ec9635b7aa99441a7c8d2cf6?s=96&d=mm&r=g","contentUrl":"https:\/\/secure.gravatar.com\/avatar\/6673d8bc6a9c17fa9a453eaa3448de834fa308c2ec9635b7aa99441a7c8d2cf6?s=96&d=mm&r=g","caption":"la r\u00e9daction"},"url":"https:\/\/vosgesinfo.fr\/saintdieinfo\/author\/redac\/"}]}},"_links":{"self":[{"href":"https:\/\/vosgesinfo.fr\/saintdieinfo\/wp-json\/wp\/v2\/posts\/48624","targetHints":{"allow":["GET"]}}],"collection":[{"href":"https:\/\/vosgesinfo.fr\/saintdieinfo\/wp-json\/wp\/v2\/posts"}],"about":[{"href":"https:\/\/vosgesinfo.fr\/saintdieinfo\/wp-json\/wp\/v2\/types\/post"}],"author":[{"embeddable":true,"href":"https:\/\/vosgesinfo.fr\/saintdieinfo\/wp-json\/wp\/v2\/users\/44"}],"replies":[{"embeddable":true,"href":"https:\/\/vosgesinfo.fr\/saintdieinfo\/wp-json\/wp\/v2\/comments?post=48624"}],"version-history":[{"count":0,"href":"https:\/\/vosgesinfo.fr\/saintdieinfo\/wp-json\/wp\/v2\/posts\/48624\/revisions"}],"wp:featuredmedia":[{"embeddable":true,"href":"https:\/\/vosgesinfo.fr\/saintdieinfo\/wp-json\/wp\/v2\/media\/48625"}],"wp:attachment":[{"href":"https:\/\/vosgesinfo.fr\/saintdieinfo\/wp-json\/wp\/v2\/media?parent=48624"}],"wp:term":[{"taxonomy":"category","embeddable":true,"href":"https:\/\/vosgesinfo.fr\/saintdieinfo\/wp-json\/wp\/v2\/categories?post=48624"},{"taxonomy":"post_tag","embeddable":true,"href":"https:\/\/vosgesinfo.fr\/saintdieinfo\/wp-json\/wp\/v2\/tags?post=48624"}],"curies":[{"name":"wp","href":"https:\/\/api.w.org\/{rel}","templated":true}]}}