{"id":48728,"date":"2022-04-04T11:46:28","date_gmt":"2022-04-04T09:46:28","guid":{"rendered":"https:\/\/vosgesinfo.fr\/saintdieinfo\/2022\/04\/moyenmoutier-podiums-medianitrail-2022\/"},"modified":"2022-04-04T11:46:28","modified_gmt":"2022-04-04T09:46:28","slug":"moyenmoutier-podiums-medianitrail-2022","status":"publish","type":"post","link":"https:\/\/vosgesinfo.fr\/saintdieinfo\/2022\/04\/moyenmoutier-podiums-medianitrail-2022\/","title":{"rendered":"Moyenmoutier \u2013 Les podiums du Medianitrail 2022"},"content":{"rendered":"<div id=\"attachment_181350\" style=\"width: 970px\" class=\"wp-caption aligncenter\"><a href=\"\/2022\/04\/Medianihard_Scratch.jpg\" target=\"_blank\" rel=\"noopener\"><img decoding=\"async\" aria-describedby=\"caption-attachment-181350\" class=\"wp-image-181350 size-large\" src=\"\/2022\/04\/Medianihard_Scratch-1024x768.jpg\" alt=\"Medianihard_Scratch\" width=\"960\" height=\"720\" \/><\/a><p id=\"caption-attachment-181350\" class=\"wp-caption-text\">Le podium du scratch du Medianihard. (Photographies Medianitrail)<\/p><\/div>\n<h2><strong><span style=\"font-size: 14pt;\">Le Medianitrail \u00e9dition 2022 s&rsquo;est d\u00e9roul\u00e9 hier dimanche. Au d\u00e9part de Moyenmoutier, les 73 participants au Medianihard et Medianiduo (25 km pour 1300m de d\u00e9nivel\u00e9 positif), puis les 109 coureurs align\u00e9s sur le Medianiclassique (13 km pour 650m de d\u00e9nivel\u00e9 positif), se sont \u00e9lanc\u00e9s sur les sentiers forestiers au cours de la matin\u00e9e et en d\u00e9but d&rsquo;apr\u00e8s-midi.<\/span><\/strong><\/h2>\n<p><!--more--><\/p>\n<p>Pour le Medianihard, c&rsquo;est Johan Villemain qui s&rsquo;est montr\u00e9 le plus rapide, en terminant le parcours en 2h03m23s. Le podium du scratch est compl\u00e9t\u00e9 par Sylvain Lejeune, 2e en 2h06m58s (+3m35s), et Alexandre Lenoir, 3e en 2h07m09s (+3m46s). Chez les femmes, Julie Saviana est premi\u00e8re avec un temps de 2h49m42, devan\u00e7ant largement ses poursuivantes. Daniele Collenne, 2e en 3h14m38s, et Margaux Jacques, 3e en 3h14m38s, ont franchi la ligne d&rsquo;arriv\u00e9e environ 25 minutes plus tard.<\/p>\n<p>Pour le Medianiclassique, le podium du scratch se compose de Kevin Amado, 1er en 54m45s, Matthieu Peche, 2e en 57m04s (+2m19s), et Patrick Dortu, 3e en 58m14s (+3m29s). Sabine Maire termine premi\u00e8re f\u00e9minine, franchissant la ligne d&rsquo;arriv\u00e9e en 1h19m03s. Marie Arnould monte sur la 2e marche du podium, r\u00e9alisant un temps de 1h24m45s (+5m42s). Pauline Franckart est arriv\u00e9e \u00e0 peine 11 secondes plus tard, en 1h24m56s, et termine donc \u00e0 la 3e place du podium f\u00e9minin.<\/p>\n<p>J.J.<\/p>\n<div id=\"attachment_181353\" style=\"width: 970px\" class=\"wp-caption aligncenter\"><a href=\"\/2022\/04\/Medianihard_Feminine.jpg\" target=\"_blank\" rel=\"noopener\"><img decoding=\"async\" aria-describedby=\"caption-attachment-181353\" class=\"wp-image-181353 size-large\" src=\"\/2022\/04\/Medianihard_Feminine-1024x768.jpg\" alt=\"Medianihard_Feminine\" width=\"960\" height=\"720\" \/><\/a><p id=\"caption-attachment-181353\" class=\"wp-caption-text\">Le podium f\u00e9minin du Medianihard.<\/p><\/div>\n<div id=\"attachment_181352\" style=\"width: 970px\" class=\"wp-caption aligncenter\"><a href=\"\/2022\/04\/Medianiclassique_Scratch.jpg\" target=\"_blank\" rel=\"noopener\"><img decoding=\"async\" aria-describedby=\"caption-attachment-181352\" class=\"wp-image-181352 size-large\" src=\"\/2022\/04\/Medianiclassique_Scratch-1024x768.jpg\" alt=\"Medianiclassique_Scratch\" width=\"960\" height=\"720\" \/><\/a><p id=\"caption-attachment-181352\" class=\"wp-caption-text\">Le podium du scratch du Medianiclassique.<\/p><\/div>\n<div id=\"attachment_181351\" style=\"width: 970px\" class=\"wp-caption aligncenter\"><a href=\"\/2022\/04\/Medianiclassique_Feminine.jpg\" target=\"_blank\" rel=\"noopener\"><img decoding=\"async\" aria-describedby=\"caption-attachment-181351\" class=\"wp-image-181351 size-large\" src=\"\/2022\/04\/Medianiclassique_Feminine-1024x768.jpg\" alt=\"Medianiclassique_Feminine\" width=\"960\" height=\"720\" \/><\/a><p id=\"caption-attachment-181351\" class=\"wp-caption-text\">Le podium f\u00e9minin du Medianiclassique.<\/p><\/div>\n","protected":false},"excerpt":{"rendered":"<p>Le Medianitrail \u00e9dition 2022 s&rsquo;est d\u00e9roul\u00e9 hier dimanche. Au d\u00e9part de Moyenmoutier, les 73 participants au Medianihard et Medianiduo (25 [&hellip;]<\/p>\n","protected":false},"author":44,"featured_media":48729,"comment_status":"open","ping_status":"open","sticky":false,"template":"","format":"standard","meta":{"footnotes":""},"categories":[460,2915,14],"tags":[10748,10893,3567],"class_list":["post-48728","post","type-post","status-publish","format-standard","has-post-thumbnail","hentry","category-a-la-une","category-saint-die-son-canton","category-sport","tag-medianitrail","tag-medianitrail-2022","tag-moyenmoutier"],"acf":[],"yoast_head":"<!-- This site is optimized with the Yoast SEO plugin v22.5 - https:\/\/yoast.com\/wordpress\/plugins\/seo\/ -->\n<title>Moyenmoutier \u2013 Les podiums du Medianitrail 2022 - Saint Die Info<\/title>\n<meta name=\"robots\" content=\"index, follow, max-snippet:-1, max-image-preview:large, max-video-preview:-1\" \/>\n<link rel=\"canonical\" href=\"https:\/\/vosgesinfo.fr\/saintdieinfo\/2022\/04\/moyenmoutier-podiums-medianitrail-2022\/\" \/>\n<meta name=\"twitter:card\" content=\"summary_large_image\" \/>\n<meta name=\"twitter:title\" content=\"Moyenmoutier \u2013 Les podiums du Medianitrail 2022 - Saint Die Info\" \/>\n<meta name=\"twitter:description\" content=\"Le Medianitrail \u00e9dition 2022 s&rsquo;est d\u00e9roul\u00e9 hier dimanche. Au d\u00e9part de Moyenmoutier, les 73 participants au Medianihard et Medianiduo (25 [&hellip;]\" \/>\n<meta name=\"twitter:image\" content=\"https:\/\/vosgesinfo.fr\/app\/uploads\/sites\/4\/2024\/08\/202204medianihard-scratch.jpg\" \/>\n<meta name=\"twitter:creator\" content=\"@VosgesInfo88\" \/>\n<meta name=\"twitter:site\" content=\"@VosgesInfo88\" \/>\n<meta name=\"twitter:label1\" content=\"\u00c9crit par\" \/>\n\t<meta name=\"twitter:data1\" content=\"la r\u00e9daction\" \/>\n\t<meta name=\"twitter:label2\" content=\"Dur\u00e9e de lecture estim\u00e9e\" \/>\n\t<meta name=\"twitter:data2\" content=\"1 minute\" \/>\n<script type=\"application\/ld+json\" class=\"yoast-schema-graph\">{\"@context\":\"https:\/\/schema.org\",\"@graph\":[{\"@type\":\"Article\",\"@id\":\"https:\/\/vosgesinfo.fr\/saintdieinfo\/2022\/04\/moyenmoutier-podiums-medianitrail-2022\/#article\",\"isPartOf\":{\"@id\":\"https:\/\/vosgesinfo.fr\/saintdieinfo\/2022\/04\/moyenmoutier-podiums-medianitrail-2022\/\"},\"author\":{\"name\":\"la r\u00e9daction\",\"@id\":\"https:\/\/vosgesinfo.fr\/saintdieinfo\/#\/schema\/person\/faee6704a21f3977511db84bd1cd450f\"},\"headline\":\"Moyenmoutier \u2013 Les podiums du Medianitrail 2022\",\"datePublished\":\"2022-04-04T09:46:28+00:00\",\"dateModified\":\"2022-04-04T09:46:28+00:00\",\"mainEntityOfPage\":{\"@id\":\"https:\/\/vosgesinfo.fr\/saintdieinfo\/2022\/04\/moyenmoutier-podiums-medianitrail-2022\/\"},\"wordCount\":310,\"commentCount\":0,\"publisher\":{\"@id\":\"https:\/\/vosgesinfo.fr\/saintdieinfo\/#organization\"},\"image\":{\"@id\":\"https:\/\/vosgesinfo.fr\/saintdieinfo\/2022\/04\/moyenmoutier-podiums-medianitrail-2022\/#primaryimage\"},\"thumbnailUrl\":\"https:\/\/vosgesinfo.fr\/app\/uploads\/sites\/4\/2024\/08\/202204medianihard-scratch.jpg\",\"keywords\":[\"M\u00e9dianiTrail\",\"Medianitrail 2022\",\"moyenmoutier\"],\"articleSection\":[\"A la Une\",\"Saint-Di\u00e9-des-Vosges et son Agglom\u00e9ration\",\"Sport\"],\"inLanguage\":\"fr-FR\",\"potentialAction\":[{\"@type\":\"CommentAction\",\"name\":\"Comment\",\"target\":[\"https:\/\/vosgesinfo.fr\/saintdieinfo\/2022\/04\/moyenmoutier-podiums-medianitrail-2022\/#respond\"]}]},{\"@type\":\"WebPage\",\"@id\":\"https:\/\/vosgesinfo.fr\/saintdieinfo\/2022\/04\/moyenmoutier-podiums-medianitrail-2022\/\",\"url\":\"https:\/\/vosgesinfo.fr\/saintdieinfo\/2022\/04\/moyenmoutier-podiums-medianitrail-2022\/\",\"name\":\"Moyenmoutier \u2013 Les podiums du Medianitrail 2022 - Saint Die Info\",\"isPartOf\":{\"@id\":\"https:\/\/vosgesinfo.fr\/saintdieinfo\/#website\"},\"primaryImageOfPage\":{\"@id\":\"https:\/\/vosgesinfo.fr\/saintdieinfo\/2022\/04\/moyenmoutier-podiums-medianitrail-2022\/#primaryimage\"},\"image\":{\"@id\":\"https:\/\/vosgesinfo.fr\/saintdieinfo\/2022\/04\/moyenmoutier-podiums-medianitrail-2022\/#primaryimage\"},\"thumbnailUrl\":\"https:\/\/vosgesinfo.fr\/app\/uploads\/sites\/4\/2024\/08\/202204medianihard-scratch.jpg\",\"datePublished\":\"2022-04-04T09:46:28+00:00\",\"dateModified\":\"2022-04-04T09:46:28+00:00\",\"breadcrumb\":{\"@id\":\"https:\/\/vosgesinfo.fr\/saintdieinfo\/2022\/04\/moyenmoutier-podiums-medianitrail-2022\/#breadcrumb\"},\"inLanguage\":\"fr-FR\",\"potentialAction\":[{\"@type\":\"ReadAction\",\"target\":[\"https:\/\/vosgesinfo.fr\/saintdieinfo\/2022\/04\/moyenmoutier-podiums-medianitrail-2022\/\"]}]},{\"@type\":\"ImageObject\",\"inLanguage\":\"fr-FR\",\"@id\":\"https:\/\/vosgesinfo.fr\/saintdieinfo\/2022\/04\/moyenmoutier-podiums-medianitrail-2022\/#primaryimage\",\"url\":\"https:\/\/vosgesinfo.fr\/app\/uploads\/sites\/4\/2024\/08\/202204medianihard-scratch.jpg\",\"contentUrl\":\"https:\/\/vosgesinfo.fr\/app\/uploads\/sites\/4\/2024\/08\/202204medianihard-scratch.jpg\",\"width\":2048,\"height\":1536},{\"@type\":\"BreadcrumbList\",\"@id\":\"https:\/\/vosgesinfo.fr\/saintdieinfo\/2022\/04\/moyenmoutier-podiums-medianitrail-2022\/#breadcrumb\",\"itemListElement\":[{\"@type\":\"ListItem\",\"position\":1,\"name\":\"Home\",\"item\":\"https:\/\/vosgesinfo.fr\/saintdieinfo\/\"},{\"@type\":\"ListItem\",\"position\":2,\"name\":\"Moyenmoutier \u2013 Les podiums du Medianitrail 2022\"}]},{\"@type\":\"WebSite\",\"@id\":\"https:\/\/vosgesinfo.fr\/saintdieinfo\/#website\",\"url\":\"https:\/\/vosgesinfo.fr\/saintdieinfo\/\",\"name\":\"Saint Die Info\",\"description\":\"Toute l&#039;actualit\u00e9 de Saint-Di\u00e9-Des-Vosges\",\"publisher\":{\"@id\":\"https:\/\/vosgesinfo.fr\/saintdieinfo\/#organization\"},\"alternateName\":\"Toute l'actualit\u00e9 de Saint-Di\u00e9-Des-Vosges\",\"potentialAction\":[{\"@type\":\"SearchAction\",\"target\":{\"@type\":\"EntryPoint\",\"urlTemplate\":\"https:\/\/vosgesinfo.fr\/saintdieinfo\/?s={search_term_string}\"},\"query-input\":\"required name=search_term_string\"}],\"inLanguage\":\"fr-FR\"},{\"@type\":\"Organization\",\"@id\":\"https:\/\/vosgesinfo.fr\/saintdieinfo\/#organization\",\"name\":\"Saint Die Info\",\"url\":\"https:\/\/vosgesinfo.fr\/saintdieinfo\/\",\"logo\":{\"@type\":\"ImageObject\",\"inLanguage\":\"fr-FR\",\"@id\":\"https:\/\/vosgesinfo.fr\/saintdieinfo\/#\/schema\/logo\/image\/\",\"url\":\"https:\/\/vosgesinfo.fr\/app\/uploads\/sites\/4\/2024\/02\/logo-sdi.jpg\",\"contentUrl\":\"https:\/\/vosgesinfo.fr\/app\/uploads\/sites\/4\/2024\/02\/logo-sdi.jpg\",\"width\":600,\"height\":600,\"caption\":\"Saint Die Info\"},\"image\":{\"@id\":\"https:\/\/vosgesinfo.fr\/saintdieinfo\/#\/schema\/logo\/image\/\"},\"sameAs\":[\"https:\/\/www.facebook.com\/Saintdieinfofr\",\"https:\/\/x.com\/VosgesInfo88\",\"https:\/\/www.youtube.com\/@vosgesinfo\"]},{\"@type\":\"Person\",\"@id\":\"https:\/\/vosgesinfo.fr\/saintdieinfo\/#\/schema\/person\/faee6704a21f3977511db84bd1cd450f\",\"name\":\"la r\u00e9daction\",\"image\":{\"@type\":\"ImageObject\",\"inLanguage\":\"fr-FR\",\"@id\":\"https:\/\/vosgesinfo.fr\/saintdieinfo\/#\/schema\/person\/image\/\",\"url\":\"https:\/\/secure.gravatar.com\/avatar\/6673d8bc6a9c17fa9a453eaa3448de834fa308c2ec9635b7aa99441a7c8d2cf6?s=96&d=mm&r=g\",\"contentUrl\":\"https:\/\/secure.gravatar.com\/avatar\/6673d8bc6a9c17fa9a453eaa3448de834fa308c2ec9635b7aa99441a7c8d2cf6?s=96&d=mm&r=g\",\"caption\":\"la r\u00e9daction\"},\"url\":\"https:\/\/vosgesinfo.fr\/saintdieinfo\/author\/redac\/\"}]}<\/script>\n<!-- \/ Yoast SEO plugin. -->","yoast_head_json":{"title":"Moyenmoutier \u2013 Les podiums du Medianitrail 2022 - Saint Die Info","robots":{"index":"index","follow":"follow","max-snippet":"max-snippet:-1","max-image-preview":"max-image-preview:large","max-video-preview":"max-video-preview:-1"},"canonical":"https:\/\/vosgesinfo.fr\/saintdieinfo\/2022\/04\/moyenmoutier-podiums-medianitrail-2022\/","twitter_card":"summary_large_image","twitter_title":"Moyenmoutier \u2013 Les podiums du Medianitrail 2022 - Saint Die Info","twitter_description":"Le Medianitrail \u00e9dition 2022 s&rsquo;est d\u00e9roul\u00e9 hier dimanche. Au d\u00e9part de Moyenmoutier, les 73 participants au Medianihard et Medianiduo (25 [&hellip;]","twitter_image":"https:\/\/vosgesinfo.fr\/app\/uploads\/sites\/4\/2024\/08\/202204medianihard-scratch.jpg","twitter_creator":"@VosgesInfo88","twitter_site":"@VosgesInfo88","twitter_misc":{"\u00c9crit par":"la r\u00e9daction","Dur\u00e9e de lecture estim\u00e9e":"1 minute"},"schema":{"@context":"https:\/\/schema.org","@graph":[{"@type":"Article","@id":"https:\/\/vosgesinfo.fr\/saintdieinfo\/2022\/04\/moyenmoutier-podiums-medianitrail-2022\/#article","isPartOf":{"@id":"https:\/\/vosgesinfo.fr\/saintdieinfo\/2022\/04\/moyenmoutier-podiums-medianitrail-2022\/"},"author":{"name":"la r\u00e9daction","@id":"https:\/\/vosgesinfo.fr\/saintdieinfo\/#\/schema\/person\/faee6704a21f3977511db84bd1cd450f"},"headline":"Moyenmoutier \u2013 Les podiums du Medianitrail 2022","datePublished":"2022-04-04T09:46:28+00:00","dateModified":"2022-04-04T09:46:28+00:00","mainEntityOfPage":{"@id":"https:\/\/vosgesinfo.fr\/saintdieinfo\/2022\/04\/moyenmoutier-podiums-medianitrail-2022\/"},"wordCount":310,"commentCount":0,"publisher":{"@id":"https:\/\/vosgesinfo.fr\/saintdieinfo\/#organization"},"image":{"@id":"https:\/\/vosgesinfo.fr\/saintdieinfo\/2022\/04\/moyenmoutier-podiums-medianitrail-2022\/#primaryimage"},"thumbnailUrl":"https:\/\/vosgesinfo.fr\/app\/uploads\/sites\/4\/2024\/08\/202204medianihard-scratch.jpg","keywords":["M\u00e9dianiTrail","Medianitrail 2022","moyenmoutier"],"articleSection":["A la Une","Saint-Di\u00e9-des-Vosges et son Agglom\u00e9ration","Sport"],"inLanguage":"fr-FR","potentialAction":[{"@type":"CommentAction","name":"Comment","target":["https:\/\/vosgesinfo.fr\/saintdieinfo\/2022\/04\/moyenmoutier-podiums-medianitrail-2022\/#respond"]}]},{"@type":"WebPage","@id":"https:\/\/vosgesinfo.fr\/saintdieinfo\/2022\/04\/moyenmoutier-podiums-medianitrail-2022\/","url":"https:\/\/vosgesinfo.fr\/saintdieinfo\/2022\/04\/moyenmoutier-podiums-medianitrail-2022\/","name":"Moyenmoutier \u2013 Les podiums du Medianitrail 2022 - Saint Die Info","isPartOf":{"@id":"https:\/\/vosgesinfo.fr\/saintdieinfo\/#website"},"primaryImageOfPage":{"@id":"https:\/\/vosgesinfo.fr\/saintdieinfo\/2022\/04\/moyenmoutier-podiums-medianitrail-2022\/#primaryimage"},"image":{"@id":"https:\/\/vosgesinfo.fr\/saintdieinfo\/2022\/04\/moyenmoutier-podiums-medianitrail-2022\/#primaryimage"},"thumbnailUrl":"https:\/\/vosgesinfo.fr\/app\/uploads\/sites\/4\/2024\/08\/202204medianihard-scratch.jpg","datePublished":"2022-04-04T09:46:28+00:00","dateModified":"2022-04-04T09:46:28+00:00","breadcrumb":{"@id":"https:\/\/vosgesinfo.fr\/saintdieinfo\/2022\/04\/moyenmoutier-podiums-medianitrail-2022\/#breadcrumb"},"inLanguage":"fr-FR","potentialAction":[{"@type":"ReadAction","target":["https:\/\/vosgesinfo.fr\/saintdieinfo\/2022\/04\/moyenmoutier-podiums-medianitrail-2022\/"]}]},{"@type":"ImageObject","inLanguage":"fr-FR","@id":"https:\/\/vosgesinfo.fr\/saintdieinfo\/2022\/04\/moyenmoutier-podiums-medianitrail-2022\/#primaryimage","url":"https:\/\/vosgesinfo.fr\/app\/uploads\/sites\/4\/2024\/08\/202204medianihard-scratch.jpg","contentUrl":"https:\/\/vosgesinfo.fr\/app\/uploads\/sites\/4\/2024\/08\/202204medianihard-scratch.jpg","width":2048,"height":1536},{"@type":"BreadcrumbList","@id":"https:\/\/vosgesinfo.fr\/saintdieinfo\/2022\/04\/moyenmoutier-podiums-medianitrail-2022\/#breadcrumb","itemListElement":[{"@type":"ListItem","position":1,"name":"Home","item":"https:\/\/vosgesinfo.fr\/saintdieinfo\/"},{"@type":"ListItem","position":2,"name":"Moyenmoutier \u2013 Les podiums du Medianitrail 2022"}]},{"@type":"WebSite","@id":"https:\/\/vosgesinfo.fr\/saintdieinfo\/#website","url":"https:\/\/vosgesinfo.fr\/saintdieinfo\/","name":"Saint Die Info","description":"Toute l&#039;actualit\u00e9 de Saint-Di\u00e9-Des-Vosges","publisher":{"@id":"https:\/\/vosgesinfo.fr\/saintdieinfo\/#organization"},"alternateName":"Toute l'actualit\u00e9 de Saint-Di\u00e9-Des-Vosges","potentialAction":[{"@type":"SearchAction","target":{"@type":"EntryPoint","urlTemplate":"https:\/\/vosgesinfo.fr\/saintdieinfo\/?s={search_term_string}"},"query-input":"required name=search_term_string"}],"inLanguage":"fr-FR"},{"@type":"Organization","@id":"https:\/\/vosgesinfo.fr\/saintdieinfo\/#organization","name":"Saint Die Info","url":"https:\/\/vosgesinfo.fr\/saintdieinfo\/","logo":{"@type":"ImageObject","inLanguage":"fr-FR","@id":"https:\/\/vosgesinfo.fr\/saintdieinfo\/#\/schema\/logo\/image\/","url":"https:\/\/vosgesinfo.fr\/app\/uploads\/sites\/4\/2024\/02\/logo-sdi.jpg","contentUrl":"https:\/\/vosgesinfo.fr\/app\/uploads\/sites\/4\/2024\/02\/logo-sdi.jpg","width":600,"height":600,"caption":"Saint Die Info"},"image":{"@id":"https:\/\/vosgesinfo.fr\/saintdieinfo\/#\/schema\/logo\/image\/"},"sameAs":["https:\/\/www.facebook.com\/Saintdieinfofr","https:\/\/x.com\/VosgesInfo88","https:\/\/www.youtube.com\/@vosgesinfo"]},{"@type":"Person","@id":"https:\/\/vosgesinfo.fr\/saintdieinfo\/#\/schema\/person\/faee6704a21f3977511db84bd1cd450f","name":"la r\u00e9daction","image":{"@type":"ImageObject","inLanguage":"fr-FR","@id":"https:\/\/vosgesinfo.fr\/saintdieinfo\/#\/schema\/person\/image\/","url":"https:\/\/secure.gravatar.com\/avatar\/6673d8bc6a9c17fa9a453eaa3448de834fa308c2ec9635b7aa99441a7c8d2cf6?s=96&d=mm&r=g","contentUrl":"https:\/\/secure.gravatar.com\/avatar\/6673d8bc6a9c17fa9a453eaa3448de834fa308c2ec9635b7aa99441a7c8d2cf6?s=96&d=mm&r=g","caption":"la r\u00e9daction"},"url":"https:\/\/vosgesinfo.fr\/saintdieinfo\/author\/redac\/"}]}},"_links":{"self":[{"href":"https:\/\/vosgesinfo.fr\/saintdieinfo\/wp-json\/wp\/v2\/posts\/48728","targetHints":{"allow":["GET"]}}],"collection":[{"href":"https:\/\/vosgesinfo.fr\/saintdieinfo\/wp-json\/wp\/v2\/posts"}],"about":[{"href":"https:\/\/vosgesinfo.fr\/saintdieinfo\/wp-json\/wp\/v2\/types\/post"}],"author":[{"embeddable":true,"href":"https:\/\/vosgesinfo.fr\/saintdieinfo\/wp-json\/wp\/v2\/users\/44"}],"replies":[{"embeddable":true,"href":"https:\/\/vosgesinfo.fr\/saintdieinfo\/wp-json\/wp\/v2\/comments?post=48728"}],"version-history":[{"count":0,"href":"https:\/\/vosgesinfo.fr\/saintdieinfo\/wp-json\/wp\/v2\/posts\/48728\/revisions"}],"wp:featuredmedia":[{"embeddable":true,"href":"https:\/\/vosgesinfo.fr\/saintdieinfo\/wp-json\/wp\/v2\/media\/48729"}],"wp:attachment":[{"href":"https:\/\/vosgesinfo.fr\/saintdieinfo\/wp-json\/wp\/v2\/media?parent=48728"}],"wp:term":[{"taxonomy":"category","embeddable":true,"href":"https:\/\/vosgesinfo.fr\/saintdieinfo\/wp-json\/wp\/v2\/categories?post=48728"},{"taxonomy":"post_tag","embeddable":true,"href":"https:\/\/vosgesinfo.fr\/saintdieinfo\/wp-json\/wp\/v2\/tags?post=48728"}],"curies":[{"name":"wp","href":"https:\/\/api.w.org\/{rel}","templated":true}]}}