{"id":48744,"date":"2022-04-04T15:09:46","date_gmt":"2022-04-04T13:09:46","guid":{"rendered":"https:\/\/vosgesinfo.fr\/saintdieinfo\/2022\/04\/enedis-modernise-reseau-electrique-a-ban-de-laveline-gemaingoutte\/"},"modified":"2022-04-04T15:09:46","modified_gmt":"2022-04-04T13:09:46","slug":"enedis-modernise-reseau-electrique-a-ban-de-laveline-gemaingoutte","status":"publish","type":"post","link":"https:\/\/vosgesinfo.fr\/saintdieinfo\/2022\/04\/enedis-modernise-reseau-electrique-a-ban-de-laveline-gemaingoutte\/","title":{"rendered":"Enedis modernise le r\u00e9seau \u00e9lectrique \u00e0 Ban-de-Laveline et Gemaingoutte"},"content":{"rendered":"<h2><span id=\"page3R_mcid0\" class=\"markedContent\"><\/span><strong><span style=\"font-size: 14pt;\"><span id=\"page3R_mcid7\" class=\"markedContent\"><span dir=\"ltr\">Depuis le 14 mars<\/span><span dir=\"ltr\">, Enedis<\/span> <span dir=\"ltr\">m\u00e8ne<\/span> <span dir=\"ltr\">un important chantier de modernisation du r\u00e9seau \u00e9lectrique sur l<\/span><span dir=\"ltr\">es <\/span><span dir=\"ltr\">commune<\/span><span dir=\"ltr\">s<\/span> <span dir=\"ltr\">de Ban<\/span><span dir=\"ltr\">&#8211;<\/span><span dir=\"ltr\">de<\/span><span dir=\"ltr\">&#8211;<\/span><span dir=\"ltr\">Laveline<\/span> <span dir=\"ltr\">et<\/span> <span dir=\"ltr\">Gemaingoutte.<\/span> <span dir=\"ltr\">L\u2019objectif est<\/span> <span dir=\"ltr\">d\u2019am\u00e9liorer la qualit\u00e9 et la continuit\u00e9<\/span><span dir=\"ltr\"> de la desserte en \u00e9lectricit\u00e9 sur ces communes. Le chantier fait<\/span> <span dir=\"ltr\">partie du programme<\/span> <span dir=\"ltr\">annuel<\/span> <span dir=\"ltr\">de<\/span><span dir=\"ltr\"> d\u00e9veloppement et de modernisation des r\u00e9seaux \u00e9lectriques pour lequel Enedis<\/span> <span dir=\"ltr\">a<\/span> <span dir=\"ltr\">consacr<\/span><span dir=\"ltr\">\u00e9<\/span> <span dir=\"ltr\">en 2<\/span><span dir=\"ltr\">021 <\/span><span dir=\"ltr\">pr\u00e8s de 22 millions d\u2019euros dans les Vosges.<\/span><\/span><span id=\"page3R_mcid10\" class=\"markedContent\"><\/span><\/span><\/strong><\/h2>\n<h3><!--more--><strong><span style=\"font-size: 12pt;\"><span id=\"page3R_mcid10\" class=\"markedContent\"><span dir=\"ltr\">P<\/span><span dir=\"ltr\">r\u00e8s de 10<\/span> <span dir=\"ltr\">km de lignes \u00e9lectriques a\u00e9riennes 20 000 volts modernis\u00e9es<\/span><\/span><span id=\"page3R_mcid11\" class=\"markedContent\"><\/span><span id=\"page3R_mcid12\" class=\"markedContent\"><\/span><\/span><\/strong><br \/>\n<span id=\"page3R_mcid12\" class=\"markedContent\"><\/span><\/h3>\n<p><span id=\"page3R_mcid12\" class=\"markedContent\"><span dir=\"ltr\">Le chantier fait suite \u00e0 un diagnostic pr\u00e9cis de l\u2019\u00e9tat du r\u00e9seau \u00e9lectrique effectu\u00e9 par Enedis. Ces travaux de<\/span><span dir=\"ltr\"> maintenance pr\u00e9ventive sont destin\u00e9s \u00e0 r\u00e9nover et consolider<\/span> <span dir=\"ltr\">9,7<\/span> <span dir=\"ltr\">kilom\u00e8tres de lignes \u00e9lectriques. Ils sont<\/span><span dir=\"ltr\"> r\u00e9alis\u00e9s par<\/span> <span dir=\"ltr\">15<\/span> <span dir=\"ltr\">techniciens Enedis<\/span><span dir=\"ltr\">,<\/span> <span dir=\"ltr\">des bases op\u00e9rationnelles d<\/span><span dir=\"ltr\">\u2019Epinal,<\/span> <span dir=\"ltr\">Saint<\/span><span dir=\"ltr\">&#8211;<\/span><span dir=\"ltr\">Di\u00e9, Remiremont, et G\u00e9rardmer<\/span><span dir=\"ltr\">.<\/span><span dir=\"ltr\"> Deux entreprises prestataires d\u2019Enedis ont \u00e9t\u00e9 charg\u00e9es d\u2019une partie des travaux : Sotreca a proc\u00e9<\/span><span dir=\"ltr\">d\u00e9 au<\/span><span dir=\"ltr\"> remplacement des supports<\/span> <span dir=\"ltr\">tandis que l\u2019entreprise Dieudonn\u00e9 est intervenue pou<\/span><span dir=\"ltr\">r l\u2019\u00e9lagage.<\/span><\/span><span id=\"page3R_mcid13\" class=\"markedContent\"><\/span><span id=\"page3R_mcid14\" class=\"markedContent\"><br \/>\n<span dir=\"ltr\">Fortement sollicit\u00e9s lors d\u2019\u00e9v\u00e8nements climatiques intenses, les ouvrages \u00e9lectriques doivent \u00eatre robustes et<\/span><span dir=\"ltr\"> fiables : c\u2019est un v\u00e9ritable enjeu pour garantir la qualit\u00e9 et la s\u00e9curit\u00e9 de l\u2019acheminement de l\u2019\u00e9lectricit\u00e9.<\/span><br \/>\n<\/span><\/p>\n<p><span id=\"page3R_mcid14\" class=\"markedContent\"><span dir=\"ltr\">Construites il y a<\/span> <span dir=\"ltr\">plusieurs ann\u00e9es, les infrastructures n\u00e9cessitent aujourd\u2019hui le remplacement de certains<\/span><span dir=\"ltr\"> \u00e9l\u00e9ments tels que isolateurs, ancrages ou parafoudres. Au total, 95 poteaux ont ainsi \u00e9t\u00e9 r\u00e9nov\u00e9s. Sept<\/span> <span dir=\"ltr\">supports <\/span><span dir=\"ltr\">ont \u00e9t\u00e9 remplac\u00e9s. <\/span><\/span><span id=\"page3R_mcid15\" class=\"markedContent\"><\/span><span id=\"page3R_mcid16\" class=\"markedContent\"><\/span><span id=\"page3R_mcid16\" class=\"markedContent\"><span dir=\"ltr\">Les travaux ont d\u00e9marr\u00e9<\/span> <span dir=\"ltr\">\u00e0 la<\/span> <span dir=\"ltr\">m<\/span><span dir=\"ltr\">i<\/span><span dir=\"ltr\">&#8211;<\/span><span dir=\"ltr\">mars et se terminent le 7 avril.<\/span><\/span><span id=\"page3R_mcid17\" class=\"markedContent\"><\/span><span id=\"page3R_mcid18\" class=\"markedContent\"><br \/>\n<\/span><\/p>\n<p><span id=\"page3R_mcid18\" class=\"markedContent\"><span dir=\"ltr\">Le co\u00fbt global du chantier s\u2019\u00e9l\u00e8ve \u00e0 135 000 euros : son financement est<\/span> <span dir=\"ltr\">enti\u00e8rement<\/span> <span dir=\"ltr\">assur\u00e9 par Enedis dans le<\/span><span dir=\"ltr\"> cadre de son programme annuel de modernisation des r\u00e9seaux \u00e9lectriques (21,7 millions d\u2019euros<\/span> <span dir=\"ltr\">dans<\/span> <span dir=\"ltr\">les Vosges<\/span><span dir=\"ltr\"> pour 2021).<\/span><\/span><\/p>\n","protected":false},"excerpt":{"rendered":"<p>Depuis le 14 mars, Enedis m\u00e8ne un important chantier de modernisation du r\u00e9seau \u00e9lectrique sur les communes de Ban&#8211;de&#8211;Laveline et [&hellip;]<\/p>\n","protected":false},"author":44,"featured_media":48745,"comment_status":"open","ping_status":"open","sticky":false,"template":"","format":"standard","meta":{"footnotes":""},"categories":[460,2915],"tags":[271,1603,10899],"class_list":["post-48744","post","type-post","status-publish","format-standard","has-post-thumbnail","hentry","category-a-la-une","category-saint-die-son-canton","tag-ban-de-laveline","tag-enedis","tag-gemaingoutte"],"acf":[],"yoast_head":"<!-- This site is optimized with the Yoast SEO plugin v22.5 - https:\/\/yoast.com\/wordpress\/plugins\/seo\/ -->\n<title>Enedis modernise le r\u00e9seau \u00e9lectrique \u00e0 Ban-de-Laveline et Gemaingoutte - Saint Die Info<\/title>\n<meta name=\"robots\" content=\"index, follow, max-snippet:-1, max-image-preview:large, max-video-preview:-1\" \/>\n<link rel=\"canonical\" href=\"https:\/\/vosgesinfo.fr\/saintdieinfo\/2022\/04\/enedis-modernise-reseau-electrique-a-ban-de-laveline-gemaingoutte\/\" \/>\n<meta name=\"twitter:card\" content=\"summary_large_image\" \/>\n<meta name=\"twitter:title\" content=\"Enedis modernise le r\u00e9seau \u00e9lectrique \u00e0 Ban-de-Laveline et Gemaingoutte - Saint Die Info\" \/>\n<meta name=\"twitter:description\" content=\"Depuis le 14 mars, Enedis m\u00e8ne un important chantier de modernisation du r\u00e9seau \u00e9lectrique sur les communes de Ban&#8211;de&#8211;Laveline et [&hellip;]\" \/>\n<meta name=\"twitter:image\" content=\"https:\/\/vosgesinfo.fr\/app\/uploads\/sites\/4\/2024\/08\/201702enedis-logo-01-1.png\" \/>\n<meta name=\"twitter:creator\" content=\"@VosgesInfo88\" \/>\n<meta name=\"twitter:site\" content=\"@VosgesInfo88\" \/>\n<meta name=\"twitter:label1\" content=\"\u00c9crit par\" \/>\n\t<meta name=\"twitter:data1\" content=\"la r\u00e9daction\" \/>\n\t<meta name=\"twitter:label2\" content=\"Dur\u00e9e de lecture estim\u00e9e\" \/>\n\t<meta name=\"twitter:data2\" content=\"1 minute\" \/>\n<script type=\"application\/ld+json\" class=\"yoast-schema-graph\">{\"@context\":\"https:\/\/schema.org\",\"@graph\":[{\"@type\":\"Article\",\"@id\":\"https:\/\/vosgesinfo.fr\/saintdieinfo\/2022\/04\/enedis-modernise-reseau-electrique-a-ban-de-laveline-gemaingoutte\/#article\",\"isPartOf\":{\"@id\":\"https:\/\/vosgesinfo.fr\/saintdieinfo\/2022\/04\/enedis-modernise-reseau-electrique-a-ban-de-laveline-gemaingoutte\/\"},\"author\":{\"name\":\"la r\u00e9daction\",\"@id\":\"https:\/\/vosgesinfo.fr\/saintdieinfo\/#\/schema\/person\/faee6704a21f3977511db84bd1cd450f\"},\"headline\":\"Enedis modernise le r\u00e9seau \u00e9lectrique \u00e0 Ban-de-Laveline et Gemaingoutte\",\"datePublished\":\"2022-04-04T13:09:46+00:00\",\"dateModified\":\"2022-04-04T13:09:46+00:00\",\"mainEntityOfPage\":{\"@id\":\"https:\/\/vosgesinfo.fr\/saintdieinfo\/2022\/04\/enedis-modernise-reseau-electrique-a-ban-de-laveline-gemaingoutte\/\"},\"wordCount\":321,\"commentCount\":0,\"publisher\":{\"@id\":\"https:\/\/vosgesinfo.fr\/saintdieinfo\/#organization\"},\"image\":{\"@id\":\"https:\/\/vosgesinfo.fr\/saintdieinfo\/2022\/04\/enedis-modernise-reseau-electrique-a-ban-de-laveline-gemaingoutte\/#primaryimage\"},\"thumbnailUrl\":\"https:\/\/vosgesinfo.fr\/app\/uploads\/sites\/4\/2024\/08\/201702enedis-logo-01-1.png\",\"keywords\":[\"ban de laveline\",\"Enedis\",\"Gemaingoutte\"],\"articleSection\":[\"A la Une\",\"Saint-Di\u00e9-des-Vosges et son Agglom\u00e9ration\"],\"inLanguage\":\"fr-FR\",\"potentialAction\":[{\"@type\":\"CommentAction\",\"name\":\"Comment\",\"target\":[\"https:\/\/vosgesinfo.fr\/saintdieinfo\/2022\/04\/enedis-modernise-reseau-electrique-a-ban-de-laveline-gemaingoutte\/#respond\"]}]},{\"@type\":\"WebPage\",\"@id\":\"https:\/\/vosgesinfo.fr\/saintdieinfo\/2022\/04\/enedis-modernise-reseau-electrique-a-ban-de-laveline-gemaingoutte\/\",\"url\":\"https:\/\/vosgesinfo.fr\/saintdieinfo\/2022\/04\/enedis-modernise-reseau-electrique-a-ban-de-laveline-gemaingoutte\/\",\"name\":\"Enedis modernise le r\u00e9seau \u00e9lectrique \u00e0 Ban-de-Laveline et Gemaingoutte - Saint Die Info\",\"isPartOf\":{\"@id\":\"https:\/\/vosgesinfo.fr\/saintdieinfo\/#website\"},\"primaryImageOfPage\":{\"@id\":\"https:\/\/vosgesinfo.fr\/saintdieinfo\/2022\/04\/enedis-modernise-reseau-electrique-a-ban-de-laveline-gemaingoutte\/#primaryimage\"},\"image\":{\"@id\":\"https:\/\/vosgesinfo.fr\/saintdieinfo\/2022\/04\/enedis-modernise-reseau-electrique-a-ban-de-laveline-gemaingoutte\/#primaryimage\"},\"thumbnailUrl\":\"https:\/\/vosgesinfo.fr\/app\/uploads\/sites\/4\/2024\/08\/201702enedis-logo-01-1.png\",\"datePublished\":\"2022-04-04T13:09:46+00:00\",\"dateModified\":\"2022-04-04T13:09:46+00:00\",\"breadcrumb\":{\"@id\":\"https:\/\/vosgesinfo.fr\/saintdieinfo\/2022\/04\/enedis-modernise-reseau-electrique-a-ban-de-laveline-gemaingoutte\/#breadcrumb\"},\"inLanguage\":\"fr-FR\",\"potentialAction\":[{\"@type\":\"ReadAction\",\"target\":[\"https:\/\/vosgesinfo.fr\/saintdieinfo\/2022\/04\/enedis-modernise-reseau-electrique-a-ban-de-laveline-gemaingoutte\/\"]}]},{\"@type\":\"ImageObject\",\"inLanguage\":\"fr-FR\",\"@id\":\"https:\/\/vosgesinfo.fr\/saintdieinfo\/2022\/04\/enedis-modernise-reseau-electrique-a-ban-de-laveline-gemaingoutte\/#primaryimage\",\"url\":\"https:\/\/vosgesinfo.fr\/app\/uploads\/sites\/4\/2024\/08\/201702enedis-logo-01-1.png\",\"contentUrl\":\"https:\/\/vosgesinfo.fr\/app\/uploads\/sites\/4\/2024\/08\/201702enedis-logo-01-1.png\",\"width\":345,\"height\":174},{\"@type\":\"BreadcrumbList\",\"@id\":\"https:\/\/vosgesinfo.fr\/saintdieinfo\/2022\/04\/enedis-modernise-reseau-electrique-a-ban-de-laveline-gemaingoutte\/#breadcrumb\",\"itemListElement\":[{\"@type\":\"ListItem\",\"position\":1,\"name\":\"Home\",\"item\":\"https:\/\/vosgesinfo.fr\/saintdieinfo\/\"},{\"@type\":\"ListItem\",\"position\":2,\"name\":\"Enedis modernise le r\u00e9seau \u00e9lectrique \u00e0 Ban-de-Laveline et Gemaingoutte\"}]},{\"@type\":\"WebSite\",\"@id\":\"https:\/\/vosgesinfo.fr\/saintdieinfo\/#website\",\"url\":\"https:\/\/vosgesinfo.fr\/saintdieinfo\/\",\"name\":\"Saint Die Info\",\"description\":\"Toute l&#039;actualit\u00e9 de Saint-Di\u00e9-Des-Vosges\",\"publisher\":{\"@id\":\"https:\/\/vosgesinfo.fr\/saintdieinfo\/#organization\"},\"alternateName\":\"Toute l'actualit\u00e9 de Saint-Di\u00e9-Des-Vosges\",\"potentialAction\":[{\"@type\":\"SearchAction\",\"target\":{\"@type\":\"EntryPoint\",\"urlTemplate\":\"https:\/\/vosgesinfo.fr\/saintdieinfo\/?s={search_term_string}\"},\"query-input\":\"required name=search_term_string\"}],\"inLanguage\":\"fr-FR\"},{\"@type\":\"Organization\",\"@id\":\"https:\/\/vosgesinfo.fr\/saintdieinfo\/#organization\",\"name\":\"Saint Die Info\",\"url\":\"https:\/\/vosgesinfo.fr\/saintdieinfo\/\",\"logo\":{\"@type\":\"ImageObject\",\"inLanguage\":\"fr-FR\",\"@id\":\"https:\/\/vosgesinfo.fr\/saintdieinfo\/#\/schema\/logo\/image\/\",\"url\":\"https:\/\/vosgesinfo.fr\/app\/uploads\/sites\/4\/2024\/02\/logo-sdi.jpg\",\"contentUrl\":\"https:\/\/vosgesinfo.fr\/app\/uploads\/sites\/4\/2024\/02\/logo-sdi.jpg\",\"width\":600,\"height\":600,\"caption\":\"Saint Die Info\"},\"image\":{\"@id\":\"https:\/\/vosgesinfo.fr\/saintdieinfo\/#\/schema\/logo\/image\/\"},\"sameAs\":[\"https:\/\/www.facebook.com\/Saintdieinfofr\",\"https:\/\/x.com\/VosgesInfo88\",\"https:\/\/www.youtube.com\/@vosgesinfo\"]},{\"@type\":\"Person\",\"@id\":\"https:\/\/vosgesinfo.fr\/saintdieinfo\/#\/schema\/person\/faee6704a21f3977511db84bd1cd450f\",\"name\":\"la r\u00e9daction\",\"image\":{\"@type\":\"ImageObject\",\"inLanguage\":\"fr-FR\",\"@id\":\"https:\/\/vosgesinfo.fr\/saintdieinfo\/#\/schema\/person\/image\/\",\"url\":\"https:\/\/secure.gravatar.com\/avatar\/6673d8bc6a9c17fa9a453eaa3448de834fa308c2ec9635b7aa99441a7c8d2cf6?s=96&d=mm&r=g\",\"contentUrl\":\"https:\/\/secure.gravatar.com\/avatar\/6673d8bc6a9c17fa9a453eaa3448de834fa308c2ec9635b7aa99441a7c8d2cf6?s=96&d=mm&r=g\",\"caption\":\"la r\u00e9daction\"},\"url\":\"https:\/\/vosgesinfo.fr\/saintdieinfo\/author\/redac\/\"}]}<\/script>\n<!-- \/ Yoast SEO plugin. -->","yoast_head_json":{"title":"Enedis modernise le r\u00e9seau \u00e9lectrique \u00e0 Ban-de-Laveline et Gemaingoutte - Saint Die Info","robots":{"index":"index","follow":"follow","max-snippet":"max-snippet:-1","max-image-preview":"max-image-preview:large","max-video-preview":"max-video-preview:-1"},"canonical":"https:\/\/vosgesinfo.fr\/saintdieinfo\/2022\/04\/enedis-modernise-reseau-electrique-a-ban-de-laveline-gemaingoutte\/","twitter_card":"summary_large_image","twitter_title":"Enedis modernise le r\u00e9seau \u00e9lectrique \u00e0 Ban-de-Laveline et Gemaingoutte - Saint Die Info","twitter_description":"Depuis le 14 mars, Enedis m\u00e8ne un important chantier de modernisation du r\u00e9seau \u00e9lectrique sur les communes de Ban&#8211;de&#8211;Laveline et [&hellip;]","twitter_image":"https:\/\/vosgesinfo.fr\/app\/uploads\/sites\/4\/2024\/08\/201702enedis-logo-01-1.png","twitter_creator":"@VosgesInfo88","twitter_site":"@VosgesInfo88","twitter_misc":{"\u00c9crit par":"la r\u00e9daction","Dur\u00e9e de lecture estim\u00e9e":"1 minute"},"schema":{"@context":"https:\/\/schema.org","@graph":[{"@type":"Article","@id":"https:\/\/vosgesinfo.fr\/saintdieinfo\/2022\/04\/enedis-modernise-reseau-electrique-a-ban-de-laveline-gemaingoutte\/#article","isPartOf":{"@id":"https:\/\/vosgesinfo.fr\/saintdieinfo\/2022\/04\/enedis-modernise-reseau-electrique-a-ban-de-laveline-gemaingoutte\/"},"author":{"name":"la r\u00e9daction","@id":"https:\/\/vosgesinfo.fr\/saintdieinfo\/#\/schema\/person\/faee6704a21f3977511db84bd1cd450f"},"headline":"Enedis modernise le r\u00e9seau \u00e9lectrique \u00e0 Ban-de-Laveline et Gemaingoutte","datePublished":"2022-04-04T13:09:46+00:00","dateModified":"2022-04-04T13:09:46+00:00","mainEntityOfPage":{"@id":"https:\/\/vosgesinfo.fr\/saintdieinfo\/2022\/04\/enedis-modernise-reseau-electrique-a-ban-de-laveline-gemaingoutte\/"},"wordCount":321,"commentCount":0,"publisher":{"@id":"https:\/\/vosgesinfo.fr\/saintdieinfo\/#organization"},"image":{"@id":"https:\/\/vosgesinfo.fr\/saintdieinfo\/2022\/04\/enedis-modernise-reseau-electrique-a-ban-de-laveline-gemaingoutte\/#primaryimage"},"thumbnailUrl":"https:\/\/vosgesinfo.fr\/app\/uploads\/sites\/4\/2024\/08\/201702enedis-logo-01-1.png","keywords":["ban de laveline","Enedis","Gemaingoutte"],"articleSection":["A la Une","Saint-Di\u00e9-des-Vosges et son Agglom\u00e9ration"],"inLanguage":"fr-FR","potentialAction":[{"@type":"CommentAction","name":"Comment","target":["https:\/\/vosgesinfo.fr\/saintdieinfo\/2022\/04\/enedis-modernise-reseau-electrique-a-ban-de-laveline-gemaingoutte\/#respond"]}]},{"@type":"WebPage","@id":"https:\/\/vosgesinfo.fr\/saintdieinfo\/2022\/04\/enedis-modernise-reseau-electrique-a-ban-de-laveline-gemaingoutte\/","url":"https:\/\/vosgesinfo.fr\/saintdieinfo\/2022\/04\/enedis-modernise-reseau-electrique-a-ban-de-laveline-gemaingoutte\/","name":"Enedis modernise le r\u00e9seau \u00e9lectrique \u00e0 Ban-de-Laveline et Gemaingoutte - Saint Die Info","isPartOf":{"@id":"https:\/\/vosgesinfo.fr\/saintdieinfo\/#website"},"primaryImageOfPage":{"@id":"https:\/\/vosgesinfo.fr\/saintdieinfo\/2022\/04\/enedis-modernise-reseau-electrique-a-ban-de-laveline-gemaingoutte\/#primaryimage"},"image":{"@id":"https:\/\/vosgesinfo.fr\/saintdieinfo\/2022\/04\/enedis-modernise-reseau-electrique-a-ban-de-laveline-gemaingoutte\/#primaryimage"},"thumbnailUrl":"https:\/\/vosgesinfo.fr\/app\/uploads\/sites\/4\/2024\/08\/201702enedis-logo-01-1.png","datePublished":"2022-04-04T13:09:46+00:00","dateModified":"2022-04-04T13:09:46+00:00","breadcrumb":{"@id":"https:\/\/vosgesinfo.fr\/saintdieinfo\/2022\/04\/enedis-modernise-reseau-electrique-a-ban-de-laveline-gemaingoutte\/#breadcrumb"},"inLanguage":"fr-FR","potentialAction":[{"@type":"ReadAction","target":["https:\/\/vosgesinfo.fr\/saintdieinfo\/2022\/04\/enedis-modernise-reseau-electrique-a-ban-de-laveline-gemaingoutte\/"]}]},{"@type":"ImageObject","inLanguage":"fr-FR","@id":"https:\/\/vosgesinfo.fr\/saintdieinfo\/2022\/04\/enedis-modernise-reseau-electrique-a-ban-de-laveline-gemaingoutte\/#primaryimage","url":"https:\/\/vosgesinfo.fr\/app\/uploads\/sites\/4\/2024\/08\/201702enedis-logo-01-1.png","contentUrl":"https:\/\/vosgesinfo.fr\/app\/uploads\/sites\/4\/2024\/08\/201702enedis-logo-01-1.png","width":345,"height":174},{"@type":"BreadcrumbList","@id":"https:\/\/vosgesinfo.fr\/saintdieinfo\/2022\/04\/enedis-modernise-reseau-electrique-a-ban-de-laveline-gemaingoutte\/#breadcrumb","itemListElement":[{"@type":"ListItem","position":1,"name":"Home","item":"https:\/\/vosgesinfo.fr\/saintdieinfo\/"},{"@type":"ListItem","position":2,"name":"Enedis modernise le r\u00e9seau \u00e9lectrique \u00e0 Ban-de-Laveline et Gemaingoutte"}]},{"@type":"WebSite","@id":"https:\/\/vosgesinfo.fr\/saintdieinfo\/#website","url":"https:\/\/vosgesinfo.fr\/saintdieinfo\/","name":"Saint Die Info","description":"Toute l&#039;actualit\u00e9 de Saint-Di\u00e9-Des-Vosges","publisher":{"@id":"https:\/\/vosgesinfo.fr\/saintdieinfo\/#organization"},"alternateName":"Toute l'actualit\u00e9 de Saint-Di\u00e9-Des-Vosges","potentialAction":[{"@type":"SearchAction","target":{"@type":"EntryPoint","urlTemplate":"https:\/\/vosgesinfo.fr\/saintdieinfo\/?s={search_term_string}"},"query-input":"required name=search_term_string"}],"inLanguage":"fr-FR"},{"@type":"Organization","@id":"https:\/\/vosgesinfo.fr\/saintdieinfo\/#organization","name":"Saint Die Info","url":"https:\/\/vosgesinfo.fr\/saintdieinfo\/","logo":{"@type":"ImageObject","inLanguage":"fr-FR","@id":"https:\/\/vosgesinfo.fr\/saintdieinfo\/#\/schema\/logo\/image\/","url":"https:\/\/vosgesinfo.fr\/app\/uploads\/sites\/4\/2024\/02\/logo-sdi.jpg","contentUrl":"https:\/\/vosgesinfo.fr\/app\/uploads\/sites\/4\/2024\/02\/logo-sdi.jpg","width":600,"height":600,"caption":"Saint Die Info"},"image":{"@id":"https:\/\/vosgesinfo.fr\/saintdieinfo\/#\/schema\/logo\/image\/"},"sameAs":["https:\/\/www.facebook.com\/Saintdieinfofr","https:\/\/x.com\/VosgesInfo88","https:\/\/www.youtube.com\/@vosgesinfo"]},{"@type":"Person","@id":"https:\/\/vosgesinfo.fr\/saintdieinfo\/#\/schema\/person\/faee6704a21f3977511db84bd1cd450f","name":"la r\u00e9daction","image":{"@type":"ImageObject","inLanguage":"fr-FR","@id":"https:\/\/vosgesinfo.fr\/saintdieinfo\/#\/schema\/person\/image\/","url":"https:\/\/secure.gravatar.com\/avatar\/6673d8bc6a9c17fa9a453eaa3448de834fa308c2ec9635b7aa99441a7c8d2cf6?s=96&d=mm&r=g","contentUrl":"https:\/\/secure.gravatar.com\/avatar\/6673d8bc6a9c17fa9a453eaa3448de834fa308c2ec9635b7aa99441a7c8d2cf6?s=96&d=mm&r=g","caption":"la r\u00e9daction"},"url":"https:\/\/vosgesinfo.fr\/saintdieinfo\/author\/redac\/"}]}},"_links":{"self":[{"href":"https:\/\/vosgesinfo.fr\/saintdieinfo\/wp-json\/wp\/v2\/posts\/48744","targetHints":{"allow":["GET"]}}],"collection":[{"href":"https:\/\/vosgesinfo.fr\/saintdieinfo\/wp-json\/wp\/v2\/posts"}],"about":[{"href":"https:\/\/vosgesinfo.fr\/saintdieinfo\/wp-json\/wp\/v2\/types\/post"}],"author":[{"embeddable":true,"href":"https:\/\/vosgesinfo.fr\/saintdieinfo\/wp-json\/wp\/v2\/users\/44"}],"replies":[{"embeddable":true,"href":"https:\/\/vosgesinfo.fr\/saintdieinfo\/wp-json\/wp\/v2\/comments?post=48744"}],"version-history":[{"count":0,"href":"https:\/\/vosgesinfo.fr\/saintdieinfo\/wp-json\/wp\/v2\/posts\/48744\/revisions"}],"wp:featuredmedia":[{"embeddable":true,"href":"https:\/\/vosgesinfo.fr\/saintdieinfo\/wp-json\/wp\/v2\/media\/48745"}],"wp:attachment":[{"href":"https:\/\/vosgesinfo.fr\/saintdieinfo\/wp-json\/wp\/v2\/media?parent=48744"}],"wp:term":[{"taxonomy":"category","embeddable":true,"href":"https:\/\/vosgesinfo.fr\/saintdieinfo\/wp-json\/wp\/v2\/categories?post=48744"},{"taxonomy":"post_tag","embeddable":true,"href":"https:\/\/vosgesinfo.fr\/saintdieinfo\/wp-json\/wp\/v2\/tags?post=48744"}],"curies":[{"name":"wp","href":"https:\/\/api.w.org\/{rel}","templated":true}]}}