{"id":48760,"date":"2022-04-05T08:21:41","date_gmt":"2022-04-05T06:21:41","guid":{"rendered":"https:\/\/vosgesinfo.fr\/saintdieinfo\/2022\/04\/raon-letape-lus-raon-se-mobilise-venir-aide-peuple-ukrainien\/"},"modified":"2022-04-05T08:21:41","modified_gmt":"2022-04-05T06:21:41","slug":"raon-letape-lus-raon-se-mobilise-venir-aide-peuple-ukrainien","status":"publish","type":"post","link":"https:\/\/vosgesinfo.fr\/saintdieinfo\/2022\/04\/raon-letape-lus-raon-se-mobilise-venir-aide-peuple-ukrainien\/","title":{"rendered":"Raon-l&rsquo;Etape \u2013 L&rsquo;US Raon se mobilise pour venir en aide au peuple ukrainien"},"content":{"rendered":"<div id=\"attachment_181396\" style=\"width: 970px\" class=\"wp-caption aligncenter\"><a href=\"\/2022\/04\/US_Raon-lEtape_Solidarit\u00e9_Ukraine-5.jpg\" target=\"_blank\" rel=\"noopener\"><img decoding=\"async\" aria-describedby=\"caption-attachment-181396\" class=\"wp-image-181396 size-large\" src=\"\/2022\/04\/US_Raon-lEtape_Solidarit\u00e9_Ukraine-5-1024x768.jpg\" alt=\"US_Raon-l'Etape_Solidarit\u00e9_Ukraine (5)\" width=\"960\" height=\"720\" \/><\/a><p id=\"caption-attachment-181396\" class=\"wp-caption-text\">(Photographies US Raon)<\/p><\/div>\n<h2><strong><span style=\"font-size: 14pt;\">La Municipalit\u00e9 de Raon-l&rsquo;Etape a lanc\u00e9 un appel \u00e0 celles et ceux d\u00e9sirant venir en aude au peuple ukrainien. L&rsquo;US Raon a r\u00e9pondu \u00e0 cet appel, en organisant une collecte du 8 au 10 mars.<\/span><\/strong><\/h2>\n<p><!--more--><\/p>\n<p>Les dons ainsi r\u00e9colt\u00e9s ont \u00e9t\u00e9 rassembl\u00e9s au stade Paul-Gasser, o\u00f9 des b\u00e9n\u00e9voles du club, des \u00e9lus, des personnes issues du milieu associatif et des habitants ont retrouss\u00e9 leurs manches pour r\u00e9ceptionner, trier et emballer les 16 palettes, qui repr\u00e9sentent 20 m\u00e8tres cubes de dons. Ces palettes ont ensuite pris la route en direction de l&rsquo;Ukraine, sachant que les enfants des \u00e9coles raonnaises ont \u00e9galement particip\u00e9 \u00e0 cet \u00e9lan de solidarit\u00e9. En effectuant eux aussi des dons, mais \u00e9galement en r\u00e9alisant des dessins et en \u00e9crivant des messages de soutien.<\/p>\n<p>J.J.<\/p>\n\n","protected":false},"excerpt":{"rendered":"<p>La Municipalit\u00e9 de Raon-l&rsquo;Etape a lanc\u00e9 un appel \u00e0 celles et ceux d\u00e9sirant venir en aude au peuple ukrainien. L&rsquo;US [&hellip;]<\/p>\n","protected":false},"author":44,"featured_media":48761,"comment_status":"open","ping_status":"open","sticky":false,"template":"","format":"standard","meta":{"footnotes":""},"categories":[460,2915,29,14],"tags":[10903,2654,10501,4956],"class_list":["post-48760","post","type-post","status-publish","format-standard","has-post-thumbnail","hentry","category-a-la-une","category-saint-die-son-canton","category-solidarite","category-sport","tag-aide-au-peuple-ukrainien","tag-raon-letape","tag-solidarite-pour-lukraine","tag-us-raon"],"acf":[],"yoast_head":"<!-- This site is optimized with the Yoast SEO plugin v22.5 - https:\/\/yoast.com\/wordpress\/plugins\/seo\/ -->\n<title>Raon-l&#039;Etape \u2013 L&#039;US Raon se mobilise pour venir en aide au peuple ukrainien - Saint Die Info<\/title>\n<meta name=\"robots\" content=\"index, follow, max-snippet:-1, max-image-preview:large, max-video-preview:-1\" \/>\n<link rel=\"canonical\" href=\"https:\/\/vosgesinfo.fr\/saintdieinfo\/2022\/04\/raon-letape-lus-raon-se-mobilise-venir-aide-peuple-ukrainien\/\" \/>\n<meta name=\"twitter:card\" content=\"summary_large_image\" \/>\n<meta name=\"twitter:title\" content=\"Raon-l&#039;Etape \u2013 L&#039;US Raon se mobilise pour venir en aide au peuple ukrainien - Saint Die Info\" \/>\n<meta name=\"twitter:description\" content=\"La Municipalit\u00e9 de Raon-l&rsquo;Etape a lanc\u00e9 un appel \u00e0 celles et ceux d\u00e9sirant venir en aude au peuple ukrainien. L&rsquo;US [&hellip;]\" \/>\n<meta name=\"twitter:image\" content=\"https:\/\/vosgesinfo.fr\/app\/uploads\/sites\/4\/2024\/08\/202204us-raon-letape-solidarite-ukraine-5.jpg\" \/>\n<meta name=\"twitter:creator\" content=\"@VosgesInfo88\" \/>\n<meta name=\"twitter:site\" content=\"@VosgesInfo88\" \/>\n<meta name=\"twitter:label1\" content=\"\u00c9crit par\" \/>\n\t<meta name=\"twitter:data1\" content=\"la r\u00e9daction\" \/>\n\t<meta name=\"twitter:label2\" content=\"Dur\u00e9e de lecture estim\u00e9e\" \/>\n\t<meta name=\"twitter:data2\" content=\"1 minute\" \/>\n<script type=\"application\/ld+json\" class=\"yoast-schema-graph\">{\"@context\":\"https:\/\/schema.org\",\"@graph\":[{\"@type\":\"Article\",\"@id\":\"https:\/\/vosgesinfo.fr\/saintdieinfo\/2022\/04\/raon-letape-lus-raon-se-mobilise-venir-aide-peuple-ukrainien\/#article\",\"isPartOf\":{\"@id\":\"https:\/\/vosgesinfo.fr\/saintdieinfo\/2022\/04\/raon-letape-lus-raon-se-mobilise-venir-aide-peuple-ukrainien\/\"},\"author\":{\"name\":\"la r\u00e9daction\",\"@id\":\"https:\/\/vosgesinfo.fr\/saintdieinfo\/#\/schema\/person\/faee6704a21f3977511db84bd1cd450f\"},\"headline\":\"Raon-l&rsquo;Etape \u2013 L&rsquo;US Raon se mobilise pour venir en aide au peuple ukrainien\",\"datePublished\":\"2022-04-05T06:21:41+00:00\",\"dateModified\":\"2022-04-05T06:21:41+00:00\",\"mainEntityOfPage\":{\"@id\":\"https:\/\/vosgesinfo.fr\/saintdieinfo\/2022\/04\/raon-letape-lus-raon-se-mobilise-venir-aide-peuple-ukrainien\/\"},\"wordCount\":164,\"commentCount\":0,\"publisher\":{\"@id\":\"https:\/\/vosgesinfo.fr\/saintdieinfo\/#organization\"},\"image\":{\"@id\":\"https:\/\/vosgesinfo.fr\/saintdieinfo\/2022\/04\/raon-letape-lus-raon-se-mobilise-venir-aide-peuple-ukrainien\/#primaryimage\"},\"thumbnailUrl\":\"https:\/\/vosgesinfo.fr\/app\/uploads\/sites\/4\/2024\/08\/202204us-raon-letape-solidarite-ukraine-5.jpg\",\"keywords\":[\"Aide au peuple ukrainien\",\"Raon-l\u2019Etape\",\"Solidarit\u00e9 pour l'Ukraine\",\"US Raon\"],\"articleSection\":[\"A la Une\",\"Saint-Di\u00e9-des-Vosges et son Agglom\u00e9ration\",\"Solidarit\u00e9\",\"Sport\"],\"inLanguage\":\"fr-FR\",\"potentialAction\":[{\"@type\":\"CommentAction\",\"name\":\"Comment\",\"target\":[\"https:\/\/vosgesinfo.fr\/saintdieinfo\/2022\/04\/raon-letape-lus-raon-se-mobilise-venir-aide-peuple-ukrainien\/#respond\"]}]},{\"@type\":\"WebPage\",\"@id\":\"https:\/\/vosgesinfo.fr\/saintdieinfo\/2022\/04\/raon-letape-lus-raon-se-mobilise-venir-aide-peuple-ukrainien\/\",\"url\":\"https:\/\/vosgesinfo.fr\/saintdieinfo\/2022\/04\/raon-letape-lus-raon-se-mobilise-venir-aide-peuple-ukrainien\/\",\"name\":\"Raon-l'Etape \u2013 L'US Raon se mobilise pour venir en aide au peuple ukrainien - Saint Die Info\",\"isPartOf\":{\"@id\":\"https:\/\/vosgesinfo.fr\/saintdieinfo\/#website\"},\"primaryImageOfPage\":{\"@id\":\"https:\/\/vosgesinfo.fr\/saintdieinfo\/2022\/04\/raon-letape-lus-raon-se-mobilise-venir-aide-peuple-ukrainien\/#primaryimage\"},\"image\":{\"@id\":\"https:\/\/vosgesinfo.fr\/saintdieinfo\/2022\/04\/raon-letape-lus-raon-se-mobilise-venir-aide-peuple-ukrainien\/#primaryimage\"},\"thumbnailUrl\":\"https:\/\/vosgesinfo.fr\/app\/uploads\/sites\/4\/2024\/08\/202204us-raon-letape-solidarite-ukraine-5.jpg\",\"datePublished\":\"2022-04-05T06:21:41+00:00\",\"dateModified\":\"2022-04-05T06:21:41+00:00\",\"breadcrumb\":{\"@id\":\"https:\/\/vosgesinfo.fr\/saintdieinfo\/2022\/04\/raon-letape-lus-raon-se-mobilise-venir-aide-peuple-ukrainien\/#breadcrumb\"},\"inLanguage\":\"fr-FR\",\"potentialAction\":[{\"@type\":\"ReadAction\",\"target\":[\"https:\/\/vosgesinfo.fr\/saintdieinfo\/2022\/04\/raon-letape-lus-raon-se-mobilise-venir-aide-peuple-ukrainien\/\"]}]},{\"@type\":\"ImageObject\",\"inLanguage\":\"fr-FR\",\"@id\":\"https:\/\/vosgesinfo.fr\/saintdieinfo\/2022\/04\/raon-letape-lus-raon-se-mobilise-venir-aide-peuple-ukrainien\/#primaryimage\",\"url\":\"https:\/\/vosgesinfo.fr\/app\/uploads\/sites\/4\/2024\/08\/202204us-raon-letape-solidarite-ukraine-5.jpg\",\"contentUrl\":\"https:\/\/vosgesinfo.fr\/app\/uploads\/sites\/4\/2024\/08\/202204us-raon-letape-solidarite-ukraine-5.jpg\",\"width\":2048,\"height\":1536},{\"@type\":\"BreadcrumbList\",\"@id\":\"https:\/\/vosgesinfo.fr\/saintdieinfo\/2022\/04\/raon-letape-lus-raon-se-mobilise-venir-aide-peuple-ukrainien\/#breadcrumb\",\"itemListElement\":[{\"@type\":\"ListItem\",\"position\":1,\"name\":\"Home\",\"item\":\"https:\/\/vosgesinfo.fr\/saintdieinfo\/\"},{\"@type\":\"ListItem\",\"position\":2,\"name\":\"Raon-l&rsquo;Etape \u2013 L&rsquo;US Raon se mobilise pour venir en aide au peuple ukrainien\"}]},{\"@type\":\"WebSite\",\"@id\":\"https:\/\/vosgesinfo.fr\/saintdieinfo\/#website\",\"url\":\"https:\/\/vosgesinfo.fr\/saintdieinfo\/\",\"name\":\"Saint Die Info\",\"description\":\"Toute l&#039;actualit\u00e9 de Saint-Di\u00e9-Des-Vosges\",\"publisher\":{\"@id\":\"https:\/\/vosgesinfo.fr\/saintdieinfo\/#organization\"},\"alternateName\":\"Toute l'actualit\u00e9 de Saint-Di\u00e9-Des-Vosges\",\"potentialAction\":[{\"@type\":\"SearchAction\",\"target\":{\"@type\":\"EntryPoint\",\"urlTemplate\":\"https:\/\/vosgesinfo.fr\/saintdieinfo\/?s={search_term_string}\"},\"query-input\":\"required name=search_term_string\"}],\"inLanguage\":\"fr-FR\"},{\"@type\":\"Organization\",\"@id\":\"https:\/\/vosgesinfo.fr\/saintdieinfo\/#organization\",\"name\":\"Saint Die Info\",\"url\":\"https:\/\/vosgesinfo.fr\/saintdieinfo\/\",\"logo\":{\"@type\":\"ImageObject\",\"inLanguage\":\"fr-FR\",\"@id\":\"https:\/\/vosgesinfo.fr\/saintdieinfo\/#\/schema\/logo\/image\/\",\"url\":\"https:\/\/vosgesinfo.fr\/app\/uploads\/sites\/4\/2024\/02\/logo-sdi.jpg\",\"contentUrl\":\"https:\/\/vosgesinfo.fr\/app\/uploads\/sites\/4\/2024\/02\/logo-sdi.jpg\",\"width\":600,\"height\":600,\"caption\":\"Saint Die Info\"},\"image\":{\"@id\":\"https:\/\/vosgesinfo.fr\/saintdieinfo\/#\/schema\/logo\/image\/\"},\"sameAs\":[\"https:\/\/www.facebook.com\/Saintdieinfofr\",\"https:\/\/x.com\/VosgesInfo88\",\"https:\/\/www.youtube.com\/@vosgesinfo\"]},{\"@type\":\"Person\",\"@id\":\"https:\/\/vosgesinfo.fr\/saintdieinfo\/#\/schema\/person\/faee6704a21f3977511db84bd1cd450f\",\"name\":\"la r\u00e9daction\",\"image\":{\"@type\":\"ImageObject\",\"inLanguage\":\"fr-FR\",\"@id\":\"https:\/\/vosgesinfo.fr\/saintdieinfo\/#\/schema\/person\/image\/\",\"url\":\"https:\/\/secure.gravatar.com\/avatar\/6673d8bc6a9c17fa9a453eaa3448de834fa308c2ec9635b7aa99441a7c8d2cf6?s=96&d=mm&r=g\",\"contentUrl\":\"https:\/\/secure.gravatar.com\/avatar\/6673d8bc6a9c17fa9a453eaa3448de834fa308c2ec9635b7aa99441a7c8d2cf6?s=96&d=mm&r=g\",\"caption\":\"la r\u00e9daction\"},\"url\":\"https:\/\/vosgesinfo.fr\/saintdieinfo\/author\/redac\/\"}]}<\/script>\n<!-- \/ Yoast SEO plugin. -->","yoast_head_json":{"title":"Raon-l'Etape \u2013 L'US Raon se mobilise pour venir en aide au peuple ukrainien - Saint Die Info","robots":{"index":"index","follow":"follow","max-snippet":"max-snippet:-1","max-image-preview":"max-image-preview:large","max-video-preview":"max-video-preview:-1"},"canonical":"https:\/\/vosgesinfo.fr\/saintdieinfo\/2022\/04\/raon-letape-lus-raon-se-mobilise-venir-aide-peuple-ukrainien\/","twitter_card":"summary_large_image","twitter_title":"Raon-l'Etape \u2013 L'US Raon se mobilise pour venir en aide au peuple ukrainien - Saint Die Info","twitter_description":"La Municipalit\u00e9 de Raon-l&rsquo;Etape a lanc\u00e9 un appel \u00e0 celles et ceux d\u00e9sirant venir en aude au peuple ukrainien. L&rsquo;US [&hellip;]","twitter_image":"https:\/\/vosgesinfo.fr\/app\/uploads\/sites\/4\/2024\/08\/202204us-raon-letape-solidarite-ukraine-5.jpg","twitter_creator":"@VosgesInfo88","twitter_site":"@VosgesInfo88","twitter_misc":{"\u00c9crit par":"la r\u00e9daction","Dur\u00e9e de lecture estim\u00e9e":"1 minute"},"schema":{"@context":"https:\/\/schema.org","@graph":[{"@type":"Article","@id":"https:\/\/vosgesinfo.fr\/saintdieinfo\/2022\/04\/raon-letape-lus-raon-se-mobilise-venir-aide-peuple-ukrainien\/#article","isPartOf":{"@id":"https:\/\/vosgesinfo.fr\/saintdieinfo\/2022\/04\/raon-letape-lus-raon-se-mobilise-venir-aide-peuple-ukrainien\/"},"author":{"name":"la r\u00e9daction","@id":"https:\/\/vosgesinfo.fr\/saintdieinfo\/#\/schema\/person\/faee6704a21f3977511db84bd1cd450f"},"headline":"Raon-l&rsquo;Etape \u2013 L&rsquo;US Raon se mobilise pour venir en aide au peuple ukrainien","datePublished":"2022-04-05T06:21:41+00:00","dateModified":"2022-04-05T06:21:41+00:00","mainEntityOfPage":{"@id":"https:\/\/vosgesinfo.fr\/saintdieinfo\/2022\/04\/raon-letape-lus-raon-se-mobilise-venir-aide-peuple-ukrainien\/"},"wordCount":164,"commentCount":0,"publisher":{"@id":"https:\/\/vosgesinfo.fr\/saintdieinfo\/#organization"},"image":{"@id":"https:\/\/vosgesinfo.fr\/saintdieinfo\/2022\/04\/raon-letape-lus-raon-se-mobilise-venir-aide-peuple-ukrainien\/#primaryimage"},"thumbnailUrl":"https:\/\/vosgesinfo.fr\/app\/uploads\/sites\/4\/2024\/08\/202204us-raon-letape-solidarite-ukraine-5.jpg","keywords":["Aide au peuple ukrainien","Raon-l\u2019Etape","Solidarit\u00e9 pour l'Ukraine","US Raon"],"articleSection":["A la Une","Saint-Di\u00e9-des-Vosges et son Agglom\u00e9ration","Solidarit\u00e9","Sport"],"inLanguage":"fr-FR","potentialAction":[{"@type":"CommentAction","name":"Comment","target":["https:\/\/vosgesinfo.fr\/saintdieinfo\/2022\/04\/raon-letape-lus-raon-se-mobilise-venir-aide-peuple-ukrainien\/#respond"]}]},{"@type":"WebPage","@id":"https:\/\/vosgesinfo.fr\/saintdieinfo\/2022\/04\/raon-letape-lus-raon-se-mobilise-venir-aide-peuple-ukrainien\/","url":"https:\/\/vosgesinfo.fr\/saintdieinfo\/2022\/04\/raon-letape-lus-raon-se-mobilise-venir-aide-peuple-ukrainien\/","name":"Raon-l'Etape \u2013 L'US Raon se mobilise pour venir en aide au peuple ukrainien - Saint Die Info","isPartOf":{"@id":"https:\/\/vosgesinfo.fr\/saintdieinfo\/#website"},"primaryImageOfPage":{"@id":"https:\/\/vosgesinfo.fr\/saintdieinfo\/2022\/04\/raon-letape-lus-raon-se-mobilise-venir-aide-peuple-ukrainien\/#primaryimage"},"image":{"@id":"https:\/\/vosgesinfo.fr\/saintdieinfo\/2022\/04\/raon-letape-lus-raon-se-mobilise-venir-aide-peuple-ukrainien\/#primaryimage"},"thumbnailUrl":"https:\/\/vosgesinfo.fr\/app\/uploads\/sites\/4\/2024\/08\/202204us-raon-letape-solidarite-ukraine-5.jpg","datePublished":"2022-04-05T06:21:41+00:00","dateModified":"2022-04-05T06:21:41+00:00","breadcrumb":{"@id":"https:\/\/vosgesinfo.fr\/saintdieinfo\/2022\/04\/raon-letape-lus-raon-se-mobilise-venir-aide-peuple-ukrainien\/#breadcrumb"},"inLanguage":"fr-FR","potentialAction":[{"@type":"ReadAction","target":["https:\/\/vosgesinfo.fr\/saintdieinfo\/2022\/04\/raon-letape-lus-raon-se-mobilise-venir-aide-peuple-ukrainien\/"]}]},{"@type":"ImageObject","inLanguage":"fr-FR","@id":"https:\/\/vosgesinfo.fr\/saintdieinfo\/2022\/04\/raon-letape-lus-raon-se-mobilise-venir-aide-peuple-ukrainien\/#primaryimage","url":"https:\/\/vosgesinfo.fr\/app\/uploads\/sites\/4\/2024\/08\/202204us-raon-letape-solidarite-ukraine-5.jpg","contentUrl":"https:\/\/vosgesinfo.fr\/app\/uploads\/sites\/4\/2024\/08\/202204us-raon-letape-solidarite-ukraine-5.jpg","width":2048,"height":1536},{"@type":"BreadcrumbList","@id":"https:\/\/vosgesinfo.fr\/saintdieinfo\/2022\/04\/raon-letape-lus-raon-se-mobilise-venir-aide-peuple-ukrainien\/#breadcrumb","itemListElement":[{"@type":"ListItem","position":1,"name":"Home","item":"https:\/\/vosgesinfo.fr\/saintdieinfo\/"},{"@type":"ListItem","position":2,"name":"Raon-l&rsquo;Etape \u2013 L&rsquo;US Raon se mobilise pour venir en aide au peuple ukrainien"}]},{"@type":"WebSite","@id":"https:\/\/vosgesinfo.fr\/saintdieinfo\/#website","url":"https:\/\/vosgesinfo.fr\/saintdieinfo\/","name":"Saint Die Info","description":"Toute l&#039;actualit\u00e9 de Saint-Di\u00e9-Des-Vosges","publisher":{"@id":"https:\/\/vosgesinfo.fr\/saintdieinfo\/#organization"},"alternateName":"Toute l'actualit\u00e9 de Saint-Di\u00e9-Des-Vosges","potentialAction":[{"@type":"SearchAction","target":{"@type":"EntryPoint","urlTemplate":"https:\/\/vosgesinfo.fr\/saintdieinfo\/?s={search_term_string}"},"query-input":"required name=search_term_string"}],"inLanguage":"fr-FR"},{"@type":"Organization","@id":"https:\/\/vosgesinfo.fr\/saintdieinfo\/#organization","name":"Saint Die Info","url":"https:\/\/vosgesinfo.fr\/saintdieinfo\/","logo":{"@type":"ImageObject","inLanguage":"fr-FR","@id":"https:\/\/vosgesinfo.fr\/saintdieinfo\/#\/schema\/logo\/image\/","url":"https:\/\/vosgesinfo.fr\/app\/uploads\/sites\/4\/2024\/02\/logo-sdi.jpg","contentUrl":"https:\/\/vosgesinfo.fr\/app\/uploads\/sites\/4\/2024\/02\/logo-sdi.jpg","width":600,"height":600,"caption":"Saint Die Info"},"image":{"@id":"https:\/\/vosgesinfo.fr\/saintdieinfo\/#\/schema\/logo\/image\/"},"sameAs":["https:\/\/www.facebook.com\/Saintdieinfofr","https:\/\/x.com\/VosgesInfo88","https:\/\/www.youtube.com\/@vosgesinfo"]},{"@type":"Person","@id":"https:\/\/vosgesinfo.fr\/saintdieinfo\/#\/schema\/person\/faee6704a21f3977511db84bd1cd450f","name":"la r\u00e9daction","image":{"@type":"ImageObject","inLanguage":"fr-FR","@id":"https:\/\/vosgesinfo.fr\/saintdieinfo\/#\/schema\/person\/image\/","url":"https:\/\/secure.gravatar.com\/avatar\/6673d8bc6a9c17fa9a453eaa3448de834fa308c2ec9635b7aa99441a7c8d2cf6?s=96&d=mm&r=g","contentUrl":"https:\/\/secure.gravatar.com\/avatar\/6673d8bc6a9c17fa9a453eaa3448de834fa308c2ec9635b7aa99441a7c8d2cf6?s=96&d=mm&r=g","caption":"la r\u00e9daction"},"url":"https:\/\/vosgesinfo.fr\/saintdieinfo\/author\/redac\/"}]}},"_links":{"self":[{"href":"https:\/\/vosgesinfo.fr\/saintdieinfo\/wp-json\/wp\/v2\/posts\/48760","targetHints":{"allow":["GET"]}}],"collection":[{"href":"https:\/\/vosgesinfo.fr\/saintdieinfo\/wp-json\/wp\/v2\/posts"}],"about":[{"href":"https:\/\/vosgesinfo.fr\/saintdieinfo\/wp-json\/wp\/v2\/types\/post"}],"author":[{"embeddable":true,"href":"https:\/\/vosgesinfo.fr\/saintdieinfo\/wp-json\/wp\/v2\/users\/44"}],"replies":[{"embeddable":true,"href":"https:\/\/vosgesinfo.fr\/saintdieinfo\/wp-json\/wp\/v2\/comments?post=48760"}],"version-history":[{"count":0,"href":"https:\/\/vosgesinfo.fr\/saintdieinfo\/wp-json\/wp\/v2\/posts\/48760\/revisions"}],"wp:featuredmedia":[{"embeddable":true,"href":"https:\/\/vosgesinfo.fr\/saintdieinfo\/wp-json\/wp\/v2\/media\/48761"}],"wp:attachment":[{"href":"https:\/\/vosgesinfo.fr\/saintdieinfo\/wp-json\/wp\/v2\/media?parent=48760"}],"wp:term":[{"taxonomy":"category","embeddable":true,"href":"https:\/\/vosgesinfo.fr\/saintdieinfo\/wp-json\/wp\/v2\/categories?post=48760"},{"taxonomy":"post_tag","embeddable":true,"href":"https:\/\/vosgesinfo.fr\/saintdieinfo\/wp-json\/wp\/v2\/tags?post=48760"}],"curies":[{"name":"wp","href":"https:\/\/api.w.org\/{rel}","templated":true}]}}