{"id":48770,"date":"2022-04-05T09:00:27","date_gmt":"2022-04-05T07:00:27","guid":{"rendered":"https:\/\/vosgesinfo.fr\/saintdieinfo\/2022\/04\/tour-kemberg-bientot-de-retour\/"},"modified":"2022-04-05T09:00:27","modified_gmt":"2022-04-05T07:00:27","slug":"tour-kemberg-bientot-de-retour","status":"publish","type":"post","link":"https:\/\/vosgesinfo.fr\/saintdieinfo\/2022\/04\/tour-kemberg-bientot-de-retour\/","title":{"rendered":"Le Tour du Kemberg est bient\u00f4t de retour\u00a0!"},"content":{"rendered":"<div id=\"attachment_138152\" style=\"width: 970px\" class=\"wp-caption aligncenter\"><a href=\"\/2019\/05\/Tour_du_Kemberg_2019-7.jpg\" target=\"_blank\" rel=\"noopener\"><img decoding=\"async\" aria-describedby=\"caption-attachment-138152\" class=\"wp-image-138152 size-large\" src=\"\/2019\/05\/Tour_du_Kemberg_2019-7-1024x683.jpg\" alt=\"Tour_du_Kemberg_2019 (7)\" width=\"960\" height=\"640\" \/><\/a><p id=\"caption-attachment-138152\" class=\"wp-caption-text\">(Archive)<\/p><\/div>\n<h2><strong><span style=\"font-size: 14pt;\">Le traditionnel Tour du Kemberg sort de sa parenth\u00e8se. Annul\u00e9 en 2020 et 2021 \u00e0 cause de la crise sanitaire, cette manifestation familiale organis\u00e9e par le Club Vosgien de Saint-Di\u00e9-des-Vosges est de retour dans moins d&rsquo;un mois. Plus exactement dimanche 1er mai.<\/span><\/strong><\/h2>\n<p><!--more--><\/p>\n<h3><span style=\"font-size: 12pt;\">Le d\u00e9part se fera depuis l&rsquo;abri des Trois Fauteuils, en continu de 8h \u00e0 14h. 3 circuits sont propos\u00e9s cette ann\u00e9e\u00a0:<\/span><\/h3>\n<ul>\n<li>Le parcours vert, de 8,5 kilom\u00e8tres et qui est une nouveaut\u00e9. Il permet \u00e0 des marcheurs non-entra\u00een\u00e9s de d\u00e9couvrir le massif du Kemberg\u00a0;<\/li>\n<li>Le parcours bleu, de 13,6 kilom\u00e8tres, s&rsquo;effectuera sur le circuit classique du Tour du Kemberg, en suivant les fl\u00e8ches bleues. Facile et accessible \u00e0 \u2013 pratiquement \u2013 tout le monde, ce circuit est l&rsquo;occasion de go\u00fbter aux plaisirs de la marche\u00a0;<\/li>\n<li>Le parcours rouge, de 16,8 kilom\u00e8tres, s&rsquo;adresse \u00e0 des marcheurs plus entra\u00een\u00e9s qui n&rsquo;ont pas peur du d\u00e9nivel\u00e9. Ce circuit sera l&rsquo;occasion de d\u00e9couvrir \u2013 ou red\u00e9couvrir \u2013 le sentier des Ducs, ses roches et les points de vue qu&rsquo;il offre.<\/li>\n<\/ul>\n<p>Des points de contr\u00f4le et de ravitaillement sont pr\u00e9vus sur les circuits, avec respectivement un ravitaillement pour le sentier \u00ab\u00a0vert\u00a0\u00bb et 2 pour les sentiers \u00ab\u00a0bleu\u00a0\u00bb et \u00ab\u00a0rouge\u00a0\u00bb. De la restauration sera \u00e9galement propos\u00e9e au point de d\u00e9part. A l&rsquo;issue de cette journ\u00e9e plac\u00e9e sous le signe de la randonn\u00e9e, des m\u00e9dailles et des coupes seront remises \u00e0 certains des participants.<\/p>\n<p>A noter que les inscriptions se feront directement au d\u00e9part, aux tarifs de 2 euros pour les adultes, 1,50 euro pour les enfants de 6 \u00e0 12 ans, et gratuit pour les moins de 6 ans. Plus de renseignements aupr\u00e8s du Club Vosgien de Saint-Di\u00e9-des-Vosges, via <strong><a href=\"mailto:clubvosgien-saintdie@orange.fr\" target=\"_blank\" rel=\"noopener\">clubvosgien-saintdie@orange.fr<\/a><\/strong>.<\/p>\n<p>J.J.<\/p>\n<p><a href=\"\/2022\/04\/Tour_du_Kemberg_2022.jpg\" target=\"_blank\" rel=\"noopener\"><img decoding=\"async\" class=\"aligncenter wp-image-181400 size-large\" src=\"\/2022\/04\/Tour_du_Kemberg_2022-724x1024.jpg\" alt=\"Tour_du_Kemberg_2022\" width=\"724\" height=\"1024\" \/><\/a><\/p>\n","protected":false},"excerpt":{"rendered":"<p>Le traditionnel Tour du Kemberg sort de sa parenth\u00e8se. Annul\u00e9 en 2020 et 2021 \u00e0 cause de la crise sanitaire, [&hellip;]<\/p>\n","protected":false},"author":44,"featured_media":48771,"comment_status":"open","ping_status":"open","sticky":false,"template":"","format":"standard","meta":{"footnotes":""},"categories":[460,20,2915,17],"tags":[10905,3923,5714],"class_list":["post-48770","post","type-post","status-publish","format-standard","has-post-thumbnail","hentry","category-a-la-une","category-loisirs","category-saint-die-son-canton","category-vie-associative","tag-abri-des-trois-fauteuils","tag-club-vosgien-de-saint-die-des-vosges","tag-tour-du-kemberg"],"acf":[],"yoast_head":"<!-- This site is optimized with the Yoast SEO plugin v22.5 - https:\/\/yoast.com\/wordpress\/plugins\/seo\/ -->\n<title>Le Tour du Kemberg est bient\u00f4t de retour\u00a0! - Saint Die Info<\/title>\n<meta name=\"robots\" content=\"index, follow, max-snippet:-1, max-image-preview:large, max-video-preview:-1\" \/>\n<link rel=\"canonical\" href=\"https:\/\/vosgesinfo.fr\/saintdieinfo\/2022\/04\/tour-kemberg-bientot-de-retour\/\" \/>\n<meta name=\"twitter:card\" content=\"summary_large_image\" \/>\n<meta name=\"twitter:title\" content=\"Le Tour du Kemberg est bient\u00f4t de retour\u00a0! - Saint Die Info\" \/>\n<meta name=\"twitter:description\" content=\"Le traditionnel Tour du Kemberg sort de sa parenth\u00e8se. Annul\u00e9 en 2020 et 2021 \u00e0 cause de la crise sanitaire, [&hellip;]\" \/>\n<meta name=\"twitter:image\" content=\"https:\/\/vosgesinfo.fr\/app\/uploads\/sites\/4\/2024\/08\/201905tour-du-kemberg-2019-7.jpg\" \/>\n<meta name=\"twitter:creator\" content=\"@VosgesInfo88\" \/>\n<meta name=\"twitter:site\" content=\"@VosgesInfo88\" \/>\n<meta name=\"twitter:label1\" content=\"\u00c9crit par\" \/>\n\t<meta name=\"twitter:data1\" content=\"la r\u00e9daction\" \/>\n\t<meta name=\"twitter:label2\" content=\"Dur\u00e9e de lecture estim\u00e9e\" \/>\n\t<meta name=\"twitter:data2\" content=\"1 minute\" \/>\n<script type=\"application\/ld+json\" class=\"yoast-schema-graph\">{\"@context\":\"https:\/\/schema.org\",\"@graph\":[{\"@type\":\"Article\",\"@id\":\"https:\/\/vosgesinfo.fr\/saintdieinfo\/2022\/04\/tour-kemberg-bientot-de-retour\/#article\",\"isPartOf\":{\"@id\":\"https:\/\/vosgesinfo.fr\/saintdieinfo\/2022\/04\/tour-kemberg-bientot-de-retour\/\"},\"author\":{\"name\":\"la r\u00e9daction\",\"@id\":\"https:\/\/vosgesinfo.fr\/saintdieinfo\/#\/schema\/person\/faee6704a21f3977511db84bd1cd450f\"},\"headline\":\"Le Tour du Kemberg est bient\u00f4t de retour\u00a0!\",\"datePublished\":\"2022-04-05T07:00:27+00:00\",\"dateModified\":\"2022-04-05T07:00:27+00:00\",\"mainEntityOfPage\":{\"@id\":\"https:\/\/vosgesinfo.fr\/saintdieinfo\/2022\/04\/tour-kemberg-bientot-de-retour\/\"},\"wordCount\":313,\"commentCount\":0,\"publisher\":{\"@id\":\"https:\/\/vosgesinfo.fr\/saintdieinfo\/#organization\"},\"image\":{\"@id\":\"https:\/\/vosgesinfo.fr\/saintdieinfo\/2022\/04\/tour-kemberg-bientot-de-retour\/#primaryimage\"},\"thumbnailUrl\":\"https:\/\/vosgesinfo.fr\/app\/uploads\/sites\/4\/2024\/08\/201905tour-du-kemberg-2019-7.jpg\",\"keywords\":[\"Abri des Trois Fauteuils\",\"Club Vosgien de Saint-Di\u00e9-des-Vosges\",\"Tour du Kemberg\"],\"articleSection\":[\"A la Une\",\"Loisirs\",\"Saint-Di\u00e9-des-Vosges et son Agglom\u00e9ration\",\"Vie Associative\"],\"inLanguage\":\"fr-FR\",\"potentialAction\":[{\"@type\":\"CommentAction\",\"name\":\"Comment\",\"target\":[\"https:\/\/vosgesinfo.fr\/saintdieinfo\/2022\/04\/tour-kemberg-bientot-de-retour\/#respond\"]}]},{\"@type\":\"WebPage\",\"@id\":\"https:\/\/vosgesinfo.fr\/saintdieinfo\/2022\/04\/tour-kemberg-bientot-de-retour\/\",\"url\":\"https:\/\/vosgesinfo.fr\/saintdieinfo\/2022\/04\/tour-kemberg-bientot-de-retour\/\",\"name\":\"Le Tour du Kemberg est bient\u00f4t de retour\u00a0! - Saint Die Info\",\"isPartOf\":{\"@id\":\"https:\/\/vosgesinfo.fr\/saintdieinfo\/#website\"},\"primaryImageOfPage\":{\"@id\":\"https:\/\/vosgesinfo.fr\/saintdieinfo\/2022\/04\/tour-kemberg-bientot-de-retour\/#primaryimage\"},\"image\":{\"@id\":\"https:\/\/vosgesinfo.fr\/saintdieinfo\/2022\/04\/tour-kemberg-bientot-de-retour\/#primaryimage\"},\"thumbnailUrl\":\"https:\/\/vosgesinfo.fr\/app\/uploads\/sites\/4\/2024\/08\/201905tour-du-kemberg-2019-7.jpg\",\"datePublished\":\"2022-04-05T07:00:27+00:00\",\"dateModified\":\"2022-04-05T07:00:27+00:00\",\"breadcrumb\":{\"@id\":\"https:\/\/vosgesinfo.fr\/saintdieinfo\/2022\/04\/tour-kemberg-bientot-de-retour\/#breadcrumb\"},\"inLanguage\":\"fr-FR\",\"potentialAction\":[{\"@type\":\"ReadAction\",\"target\":[\"https:\/\/vosgesinfo.fr\/saintdieinfo\/2022\/04\/tour-kemberg-bientot-de-retour\/\"]}]},{\"@type\":\"ImageObject\",\"inLanguage\":\"fr-FR\",\"@id\":\"https:\/\/vosgesinfo.fr\/saintdieinfo\/2022\/04\/tour-kemberg-bientot-de-retour\/#primaryimage\",\"url\":\"https:\/\/vosgesinfo.fr\/app\/uploads\/sites\/4\/2024\/08\/201905tour-du-kemberg-2019-7.jpg\",\"contentUrl\":\"https:\/\/vosgesinfo.fr\/app\/uploads\/sites\/4\/2024\/08\/201905tour-du-kemberg-2019-7.jpg\",\"width\":1024,\"height\":683},{\"@type\":\"BreadcrumbList\",\"@id\":\"https:\/\/vosgesinfo.fr\/saintdieinfo\/2022\/04\/tour-kemberg-bientot-de-retour\/#breadcrumb\",\"itemListElement\":[{\"@type\":\"ListItem\",\"position\":1,\"name\":\"Home\",\"item\":\"https:\/\/vosgesinfo.fr\/saintdieinfo\/\"},{\"@type\":\"ListItem\",\"position\":2,\"name\":\"Le Tour du Kemberg est bient\u00f4t de retour\u00a0!\"}]},{\"@type\":\"WebSite\",\"@id\":\"https:\/\/vosgesinfo.fr\/saintdieinfo\/#website\",\"url\":\"https:\/\/vosgesinfo.fr\/saintdieinfo\/\",\"name\":\"Saint Die Info\",\"description\":\"Toute l&#039;actualit\u00e9 de Saint-Di\u00e9-Des-Vosges\",\"publisher\":{\"@id\":\"https:\/\/vosgesinfo.fr\/saintdieinfo\/#organization\"},\"alternateName\":\"Toute l'actualit\u00e9 de Saint-Di\u00e9-Des-Vosges\",\"potentialAction\":[{\"@type\":\"SearchAction\",\"target\":{\"@type\":\"EntryPoint\",\"urlTemplate\":\"https:\/\/vosgesinfo.fr\/saintdieinfo\/?s={search_term_string}\"},\"query-input\":\"required name=search_term_string\"}],\"inLanguage\":\"fr-FR\"},{\"@type\":\"Organization\",\"@id\":\"https:\/\/vosgesinfo.fr\/saintdieinfo\/#organization\",\"name\":\"Saint Die Info\",\"url\":\"https:\/\/vosgesinfo.fr\/saintdieinfo\/\",\"logo\":{\"@type\":\"ImageObject\",\"inLanguage\":\"fr-FR\",\"@id\":\"https:\/\/vosgesinfo.fr\/saintdieinfo\/#\/schema\/logo\/image\/\",\"url\":\"https:\/\/vosgesinfo.fr\/app\/uploads\/sites\/4\/2024\/02\/logo-sdi.jpg\",\"contentUrl\":\"https:\/\/vosgesinfo.fr\/app\/uploads\/sites\/4\/2024\/02\/logo-sdi.jpg\",\"width\":600,\"height\":600,\"caption\":\"Saint Die Info\"},\"image\":{\"@id\":\"https:\/\/vosgesinfo.fr\/saintdieinfo\/#\/schema\/logo\/image\/\"},\"sameAs\":[\"https:\/\/www.facebook.com\/Saintdieinfofr\",\"https:\/\/x.com\/VosgesInfo88\",\"https:\/\/www.youtube.com\/@vosgesinfo\"]},{\"@type\":\"Person\",\"@id\":\"https:\/\/vosgesinfo.fr\/saintdieinfo\/#\/schema\/person\/faee6704a21f3977511db84bd1cd450f\",\"name\":\"la r\u00e9daction\",\"image\":{\"@type\":\"ImageObject\",\"inLanguage\":\"fr-FR\",\"@id\":\"https:\/\/vosgesinfo.fr\/saintdieinfo\/#\/schema\/person\/image\/\",\"url\":\"https:\/\/secure.gravatar.com\/avatar\/6673d8bc6a9c17fa9a453eaa3448de834fa308c2ec9635b7aa99441a7c8d2cf6?s=96&d=mm&r=g\",\"contentUrl\":\"https:\/\/secure.gravatar.com\/avatar\/6673d8bc6a9c17fa9a453eaa3448de834fa308c2ec9635b7aa99441a7c8d2cf6?s=96&d=mm&r=g\",\"caption\":\"la r\u00e9daction\"},\"url\":\"https:\/\/vosgesinfo.fr\/saintdieinfo\/author\/redac\/\"}]}<\/script>\n<!-- \/ Yoast SEO plugin. -->","yoast_head_json":{"title":"Le Tour du Kemberg est bient\u00f4t de retour\u00a0! - Saint Die Info","robots":{"index":"index","follow":"follow","max-snippet":"max-snippet:-1","max-image-preview":"max-image-preview:large","max-video-preview":"max-video-preview:-1"},"canonical":"https:\/\/vosgesinfo.fr\/saintdieinfo\/2022\/04\/tour-kemberg-bientot-de-retour\/","twitter_card":"summary_large_image","twitter_title":"Le Tour du Kemberg est bient\u00f4t de retour\u00a0! - Saint Die Info","twitter_description":"Le traditionnel Tour du Kemberg sort de sa parenth\u00e8se. Annul\u00e9 en 2020 et 2021 \u00e0 cause de la crise sanitaire, [&hellip;]","twitter_image":"https:\/\/vosgesinfo.fr\/app\/uploads\/sites\/4\/2024\/08\/201905tour-du-kemberg-2019-7.jpg","twitter_creator":"@VosgesInfo88","twitter_site":"@VosgesInfo88","twitter_misc":{"\u00c9crit par":"la r\u00e9daction","Dur\u00e9e de lecture estim\u00e9e":"1 minute"},"schema":{"@context":"https:\/\/schema.org","@graph":[{"@type":"Article","@id":"https:\/\/vosgesinfo.fr\/saintdieinfo\/2022\/04\/tour-kemberg-bientot-de-retour\/#article","isPartOf":{"@id":"https:\/\/vosgesinfo.fr\/saintdieinfo\/2022\/04\/tour-kemberg-bientot-de-retour\/"},"author":{"name":"la r\u00e9daction","@id":"https:\/\/vosgesinfo.fr\/saintdieinfo\/#\/schema\/person\/faee6704a21f3977511db84bd1cd450f"},"headline":"Le Tour du Kemberg est bient\u00f4t de retour\u00a0!","datePublished":"2022-04-05T07:00:27+00:00","dateModified":"2022-04-05T07:00:27+00:00","mainEntityOfPage":{"@id":"https:\/\/vosgesinfo.fr\/saintdieinfo\/2022\/04\/tour-kemberg-bientot-de-retour\/"},"wordCount":313,"commentCount":0,"publisher":{"@id":"https:\/\/vosgesinfo.fr\/saintdieinfo\/#organization"},"image":{"@id":"https:\/\/vosgesinfo.fr\/saintdieinfo\/2022\/04\/tour-kemberg-bientot-de-retour\/#primaryimage"},"thumbnailUrl":"https:\/\/vosgesinfo.fr\/app\/uploads\/sites\/4\/2024\/08\/201905tour-du-kemberg-2019-7.jpg","keywords":["Abri des Trois Fauteuils","Club Vosgien de Saint-Di\u00e9-des-Vosges","Tour du Kemberg"],"articleSection":["A la Une","Loisirs","Saint-Di\u00e9-des-Vosges et son Agglom\u00e9ration","Vie Associative"],"inLanguage":"fr-FR","potentialAction":[{"@type":"CommentAction","name":"Comment","target":["https:\/\/vosgesinfo.fr\/saintdieinfo\/2022\/04\/tour-kemberg-bientot-de-retour\/#respond"]}]},{"@type":"WebPage","@id":"https:\/\/vosgesinfo.fr\/saintdieinfo\/2022\/04\/tour-kemberg-bientot-de-retour\/","url":"https:\/\/vosgesinfo.fr\/saintdieinfo\/2022\/04\/tour-kemberg-bientot-de-retour\/","name":"Le Tour du Kemberg est bient\u00f4t de retour\u00a0! - Saint Die Info","isPartOf":{"@id":"https:\/\/vosgesinfo.fr\/saintdieinfo\/#website"},"primaryImageOfPage":{"@id":"https:\/\/vosgesinfo.fr\/saintdieinfo\/2022\/04\/tour-kemberg-bientot-de-retour\/#primaryimage"},"image":{"@id":"https:\/\/vosgesinfo.fr\/saintdieinfo\/2022\/04\/tour-kemberg-bientot-de-retour\/#primaryimage"},"thumbnailUrl":"https:\/\/vosgesinfo.fr\/app\/uploads\/sites\/4\/2024\/08\/201905tour-du-kemberg-2019-7.jpg","datePublished":"2022-04-05T07:00:27+00:00","dateModified":"2022-04-05T07:00:27+00:00","breadcrumb":{"@id":"https:\/\/vosgesinfo.fr\/saintdieinfo\/2022\/04\/tour-kemberg-bientot-de-retour\/#breadcrumb"},"inLanguage":"fr-FR","potentialAction":[{"@type":"ReadAction","target":["https:\/\/vosgesinfo.fr\/saintdieinfo\/2022\/04\/tour-kemberg-bientot-de-retour\/"]}]},{"@type":"ImageObject","inLanguage":"fr-FR","@id":"https:\/\/vosgesinfo.fr\/saintdieinfo\/2022\/04\/tour-kemberg-bientot-de-retour\/#primaryimage","url":"https:\/\/vosgesinfo.fr\/app\/uploads\/sites\/4\/2024\/08\/201905tour-du-kemberg-2019-7.jpg","contentUrl":"https:\/\/vosgesinfo.fr\/app\/uploads\/sites\/4\/2024\/08\/201905tour-du-kemberg-2019-7.jpg","width":1024,"height":683},{"@type":"BreadcrumbList","@id":"https:\/\/vosgesinfo.fr\/saintdieinfo\/2022\/04\/tour-kemberg-bientot-de-retour\/#breadcrumb","itemListElement":[{"@type":"ListItem","position":1,"name":"Home","item":"https:\/\/vosgesinfo.fr\/saintdieinfo\/"},{"@type":"ListItem","position":2,"name":"Le Tour du Kemberg est bient\u00f4t de retour\u00a0!"}]},{"@type":"WebSite","@id":"https:\/\/vosgesinfo.fr\/saintdieinfo\/#website","url":"https:\/\/vosgesinfo.fr\/saintdieinfo\/","name":"Saint Die Info","description":"Toute l&#039;actualit\u00e9 de Saint-Di\u00e9-Des-Vosges","publisher":{"@id":"https:\/\/vosgesinfo.fr\/saintdieinfo\/#organization"},"alternateName":"Toute l'actualit\u00e9 de Saint-Di\u00e9-Des-Vosges","potentialAction":[{"@type":"SearchAction","target":{"@type":"EntryPoint","urlTemplate":"https:\/\/vosgesinfo.fr\/saintdieinfo\/?s={search_term_string}"},"query-input":"required name=search_term_string"}],"inLanguage":"fr-FR"},{"@type":"Organization","@id":"https:\/\/vosgesinfo.fr\/saintdieinfo\/#organization","name":"Saint Die Info","url":"https:\/\/vosgesinfo.fr\/saintdieinfo\/","logo":{"@type":"ImageObject","inLanguage":"fr-FR","@id":"https:\/\/vosgesinfo.fr\/saintdieinfo\/#\/schema\/logo\/image\/","url":"https:\/\/vosgesinfo.fr\/app\/uploads\/sites\/4\/2024\/02\/logo-sdi.jpg","contentUrl":"https:\/\/vosgesinfo.fr\/app\/uploads\/sites\/4\/2024\/02\/logo-sdi.jpg","width":600,"height":600,"caption":"Saint Die Info"},"image":{"@id":"https:\/\/vosgesinfo.fr\/saintdieinfo\/#\/schema\/logo\/image\/"},"sameAs":["https:\/\/www.facebook.com\/Saintdieinfofr","https:\/\/x.com\/VosgesInfo88","https:\/\/www.youtube.com\/@vosgesinfo"]},{"@type":"Person","@id":"https:\/\/vosgesinfo.fr\/saintdieinfo\/#\/schema\/person\/faee6704a21f3977511db84bd1cd450f","name":"la r\u00e9daction","image":{"@type":"ImageObject","inLanguage":"fr-FR","@id":"https:\/\/vosgesinfo.fr\/saintdieinfo\/#\/schema\/person\/image\/","url":"https:\/\/secure.gravatar.com\/avatar\/6673d8bc6a9c17fa9a453eaa3448de834fa308c2ec9635b7aa99441a7c8d2cf6?s=96&d=mm&r=g","contentUrl":"https:\/\/secure.gravatar.com\/avatar\/6673d8bc6a9c17fa9a453eaa3448de834fa308c2ec9635b7aa99441a7c8d2cf6?s=96&d=mm&r=g","caption":"la r\u00e9daction"},"url":"https:\/\/vosgesinfo.fr\/saintdieinfo\/author\/redac\/"}]}},"_links":{"self":[{"href":"https:\/\/vosgesinfo.fr\/saintdieinfo\/wp-json\/wp\/v2\/posts\/48770","targetHints":{"allow":["GET"]}}],"collection":[{"href":"https:\/\/vosgesinfo.fr\/saintdieinfo\/wp-json\/wp\/v2\/posts"}],"about":[{"href":"https:\/\/vosgesinfo.fr\/saintdieinfo\/wp-json\/wp\/v2\/types\/post"}],"author":[{"embeddable":true,"href":"https:\/\/vosgesinfo.fr\/saintdieinfo\/wp-json\/wp\/v2\/users\/44"}],"replies":[{"embeddable":true,"href":"https:\/\/vosgesinfo.fr\/saintdieinfo\/wp-json\/wp\/v2\/comments?post=48770"}],"version-history":[{"count":0,"href":"https:\/\/vosgesinfo.fr\/saintdieinfo\/wp-json\/wp\/v2\/posts\/48770\/revisions"}],"wp:featuredmedia":[{"embeddable":true,"href":"https:\/\/vosgesinfo.fr\/saintdieinfo\/wp-json\/wp\/v2\/media\/48771"}],"wp:attachment":[{"href":"https:\/\/vosgesinfo.fr\/saintdieinfo\/wp-json\/wp\/v2\/media?parent=48770"}],"wp:term":[{"taxonomy":"category","embeddable":true,"href":"https:\/\/vosgesinfo.fr\/saintdieinfo\/wp-json\/wp\/v2\/categories?post=48770"},{"taxonomy":"post_tag","embeddable":true,"href":"https:\/\/vosgesinfo.fr\/saintdieinfo\/wp-json\/wp\/v2\/tags?post=48770"}],"curies":[{"name":"wp","href":"https:\/\/api.w.org\/{rel}","templated":true}]}}