{"id":49351,"date":"2022-01-14T14:16:33","date_gmt":"2022-01-14T13:16:33","guid":{"rendered":"https:\/\/vosgesinfo.fr\/saintdieinfo\/2022\/01\/voyage-de-marco-laisse-place-aux-escales-symphoniques-2\/"},"modified":"2022-01-14T14:16:33","modified_gmt":"2022-01-14T13:16:33","slug":"voyage-de-marco-laisse-place-aux-escales-symphoniques-2","status":"publish","type":"post","link":"https:\/\/vosgesinfo.fr\/saintdieinfo\/2022\/01\/voyage-de-marco-laisse-place-aux-escales-symphoniques-2\/","title":{"rendered":"\u00ab\u00a0Le voyage de Marco\u00a0\u00bb laisse place aux \u00ab\u00a0Escales symphoniques\u00a0\u00bb"},"content":{"rendered":"<h2><span style=\"font-size: 14pt;\">Le week-end des 29 et 30 janvier, Orchestre+ avait invit\u00e9 le public \u00e0 voyager en musique \u00e0 travers \u00ab\u00a0Le voyage de Marco\u00a0\u00bb, un conte musical pour lequel l&rsquo;Orchestre Symphonique est accompagn\u00e9 de choeurs d&rsquo;enfants des \u00e9coles et coll\u00e8ges d\u00e9odatiens.<\/span><\/h2>\n<p><!--more--><\/p>\n<p>Mais compte tenu du contexte sanitaire, l&rsquo;association a pr\u00e9f\u00e9r\u00e9 reporter \u00e0 une date ult\u00e9rieure les 2 concerts pr\u00e9vus dans le cadre de ce projet. <em>\u00ab\u00a0Reporter mais pas annuler\u00a0\u00bb<\/em> souligne Romain Ganier, secr\u00e9taire d&rsquo;Orchestre+ et musicien de l&rsquo;orchestre. <em>\u00ab\u00a0A la place, on proposera au public le projet \u00ab\u00a0Escales symphoniques\u00a0\u00bb, toujours \u00e0 l&rsquo;Espace Georges-Sadoul, les m\u00eames jours et aux m\u00eames horaires que pour \u00ab\u00a0Le voyage de Marco\u00a0\u00bb. A savoir samedi 29 janvier \u00e0 20h30 et le lendemain dimanche \u00e0 16h. Vu qu&rsquo;on avait la salle et l&rsquo;autorisation de jouer, et vu qu&rsquo;on a eu tellement peu l&rsquo;occasion de se produire ces derniers temps, on a saisi l&rsquo;opportunit\u00e9 pour proposer autre chose, avec moins de monde sur sc\u00e8ne.\u00a0\u00bb<\/em><\/p>\n<p>Pour ces \u00ab\u00a0Escales symphoniques\u00a0\u00bb, l&rsquo;orchestre symphonique sera accompagn\u00e9 par la soprano soliste Bertha Sgard-Perez. Professeur de technique vocale au Conservatoire de Metz et professeur de chant lyrique, elle a d\u00e9j\u00e0 jou\u00e9 avec l&rsquo;orchestre, lors du concert du 17 d\u00e9cembre dernier \u00e0 l&rsquo;\u00e9glise Saint-Martin. Au programme\u00a0: des pi\u00e8ces issues des \u0153uvres de Mozart, Reger, Dvorak, Haendel, Still, Sibelius, Grieg&#8230; et un voyage \u00e0 travers l&rsquo;Allemagne, la Boh\u00e8me, l&rsquo;Angleterre, l&rsquo;Am\u00e9rique, la Finlande, la Norv\u00e8ge et Vienne.<\/p>\n<p>Comme pour tous les concerts d&rsquo;Orchestre+, l&rsquo;acc\u00e8s est gratuit avec une libre participation aux frais. Les musiciens b\u00e9n\u00e9voles souhaitant avant tout partager leur passion avec tous, en cr\u00e9ant du lien social par la culture.<\/p>\n<p>J.J.<\/p>\n<p><a href=\"\/2022\/01\/Escales_Symphoniques_O-1.jpg\" target=\"_blank\" rel=\"noopener\"><img decoding=\"async\" class=\"aligncenter wp-image-177394 size-large\" src=\"\/2022\/01\/Escales_Symphoniques_O-1-724x1024.jpg\" alt=\"Escales_Symphoniques_O+\" width=\"724\" height=\"1024\" \/><\/a><\/p>\n","protected":false},"excerpt":{"rendered":"<p>Le week-end des 29 et 30 janvier, Orchestre+ avait invit\u00e9 le public \u00e0 voyager en musique \u00e0 travers \u00ab\u00a0Le voyage [&hellip;]<\/p>\n","protected":false},"author":44,"featured_media":49352,"comment_status":"open","ping_status":"open","sticky":false,"template":"","format":"standard","meta":{"footnotes":""},"categories":[460,8003,7847,2915,17],"tags":[9968,3559,3696,3697],"class_list":["post-49351","post","type-post","status-publish","format-standard","has-post-thumbnail","hentry","category-a-la-une","category-concert-culture","category-art-culture","category-saint-die-son-canton","category-vie-associative","tag-escales-symphoniques","tag-espace-georges-sadoul","tag-orchestre-symphonique-de-saint-die-des-vosges","tag-orchestre"],"acf":[],"yoast_head":"<!-- This site is optimized with the Yoast SEO plugin v22.5 - https:\/\/yoast.com\/wordpress\/plugins\/seo\/ -->\n<title>\u00ab\u00a0Le voyage de Marco\u00a0\u00bb laisse place aux \u00ab\u00a0Escales symphoniques\u00a0\u00bb - Saint Die Info<\/title>\n<meta name=\"robots\" content=\"index, follow, max-snippet:-1, max-image-preview:large, max-video-preview:-1\" \/>\n<link rel=\"canonical\" href=\"https:\/\/vosgesinfo.fr\/saintdieinfo\/2022\/01\/voyage-de-marco-laisse-place-aux-escales-symphoniques-2\/\" \/>\n<meta name=\"twitter:card\" content=\"summary_large_image\" \/>\n<meta name=\"twitter:title\" content=\"\u00ab\u00a0Le voyage de Marco\u00a0\u00bb laisse place aux \u00ab\u00a0Escales symphoniques\u00a0\u00bb - Saint Die Info\" \/>\n<meta name=\"twitter:description\" content=\"Le week-end des 29 et 30 janvier, Orchestre+ avait invit\u00e9 le public \u00e0 voyager en musique \u00e0 travers \u00ab\u00a0Le voyage [&hellip;]\" \/>\n<meta name=\"twitter:image\" content=\"https:\/\/vosgesinfo.fr\/app\/uploads\/sites\/4\/2024\/08\/202201escales-symphoniques-o--01-2.jpg\" \/>\n<meta name=\"twitter:creator\" content=\"@VosgesInfo88\" \/>\n<meta name=\"twitter:site\" content=\"@VosgesInfo88\" \/>\n<meta name=\"twitter:label1\" content=\"\u00c9crit par\" \/>\n\t<meta name=\"twitter:data1\" content=\"la r\u00e9daction\" \/>\n\t<meta name=\"twitter:label2\" content=\"Dur\u00e9e de lecture estim\u00e9e\" \/>\n\t<meta name=\"twitter:data2\" content=\"1 minute\" \/>\n<script type=\"application\/ld+json\" class=\"yoast-schema-graph\">{\"@context\":\"https:\/\/schema.org\",\"@graph\":[{\"@type\":\"Article\",\"@id\":\"https:\/\/vosgesinfo.fr\/saintdieinfo\/2022\/01\/voyage-de-marco-laisse-place-aux-escales-symphoniques-2\/#article\",\"isPartOf\":{\"@id\":\"https:\/\/vosgesinfo.fr\/saintdieinfo\/2022\/01\/voyage-de-marco-laisse-place-aux-escales-symphoniques-2\/\"},\"author\":{\"name\":\"la r\u00e9daction\",\"@id\":\"https:\/\/vosgesinfo.fr\/saintdieinfo\/#\/schema\/person\/faee6704a21f3977511db84bd1cd450f\"},\"headline\":\"\u00ab\u00a0Le voyage de Marco\u00a0\u00bb laisse place aux \u00ab\u00a0Escales symphoniques\u00a0\u00bb\",\"datePublished\":\"2022-01-14T13:16:33+00:00\",\"dateModified\":\"2022-01-14T13:16:33+00:00\",\"mainEntityOfPage\":{\"@id\":\"https:\/\/vosgesinfo.fr\/saintdieinfo\/2022\/01\/voyage-de-marco-laisse-place-aux-escales-symphoniques-2\/\"},\"wordCount\":299,\"commentCount\":0,\"publisher\":{\"@id\":\"https:\/\/vosgesinfo.fr\/saintdieinfo\/#organization\"},\"image\":{\"@id\":\"https:\/\/vosgesinfo.fr\/saintdieinfo\/2022\/01\/voyage-de-marco-laisse-place-aux-escales-symphoniques-2\/#primaryimage\"},\"thumbnailUrl\":\"https:\/\/vosgesinfo.fr\/app\/uploads\/sites\/4\/2024\/08\/202201escales-symphoniques-o--01-2.jpg\",\"keywords\":[\"Escales symphoniques\",\"Espace Georges-Sadoul\",\"Orchestre Symphonique de Saint-Di\u00e9-des-Vosges\",\"Orchestre+\"],\"articleSection\":[\"A la Une\",\"Concert\",\"Culture\",\"Saint-Di\u00e9-des-Vosges et son Agglom\u00e9ration\",\"Vie Associative\"],\"inLanguage\":\"fr-FR\",\"potentialAction\":[{\"@type\":\"CommentAction\",\"name\":\"Comment\",\"target\":[\"https:\/\/vosgesinfo.fr\/saintdieinfo\/2022\/01\/voyage-de-marco-laisse-place-aux-escales-symphoniques-2\/#respond\"]}]},{\"@type\":\"WebPage\",\"@id\":\"https:\/\/vosgesinfo.fr\/saintdieinfo\/2022\/01\/voyage-de-marco-laisse-place-aux-escales-symphoniques-2\/\",\"url\":\"https:\/\/vosgesinfo.fr\/saintdieinfo\/2022\/01\/voyage-de-marco-laisse-place-aux-escales-symphoniques-2\/\",\"name\":\"\u00ab\u00a0Le voyage de Marco\u00a0\u00bb laisse place aux \u00ab\u00a0Escales symphoniques\u00a0\u00bb - Saint Die Info\",\"isPartOf\":{\"@id\":\"https:\/\/vosgesinfo.fr\/saintdieinfo\/#website\"},\"primaryImageOfPage\":{\"@id\":\"https:\/\/vosgesinfo.fr\/saintdieinfo\/2022\/01\/voyage-de-marco-laisse-place-aux-escales-symphoniques-2\/#primaryimage\"},\"image\":{\"@id\":\"https:\/\/vosgesinfo.fr\/saintdieinfo\/2022\/01\/voyage-de-marco-laisse-place-aux-escales-symphoniques-2\/#primaryimage\"},\"thumbnailUrl\":\"https:\/\/vosgesinfo.fr\/app\/uploads\/sites\/4\/2024\/08\/202201escales-symphoniques-o--01-2.jpg\",\"datePublished\":\"2022-01-14T13:16:33+00:00\",\"dateModified\":\"2022-01-14T13:16:33+00:00\",\"breadcrumb\":{\"@id\":\"https:\/\/vosgesinfo.fr\/saintdieinfo\/2022\/01\/voyage-de-marco-laisse-place-aux-escales-symphoniques-2\/#breadcrumb\"},\"inLanguage\":\"fr-FR\",\"potentialAction\":[{\"@type\":\"ReadAction\",\"target\":[\"https:\/\/vosgesinfo.fr\/saintdieinfo\/2022\/01\/voyage-de-marco-laisse-place-aux-escales-symphoniques-2\/\"]}]},{\"@type\":\"ImageObject\",\"inLanguage\":\"fr-FR\",\"@id\":\"https:\/\/vosgesinfo.fr\/saintdieinfo\/2022\/01\/voyage-de-marco-laisse-place-aux-escales-symphoniques-2\/#primaryimage\",\"url\":\"https:\/\/vosgesinfo.fr\/app\/uploads\/sites\/4\/2024\/08\/202201escales-symphoniques-o--01-2.jpg\",\"contentUrl\":\"https:\/\/vosgesinfo.fr\/app\/uploads\/sites\/4\/2024\/08\/202201escales-symphoniques-o--01-2.jpg\",\"width\":2000,\"height\":1499},{\"@type\":\"BreadcrumbList\",\"@id\":\"https:\/\/vosgesinfo.fr\/saintdieinfo\/2022\/01\/voyage-de-marco-laisse-place-aux-escales-symphoniques-2\/#breadcrumb\",\"itemListElement\":[{\"@type\":\"ListItem\",\"position\":1,\"name\":\"Home\",\"item\":\"https:\/\/vosgesinfo.fr\/saintdieinfo\/\"},{\"@type\":\"ListItem\",\"position\":2,\"name\":\"\u00ab\u00a0Le voyage de Marco\u00a0\u00bb laisse place aux \u00ab\u00a0Escales symphoniques\u00a0\u00bb\"}]},{\"@type\":\"WebSite\",\"@id\":\"https:\/\/vosgesinfo.fr\/saintdieinfo\/#website\",\"url\":\"https:\/\/vosgesinfo.fr\/saintdieinfo\/\",\"name\":\"Saint Die Info\",\"description\":\"Toute l&#039;actualit\u00e9 de Saint-Di\u00e9-Des-Vosges\",\"publisher\":{\"@id\":\"https:\/\/vosgesinfo.fr\/saintdieinfo\/#organization\"},\"alternateName\":\"Toute l'actualit\u00e9 de Saint-Di\u00e9-Des-Vosges\",\"potentialAction\":[{\"@type\":\"SearchAction\",\"target\":{\"@type\":\"EntryPoint\",\"urlTemplate\":\"https:\/\/vosgesinfo.fr\/saintdieinfo\/?s={search_term_string}\"},\"query-input\":\"required name=search_term_string\"}],\"inLanguage\":\"fr-FR\"},{\"@type\":\"Organization\",\"@id\":\"https:\/\/vosgesinfo.fr\/saintdieinfo\/#organization\",\"name\":\"Saint Die Info\",\"url\":\"https:\/\/vosgesinfo.fr\/saintdieinfo\/\",\"logo\":{\"@type\":\"ImageObject\",\"inLanguage\":\"fr-FR\",\"@id\":\"https:\/\/vosgesinfo.fr\/saintdieinfo\/#\/schema\/logo\/image\/\",\"url\":\"https:\/\/vosgesinfo.fr\/app\/uploads\/sites\/4\/2024\/02\/logo-sdi.jpg\",\"contentUrl\":\"https:\/\/vosgesinfo.fr\/app\/uploads\/sites\/4\/2024\/02\/logo-sdi.jpg\",\"width\":600,\"height\":600,\"caption\":\"Saint Die Info\"},\"image\":{\"@id\":\"https:\/\/vosgesinfo.fr\/saintdieinfo\/#\/schema\/logo\/image\/\"},\"sameAs\":[\"https:\/\/www.facebook.com\/Saintdieinfofr\",\"https:\/\/x.com\/VosgesInfo88\",\"https:\/\/www.youtube.com\/@vosgesinfo\"]},{\"@type\":\"Person\",\"@id\":\"https:\/\/vosgesinfo.fr\/saintdieinfo\/#\/schema\/person\/faee6704a21f3977511db84bd1cd450f\",\"name\":\"la r\u00e9daction\",\"image\":{\"@type\":\"ImageObject\",\"inLanguage\":\"fr-FR\",\"@id\":\"https:\/\/vosgesinfo.fr\/saintdieinfo\/#\/schema\/person\/image\/\",\"url\":\"https:\/\/secure.gravatar.com\/avatar\/6673d8bc6a9c17fa9a453eaa3448de834fa308c2ec9635b7aa99441a7c8d2cf6?s=96&d=mm&r=g\",\"contentUrl\":\"https:\/\/secure.gravatar.com\/avatar\/6673d8bc6a9c17fa9a453eaa3448de834fa308c2ec9635b7aa99441a7c8d2cf6?s=96&d=mm&r=g\",\"caption\":\"la r\u00e9daction\"},\"url\":\"https:\/\/vosgesinfo.fr\/saintdieinfo\/author\/redac\/\"}]}<\/script>\n<!-- \/ Yoast SEO plugin. -->","yoast_head_json":{"title":"\u00ab\u00a0Le voyage de Marco\u00a0\u00bb laisse place aux \u00ab\u00a0Escales symphoniques\u00a0\u00bb - Saint Die Info","robots":{"index":"index","follow":"follow","max-snippet":"max-snippet:-1","max-image-preview":"max-image-preview:large","max-video-preview":"max-video-preview:-1"},"canonical":"https:\/\/vosgesinfo.fr\/saintdieinfo\/2022\/01\/voyage-de-marco-laisse-place-aux-escales-symphoniques-2\/","twitter_card":"summary_large_image","twitter_title":"\u00ab\u00a0Le voyage de Marco\u00a0\u00bb laisse place aux \u00ab\u00a0Escales symphoniques\u00a0\u00bb - Saint Die Info","twitter_description":"Le week-end des 29 et 30 janvier, Orchestre+ avait invit\u00e9 le public \u00e0 voyager en musique \u00e0 travers \u00ab\u00a0Le voyage [&hellip;]","twitter_image":"https:\/\/vosgesinfo.fr\/app\/uploads\/sites\/4\/2024\/08\/202201escales-symphoniques-o--01-2.jpg","twitter_creator":"@VosgesInfo88","twitter_site":"@VosgesInfo88","twitter_misc":{"\u00c9crit par":"la r\u00e9daction","Dur\u00e9e de lecture estim\u00e9e":"1 minute"},"schema":{"@context":"https:\/\/schema.org","@graph":[{"@type":"Article","@id":"https:\/\/vosgesinfo.fr\/saintdieinfo\/2022\/01\/voyage-de-marco-laisse-place-aux-escales-symphoniques-2\/#article","isPartOf":{"@id":"https:\/\/vosgesinfo.fr\/saintdieinfo\/2022\/01\/voyage-de-marco-laisse-place-aux-escales-symphoniques-2\/"},"author":{"name":"la r\u00e9daction","@id":"https:\/\/vosgesinfo.fr\/saintdieinfo\/#\/schema\/person\/faee6704a21f3977511db84bd1cd450f"},"headline":"\u00ab\u00a0Le voyage de Marco\u00a0\u00bb laisse place aux \u00ab\u00a0Escales symphoniques\u00a0\u00bb","datePublished":"2022-01-14T13:16:33+00:00","dateModified":"2022-01-14T13:16:33+00:00","mainEntityOfPage":{"@id":"https:\/\/vosgesinfo.fr\/saintdieinfo\/2022\/01\/voyage-de-marco-laisse-place-aux-escales-symphoniques-2\/"},"wordCount":299,"commentCount":0,"publisher":{"@id":"https:\/\/vosgesinfo.fr\/saintdieinfo\/#organization"},"image":{"@id":"https:\/\/vosgesinfo.fr\/saintdieinfo\/2022\/01\/voyage-de-marco-laisse-place-aux-escales-symphoniques-2\/#primaryimage"},"thumbnailUrl":"https:\/\/vosgesinfo.fr\/app\/uploads\/sites\/4\/2024\/08\/202201escales-symphoniques-o--01-2.jpg","keywords":["Escales symphoniques","Espace Georges-Sadoul","Orchestre Symphonique de Saint-Di\u00e9-des-Vosges","Orchestre+"],"articleSection":["A la Une","Concert","Culture","Saint-Di\u00e9-des-Vosges et son Agglom\u00e9ration","Vie Associative"],"inLanguage":"fr-FR","potentialAction":[{"@type":"CommentAction","name":"Comment","target":["https:\/\/vosgesinfo.fr\/saintdieinfo\/2022\/01\/voyage-de-marco-laisse-place-aux-escales-symphoniques-2\/#respond"]}]},{"@type":"WebPage","@id":"https:\/\/vosgesinfo.fr\/saintdieinfo\/2022\/01\/voyage-de-marco-laisse-place-aux-escales-symphoniques-2\/","url":"https:\/\/vosgesinfo.fr\/saintdieinfo\/2022\/01\/voyage-de-marco-laisse-place-aux-escales-symphoniques-2\/","name":"\u00ab\u00a0Le voyage de Marco\u00a0\u00bb laisse place aux \u00ab\u00a0Escales symphoniques\u00a0\u00bb - Saint Die Info","isPartOf":{"@id":"https:\/\/vosgesinfo.fr\/saintdieinfo\/#website"},"primaryImageOfPage":{"@id":"https:\/\/vosgesinfo.fr\/saintdieinfo\/2022\/01\/voyage-de-marco-laisse-place-aux-escales-symphoniques-2\/#primaryimage"},"image":{"@id":"https:\/\/vosgesinfo.fr\/saintdieinfo\/2022\/01\/voyage-de-marco-laisse-place-aux-escales-symphoniques-2\/#primaryimage"},"thumbnailUrl":"https:\/\/vosgesinfo.fr\/app\/uploads\/sites\/4\/2024\/08\/202201escales-symphoniques-o--01-2.jpg","datePublished":"2022-01-14T13:16:33+00:00","dateModified":"2022-01-14T13:16:33+00:00","breadcrumb":{"@id":"https:\/\/vosgesinfo.fr\/saintdieinfo\/2022\/01\/voyage-de-marco-laisse-place-aux-escales-symphoniques-2\/#breadcrumb"},"inLanguage":"fr-FR","potentialAction":[{"@type":"ReadAction","target":["https:\/\/vosgesinfo.fr\/saintdieinfo\/2022\/01\/voyage-de-marco-laisse-place-aux-escales-symphoniques-2\/"]}]},{"@type":"ImageObject","inLanguage":"fr-FR","@id":"https:\/\/vosgesinfo.fr\/saintdieinfo\/2022\/01\/voyage-de-marco-laisse-place-aux-escales-symphoniques-2\/#primaryimage","url":"https:\/\/vosgesinfo.fr\/app\/uploads\/sites\/4\/2024\/08\/202201escales-symphoniques-o--01-2.jpg","contentUrl":"https:\/\/vosgesinfo.fr\/app\/uploads\/sites\/4\/2024\/08\/202201escales-symphoniques-o--01-2.jpg","width":2000,"height":1499},{"@type":"BreadcrumbList","@id":"https:\/\/vosgesinfo.fr\/saintdieinfo\/2022\/01\/voyage-de-marco-laisse-place-aux-escales-symphoniques-2\/#breadcrumb","itemListElement":[{"@type":"ListItem","position":1,"name":"Home","item":"https:\/\/vosgesinfo.fr\/saintdieinfo\/"},{"@type":"ListItem","position":2,"name":"\u00ab\u00a0Le voyage de Marco\u00a0\u00bb laisse place aux \u00ab\u00a0Escales symphoniques\u00a0\u00bb"}]},{"@type":"WebSite","@id":"https:\/\/vosgesinfo.fr\/saintdieinfo\/#website","url":"https:\/\/vosgesinfo.fr\/saintdieinfo\/","name":"Saint Die Info","description":"Toute l&#039;actualit\u00e9 de Saint-Di\u00e9-Des-Vosges","publisher":{"@id":"https:\/\/vosgesinfo.fr\/saintdieinfo\/#organization"},"alternateName":"Toute l'actualit\u00e9 de Saint-Di\u00e9-Des-Vosges","potentialAction":[{"@type":"SearchAction","target":{"@type":"EntryPoint","urlTemplate":"https:\/\/vosgesinfo.fr\/saintdieinfo\/?s={search_term_string}"},"query-input":"required name=search_term_string"}],"inLanguage":"fr-FR"},{"@type":"Organization","@id":"https:\/\/vosgesinfo.fr\/saintdieinfo\/#organization","name":"Saint Die Info","url":"https:\/\/vosgesinfo.fr\/saintdieinfo\/","logo":{"@type":"ImageObject","inLanguage":"fr-FR","@id":"https:\/\/vosgesinfo.fr\/saintdieinfo\/#\/schema\/logo\/image\/","url":"https:\/\/vosgesinfo.fr\/app\/uploads\/sites\/4\/2024\/02\/logo-sdi.jpg","contentUrl":"https:\/\/vosgesinfo.fr\/app\/uploads\/sites\/4\/2024\/02\/logo-sdi.jpg","width":600,"height":600,"caption":"Saint Die Info"},"image":{"@id":"https:\/\/vosgesinfo.fr\/saintdieinfo\/#\/schema\/logo\/image\/"},"sameAs":["https:\/\/www.facebook.com\/Saintdieinfofr","https:\/\/x.com\/VosgesInfo88","https:\/\/www.youtube.com\/@vosgesinfo"]},{"@type":"Person","@id":"https:\/\/vosgesinfo.fr\/saintdieinfo\/#\/schema\/person\/faee6704a21f3977511db84bd1cd450f","name":"la r\u00e9daction","image":{"@type":"ImageObject","inLanguage":"fr-FR","@id":"https:\/\/vosgesinfo.fr\/saintdieinfo\/#\/schema\/person\/image\/","url":"https:\/\/secure.gravatar.com\/avatar\/6673d8bc6a9c17fa9a453eaa3448de834fa308c2ec9635b7aa99441a7c8d2cf6?s=96&d=mm&r=g","contentUrl":"https:\/\/secure.gravatar.com\/avatar\/6673d8bc6a9c17fa9a453eaa3448de834fa308c2ec9635b7aa99441a7c8d2cf6?s=96&d=mm&r=g","caption":"la r\u00e9daction"},"url":"https:\/\/vosgesinfo.fr\/saintdieinfo\/author\/redac\/"}]}},"_links":{"self":[{"href":"https:\/\/vosgesinfo.fr\/saintdieinfo\/wp-json\/wp\/v2\/posts\/49351","targetHints":{"allow":["GET"]}}],"collection":[{"href":"https:\/\/vosgesinfo.fr\/saintdieinfo\/wp-json\/wp\/v2\/posts"}],"about":[{"href":"https:\/\/vosgesinfo.fr\/saintdieinfo\/wp-json\/wp\/v2\/types\/post"}],"author":[{"embeddable":true,"href":"https:\/\/vosgesinfo.fr\/saintdieinfo\/wp-json\/wp\/v2\/users\/44"}],"replies":[{"embeddable":true,"href":"https:\/\/vosgesinfo.fr\/saintdieinfo\/wp-json\/wp\/v2\/comments?post=49351"}],"version-history":[{"count":0,"href":"https:\/\/vosgesinfo.fr\/saintdieinfo\/wp-json\/wp\/v2\/posts\/49351\/revisions"}],"wp:featuredmedia":[{"embeddable":true,"href":"https:\/\/vosgesinfo.fr\/saintdieinfo\/wp-json\/wp\/v2\/media\/49352"}],"wp:attachment":[{"href":"https:\/\/vosgesinfo.fr\/saintdieinfo\/wp-json\/wp\/v2\/media?parent=49351"}],"wp:term":[{"taxonomy":"category","embeddable":true,"href":"https:\/\/vosgesinfo.fr\/saintdieinfo\/wp-json\/wp\/v2\/categories?post=49351"},{"taxonomy":"post_tag","embeddable":true,"href":"https:\/\/vosgesinfo.fr\/saintdieinfo\/wp-json\/wp\/v2\/tags?post=49351"}],"curies":[{"name":"wp","href":"https:\/\/api.w.org\/{rel}","templated":true}]}}