{"id":49369,"date":"2022-01-15T05:30:01","date_gmt":"2022-01-15T04:30:01","guid":{"rendered":"https:\/\/vosgesinfo.fr\/saintdieinfo\/2022\/01\/diable-nexiste-cinema-excelsior-amnesty-saint-die-vosges-2\/"},"modified":"2022-01-15T05:30:01","modified_gmt":"2022-01-15T04:30:01","slug":"diable-nexiste-cinema-excelsior-amnesty-saint-die-vosges-2","status":"publish","type":"post","link":"https:\/\/vosgesinfo.fr\/saintdieinfo\/2022\/01\/diable-nexiste-cinema-excelsior-amnesty-saint-die-vosges-2\/","title":{"rendered":"\u00ab\u00a0Le diable n&rsquo;existe pas\u00a0\u00bb au cin\u00e9ma Excelsior avec Amnesty Saint-Di\u00e9-des-Vosges"},"content":{"rendered":"<p><a href=\"\/2022\/01\/Le-diable-nexiste-pas.png\" target=\"_blank\" rel=\"noopener\"><img decoding=\"async\" class=\"aligncenter wp-image-177423 size-large\" src=\"\/2022\/01\/Le-diable-nexiste-pas-768x1024.png\" alt=\"Le-diable-n'existe-pas\" width=\"768\" height=\"1024\" \/><\/a><\/p>\n<h2><strong><span style=\"font-size: 14pt;\">Gr\u00e2ce \u00e0 un partenariat avec l&rsquo;association Art et Essai, le groupe 179 d&rsquo;Amnesty International de Saint-Di\u00e9-des-Vosges vous invite \u00e0 la projection du film \u00ab\u00a0Le diable n&rsquo;existe pas \u00ab\u00a0, avec une s\u00e9ance sp\u00e9ciale ce mardi 18 janvier \u00e0 18h au cin\u00e9ma Excelsior de l&rsquo;Espace Sadoul&#8230; Puis lors des s\u00e9ances de rattrapage\u2026 Vendredi 21 \u00e0 20h \u2013 Samedi 22 \u00e0 17h \u2013 Mercredi 26 \u00e0 20h \u2013 Vendredi 28 \u00e0 17h et lundi 31 \u00e0 20h<\/span><\/strong><\/h2>\n<p><!--more--><\/p>\n<p>En savoir plus : <strong><a href=\"https:\/\/www.excelsior88.org\/\" target=\"_blank\" rel=\"noopener\">site du cin\u00e9ma Excelsior.<\/a><\/strong><\/p>\n<p><em>\u00ab\u00a0Iran, de nos jours. Heshmat est un mari et un p\u00e8re exemplaire mais nul ne sait o\u00f9 il va tous les matins. Pouya, jeune conscrit, ne peut se r\u00e9soudre \u00e0 tuer un homme comme on lui ordonne de le faire. Javad, venu demander sa bien-aim\u00e9e en mariage, est soudain prisonnier d\u2019un dilemme corn\u00e9lien.\u00a0Bharam, m\u00e9decin interdit d\u2019exercer, a\u00a0enfin d\u00e9cid\u00e9 de r\u00e9v\u00e9ler\u00a0\u00e0 sa ni\u00e8ce le secret de toute une vie. Ces quatre r\u00e9cits sont inexorablement li\u00e9s. Dans un r\u00e9gime despotique o\u00f9 la peine de mort existe encore, des hommes et des femmes se battent pour affirmer leur libert\u00e9.\u00a0\u00bb<\/em><\/p>\n<p>Ours d\u2019or, au Festival de Berlin 2020.<\/p>\n<p><iframe loading=\"lazy\" src=\"\/\/www.youtube.com\/embed\/UuidzIYF9VE\" width=\"425\" height=\"350\" allowfullscreen=\"allowfullscreen\"><\/iframe><\/p>\n<h3>&#8211;<\/h3>\n<p><a href=\"\/2022\/01\/Hossein-Shahbazi.png\" target=\"_blank\" rel=\"noopener\"><img decoding=\"async\" class=\"aligncenter wp-image-177424 size-medium\" src=\"\/2022\/01\/Hossein-Shahbazi-283x255.png\" alt=\"Hossein Shahbazi\" width=\"283\" height=\"255\" \/><\/a><\/p>\n<h3><span style=\"font-size: 12pt;\">Action urgente en Iran : sauvez la vie d&rsquo;Hossein Shahbazi, un jeune Iranien condamn\u00e9 \u00e0 mort.<\/span><\/h3>\n<div class=\"src-client-components-Article-__Article___Chapo\">\n<section class=\"src-client-components-HTMLSerializer-__HTMLSerializer___HTMLSerializer\">\n<p class=\"\">URGENT ! En Iran, Hossein Shahbazi a \u00e9t\u00e9 arr\u00eat\u00e9 et condamn\u00e9 pour un crime qu\u2019il aurait commis \u00e0 seulement 17 ans. Aujourd\u2019hui, apr\u00e8s trois ans dans le couloir de la mort, son ex\u00e9cution est imminente.<\/p>\n<\/section>\n<\/div>\n<div class=\"\">Avec 246 ex\u00e9cutions en 2020, l\u2019Iran est le deuxi\u00e8me plus grand bourreau au monde. L\u2019\u00e2ge des condamn\u00e9s ne semblent pas d\u00e9ranger les autorit\u00e9s, puisque de nombreux mineurs se trouvent dans les couloirs de la mort. C\u2019est le cas d\u2019Hossein Shahbazi. La condamnation \u00e0 mort d\u2019un mineur est une infraction odieuse aux droits de l\u2019enfant. Elle est \u00e9galement INTERDITE par le droit international.<\/div>\n<div class=\"\">\u00c0 plusieurs reprises, les autorit\u00e9s iraniennes ont programm\u00e9 l&rsquo;ex\u00e9cution d&rsquo;Hossein. Gr\u00e2ce \u00e0 la pression internationale, l&rsquo;ex\u00e9cution a \u00e9t\u00e9 suspendue. En novembre 2021, gros coup dur, nous avons appris la mise \u00e0 mort d&rsquo;Arman Abdolali, un autre jeune iranien ex\u00e9cut\u00e9 \u00e0 seulement 25 ans, nous ne voulons pas que l&rsquo;histoire se r\u00e9p\u00e8te pour Hossein ! <strong>Avec Amnesty, exigez l\u2019annulation PURE et SIMPLE de sa condamnation \u00e0 mort.<\/strong><\/div>\n<div class=\"\"><\/div>\n<div class=\"\">Plus de renseignements sur <strong><a href=\"https:\/\/amnestysaintdie.blogspot.com\/2022\/01\/au-cinema-avec-amnesty-saint-die-des.html\" target=\"_blank\" rel=\"noopener\">le site internet du groupe 179 d&rsquo;Amnesty International.<\/a><\/strong><\/div>\n","protected":false},"excerpt":{"rendered":"<p>Gr\u00e2ce \u00e0 un partenariat avec l&rsquo;association Art et Essai, le groupe 179 d&rsquo;Amnesty International de Saint-Di\u00e9-des-Vosges vous invite \u00e0 la [&hellip;]<\/p>\n","protected":false},"author":44,"featured_media":49370,"comment_status":"open","ping_status":"open","sticky":false,"template":"","format":"standard","meta":{"footnotes":""},"categories":[3900,2915,17],"tags":[2946,3964,9974],"class_list":["post-49369","post","type-post","status-publish","format-standard","has-post-thumbnail","hentry","category-breves","category-saint-die-son-canton","category-vie-associative","tag-cinema-excelsior","tag-groupe-179-damnesty-international-de-saint-die-des-vosges","tag-le-diable-nexiste-pas"],"acf":[],"yoast_head":"<!-- This site is optimized with the Yoast SEO plugin v22.5 - https:\/\/yoast.com\/wordpress\/plugins\/seo\/ -->\n<title>&quot;Le diable n&#039;existe pas&quot; au cin\u00e9ma Excelsior avec Amnesty Saint-Di\u00e9-des-Vosges - Saint Die Info<\/title>\n<meta name=\"robots\" content=\"index, follow, max-snippet:-1, max-image-preview:large, max-video-preview:-1\" \/>\n<link rel=\"canonical\" href=\"https:\/\/vosgesinfo.fr\/saintdieinfo\/2022\/01\/diable-nexiste-cinema-excelsior-amnesty-saint-die-vosges-2\/\" \/>\n<meta name=\"twitter:card\" content=\"summary_large_image\" \/>\n<meta name=\"twitter:title\" content=\"&quot;Le diable n&#039;existe pas&quot; au cin\u00e9ma Excelsior avec Amnesty Saint-Di\u00e9-des-Vosges - Saint Die Info\" \/>\n<meta name=\"twitter:description\" content=\"Gr\u00e2ce \u00e0 un partenariat avec l&rsquo;association Art et Essai, le groupe 179 d&rsquo;Amnesty International de Saint-Di\u00e9-des-Vosges vous invite \u00e0 la [&hellip;]\" \/>\n<meta name=\"twitter:image\" content=\"https:\/\/vosgesinfo.fr\/app\/uploads\/sites\/4\/2024\/08\/202201le-diable-nexiste-pas-1.png\" \/>\n<meta name=\"twitter:creator\" content=\"@VosgesInfo88\" \/>\n<meta name=\"twitter:site\" content=\"@VosgesInfo88\" \/>\n<meta name=\"twitter:label1\" content=\"\u00c9crit par\" \/>\n\t<meta name=\"twitter:data1\" content=\"la r\u00e9daction\" \/>\n\t<meta name=\"twitter:label2\" content=\"Dur\u00e9e de lecture estim\u00e9e\" \/>\n\t<meta name=\"twitter:data2\" content=\"2 minutes\" \/>\n<script type=\"application\/ld+json\" class=\"yoast-schema-graph\">{\"@context\":\"https:\/\/schema.org\",\"@graph\":[{\"@type\":\"Article\",\"@id\":\"https:\/\/vosgesinfo.fr\/saintdieinfo\/2022\/01\/diable-nexiste-cinema-excelsior-amnesty-saint-die-vosges-2\/#article\",\"isPartOf\":{\"@id\":\"https:\/\/vosgesinfo.fr\/saintdieinfo\/2022\/01\/diable-nexiste-cinema-excelsior-amnesty-saint-die-vosges-2\/\"},\"author\":{\"name\":\"la r\u00e9daction\",\"@id\":\"https:\/\/vosgesinfo.fr\/saintdieinfo\/#\/schema\/person\/faee6704a21f3977511db84bd1cd450f\"},\"headline\":\"\u00ab\u00a0Le diable n&rsquo;existe pas\u00a0\u00bb au cin\u00e9ma Excelsior avec Amnesty Saint-Di\u00e9-des-Vosges\",\"datePublished\":\"2022-01-15T04:30:01+00:00\",\"dateModified\":\"2022-01-15T04:30:01+00:00\",\"mainEntityOfPage\":{\"@id\":\"https:\/\/vosgesinfo.fr\/saintdieinfo\/2022\/01\/diable-nexiste-cinema-excelsior-amnesty-saint-die-vosges-2\/\"},\"wordCount\":410,\"commentCount\":0,\"publisher\":{\"@id\":\"https:\/\/vosgesinfo.fr\/saintdieinfo\/#organization\"},\"image\":{\"@id\":\"https:\/\/vosgesinfo.fr\/saintdieinfo\/2022\/01\/diable-nexiste-cinema-excelsior-amnesty-saint-die-vosges-2\/#primaryimage\"},\"thumbnailUrl\":\"https:\/\/vosgesinfo.fr\/app\/uploads\/sites\/4\/2024\/08\/202201le-diable-nexiste-pas-1.png\",\"keywords\":[\"Cin\u00e9ma Excelsior\",\"Groupe 179 d'Amnesty International de Saint-Di\u00e9-des-Vosges\",\"Le diable n'existe pas\"],\"articleSection\":[\"Br\u00e8ves\",\"Saint-Di\u00e9-des-Vosges et son Agglom\u00e9ration\",\"Vie Associative\"],\"inLanguage\":\"fr-FR\",\"potentialAction\":[{\"@type\":\"CommentAction\",\"name\":\"Comment\",\"target\":[\"https:\/\/vosgesinfo.fr\/saintdieinfo\/2022\/01\/diable-nexiste-cinema-excelsior-amnesty-saint-die-vosges-2\/#respond\"]}]},{\"@type\":\"WebPage\",\"@id\":\"https:\/\/vosgesinfo.fr\/saintdieinfo\/2022\/01\/diable-nexiste-cinema-excelsior-amnesty-saint-die-vosges-2\/\",\"url\":\"https:\/\/vosgesinfo.fr\/saintdieinfo\/2022\/01\/diable-nexiste-cinema-excelsior-amnesty-saint-die-vosges-2\/\",\"name\":\"\\\"Le diable n'existe pas\\\" au cin\u00e9ma Excelsior avec Amnesty Saint-Di\u00e9-des-Vosges - Saint Die Info\",\"isPartOf\":{\"@id\":\"https:\/\/vosgesinfo.fr\/saintdieinfo\/#website\"},\"primaryImageOfPage\":{\"@id\":\"https:\/\/vosgesinfo.fr\/saintdieinfo\/2022\/01\/diable-nexiste-cinema-excelsior-amnesty-saint-die-vosges-2\/#primaryimage\"},\"image\":{\"@id\":\"https:\/\/vosgesinfo.fr\/saintdieinfo\/2022\/01\/diable-nexiste-cinema-excelsior-amnesty-saint-die-vosges-2\/#primaryimage\"},\"thumbnailUrl\":\"https:\/\/vosgesinfo.fr\/app\/uploads\/sites\/4\/2024\/08\/202201le-diable-nexiste-pas-1.png\",\"datePublished\":\"2022-01-15T04:30:01+00:00\",\"dateModified\":\"2022-01-15T04:30:01+00:00\",\"breadcrumb\":{\"@id\":\"https:\/\/vosgesinfo.fr\/saintdieinfo\/2022\/01\/diable-nexiste-cinema-excelsior-amnesty-saint-die-vosges-2\/#breadcrumb\"},\"inLanguage\":\"fr-FR\",\"potentialAction\":[{\"@type\":\"ReadAction\",\"target\":[\"https:\/\/vosgesinfo.fr\/saintdieinfo\/2022\/01\/diable-nexiste-cinema-excelsior-amnesty-saint-die-vosges-2\/\"]}]},{\"@type\":\"ImageObject\",\"inLanguage\":\"fr-FR\",\"@id\":\"https:\/\/vosgesinfo.fr\/saintdieinfo\/2022\/01\/diable-nexiste-cinema-excelsior-amnesty-saint-die-vosges-2\/#primaryimage\",\"url\":\"https:\/\/vosgesinfo.fr\/app\/uploads\/sites\/4\/2024\/08\/202201le-diable-nexiste-pas-1.png\",\"contentUrl\":\"https:\/\/vosgesinfo.fr\/app\/uploads\/sites\/4\/2024\/08\/202201le-diable-nexiste-pas-1.png\",\"width\":1090,\"height\":1454},{\"@type\":\"BreadcrumbList\",\"@id\":\"https:\/\/vosgesinfo.fr\/saintdieinfo\/2022\/01\/diable-nexiste-cinema-excelsior-amnesty-saint-die-vosges-2\/#breadcrumb\",\"itemListElement\":[{\"@type\":\"ListItem\",\"position\":1,\"name\":\"Home\",\"item\":\"https:\/\/vosgesinfo.fr\/saintdieinfo\/\"},{\"@type\":\"ListItem\",\"position\":2,\"name\":\"\u00ab\u00a0Le diable n&rsquo;existe pas\u00a0\u00bb au cin\u00e9ma Excelsior avec Amnesty Saint-Di\u00e9-des-Vosges\"}]},{\"@type\":\"WebSite\",\"@id\":\"https:\/\/vosgesinfo.fr\/saintdieinfo\/#website\",\"url\":\"https:\/\/vosgesinfo.fr\/saintdieinfo\/\",\"name\":\"Saint Die Info\",\"description\":\"Toute l&#039;actualit\u00e9 de Saint-Di\u00e9-Des-Vosges\",\"publisher\":{\"@id\":\"https:\/\/vosgesinfo.fr\/saintdieinfo\/#organization\"},\"alternateName\":\"Toute l'actualit\u00e9 de Saint-Di\u00e9-Des-Vosges\",\"potentialAction\":[{\"@type\":\"SearchAction\",\"target\":{\"@type\":\"EntryPoint\",\"urlTemplate\":\"https:\/\/vosgesinfo.fr\/saintdieinfo\/?s={search_term_string}\"},\"query-input\":\"required name=search_term_string\"}],\"inLanguage\":\"fr-FR\"},{\"@type\":\"Organization\",\"@id\":\"https:\/\/vosgesinfo.fr\/saintdieinfo\/#organization\",\"name\":\"Saint Die Info\",\"url\":\"https:\/\/vosgesinfo.fr\/saintdieinfo\/\",\"logo\":{\"@type\":\"ImageObject\",\"inLanguage\":\"fr-FR\",\"@id\":\"https:\/\/vosgesinfo.fr\/saintdieinfo\/#\/schema\/logo\/image\/\",\"url\":\"https:\/\/vosgesinfo.fr\/app\/uploads\/sites\/4\/2024\/02\/logo-sdi.jpg\",\"contentUrl\":\"https:\/\/vosgesinfo.fr\/app\/uploads\/sites\/4\/2024\/02\/logo-sdi.jpg\",\"width\":600,\"height\":600,\"caption\":\"Saint Die Info\"},\"image\":{\"@id\":\"https:\/\/vosgesinfo.fr\/saintdieinfo\/#\/schema\/logo\/image\/\"},\"sameAs\":[\"https:\/\/www.facebook.com\/Saintdieinfofr\",\"https:\/\/x.com\/VosgesInfo88\",\"https:\/\/www.youtube.com\/@vosgesinfo\"]},{\"@type\":\"Person\",\"@id\":\"https:\/\/vosgesinfo.fr\/saintdieinfo\/#\/schema\/person\/faee6704a21f3977511db84bd1cd450f\",\"name\":\"la r\u00e9daction\",\"image\":{\"@type\":\"ImageObject\",\"inLanguage\":\"fr-FR\",\"@id\":\"https:\/\/vosgesinfo.fr\/saintdieinfo\/#\/schema\/person\/image\/\",\"url\":\"https:\/\/secure.gravatar.com\/avatar\/6673d8bc6a9c17fa9a453eaa3448de834fa308c2ec9635b7aa99441a7c8d2cf6?s=96&d=mm&r=g\",\"contentUrl\":\"https:\/\/secure.gravatar.com\/avatar\/6673d8bc6a9c17fa9a453eaa3448de834fa308c2ec9635b7aa99441a7c8d2cf6?s=96&d=mm&r=g\",\"caption\":\"la r\u00e9daction\"},\"url\":\"https:\/\/vosgesinfo.fr\/saintdieinfo\/author\/redac\/\"}]}<\/script>\n<!-- \/ Yoast SEO plugin. -->","yoast_head_json":{"title":"\"Le diable n'existe pas\" au cin\u00e9ma Excelsior avec Amnesty Saint-Di\u00e9-des-Vosges - Saint Die Info","robots":{"index":"index","follow":"follow","max-snippet":"max-snippet:-1","max-image-preview":"max-image-preview:large","max-video-preview":"max-video-preview:-1"},"canonical":"https:\/\/vosgesinfo.fr\/saintdieinfo\/2022\/01\/diable-nexiste-cinema-excelsior-amnesty-saint-die-vosges-2\/","twitter_card":"summary_large_image","twitter_title":"\"Le diable n'existe pas\" au cin\u00e9ma Excelsior avec Amnesty Saint-Di\u00e9-des-Vosges - Saint Die Info","twitter_description":"Gr\u00e2ce \u00e0 un partenariat avec l&rsquo;association Art et Essai, le groupe 179 d&rsquo;Amnesty International de Saint-Di\u00e9-des-Vosges vous invite \u00e0 la [&hellip;]","twitter_image":"https:\/\/vosgesinfo.fr\/app\/uploads\/sites\/4\/2024\/08\/202201le-diable-nexiste-pas-1.png","twitter_creator":"@VosgesInfo88","twitter_site":"@VosgesInfo88","twitter_misc":{"\u00c9crit par":"la r\u00e9daction","Dur\u00e9e de lecture estim\u00e9e":"2 minutes"},"schema":{"@context":"https:\/\/schema.org","@graph":[{"@type":"Article","@id":"https:\/\/vosgesinfo.fr\/saintdieinfo\/2022\/01\/diable-nexiste-cinema-excelsior-amnesty-saint-die-vosges-2\/#article","isPartOf":{"@id":"https:\/\/vosgesinfo.fr\/saintdieinfo\/2022\/01\/diable-nexiste-cinema-excelsior-amnesty-saint-die-vosges-2\/"},"author":{"name":"la r\u00e9daction","@id":"https:\/\/vosgesinfo.fr\/saintdieinfo\/#\/schema\/person\/faee6704a21f3977511db84bd1cd450f"},"headline":"\u00ab\u00a0Le diable n&rsquo;existe pas\u00a0\u00bb au cin\u00e9ma Excelsior avec Amnesty Saint-Di\u00e9-des-Vosges","datePublished":"2022-01-15T04:30:01+00:00","dateModified":"2022-01-15T04:30:01+00:00","mainEntityOfPage":{"@id":"https:\/\/vosgesinfo.fr\/saintdieinfo\/2022\/01\/diable-nexiste-cinema-excelsior-amnesty-saint-die-vosges-2\/"},"wordCount":410,"commentCount":0,"publisher":{"@id":"https:\/\/vosgesinfo.fr\/saintdieinfo\/#organization"},"image":{"@id":"https:\/\/vosgesinfo.fr\/saintdieinfo\/2022\/01\/diable-nexiste-cinema-excelsior-amnesty-saint-die-vosges-2\/#primaryimage"},"thumbnailUrl":"https:\/\/vosgesinfo.fr\/app\/uploads\/sites\/4\/2024\/08\/202201le-diable-nexiste-pas-1.png","keywords":["Cin\u00e9ma Excelsior","Groupe 179 d'Amnesty International de Saint-Di\u00e9-des-Vosges","Le diable n'existe pas"],"articleSection":["Br\u00e8ves","Saint-Di\u00e9-des-Vosges et son Agglom\u00e9ration","Vie Associative"],"inLanguage":"fr-FR","potentialAction":[{"@type":"CommentAction","name":"Comment","target":["https:\/\/vosgesinfo.fr\/saintdieinfo\/2022\/01\/diable-nexiste-cinema-excelsior-amnesty-saint-die-vosges-2\/#respond"]}]},{"@type":"WebPage","@id":"https:\/\/vosgesinfo.fr\/saintdieinfo\/2022\/01\/diable-nexiste-cinema-excelsior-amnesty-saint-die-vosges-2\/","url":"https:\/\/vosgesinfo.fr\/saintdieinfo\/2022\/01\/diable-nexiste-cinema-excelsior-amnesty-saint-die-vosges-2\/","name":"\"Le diable n'existe pas\" au cin\u00e9ma Excelsior avec Amnesty Saint-Di\u00e9-des-Vosges - Saint Die Info","isPartOf":{"@id":"https:\/\/vosgesinfo.fr\/saintdieinfo\/#website"},"primaryImageOfPage":{"@id":"https:\/\/vosgesinfo.fr\/saintdieinfo\/2022\/01\/diable-nexiste-cinema-excelsior-amnesty-saint-die-vosges-2\/#primaryimage"},"image":{"@id":"https:\/\/vosgesinfo.fr\/saintdieinfo\/2022\/01\/diable-nexiste-cinema-excelsior-amnesty-saint-die-vosges-2\/#primaryimage"},"thumbnailUrl":"https:\/\/vosgesinfo.fr\/app\/uploads\/sites\/4\/2024\/08\/202201le-diable-nexiste-pas-1.png","datePublished":"2022-01-15T04:30:01+00:00","dateModified":"2022-01-15T04:30:01+00:00","breadcrumb":{"@id":"https:\/\/vosgesinfo.fr\/saintdieinfo\/2022\/01\/diable-nexiste-cinema-excelsior-amnesty-saint-die-vosges-2\/#breadcrumb"},"inLanguage":"fr-FR","potentialAction":[{"@type":"ReadAction","target":["https:\/\/vosgesinfo.fr\/saintdieinfo\/2022\/01\/diable-nexiste-cinema-excelsior-amnesty-saint-die-vosges-2\/"]}]},{"@type":"ImageObject","inLanguage":"fr-FR","@id":"https:\/\/vosgesinfo.fr\/saintdieinfo\/2022\/01\/diable-nexiste-cinema-excelsior-amnesty-saint-die-vosges-2\/#primaryimage","url":"https:\/\/vosgesinfo.fr\/app\/uploads\/sites\/4\/2024\/08\/202201le-diable-nexiste-pas-1.png","contentUrl":"https:\/\/vosgesinfo.fr\/app\/uploads\/sites\/4\/2024\/08\/202201le-diable-nexiste-pas-1.png","width":1090,"height":1454},{"@type":"BreadcrumbList","@id":"https:\/\/vosgesinfo.fr\/saintdieinfo\/2022\/01\/diable-nexiste-cinema-excelsior-amnesty-saint-die-vosges-2\/#breadcrumb","itemListElement":[{"@type":"ListItem","position":1,"name":"Home","item":"https:\/\/vosgesinfo.fr\/saintdieinfo\/"},{"@type":"ListItem","position":2,"name":"\u00ab\u00a0Le diable n&rsquo;existe pas\u00a0\u00bb au cin\u00e9ma Excelsior avec Amnesty Saint-Di\u00e9-des-Vosges"}]},{"@type":"WebSite","@id":"https:\/\/vosgesinfo.fr\/saintdieinfo\/#website","url":"https:\/\/vosgesinfo.fr\/saintdieinfo\/","name":"Saint Die Info","description":"Toute l&#039;actualit\u00e9 de Saint-Di\u00e9-Des-Vosges","publisher":{"@id":"https:\/\/vosgesinfo.fr\/saintdieinfo\/#organization"},"alternateName":"Toute l'actualit\u00e9 de Saint-Di\u00e9-Des-Vosges","potentialAction":[{"@type":"SearchAction","target":{"@type":"EntryPoint","urlTemplate":"https:\/\/vosgesinfo.fr\/saintdieinfo\/?s={search_term_string}"},"query-input":"required name=search_term_string"}],"inLanguage":"fr-FR"},{"@type":"Organization","@id":"https:\/\/vosgesinfo.fr\/saintdieinfo\/#organization","name":"Saint Die Info","url":"https:\/\/vosgesinfo.fr\/saintdieinfo\/","logo":{"@type":"ImageObject","inLanguage":"fr-FR","@id":"https:\/\/vosgesinfo.fr\/saintdieinfo\/#\/schema\/logo\/image\/","url":"https:\/\/vosgesinfo.fr\/app\/uploads\/sites\/4\/2024\/02\/logo-sdi.jpg","contentUrl":"https:\/\/vosgesinfo.fr\/app\/uploads\/sites\/4\/2024\/02\/logo-sdi.jpg","width":600,"height":600,"caption":"Saint Die Info"},"image":{"@id":"https:\/\/vosgesinfo.fr\/saintdieinfo\/#\/schema\/logo\/image\/"},"sameAs":["https:\/\/www.facebook.com\/Saintdieinfofr","https:\/\/x.com\/VosgesInfo88","https:\/\/www.youtube.com\/@vosgesinfo"]},{"@type":"Person","@id":"https:\/\/vosgesinfo.fr\/saintdieinfo\/#\/schema\/person\/faee6704a21f3977511db84bd1cd450f","name":"la r\u00e9daction","image":{"@type":"ImageObject","inLanguage":"fr-FR","@id":"https:\/\/vosgesinfo.fr\/saintdieinfo\/#\/schema\/person\/image\/","url":"https:\/\/secure.gravatar.com\/avatar\/6673d8bc6a9c17fa9a453eaa3448de834fa308c2ec9635b7aa99441a7c8d2cf6?s=96&d=mm&r=g","contentUrl":"https:\/\/secure.gravatar.com\/avatar\/6673d8bc6a9c17fa9a453eaa3448de834fa308c2ec9635b7aa99441a7c8d2cf6?s=96&d=mm&r=g","caption":"la r\u00e9daction"},"url":"https:\/\/vosgesinfo.fr\/saintdieinfo\/author\/redac\/"}]}},"_links":{"self":[{"href":"https:\/\/vosgesinfo.fr\/saintdieinfo\/wp-json\/wp\/v2\/posts\/49369","targetHints":{"allow":["GET"]}}],"collection":[{"href":"https:\/\/vosgesinfo.fr\/saintdieinfo\/wp-json\/wp\/v2\/posts"}],"about":[{"href":"https:\/\/vosgesinfo.fr\/saintdieinfo\/wp-json\/wp\/v2\/types\/post"}],"author":[{"embeddable":true,"href":"https:\/\/vosgesinfo.fr\/saintdieinfo\/wp-json\/wp\/v2\/users\/44"}],"replies":[{"embeddable":true,"href":"https:\/\/vosgesinfo.fr\/saintdieinfo\/wp-json\/wp\/v2\/comments?post=49369"}],"version-history":[{"count":0,"href":"https:\/\/vosgesinfo.fr\/saintdieinfo\/wp-json\/wp\/v2\/posts\/49369\/revisions"}],"wp:featuredmedia":[{"embeddable":true,"href":"https:\/\/vosgesinfo.fr\/saintdieinfo\/wp-json\/wp\/v2\/media\/49370"}],"wp:attachment":[{"href":"https:\/\/vosgesinfo.fr\/saintdieinfo\/wp-json\/wp\/v2\/media?parent=49369"}],"wp:term":[{"taxonomy":"category","embeddable":true,"href":"https:\/\/vosgesinfo.fr\/saintdieinfo\/wp-json\/wp\/v2\/categories?post=49369"},{"taxonomy":"post_tag","embeddable":true,"href":"https:\/\/vosgesinfo.fr\/saintdieinfo\/wp-json\/wp\/v2\/tags?post=49369"}],"curies":[{"name":"wp","href":"https:\/\/api.w.org\/{rel}","templated":true}]}}