{"id":49473,"date":"2022-01-19T05:00:59","date_gmt":"2022-01-19T04:00:59","guid":{"rendered":"https:\/\/vosgesinfo.fr\/saintdieinfo\/2022\/01\/vosges-faut-sauver-mulette-perliere-moule-deau-douce-2\/"},"modified":"2022-01-19T05:00:59","modified_gmt":"2022-01-19T04:00:59","slug":"vosges-faut-sauver-mulette-perliere-moule-deau-douce-2","status":"publish","type":"post","link":"https:\/\/vosgesinfo.fr\/saintdieinfo\/2022\/01\/vosges-faut-sauver-mulette-perliere-moule-deau-douce-2\/","title":{"rendered":"Vosges \u2013 Il faut sauver la mulette perli\u00e8re, une moule d\u2019eau douce"},"content":{"rendered":"<div id=\"attachment_177604\" style=\"width: 543px\" class=\"wp-caption aligncenter\"><a href=\"\/2022\/01\/271987056_240906658188414_3339287053838720834_n.jpg\" target=\"_blank\" rel=\"noopener\"><img decoding=\"async\" aria-describedby=\"caption-attachment-177604\" class=\"wp-image-177604 size-full\" src=\"\/2022\/01\/271987056_240906658188414_3339287053838720834_n.jpg\" alt=\"271987056_240906658188414_3339287053838720834_n\" width=\"533\" height=\"800\" \/><\/a><p id=\"caption-attachment-177604\" class=\"wp-caption-text\">(Photographie Pr\u00e9fecture des Vosges)<\/p><\/div>\n<h2><strong><span style=\"font-size: 14pt;\">La secr\u00e9taire d\u2019\u00c9tat \u00e0 la biodiversit\u00e9, B\u00e9rang\u00e8re Abba \u00e9tait ce lundi dans les Vosges. Apr\u00e8s son passage\u00a0 \u00e0 l\u2019entreprise Norske Skog Golbey, elle \u00e9tait \u00e0 La Chapelle-devant-Bruy\u00e8res\u00a0pour d\u00e9couvrir une moule d\u2019eau douce, la mulette perli\u00e8re.<\/span><\/strong><\/h2>\n<p><!--more--><\/p>\n<p>Dans le bassin de la Vologne, il ne reste que tr\u00e8s peu de moules d\u2019eau douce. La mulette perli\u00e8re est en voie de disparition et fait d\u2019ailleurs\u00a0l\u2019objet d\u2019un plan de conservation pr\u00e9sent\u00e9 \u00e0 la secr\u00e9taire d\u2019\u00c9tat \u00e0 la biodiversit\u00e9, B\u00e9rang\u00e8re Abba lors de son passage ce lundi dans les Vosges.<\/p>\n<p>La suite de l&rsquo;article : <a href=\"https:\/\/epinalinfos.fr\/2022\/01\/vosges-faut-sauver-mulette-perliere-moule-deau-douce\/\" target=\"_blank\" rel=\"noopener\">https:\/\/epinalinfos.fr\/2022\/01\/vosges-faut-sauver-mulette-perliere-moule-deau-douce\/<\/a><\/p>\n","protected":false},"excerpt":{"rendered":"<p>La secr\u00e9taire d\u2019\u00c9tat \u00e0 la biodiversit\u00e9, B\u00e9rang\u00e8re Abba \u00e9tait ce lundi dans les Vosges. Apr\u00e8s son passage\u00a0 \u00e0 l\u2019entreprise Norske [&hellip;]<\/p>\n","protected":false},"author":44,"featured_media":49474,"comment_status":"open","ping_status":"open","sticky":false,"template":"","format":"standard","meta":{"footnotes":""},"categories":[460,18],"tags":[8579,9662,10013,10014,9970],"class_list":["post-49473","post","type-post","status-publish","format-standard","has-post-thumbnail","hentry","category-a-la-une","category-vosges","tag-berangere-abba","tag-la-chapelle-devant-bruyeres","tag-moule-deau-douce","tag-mulette-perliere","tag-secretaire-detat-a-la-biodiversite"],"acf":[],"yoast_head":"<!-- This site is optimized with the Yoast SEO plugin v22.5 - https:\/\/yoast.com\/wordpress\/plugins\/seo\/ -->\n<title>Vosges \u2013 Il faut sauver la mulette perli\u00e8re, une moule d\u2019eau douce - Saint Die Info<\/title>\n<meta name=\"robots\" content=\"index, follow, max-snippet:-1, max-image-preview:large, max-video-preview:-1\" \/>\n<link rel=\"canonical\" href=\"https:\/\/vosgesinfo.fr\/saintdieinfo\/2022\/01\/vosges-faut-sauver-mulette-perliere-moule-deau-douce-2\/\" \/>\n<meta name=\"twitter:card\" content=\"summary_large_image\" \/>\n<meta name=\"twitter:title\" content=\"Vosges \u2013 Il faut sauver la mulette perli\u00e8re, une moule d\u2019eau douce - Saint Die Info\" \/>\n<meta name=\"twitter:description\" content=\"La secr\u00e9taire d\u2019\u00c9tat \u00e0 la biodiversit\u00e9, B\u00e9rang\u00e8re Abba \u00e9tait ce lundi dans les Vosges. Apr\u00e8s son passage\u00a0 \u00e0 l\u2019entreprise Norske [&hellip;]\" \/>\n<meta name=\"twitter:image\" content=\"https:\/\/vosgesinfo.fr\/app\/uploads\/sites\/4\/2024\/08\/202201271987056-240906658188414-3339287053838720834-n-1.jpg\" \/>\n<meta name=\"twitter:creator\" content=\"@VosgesInfo88\" \/>\n<meta name=\"twitter:site\" content=\"@VosgesInfo88\" \/>\n<meta name=\"twitter:label1\" content=\"\u00c9crit par\" \/>\n\t<meta name=\"twitter:data1\" content=\"la r\u00e9daction\" \/>\n\t<meta name=\"twitter:label2\" content=\"Dur\u00e9e de lecture estim\u00e9e\" \/>\n\t<meta name=\"twitter:data2\" content=\"1 minute\" \/>\n<script type=\"application\/ld+json\" class=\"yoast-schema-graph\">{\"@context\":\"https:\/\/schema.org\",\"@graph\":[{\"@type\":\"Article\",\"@id\":\"https:\/\/vosgesinfo.fr\/saintdieinfo\/2022\/01\/vosges-faut-sauver-mulette-perliere-moule-deau-douce-2\/#article\",\"isPartOf\":{\"@id\":\"https:\/\/vosgesinfo.fr\/saintdieinfo\/2022\/01\/vosges-faut-sauver-mulette-perliere-moule-deau-douce-2\/\"},\"author\":{\"name\":\"la r\u00e9daction\",\"@id\":\"https:\/\/vosgesinfo.fr\/saintdieinfo\/#\/schema\/person\/faee6704a21f3977511db84bd1cd450f\"},\"headline\":\"Vosges \u2013 Il faut sauver la mulette perli\u00e8re, une moule d\u2019eau douce\",\"datePublished\":\"2022-01-19T04:00:59+00:00\",\"dateModified\":\"2022-01-19T04:00:59+00:00\",\"mainEntityOfPage\":{\"@id\":\"https:\/\/vosgesinfo.fr\/saintdieinfo\/2022\/01\/vosges-faut-sauver-mulette-perliere-moule-deau-douce-2\/\"},\"wordCount\":137,\"commentCount\":0,\"publisher\":{\"@id\":\"https:\/\/vosgesinfo.fr\/saintdieinfo\/#organization\"},\"image\":{\"@id\":\"https:\/\/vosgesinfo.fr\/saintdieinfo\/2022\/01\/vosges-faut-sauver-mulette-perliere-moule-deau-douce-2\/#primaryimage\"},\"thumbnailUrl\":\"https:\/\/vosgesinfo.fr\/app\/uploads\/sites\/4\/2024\/08\/202201271987056-240906658188414-3339287053838720834-n-1.jpg\",\"keywords\":[\"B\u00e9rang\u00e8re Abba\",\"La Chapelle-devant-Bruy\u00e8res\",\"Moule d'eau douce\",\"Mulette perli\u00e8re\",\"Secr\u00e9taire d'Etat \u00e0 la Biodiversit\u00e9\"],\"articleSection\":[\"A la Une\",\"Vosges\"],\"inLanguage\":\"fr-FR\",\"potentialAction\":[{\"@type\":\"CommentAction\",\"name\":\"Comment\",\"target\":[\"https:\/\/vosgesinfo.fr\/saintdieinfo\/2022\/01\/vosges-faut-sauver-mulette-perliere-moule-deau-douce-2\/#respond\"]}]},{\"@type\":\"WebPage\",\"@id\":\"https:\/\/vosgesinfo.fr\/saintdieinfo\/2022\/01\/vosges-faut-sauver-mulette-perliere-moule-deau-douce-2\/\",\"url\":\"https:\/\/vosgesinfo.fr\/saintdieinfo\/2022\/01\/vosges-faut-sauver-mulette-perliere-moule-deau-douce-2\/\",\"name\":\"Vosges \u2013 Il faut sauver la mulette perli\u00e8re, une moule d\u2019eau douce - Saint Die Info\",\"isPartOf\":{\"@id\":\"https:\/\/vosgesinfo.fr\/saintdieinfo\/#website\"},\"primaryImageOfPage\":{\"@id\":\"https:\/\/vosgesinfo.fr\/saintdieinfo\/2022\/01\/vosges-faut-sauver-mulette-perliere-moule-deau-douce-2\/#primaryimage\"},\"image\":{\"@id\":\"https:\/\/vosgesinfo.fr\/saintdieinfo\/2022\/01\/vosges-faut-sauver-mulette-perliere-moule-deau-douce-2\/#primaryimage\"},\"thumbnailUrl\":\"https:\/\/vosgesinfo.fr\/app\/uploads\/sites\/4\/2024\/08\/202201271987056-240906658188414-3339287053838720834-n-1.jpg\",\"datePublished\":\"2022-01-19T04:00:59+00:00\",\"dateModified\":\"2022-01-19T04:00:59+00:00\",\"breadcrumb\":{\"@id\":\"https:\/\/vosgesinfo.fr\/saintdieinfo\/2022\/01\/vosges-faut-sauver-mulette-perliere-moule-deau-douce-2\/#breadcrumb\"},\"inLanguage\":\"fr-FR\",\"potentialAction\":[{\"@type\":\"ReadAction\",\"target\":[\"https:\/\/vosgesinfo.fr\/saintdieinfo\/2022\/01\/vosges-faut-sauver-mulette-perliere-moule-deau-douce-2\/\"]}]},{\"@type\":\"ImageObject\",\"inLanguage\":\"fr-FR\",\"@id\":\"https:\/\/vosgesinfo.fr\/saintdieinfo\/2022\/01\/vosges-faut-sauver-mulette-perliere-moule-deau-douce-2\/#primaryimage\",\"url\":\"https:\/\/vosgesinfo.fr\/app\/uploads\/sites\/4\/2024\/08\/202201271987056-240906658188414-3339287053838720834-n-1.jpg\",\"contentUrl\":\"https:\/\/vosgesinfo.fr\/app\/uploads\/sites\/4\/2024\/08\/202201271987056-240906658188414-3339287053838720834-n-1.jpg\",\"width\":533,\"height\":800},{\"@type\":\"BreadcrumbList\",\"@id\":\"https:\/\/vosgesinfo.fr\/saintdieinfo\/2022\/01\/vosges-faut-sauver-mulette-perliere-moule-deau-douce-2\/#breadcrumb\",\"itemListElement\":[{\"@type\":\"ListItem\",\"position\":1,\"name\":\"Home\",\"item\":\"https:\/\/vosgesinfo.fr\/saintdieinfo\/\"},{\"@type\":\"ListItem\",\"position\":2,\"name\":\"Vosges \u2013 Il faut sauver la mulette perli\u00e8re, une moule d\u2019eau douce\"}]},{\"@type\":\"WebSite\",\"@id\":\"https:\/\/vosgesinfo.fr\/saintdieinfo\/#website\",\"url\":\"https:\/\/vosgesinfo.fr\/saintdieinfo\/\",\"name\":\"Saint Die Info\",\"description\":\"Toute l&#039;actualit\u00e9 de Saint-Di\u00e9-Des-Vosges\",\"publisher\":{\"@id\":\"https:\/\/vosgesinfo.fr\/saintdieinfo\/#organization\"},\"alternateName\":\"Toute l'actualit\u00e9 de Saint-Di\u00e9-Des-Vosges\",\"potentialAction\":[{\"@type\":\"SearchAction\",\"target\":{\"@type\":\"EntryPoint\",\"urlTemplate\":\"https:\/\/vosgesinfo.fr\/saintdieinfo\/?s={search_term_string}\"},\"query-input\":\"required name=search_term_string\"}],\"inLanguage\":\"fr-FR\"},{\"@type\":\"Organization\",\"@id\":\"https:\/\/vosgesinfo.fr\/saintdieinfo\/#organization\",\"name\":\"Saint Die Info\",\"url\":\"https:\/\/vosgesinfo.fr\/saintdieinfo\/\",\"logo\":{\"@type\":\"ImageObject\",\"inLanguage\":\"fr-FR\",\"@id\":\"https:\/\/vosgesinfo.fr\/saintdieinfo\/#\/schema\/logo\/image\/\",\"url\":\"https:\/\/vosgesinfo.fr\/app\/uploads\/sites\/4\/2024\/02\/logo-sdi.jpg\",\"contentUrl\":\"https:\/\/vosgesinfo.fr\/app\/uploads\/sites\/4\/2024\/02\/logo-sdi.jpg\",\"width\":600,\"height\":600,\"caption\":\"Saint Die Info\"},\"image\":{\"@id\":\"https:\/\/vosgesinfo.fr\/saintdieinfo\/#\/schema\/logo\/image\/\"},\"sameAs\":[\"https:\/\/www.facebook.com\/Saintdieinfofr\",\"https:\/\/x.com\/VosgesInfo88\",\"https:\/\/www.youtube.com\/@vosgesinfo\"]},{\"@type\":\"Person\",\"@id\":\"https:\/\/vosgesinfo.fr\/saintdieinfo\/#\/schema\/person\/faee6704a21f3977511db84bd1cd450f\",\"name\":\"la r\u00e9daction\",\"image\":{\"@type\":\"ImageObject\",\"inLanguage\":\"fr-FR\",\"@id\":\"https:\/\/vosgesinfo.fr\/saintdieinfo\/#\/schema\/person\/image\/\",\"url\":\"https:\/\/secure.gravatar.com\/avatar\/6673d8bc6a9c17fa9a453eaa3448de834fa308c2ec9635b7aa99441a7c8d2cf6?s=96&d=mm&r=g\",\"contentUrl\":\"https:\/\/secure.gravatar.com\/avatar\/6673d8bc6a9c17fa9a453eaa3448de834fa308c2ec9635b7aa99441a7c8d2cf6?s=96&d=mm&r=g\",\"caption\":\"la r\u00e9daction\"},\"url\":\"https:\/\/vosgesinfo.fr\/saintdieinfo\/author\/redac\/\"}]}<\/script>\n<!-- \/ Yoast SEO plugin. -->","yoast_head_json":{"title":"Vosges \u2013 Il faut sauver la mulette perli\u00e8re, une moule d\u2019eau douce - Saint Die Info","robots":{"index":"index","follow":"follow","max-snippet":"max-snippet:-1","max-image-preview":"max-image-preview:large","max-video-preview":"max-video-preview:-1"},"canonical":"https:\/\/vosgesinfo.fr\/saintdieinfo\/2022\/01\/vosges-faut-sauver-mulette-perliere-moule-deau-douce-2\/","twitter_card":"summary_large_image","twitter_title":"Vosges \u2013 Il faut sauver la mulette perli\u00e8re, une moule d\u2019eau douce - Saint Die Info","twitter_description":"La secr\u00e9taire d\u2019\u00c9tat \u00e0 la biodiversit\u00e9, B\u00e9rang\u00e8re Abba \u00e9tait ce lundi dans les Vosges. Apr\u00e8s son passage\u00a0 \u00e0 l\u2019entreprise Norske [&hellip;]","twitter_image":"https:\/\/vosgesinfo.fr\/app\/uploads\/sites\/4\/2024\/08\/202201271987056-240906658188414-3339287053838720834-n-1.jpg","twitter_creator":"@VosgesInfo88","twitter_site":"@VosgesInfo88","twitter_misc":{"\u00c9crit par":"la r\u00e9daction","Dur\u00e9e de lecture estim\u00e9e":"1 minute"},"schema":{"@context":"https:\/\/schema.org","@graph":[{"@type":"Article","@id":"https:\/\/vosgesinfo.fr\/saintdieinfo\/2022\/01\/vosges-faut-sauver-mulette-perliere-moule-deau-douce-2\/#article","isPartOf":{"@id":"https:\/\/vosgesinfo.fr\/saintdieinfo\/2022\/01\/vosges-faut-sauver-mulette-perliere-moule-deau-douce-2\/"},"author":{"name":"la r\u00e9daction","@id":"https:\/\/vosgesinfo.fr\/saintdieinfo\/#\/schema\/person\/faee6704a21f3977511db84bd1cd450f"},"headline":"Vosges \u2013 Il faut sauver la mulette perli\u00e8re, une moule d\u2019eau douce","datePublished":"2022-01-19T04:00:59+00:00","dateModified":"2022-01-19T04:00:59+00:00","mainEntityOfPage":{"@id":"https:\/\/vosgesinfo.fr\/saintdieinfo\/2022\/01\/vosges-faut-sauver-mulette-perliere-moule-deau-douce-2\/"},"wordCount":137,"commentCount":0,"publisher":{"@id":"https:\/\/vosgesinfo.fr\/saintdieinfo\/#organization"},"image":{"@id":"https:\/\/vosgesinfo.fr\/saintdieinfo\/2022\/01\/vosges-faut-sauver-mulette-perliere-moule-deau-douce-2\/#primaryimage"},"thumbnailUrl":"https:\/\/vosgesinfo.fr\/app\/uploads\/sites\/4\/2024\/08\/202201271987056-240906658188414-3339287053838720834-n-1.jpg","keywords":["B\u00e9rang\u00e8re Abba","La Chapelle-devant-Bruy\u00e8res","Moule d'eau douce","Mulette perli\u00e8re","Secr\u00e9taire d'Etat \u00e0 la Biodiversit\u00e9"],"articleSection":["A la Une","Vosges"],"inLanguage":"fr-FR","potentialAction":[{"@type":"CommentAction","name":"Comment","target":["https:\/\/vosgesinfo.fr\/saintdieinfo\/2022\/01\/vosges-faut-sauver-mulette-perliere-moule-deau-douce-2\/#respond"]}]},{"@type":"WebPage","@id":"https:\/\/vosgesinfo.fr\/saintdieinfo\/2022\/01\/vosges-faut-sauver-mulette-perliere-moule-deau-douce-2\/","url":"https:\/\/vosgesinfo.fr\/saintdieinfo\/2022\/01\/vosges-faut-sauver-mulette-perliere-moule-deau-douce-2\/","name":"Vosges \u2013 Il faut sauver la mulette perli\u00e8re, une moule d\u2019eau douce - Saint Die Info","isPartOf":{"@id":"https:\/\/vosgesinfo.fr\/saintdieinfo\/#website"},"primaryImageOfPage":{"@id":"https:\/\/vosgesinfo.fr\/saintdieinfo\/2022\/01\/vosges-faut-sauver-mulette-perliere-moule-deau-douce-2\/#primaryimage"},"image":{"@id":"https:\/\/vosgesinfo.fr\/saintdieinfo\/2022\/01\/vosges-faut-sauver-mulette-perliere-moule-deau-douce-2\/#primaryimage"},"thumbnailUrl":"https:\/\/vosgesinfo.fr\/app\/uploads\/sites\/4\/2024\/08\/202201271987056-240906658188414-3339287053838720834-n-1.jpg","datePublished":"2022-01-19T04:00:59+00:00","dateModified":"2022-01-19T04:00:59+00:00","breadcrumb":{"@id":"https:\/\/vosgesinfo.fr\/saintdieinfo\/2022\/01\/vosges-faut-sauver-mulette-perliere-moule-deau-douce-2\/#breadcrumb"},"inLanguage":"fr-FR","potentialAction":[{"@type":"ReadAction","target":["https:\/\/vosgesinfo.fr\/saintdieinfo\/2022\/01\/vosges-faut-sauver-mulette-perliere-moule-deau-douce-2\/"]}]},{"@type":"ImageObject","inLanguage":"fr-FR","@id":"https:\/\/vosgesinfo.fr\/saintdieinfo\/2022\/01\/vosges-faut-sauver-mulette-perliere-moule-deau-douce-2\/#primaryimage","url":"https:\/\/vosgesinfo.fr\/app\/uploads\/sites\/4\/2024\/08\/202201271987056-240906658188414-3339287053838720834-n-1.jpg","contentUrl":"https:\/\/vosgesinfo.fr\/app\/uploads\/sites\/4\/2024\/08\/202201271987056-240906658188414-3339287053838720834-n-1.jpg","width":533,"height":800},{"@type":"BreadcrumbList","@id":"https:\/\/vosgesinfo.fr\/saintdieinfo\/2022\/01\/vosges-faut-sauver-mulette-perliere-moule-deau-douce-2\/#breadcrumb","itemListElement":[{"@type":"ListItem","position":1,"name":"Home","item":"https:\/\/vosgesinfo.fr\/saintdieinfo\/"},{"@type":"ListItem","position":2,"name":"Vosges \u2013 Il faut sauver la mulette perli\u00e8re, une moule d\u2019eau douce"}]},{"@type":"WebSite","@id":"https:\/\/vosgesinfo.fr\/saintdieinfo\/#website","url":"https:\/\/vosgesinfo.fr\/saintdieinfo\/","name":"Saint Die Info","description":"Toute l&#039;actualit\u00e9 de Saint-Di\u00e9-Des-Vosges","publisher":{"@id":"https:\/\/vosgesinfo.fr\/saintdieinfo\/#organization"},"alternateName":"Toute l'actualit\u00e9 de Saint-Di\u00e9-Des-Vosges","potentialAction":[{"@type":"SearchAction","target":{"@type":"EntryPoint","urlTemplate":"https:\/\/vosgesinfo.fr\/saintdieinfo\/?s={search_term_string}"},"query-input":"required name=search_term_string"}],"inLanguage":"fr-FR"},{"@type":"Organization","@id":"https:\/\/vosgesinfo.fr\/saintdieinfo\/#organization","name":"Saint Die Info","url":"https:\/\/vosgesinfo.fr\/saintdieinfo\/","logo":{"@type":"ImageObject","inLanguage":"fr-FR","@id":"https:\/\/vosgesinfo.fr\/saintdieinfo\/#\/schema\/logo\/image\/","url":"https:\/\/vosgesinfo.fr\/app\/uploads\/sites\/4\/2024\/02\/logo-sdi.jpg","contentUrl":"https:\/\/vosgesinfo.fr\/app\/uploads\/sites\/4\/2024\/02\/logo-sdi.jpg","width":600,"height":600,"caption":"Saint Die Info"},"image":{"@id":"https:\/\/vosgesinfo.fr\/saintdieinfo\/#\/schema\/logo\/image\/"},"sameAs":["https:\/\/www.facebook.com\/Saintdieinfofr","https:\/\/x.com\/VosgesInfo88","https:\/\/www.youtube.com\/@vosgesinfo"]},{"@type":"Person","@id":"https:\/\/vosgesinfo.fr\/saintdieinfo\/#\/schema\/person\/faee6704a21f3977511db84bd1cd450f","name":"la r\u00e9daction","image":{"@type":"ImageObject","inLanguage":"fr-FR","@id":"https:\/\/vosgesinfo.fr\/saintdieinfo\/#\/schema\/person\/image\/","url":"https:\/\/secure.gravatar.com\/avatar\/6673d8bc6a9c17fa9a453eaa3448de834fa308c2ec9635b7aa99441a7c8d2cf6?s=96&d=mm&r=g","contentUrl":"https:\/\/secure.gravatar.com\/avatar\/6673d8bc6a9c17fa9a453eaa3448de834fa308c2ec9635b7aa99441a7c8d2cf6?s=96&d=mm&r=g","caption":"la r\u00e9daction"},"url":"https:\/\/vosgesinfo.fr\/saintdieinfo\/author\/redac\/"}]}},"_links":{"self":[{"href":"https:\/\/vosgesinfo.fr\/saintdieinfo\/wp-json\/wp\/v2\/posts\/49473","targetHints":{"allow":["GET"]}}],"collection":[{"href":"https:\/\/vosgesinfo.fr\/saintdieinfo\/wp-json\/wp\/v2\/posts"}],"about":[{"href":"https:\/\/vosgesinfo.fr\/saintdieinfo\/wp-json\/wp\/v2\/types\/post"}],"author":[{"embeddable":true,"href":"https:\/\/vosgesinfo.fr\/saintdieinfo\/wp-json\/wp\/v2\/users\/44"}],"replies":[{"embeddable":true,"href":"https:\/\/vosgesinfo.fr\/saintdieinfo\/wp-json\/wp\/v2\/comments?post=49473"}],"version-history":[{"count":0,"href":"https:\/\/vosgesinfo.fr\/saintdieinfo\/wp-json\/wp\/v2\/posts\/49473\/revisions"}],"wp:featuredmedia":[{"embeddable":true,"href":"https:\/\/vosgesinfo.fr\/saintdieinfo\/wp-json\/wp\/v2\/media\/49474"}],"wp:attachment":[{"href":"https:\/\/vosgesinfo.fr\/saintdieinfo\/wp-json\/wp\/v2\/media?parent=49473"}],"wp:term":[{"taxonomy":"category","embeddable":true,"href":"https:\/\/vosgesinfo.fr\/saintdieinfo\/wp-json\/wp\/v2\/categories?post=49473"},{"taxonomy":"post_tag","embeddable":true,"href":"https:\/\/vosgesinfo.fr\/saintdieinfo\/wp-json\/wp\/v2\/tags?post=49473"}],"curies":[{"name":"wp","href":"https:\/\/api.w.org\/{rel}","templated":true}]}}