{"id":49484,"date":"2022-01-19T08:00:29","date_gmt":"2022-01-19T07:00:29","guid":{"rendered":"https:\/\/vosgesinfo.fr\/saintdieinfo\/2022\/01\/cordees-de-reussite-eleves-deodatiens-ont-rencontre-leurs-mentors-2\/"},"modified":"2022-01-19T08:00:29","modified_gmt":"2022-01-19T07:00:29","slug":"cordees-de-reussite-eleves-deodatiens-ont-rencontre-leurs-mentors-2","status":"publish","type":"post","link":"https:\/\/vosgesinfo.fr\/saintdieinfo\/2022\/01\/cordees-de-reussite-eleves-deodatiens-ont-rencontre-leurs-mentors-2\/","title":{"rendered":"Cord\u00e9es de la r\u00e9ussite\u00a0: des \u00e9l\u00e8ves d\u00e9odatiens ont rencontr\u00e9 leurs mentors"},"content":{"rendered":"<div id=\"attachment_177602\" style=\"width: 970px\" class=\"wp-caption aligncenter\"><a href=\"\/2022\/01\/Cord\u00e9es_R\u00e9ussite_Lyc\u00e9e_Georges-Baumont-8.jpg\" target=\"_blank\" rel=\"noopener\"><img decoding=\"async\" aria-describedby=\"caption-attachment-177602\" class=\"wp-image-177602 size-large\" src=\"\/2022\/01\/Cord\u00e9es_R\u00e9ussite_Lyc\u00e9e_Georges-Baumont-8-1024x771.jpg\" alt=\"Cord\u00e9es_R\u00e9ussite_Lyc\u00e9e_Georges-Baumont (8)\" width=\"960\" height=\"723\" \/><\/a><p id=\"caption-attachment-177602\" class=\"wp-caption-text\">Motion designer, R\u00e9mi Marin est l&rsquo;un des mentors de cette action s&rsquo;inscrivant dans le cadre des Cord\u00e9es de la r\u00e9ussite.<\/p><\/div>\n<h2 align=\"LEFT\"><strong><span style=\"font-size: 14pt;\">Le lyc\u00e9e Georges-Baumont participe au dispositif des \u00ab\u00a0Cord\u00e9es de la r\u00e9ussite\u00a0\u00bb depuis maintenant 11 ans. C&rsquo;est dans le cadre de ce dispositif national que l&rsquo;\u00e9tablissement d&rsquo;enseignement polyvalent a r\u00e9cemment mis en place une action de mentorat, en partenariat avec le CIO de Saint-Di\u00e9-des-Vosges et le lyc\u00e9e Jules-Ferry.<\/span><\/strong><\/h2>\n<p align=\"LEFT\"><!--more--><\/p>\n<p align=\"LEFT\">Cette action concerne 16 \u00e9l\u00e8ves volontaires des 2 lyc\u00e9ens d\u00e9odatiens, originaires de Quartiers Politiques de la Ville \u2013 QPV \u2013 ou de la grande ruralit\u00e9. L&rsquo;id\u00e9e \u00e9tant de leur donner davantage confiance en eux quant \u00e0 leur avenir post-secondaire. Les mentors \u00e9tant des repr\u00e9sentants du tissu professionnel ou institutionnel, local ou r\u00e9gional. On retrouve par exemple la sous-pr\u00e9f\u00e8te Carole Dabrigeon, Julien Lang du projet Urbanloop, Gianina Plesca de l&rsquo;agence Alchimy ou des collaborateurs de Numalliance.<\/p>\n<p align=\"LEFT\"><em>\u00ab\u00a0Le but est d&rsquo;aider le jeune \u00e0 se projeter et de construire son parcours de formation, et ce sans la peur de l&rsquo;\u00e9chec. C&rsquo;est aussi une fa\u00e7on de d\u00e9velopper l&rsquo;ambition. Aujourd&rsquo;hui le lyc\u00e9e Jules-Ferry participe \u00e0 cette action, demain ce sera \u00e9galement le lyc\u00e9e Jean-Lur\u00e7at de Bruy\u00e8res. On a d\u00e9j\u00e0 des accords de principe. Et je suis confiant sur l&rsquo;id\u00e9e que cette action va permettre, par la suite, de faire du mentorat aupr\u00e8s de coll\u00e9giens\u00a0\u00bb<\/em> explique Eric Bogeat, proviseur du lyc\u00e9e Georges-Baumont.<\/p>\n<p align=\"LEFT\">Une premi\u00e8re rencontre entre les \u00e9l\u00e8ves et leurs mentors s&rsquo;est d\u00e9roul\u00e9e hier mardi apr\u00e8s-midi, sous la forme d&rsquo;un jeu de piste qui a emmen\u00e9 les diff\u00e9rents bin\u00f4mes \u00e9l\u00e8ve\/mentor \u00e0 s&rsquo;orienter jusqu&rsquo;au camp celtique de la Bure. Le d\u00e9part \u00e9tant donn\u00e9 devant le gymnase du lyc\u00e9e polyvalent. Ce premier contact, qui se voulait ludique, sera suivi par d&rsquo;autres rencontres entre les bin\u00f4mes, afin de d&rsquo;apporter des r\u00e9ponses aux besoins des \u00e9l\u00e8ves accompagn\u00e9s.<\/p>\n<p align=\"LEFT\">J.J.<\/p>\n\n","protected":false},"excerpt":{"rendered":"<p>Le lyc\u00e9e Georges-Baumont participe au dispositif des \u00ab\u00a0Cord\u00e9es de la r\u00e9ussite\u00a0\u00bb depuis maintenant 11 ans. C&rsquo;est dans le cadre de [&hellip;]<\/p>\n","protected":false},"author":44,"featured_media":49485,"comment_status":"open","ping_status":"open","sticky":false,"template":"","format":"standard","meta":{"footnotes":""},"categories":[460,6,2915],"tags":[10015,3371,5358,10016],"class_list":["post-49484","post","type-post","status-publish","format-standard","has-post-thumbnail","hentry","category-a-la-une","category-education","category-saint-die-son-canton","tag-les-cordees-de-la-reussite","tag-lycee-georges-baumont","tag-lycee-jules-ferry","tag-mentorat"],"acf":[],"yoast_head":"<!-- This site is optimized with the Yoast SEO plugin v22.5 - https:\/\/yoast.com\/wordpress\/plugins\/seo\/ -->\n<title>Cord\u00e9es de la r\u00e9ussite\u00a0: des \u00e9l\u00e8ves d\u00e9odatiens ont rencontr\u00e9 leurs mentors - Saint Die Info<\/title>\n<meta name=\"robots\" content=\"index, follow, max-snippet:-1, max-image-preview:large, max-video-preview:-1\" \/>\n<link rel=\"canonical\" href=\"https:\/\/vosgesinfo.fr\/saintdieinfo\/2022\/01\/cordees-de-reussite-eleves-deodatiens-ont-rencontre-leurs-mentors-2\/\" \/>\n<meta name=\"twitter:card\" content=\"summary_large_image\" \/>\n<meta name=\"twitter:title\" content=\"Cord\u00e9es de la r\u00e9ussite\u00a0: des \u00e9l\u00e8ves d\u00e9odatiens ont rencontr\u00e9 leurs mentors - Saint Die Info\" \/>\n<meta name=\"twitter:description\" content=\"Le lyc\u00e9e Georges-Baumont participe au dispositif des \u00ab\u00a0Cord\u00e9es de la r\u00e9ussite\u00a0\u00bb depuis maintenant 11 ans. C&rsquo;est dans le cadre de [&hellip;]\" \/>\n<meta name=\"twitter:image\" content=\"https:\/\/vosgesinfo.fr\/app\/uploads\/sites\/4\/2024\/08\/202201cordees-reussite-lycee-georges-baumont-8-3.jpg\" \/>\n<meta name=\"twitter:creator\" content=\"@VosgesInfo88\" \/>\n<meta name=\"twitter:site\" content=\"@VosgesInfo88\" \/>\n<meta name=\"twitter:label1\" content=\"\u00c9crit par\" \/>\n\t<meta name=\"twitter:data1\" content=\"la r\u00e9daction\" \/>\n\t<meta name=\"twitter:label2\" content=\"Dur\u00e9e de lecture estim\u00e9e\" \/>\n\t<meta name=\"twitter:data2\" content=\"2 minutes\" \/>\n<script type=\"application\/ld+json\" class=\"yoast-schema-graph\">{\"@context\":\"https:\/\/schema.org\",\"@graph\":[{\"@type\":\"Article\",\"@id\":\"https:\/\/vosgesinfo.fr\/saintdieinfo\/2022\/01\/cordees-de-reussite-eleves-deodatiens-ont-rencontre-leurs-mentors-2\/#article\",\"isPartOf\":{\"@id\":\"https:\/\/vosgesinfo.fr\/saintdieinfo\/2022\/01\/cordees-de-reussite-eleves-deodatiens-ont-rencontre-leurs-mentors-2\/\"},\"author\":{\"name\":\"la r\u00e9daction\",\"@id\":\"https:\/\/vosgesinfo.fr\/saintdieinfo\/#\/schema\/person\/faee6704a21f3977511db84bd1cd450f\"},\"headline\":\"Cord\u00e9es de la r\u00e9ussite\u00a0: des \u00e9l\u00e8ves d\u00e9odatiens ont rencontr\u00e9 leurs mentors\",\"datePublished\":\"2022-01-19T07:00:29+00:00\",\"dateModified\":\"2022-01-19T07:00:29+00:00\",\"mainEntityOfPage\":{\"@id\":\"https:\/\/vosgesinfo.fr\/saintdieinfo\/2022\/01\/cordees-de-reussite-eleves-deodatiens-ont-rencontre-leurs-mentors-2\/\"},\"wordCount\":378,\"commentCount\":0,\"publisher\":{\"@id\":\"https:\/\/vosgesinfo.fr\/saintdieinfo\/#organization\"},\"image\":{\"@id\":\"https:\/\/vosgesinfo.fr\/saintdieinfo\/2022\/01\/cordees-de-reussite-eleves-deodatiens-ont-rencontre-leurs-mentors-2\/#primaryimage\"},\"thumbnailUrl\":\"https:\/\/vosgesinfo.fr\/app\/uploads\/sites\/4\/2024\/08\/202201cordees-reussite-lycee-georges-baumont-8-3.jpg\",\"keywords\":[\"Les cord\u00e9es de la r\u00e9ussite\",\"Lyc\u00e9e Georges-Baumont\",\"Lyc\u00e9e Jules-Ferry\",\"Mentorat\"],\"articleSection\":[\"A la Une\",\"\u00c9ducation\",\"Saint-Di\u00e9-des-Vosges et son Agglom\u00e9ration\"],\"inLanguage\":\"fr-FR\",\"potentialAction\":[{\"@type\":\"CommentAction\",\"name\":\"Comment\",\"target\":[\"https:\/\/vosgesinfo.fr\/saintdieinfo\/2022\/01\/cordees-de-reussite-eleves-deodatiens-ont-rencontre-leurs-mentors-2\/#respond\"]}]},{\"@type\":\"WebPage\",\"@id\":\"https:\/\/vosgesinfo.fr\/saintdieinfo\/2022\/01\/cordees-de-reussite-eleves-deodatiens-ont-rencontre-leurs-mentors-2\/\",\"url\":\"https:\/\/vosgesinfo.fr\/saintdieinfo\/2022\/01\/cordees-de-reussite-eleves-deodatiens-ont-rencontre-leurs-mentors-2\/\",\"name\":\"Cord\u00e9es de la r\u00e9ussite\u00a0: des \u00e9l\u00e8ves d\u00e9odatiens ont rencontr\u00e9 leurs mentors - Saint Die Info\",\"isPartOf\":{\"@id\":\"https:\/\/vosgesinfo.fr\/saintdieinfo\/#website\"},\"primaryImageOfPage\":{\"@id\":\"https:\/\/vosgesinfo.fr\/saintdieinfo\/2022\/01\/cordees-de-reussite-eleves-deodatiens-ont-rencontre-leurs-mentors-2\/#primaryimage\"},\"image\":{\"@id\":\"https:\/\/vosgesinfo.fr\/saintdieinfo\/2022\/01\/cordees-de-reussite-eleves-deodatiens-ont-rencontre-leurs-mentors-2\/#primaryimage\"},\"thumbnailUrl\":\"https:\/\/vosgesinfo.fr\/app\/uploads\/sites\/4\/2024\/08\/202201cordees-reussite-lycee-georges-baumont-8-3.jpg\",\"datePublished\":\"2022-01-19T07:00:29+00:00\",\"dateModified\":\"2022-01-19T07:00:29+00:00\",\"breadcrumb\":{\"@id\":\"https:\/\/vosgesinfo.fr\/saintdieinfo\/2022\/01\/cordees-de-reussite-eleves-deodatiens-ont-rencontre-leurs-mentors-2\/#breadcrumb\"},\"inLanguage\":\"fr-FR\",\"potentialAction\":[{\"@type\":\"ReadAction\",\"target\":[\"https:\/\/vosgesinfo.fr\/saintdieinfo\/2022\/01\/cordees-de-reussite-eleves-deodatiens-ont-rencontre-leurs-mentors-2\/\"]}]},{\"@type\":\"ImageObject\",\"inLanguage\":\"fr-FR\",\"@id\":\"https:\/\/vosgesinfo.fr\/saintdieinfo\/2022\/01\/cordees-de-reussite-eleves-deodatiens-ont-rencontre-leurs-mentors-2\/#primaryimage\",\"url\":\"https:\/\/vosgesinfo.fr\/app\/uploads\/sites\/4\/2024\/08\/202201cordees-reussite-lycee-georges-baumont-8-3.jpg\",\"contentUrl\":\"https:\/\/vosgesinfo.fr\/app\/uploads\/sites\/4\/2024\/08\/202201cordees-reussite-lycee-georges-baumont-8-3.jpg\",\"width\":1600,\"height\":1205},{\"@type\":\"BreadcrumbList\",\"@id\":\"https:\/\/vosgesinfo.fr\/saintdieinfo\/2022\/01\/cordees-de-reussite-eleves-deodatiens-ont-rencontre-leurs-mentors-2\/#breadcrumb\",\"itemListElement\":[{\"@type\":\"ListItem\",\"position\":1,\"name\":\"Home\",\"item\":\"https:\/\/vosgesinfo.fr\/saintdieinfo\/\"},{\"@type\":\"ListItem\",\"position\":2,\"name\":\"Cord\u00e9es de la r\u00e9ussite\u00a0: des \u00e9l\u00e8ves d\u00e9odatiens ont rencontr\u00e9 leurs mentors\"}]},{\"@type\":\"WebSite\",\"@id\":\"https:\/\/vosgesinfo.fr\/saintdieinfo\/#website\",\"url\":\"https:\/\/vosgesinfo.fr\/saintdieinfo\/\",\"name\":\"Saint Die Info\",\"description\":\"Toute l&#039;actualit\u00e9 de Saint-Di\u00e9-Des-Vosges\",\"publisher\":{\"@id\":\"https:\/\/vosgesinfo.fr\/saintdieinfo\/#organization\"},\"alternateName\":\"Toute l'actualit\u00e9 de Saint-Di\u00e9-Des-Vosges\",\"potentialAction\":[{\"@type\":\"SearchAction\",\"target\":{\"@type\":\"EntryPoint\",\"urlTemplate\":\"https:\/\/vosgesinfo.fr\/saintdieinfo\/?s={search_term_string}\"},\"query-input\":\"required name=search_term_string\"}],\"inLanguage\":\"fr-FR\"},{\"@type\":\"Organization\",\"@id\":\"https:\/\/vosgesinfo.fr\/saintdieinfo\/#organization\",\"name\":\"Saint Die Info\",\"url\":\"https:\/\/vosgesinfo.fr\/saintdieinfo\/\",\"logo\":{\"@type\":\"ImageObject\",\"inLanguage\":\"fr-FR\",\"@id\":\"https:\/\/vosgesinfo.fr\/saintdieinfo\/#\/schema\/logo\/image\/\",\"url\":\"https:\/\/vosgesinfo.fr\/app\/uploads\/sites\/4\/2024\/02\/logo-sdi.jpg\",\"contentUrl\":\"https:\/\/vosgesinfo.fr\/app\/uploads\/sites\/4\/2024\/02\/logo-sdi.jpg\",\"width\":600,\"height\":600,\"caption\":\"Saint Die Info\"},\"image\":{\"@id\":\"https:\/\/vosgesinfo.fr\/saintdieinfo\/#\/schema\/logo\/image\/\"},\"sameAs\":[\"https:\/\/www.facebook.com\/Saintdieinfofr\",\"https:\/\/x.com\/VosgesInfo88\",\"https:\/\/www.youtube.com\/@vosgesinfo\"]},{\"@type\":\"Person\",\"@id\":\"https:\/\/vosgesinfo.fr\/saintdieinfo\/#\/schema\/person\/faee6704a21f3977511db84bd1cd450f\",\"name\":\"la r\u00e9daction\",\"image\":{\"@type\":\"ImageObject\",\"inLanguage\":\"fr-FR\",\"@id\":\"https:\/\/vosgesinfo.fr\/saintdieinfo\/#\/schema\/person\/image\/\",\"url\":\"https:\/\/secure.gravatar.com\/avatar\/6673d8bc6a9c17fa9a453eaa3448de834fa308c2ec9635b7aa99441a7c8d2cf6?s=96&d=mm&r=g\",\"contentUrl\":\"https:\/\/secure.gravatar.com\/avatar\/6673d8bc6a9c17fa9a453eaa3448de834fa308c2ec9635b7aa99441a7c8d2cf6?s=96&d=mm&r=g\",\"caption\":\"la r\u00e9daction\"},\"url\":\"https:\/\/vosgesinfo.fr\/saintdieinfo\/author\/redac\/\"}]}<\/script>\n<!-- \/ Yoast SEO plugin. -->","yoast_head_json":{"title":"Cord\u00e9es de la r\u00e9ussite\u00a0: des \u00e9l\u00e8ves d\u00e9odatiens ont rencontr\u00e9 leurs mentors - Saint Die Info","robots":{"index":"index","follow":"follow","max-snippet":"max-snippet:-1","max-image-preview":"max-image-preview:large","max-video-preview":"max-video-preview:-1"},"canonical":"https:\/\/vosgesinfo.fr\/saintdieinfo\/2022\/01\/cordees-de-reussite-eleves-deodatiens-ont-rencontre-leurs-mentors-2\/","twitter_card":"summary_large_image","twitter_title":"Cord\u00e9es de la r\u00e9ussite\u00a0: des \u00e9l\u00e8ves d\u00e9odatiens ont rencontr\u00e9 leurs mentors - Saint Die Info","twitter_description":"Le lyc\u00e9e Georges-Baumont participe au dispositif des \u00ab\u00a0Cord\u00e9es de la r\u00e9ussite\u00a0\u00bb depuis maintenant 11 ans. C&rsquo;est dans le cadre de [&hellip;]","twitter_image":"https:\/\/vosgesinfo.fr\/app\/uploads\/sites\/4\/2024\/08\/202201cordees-reussite-lycee-georges-baumont-8-3.jpg","twitter_creator":"@VosgesInfo88","twitter_site":"@VosgesInfo88","twitter_misc":{"\u00c9crit par":"la r\u00e9daction","Dur\u00e9e de lecture estim\u00e9e":"2 minutes"},"schema":{"@context":"https:\/\/schema.org","@graph":[{"@type":"Article","@id":"https:\/\/vosgesinfo.fr\/saintdieinfo\/2022\/01\/cordees-de-reussite-eleves-deodatiens-ont-rencontre-leurs-mentors-2\/#article","isPartOf":{"@id":"https:\/\/vosgesinfo.fr\/saintdieinfo\/2022\/01\/cordees-de-reussite-eleves-deodatiens-ont-rencontre-leurs-mentors-2\/"},"author":{"name":"la r\u00e9daction","@id":"https:\/\/vosgesinfo.fr\/saintdieinfo\/#\/schema\/person\/faee6704a21f3977511db84bd1cd450f"},"headline":"Cord\u00e9es de la r\u00e9ussite\u00a0: des \u00e9l\u00e8ves d\u00e9odatiens ont rencontr\u00e9 leurs mentors","datePublished":"2022-01-19T07:00:29+00:00","dateModified":"2022-01-19T07:00:29+00:00","mainEntityOfPage":{"@id":"https:\/\/vosgesinfo.fr\/saintdieinfo\/2022\/01\/cordees-de-reussite-eleves-deodatiens-ont-rencontre-leurs-mentors-2\/"},"wordCount":378,"commentCount":0,"publisher":{"@id":"https:\/\/vosgesinfo.fr\/saintdieinfo\/#organization"},"image":{"@id":"https:\/\/vosgesinfo.fr\/saintdieinfo\/2022\/01\/cordees-de-reussite-eleves-deodatiens-ont-rencontre-leurs-mentors-2\/#primaryimage"},"thumbnailUrl":"https:\/\/vosgesinfo.fr\/app\/uploads\/sites\/4\/2024\/08\/202201cordees-reussite-lycee-georges-baumont-8-3.jpg","keywords":["Les cord\u00e9es de la r\u00e9ussite","Lyc\u00e9e Georges-Baumont","Lyc\u00e9e Jules-Ferry","Mentorat"],"articleSection":["A la Une","\u00c9ducation","Saint-Di\u00e9-des-Vosges et son Agglom\u00e9ration"],"inLanguage":"fr-FR","potentialAction":[{"@type":"CommentAction","name":"Comment","target":["https:\/\/vosgesinfo.fr\/saintdieinfo\/2022\/01\/cordees-de-reussite-eleves-deodatiens-ont-rencontre-leurs-mentors-2\/#respond"]}]},{"@type":"WebPage","@id":"https:\/\/vosgesinfo.fr\/saintdieinfo\/2022\/01\/cordees-de-reussite-eleves-deodatiens-ont-rencontre-leurs-mentors-2\/","url":"https:\/\/vosgesinfo.fr\/saintdieinfo\/2022\/01\/cordees-de-reussite-eleves-deodatiens-ont-rencontre-leurs-mentors-2\/","name":"Cord\u00e9es de la r\u00e9ussite\u00a0: des \u00e9l\u00e8ves d\u00e9odatiens ont rencontr\u00e9 leurs mentors - Saint Die Info","isPartOf":{"@id":"https:\/\/vosgesinfo.fr\/saintdieinfo\/#website"},"primaryImageOfPage":{"@id":"https:\/\/vosgesinfo.fr\/saintdieinfo\/2022\/01\/cordees-de-reussite-eleves-deodatiens-ont-rencontre-leurs-mentors-2\/#primaryimage"},"image":{"@id":"https:\/\/vosgesinfo.fr\/saintdieinfo\/2022\/01\/cordees-de-reussite-eleves-deodatiens-ont-rencontre-leurs-mentors-2\/#primaryimage"},"thumbnailUrl":"https:\/\/vosgesinfo.fr\/app\/uploads\/sites\/4\/2024\/08\/202201cordees-reussite-lycee-georges-baumont-8-3.jpg","datePublished":"2022-01-19T07:00:29+00:00","dateModified":"2022-01-19T07:00:29+00:00","breadcrumb":{"@id":"https:\/\/vosgesinfo.fr\/saintdieinfo\/2022\/01\/cordees-de-reussite-eleves-deodatiens-ont-rencontre-leurs-mentors-2\/#breadcrumb"},"inLanguage":"fr-FR","potentialAction":[{"@type":"ReadAction","target":["https:\/\/vosgesinfo.fr\/saintdieinfo\/2022\/01\/cordees-de-reussite-eleves-deodatiens-ont-rencontre-leurs-mentors-2\/"]}]},{"@type":"ImageObject","inLanguage":"fr-FR","@id":"https:\/\/vosgesinfo.fr\/saintdieinfo\/2022\/01\/cordees-de-reussite-eleves-deodatiens-ont-rencontre-leurs-mentors-2\/#primaryimage","url":"https:\/\/vosgesinfo.fr\/app\/uploads\/sites\/4\/2024\/08\/202201cordees-reussite-lycee-georges-baumont-8-3.jpg","contentUrl":"https:\/\/vosgesinfo.fr\/app\/uploads\/sites\/4\/2024\/08\/202201cordees-reussite-lycee-georges-baumont-8-3.jpg","width":1600,"height":1205},{"@type":"BreadcrumbList","@id":"https:\/\/vosgesinfo.fr\/saintdieinfo\/2022\/01\/cordees-de-reussite-eleves-deodatiens-ont-rencontre-leurs-mentors-2\/#breadcrumb","itemListElement":[{"@type":"ListItem","position":1,"name":"Home","item":"https:\/\/vosgesinfo.fr\/saintdieinfo\/"},{"@type":"ListItem","position":2,"name":"Cord\u00e9es de la r\u00e9ussite\u00a0: des \u00e9l\u00e8ves d\u00e9odatiens ont rencontr\u00e9 leurs mentors"}]},{"@type":"WebSite","@id":"https:\/\/vosgesinfo.fr\/saintdieinfo\/#website","url":"https:\/\/vosgesinfo.fr\/saintdieinfo\/","name":"Saint Die Info","description":"Toute l&#039;actualit\u00e9 de Saint-Di\u00e9-Des-Vosges","publisher":{"@id":"https:\/\/vosgesinfo.fr\/saintdieinfo\/#organization"},"alternateName":"Toute l'actualit\u00e9 de Saint-Di\u00e9-Des-Vosges","potentialAction":[{"@type":"SearchAction","target":{"@type":"EntryPoint","urlTemplate":"https:\/\/vosgesinfo.fr\/saintdieinfo\/?s={search_term_string}"},"query-input":"required name=search_term_string"}],"inLanguage":"fr-FR"},{"@type":"Organization","@id":"https:\/\/vosgesinfo.fr\/saintdieinfo\/#organization","name":"Saint Die Info","url":"https:\/\/vosgesinfo.fr\/saintdieinfo\/","logo":{"@type":"ImageObject","inLanguage":"fr-FR","@id":"https:\/\/vosgesinfo.fr\/saintdieinfo\/#\/schema\/logo\/image\/","url":"https:\/\/vosgesinfo.fr\/app\/uploads\/sites\/4\/2024\/02\/logo-sdi.jpg","contentUrl":"https:\/\/vosgesinfo.fr\/app\/uploads\/sites\/4\/2024\/02\/logo-sdi.jpg","width":600,"height":600,"caption":"Saint Die Info"},"image":{"@id":"https:\/\/vosgesinfo.fr\/saintdieinfo\/#\/schema\/logo\/image\/"},"sameAs":["https:\/\/www.facebook.com\/Saintdieinfofr","https:\/\/x.com\/VosgesInfo88","https:\/\/www.youtube.com\/@vosgesinfo"]},{"@type":"Person","@id":"https:\/\/vosgesinfo.fr\/saintdieinfo\/#\/schema\/person\/faee6704a21f3977511db84bd1cd450f","name":"la r\u00e9daction","image":{"@type":"ImageObject","inLanguage":"fr-FR","@id":"https:\/\/vosgesinfo.fr\/saintdieinfo\/#\/schema\/person\/image\/","url":"https:\/\/secure.gravatar.com\/avatar\/6673d8bc6a9c17fa9a453eaa3448de834fa308c2ec9635b7aa99441a7c8d2cf6?s=96&d=mm&r=g","contentUrl":"https:\/\/secure.gravatar.com\/avatar\/6673d8bc6a9c17fa9a453eaa3448de834fa308c2ec9635b7aa99441a7c8d2cf6?s=96&d=mm&r=g","caption":"la r\u00e9daction"},"url":"https:\/\/vosgesinfo.fr\/saintdieinfo\/author\/redac\/"}]}},"_links":{"self":[{"href":"https:\/\/vosgesinfo.fr\/saintdieinfo\/wp-json\/wp\/v2\/posts\/49484","targetHints":{"allow":["GET"]}}],"collection":[{"href":"https:\/\/vosgesinfo.fr\/saintdieinfo\/wp-json\/wp\/v2\/posts"}],"about":[{"href":"https:\/\/vosgesinfo.fr\/saintdieinfo\/wp-json\/wp\/v2\/types\/post"}],"author":[{"embeddable":true,"href":"https:\/\/vosgesinfo.fr\/saintdieinfo\/wp-json\/wp\/v2\/users\/44"}],"replies":[{"embeddable":true,"href":"https:\/\/vosgesinfo.fr\/saintdieinfo\/wp-json\/wp\/v2\/comments?post=49484"}],"version-history":[{"count":0,"href":"https:\/\/vosgesinfo.fr\/saintdieinfo\/wp-json\/wp\/v2\/posts\/49484\/revisions"}],"wp:featuredmedia":[{"embeddable":true,"href":"https:\/\/vosgesinfo.fr\/saintdieinfo\/wp-json\/wp\/v2\/media\/49485"}],"wp:attachment":[{"href":"https:\/\/vosgesinfo.fr\/saintdieinfo\/wp-json\/wp\/v2\/media?parent=49484"}],"wp:term":[{"taxonomy":"category","embeddable":true,"href":"https:\/\/vosgesinfo.fr\/saintdieinfo\/wp-json\/wp\/v2\/categories?post=49484"},{"taxonomy":"post_tag","embeddable":true,"href":"https:\/\/vosgesinfo.fr\/saintdieinfo\/wp-json\/wp\/v2\/tags?post=49484"}],"curies":[{"name":"wp","href":"https:\/\/api.w.org\/{rel}","templated":true}]}}