{"id":49694,"date":"2022-01-27T11:00:27","date_gmt":"2022-01-27T10:00:27","guid":{"rendered":"https:\/\/vosgesinfo.fr\/saintdieinfo\/2022\/01\/vosges-pres-de-300-personnes-rue-exiger-augmentations-de-salaires-2\/"},"modified":"2022-01-27T11:00:27","modified_gmt":"2022-01-27T10:00:27","slug":"vosges-pres-de-300-personnes-rue-exiger-augmentations-de-salaires-2","status":"publish","type":"post","link":"https:\/\/vosgesinfo.fr\/saintdieinfo\/2022\/01\/vosges-pres-de-300-personnes-rue-exiger-augmentations-de-salaires-2\/","title":{"rendered":"Vosges \u2013 Pr\u00e8s de 300 personnes dans la rue pour exiger des augmentations de salaires"},"content":{"rendered":"<h2><a href=\"\/2022\/01\/manifestation-epinal-14.jpg\" target=\"_blank\" rel=\"noopener\"><img decoding=\"async\" class=\"aligncenter wp-image-177959 size-full\" src=\"\/2022\/01\/manifestation-epinal-14.jpg\" alt=\"manifestation-epinal-14\" width=\"800\" height=\"600\" \/><\/a><\/h2>\n<h2><strong><span style=\"font-size: 14pt;\">Ce jeudi matin, pr\u00e8s de 300 personnes manifestaient dans les rues d\u2019Epinal pour d\u00e9noncer les bas salaires.\u00a0<\/span><\/strong><\/h2>\n<p><!--more--><\/p>\n<p>A l\u2019appel de la CGT, FO, FSU, et Solidaires, pr\u00e8s de 300 personnes manifestaient ce jeudi matin dans les rues de la cit\u00e9 des Images. Ils \u00e9taient rassembl\u00e9 devant la pr\u00e9fecture des Vosges, place Foch, avant de d\u00e9filer dans le centre-ville\u00a0pour r\u00e9clamer une augmentation des salaires, pensions et minima sociaux.<\/p>\n<p>La suite de l&rsquo;article : <a href=\"https:\/\/epinalinfos.fr\/2022\/01\/manifestation-a-epinal-pres-de-300-personnes-rue-exiger-augmentations-de-salaires\/\" target=\"_blank\" rel=\"noopener\">https:\/\/epinalinfos.fr\/2022\/01\/manifestation-a-epinal-pres-de-300-personnes-rue-exiger-augmentations-de-salaires\/<\/a><\/p>\n","protected":false},"excerpt":{"rendered":"<p>Ce jeudi matin, pr\u00e8s de 300 personnes manifestaient dans les rues d\u2019Epinal pour d\u00e9noncer les bas salaires.\u00a0<\/p>\n","protected":false},"author":44,"featured_media":49695,"comment_status":"open","ping_status":"open","sticky":false,"template":"","format":"standard","meta":{"footnotes":""},"categories":[460,10,18],"tags":[136,41,581,10074,10110,7486],"class_list":["post-49694","post","type-post","status-publish","format-standard","has-post-thumbnail","hentry","category-a-la-une","category-politique","category-vosges","tag-cgt","tag-epinal","tag-fo","tag-fsu","tag-manifestation-a-epinal","tag-solidaires"],"acf":[],"yoast_head":"<!-- This site is optimized with the Yoast SEO plugin v22.5 - https:\/\/yoast.com\/wordpress\/plugins\/seo\/ -->\n<title>Vosges \u2013 Pr\u00e8s de 300 personnes dans la rue pour exiger des augmentations de salaires - Saint Die Info<\/title>\n<meta name=\"robots\" content=\"index, follow, max-snippet:-1, max-image-preview:large, max-video-preview:-1\" \/>\n<link rel=\"canonical\" href=\"https:\/\/vosgesinfo.fr\/saintdieinfo\/2022\/01\/vosges-pres-de-300-personnes-rue-exiger-augmentations-de-salaires-2\/\" \/>\n<meta name=\"twitter:card\" content=\"summary_large_image\" \/>\n<meta name=\"twitter:title\" content=\"Vosges \u2013 Pr\u00e8s de 300 personnes dans la rue pour exiger des augmentations de salaires - Saint Die Info\" \/>\n<meta name=\"twitter:description\" content=\"Ce jeudi matin, pr\u00e8s de 300 personnes manifestaient dans les rues d\u2019Epinal pour d\u00e9noncer les bas salaires.\u00a0\" \/>\n<meta name=\"twitter:image\" content=\"https:\/\/vosgesinfo.fr\/app\/uploads\/sites\/4\/2024\/08\/202201manifestation-epinal-14-1.jpg\" \/>\n<meta name=\"twitter:creator\" content=\"@VosgesInfo88\" \/>\n<meta name=\"twitter:site\" content=\"@VosgesInfo88\" \/>\n<meta name=\"twitter:label1\" content=\"\u00c9crit par\" \/>\n\t<meta name=\"twitter:data1\" content=\"la r\u00e9daction\" \/>\n<script type=\"application\/ld+json\" class=\"yoast-schema-graph\">{\"@context\":\"https:\/\/schema.org\",\"@graph\":[{\"@type\":\"Article\",\"@id\":\"https:\/\/vosgesinfo.fr\/saintdieinfo\/2022\/01\/vosges-pres-de-300-personnes-rue-exiger-augmentations-de-salaires-2\/#article\",\"isPartOf\":{\"@id\":\"https:\/\/vosgesinfo.fr\/saintdieinfo\/2022\/01\/vosges-pres-de-300-personnes-rue-exiger-augmentations-de-salaires-2\/\"},\"author\":{\"name\":\"la r\u00e9daction\",\"@id\":\"https:\/\/vosgesinfo.fr\/saintdieinfo\/#\/schema\/person\/faee6704a21f3977511db84bd1cd450f\"},\"headline\":\"Vosges \u2013 Pr\u00e8s de 300 personnes dans la rue pour exiger des augmentations de salaires\",\"datePublished\":\"2022-01-27T10:00:27+00:00\",\"dateModified\":\"2022-01-27T10:00:27+00:00\",\"mainEntityOfPage\":{\"@id\":\"https:\/\/vosgesinfo.fr\/saintdieinfo\/2022\/01\/vosges-pres-de-300-personnes-rue-exiger-augmentations-de-salaires-2\/\"},\"wordCount\":98,\"commentCount\":0,\"publisher\":{\"@id\":\"https:\/\/vosgesinfo.fr\/saintdieinfo\/#organization\"},\"image\":{\"@id\":\"https:\/\/vosgesinfo.fr\/saintdieinfo\/2022\/01\/vosges-pres-de-300-personnes-rue-exiger-augmentations-de-salaires-2\/#primaryimage\"},\"thumbnailUrl\":\"https:\/\/vosgesinfo.fr\/app\/uploads\/sites\/4\/2024\/08\/202201manifestation-epinal-14-1.jpg\",\"keywords\":[\"CGT\",\"Epinal\",\"FO\",\"FSU\",\"Manifestation \u00e0 Epinal\",\"Solidaires\"],\"articleSection\":[\"A la Une\",\"Politique\",\"Vosges\"],\"inLanguage\":\"fr-FR\",\"potentialAction\":[{\"@type\":\"CommentAction\",\"name\":\"Comment\",\"target\":[\"https:\/\/vosgesinfo.fr\/saintdieinfo\/2022\/01\/vosges-pres-de-300-personnes-rue-exiger-augmentations-de-salaires-2\/#respond\"]}]},{\"@type\":\"WebPage\",\"@id\":\"https:\/\/vosgesinfo.fr\/saintdieinfo\/2022\/01\/vosges-pres-de-300-personnes-rue-exiger-augmentations-de-salaires-2\/\",\"url\":\"https:\/\/vosgesinfo.fr\/saintdieinfo\/2022\/01\/vosges-pres-de-300-personnes-rue-exiger-augmentations-de-salaires-2\/\",\"name\":\"Vosges \u2013 Pr\u00e8s de 300 personnes dans la rue pour exiger des augmentations de salaires - Saint Die Info\",\"isPartOf\":{\"@id\":\"https:\/\/vosgesinfo.fr\/saintdieinfo\/#website\"},\"primaryImageOfPage\":{\"@id\":\"https:\/\/vosgesinfo.fr\/saintdieinfo\/2022\/01\/vosges-pres-de-300-personnes-rue-exiger-augmentations-de-salaires-2\/#primaryimage\"},\"image\":{\"@id\":\"https:\/\/vosgesinfo.fr\/saintdieinfo\/2022\/01\/vosges-pres-de-300-personnes-rue-exiger-augmentations-de-salaires-2\/#primaryimage\"},\"thumbnailUrl\":\"https:\/\/vosgesinfo.fr\/app\/uploads\/sites\/4\/2024\/08\/202201manifestation-epinal-14-1.jpg\",\"datePublished\":\"2022-01-27T10:00:27+00:00\",\"dateModified\":\"2022-01-27T10:00:27+00:00\",\"breadcrumb\":{\"@id\":\"https:\/\/vosgesinfo.fr\/saintdieinfo\/2022\/01\/vosges-pres-de-300-personnes-rue-exiger-augmentations-de-salaires-2\/#breadcrumb\"},\"inLanguage\":\"fr-FR\",\"potentialAction\":[{\"@type\":\"ReadAction\",\"target\":[\"https:\/\/vosgesinfo.fr\/saintdieinfo\/2022\/01\/vosges-pres-de-300-personnes-rue-exiger-augmentations-de-salaires-2\/\"]}]},{\"@type\":\"ImageObject\",\"inLanguage\":\"fr-FR\",\"@id\":\"https:\/\/vosgesinfo.fr\/saintdieinfo\/2022\/01\/vosges-pres-de-300-personnes-rue-exiger-augmentations-de-salaires-2\/#primaryimage\",\"url\":\"https:\/\/vosgesinfo.fr\/app\/uploads\/sites\/4\/2024\/08\/202201manifestation-epinal-14-1.jpg\",\"contentUrl\":\"https:\/\/vosgesinfo.fr\/app\/uploads\/sites\/4\/2024\/08\/202201manifestation-epinal-14-1.jpg\",\"width\":800,\"height\":600},{\"@type\":\"BreadcrumbList\",\"@id\":\"https:\/\/vosgesinfo.fr\/saintdieinfo\/2022\/01\/vosges-pres-de-300-personnes-rue-exiger-augmentations-de-salaires-2\/#breadcrumb\",\"itemListElement\":[{\"@type\":\"ListItem\",\"position\":1,\"name\":\"Home\",\"item\":\"https:\/\/vosgesinfo.fr\/saintdieinfo\/\"},{\"@type\":\"ListItem\",\"position\":2,\"name\":\"Vosges \u2013 Pr\u00e8s de 300 personnes dans la rue pour exiger des augmentations de salaires\"}]},{\"@type\":\"WebSite\",\"@id\":\"https:\/\/vosgesinfo.fr\/saintdieinfo\/#website\",\"url\":\"https:\/\/vosgesinfo.fr\/saintdieinfo\/\",\"name\":\"Saint Die Info\",\"description\":\"Toute l&#039;actualit\u00e9 de Saint-Di\u00e9-Des-Vosges\",\"publisher\":{\"@id\":\"https:\/\/vosgesinfo.fr\/saintdieinfo\/#organization\"},\"alternateName\":\"Toute l'actualit\u00e9 de Saint-Di\u00e9-Des-Vosges\",\"potentialAction\":[{\"@type\":\"SearchAction\",\"target\":{\"@type\":\"EntryPoint\",\"urlTemplate\":\"https:\/\/vosgesinfo.fr\/saintdieinfo\/?s={search_term_string}\"},\"query-input\":\"required name=search_term_string\"}],\"inLanguage\":\"fr-FR\"},{\"@type\":\"Organization\",\"@id\":\"https:\/\/vosgesinfo.fr\/saintdieinfo\/#organization\",\"name\":\"Saint Die Info\",\"url\":\"https:\/\/vosgesinfo.fr\/saintdieinfo\/\",\"logo\":{\"@type\":\"ImageObject\",\"inLanguage\":\"fr-FR\",\"@id\":\"https:\/\/vosgesinfo.fr\/saintdieinfo\/#\/schema\/logo\/image\/\",\"url\":\"https:\/\/vosgesinfo.fr\/app\/uploads\/sites\/4\/2024\/02\/logo-sdi.jpg\",\"contentUrl\":\"https:\/\/vosgesinfo.fr\/app\/uploads\/sites\/4\/2024\/02\/logo-sdi.jpg\",\"width\":600,\"height\":600,\"caption\":\"Saint Die Info\"},\"image\":{\"@id\":\"https:\/\/vosgesinfo.fr\/saintdieinfo\/#\/schema\/logo\/image\/\"},\"sameAs\":[\"https:\/\/www.facebook.com\/Saintdieinfofr\",\"https:\/\/x.com\/VosgesInfo88\",\"https:\/\/www.youtube.com\/@vosgesinfo\"]},{\"@type\":\"Person\",\"@id\":\"https:\/\/vosgesinfo.fr\/saintdieinfo\/#\/schema\/person\/faee6704a21f3977511db84bd1cd450f\",\"name\":\"la r\u00e9daction\",\"image\":{\"@type\":\"ImageObject\",\"inLanguage\":\"fr-FR\",\"@id\":\"https:\/\/vosgesinfo.fr\/saintdieinfo\/#\/schema\/person\/image\/\",\"url\":\"https:\/\/secure.gravatar.com\/avatar\/6673d8bc6a9c17fa9a453eaa3448de834fa308c2ec9635b7aa99441a7c8d2cf6?s=96&d=mm&r=g\",\"contentUrl\":\"https:\/\/secure.gravatar.com\/avatar\/6673d8bc6a9c17fa9a453eaa3448de834fa308c2ec9635b7aa99441a7c8d2cf6?s=96&d=mm&r=g\",\"caption\":\"la r\u00e9daction\"},\"url\":\"https:\/\/vosgesinfo.fr\/saintdieinfo\/author\/redac\/\"}]}<\/script>\n<!-- \/ Yoast SEO plugin. -->","yoast_head_json":{"title":"Vosges \u2013 Pr\u00e8s de 300 personnes dans la rue pour exiger des augmentations de salaires - Saint Die Info","robots":{"index":"index","follow":"follow","max-snippet":"max-snippet:-1","max-image-preview":"max-image-preview:large","max-video-preview":"max-video-preview:-1"},"canonical":"https:\/\/vosgesinfo.fr\/saintdieinfo\/2022\/01\/vosges-pres-de-300-personnes-rue-exiger-augmentations-de-salaires-2\/","twitter_card":"summary_large_image","twitter_title":"Vosges \u2013 Pr\u00e8s de 300 personnes dans la rue pour exiger des augmentations de salaires - Saint Die Info","twitter_description":"Ce jeudi matin, pr\u00e8s de 300 personnes manifestaient dans les rues d\u2019Epinal pour d\u00e9noncer les bas salaires.\u00a0","twitter_image":"https:\/\/vosgesinfo.fr\/app\/uploads\/sites\/4\/2024\/08\/202201manifestation-epinal-14-1.jpg","twitter_creator":"@VosgesInfo88","twitter_site":"@VosgesInfo88","twitter_misc":{"\u00c9crit par":"la r\u00e9daction"},"schema":{"@context":"https:\/\/schema.org","@graph":[{"@type":"Article","@id":"https:\/\/vosgesinfo.fr\/saintdieinfo\/2022\/01\/vosges-pres-de-300-personnes-rue-exiger-augmentations-de-salaires-2\/#article","isPartOf":{"@id":"https:\/\/vosgesinfo.fr\/saintdieinfo\/2022\/01\/vosges-pres-de-300-personnes-rue-exiger-augmentations-de-salaires-2\/"},"author":{"name":"la r\u00e9daction","@id":"https:\/\/vosgesinfo.fr\/saintdieinfo\/#\/schema\/person\/faee6704a21f3977511db84bd1cd450f"},"headline":"Vosges \u2013 Pr\u00e8s de 300 personnes dans la rue pour exiger des augmentations de salaires","datePublished":"2022-01-27T10:00:27+00:00","dateModified":"2022-01-27T10:00:27+00:00","mainEntityOfPage":{"@id":"https:\/\/vosgesinfo.fr\/saintdieinfo\/2022\/01\/vosges-pres-de-300-personnes-rue-exiger-augmentations-de-salaires-2\/"},"wordCount":98,"commentCount":0,"publisher":{"@id":"https:\/\/vosgesinfo.fr\/saintdieinfo\/#organization"},"image":{"@id":"https:\/\/vosgesinfo.fr\/saintdieinfo\/2022\/01\/vosges-pres-de-300-personnes-rue-exiger-augmentations-de-salaires-2\/#primaryimage"},"thumbnailUrl":"https:\/\/vosgesinfo.fr\/app\/uploads\/sites\/4\/2024\/08\/202201manifestation-epinal-14-1.jpg","keywords":["CGT","Epinal","FO","FSU","Manifestation \u00e0 Epinal","Solidaires"],"articleSection":["A la Une","Politique","Vosges"],"inLanguage":"fr-FR","potentialAction":[{"@type":"CommentAction","name":"Comment","target":["https:\/\/vosgesinfo.fr\/saintdieinfo\/2022\/01\/vosges-pres-de-300-personnes-rue-exiger-augmentations-de-salaires-2\/#respond"]}]},{"@type":"WebPage","@id":"https:\/\/vosgesinfo.fr\/saintdieinfo\/2022\/01\/vosges-pres-de-300-personnes-rue-exiger-augmentations-de-salaires-2\/","url":"https:\/\/vosgesinfo.fr\/saintdieinfo\/2022\/01\/vosges-pres-de-300-personnes-rue-exiger-augmentations-de-salaires-2\/","name":"Vosges \u2013 Pr\u00e8s de 300 personnes dans la rue pour exiger des augmentations de salaires - Saint Die Info","isPartOf":{"@id":"https:\/\/vosgesinfo.fr\/saintdieinfo\/#website"},"primaryImageOfPage":{"@id":"https:\/\/vosgesinfo.fr\/saintdieinfo\/2022\/01\/vosges-pres-de-300-personnes-rue-exiger-augmentations-de-salaires-2\/#primaryimage"},"image":{"@id":"https:\/\/vosgesinfo.fr\/saintdieinfo\/2022\/01\/vosges-pres-de-300-personnes-rue-exiger-augmentations-de-salaires-2\/#primaryimage"},"thumbnailUrl":"https:\/\/vosgesinfo.fr\/app\/uploads\/sites\/4\/2024\/08\/202201manifestation-epinal-14-1.jpg","datePublished":"2022-01-27T10:00:27+00:00","dateModified":"2022-01-27T10:00:27+00:00","breadcrumb":{"@id":"https:\/\/vosgesinfo.fr\/saintdieinfo\/2022\/01\/vosges-pres-de-300-personnes-rue-exiger-augmentations-de-salaires-2\/#breadcrumb"},"inLanguage":"fr-FR","potentialAction":[{"@type":"ReadAction","target":["https:\/\/vosgesinfo.fr\/saintdieinfo\/2022\/01\/vosges-pres-de-300-personnes-rue-exiger-augmentations-de-salaires-2\/"]}]},{"@type":"ImageObject","inLanguage":"fr-FR","@id":"https:\/\/vosgesinfo.fr\/saintdieinfo\/2022\/01\/vosges-pres-de-300-personnes-rue-exiger-augmentations-de-salaires-2\/#primaryimage","url":"https:\/\/vosgesinfo.fr\/app\/uploads\/sites\/4\/2024\/08\/202201manifestation-epinal-14-1.jpg","contentUrl":"https:\/\/vosgesinfo.fr\/app\/uploads\/sites\/4\/2024\/08\/202201manifestation-epinal-14-1.jpg","width":800,"height":600},{"@type":"BreadcrumbList","@id":"https:\/\/vosgesinfo.fr\/saintdieinfo\/2022\/01\/vosges-pres-de-300-personnes-rue-exiger-augmentations-de-salaires-2\/#breadcrumb","itemListElement":[{"@type":"ListItem","position":1,"name":"Home","item":"https:\/\/vosgesinfo.fr\/saintdieinfo\/"},{"@type":"ListItem","position":2,"name":"Vosges \u2013 Pr\u00e8s de 300 personnes dans la rue pour exiger des augmentations de salaires"}]},{"@type":"WebSite","@id":"https:\/\/vosgesinfo.fr\/saintdieinfo\/#website","url":"https:\/\/vosgesinfo.fr\/saintdieinfo\/","name":"Saint Die Info","description":"Toute l&#039;actualit\u00e9 de Saint-Di\u00e9-Des-Vosges","publisher":{"@id":"https:\/\/vosgesinfo.fr\/saintdieinfo\/#organization"},"alternateName":"Toute l'actualit\u00e9 de Saint-Di\u00e9-Des-Vosges","potentialAction":[{"@type":"SearchAction","target":{"@type":"EntryPoint","urlTemplate":"https:\/\/vosgesinfo.fr\/saintdieinfo\/?s={search_term_string}"},"query-input":"required name=search_term_string"}],"inLanguage":"fr-FR"},{"@type":"Organization","@id":"https:\/\/vosgesinfo.fr\/saintdieinfo\/#organization","name":"Saint Die Info","url":"https:\/\/vosgesinfo.fr\/saintdieinfo\/","logo":{"@type":"ImageObject","inLanguage":"fr-FR","@id":"https:\/\/vosgesinfo.fr\/saintdieinfo\/#\/schema\/logo\/image\/","url":"https:\/\/vosgesinfo.fr\/app\/uploads\/sites\/4\/2024\/02\/logo-sdi.jpg","contentUrl":"https:\/\/vosgesinfo.fr\/app\/uploads\/sites\/4\/2024\/02\/logo-sdi.jpg","width":600,"height":600,"caption":"Saint Die Info"},"image":{"@id":"https:\/\/vosgesinfo.fr\/saintdieinfo\/#\/schema\/logo\/image\/"},"sameAs":["https:\/\/www.facebook.com\/Saintdieinfofr","https:\/\/x.com\/VosgesInfo88","https:\/\/www.youtube.com\/@vosgesinfo"]},{"@type":"Person","@id":"https:\/\/vosgesinfo.fr\/saintdieinfo\/#\/schema\/person\/faee6704a21f3977511db84bd1cd450f","name":"la r\u00e9daction","image":{"@type":"ImageObject","inLanguage":"fr-FR","@id":"https:\/\/vosgesinfo.fr\/saintdieinfo\/#\/schema\/person\/image\/","url":"https:\/\/secure.gravatar.com\/avatar\/6673d8bc6a9c17fa9a453eaa3448de834fa308c2ec9635b7aa99441a7c8d2cf6?s=96&d=mm&r=g","contentUrl":"https:\/\/secure.gravatar.com\/avatar\/6673d8bc6a9c17fa9a453eaa3448de834fa308c2ec9635b7aa99441a7c8d2cf6?s=96&d=mm&r=g","caption":"la r\u00e9daction"},"url":"https:\/\/vosgesinfo.fr\/saintdieinfo\/author\/redac\/"}]}},"_links":{"self":[{"href":"https:\/\/vosgesinfo.fr\/saintdieinfo\/wp-json\/wp\/v2\/posts\/49694","targetHints":{"allow":["GET"]}}],"collection":[{"href":"https:\/\/vosgesinfo.fr\/saintdieinfo\/wp-json\/wp\/v2\/posts"}],"about":[{"href":"https:\/\/vosgesinfo.fr\/saintdieinfo\/wp-json\/wp\/v2\/types\/post"}],"author":[{"embeddable":true,"href":"https:\/\/vosgesinfo.fr\/saintdieinfo\/wp-json\/wp\/v2\/users\/44"}],"replies":[{"embeddable":true,"href":"https:\/\/vosgesinfo.fr\/saintdieinfo\/wp-json\/wp\/v2\/comments?post=49694"}],"version-history":[{"count":0,"href":"https:\/\/vosgesinfo.fr\/saintdieinfo\/wp-json\/wp\/v2\/posts\/49694\/revisions"}],"wp:featuredmedia":[{"embeddable":true,"href":"https:\/\/vosgesinfo.fr\/saintdieinfo\/wp-json\/wp\/v2\/media\/49695"}],"wp:attachment":[{"href":"https:\/\/vosgesinfo.fr\/saintdieinfo\/wp-json\/wp\/v2\/media?parent=49694"}],"wp:term":[{"taxonomy":"category","embeddable":true,"href":"https:\/\/vosgesinfo.fr\/saintdieinfo\/wp-json\/wp\/v2\/categories?post=49694"},{"taxonomy":"post_tag","embeddable":true,"href":"https:\/\/vosgesinfo.fr\/saintdieinfo\/wp-json\/wp\/v2\/tags?post=49694"}],"curies":[{"name":"wp","href":"https:\/\/api.w.org\/{rel}","templated":true}]}}