{"id":49987,"date":"2022-02-05T19:17:44","date_gmt":"2022-02-05T18:17:44","guid":{"rendered":"https:\/\/vosgesinfo.fr\/saintdieinfo\/2022\/02\/winter-ultra-montee-tetras-edition-arrosee-o-combien-conviviale-2\/"},"modified":"2022-02-05T19:17:44","modified_gmt":"2022-02-05T18:17:44","slug":"winter-ultra-montee-tetras-edition-arrosee-o-combien-conviviale-2","status":"publish","type":"post","link":"https:\/\/vosgesinfo.fr\/saintdieinfo\/2022\/02\/winter-ultra-montee-tetras-edition-arrosee-o-combien-conviviale-2\/","title":{"rendered":"Winter ultra Mont\u00e9e du T\u00e9tras : une \u00e9dition arros\u00e9e mais \u00f4 combien conviviale"},"content":{"rendered":"<p><a href=\"\/2022\/02\/winter-ultra-mont\u00e9e-tetras-G\u00e9rardmer-1.jpg\" target=\"_blank\" rel=\"noopener\"><img decoding=\"async\" class=\"aligncenter wp-image-178427 size-large\" src=\"\/2022\/02\/winter-ultra-mont\u00e9e-tetras-G\u00e9rardmer-1-1024x684.jpg\" alt=\"winter-ultra-mont\u00e9e-tetras-G\u00e9rardmer-1\" width=\"960\" height=\"641\" \/><\/a><\/p>\n<h2><strong><span style=\"font-size: 14pt;\">Sous l\u2019\u00e9gide de Vosges Ski Alpinisme et de son animateur Jean-Baptiste Roussat, la nouvelle \u00e9dition du Winter Ultra Mont\u00e9e du T\u00e9tras a regroup\u00e9 22 courageux adeptes du ski-alpinisme. Le circuit parfaitement pr\u00e9par\u00e9 avec des conditions climatiques dantesques (d\u00e9luge de pluie) proposait un d\u00e9nivel\u00e9 de 750m avec une premi\u00e8re mont\u00e9e du Grand Haut via le bas du Renard et le Biazot, puis descente du T\u00e9tras \u00e9clair\u00e9, nouvelle mont\u00e9e du Grand Haut via la piste du Lynx, deuxi\u00e8me descente du T\u00e9tras et pour finir une derni\u00e8re mont\u00e9e du Pr\u00e9 Lynx. Rien que \u00e7a !!<\/span><\/strong><\/h2>\n<p><!--more--><\/p>\n<p>La suite de l&rsquo;article : <a href=\"https:\/\/gerardmerinfo.fr\/2022\/02\/winter-ultra-montee-tetras-edition-arrosee-o-combien-conviviale\/\" target=\"_blank\" rel=\"noopener\">https:\/\/gerardmerinfo.fr\/2022\/02\/winter-ultra-montee-tetras-edition-arrosee-o-combien-conviviale\/<\/a><\/p>\n","protected":false},"excerpt":{"rendered":"<p>Sous l\u2019\u00e9gide de Vosges Ski Alpinisme et de son animateur Jean-Baptiste Roussat, la nouvelle \u00e9dition du Winter Ultra Mont\u00e9e du [&hellip;]<\/p>\n","protected":false},"author":44,"featured_media":49988,"comment_status":"open","ping_status":"open","sticky":false,"template":"","format":"standard","meta":{"footnotes":""},"categories":[460,14,18],"tags":[79,10220],"class_list":["post-49987","post","type-post","status-publish","format-standard","has-post-thumbnail","hentry","category-a-la-une","category-sport","category-vosges","tag-gerardmer","tag-winter-ultra-montee-du-tetras"],"acf":[],"yoast_head":"<!-- This site is optimized with the Yoast SEO plugin v22.5 - https:\/\/yoast.com\/wordpress\/plugins\/seo\/ -->\n<title>Winter ultra Mont\u00e9e du T\u00e9tras : une \u00e9dition arros\u00e9e mais \u00f4 combien conviviale - Saint Die Info<\/title>\n<meta name=\"robots\" content=\"index, follow, max-snippet:-1, max-image-preview:large, max-video-preview:-1\" \/>\n<link rel=\"canonical\" href=\"https:\/\/vosgesinfo.fr\/saintdieinfo\/2022\/02\/winter-ultra-montee-tetras-edition-arrosee-o-combien-conviviale-2\/\" \/>\n<meta name=\"twitter:card\" content=\"summary_large_image\" \/>\n<meta name=\"twitter:title\" content=\"Winter ultra Mont\u00e9e du T\u00e9tras : une \u00e9dition arros\u00e9e mais \u00f4 combien conviviale - Saint Die Info\" \/>\n<meta name=\"twitter:description\" content=\"Sous l\u2019\u00e9gide de Vosges Ski Alpinisme et de son animateur Jean-Baptiste Roussat, la nouvelle \u00e9dition du Winter Ultra Mont\u00e9e du [&hellip;]\" \/>\n<meta name=\"twitter:image\" content=\"https:\/\/vosgesinfo.fr\/app\/uploads\/sites\/4\/2024\/08\/202202winter-ultra-montee-tetras-gerardmer-1-1.jpg\" \/>\n<meta name=\"twitter:creator\" content=\"@VosgesInfo88\" \/>\n<meta name=\"twitter:site\" content=\"@VosgesInfo88\" \/>\n<meta name=\"twitter:label1\" content=\"\u00c9crit par\" \/>\n\t<meta name=\"twitter:data1\" content=\"la r\u00e9daction\" \/>\n\t<meta name=\"twitter:label2\" content=\"Dur\u00e9e de lecture estim\u00e9e\" \/>\n\t<meta name=\"twitter:data2\" content=\"1 minute\" \/>\n<script type=\"application\/ld+json\" class=\"yoast-schema-graph\">{\"@context\":\"https:\/\/schema.org\",\"@graph\":[{\"@type\":\"Article\",\"@id\":\"https:\/\/vosgesinfo.fr\/saintdieinfo\/2022\/02\/winter-ultra-montee-tetras-edition-arrosee-o-combien-conviviale-2\/#article\",\"isPartOf\":{\"@id\":\"https:\/\/vosgesinfo.fr\/saintdieinfo\/2022\/02\/winter-ultra-montee-tetras-edition-arrosee-o-combien-conviviale-2\/\"},\"author\":{\"name\":\"la r\u00e9daction\",\"@id\":\"https:\/\/vosgesinfo.fr\/saintdieinfo\/#\/schema\/person\/faee6704a21f3977511db84bd1cd450f\"},\"headline\":\"Winter ultra Mont\u00e9e du T\u00e9tras : une \u00e9dition arros\u00e9e mais \u00f4 combien conviviale\",\"datePublished\":\"2022-02-05T18:17:44+00:00\",\"dateModified\":\"2022-02-05T18:17:44+00:00\",\"mainEntityOfPage\":{\"@id\":\"https:\/\/vosgesinfo.fr\/saintdieinfo\/2022\/02\/winter-ultra-montee-tetras-edition-arrosee-o-combien-conviviale-2\/\"},\"wordCount\":127,\"commentCount\":0,\"publisher\":{\"@id\":\"https:\/\/vosgesinfo.fr\/saintdieinfo\/#organization\"},\"image\":{\"@id\":\"https:\/\/vosgesinfo.fr\/saintdieinfo\/2022\/02\/winter-ultra-montee-tetras-edition-arrosee-o-combien-conviviale-2\/#primaryimage\"},\"thumbnailUrl\":\"https:\/\/vosgesinfo.fr\/app\/uploads\/sites\/4\/2024\/08\/202202winter-ultra-montee-tetras-gerardmer-1-1.jpg\",\"keywords\":[\"G\u00e9rardmer\",\"Winter ultra Mont\u00e9e du T\u00e9tras\"],\"articleSection\":[\"A la Une\",\"Sport\",\"Vosges\"],\"inLanguage\":\"fr-FR\",\"potentialAction\":[{\"@type\":\"CommentAction\",\"name\":\"Comment\",\"target\":[\"https:\/\/vosgesinfo.fr\/saintdieinfo\/2022\/02\/winter-ultra-montee-tetras-edition-arrosee-o-combien-conviviale-2\/#respond\"]}]},{\"@type\":\"WebPage\",\"@id\":\"https:\/\/vosgesinfo.fr\/saintdieinfo\/2022\/02\/winter-ultra-montee-tetras-edition-arrosee-o-combien-conviviale-2\/\",\"url\":\"https:\/\/vosgesinfo.fr\/saintdieinfo\/2022\/02\/winter-ultra-montee-tetras-edition-arrosee-o-combien-conviviale-2\/\",\"name\":\"Winter ultra Mont\u00e9e du T\u00e9tras : une \u00e9dition arros\u00e9e mais \u00f4 combien conviviale - Saint Die Info\",\"isPartOf\":{\"@id\":\"https:\/\/vosgesinfo.fr\/saintdieinfo\/#website\"},\"primaryImageOfPage\":{\"@id\":\"https:\/\/vosgesinfo.fr\/saintdieinfo\/2022\/02\/winter-ultra-montee-tetras-edition-arrosee-o-combien-conviviale-2\/#primaryimage\"},\"image\":{\"@id\":\"https:\/\/vosgesinfo.fr\/saintdieinfo\/2022\/02\/winter-ultra-montee-tetras-edition-arrosee-o-combien-conviviale-2\/#primaryimage\"},\"thumbnailUrl\":\"https:\/\/vosgesinfo.fr\/app\/uploads\/sites\/4\/2024\/08\/202202winter-ultra-montee-tetras-gerardmer-1-1.jpg\",\"datePublished\":\"2022-02-05T18:17:44+00:00\",\"dateModified\":\"2022-02-05T18:17:44+00:00\",\"breadcrumb\":{\"@id\":\"https:\/\/vosgesinfo.fr\/saintdieinfo\/2022\/02\/winter-ultra-montee-tetras-edition-arrosee-o-combien-conviviale-2\/#breadcrumb\"},\"inLanguage\":\"fr-FR\",\"potentialAction\":[{\"@type\":\"ReadAction\",\"target\":[\"https:\/\/vosgesinfo.fr\/saintdieinfo\/2022\/02\/winter-ultra-montee-tetras-edition-arrosee-o-combien-conviviale-2\/\"]}]},{\"@type\":\"ImageObject\",\"inLanguage\":\"fr-FR\",\"@id\":\"https:\/\/vosgesinfo.fr\/saintdieinfo\/2022\/02\/winter-ultra-montee-tetras-edition-arrosee-o-combien-conviviale-2\/#primaryimage\",\"url\":\"https:\/\/vosgesinfo.fr\/app\/uploads\/sites\/4\/2024\/08\/202202winter-ultra-montee-tetras-gerardmer-1-1.jpg\",\"contentUrl\":\"https:\/\/vosgesinfo.fr\/app\/uploads\/sites\/4\/2024\/08\/202202winter-ultra-montee-tetras-gerardmer-1-1.jpg\",\"width\":1600,\"height\":1068},{\"@type\":\"BreadcrumbList\",\"@id\":\"https:\/\/vosgesinfo.fr\/saintdieinfo\/2022\/02\/winter-ultra-montee-tetras-edition-arrosee-o-combien-conviviale-2\/#breadcrumb\",\"itemListElement\":[{\"@type\":\"ListItem\",\"position\":1,\"name\":\"Home\",\"item\":\"https:\/\/vosgesinfo.fr\/saintdieinfo\/\"},{\"@type\":\"ListItem\",\"position\":2,\"name\":\"Winter ultra Mont\u00e9e du T\u00e9tras : une \u00e9dition arros\u00e9e mais \u00f4 combien conviviale\"}]},{\"@type\":\"WebSite\",\"@id\":\"https:\/\/vosgesinfo.fr\/saintdieinfo\/#website\",\"url\":\"https:\/\/vosgesinfo.fr\/saintdieinfo\/\",\"name\":\"Saint Die Info\",\"description\":\"Toute l&#039;actualit\u00e9 de Saint-Di\u00e9-Des-Vosges\",\"publisher\":{\"@id\":\"https:\/\/vosgesinfo.fr\/saintdieinfo\/#organization\"},\"alternateName\":\"Toute l'actualit\u00e9 de Saint-Di\u00e9-Des-Vosges\",\"potentialAction\":[{\"@type\":\"SearchAction\",\"target\":{\"@type\":\"EntryPoint\",\"urlTemplate\":\"https:\/\/vosgesinfo.fr\/saintdieinfo\/?s={search_term_string}\"},\"query-input\":\"required name=search_term_string\"}],\"inLanguage\":\"fr-FR\"},{\"@type\":\"Organization\",\"@id\":\"https:\/\/vosgesinfo.fr\/saintdieinfo\/#organization\",\"name\":\"Saint Die Info\",\"url\":\"https:\/\/vosgesinfo.fr\/saintdieinfo\/\",\"logo\":{\"@type\":\"ImageObject\",\"inLanguage\":\"fr-FR\",\"@id\":\"https:\/\/vosgesinfo.fr\/saintdieinfo\/#\/schema\/logo\/image\/\",\"url\":\"https:\/\/vosgesinfo.fr\/app\/uploads\/sites\/4\/2024\/02\/logo-sdi.jpg\",\"contentUrl\":\"https:\/\/vosgesinfo.fr\/app\/uploads\/sites\/4\/2024\/02\/logo-sdi.jpg\",\"width\":600,\"height\":600,\"caption\":\"Saint Die Info\"},\"image\":{\"@id\":\"https:\/\/vosgesinfo.fr\/saintdieinfo\/#\/schema\/logo\/image\/\"},\"sameAs\":[\"https:\/\/www.facebook.com\/Saintdieinfofr\",\"https:\/\/x.com\/VosgesInfo88\",\"https:\/\/www.youtube.com\/@vosgesinfo\"]},{\"@type\":\"Person\",\"@id\":\"https:\/\/vosgesinfo.fr\/saintdieinfo\/#\/schema\/person\/faee6704a21f3977511db84bd1cd450f\",\"name\":\"la r\u00e9daction\",\"image\":{\"@type\":\"ImageObject\",\"inLanguage\":\"fr-FR\",\"@id\":\"https:\/\/vosgesinfo.fr\/saintdieinfo\/#\/schema\/person\/image\/\",\"url\":\"https:\/\/secure.gravatar.com\/avatar\/6673d8bc6a9c17fa9a453eaa3448de834fa308c2ec9635b7aa99441a7c8d2cf6?s=96&d=mm&r=g\",\"contentUrl\":\"https:\/\/secure.gravatar.com\/avatar\/6673d8bc6a9c17fa9a453eaa3448de834fa308c2ec9635b7aa99441a7c8d2cf6?s=96&d=mm&r=g\",\"caption\":\"la r\u00e9daction\"},\"url\":\"https:\/\/vosgesinfo.fr\/saintdieinfo\/author\/redac\/\"}]}<\/script>\n<!-- \/ Yoast SEO plugin. -->","yoast_head_json":{"title":"Winter ultra Mont\u00e9e du T\u00e9tras : une \u00e9dition arros\u00e9e mais \u00f4 combien conviviale - Saint Die Info","robots":{"index":"index","follow":"follow","max-snippet":"max-snippet:-1","max-image-preview":"max-image-preview:large","max-video-preview":"max-video-preview:-1"},"canonical":"https:\/\/vosgesinfo.fr\/saintdieinfo\/2022\/02\/winter-ultra-montee-tetras-edition-arrosee-o-combien-conviviale-2\/","twitter_card":"summary_large_image","twitter_title":"Winter ultra Mont\u00e9e du T\u00e9tras : une \u00e9dition arros\u00e9e mais \u00f4 combien conviviale - Saint Die Info","twitter_description":"Sous l\u2019\u00e9gide de Vosges Ski Alpinisme et de son animateur Jean-Baptiste Roussat, la nouvelle \u00e9dition du Winter Ultra Mont\u00e9e du [&hellip;]","twitter_image":"https:\/\/vosgesinfo.fr\/app\/uploads\/sites\/4\/2024\/08\/202202winter-ultra-montee-tetras-gerardmer-1-1.jpg","twitter_creator":"@VosgesInfo88","twitter_site":"@VosgesInfo88","twitter_misc":{"\u00c9crit par":"la r\u00e9daction","Dur\u00e9e de lecture estim\u00e9e":"1 minute"},"schema":{"@context":"https:\/\/schema.org","@graph":[{"@type":"Article","@id":"https:\/\/vosgesinfo.fr\/saintdieinfo\/2022\/02\/winter-ultra-montee-tetras-edition-arrosee-o-combien-conviviale-2\/#article","isPartOf":{"@id":"https:\/\/vosgesinfo.fr\/saintdieinfo\/2022\/02\/winter-ultra-montee-tetras-edition-arrosee-o-combien-conviviale-2\/"},"author":{"name":"la r\u00e9daction","@id":"https:\/\/vosgesinfo.fr\/saintdieinfo\/#\/schema\/person\/faee6704a21f3977511db84bd1cd450f"},"headline":"Winter ultra Mont\u00e9e du T\u00e9tras : une \u00e9dition arros\u00e9e mais \u00f4 combien conviviale","datePublished":"2022-02-05T18:17:44+00:00","dateModified":"2022-02-05T18:17:44+00:00","mainEntityOfPage":{"@id":"https:\/\/vosgesinfo.fr\/saintdieinfo\/2022\/02\/winter-ultra-montee-tetras-edition-arrosee-o-combien-conviviale-2\/"},"wordCount":127,"commentCount":0,"publisher":{"@id":"https:\/\/vosgesinfo.fr\/saintdieinfo\/#organization"},"image":{"@id":"https:\/\/vosgesinfo.fr\/saintdieinfo\/2022\/02\/winter-ultra-montee-tetras-edition-arrosee-o-combien-conviviale-2\/#primaryimage"},"thumbnailUrl":"https:\/\/vosgesinfo.fr\/app\/uploads\/sites\/4\/2024\/08\/202202winter-ultra-montee-tetras-gerardmer-1-1.jpg","keywords":["G\u00e9rardmer","Winter ultra Mont\u00e9e du T\u00e9tras"],"articleSection":["A la Une","Sport","Vosges"],"inLanguage":"fr-FR","potentialAction":[{"@type":"CommentAction","name":"Comment","target":["https:\/\/vosgesinfo.fr\/saintdieinfo\/2022\/02\/winter-ultra-montee-tetras-edition-arrosee-o-combien-conviviale-2\/#respond"]}]},{"@type":"WebPage","@id":"https:\/\/vosgesinfo.fr\/saintdieinfo\/2022\/02\/winter-ultra-montee-tetras-edition-arrosee-o-combien-conviviale-2\/","url":"https:\/\/vosgesinfo.fr\/saintdieinfo\/2022\/02\/winter-ultra-montee-tetras-edition-arrosee-o-combien-conviviale-2\/","name":"Winter ultra Mont\u00e9e du T\u00e9tras : une \u00e9dition arros\u00e9e mais \u00f4 combien conviviale - Saint Die Info","isPartOf":{"@id":"https:\/\/vosgesinfo.fr\/saintdieinfo\/#website"},"primaryImageOfPage":{"@id":"https:\/\/vosgesinfo.fr\/saintdieinfo\/2022\/02\/winter-ultra-montee-tetras-edition-arrosee-o-combien-conviviale-2\/#primaryimage"},"image":{"@id":"https:\/\/vosgesinfo.fr\/saintdieinfo\/2022\/02\/winter-ultra-montee-tetras-edition-arrosee-o-combien-conviviale-2\/#primaryimage"},"thumbnailUrl":"https:\/\/vosgesinfo.fr\/app\/uploads\/sites\/4\/2024\/08\/202202winter-ultra-montee-tetras-gerardmer-1-1.jpg","datePublished":"2022-02-05T18:17:44+00:00","dateModified":"2022-02-05T18:17:44+00:00","breadcrumb":{"@id":"https:\/\/vosgesinfo.fr\/saintdieinfo\/2022\/02\/winter-ultra-montee-tetras-edition-arrosee-o-combien-conviviale-2\/#breadcrumb"},"inLanguage":"fr-FR","potentialAction":[{"@type":"ReadAction","target":["https:\/\/vosgesinfo.fr\/saintdieinfo\/2022\/02\/winter-ultra-montee-tetras-edition-arrosee-o-combien-conviviale-2\/"]}]},{"@type":"ImageObject","inLanguage":"fr-FR","@id":"https:\/\/vosgesinfo.fr\/saintdieinfo\/2022\/02\/winter-ultra-montee-tetras-edition-arrosee-o-combien-conviviale-2\/#primaryimage","url":"https:\/\/vosgesinfo.fr\/app\/uploads\/sites\/4\/2024\/08\/202202winter-ultra-montee-tetras-gerardmer-1-1.jpg","contentUrl":"https:\/\/vosgesinfo.fr\/app\/uploads\/sites\/4\/2024\/08\/202202winter-ultra-montee-tetras-gerardmer-1-1.jpg","width":1600,"height":1068},{"@type":"BreadcrumbList","@id":"https:\/\/vosgesinfo.fr\/saintdieinfo\/2022\/02\/winter-ultra-montee-tetras-edition-arrosee-o-combien-conviviale-2\/#breadcrumb","itemListElement":[{"@type":"ListItem","position":1,"name":"Home","item":"https:\/\/vosgesinfo.fr\/saintdieinfo\/"},{"@type":"ListItem","position":2,"name":"Winter ultra Mont\u00e9e du T\u00e9tras : une \u00e9dition arros\u00e9e mais \u00f4 combien conviviale"}]},{"@type":"WebSite","@id":"https:\/\/vosgesinfo.fr\/saintdieinfo\/#website","url":"https:\/\/vosgesinfo.fr\/saintdieinfo\/","name":"Saint Die Info","description":"Toute l&#039;actualit\u00e9 de Saint-Di\u00e9-Des-Vosges","publisher":{"@id":"https:\/\/vosgesinfo.fr\/saintdieinfo\/#organization"},"alternateName":"Toute l'actualit\u00e9 de Saint-Di\u00e9-Des-Vosges","potentialAction":[{"@type":"SearchAction","target":{"@type":"EntryPoint","urlTemplate":"https:\/\/vosgesinfo.fr\/saintdieinfo\/?s={search_term_string}"},"query-input":"required name=search_term_string"}],"inLanguage":"fr-FR"},{"@type":"Organization","@id":"https:\/\/vosgesinfo.fr\/saintdieinfo\/#organization","name":"Saint Die Info","url":"https:\/\/vosgesinfo.fr\/saintdieinfo\/","logo":{"@type":"ImageObject","inLanguage":"fr-FR","@id":"https:\/\/vosgesinfo.fr\/saintdieinfo\/#\/schema\/logo\/image\/","url":"https:\/\/vosgesinfo.fr\/app\/uploads\/sites\/4\/2024\/02\/logo-sdi.jpg","contentUrl":"https:\/\/vosgesinfo.fr\/app\/uploads\/sites\/4\/2024\/02\/logo-sdi.jpg","width":600,"height":600,"caption":"Saint Die Info"},"image":{"@id":"https:\/\/vosgesinfo.fr\/saintdieinfo\/#\/schema\/logo\/image\/"},"sameAs":["https:\/\/www.facebook.com\/Saintdieinfofr","https:\/\/x.com\/VosgesInfo88","https:\/\/www.youtube.com\/@vosgesinfo"]},{"@type":"Person","@id":"https:\/\/vosgesinfo.fr\/saintdieinfo\/#\/schema\/person\/faee6704a21f3977511db84bd1cd450f","name":"la r\u00e9daction","image":{"@type":"ImageObject","inLanguage":"fr-FR","@id":"https:\/\/vosgesinfo.fr\/saintdieinfo\/#\/schema\/person\/image\/","url":"https:\/\/secure.gravatar.com\/avatar\/6673d8bc6a9c17fa9a453eaa3448de834fa308c2ec9635b7aa99441a7c8d2cf6?s=96&d=mm&r=g","contentUrl":"https:\/\/secure.gravatar.com\/avatar\/6673d8bc6a9c17fa9a453eaa3448de834fa308c2ec9635b7aa99441a7c8d2cf6?s=96&d=mm&r=g","caption":"la r\u00e9daction"},"url":"https:\/\/vosgesinfo.fr\/saintdieinfo\/author\/redac\/"}]}},"_links":{"self":[{"href":"https:\/\/vosgesinfo.fr\/saintdieinfo\/wp-json\/wp\/v2\/posts\/49987","targetHints":{"allow":["GET"]}}],"collection":[{"href":"https:\/\/vosgesinfo.fr\/saintdieinfo\/wp-json\/wp\/v2\/posts"}],"about":[{"href":"https:\/\/vosgesinfo.fr\/saintdieinfo\/wp-json\/wp\/v2\/types\/post"}],"author":[{"embeddable":true,"href":"https:\/\/vosgesinfo.fr\/saintdieinfo\/wp-json\/wp\/v2\/users\/44"}],"replies":[{"embeddable":true,"href":"https:\/\/vosgesinfo.fr\/saintdieinfo\/wp-json\/wp\/v2\/comments?post=49987"}],"version-history":[{"count":0,"href":"https:\/\/vosgesinfo.fr\/saintdieinfo\/wp-json\/wp\/v2\/posts\/49987\/revisions"}],"wp:featuredmedia":[{"embeddable":true,"href":"https:\/\/vosgesinfo.fr\/saintdieinfo\/wp-json\/wp\/v2\/media\/49988"}],"wp:attachment":[{"href":"https:\/\/vosgesinfo.fr\/saintdieinfo\/wp-json\/wp\/v2\/media?parent=49987"}],"wp:term":[{"taxonomy":"category","embeddable":true,"href":"https:\/\/vosgesinfo.fr\/saintdieinfo\/wp-json\/wp\/v2\/categories?post=49987"},{"taxonomy":"post_tag","embeddable":true,"href":"https:\/\/vosgesinfo.fr\/saintdieinfo\/wp-json\/wp\/v2\/tags?post=49987"}],"curies":[{"name":"wp","href":"https:\/\/api.w.org\/{rel}","templated":true}]}}