{"id":50021,"date":"2022-02-07T16:33:37","date_gmt":"2022-02-07T15:33:37","guid":{"rendered":"https:\/\/vosgesinfo.fr\/saintdieinfo\/2022\/02\/investissements-ecoles-deodatiennes-se-poursuivent-2\/"},"modified":"2022-02-07T16:33:37","modified_gmt":"2022-02-07T15:33:37","slug":"investissements-ecoles-deodatiennes-se-poursuivent-2","status":"publish","type":"post","link":"https:\/\/vosgesinfo.fr\/saintdieinfo\/2022\/02\/investissements-ecoles-deodatiennes-se-poursuivent-2\/","title":{"rendered":"Les investissements dans les \u00e9coles d\u00e9odatiennes se poursuivent"},"content":{"rendered":"<p><a href=\"\/2022\/02\/Cl\u00f4ture_Groupe_Scolaire_Jacques-Pr\u00e9vert-1.jpg\" target=\"_blank\" rel=\"noopener\"><img decoding=\"async\" class=\"aligncenter wp-image-178488 size-large\" src=\"\/2022\/02\/Cl\u00f4ture_Groupe_Scolaire_Jacques-Pr\u00e9vert-1-1024x771.jpg\" alt=\"Cl\u00f4ture_Groupe_Scolaire_Jacques-Pr\u00e9vert (1)\" width=\"960\" height=\"723\" \/><\/a><\/p>\n<h2><strong><span style=\"font-size: 14pt;\">La cour du groupe scolaire Jacques-Pr\u00e9vert du quartier Saint-Roch, qui accueille 170 \u00e9l\u00e8ves, a comme particularit\u00e9 de ne pas \u00eatre cl\u00f4tur\u00e9e. Ce sera bient\u00f4t chose faite.<\/span><\/strong><\/h2>\n<p><!--more--><\/p>\n<p><em>\u00ab\u00a0Jacques-Pr\u00e9vert est la seule \u00e9cole de la ville dont la cour n&rsquo;est pas cl\u00f4tur\u00e9e. Suite \u00e0 des demandes r\u00e9currentes de la part des enseignants et de certains parents, nous avons d\u00e9cid\u00e9 d&rsquo;installer une cl\u00f4ture pendant ces vacances de f\u00e9vrier. La cl\u00f4ture permettra de s\u00e9curiser l&rsquo;\u00e9cole, en emp\u00eachant notamment d&rsquo;\u00e9ventuelles intrusions\u00a0\u00bb<\/em> pr\u00e9cise le maire David Valence, qui s&rsquo;est rendu sur place ce lundi apr\u00e8s-midi avec l&rsquo;adjoint aux Travaux Patrick Zanchetta et le conseiller municipal d\u00e9l\u00e9gu\u00e9 aux Affaires scolaires Jean-Jo\u00ebl Piton.<\/p>\n<p>Une fois la cl\u00f4ture install\u00e9e, l&rsquo;acc\u00e8s au groupe scolaire se fera via 3 portails et 3 portillons. Des horaires seront programm\u00e9s pour contr\u00f4ler l&rsquo;ouverture automatique des portes \u00e0 diff\u00e9rents moments de la journ\u00e9e. En plus de cet investissement d&rsquo;un peu plus de 31 000 euros, un \u00e9l\u00e9vateur va \u00eatre install\u00e9 \u00e0 Jacques-Pr\u00e9vert dans un souci d&rsquo;accessibilit\u00e9, pour un montant d&rsquo;environ 90 000 euros.<\/p>\n<p>En parall\u00e8le, des investissements sont men\u00e9s par la Ville dans d&rsquo;autres \u00e9coles publiques de la commune. A Ferdinand-Brunot, des volets roulants sont pos\u00e9s pendant ces vacances, pour un montant \u00e0 hauteur de 60 000 euros, afin de prot\u00e9ger de la chaleur en p\u00e9riode estivale et de limiter la temp\u00e9rature ressentie. Du c\u00f4t\u00e9 du groupe scolaire Paul-Elbel, un \u00e9l\u00e9vateur va \u00e9galement \u00eatre install\u00e9 et les sanitaires vont \u00eatre refaits, l\u00e0 aussi pour une meilleure accessibilit\u00e9 de l&rsquo;\u00e9cole. Cette double op\u00e9ration repr\u00e9sente un investissement de 204 000 euros.<\/p>\n<p>A compter de la rentr\u00e9e du 21 f\u00e9vrier, des capteurs de CO\u00b2 \u00e9quiperont toutes les classes et les restaurants scolaires des \u00e9coles publiques de la ville. Et apr\u00e8s Baldensperger l&rsquo;an dernier, la d\u00e9marche de v\u00e9g\u00e9talisation des cours d&rsquo;\u00e9cole va se poursuivre cette ann\u00e9e, cette fois-ci \u00e0 Gaston-Colnat. Enfin, une \u00e9tude est actuellement conduite sur l&rsquo;ensemble des b\u00e2timents des \u00e9coles publiques d\u00e9odatiennes, pour identifier les investissements \u00e0 r\u00e9aliser \u00e0 l&rsquo;avenir comme d&rsquo;\u00e9ventuelles r\u00e9novations de toitures.<\/p>\n<p>J.J.<\/p>\n\n","protected":false},"excerpt":{"rendered":"<p>La cour du groupe scolaire Jacques-Pr\u00e9vert du quartier Saint-Roch, qui accueille 170 \u00e9l\u00e8ves, a comme particularit\u00e9 de ne pas \u00eatre [&hellip;]<\/p>\n","protected":false},"author":44,"featured_media":50022,"comment_status":"open","ping_status":"open","sticky":false,"template":"","format":"standard","meta":{"footnotes":""},"categories":[460,6,2915],"tags":[3202,10234,10235,3121,3240],"class_list":["post-50021","post","type-post","status-publish","format-standard","has-post-thumbnail","hentry","category-a-la-une","category-education","category-saint-die-son-canton","tag-ecoles-de-saint-die-des-vosges","tag-groupe-scolaire-jacques-prevert","tag-investissements-dans-les-ecoles-de-saint-die-des-vosges","tag-quartier-saint-roch","tag-ville-de-saint-die-des-vosges"],"acf":[],"yoast_head":"<!-- This site is optimized with the Yoast SEO plugin v22.5 - https:\/\/yoast.com\/wordpress\/plugins\/seo\/ -->\n<title>Les investissements dans les \u00e9coles d\u00e9odatiennes se poursuivent - Saint Die Info<\/title>\n<meta name=\"robots\" content=\"index, follow, max-snippet:-1, max-image-preview:large, max-video-preview:-1\" \/>\n<link rel=\"canonical\" href=\"https:\/\/vosgesinfo.fr\/saintdieinfo\/2022\/02\/investissements-ecoles-deodatiennes-se-poursuivent-2\/\" \/>\n<meta name=\"twitter:card\" content=\"summary_large_image\" \/>\n<meta name=\"twitter:title\" content=\"Les investissements dans les \u00e9coles d\u00e9odatiennes se poursuivent - Saint Die Info\" \/>\n<meta name=\"twitter:description\" content=\"La cour du groupe scolaire Jacques-Pr\u00e9vert du quartier Saint-Roch, qui accueille 170 \u00e9l\u00e8ves, a comme particularit\u00e9 de ne pas \u00eatre [&hellip;]\" \/>\n<meta name=\"twitter:image\" content=\"https:\/\/vosgesinfo.fr\/app\/uploads\/sites\/4\/2024\/08\/202202cloture-groupe-scolaire-jacques-prevert-4-3.jpg\" \/>\n<meta name=\"twitter:creator\" content=\"@VosgesInfo88\" \/>\n<meta name=\"twitter:site\" content=\"@VosgesInfo88\" \/>\n<meta name=\"twitter:label1\" content=\"\u00c9crit par\" \/>\n\t<meta name=\"twitter:data1\" content=\"la r\u00e9daction\" \/>\n\t<meta name=\"twitter:label2\" content=\"Dur\u00e9e de lecture estim\u00e9e\" \/>\n\t<meta name=\"twitter:data2\" content=\"2 minutes\" \/>\n<script type=\"application\/ld+json\" class=\"yoast-schema-graph\">{\"@context\":\"https:\/\/schema.org\",\"@graph\":[{\"@type\":\"Article\",\"@id\":\"https:\/\/vosgesinfo.fr\/saintdieinfo\/2022\/02\/investissements-ecoles-deodatiennes-se-poursuivent-2\/#article\",\"isPartOf\":{\"@id\":\"https:\/\/vosgesinfo.fr\/saintdieinfo\/2022\/02\/investissements-ecoles-deodatiennes-se-poursuivent-2\/\"},\"author\":{\"name\":\"la r\u00e9daction\",\"@id\":\"https:\/\/vosgesinfo.fr\/saintdieinfo\/#\/schema\/person\/faee6704a21f3977511db84bd1cd450f\"},\"headline\":\"Les investissements dans les \u00e9coles d\u00e9odatiennes se poursuivent\",\"datePublished\":\"2022-02-07T15:33:37+00:00\",\"dateModified\":\"2022-02-07T15:33:37+00:00\",\"mainEntityOfPage\":{\"@id\":\"https:\/\/vosgesinfo.fr\/saintdieinfo\/2022\/02\/investissements-ecoles-deodatiennes-se-poursuivent-2\/\"},\"wordCount\":394,\"commentCount\":0,\"publisher\":{\"@id\":\"https:\/\/vosgesinfo.fr\/saintdieinfo\/#organization\"},\"image\":{\"@id\":\"https:\/\/vosgesinfo.fr\/saintdieinfo\/2022\/02\/investissements-ecoles-deodatiennes-se-poursuivent-2\/#primaryimage\"},\"thumbnailUrl\":\"https:\/\/vosgesinfo.fr\/app\/uploads\/sites\/4\/2024\/08\/202202cloture-groupe-scolaire-jacques-prevert-4-3.jpg\",\"keywords\":[\"Ecoles de Saint-Di\u00e9-des-Vosges\",\"Groupe scolaire Jacques-Pr\u00e9vert\",\"Investissements dans les \u00e9coles de Saint-Di\u00e9-des-Vosges\",\"Quartier Saint-Roch\",\"Ville de Saint-Di\u00e9-des-Vosges\"],\"articleSection\":[\"A la Une\",\"\u00c9ducation\",\"Saint-Di\u00e9-des-Vosges et son Agglom\u00e9ration\"],\"inLanguage\":\"fr-FR\",\"potentialAction\":[{\"@type\":\"CommentAction\",\"name\":\"Comment\",\"target\":[\"https:\/\/vosgesinfo.fr\/saintdieinfo\/2022\/02\/investissements-ecoles-deodatiennes-se-poursuivent-2\/#respond\"]}]},{\"@type\":\"WebPage\",\"@id\":\"https:\/\/vosgesinfo.fr\/saintdieinfo\/2022\/02\/investissements-ecoles-deodatiennes-se-poursuivent-2\/\",\"url\":\"https:\/\/vosgesinfo.fr\/saintdieinfo\/2022\/02\/investissements-ecoles-deodatiennes-se-poursuivent-2\/\",\"name\":\"Les investissements dans les \u00e9coles d\u00e9odatiennes se poursuivent - Saint Die Info\",\"isPartOf\":{\"@id\":\"https:\/\/vosgesinfo.fr\/saintdieinfo\/#website\"},\"primaryImageOfPage\":{\"@id\":\"https:\/\/vosgesinfo.fr\/saintdieinfo\/2022\/02\/investissements-ecoles-deodatiennes-se-poursuivent-2\/#primaryimage\"},\"image\":{\"@id\":\"https:\/\/vosgesinfo.fr\/saintdieinfo\/2022\/02\/investissements-ecoles-deodatiennes-se-poursuivent-2\/#primaryimage\"},\"thumbnailUrl\":\"https:\/\/vosgesinfo.fr\/app\/uploads\/sites\/4\/2024\/08\/202202cloture-groupe-scolaire-jacques-prevert-4-3.jpg\",\"datePublished\":\"2022-02-07T15:33:37+00:00\",\"dateModified\":\"2022-02-07T15:33:37+00:00\",\"breadcrumb\":{\"@id\":\"https:\/\/vosgesinfo.fr\/saintdieinfo\/2022\/02\/investissements-ecoles-deodatiennes-se-poursuivent-2\/#breadcrumb\"},\"inLanguage\":\"fr-FR\",\"potentialAction\":[{\"@type\":\"ReadAction\",\"target\":[\"https:\/\/vosgesinfo.fr\/saintdieinfo\/2022\/02\/investissements-ecoles-deodatiennes-se-poursuivent-2\/\"]}]},{\"@type\":\"ImageObject\",\"inLanguage\":\"fr-FR\",\"@id\":\"https:\/\/vosgesinfo.fr\/saintdieinfo\/2022\/02\/investissements-ecoles-deodatiennes-se-poursuivent-2\/#primaryimage\",\"url\":\"https:\/\/vosgesinfo.fr\/app\/uploads\/sites\/4\/2024\/08\/202202cloture-groupe-scolaire-jacques-prevert-4-3.jpg\",\"contentUrl\":\"https:\/\/vosgesinfo.fr\/app\/uploads\/sites\/4\/2024\/08\/202202cloture-groupe-scolaire-jacques-prevert-4-3.jpg\",\"width\":1600,\"height\":1205},{\"@type\":\"BreadcrumbList\",\"@id\":\"https:\/\/vosgesinfo.fr\/saintdieinfo\/2022\/02\/investissements-ecoles-deodatiennes-se-poursuivent-2\/#breadcrumb\",\"itemListElement\":[{\"@type\":\"ListItem\",\"position\":1,\"name\":\"Home\",\"item\":\"https:\/\/vosgesinfo.fr\/saintdieinfo\/\"},{\"@type\":\"ListItem\",\"position\":2,\"name\":\"Les investissements dans les \u00e9coles d\u00e9odatiennes se poursuivent\"}]},{\"@type\":\"WebSite\",\"@id\":\"https:\/\/vosgesinfo.fr\/saintdieinfo\/#website\",\"url\":\"https:\/\/vosgesinfo.fr\/saintdieinfo\/\",\"name\":\"Saint Die Info\",\"description\":\"Toute l&#039;actualit\u00e9 de Saint-Di\u00e9-Des-Vosges\",\"publisher\":{\"@id\":\"https:\/\/vosgesinfo.fr\/saintdieinfo\/#organization\"},\"alternateName\":\"Toute l'actualit\u00e9 de Saint-Di\u00e9-Des-Vosges\",\"potentialAction\":[{\"@type\":\"SearchAction\",\"target\":{\"@type\":\"EntryPoint\",\"urlTemplate\":\"https:\/\/vosgesinfo.fr\/saintdieinfo\/?s={search_term_string}\"},\"query-input\":\"required name=search_term_string\"}],\"inLanguage\":\"fr-FR\"},{\"@type\":\"Organization\",\"@id\":\"https:\/\/vosgesinfo.fr\/saintdieinfo\/#organization\",\"name\":\"Saint Die Info\",\"url\":\"https:\/\/vosgesinfo.fr\/saintdieinfo\/\",\"logo\":{\"@type\":\"ImageObject\",\"inLanguage\":\"fr-FR\",\"@id\":\"https:\/\/vosgesinfo.fr\/saintdieinfo\/#\/schema\/logo\/image\/\",\"url\":\"https:\/\/vosgesinfo.fr\/app\/uploads\/sites\/4\/2024\/02\/logo-sdi.jpg\",\"contentUrl\":\"https:\/\/vosgesinfo.fr\/app\/uploads\/sites\/4\/2024\/02\/logo-sdi.jpg\",\"width\":600,\"height\":600,\"caption\":\"Saint Die Info\"},\"image\":{\"@id\":\"https:\/\/vosgesinfo.fr\/saintdieinfo\/#\/schema\/logo\/image\/\"},\"sameAs\":[\"https:\/\/www.facebook.com\/Saintdieinfofr\",\"https:\/\/x.com\/VosgesInfo88\",\"https:\/\/www.youtube.com\/@vosgesinfo\"]},{\"@type\":\"Person\",\"@id\":\"https:\/\/vosgesinfo.fr\/saintdieinfo\/#\/schema\/person\/faee6704a21f3977511db84bd1cd450f\",\"name\":\"la r\u00e9daction\",\"image\":{\"@type\":\"ImageObject\",\"inLanguage\":\"fr-FR\",\"@id\":\"https:\/\/vosgesinfo.fr\/saintdieinfo\/#\/schema\/person\/image\/\",\"url\":\"https:\/\/secure.gravatar.com\/avatar\/6673d8bc6a9c17fa9a453eaa3448de834fa308c2ec9635b7aa99441a7c8d2cf6?s=96&d=mm&r=g\",\"contentUrl\":\"https:\/\/secure.gravatar.com\/avatar\/6673d8bc6a9c17fa9a453eaa3448de834fa308c2ec9635b7aa99441a7c8d2cf6?s=96&d=mm&r=g\",\"caption\":\"la r\u00e9daction\"},\"url\":\"https:\/\/vosgesinfo.fr\/saintdieinfo\/author\/redac\/\"}]}<\/script>\n<!-- \/ Yoast SEO plugin. -->","yoast_head_json":{"title":"Les investissements dans les \u00e9coles d\u00e9odatiennes se poursuivent - Saint Die Info","robots":{"index":"index","follow":"follow","max-snippet":"max-snippet:-1","max-image-preview":"max-image-preview:large","max-video-preview":"max-video-preview:-1"},"canonical":"https:\/\/vosgesinfo.fr\/saintdieinfo\/2022\/02\/investissements-ecoles-deodatiennes-se-poursuivent-2\/","twitter_card":"summary_large_image","twitter_title":"Les investissements dans les \u00e9coles d\u00e9odatiennes se poursuivent - Saint Die Info","twitter_description":"La cour du groupe scolaire Jacques-Pr\u00e9vert du quartier Saint-Roch, qui accueille 170 \u00e9l\u00e8ves, a comme particularit\u00e9 de ne pas \u00eatre [&hellip;]","twitter_image":"https:\/\/vosgesinfo.fr\/app\/uploads\/sites\/4\/2024\/08\/202202cloture-groupe-scolaire-jacques-prevert-4-3.jpg","twitter_creator":"@VosgesInfo88","twitter_site":"@VosgesInfo88","twitter_misc":{"\u00c9crit par":"la r\u00e9daction","Dur\u00e9e de lecture estim\u00e9e":"2 minutes"},"schema":{"@context":"https:\/\/schema.org","@graph":[{"@type":"Article","@id":"https:\/\/vosgesinfo.fr\/saintdieinfo\/2022\/02\/investissements-ecoles-deodatiennes-se-poursuivent-2\/#article","isPartOf":{"@id":"https:\/\/vosgesinfo.fr\/saintdieinfo\/2022\/02\/investissements-ecoles-deodatiennes-se-poursuivent-2\/"},"author":{"name":"la r\u00e9daction","@id":"https:\/\/vosgesinfo.fr\/saintdieinfo\/#\/schema\/person\/faee6704a21f3977511db84bd1cd450f"},"headline":"Les investissements dans les \u00e9coles d\u00e9odatiennes se poursuivent","datePublished":"2022-02-07T15:33:37+00:00","dateModified":"2022-02-07T15:33:37+00:00","mainEntityOfPage":{"@id":"https:\/\/vosgesinfo.fr\/saintdieinfo\/2022\/02\/investissements-ecoles-deodatiennes-se-poursuivent-2\/"},"wordCount":394,"commentCount":0,"publisher":{"@id":"https:\/\/vosgesinfo.fr\/saintdieinfo\/#organization"},"image":{"@id":"https:\/\/vosgesinfo.fr\/saintdieinfo\/2022\/02\/investissements-ecoles-deodatiennes-se-poursuivent-2\/#primaryimage"},"thumbnailUrl":"https:\/\/vosgesinfo.fr\/app\/uploads\/sites\/4\/2024\/08\/202202cloture-groupe-scolaire-jacques-prevert-4-3.jpg","keywords":["Ecoles de Saint-Di\u00e9-des-Vosges","Groupe scolaire Jacques-Pr\u00e9vert","Investissements dans les \u00e9coles de Saint-Di\u00e9-des-Vosges","Quartier Saint-Roch","Ville de Saint-Di\u00e9-des-Vosges"],"articleSection":["A la Une","\u00c9ducation","Saint-Di\u00e9-des-Vosges et son Agglom\u00e9ration"],"inLanguage":"fr-FR","potentialAction":[{"@type":"CommentAction","name":"Comment","target":["https:\/\/vosgesinfo.fr\/saintdieinfo\/2022\/02\/investissements-ecoles-deodatiennes-se-poursuivent-2\/#respond"]}]},{"@type":"WebPage","@id":"https:\/\/vosgesinfo.fr\/saintdieinfo\/2022\/02\/investissements-ecoles-deodatiennes-se-poursuivent-2\/","url":"https:\/\/vosgesinfo.fr\/saintdieinfo\/2022\/02\/investissements-ecoles-deodatiennes-se-poursuivent-2\/","name":"Les investissements dans les \u00e9coles d\u00e9odatiennes se poursuivent - Saint Die Info","isPartOf":{"@id":"https:\/\/vosgesinfo.fr\/saintdieinfo\/#website"},"primaryImageOfPage":{"@id":"https:\/\/vosgesinfo.fr\/saintdieinfo\/2022\/02\/investissements-ecoles-deodatiennes-se-poursuivent-2\/#primaryimage"},"image":{"@id":"https:\/\/vosgesinfo.fr\/saintdieinfo\/2022\/02\/investissements-ecoles-deodatiennes-se-poursuivent-2\/#primaryimage"},"thumbnailUrl":"https:\/\/vosgesinfo.fr\/app\/uploads\/sites\/4\/2024\/08\/202202cloture-groupe-scolaire-jacques-prevert-4-3.jpg","datePublished":"2022-02-07T15:33:37+00:00","dateModified":"2022-02-07T15:33:37+00:00","breadcrumb":{"@id":"https:\/\/vosgesinfo.fr\/saintdieinfo\/2022\/02\/investissements-ecoles-deodatiennes-se-poursuivent-2\/#breadcrumb"},"inLanguage":"fr-FR","potentialAction":[{"@type":"ReadAction","target":["https:\/\/vosgesinfo.fr\/saintdieinfo\/2022\/02\/investissements-ecoles-deodatiennes-se-poursuivent-2\/"]}]},{"@type":"ImageObject","inLanguage":"fr-FR","@id":"https:\/\/vosgesinfo.fr\/saintdieinfo\/2022\/02\/investissements-ecoles-deodatiennes-se-poursuivent-2\/#primaryimage","url":"https:\/\/vosgesinfo.fr\/app\/uploads\/sites\/4\/2024\/08\/202202cloture-groupe-scolaire-jacques-prevert-4-3.jpg","contentUrl":"https:\/\/vosgesinfo.fr\/app\/uploads\/sites\/4\/2024\/08\/202202cloture-groupe-scolaire-jacques-prevert-4-3.jpg","width":1600,"height":1205},{"@type":"BreadcrumbList","@id":"https:\/\/vosgesinfo.fr\/saintdieinfo\/2022\/02\/investissements-ecoles-deodatiennes-se-poursuivent-2\/#breadcrumb","itemListElement":[{"@type":"ListItem","position":1,"name":"Home","item":"https:\/\/vosgesinfo.fr\/saintdieinfo\/"},{"@type":"ListItem","position":2,"name":"Les investissements dans les \u00e9coles d\u00e9odatiennes se poursuivent"}]},{"@type":"WebSite","@id":"https:\/\/vosgesinfo.fr\/saintdieinfo\/#website","url":"https:\/\/vosgesinfo.fr\/saintdieinfo\/","name":"Saint Die Info","description":"Toute l&#039;actualit\u00e9 de Saint-Di\u00e9-Des-Vosges","publisher":{"@id":"https:\/\/vosgesinfo.fr\/saintdieinfo\/#organization"},"alternateName":"Toute l'actualit\u00e9 de Saint-Di\u00e9-Des-Vosges","potentialAction":[{"@type":"SearchAction","target":{"@type":"EntryPoint","urlTemplate":"https:\/\/vosgesinfo.fr\/saintdieinfo\/?s={search_term_string}"},"query-input":"required name=search_term_string"}],"inLanguage":"fr-FR"},{"@type":"Organization","@id":"https:\/\/vosgesinfo.fr\/saintdieinfo\/#organization","name":"Saint Die Info","url":"https:\/\/vosgesinfo.fr\/saintdieinfo\/","logo":{"@type":"ImageObject","inLanguage":"fr-FR","@id":"https:\/\/vosgesinfo.fr\/saintdieinfo\/#\/schema\/logo\/image\/","url":"https:\/\/vosgesinfo.fr\/app\/uploads\/sites\/4\/2024\/02\/logo-sdi.jpg","contentUrl":"https:\/\/vosgesinfo.fr\/app\/uploads\/sites\/4\/2024\/02\/logo-sdi.jpg","width":600,"height":600,"caption":"Saint Die Info"},"image":{"@id":"https:\/\/vosgesinfo.fr\/saintdieinfo\/#\/schema\/logo\/image\/"},"sameAs":["https:\/\/www.facebook.com\/Saintdieinfofr","https:\/\/x.com\/VosgesInfo88","https:\/\/www.youtube.com\/@vosgesinfo"]},{"@type":"Person","@id":"https:\/\/vosgesinfo.fr\/saintdieinfo\/#\/schema\/person\/faee6704a21f3977511db84bd1cd450f","name":"la r\u00e9daction","image":{"@type":"ImageObject","inLanguage":"fr-FR","@id":"https:\/\/vosgesinfo.fr\/saintdieinfo\/#\/schema\/person\/image\/","url":"https:\/\/secure.gravatar.com\/avatar\/6673d8bc6a9c17fa9a453eaa3448de834fa308c2ec9635b7aa99441a7c8d2cf6?s=96&d=mm&r=g","contentUrl":"https:\/\/secure.gravatar.com\/avatar\/6673d8bc6a9c17fa9a453eaa3448de834fa308c2ec9635b7aa99441a7c8d2cf6?s=96&d=mm&r=g","caption":"la r\u00e9daction"},"url":"https:\/\/vosgesinfo.fr\/saintdieinfo\/author\/redac\/"}]}},"_links":{"self":[{"href":"https:\/\/vosgesinfo.fr\/saintdieinfo\/wp-json\/wp\/v2\/posts\/50021","targetHints":{"allow":["GET"]}}],"collection":[{"href":"https:\/\/vosgesinfo.fr\/saintdieinfo\/wp-json\/wp\/v2\/posts"}],"about":[{"href":"https:\/\/vosgesinfo.fr\/saintdieinfo\/wp-json\/wp\/v2\/types\/post"}],"author":[{"embeddable":true,"href":"https:\/\/vosgesinfo.fr\/saintdieinfo\/wp-json\/wp\/v2\/users\/44"}],"replies":[{"embeddable":true,"href":"https:\/\/vosgesinfo.fr\/saintdieinfo\/wp-json\/wp\/v2\/comments?post=50021"}],"version-history":[{"count":0,"href":"https:\/\/vosgesinfo.fr\/saintdieinfo\/wp-json\/wp\/v2\/posts\/50021\/revisions"}],"wp:featuredmedia":[{"embeddable":true,"href":"https:\/\/vosgesinfo.fr\/saintdieinfo\/wp-json\/wp\/v2\/media\/50022"}],"wp:attachment":[{"href":"https:\/\/vosgesinfo.fr\/saintdieinfo\/wp-json\/wp\/v2\/media?parent=50021"}],"wp:term":[{"taxonomy":"category","embeddable":true,"href":"https:\/\/vosgesinfo.fr\/saintdieinfo\/wp-json\/wp\/v2\/categories?post=50021"},{"taxonomy":"post_tag","embeddable":true,"href":"https:\/\/vosgesinfo.fr\/saintdieinfo\/wp-json\/wp\/v2\/tags?post=50021"}],"curies":[{"name":"wp","href":"https:\/\/api.w.org\/{rel}","templated":true}]}}