{"id":50149,"date":"2022-02-13T10:37:47","date_gmt":"2022-02-13T09:37:47","guid":{"rendered":"https:\/\/vosgesinfo.fr\/saintdieinfo\/2022\/02\/vosges-inquietude-salaries-nestle-2\/"},"modified":"2022-02-13T10:37:47","modified_gmt":"2022-02-13T09:37:47","slug":"vosges-inquietude-salaries-nestle-2","status":"publish","type":"post","link":"https:\/\/vosgesinfo.fr\/saintdieinfo\/2022\/02\/vosges-inquietude-salaries-nestle-2\/","title":{"rendered":"Vosges \u2013 Inqui\u00e9tude des salari\u00e9s Nestl\u00e9"},"content":{"rendered":"<h3><a href=\"\/2022\/02\/7499B786-620C-4CCB-A6A3-BD35C1AC9049.jpeg\" target=\"_blank\" rel=\"noopener\"><img decoding=\"async\" class=\"aligncenter wp-image-178704 size-full\" src=\"\/2022\/02\/7499B786-620C-4CCB-A6A3-BD35C1AC9049.jpeg\" alt=\"7499B786-620C-4CCB-A6A3-BD35C1AC9049\" width=\"800\" height=\"450\" \/><\/a><\/h3>\n<h2><strong><span style=\"font-size: 14pt;\"><span class=\"s2\">La production en eau des trois marques phares du groupe <\/span><span class=\"s3\">Nestl\u00e9<\/span><span class=\"s2\"> Waters \u2013 Vittel, Contrex et H\u00e9par \u2013 vient de perdre 200 millions de bouteilles. L\u2019annulation du <\/span><span class=\"s3\">march\u00e9<\/span><span class=\"s2\"> austro-<\/span><span class=\"s3\">allemand pourrait<\/span><span class=\"s2\">\u00a0engendrer des <\/span><span class=\"s3\">pertes<\/span><span class=\"s2\"> d\u2019emplois pour 150 salari\u00e9s et le non renouvellement des contrats pour les int\u00e9rimaires.<\/span><\/span><\/strong><\/h2>\n<p><!--more--><\/p>\n<p class=\"p3\"><span class=\"s2\">La nouvelle a \u00e9t\u00e9 annonc\u00e9e par le site Mediapart mercredi dernier, suite \u00e0 un communiqu\u00e9 \u00e9manant du groupe Nestl\u00e9 Waters. R\u00e9pondant \u00e0 une logique industrielle, le groupe min\u00e9ralier d\u00e9clarait \u00ab\u00a0avoir analys\u00e9 la tendance du march\u00e9 et le potentiel de Vittel en Allemagne et en Autriche, ce qui nous a conduit \u00e0 prendre cette d\u00e9cision \u00bb\u00a0<\/span><span class=\"s2\">Les exportations du groupe vers l\u2019Allemagne venaient de se solder par une baisse de 65 millions de cols, r\u00e9sultant de la fin du contrat avec l\u2019entreprise LIDL.<\/span><\/p>\n<p class=\"p3\">La suite de l&rsquo;article : <a href=\"https:\/\/laplainedesvosgesinfo.fr\/2022\/02\/inquietude-salaries-nestle\/\" target=\"_blank\" rel=\"noopener\">https:\/\/laplainedesvosgesinfo.fr\/2022\/02\/inquietude-salaries-nestle\/<\/a><\/p>\n","protected":false},"excerpt":{"rendered":"<p>La production en eau des trois marques phares du groupe Nestl\u00e9 Waters \u2013 Vittel, Contrex et H\u00e9par \u2013 vient de [&hellip;]<\/p>\n","protected":false},"author":44,"featured_media":50150,"comment_status":"open","ping_status":"open","sticky":false,"template":"","format":"standard","meta":{"footnotes":""},"categories":[460,5,18],"tags":[3268,1390,1391,116],"class_list":["post-50149","post","type-post","status-publish","format-standard","has-post-thumbnail","hentry","category-a-la-une","category-economie","category-vosges","tag-contrexeville","tag-hepar","tag-nestle-waters","tag-vittel"],"acf":[],"yoast_head":"<!-- This site is optimized with the Yoast SEO plugin v22.5 - https:\/\/yoast.com\/wordpress\/plugins\/seo\/ -->\n<title>Vosges \u2013 Inqui\u00e9tude des salari\u00e9s Nestl\u00e9 - Saint Die Info<\/title>\n<meta name=\"robots\" content=\"index, follow, max-snippet:-1, max-image-preview:large, max-video-preview:-1\" \/>\n<link rel=\"canonical\" href=\"https:\/\/vosgesinfo.fr\/saintdieinfo\/2022\/02\/vosges-inquietude-salaries-nestle-2\/\" \/>\n<meta name=\"twitter:card\" content=\"summary_large_image\" \/>\n<meta name=\"twitter:title\" content=\"Vosges \u2013 Inqui\u00e9tude des salari\u00e9s Nestl\u00e9 - Saint Die Info\" \/>\n<meta name=\"twitter:description\" content=\"La production en eau des trois marques phares du groupe Nestl\u00e9 Waters \u2013 Vittel, Contrex et H\u00e9par \u2013 vient de [&hellip;]\" \/>\n<meta name=\"twitter:image\" content=\"https:\/\/vosgesinfo.fr\/app\/uploads\/sites\/4\/2024\/08\/2022027499b786-620c-4ccb-a6a3-bd35c1ac9049-1.jpeg\" \/>\n<meta name=\"twitter:creator\" content=\"@VosgesInfo88\" \/>\n<meta name=\"twitter:site\" content=\"@VosgesInfo88\" \/>\n<meta name=\"twitter:label1\" content=\"\u00c9crit par\" \/>\n\t<meta name=\"twitter:data1\" content=\"la r\u00e9daction\" \/>\n\t<meta name=\"twitter:label2\" content=\"Dur\u00e9e de lecture estim\u00e9e\" \/>\n\t<meta name=\"twitter:data2\" content=\"1 minute\" \/>\n<script type=\"application\/ld+json\" class=\"yoast-schema-graph\">{\"@context\":\"https:\/\/schema.org\",\"@graph\":[{\"@type\":\"Article\",\"@id\":\"https:\/\/vosgesinfo.fr\/saintdieinfo\/2022\/02\/vosges-inquietude-salaries-nestle-2\/#article\",\"isPartOf\":{\"@id\":\"https:\/\/vosgesinfo.fr\/saintdieinfo\/2022\/02\/vosges-inquietude-salaries-nestle-2\/\"},\"author\":{\"name\":\"la r\u00e9daction\",\"@id\":\"https:\/\/vosgesinfo.fr\/saintdieinfo\/#\/schema\/person\/faee6704a21f3977511db84bd1cd450f\"},\"headline\":\"Vosges \u2013 Inqui\u00e9tude des salari\u00e9s Nestl\u00e9\",\"datePublished\":\"2022-02-13T09:37:47+00:00\",\"dateModified\":\"2022-02-13T09:37:47+00:00\",\"mainEntityOfPage\":{\"@id\":\"https:\/\/vosgesinfo.fr\/saintdieinfo\/2022\/02\/vosges-inquietude-salaries-nestle-2\/\"},\"wordCount\":149,\"commentCount\":0,\"publisher\":{\"@id\":\"https:\/\/vosgesinfo.fr\/saintdieinfo\/#organization\"},\"image\":{\"@id\":\"https:\/\/vosgesinfo.fr\/saintdieinfo\/2022\/02\/vosges-inquietude-salaries-nestle-2\/#primaryimage\"},\"thumbnailUrl\":\"https:\/\/vosgesinfo.fr\/app\/uploads\/sites\/4\/2024\/08\/2022027499b786-620c-4ccb-a6a3-bd35c1ac9049-1.jpeg\",\"keywords\":[\"Contr\u00e9xeville\",\"H\u00e9par\",\"Nestl\u00e9 Waters\",\"Vittel\"],\"articleSection\":[\"A la Une\",\"\u00c9conomie\",\"Vosges\"],\"inLanguage\":\"fr-FR\",\"potentialAction\":[{\"@type\":\"CommentAction\",\"name\":\"Comment\",\"target\":[\"https:\/\/vosgesinfo.fr\/saintdieinfo\/2022\/02\/vosges-inquietude-salaries-nestle-2\/#respond\"]}]},{\"@type\":\"WebPage\",\"@id\":\"https:\/\/vosgesinfo.fr\/saintdieinfo\/2022\/02\/vosges-inquietude-salaries-nestle-2\/\",\"url\":\"https:\/\/vosgesinfo.fr\/saintdieinfo\/2022\/02\/vosges-inquietude-salaries-nestle-2\/\",\"name\":\"Vosges \u2013 Inqui\u00e9tude des salari\u00e9s Nestl\u00e9 - Saint Die Info\",\"isPartOf\":{\"@id\":\"https:\/\/vosgesinfo.fr\/saintdieinfo\/#website\"},\"primaryImageOfPage\":{\"@id\":\"https:\/\/vosgesinfo.fr\/saintdieinfo\/2022\/02\/vosges-inquietude-salaries-nestle-2\/#primaryimage\"},\"image\":{\"@id\":\"https:\/\/vosgesinfo.fr\/saintdieinfo\/2022\/02\/vosges-inquietude-salaries-nestle-2\/#primaryimage\"},\"thumbnailUrl\":\"https:\/\/vosgesinfo.fr\/app\/uploads\/sites\/4\/2024\/08\/2022027499b786-620c-4ccb-a6a3-bd35c1ac9049-1.jpeg\",\"datePublished\":\"2022-02-13T09:37:47+00:00\",\"dateModified\":\"2022-02-13T09:37:47+00:00\",\"breadcrumb\":{\"@id\":\"https:\/\/vosgesinfo.fr\/saintdieinfo\/2022\/02\/vosges-inquietude-salaries-nestle-2\/#breadcrumb\"},\"inLanguage\":\"fr-FR\",\"potentialAction\":[{\"@type\":\"ReadAction\",\"target\":[\"https:\/\/vosgesinfo.fr\/saintdieinfo\/2022\/02\/vosges-inquietude-salaries-nestle-2\/\"]}]},{\"@type\":\"ImageObject\",\"inLanguage\":\"fr-FR\",\"@id\":\"https:\/\/vosgesinfo.fr\/saintdieinfo\/2022\/02\/vosges-inquietude-salaries-nestle-2\/#primaryimage\",\"url\":\"https:\/\/vosgesinfo.fr\/app\/uploads\/sites\/4\/2024\/08\/2022027499b786-620c-4ccb-a6a3-bd35c1ac9049-1.jpeg\",\"contentUrl\":\"https:\/\/vosgesinfo.fr\/app\/uploads\/sites\/4\/2024\/08\/2022027499b786-620c-4ccb-a6a3-bd35c1ac9049-1.jpeg\",\"width\":800,\"height\":450},{\"@type\":\"BreadcrumbList\",\"@id\":\"https:\/\/vosgesinfo.fr\/saintdieinfo\/2022\/02\/vosges-inquietude-salaries-nestle-2\/#breadcrumb\",\"itemListElement\":[{\"@type\":\"ListItem\",\"position\":1,\"name\":\"Home\",\"item\":\"https:\/\/vosgesinfo.fr\/saintdieinfo\/\"},{\"@type\":\"ListItem\",\"position\":2,\"name\":\"Vosges \u2013 Inqui\u00e9tude des salari\u00e9s Nestl\u00e9\"}]},{\"@type\":\"WebSite\",\"@id\":\"https:\/\/vosgesinfo.fr\/saintdieinfo\/#website\",\"url\":\"https:\/\/vosgesinfo.fr\/saintdieinfo\/\",\"name\":\"Saint Die Info\",\"description\":\"Toute l&#039;actualit\u00e9 de Saint-Di\u00e9-Des-Vosges\",\"publisher\":{\"@id\":\"https:\/\/vosgesinfo.fr\/saintdieinfo\/#organization\"},\"alternateName\":\"Toute l'actualit\u00e9 de Saint-Di\u00e9-Des-Vosges\",\"potentialAction\":[{\"@type\":\"SearchAction\",\"target\":{\"@type\":\"EntryPoint\",\"urlTemplate\":\"https:\/\/vosgesinfo.fr\/saintdieinfo\/?s={search_term_string}\"},\"query-input\":\"required name=search_term_string\"}],\"inLanguage\":\"fr-FR\"},{\"@type\":\"Organization\",\"@id\":\"https:\/\/vosgesinfo.fr\/saintdieinfo\/#organization\",\"name\":\"Saint Die Info\",\"url\":\"https:\/\/vosgesinfo.fr\/saintdieinfo\/\",\"logo\":{\"@type\":\"ImageObject\",\"inLanguage\":\"fr-FR\",\"@id\":\"https:\/\/vosgesinfo.fr\/saintdieinfo\/#\/schema\/logo\/image\/\",\"url\":\"https:\/\/vosgesinfo.fr\/app\/uploads\/sites\/4\/2024\/02\/logo-sdi.jpg\",\"contentUrl\":\"https:\/\/vosgesinfo.fr\/app\/uploads\/sites\/4\/2024\/02\/logo-sdi.jpg\",\"width\":600,\"height\":600,\"caption\":\"Saint Die Info\"},\"image\":{\"@id\":\"https:\/\/vosgesinfo.fr\/saintdieinfo\/#\/schema\/logo\/image\/\"},\"sameAs\":[\"https:\/\/www.facebook.com\/Saintdieinfofr\",\"https:\/\/x.com\/VosgesInfo88\",\"https:\/\/www.youtube.com\/@vosgesinfo\"]},{\"@type\":\"Person\",\"@id\":\"https:\/\/vosgesinfo.fr\/saintdieinfo\/#\/schema\/person\/faee6704a21f3977511db84bd1cd450f\",\"name\":\"la r\u00e9daction\",\"image\":{\"@type\":\"ImageObject\",\"inLanguage\":\"fr-FR\",\"@id\":\"https:\/\/vosgesinfo.fr\/saintdieinfo\/#\/schema\/person\/image\/\",\"url\":\"https:\/\/secure.gravatar.com\/avatar\/6673d8bc6a9c17fa9a453eaa3448de834fa308c2ec9635b7aa99441a7c8d2cf6?s=96&d=mm&r=g\",\"contentUrl\":\"https:\/\/secure.gravatar.com\/avatar\/6673d8bc6a9c17fa9a453eaa3448de834fa308c2ec9635b7aa99441a7c8d2cf6?s=96&d=mm&r=g\",\"caption\":\"la r\u00e9daction\"},\"url\":\"https:\/\/vosgesinfo.fr\/saintdieinfo\/author\/redac\/\"}]}<\/script>\n<!-- \/ Yoast SEO plugin. -->","yoast_head_json":{"title":"Vosges \u2013 Inqui\u00e9tude des salari\u00e9s Nestl\u00e9 - Saint Die Info","robots":{"index":"index","follow":"follow","max-snippet":"max-snippet:-1","max-image-preview":"max-image-preview:large","max-video-preview":"max-video-preview:-1"},"canonical":"https:\/\/vosgesinfo.fr\/saintdieinfo\/2022\/02\/vosges-inquietude-salaries-nestle-2\/","twitter_card":"summary_large_image","twitter_title":"Vosges \u2013 Inqui\u00e9tude des salari\u00e9s Nestl\u00e9 - Saint Die Info","twitter_description":"La production en eau des trois marques phares du groupe Nestl\u00e9 Waters \u2013 Vittel, Contrex et H\u00e9par \u2013 vient de [&hellip;]","twitter_image":"https:\/\/vosgesinfo.fr\/app\/uploads\/sites\/4\/2024\/08\/2022027499b786-620c-4ccb-a6a3-bd35c1ac9049-1.jpeg","twitter_creator":"@VosgesInfo88","twitter_site":"@VosgesInfo88","twitter_misc":{"\u00c9crit par":"la r\u00e9daction","Dur\u00e9e de lecture estim\u00e9e":"1 minute"},"schema":{"@context":"https:\/\/schema.org","@graph":[{"@type":"Article","@id":"https:\/\/vosgesinfo.fr\/saintdieinfo\/2022\/02\/vosges-inquietude-salaries-nestle-2\/#article","isPartOf":{"@id":"https:\/\/vosgesinfo.fr\/saintdieinfo\/2022\/02\/vosges-inquietude-salaries-nestle-2\/"},"author":{"name":"la r\u00e9daction","@id":"https:\/\/vosgesinfo.fr\/saintdieinfo\/#\/schema\/person\/faee6704a21f3977511db84bd1cd450f"},"headline":"Vosges \u2013 Inqui\u00e9tude des salari\u00e9s Nestl\u00e9","datePublished":"2022-02-13T09:37:47+00:00","dateModified":"2022-02-13T09:37:47+00:00","mainEntityOfPage":{"@id":"https:\/\/vosgesinfo.fr\/saintdieinfo\/2022\/02\/vosges-inquietude-salaries-nestle-2\/"},"wordCount":149,"commentCount":0,"publisher":{"@id":"https:\/\/vosgesinfo.fr\/saintdieinfo\/#organization"},"image":{"@id":"https:\/\/vosgesinfo.fr\/saintdieinfo\/2022\/02\/vosges-inquietude-salaries-nestle-2\/#primaryimage"},"thumbnailUrl":"https:\/\/vosgesinfo.fr\/app\/uploads\/sites\/4\/2024\/08\/2022027499b786-620c-4ccb-a6a3-bd35c1ac9049-1.jpeg","keywords":["Contr\u00e9xeville","H\u00e9par","Nestl\u00e9 Waters","Vittel"],"articleSection":["A la Une","\u00c9conomie","Vosges"],"inLanguage":"fr-FR","potentialAction":[{"@type":"CommentAction","name":"Comment","target":["https:\/\/vosgesinfo.fr\/saintdieinfo\/2022\/02\/vosges-inquietude-salaries-nestle-2\/#respond"]}]},{"@type":"WebPage","@id":"https:\/\/vosgesinfo.fr\/saintdieinfo\/2022\/02\/vosges-inquietude-salaries-nestle-2\/","url":"https:\/\/vosgesinfo.fr\/saintdieinfo\/2022\/02\/vosges-inquietude-salaries-nestle-2\/","name":"Vosges \u2013 Inqui\u00e9tude des salari\u00e9s Nestl\u00e9 - Saint Die Info","isPartOf":{"@id":"https:\/\/vosgesinfo.fr\/saintdieinfo\/#website"},"primaryImageOfPage":{"@id":"https:\/\/vosgesinfo.fr\/saintdieinfo\/2022\/02\/vosges-inquietude-salaries-nestle-2\/#primaryimage"},"image":{"@id":"https:\/\/vosgesinfo.fr\/saintdieinfo\/2022\/02\/vosges-inquietude-salaries-nestle-2\/#primaryimage"},"thumbnailUrl":"https:\/\/vosgesinfo.fr\/app\/uploads\/sites\/4\/2024\/08\/2022027499b786-620c-4ccb-a6a3-bd35c1ac9049-1.jpeg","datePublished":"2022-02-13T09:37:47+00:00","dateModified":"2022-02-13T09:37:47+00:00","breadcrumb":{"@id":"https:\/\/vosgesinfo.fr\/saintdieinfo\/2022\/02\/vosges-inquietude-salaries-nestle-2\/#breadcrumb"},"inLanguage":"fr-FR","potentialAction":[{"@type":"ReadAction","target":["https:\/\/vosgesinfo.fr\/saintdieinfo\/2022\/02\/vosges-inquietude-salaries-nestle-2\/"]}]},{"@type":"ImageObject","inLanguage":"fr-FR","@id":"https:\/\/vosgesinfo.fr\/saintdieinfo\/2022\/02\/vosges-inquietude-salaries-nestle-2\/#primaryimage","url":"https:\/\/vosgesinfo.fr\/app\/uploads\/sites\/4\/2024\/08\/2022027499b786-620c-4ccb-a6a3-bd35c1ac9049-1.jpeg","contentUrl":"https:\/\/vosgesinfo.fr\/app\/uploads\/sites\/4\/2024\/08\/2022027499b786-620c-4ccb-a6a3-bd35c1ac9049-1.jpeg","width":800,"height":450},{"@type":"BreadcrumbList","@id":"https:\/\/vosgesinfo.fr\/saintdieinfo\/2022\/02\/vosges-inquietude-salaries-nestle-2\/#breadcrumb","itemListElement":[{"@type":"ListItem","position":1,"name":"Home","item":"https:\/\/vosgesinfo.fr\/saintdieinfo\/"},{"@type":"ListItem","position":2,"name":"Vosges \u2013 Inqui\u00e9tude des salari\u00e9s Nestl\u00e9"}]},{"@type":"WebSite","@id":"https:\/\/vosgesinfo.fr\/saintdieinfo\/#website","url":"https:\/\/vosgesinfo.fr\/saintdieinfo\/","name":"Saint Die Info","description":"Toute l&#039;actualit\u00e9 de Saint-Di\u00e9-Des-Vosges","publisher":{"@id":"https:\/\/vosgesinfo.fr\/saintdieinfo\/#organization"},"alternateName":"Toute l'actualit\u00e9 de Saint-Di\u00e9-Des-Vosges","potentialAction":[{"@type":"SearchAction","target":{"@type":"EntryPoint","urlTemplate":"https:\/\/vosgesinfo.fr\/saintdieinfo\/?s={search_term_string}"},"query-input":"required name=search_term_string"}],"inLanguage":"fr-FR"},{"@type":"Organization","@id":"https:\/\/vosgesinfo.fr\/saintdieinfo\/#organization","name":"Saint Die Info","url":"https:\/\/vosgesinfo.fr\/saintdieinfo\/","logo":{"@type":"ImageObject","inLanguage":"fr-FR","@id":"https:\/\/vosgesinfo.fr\/saintdieinfo\/#\/schema\/logo\/image\/","url":"https:\/\/vosgesinfo.fr\/app\/uploads\/sites\/4\/2024\/02\/logo-sdi.jpg","contentUrl":"https:\/\/vosgesinfo.fr\/app\/uploads\/sites\/4\/2024\/02\/logo-sdi.jpg","width":600,"height":600,"caption":"Saint Die Info"},"image":{"@id":"https:\/\/vosgesinfo.fr\/saintdieinfo\/#\/schema\/logo\/image\/"},"sameAs":["https:\/\/www.facebook.com\/Saintdieinfofr","https:\/\/x.com\/VosgesInfo88","https:\/\/www.youtube.com\/@vosgesinfo"]},{"@type":"Person","@id":"https:\/\/vosgesinfo.fr\/saintdieinfo\/#\/schema\/person\/faee6704a21f3977511db84bd1cd450f","name":"la r\u00e9daction","image":{"@type":"ImageObject","inLanguage":"fr-FR","@id":"https:\/\/vosgesinfo.fr\/saintdieinfo\/#\/schema\/person\/image\/","url":"https:\/\/secure.gravatar.com\/avatar\/6673d8bc6a9c17fa9a453eaa3448de834fa308c2ec9635b7aa99441a7c8d2cf6?s=96&d=mm&r=g","contentUrl":"https:\/\/secure.gravatar.com\/avatar\/6673d8bc6a9c17fa9a453eaa3448de834fa308c2ec9635b7aa99441a7c8d2cf6?s=96&d=mm&r=g","caption":"la r\u00e9daction"},"url":"https:\/\/vosgesinfo.fr\/saintdieinfo\/author\/redac\/"}]}},"_links":{"self":[{"href":"https:\/\/vosgesinfo.fr\/saintdieinfo\/wp-json\/wp\/v2\/posts\/50149","targetHints":{"allow":["GET"]}}],"collection":[{"href":"https:\/\/vosgesinfo.fr\/saintdieinfo\/wp-json\/wp\/v2\/posts"}],"about":[{"href":"https:\/\/vosgesinfo.fr\/saintdieinfo\/wp-json\/wp\/v2\/types\/post"}],"author":[{"embeddable":true,"href":"https:\/\/vosgesinfo.fr\/saintdieinfo\/wp-json\/wp\/v2\/users\/44"}],"replies":[{"embeddable":true,"href":"https:\/\/vosgesinfo.fr\/saintdieinfo\/wp-json\/wp\/v2\/comments?post=50149"}],"version-history":[{"count":0,"href":"https:\/\/vosgesinfo.fr\/saintdieinfo\/wp-json\/wp\/v2\/posts\/50149\/revisions"}],"wp:featuredmedia":[{"embeddable":true,"href":"https:\/\/vosgesinfo.fr\/saintdieinfo\/wp-json\/wp\/v2\/media\/50150"}],"wp:attachment":[{"href":"https:\/\/vosgesinfo.fr\/saintdieinfo\/wp-json\/wp\/v2\/media?parent=50149"}],"wp:term":[{"taxonomy":"category","embeddable":true,"href":"https:\/\/vosgesinfo.fr\/saintdieinfo\/wp-json\/wp\/v2\/categories?post=50149"},{"taxonomy":"post_tag","embeddable":true,"href":"https:\/\/vosgesinfo.fr\/saintdieinfo\/wp-json\/wp\/v2\/tags?post=50149"}],"curies":[{"name":"wp","href":"https:\/\/api.w.org\/{rel}","templated":true}]}}