{"id":50928,"date":"2022-03-10T11:04:30","date_gmt":"2022-03-10T10:04:30","guid":{"rendered":"https:\/\/vosgesinfo.fr\/saintdieinfo\/2022\/03\/president-de-fdsea-vosges-imperatif-lagriculture-soit-reconnue-secteur-essentiel-2\/"},"modified":"2022-03-10T11:04:30","modified_gmt":"2022-03-10T10:04:30","slug":"president-de-fdsea-vosges-imperatif-lagriculture-soit-reconnue-secteur-essentiel-2","status":"publish","type":"post","link":"https:\/\/vosgesinfo.fr\/saintdieinfo\/2022\/03\/president-de-fdsea-vosges-imperatif-lagriculture-soit-reconnue-secteur-essentiel-2\/","title":{"rendered":"Pour le pr\u00e9sident de la FDSEA des Vosges\u00a0: \u00ab\u00a0il est imp\u00e9ratif que l&rsquo;agriculture soit reconnue comme secteur essentiel\u00a0\u00bb"},"content":{"rendered":"<div id=\"attachment_179995\" style=\"width: 432px\" class=\"wp-caption aligncenter\"><a href=\"\/2022\/03\/FDSEA_Vosges_Ukraine.jpg\" target=\"_blank\" rel=\"noopener\"><img decoding=\"async\" aria-describedby=\"caption-attachment-179995\" class=\"wp-image-179995 size-full\" src=\"\/2022\/03\/FDSEA_Vosges_Ukraine.jpg\" alt=\"FDSEA_Vosges_Ukraine\" width=\"422\" height=\"422\" \/><\/a><p id=\"caption-attachment-179995\" class=\"wp-caption-text\">Philippe Cl\u00e9ment (Photographie FDSEA 88)<\/p><\/div>\n<h2><strong><span style=\"font-size: 14pt;\">L&rsquo;invasion de l&rsquo;Ukraine par la Russie fait craine une crise alimentaire majeure. Car de nombreux Etats sont d\u00e9pendants de la production c\u00e9r\u00e9ali\u00e8re ukrainienne, notamment le bl\u00e9. Dans ce contexte, le pr\u00e9sident de la F\u00e9d\u00e9ration D\u00e9partementale des Syndicats d&rsquo;Exploitants Agricole des Vosges \u2013 FDSEA 88 \u2013 Philippe Cl\u00e9ment s&rsquo;est exprim\u00e9 via la page Facebook du syndicat.<\/span><\/strong><\/h2>\n<p><!--more--><\/p>\n<p><em>\u00ab\u00a0Depuis plusieurs jours, nous avons l\u2019impression de revoir des images avec un go\u00fbt de d\u00e9j\u00e0 vu, comme regarder un film noir et blanc en version remasteris\u00e9e\u2026 Les m\u00eames expressions sur les visages, les m\u00eames larmes, les m\u00eames images d\u2019exode, de trains bond\u00e9s, presque tout nous ram\u00e8ne au moment les plus sombres de notre Histoire r\u00e9cente. Un seul d\u00e9tail change, l\u2019envahisseur cette fois, n\u2019a pas de moustache mais parait tout autant incontr\u00f4lable.<\/em><\/p>\n<p><em>Pour celles et ceux qui le souhaiteront, nous recenseront \u00e0 la FDSEA les moyens que vous souhaiterez mettre en \u0153uvre afin de venir en aide aux victimes de ces guerres (h\u00e9bergements, dons\u2026)<\/em><\/p>\n<p><em>Notre r\u00f4le, tout aussi important, va \u00eatre aussi de pouvoir produire une alimentation suffisante afin d\u2019\u00e9viter des crises alimentaires majeures, y compris sur notre propre territoire ; chose qui nous paraissait encore inimaginable il y a peu. Produire pour nourrir, ceci prend tout son sens. Mais produire avec quoi du GNR \u00e0 2\u20ac le litre ? Des fertilisants inabordables ? Des aliments hors de prix pour nos animaux ? De l\u2019\u00e9nergie trop ch\u00e8re pour chauffer nos serres ? Aucune production n\u2019est \u00e9pargn\u00e9e par la flamb\u00e9e in\u00e9dite des prix, mettant \u00e0 mal toute notre \u00e9conomie agricole.<\/em><\/p>\n<p><em>Il est imp\u00e9ratif que l\u2019agriculture soit reconnue comme secteur essentiel et soit accompagn\u00e9e pour passer ce cap, car l\u2019enjeu est de taille : remplir les assiettes des fran\u00e7ais, rien que cela. A l\u2019heure aussi, o\u00f9 l\u2019Europe nous montre ce qu\u2019elle peut avoir de plus beau \u00e0 travers sa capacit\u00e9 \u00e0 parler d\u2019une seule voix \u00e0 l\u2019agresseur, nous pouvons exiger d\u2019elle de la hauteur, de la clairvoyance en demandant d\u2019abroger par exemple, l\u2019obligation de geler des surfaces sur son propre territoire quand, dans le m\u00eame temps, nous devrons faire face \u00e0 notre souverainet\u00e9 alimentaire.<\/em><\/p>\n<p><em>A toutes et tous, je vous assure que dans ces p\u00e9riodes troubles nous devons pouvoir compter les uns sur les autres, car si l\u2019humain est parfois capable du pire, je veux continuer \u00e0 croire qu\u2019il est aussi capable du meilleur. \u00bb<\/em><\/p>\n","protected":false},"excerpt":{"rendered":"<p>L&rsquo;invasion de l&rsquo;Ukraine par la Russie fait craine une crise alimentaire majeure. Car de nombreux Etats sont d\u00e9pendants de la [&hellip;]<\/p>\n","protected":false},"author":44,"featured_media":50929,"comment_status":"open","ping_status":"open","sticky":false,"template":"","format":"standard","meta":{"footnotes":""},"categories":[460,128,18],"tags":[10568,10405,7213,10410],"class_list":["post-50928","post","type-post","status-publish","format-standard","has-post-thumbnail","hentry","category-a-la-une","category-agriculture","category-vosges","tag-fdsea-88","tag-guerre-en-ukraine","tag-philippe-clement","tag-ukraine"],"acf":[],"yoast_head":"<!-- This site is optimized with the Yoast SEO plugin v22.5 - https:\/\/yoast.com\/wordpress\/plugins\/seo\/ -->\n<title>Pour le pr\u00e9sident de la FDSEA des Vosges\u00a0: \u00ab\u00a0il est imp\u00e9ratif que l&#039;agriculture soit reconnue comme secteur essentiel\u00a0\u00bb - Saint Die Info<\/title>\n<meta name=\"robots\" content=\"index, follow, max-snippet:-1, max-image-preview:large, max-video-preview:-1\" \/>\n<link rel=\"canonical\" href=\"https:\/\/vosgesinfo.fr\/saintdieinfo\/2022\/03\/president-de-fdsea-vosges-imperatif-lagriculture-soit-reconnue-secteur-essentiel-2\/\" \/>\n<meta name=\"twitter:card\" content=\"summary_large_image\" \/>\n<meta name=\"twitter:title\" content=\"Pour le pr\u00e9sident de la FDSEA des Vosges\u00a0: \u00ab\u00a0il est imp\u00e9ratif que l&#039;agriculture soit reconnue comme secteur essentiel\u00a0\u00bb - Saint Die Info\" \/>\n<meta name=\"twitter:description\" content=\"L&rsquo;invasion de l&rsquo;Ukraine par la Russie fait craine une crise alimentaire majeure. Car de nombreux Etats sont d\u00e9pendants de la [&hellip;]\" \/>\n<meta name=\"twitter:image\" content=\"https:\/\/vosgesinfo.fr\/app\/uploads\/sites\/4\/2024\/08\/202203fdsea-vosges-ukraine-1.jpg\" \/>\n<meta name=\"twitter:creator\" content=\"@VosgesInfo88\" \/>\n<meta name=\"twitter:site\" content=\"@VosgesInfo88\" \/>\n<meta name=\"twitter:label1\" content=\"\u00c9crit par\" \/>\n\t<meta name=\"twitter:data1\" content=\"la r\u00e9daction\" \/>\n\t<meta name=\"twitter:label2\" content=\"Dur\u00e9e de lecture estim\u00e9e\" \/>\n\t<meta name=\"twitter:data2\" content=\"2 minutes\" \/>\n<script type=\"application\/ld+json\" class=\"yoast-schema-graph\">{\"@context\":\"https:\/\/schema.org\",\"@graph\":[{\"@type\":\"Article\",\"@id\":\"https:\/\/vosgesinfo.fr\/saintdieinfo\/2022\/03\/president-de-fdsea-vosges-imperatif-lagriculture-soit-reconnue-secteur-essentiel-2\/#article\",\"isPartOf\":{\"@id\":\"https:\/\/vosgesinfo.fr\/saintdieinfo\/2022\/03\/president-de-fdsea-vosges-imperatif-lagriculture-soit-reconnue-secteur-essentiel-2\/\"},\"author\":{\"name\":\"la r\u00e9daction\",\"@id\":\"https:\/\/vosgesinfo.fr\/saintdieinfo\/#\/schema\/person\/faee6704a21f3977511db84bd1cd450f\"},\"headline\":\"Pour le pr\u00e9sident de la FDSEA des Vosges\u00a0: \u00ab\u00a0il est imp\u00e9ratif que l&rsquo;agriculture soit reconnue comme secteur essentiel\u00a0\u00bb\",\"datePublished\":\"2022-03-10T10:04:30+00:00\",\"dateModified\":\"2022-03-10T10:04:30+00:00\",\"mainEntityOfPage\":{\"@id\":\"https:\/\/vosgesinfo.fr\/saintdieinfo\/2022\/03\/president-de-fdsea-vosges-imperatif-lagriculture-soit-reconnue-secteur-essentiel-2\/\"},\"wordCount\":455,\"commentCount\":0,\"publisher\":{\"@id\":\"https:\/\/vosgesinfo.fr\/saintdieinfo\/#organization\"},\"image\":{\"@id\":\"https:\/\/vosgesinfo.fr\/saintdieinfo\/2022\/03\/president-de-fdsea-vosges-imperatif-lagriculture-soit-reconnue-secteur-essentiel-2\/#primaryimage\"},\"thumbnailUrl\":\"https:\/\/vosgesinfo.fr\/app\/uploads\/sites\/4\/2024\/08\/202203fdsea-vosges-ukraine-1.jpg\",\"keywords\":[\"FDSEA 88\",\"Guerre en Ukraine\",\"Philippe Cl\u00e9ment\",\"Ukraine\"],\"articleSection\":[\"A la Une\",\"Agriculture\",\"Vosges\"],\"inLanguage\":\"fr-FR\",\"potentialAction\":[{\"@type\":\"CommentAction\",\"name\":\"Comment\",\"target\":[\"https:\/\/vosgesinfo.fr\/saintdieinfo\/2022\/03\/president-de-fdsea-vosges-imperatif-lagriculture-soit-reconnue-secteur-essentiel-2\/#respond\"]}]},{\"@type\":\"WebPage\",\"@id\":\"https:\/\/vosgesinfo.fr\/saintdieinfo\/2022\/03\/president-de-fdsea-vosges-imperatif-lagriculture-soit-reconnue-secteur-essentiel-2\/\",\"url\":\"https:\/\/vosgesinfo.fr\/saintdieinfo\/2022\/03\/president-de-fdsea-vosges-imperatif-lagriculture-soit-reconnue-secteur-essentiel-2\/\",\"name\":\"Pour le pr\u00e9sident de la FDSEA des Vosges\u00a0: \u00ab\u00a0il est imp\u00e9ratif que l'agriculture soit reconnue comme secteur essentiel\u00a0\u00bb - Saint Die Info\",\"isPartOf\":{\"@id\":\"https:\/\/vosgesinfo.fr\/saintdieinfo\/#website\"},\"primaryImageOfPage\":{\"@id\":\"https:\/\/vosgesinfo.fr\/saintdieinfo\/2022\/03\/president-de-fdsea-vosges-imperatif-lagriculture-soit-reconnue-secteur-essentiel-2\/#primaryimage\"},\"image\":{\"@id\":\"https:\/\/vosgesinfo.fr\/saintdieinfo\/2022\/03\/president-de-fdsea-vosges-imperatif-lagriculture-soit-reconnue-secteur-essentiel-2\/#primaryimage\"},\"thumbnailUrl\":\"https:\/\/vosgesinfo.fr\/app\/uploads\/sites\/4\/2024\/08\/202203fdsea-vosges-ukraine-1.jpg\",\"datePublished\":\"2022-03-10T10:04:30+00:00\",\"dateModified\":\"2022-03-10T10:04:30+00:00\",\"breadcrumb\":{\"@id\":\"https:\/\/vosgesinfo.fr\/saintdieinfo\/2022\/03\/president-de-fdsea-vosges-imperatif-lagriculture-soit-reconnue-secteur-essentiel-2\/#breadcrumb\"},\"inLanguage\":\"fr-FR\",\"potentialAction\":[{\"@type\":\"ReadAction\",\"target\":[\"https:\/\/vosgesinfo.fr\/saintdieinfo\/2022\/03\/president-de-fdsea-vosges-imperatif-lagriculture-soit-reconnue-secteur-essentiel-2\/\"]}]},{\"@type\":\"ImageObject\",\"inLanguage\":\"fr-FR\",\"@id\":\"https:\/\/vosgesinfo.fr\/saintdieinfo\/2022\/03\/president-de-fdsea-vosges-imperatif-lagriculture-soit-reconnue-secteur-essentiel-2\/#primaryimage\",\"url\":\"https:\/\/vosgesinfo.fr\/app\/uploads\/sites\/4\/2024\/08\/202203fdsea-vosges-ukraine-1.jpg\",\"contentUrl\":\"https:\/\/vosgesinfo.fr\/app\/uploads\/sites\/4\/2024\/08\/202203fdsea-vosges-ukraine-1.jpg\",\"width\":422,\"height\":422},{\"@type\":\"BreadcrumbList\",\"@id\":\"https:\/\/vosgesinfo.fr\/saintdieinfo\/2022\/03\/president-de-fdsea-vosges-imperatif-lagriculture-soit-reconnue-secteur-essentiel-2\/#breadcrumb\",\"itemListElement\":[{\"@type\":\"ListItem\",\"position\":1,\"name\":\"Home\",\"item\":\"https:\/\/vosgesinfo.fr\/saintdieinfo\/\"},{\"@type\":\"ListItem\",\"position\":2,\"name\":\"Pour le pr\u00e9sident de la FDSEA des Vosges\u00a0: \u00ab\u00a0il est imp\u00e9ratif que l&rsquo;agriculture soit reconnue comme secteur essentiel\u00a0\u00bb\"}]},{\"@type\":\"WebSite\",\"@id\":\"https:\/\/vosgesinfo.fr\/saintdieinfo\/#website\",\"url\":\"https:\/\/vosgesinfo.fr\/saintdieinfo\/\",\"name\":\"Saint Die Info\",\"description\":\"Toute l&#039;actualit\u00e9 de Saint-Di\u00e9-Des-Vosges\",\"publisher\":{\"@id\":\"https:\/\/vosgesinfo.fr\/saintdieinfo\/#organization\"},\"alternateName\":\"Toute l'actualit\u00e9 de Saint-Di\u00e9-Des-Vosges\",\"potentialAction\":[{\"@type\":\"SearchAction\",\"target\":{\"@type\":\"EntryPoint\",\"urlTemplate\":\"https:\/\/vosgesinfo.fr\/saintdieinfo\/?s={search_term_string}\"},\"query-input\":\"required name=search_term_string\"}],\"inLanguage\":\"fr-FR\"},{\"@type\":\"Organization\",\"@id\":\"https:\/\/vosgesinfo.fr\/saintdieinfo\/#organization\",\"name\":\"Saint Die Info\",\"url\":\"https:\/\/vosgesinfo.fr\/saintdieinfo\/\",\"logo\":{\"@type\":\"ImageObject\",\"inLanguage\":\"fr-FR\",\"@id\":\"https:\/\/vosgesinfo.fr\/saintdieinfo\/#\/schema\/logo\/image\/\",\"url\":\"https:\/\/vosgesinfo.fr\/app\/uploads\/sites\/4\/2024\/02\/logo-sdi.jpg\",\"contentUrl\":\"https:\/\/vosgesinfo.fr\/app\/uploads\/sites\/4\/2024\/02\/logo-sdi.jpg\",\"width\":600,\"height\":600,\"caption\":\"Saint Die Info\"},\"image\":{\"@id\":\"https:\/\/vosgesinfo.fr\/saintdieinfo\/#\/schema\/logo\/image\/\"},\"sameAs\":[\"https:\/\/www.facebook.com\/Saintdieinfofr\",\"https:\/\/x.com\/VosgesInfo88\",\"https:\/\/www.youtube.com\/@vosgesinfo\"]},{\"@type\":\"Person\",\"@id\":\"https:\/\/vosgesinfo.fr\/saintdieinfo\/#\/schema\/person\/faee6704a21f3977511db84bd1cd450f\",\"name\":\"la r\u00e9daction\",\"image\":{\"@type\":\"ImageObject\",\"inLanguage\":\"fr-FR\",\"@id\":\"https:\/\/vosgesinfo.fr\/saintdieinfo\/#\/schema\/person\/image\/\",\"url\":\"https:\/\/secure.gravatar.com\/avatar\/6673d8bc6a9c17fa9a453eaa3448de834fa308c2ec9635b7aa99441a7c8d2cf6?s=96&d=mm&r=g\",\"contentUrl\":\"https:\/\/secure.gravatar.com\/avatar\/6673d8bc6a9c17fa9a453eaa3448de834fa308c2ec9635b7aa99441a7c8d2cf6?s=96&d=mm&r=g\",\"caption\":\"la r\u00e9daction\"},\"url\":\"https:\/\/vosgesinfo.fr\/saintdieinfo\/author\/redac\/\"}]}<\/script>\n<!-- \/ Yoast SEO plugin. -->","yoast_head_json":{"title":"Pour le pr\u00e9sident de la FDSEA des Vosges\u00a0: \u00ab\u00a0il est imp\u00e9ratif que l'agriculture soit reconnue comme secteur essentiel\u00a0\u00bb - Saint Die Info","robots":{"index":"index","follow":"follow","max-snippet":"max-snippet:-1","max-image-preview":"max-image-preview:large","max-video-preview":"max-video-preview:-1"},"canonical":"https:\/\/vosgesinfo.fr\/saintdieinfo\/2022\/03\/president-de-fdsea-vosges-imperatif-lagriculture-soit-reconnue-secteur-essentiel-2\/","twitter_card":"summary_large_image","twitter_title":"Pour le pr\u00e9sident de la FDSEA des Vosges\u00a0: \u00ab\u00a0il est imp\u00e9ratif que l'agriculture soit reconnue comme secteur essentiel\u00a0\u00bb - Saint Die Info","twitter_description":"L&rsquo;invasion de l&rsquo;Ukraine par la Russie fait craine une crise alimentaire majeure. Car de nombreux Etats sont d\u00e9pendants de la [&hellip;]","twitter_image":"https:\/\/vosgesinfo.fr\/app\/uploads\/sites\/4\/2024\/08\/202203fdsea-vosges-ukraine-1.jpg","twitter_creator":"@VosgesInfo88","twitter_site":"@VosgesInfo88","twitter_misc":{"\u00c9crit par":"la r\u00e9daction","Dur\u00e9e de lecture estim\u00e9e":"2 minutes"},"schema":{"@context":"https:\/\/schema.org","@graph":[{"@type":"Article","@id":"https:\/\/vosgesinfo.fr\/saintdieinfo\/2022\/03\/president-de-fdsea-vosges-imperatif-lagriculture-soit-reconnue-secteur-essentiel-2\/#article","isPartOf":{"@id":"https:\/\/vosgesinfo.fr\/saintdieinfo\/2022\/03\/president-de-fdsea-vosges-imperatif-lagriculture-soit-reconnue-secteur-essentiel-2\/"},"author":{"name":"la r\u00e9daction","@id":"https:\/\/vosgesinfo.fr\/saintdieinfo\/#\/schema\/person\/faee6704a21f3977511db84bd1cd450f"},"headline":"Pour le pr\u00e9sident de la FDSEA des Vosges\u00a0: \u00ab\u00a0il est imp\u00e9ratif que l&rsquo;agriculture soit reconnue comme secteur essentiel\u00a0\u00bb","datePublished":"2022-03-10T10:04:30+00:00","dateModified":"2022-03-10T10:04:30+00:00","mainEntityOfPage":{"@id":"https:\/\/vosgesinfo.fr\/saintdieinfo\/2022\/03\/president-de-fdsea-vosges-imperatif-lagriculture-soit-reconnue-secteur-essentiel-2\/"},"wordCount":455,"commentCount":0,"publisher":{"@id":"https:\/\/vosgesinfo.fr\/saintdieinfo\/#organization"},"image":{"@id":"https:\/\/vosgesinfo.fr\/saintdieinfo\/2022\/03\/president-de-fdsea-vosges-imperatif-lagriculture-soit-reconnue-secteur-essentiel-2\/#primaryimage"},"thumbnailUrl":"https:\/\/vosgesinfo.fr\/app\/uploads\/sites\/4\/2024\/08\/202203fdsea-vosges-ukraine-1.jpg","keywords":["FDSEA 88","Guerre en Ukraine","Philippe Cl\u00e9ment","Ukraine"],"articleSection":["A la Une","Agriculture","Vosges"],"inLanguage":"fr-FR","potentialAction":[{"@type":"CommentAction","name":"Comment","target":["https:\/\/vosgesinfo.fr\/saintdieinfo\/2022\/03\/president-de-fdsea-vosges-imperatif-lagriculture-soit-reconnue-secteur-essentiel-2\/#respond"]}]},{"@type":"WebPage","@id":"https:\/\/vosgesinfo.fr\/saintdieinfo\/2022\/03\/president-de-fdsea-vosges-imperatif-lagriculture-soit-reconnue-secteur-essentiel-2\/","url":"https:\/\/vosgesinfo.fr\/saintdieinfo\/2022\/03\/president-de-fdsea-vosges-imperatif-lagriculture-soit-reconnue-secteur-essentiel-2\/","name":"Pour le pr\u00e9sident de la FDSEA des Vosges\u00a0: \u00ab\u00a0il est imp\u00e9ratif que l'agriculture soit reconnue comme secteur essentiel\u00a0\u00bb - Saint Die Info","isPartOf":{"@id":"https:\/\/vosgesinfo.fr\/saintdieinfo\/#website"},"primaryImageOfPage":{"@id":"https:\/\/vosgesinfo.fr\/saintdieinfo\/2022\/03\/president-de-fdsea-vosges-imperatif-lagriculture-soit-reconnue-secteur-essentiel-2\/#primaryimage"},"image":{"@id":"https:\/\/vosgesinfo.fr\/saintdieinfo\/2022\/03\/president-de-fdsea-vosges-imperatif-lagriculture-soit-reconnue-secteur-essentiel-2\/#primaryimage"},"thumbnailUrl":"https:\/\/vosgesinfo.fr\/app\/uploads\/sites\/4\/2024\/08\/202203fdsea-vosges-ukraine-1.jpg","datePublished":"2022-03-10T10:04:30+00:00","dateModified":"2022-03-10T10:04:30+00:00","breadcrumb":{"@id":"https:\/\/vosgesinfo.fr\/saintdieinfo\/2022\/03\/president-de-fdsea-vosges-imperatif-lagriculture-soit-reconnue-secteur-essentiel-2\/#breadcrumb"},"inLanguage":"fr-FR","potentialAction":[{"@type":"ReadAction","target":["https:\/\/vosgesinfo.fr\/saintdieinfo\/2022\/03\/president-de-fdsea-vosges-imperatif-lagriculture-soit-reconnue-secteur-essentiel-2\/"]}]},{"@type":"ImageObject","inLanguage":"fr-FR","@id":"https:\/\/vosgesinfo.fr\/saintdieinfo\/2022\/03\/president-de-fdsea-vosges-imperatif-lagriculture-soit-reconnue-secteur-essentiel-2\/#primaryimage","url":"https:\/\/vosgesinfo.fr\/app\/uploads\/sites\/4\/2024\/08\/202203fdsea-vosges-ukraine-1.jpg","contentUrl":"https:\/\/vosgesinfo.fr\/app\/uploads\/sites\/4\/2024\/08\/202203fdsea-vosges-ukraine-1.jpg","width":422,"height":422},{"@type":"BreadcrumbList","@id":"https:\/\/vosgesinfo.fr\/saintdieinfo\/2022\/03\/president-de-fdsea-vosges-imperatif-lagriculture-soit-reconnue-secteur-essentiel-2\/#breadcrumb","itemListElement":[{"@type":"ListItem","position":1,"name":"Home","item":"https:\/\/vosgesinfo.fr\/saintdieinfo\/"},{"@type":"ListItem","position":2,"name":"Pour le pr\u00e9sident de la FDSEA des Vosges\u00a0: \u00ab\u00a0il est imp\u00e9ratif que l&rsquo;agriculture soit reconnue comme secteur essentiel\u00a0\u00bb"}]},{"@type":"WebSite","@id":"https:\/\/vosgesinfo.fr\/saintdieinfo\/#website","url":"https:\/\/vosgesinfo.fr\/saintdieinfo\/","name":"Saint Die Info","description":"Toute l&#039;actualit\u00e9 de Saint-Di\u00e9-Des-Vosges","publisher":{"@id":"https:\/\/vosgesinfo.fr\/saintdieinfo\/#organization"},"alternateName":"Toute l'actualit\u00e9 de Saint-Di\u00e9-Des-Vosges","potentialAction":[{"@type":"SearchAction","target":{"@type":"EntryPoint","urlTemplate":"https:\/\/vosgesinfo.fr\/saintdieinfo\/?s={search_term_string}"},"query-input":"required name=search_term_string"}],"inLanguage":"fr-FR"},{"@type":"Organization","@id":"https:\/\/vosgesinfo.fr\/saintdieinfo\/#organization","name":"Saint Die Info","url":"https:\/\/vosgesinfo.fr\/saintdieinfo\/","logo":{"@type":"ImageObject","inLanguage":"fr-FR","@id":"https:\/\/vosgesinfo.fr\/saintdieinfo\/#\/schema\/logo\/image\/","url":"https:\/\/vosgesinfo.fr\/app\/uploads\/sites\/4\/2024\/02\/logo-sdi.jpg","contentUrl":"https:\/\/vosgesinfo.fr\/app\/uploads\/sites\/4\/2024\/02\/logo-sdi.jpg","width":600,"height":600,"caption":"Saint Die Info"},"image":{"@id":"https:\/\/vosgesinfo.fr\/saintdieinfo\/#\/schema\/logo\/image\/"},"sameAs":["https:\/\/www.facebook.com\/Saintdieinfofr","https:\/\/x.com\/VosgesInfo88","https:\/\/www.youtube.com\/@vosgesinfo"]},{"@type":"Person","@id":"https:\/\/vosgesinfo.fr\/saintdieinfo\/#\/schema\/person\/faee6704a21f3977511db84bd1cd450f","name":"la r\u00e9daction","image":{"@type":"ImageObject","inLanguage":"fr-FR","@id":"https:\/\/vosgesinfo.fr\/saintdieinfo\/#\/schema\/person\/image\/","url":"https:\/\/secure.gravatar.com\/avatar\/6673d8bc6a9c17fa9a453eaa3448de834fa308c2ec9635b7aa99441a7c8d2cf6?s=96&d=mm&r=g","contentUrl":"https:\/\/secure.gravatar.com\/avatar\/6673d8bc6a9c17fa9a453eaa3448de834fa308c2ec9635b7aa99441a7c8d2cf6?s=96&d=mm&r=g","caption":"la r\u00e9daction"},"url":"https:\/\/vosgesinfo.fr\/saintdieinfo\/author\/redac\/"}]}},"_links":{"self":[{"href":"https:\/\/vosgesinfo.fr\/saintdieinfo\/wp-json\/wp\/v2\/posts\/50928","targetHints":{"allow":["GET"]}}],"collection":[{"href":"https:\/\/vosgesinfo.fr\/saintdieinfo\/wp-json\/wp\/v2\/posts"}],"about":[{"href":"https:\/\/vosgesinfo.fr\/saintdieinfo\/wp-json\/wp\/v2\/types\/post"}],"author":[{"embeddable":true,"href":"https:\/\/vosgesinfo.fr\/saintdieinfo\/wp-json\/wp\/v2\/users\/44"}],"replies":[{"embeddable":true,"href":"https:\/\/vosgesinfo.fr\/saintdieinfo\/wp-json\/wp\/v2\/comments?post=50928"}],"version-history":[{"count":0,"href":"https:\/\/vosgesinfo.fr\/saintdieinfo\/wp-json\/wp\/v2\/posts\/50928\/revisions"}],"wp:featuredmedia":[{"embeddable":true,"href":"https:\/\/vosgesinfo.fr\/saintdieinfo\/wp-json\/wp\/v2\/media\/50929"}],"wp:attachment":[{"href":"https:\/\/vosgesinfo.fr\/saintdieinfo\/wp-json\/wp\/v2\/media?parent=50928"}],"wp:term":[{"taxonomy":"category","embeddable":true,"href":"https:\/\/vosgesinfo.fr\/saintdieinfo\/wp-json\/wp\/v2\/categories?post=50928"},{"taxonomy":"post_tag","embeddable":true,"href":"https:\/\/vosgesinfo.fr\/saintdieinfo\/wp-json\/wp\/v2\/tags?post=50928"}],"curies":[{"name":"wp","href":"https:\/\/api.w.org\/{rel}","templated":true}]}}