{"id":50936,"date":"2022-03-10T15:23:55","date_gmt":"2022-03-10T14:23:55","guid":{"rendered":"https:\/\/vosgesinfo.fr\/saintdieinfo\/2022\/03\/competition-internationale-worldskills-se-prepare-a-liut-de-saint-die-vosges-2\/"},"modified":"2022-03-10T15:23:55","modified_gmt":"2022-03-10T14:23:55","slug":"competition-internationale-worldskills-se-prepare-a-liut-de-saint-die-vosges-2","status":"publish","type":"post","link":"https:\/\/vosgesinfo.fr\/saintdieinfo\/2022\/03\/competition-internationale-worldskills-se-prepare-a-liut-de-saint-die-vosges-2\/","title":{"rendered":"La comp\u00e9tition internationale WorldSkills se pr\u00e9pare \u00e0 l&rsquo;IUT de Saint-Di\u00e9-des-Vosges"},"content":{"rendered":"<div id=\"attachment_180015\" style=\"width: 970px\" class=\"wp-caption aligncenter\"><a href=\"\/2022\/03\/Pr\u00e9paration_WorldSkills_IUT_SDDV-6.jpg\" target=\"_blank\" rel=\"noopener\"><img decoding=\"async\" aria-describedby=\"caption-attachment-180015\" class=\"wp-image-180015 size-large\" src=\"\/2022\/03\/Pr\u00e9paration_WorldSkills_IUT_SDDV-6-1024x771.jpg\" alt=\"Pr\u00e9paration_WorldSkills_IUT_SDDV (6)\" width=\"960\" height=\"723\" \/><\/a><p id=\"caption-attachment-180015\" class=\"wp-caption-text\">Enzo Rigoloni, champion de France du 46e WorldSkills, se pr\u00e9pare \u00e0 la finale internationale \u00e0 l&rsquo;IUT de Saint-Di\u00e9-des-Vosges.<\/p><\/div>\n<h2><strong><span style=\"font-size: 14pt;\">Le concours WorldSkills, se pr\u00e9sente comme le plus grand concours des m\u00e9tiers au monde. Cr\u00e9\u00e9 en 1950, lorsque Francisco Albert Vidal a \u00e9t\u00e9 charg\u00e9 de cr\u00e9er un concours de comp\u00e9tences pour les jeunes d&rsquo;Espagne et du Portugal, il a lieu tous les 2 ans. En France, le concours est repr\u00e9sent\u00e9 par le Comit\u00e9 Fran\u00e7ais des Olympiades de M\u00e9tiers \u2013 COFOM.<\/span><\/strong><\/h2>\n<p><!--more--><\/p>\n<p>Une quarantaine de pays participent \u00e0 la 46e \u00e9dition des WorkdSkills, avec plusieurs dizaines de m\u00e9tiers en comp\u00e9tition, r\u00e9partis selon 7 cat\u00e9gories\u00a0: alimentation, automobile, b\u00e2timent et travaux public, communication et num\u00e9rique, industrie, service, v\u00e9g\u00e9tal. Trois \u00e9tapes de s\u00e9lection d\u00e9terminent les meilleurs comp\u00e9titeurs en lice pour chaque m\u00e9tier. Celles et ceux qui se seront illustr\u00e9s lors des s\u00e9lections r\u00e9gionales acc\u00e8dent aux finales nationales, puis aux finales europ\u00e9ennes et mondiales pour les tout meilleurs.<\/p>\n<p>Les Fran\u00e7ais Enzo Regolini et Maxence Molinier figurent parmi les meilleurs de la 46e \u00e9dition des WordSkills, dans le domaine de l&rsquo;industrie. Plus exactement pour le m\u00e9tier \u00ab\u00a0Contr\u00f4le Industriel\u00a0\u00bb. Le premier est champion de France, le second est son dauphin. Le premier va concourir \u00e0 la finale internationale \u00e0 Shanghai en octobre prochain, le second \u00e0 la finale europ\u00e9enne \u00e0 Lyon.<\/p>\n<p>Tous 2 sont \u00e0 l&rsquo;IUT de Saint-Di\u00e9-des-Vosges cette semaine, o\u00f9 ils s&rsquo;entra\u00eenent de mani\u00e8re intensive pour les WorldSkills. Encadr\u00e9s par les enseignants du d\u00e9partement G\u00e9nie Electrique et Informatique Industrielle \u2013 GEII \u2013 Eric Ternisien, Michel Ravier et Cl\u00e9ment Dome, Enzo Regolini et Maxence Molinier suivent une formation de 40h, durant laquelle ils planchent sur le sujet des WorldSkills de Sao Paulo en employant le mat\u00e9riel de l&rsquo;IUT d\u00e9odatien. Ils doivent notamment programmer, param\u00e9trer et configurer un r\u00e9seau, \u00e9galement programmer un automate et un capteur RFID&#8230; et faire communiquer le tout. Et si l&rsquo;\u00e9tablissement d\u00e9odatien accueille ces 2 comp\u00e9titeurs de haut niveau, c&rsquo;est gr\u00e2ce \u00e0 son partenariat de longue date avec Siemens. Un partenariat qui se traduit en \u00e9quipements ainsi qu&rsquo;en comp\u00e9tences.<\/p>\n<p><em>\u00ab\u00a0Participer \u00e0 la finale internationale des WorldSkills me permet d&rsquo;acqu\u00e9rir l&rsquo;\u00e9quivalent de 5 \u00e0 8 ans d&rsquo;exp\u00e9rience professionnelle en seulement un an. Cela apporte \u00e9norm\u00e9ment de comp\u00e9tences, et c&rsquo;est aussi l&rsquo;opportunit\u00e9 de se cr\u00e9er un r\u00e9seau professionnel \u00e9norme\u00a0\u00bb<\/em> explique Enzo Regolini, qui se voit dans quelques ann\u00e9es responsable de la maintenance d&rsquo;un parc industriel.<\/p>\n<p>J.J.<\/p>\n\n","protected":false},"excerpt":{"rendered":"<p>Le concours WorldSkills, se pr\u00e9sente comme le plus grand concours des m\u00e9tiers au monde. Cr\u00e9\u00e9 en 1950, lorsque Francisco Albert [&hellip;]<\/p>\n","protected":false},"author":44,"featured_media":50937,"comment_status":"open","ping_status":"open","sticky":false,"template":"","format":"standard","meta":{"footnotes":""},"categories":[460,6,2915],"tags":[10577,10578,10579,3205,10580,2300],"class_list":["post-50936","post","type-post","status-publish","format-standard","has-post-thumbnail","hentry","category-a-la-une","category-education","category-saint-die-son-canton","tag-46e-worldskills","tag-controle-industriel","tag-enzo-regolini","tag-iut-de-saint-die-des-vosges","tag-maxence-molinier","tag-worldskills"],"acf":[],"yoast_head":"<!-- This site is optimized with the Yoast SEO plugin v22.5 - https:\/\/yoast.com\/wordpress\/plugins\/seo\/ -->\n<title>La comp\u00e9tition internationale WorldSkills se pr\u00e9pare \u00e0 l&#039;IUT de Saint-Di\u00e9-des-Vosges - Saint Die Info<\/title>\n<meta name=\"robots\" content=\"index, follow, max-snippet:-1, max-image-preview:large, max-video-preview:-1\" \/>\n<link rel=\"canonical\" href=\"https:\/\/vosgesinfo.fr\/saintdieinfo\/2022\/03\/competition-internationale-worldskills-se-prepare-a-liut-de-saint-die-vosges-2\/\" \/>\n<meta name=\"twitter:card\" content=\"summary_large_image\" \/>\n<meta name=\"twitter:title\" content=\"La comp\u00e9tition internationale WorldSkills se pr\u00e9pare \u00e0 l&#039;IUT de Saint-Di\u00e9-des-Vosges - Saint Die Info\" \/>\n<meta name=\"twitter:description\" content=\"Le concours WorldSkills, se pr\u00e9sente comme le plus grand concours des m\u00e9tiers au monde. Cr\u00e9\u00e9 en 1950, lorsque Francisco Albert [&hellip;]\" \/>\n<meta name=\"twitter:image\" content=\"https:\/\/vosgesinfo.fr\/app\/uploads\/sites\/4\/2024\/08\/202203preparation-worldskills-iut-sddv-6-1.jpg\" \/>\n<meta name=\"twitter:creator\" content=\"@VosgesInfo88\" \/>\n<meta name=\"twitter:site\" content=\"@VosgesInfo88\" \/>\n<meta name=\"twitter:label1\" content=\"\u00c9crit par\" \/>\n\t<meta name=\"twitter:data1\" content=\"la r\u00e9daction\" \/>\n\t<meta name=\"twitter:label2\" content=\"Dur\u00e9e de lecture estim\u00e9e\" \/>\n\t<meta name=\"twitter:data2\" content=\"2 minutes\" \/>\n<script type=\"application\/ld+json\" class=\"yoast-schema-graph\">{\"@context\":\"https:\/\/schema.org\",\"@graph\":[{\"@type\":\"Article\",\"@id\":\"https:\/\/vosgesinfo.fr\/saintdieinfo\/2022\/03\/competition-internationale-worldskills-se-prepare-a-liut-de-saint-die-vosges-2\/#article\",\"isPartOf\":{\"@id\":\"https:\/\/vosgesinfo.fr\/saintdieinfo\/2022\/03\/competition-internationale-worldskills-se-prepare-a-liut-de-saint-die-vosges-2\/\"},\"author\":{\"name\":\"la r\u00e9daction\",\"@id\":\"https:\/\/vosgesinfo.fr\/saintdieinfo\/#\/schema\/person\/faee6704a21f3977511db84bd1cd450f\"},\"headline\":\"La comp\u00e9tition internationale WorldSkills se pr\u00e9pare \u00e0 l&rsquo;IUT de Saint-Di\u00e9-des-Vosges\",\"datePublished\":\"2022-03-10T14:23:55+00:00\",\"dateModified\":\"2022-03-10T14:23:55+00:00\",\"mainEntityOfPage\":{\"@id\":\"https:\/\/vosgesinfo.fr\/saintdieinfo\/2022\/03\/competition-internationale-worldskills-se-prepare-a-liut-de-saint-die-vosges-2\/\"},\"wordCount\":460,\"commentCount\":0,\"publisher\":{\"@id\":\"https:\/\/vosgesinfo.fr\/saintdieinfo\/#organization\"},\"image\":{\"@id\":\"https:\/\/vosgesinfo.fr\/saintdieinfo\/2022\/03\/competition-internationale-worldskills-se-prepare-a-liut-de-saint-die-vosges-2\/#primaryimage\"},\"thumbnailUrl\":\"https:\/\/vosgesinfo.fr\/app\/uploads\/sites\/4\/2024\/08\/202203preparation-worldskills-iut-sddv-6-1.jpg\",\"keywords\":[\"46e WorldSkills\",\"Contr\u00f4le Industriel\",\"Enzo Regolini\",\"IUT de Saint-Di\u00e9-des-Vosges\",\"Maxence Molinier\",\"Worldskills\"],\"articleSection\":[\"A la Une\",\"\u00c9ducation\",\"Saint-Di\u00e9-des-Vosges et son Agglom\u00e9ration\"],\"inLanguage\":\"fr-FR\",\"potentialAction\":[{\"@type\":\"CommentAction\",\"name\":\"Comment\",\"target\":[\"https:\/\/vosgesinfo.fr\/saintdieinfo\/2022\/03\/competition-internationale-worldskills-se-prepare-a-liut-de-saint-die-vosges-2\/#respond\"]}]},{\"@type\":\"WebPage\",\"@id\":\"https:\/\/vosgesinfo.fr\/saintdieinfo\/2022\/03\/competition-internationale-worldskills-se-prepare-a-liut-de-saint-die-vosges-2\/\",\"url\":\"https:\/\/vosgesinfo.fr\/saintdieinfo\/2022\/03\/competition-internationale-worldskills-se-prepare-a-liut-de-saint-die-vosges-2\/\",\"name\":\"La comp\u00e9tition internationale WorldSkills se pr\u00e9pare \u00e0 l'IUT de Saint-Di\u00e9-des-Vosges - Saint Die Info\",\"isPartOf\":{\"@id\":\"https:\/\/vosgesinfo.fr\/saintdieinfo\/#website\"},\"primaryImageOfPage\":{\"@id\":\"https:\/\/vosgesinfo.fr\/saintdieinfo\/2022\/03\/competition-internationale-worldskills-se-prepare-a-liut-de-saint-die-vosges-2\/#primaryimage\"},\"image\":{\"@id\":\"https:\/\/vosgesinfo.fr\/saintdieinfo\/2022\/03\/competition-internationale-worldskills-se-prepare-a-liut-de-saint-die-vosges-2\/#primaryimage\"},\"thumbnailUrl\":\"https:\/\/vosgesinfo.fr\/app\/uploads\/sites\/4\/2024\/08\/202203preparation-worldskills-iut-sddv-6-1.jpg\",\"datePublished\":\"2022-03-10T14:23:55+00:00\",\"dateModified\":\"2022-03-10T14:23:55+00:00\",\"breadcrumb\":{\"@id\":\"https:\/\/vosgesinfo.fr\/saintdieinfo\/2022\/03\/competition-internationale-worldskills-se-prepare-a-liut-de-saint-die-vosges-2\/#breadcrumb\"},\"inLanguage\":\"fr-FR\",\"potentialAction\":[{\"@type\":\"ReadAction\",\"target\":[\"https:\/\/vosgesinfo.fr\/saintdieinfo\/2022\/03\/competition-internationale-worldskills-se-prepare-a-liut-de-saint-die-vosges-2\/\"]}]},{\"@type\":\"ImageObject\",\"inLanguage\":\"fr-FR\",\"@id\":\"https:\/\/vosgesinfo.fr\/saintdieinfo\/2022\/03\/competition-internationale-worldskills-se-prepare-a-liut-de-saint-die-vosges-2\/#primaryimage\",\"url\":\"https:\/\/vosgesinfo.fr\/app\/uploads\/sites\/4\/2024\/08\/202203preparation-worldskills-iut-sddv-6-1.jpg\",\"contentUrl\":\"https:\/\/vosgesinfo.fr\/app\/uploads\/sites\/4\/2024\/08\/202203preparation-worldskills-iut-sddv-6-1.jpg\",\"width\":1600,\"height\":1205},{\"@type\":\"BreadcrumbList\",\"@id\":\"https:\/\/vosgesinfo.fr\/saintdieinfo\/2022\/03\/competition-internationale-worldskills-se-prepare-a-liut-de-saint-die-vosges-2\/#breadcrumb\",\"itemListElement\":[{\"@type\":\"ListItem\",\"position\":1,\"name\":\"Home\",\"item\":\"https:\/\/vosgesinfo.fr\/saintdieinfo\/\"},{\"@type\":\"ListItem\",\"position\":2,\"name\":\"La comp\u00e9tition internationale WorldSkills se pr\u00e9pare \u00e0 l&rsquo;IUT de Saint-Di\u00e9-des-Vosges\"}]},{\"@type\":\"WebSite\",\"@id\":\"https:\/\/vosgesinfo.fr\/saintdieinfo\/#website\",\"url\":\"https:\/\/vosgesinfo.fr\/saintdieinfo\/\",\"name\":\"Saint Die Info\",\"description\":\"Toute l&#039;actualit\u00e9 de Saint-Di\u00e9-Des-Vosges\",\"publisher\":{\"@id\":\"https:\/\/vosgesinfo.fr\/saintdieinfo\/#organization\"},\"alternateName\":\"Toute l'actualit\u00e9 de Saint-Di\u00e9-Des-Vosges\",\"potentialAction\":[{\"@type\":\"SearchAction\",\"target\":{\"@type\":\"EntryPoint\",\"urlTemplate\":\"https:\/\/vosgesinfo.fr\/saintdieinfo\/?s={search_term_string}\"},\"query-input\":\"required name=search_term_string\"}],\"inLanguage\":\"fr-FR\"},{\"@type\":\"Organization\",\"@id\":\"https:\/\/vosgesinfo.fr\/saintdieinfo\/#organization\",\"name\":\"Saint Die Info\",\"url\":\"https:\/\/vosgesinfo.fr\/saintdieinfo\/\",\"logo\":{\"@type\":\"ImageObject\",\"inLanguage\":\"fr-FR\",\"@id\":\"https:\/\/vosgesinfo.fr\/saintdieinfo\/#\/schema\/logo\/image\/\",\"url\":\"https:\/\/vosgesinfo.fr\/app\/uploads\/sites\/4\/2024\/02\/logo-sdi.jpg\",\"contentUrl\":\"https:\/\/vosgesinfo.fr\/app\/uploads\/sites\/4\/2024\/02\/logo-sdi.jpg\",\"width\":600,\"height\":600,\"caption\":\"Saint Die Info\"},\"image\":{\"@id\":\"https:\/\/vosgesinfo.fr\/saintdieinfo\/#\/schema\/logo\/image\/\"},\"sameAs\":[\"https:\/\/www.facebook.com\/Saintdieinfofr\",\"https:\/\/x.com\/VosgesInfo88\",\"https:\/\/www.youtube.com\/@vosgesinfo\"]},{\"@type\":\"Person\",\"@id\":\"https:\/\/vosgesinfo.fr\/saintdieinfo\/#\/schema\/person\/faee6704a21f3977511db84bd1cd450f\",\"name\":\"la r\u00e9daction\",\"image\":{\"@type\":\"ImageObject\",\"inLanguage\":\"fr-FR\",\"@id\":\"https:\/\/vosgesinfo.fr\/saintdieinfo\/#\/schema\/person\/image\/\",\"url\":\"https:\/\/secure.gravatar.com\/avatar\/6673d8bc6a9c17fa9a453eaa3448de834fa308c2ec9635b7aa99441a7c8d2cf6?s=96&d=mm&r=g\",\"contentUrl\":\"https:\/\/secure.gravatar.com\/avatar\/6673d8bc6a9c17fa9a453eaa3448de834fa308c2ec9635b7aa99441a7c8d2cf6?s=96&d=mm&r=g\",\"caption\":\"la r\u00e9daction\"},\"url\":\"https:\/\/vosgesinfo.fr\/saintdieinfo\/author\/redac\/\"}]}<\/script>\n<!-- \/ Yoast SEO plugin. -->","yoast_head_json":{"title":"La comp\u00e9tition internationale WorldSkills se pr\u00e9pare \u00e0 l'IUT de Saint-Di\u00e9-des-Vosges - Saint Die Info","robots":{"index":"index","follow":"follow","max-snippet":"max-snippet:-1","max-image-preview":"max-image-preview:large","max-video-preview":"max-video-preview:-1"},"canonical":"https:\/\/vosgesinfo.fr\/saintdieinfo\/2022\/03\/competition-internationale-worldskills-se-prepare-a-liut-de-saint-die-vosges-2\/","twitter_card":"summary_large_image","twitter_title":"La comp\u00e9tition internationale WorldSkills se pr\u00e9pare \u00e0 l'IUT de Saint-Di\u00e9-des-Vosges - Saint Die Info","twitter_description":"Le concours WorldSkills, se pr\u00e9sente comme le plus grand concours des m\u00e9tiers au monde. Cr\u00e9\u00e9 en 1950, lorsque Francisco Albert [&hellip;]","twitter_image":"https:\/\/vosgesinfo.fr\/app\/uploads\/sites\/4\/2024\/08\/202203preparation-worldskills-iut-sddv-6-1.jpg","twitter_creator":"@VosgesInfo88","twitter_site":"@VosgesInfo88","twitter_misc":{"\u00c9crit par":"la r\u00e9daction","Dur\u00e9e de lecture estim\u00e9e":"2 minutes"},"schema":{"@context":"https:\/\/schema.org","@graph":[{"@type":"Article","@id":"https:\/\/vosgesinfo.fr\/saintdieinfo\/2022\/03\/competition-internationale-worldskills-se-prepare-a-liut-de-saint-die-vosges-2\/#article","isPartOf":{"@id":"https:\/\/vosgesinfo.fr\/saintdieinfo\/2022\/03\/competition-internationale-worldskills-se-prepare-a-liut-de-saint-die-vosges-2\/"},"author":{"name":"la r\u00e9daction","@id":"https:\/\/vosgesinfo.fr\/saintdieinfo\/#\/schema\/person\/faee6704a21f3977511db84bd1cd450f"},"headline":"La comp\u00e9tition internationale WorldSkills se pr\u00e9pare \u00e0 l&rsquo;IUT de Saint-Di\u00e9-des-Vosges","datePublished":"2022-03-10T14:23:55+00:00","dateModified":"2022-03-10T14:23:55+00:00","mainEntityOfPage":{"@id":"https:\/\/vosgesinfo.fr\/saintdieinfo\/2022\/03\/competition-internationale-worldskills-se-prepare-a-liut-de-saint-die-vosges-2\/"},"wordCount":460,"commentCount":0,"publisher":{"@id":"https:\/\/vosgesinfo.fr\/saintdieinfo\/#organization"},"image":{"@id":"https:\/\/vosgesinfo.fr\/saintdieinfo\/2022\/03\/competition-internationale-worldskills-se-prepare-a-liut-de-saint-die-vosges-2\/#primaryimage"},"thumbnailUrl":"https:\/\/vosgesinfo.fr\/app\/uploads\/sites\/4\/2024\/08\/202203preparation-worldskills-iut-sddv-6-1.jpg","keywords":["46e WorldSkills","Contr\u00f4le Industriel","Enzo Regolini","IUT de Saint-Di\u00e9-des-Vosges","Maxence Molinier","Worldskills"],"articleSection":["A la Une","\u00c9ducation","Saint-Di\u00e9-des-Vosges et son Agglom\u00e9ration"],"inLanguage":"fr-FR","potentialAction":[{"@type":"CommentAction","name":"Comment","target":["https:\/\/vosgesinfo.fr\/saintdieinfo\/2022\/03\/competition-internationale-worldskills-se-prepare-a-liut-de-saint-die-vosges-2\/#respond"]}]},{"@type":"WebPage","@id":"https:\/\/vosgesinfo.fr\/saintdieinfo\/2022\/03\/competition-internationale-worldskills-se-prepare-a-liut-de-saint-die-vosges-2\/","url":"https:\/\/vosgesinfo.fr\/saintdieinfo\/2022\/03\/competition-internationale-worldskills-se-prepare-a-liut-de-saint-die-vosges-2\/","name":"La comp\u00e9tition internationale WorldSkills se pr\u00e9pare \u00e0 l'IUT de Saint-Di\u00e9-des-Vosges - Saint Die Info","isPartOf":{"@id":"https:\/\/vosgesinfo.fr\/saintdieinfo\/#website"},"primaryImageOfPage":{"@id":"https:\/\/vosgesinfo.fr\/saintdieinfo\/2022\/03\/competition-internationale-worldskills-se-prepare-a-liut-de-saint-die-vosges-2\/#primaryimage"},"image":{"@id":"https:\/\/vosgesinfo.fr\/saintdieinfo\/2022\/03\/competition-internationale-worldskills-se-prepare-a-liut-de-saint-die-vosges-2\/#primaryimage"},"thumbnailUrl":"https:\/\/vosgesinfo.fr\/app\/uploads\/sites\/4\/2024\/08\/202203preparation-worldskills-iut-sddv-6-1.jpg","datePublished":"2022-03-10T14:23:55+00:00","dateModified":"2022-03-10T14:23:55+00:00","breadcrumb":{"@id":"https:\/\/vosgesinfo.fr\/saintdieinfo\/2022\/03\/competition-internationale-worldskills-se-prepare-a-liut-de-saint-die-vosges-2\/#breadcrumb"},"inLanguage":"fr-FR","potentialAction":[{"@type":"ReadAction","target":["https:\/\/vosgesinfo.fr\/saintdieinfo\/2022\/03\/competition-internationale-worldskills-se-prepare-a-liut-de-saint-die-vosges-2\/"]}]},{"@type":"ImageObject","inLanguage":"fr-FR","@id":"https:\/\/vosgesinfo.fr\/saintdieinfo\/2022\/03\/competition-internationale-worldskills-se-prepare-a-liut-de-saint-die-vosges-2\/#primaryimage","url":"https:\/\/vosgesinfo.fr\/app\/uploads\/sites\/4\/2024\/08\/202203preparation-worldskills-iut-sddv-6-1.jpg","contentUrl":"https:\/\/vosgesinfo.fr\/app\/uploads\/sites\/4\/2024\/08\/202203preparation-worldskills-iut-sddv-6-1.jpg","width":1600,"height":1205},{"@type":"BreadcrumbList","@id":"https:\/\/vosgesinfo.fr\/saintdieinfo\/2022\/03\/competition-internationale-worldskills-se-prepare-a-liut-de-saint-die-vosges-2\/#breadcrumb","itemListElement":[{"@type":"ListItem","position":1,"name":"Home","item":"https:\/\/vosgesinfo.fr\/saintdieinfo\/"},{"@type":"ListItem","position":2,"name":"La comp\u00e9tition internationale WorldSkills se pr\u00e9pare \u00e0 l&rsquo;IUT de Saint-Di\u00e9-des-Vosges"}]},{"@type":"WebSite","@id":"https:\/\/vosgesinfo.fr\/saintdieinfo\/#website","url":"https:\/\/vosgesinfo.fr\/saintdieinfo\/","name":"Saint Die Info","description":"Toute l&#039;actualit\u00e9 de Saint-Di\u00e9-Des-Vosges","publisher":{"@id":"https:\/\/vosgesinfo.fr\/saintdieinfo\/#organization"},"alternateName":"Toute l'actualit\u00e9 de Saint-Di\u00e9-Des-Vosges","potentialAction":[{"@type":"SearchAction","target":{"@type":"EntryPoint","urlTemplate":"https:\/\/vosgesinfo.fr\/saintdieinfo\/?s={search_term_string}"},"query-input":"required name=search_term_string"}],"inLanguage":"fr-FR"},{"@type":"Organization","@id":"https:\/\/vosgesinfo.fr\/saintdieinfo\/#organization","name":"Saint Die Info","url":"https:\/\/vosgesinfo.fr\/saintdieinfo\/","logo":{"@type":"ImageObject","inLanguage":"fr-FR","@id":"https:\/\/vosgesinfo.fr\/saintdieinfo\/#\/schema\/logo\/image\/","url":"https:\/\/vosgesinfo.fr\/app\/uploads\/sites\/4\/2024\/02\/logo-sdi.jpg","contentUrl":"https:\/\/vosgesinfo.fr\/app\/uploads\/sites\/4\/2024\/02\/logo-sdi.jpg","width":600,"height":600,"caption":"Saint Die Info"},"image":{"@id":"https:\/\/vosgesinfo.fr\/saintdieinfo\/#\/schema\/logo\/image\/"},"sameAs":["https:\/\/www.facebook.com\/Saintdieinfofr","https:\/\/x.com\/VosgesInfo88","https:\/\/www.youtube.com\/@vosgesinfo"]},{"@type":"Person","@id":"https:\/\/vosgesinfo.fr\/saintdieinfo\/#\/schema\/person\/faee6704a21f3977511db84bd1cd450f","name":"la r\u00e9daction","image":{"@type":"ImageObject","inLanguage":"fr-FR","@id":"https:\/\/vosgesinfo.fr\/saintdieinfo\/#\/schema\/person\/image\/","url":"https:\/\/secure.gravatar.com\/avatar\/6673d8bc6a9c17fa9a453eaa3448de834fa308c2ec9635b7aa99441a7c8d2cf6?s=96&d=mm&r=g","contentUrl":"https:\/\/secure.gravatar.com\/avatar\/6673d8bc6a9c17fa9a453eaa3448de834fa308c2ec9635b7aa99441a7c8d2cf6?s=96&d=mm&r=g","caption":"la r\u00e9daction"},"url":"https:\/\/vosgesinfo.fr\/saintdieinfo\/author\/redac\/"}]}},"_links":{"self":[{"href":"https:\/\/vosgesinfo.fr\/saintdieinfo\/wp-json\/wp\/v2\/posts\/50936","targetHints":{"allow":["GET"]}}],"collection":[{"href":"https:\/\/vosgesinfo.fr\/saintdieinfo\/wp-json\/wp\/v2\/posts"}],"about":[{"href":"https:\/\/vosgesinfo.fr\/saintdieinfo\/wp-json\/wp\/v2\/types\/post"}],"author":[{"embeddable":true,"href":"https:\/\/vosgesinfo.fr\/saintdieinfo\/wp-json\/wp\/v2\/users\/44"}],"replies":[{"embeddable":true,"href":"https:\/\/vosgesinfo.fr\/saintdieinfo\/wp-json\/wp\/v2\/comments?post=50936"}],"version-history":[{"count":0,"href":"https:\/\/vosgesinfo.fr\/saintdieinfo\/wp-json\/wp\/v2\/posts\/50936\/revisions"}],"wp:featuredmedia":[{"embeddable":true,"href":"https:\/\/vosgesinfo.fr\/saintdieinfo\/wp-json\/wp\/v2\/media\/50937"}],"wp:attachment":[{"href":"https:\/\/vosgesinfo.fr\/saintdieinfo\/wp-json\/wp\/v2\/media?parent=50936"}],"wp:term":[{"taxonomy":"category","embeddable":true,"href":"https:\/\/vosgesinfo.fr\/saintdieinfo\/wp-json\/wp\/v2\/categories?post=50936"},{"taxonomy":"post_tag","embeddable":true,"href":"https:\/\/vosgesinfo.fr\/saintdieinfo\/wp-json\/wp\/v2\/tags?post=50936"}],"curies":[{"name":"wp","href":"https:\/\/api.w.org\/{rel}","templated":true}]}}