{"id":51001,"date":"2022-03-12T09:11:34","date_gmt":"2022-03-12T08:11:34","guid":{"rendered":"https:\/\/vosgesinfo.fr\/saintdieinfo\/2022\/03\/18-portraits-de-femmes-a-decouvrir-a-lespace-georges-sadoul-cet-apres-midi-2\/"},"modified":"2022-03-12T09:11:34","modified_gmt":"2022-03-12T08:11:34","slug":"18-portraits-de-femmes-a-decouvrir-a-lespace-georges-sadoul-cet-apres-midi-2","status":"publish","type":"post","link":"https:\/\/vosgesinfo.fr\/saintdieinfo\/2022\/03\/18-portraits-de-femmes-a-decouvrir-a-lespace-georges-sadoul-cet-apres-midi-2\/","title":{"rendered":"18 portraits de femmes \u00e0 d\u00e9couvrir \u00e0 l&rsquo;Espace Georges-Sadoul cet apr\u00e8s-midi"},"content":{"rendered":"<div id=\"attachment_180108\" style=\"width: 779px\" class=\"wp-caption aligncenter\"><a href=\"\/2022\/03\/Exposition_G\u00e9n\u00e9ration_de_Femmes-5.jpg\" target=\"_blank\" rel=\"noopener\"><img decoding=\"async\" aria-describedby=\"caption-attachment-180108\" class=\"wp-image-180108 size-large\" src=\"\/2022\/03\/Exposition_G\u00e9n\u00e9ration_de_Femmes-5-769x1024.jpg\" alt=\"Exposition_G\u00e9n\u00e9ration_de_Femmes (5)\" width=\"769\" height=\"1024\" \/><\/a><p id=\"caption-attachment-180108\" class=\"wp-caption-text\">(Photographies Herv\u00e9 Legrix)<\/p><\/div>\n<h2><strong><span style=\"font-size: 14pt;\">Dans le cadre de la d\u00e9clinaison d\u00e9odatienne de la Journ\u00e9e internationale des droits des femmes, un apr\u00e8s-midi festif est organis\u00e9 ce samedi \u00e0 la salle Lautescher de l&rsquo;Espace Georges-Sadoul.<\/span><\/strong><\/h2>\n<p><!--more--><\/p>\n<p>Au programme\u00a0: diverses animations musicales et l&rsquo;inauguration de l&rsquo;exposition photographique de Herv\u00e9 Legrix, intitul\u00e9e \u00ab\u00a0G\u00e9n\u00e9ration de femmes\u00a0\u00bb. Cette exposition pr\u00e9sente 18 portraits en noir et blanc de femmes d\u00e9odatiennes, d&rsquo;\u00e2ges et d&rsquo;horizons divers. C&rsquo;est au cours du mois de f\u00e9vrier que le photographe a immortalis\u00e9 ces portraits, dans les locaux de la maison de sant\u00e9 KAFE du quartier Kellermann, suite \u00e0 une demande de la Ville et de mani\u00e8re b\u00e9n\u00e9vole. Herv\u00e9 Legrix s&rsquo;est ensuite charg\u00e9 de l&rsquo;impression des photographies, qui ont \u00e9t\u00e9 install\u00e9es \u00e0 leur emplacement vendredi matin. L&rsquo;exposition est \u00e0 d\u00e9couvrir de 15h \u00e0 18h. Entr\u00e9e libre, sur pr\u00e9sentation du passe vaccinal.<\/p>\n<p>J.J.<\/p>\n\n","protected":false},"excerpt":{"rendered":"<p>Dans le cadre de la d\u00e9clinaison d\u00e9odatienne de la Journ\u00e9e internationale des droits des femmes, un apr\u00e8s-midi festif est organis\u00e9 [&hellip;]<\/p>\n","protected":false},"author":44,"featured_media":51002,"comment_status":"open","ping_status":"open","sticky":false,"template":"","format":"standard","meta":{"footnotes":""},"categories":[460,2915],"tags":[3559,10595,8021,990,10596],"class_list":["post-51001","post","type-post","status-publish","format-standard","has-post-thumbnail","hentry","category-a-la-une","category-saint-die-son-canton","tag-espace-georges-sadoul","tag-generation-de-femmes","tag-herve-legrix","tag-journee-internationale-des-droits-des-femmes","tag-portraits-de-femmes"],"acf":[],"yoast_head":"<!-- This site is optimized with the Yoast SEO plugin v22.5 - https:\/\/yoast.com\/wordpress\/plugins\/seo\/ -->\n<title>18 portraits de femmes \u00e0 d\u00e9couvrir \u00e0 l&#039;Espace Georges-Sadoul cet apr\u00e8s-midi - Saint Die Info<\/title>\n<meta name=\"robots\" content=\"index, follow, max-snippet:-1, max-image-preview:large, max-video-preview:-1\" \/>\n<link rel=\"canonical\" href=\"https:\/\/vosgesinfo.fr\/saintdieinfo\/2022\/03\/18-portraits-de-femmes-a-decouvrir-a-lespace-georges-sadoul-cet-apres-midi-2\/\" \/>\n<meta name=\"twitter:card\" content=\"summary_large_image\" \/>\n<meta name=\"twitter:title\" content=\"18 portraits de femmes \u00e0 d\u00e9couvrir \u00e0 l&#039;Espace Georges-Sadoul cet apr\u00e8s-midi - Saint Die Info\" \/>\n<meta name=\"twitter:description\" content=\"Dans le cadre de la d\u00e9clinaison d\u00e9odatienne de la Journ\u00e9e internationale des droits des femmes, un apr\u00e8s-midi festif est organis\u00e9 [&hellip;]\" \/>\n<meta name=\"twitter:image\" content=\"https:\/\/vosgesinfo.fr\/app\/uploads\/sites\/4\/2024\/08\/202203exposition-generation-de-femmes-5-1.jpg\" \/>\n<meta name=\"twitter:creator\" content=\"@VosgesInfo88\" \/>\n<meta name=\"twitter:site\" content=\"@VosgesInfo88\" \/>\n<meta name=\"twitter:label1\" content=\"\u00c9crit par\" \/>\n\t<meta name=\"twitter:data1\" content=\"la r\u00e9daction\" \/>\n\t<meta name=\"twitter:label2\" content=\"Dur\u00e9e de lecture estim\u00e9e\" \/>\n\t<meta name=\"twitter:data2\" content=\"1 minute\" \/>\n<script type=\"application\/ld+json\" class=\"yoast-schema-graph\">{\"@context\":\"https:\/\/schema.org\",\"@graph\":[{\"@type\":\"Article\",\"@id\":\"https:\/\/vosgesinfo.fr\/saintdieinfo\/2022\/03\/18-portraits-de-femmes-a-decouvrir-a-lespace-georges-sadoul-cet-apres-midi-2\/#article\",\"isPartOf\":{\"@id\":\"https:\/\/vosgesinfo.fr\/saintdieinfo\/2022\/03\/18-portraits-de-femmes-a-decouvrir-a-lespace-georges-sadoul-cet-apres-midi-2\/\"},\"author\":{\"name\":\"la r\u00e9daction\",\"@id\":\"https:\/\/vosgesinfo.fr\/saintdieinfo\/#\/schema\/person\/faee6704a21f3977511db84bd1cd450f\"},\"headline\":\"18 portraits de femmes \u00e0 d\u00e9couvrir \u00e0 l&rsquo;Espace Georges-Sadoul cet apr\u00e8s-midi\",\"datePublished\":\"2022-03-12T08:11:34+00:00\",\"dateModified\":\"2022-03-12T08:11:34+00:00\",\"mainEntityOfPage\":{\"@id\":\"https:\/\/vosgesinfo.fr\/saintdieinfo\/2022\/03\/18-portraits-de-femmes-a-decouvrir-a-lespace-georges-sadoul-cet-apres-midi-2\/\"},\"wordCount\":181,\"commentCount\":0,\"publisher\":{\"@id\":\"https:\/\/vosgesinfo.fr\/saintdieinfo\/#organization\"},\"image\":{\"@id\":\"https:\/\/vosgesinfo.fr\/saintdieinfo\/2022\/03\/18-portraits-de-femmes-a-decouvrir-a-lespace-georges-sadoul-cet-apres-midi-2\/#primaryimage\"},\"thumbnailUrl\":\"https:\/\/vosgesinfo.fr\/app\/uploads\/sites\/4\/2024\/08\/202203exposition-generation-de-femmes-5-1.jpg\",\"keywords\":[\"Espace Georges-Sadoul\",\"G\u00e9n\u00e9ration de femmes\",\"Herv\u00e9 Legrix\",\"journ\u00e9e internationale des droits des femmes\",\"Portraits de femmes\"],\"articleSection\":[\"A la Une\",\"Saint-Di\u00e9-des-Vosges et son Agglom\u00e9ration\"],\"inLanguage\":\"fr-FR\",\"potentialAction\":[{\"@type\":\"CommentAction\",\"name\":\"Comment\",\"target\":[\"https:\/\/vosgesinfo.fr\/saintdieinfo\/2022\/03\/18-portraits-de-femmes-a-decouvrir-a-lespace-georges-sadoul-cet-apres-midi-2\/#respond\"]}]},{\"@type\":\"WebPage\",\"@id\":\"https:\/\/vosgesinfo.fr\/saintdieinfo\/2022\/03\/18-portraits-de-femmes-a-decouvrir-a-lespace-georges-sadoul-cet-apres-midi-2\/\",\"url\":\"https:\/\/vosgesinfo.fr\/saintdieinfo\/2022\/03\/18-portraits-de-femmes-a-decouvrir-a-lespace-georges-sadoul-cet-apres-midi-2\/\",\"name\":\"18 portraits de femmes \u00e0 d\u00e9couvrir \u00e0 l'Espace Georges-Sadoul cet apr\u00e8s-midi - Saint Die Info\",\"isPartOf\":{\"@id\":\"https:\/\/vosgesinfo.fr\/saintdieinfo\/#website\"},\"primaryImageOfPage\":{\"@id\":\"https:\/\/vosgesinfo.fr\/saintdieinfo\/2022\/03\/18-portraits-de-femmes-a-decouvrir-a-lespace-georges-sadoul-cet-apres-midi-2\/#primaryimage\"},\"image\":{\"@id\":\"https:\/\/vosgesinfo.fr\/saintdieinfo\/2022\/03\/18-portraits-de-femmes-a-decouvrir-a-lespace-georges-sadoul-cet-apres-midi-2\/#primaryimage\"},\"thumbnailUrl\":\"https:\/\/vosgesinfo.fr\/app\/uploads\/sites\/4\/2024\/08\/202203exposition-generation-de-femmes-5-1.jpg\",\"datePublished\":\"2022-03-12T08:11:34+00:00\",\"dateModified\":\"2022-03-12T08:11:34+00:00\",\"breadcrumb\":{\"@id\":\"https:\/\/vosgesinfo.fr\/saintdieinfo\/2022\/03\/18-portraits-de-femmes-a-decouvrir-a-lespace-georges-sadoul-cet-apres-midi-2\/#breadcrumb\"},\"inLanguage\":\"fr-FR\",\"potentialAction\":[{\"@type\":\"ReadAction\",\"target\":[\"https:\/\/vosgesinfo.fr\/saintdieinfo\/2022\/03\/18-portraits-de-femmes-a-decouvrir-a-lespace-georges-sadoul-cet-apres-midi-2\/\"]}]},{\"@type\":\"ImageObject\",\"inLanguage\":\"fr-FR\",\"@id\":\"https:\/\/vosgesinfo.fr\/saintdieinfo\/2022\/03\/18-portraits-de-femmes-a-decouvrir-a-lespace-georges-sadoul-cet-apres-midi-2\/#primaryimage\",\"url\":\"https:\/\/vosgesinfo.fr\/app\/uploads\/sites\/4\/2024\/08\/202203exposition-generation-de-femmes-5-1.jpg\",\"contentUrl\":\"https:\/\/vosgesinfo.fr\/app\/uploads\/sites\/4\/2024\/08\/202203exposition-generation-de-femmes-5-1.jpg\",\"width\":1201,\"height\":1600},{\"@type\":\"BreadcrumbList\",\"@id\":\"https:\/\/vosgesinfo.fr\/saintdieinfo\/2022\/03\/18-portraits-de-femmes-a-decouvrir-a-lespace-georges-sadoul-cet-apres-midi-2\/#breadcrumb\",\"itemListElement\":[{\"@type\":\"ListItem\",\"position\":1,\"name\":\"Home\",\"item\":\"https:\/\/vosgesinfo.fr\/saintdieinfo\/\"},{\"@type\":\"ListItem\",\"position\":2,\"name\":\"18 portraits de femmes \u00e0 d\u00e9couvrir \u00e0 l&rsquo;Espace Georges-Sadoul cet apr\u00e8s-midi\"}]},{\"@type\":\"WebSite\",\"@id\":\"https:\/\/vosgesinfo.fr\/saintdieinfo\/#website\",\"url\":\"https:\/\/vosgesinfo.fr\/saintdieinfo\/\",\"name\":\"Saint Die Info\",\"description\":\"Toute l&#039;actualit\u00e9 de Saint-Di\u00e9-Des-Vosges\",\"publisher\":{\"@id\":\"https:\/\/vosgesinfo.fr\/saintdieinfo\/#organization\"},\"alternateName\":\"Toute l'actualit\u00e9 de Saint-Di\u00e9-Des-Vosges\",\"potentialAction\":[{\"@type\":\"SearchAction\",\"target\":{\"@type\":\"EntryPoint\",\"urlTemplate\":\"https:\/\/vosgesinfo.fr\/saintdieinfo\/?s={search_term_string}\"},\"query-input\":\"required name=search_term_string\"}],\"inLanguage\":\"fr-FR\"},{\"@type\":\"Organization\",\"@id\":\"https:\/\/vosgesinfo.fr\/saintdieinfo\/#organization\",\"name\":\"Saint Die Info\",\"url\":\"https:\/\/vosgesinfo.fr\/saintdieinfo\/\",\"logo\":{\"@type\":\"ImageObject\",\"inLanguage\":\"fr-FR\",\"@id\":\"https:\/\/vosgesinfo.fr\/saintdieinfo\/#\/schema\/logo\/image\/\",\"url\":\"https:\/\/vosgesinfo.fr\/app\/uploads\/sites\/4\/2024\/02\/logo-sdi.jpg\",\"contentUrl\":\"https:\/\/vosgesinfo.fr\/app\/uploads\/sites\/4\/2024\/02\/logo-sdi.jpg\",\"width\":600,\"height\":600,\"caption\":\"Saint Die Info\"},\"image\":{\"@id\":\"https:\/\/vosgesinfo.fr\/saintdieinfo\/#\/schema\/logo\/image\/\"},\"sameAs\":[\"https:\/\/www.facebook.com\/Saintdieinfofr\",\"https:\/\/x.com\/VosgesInfo88\",\"https:\/\/www.youtube.com\/@vosgesinfo\"]},{\"@type\":\"Person\",\"@id\":\"https:\/\/vosgesinfo.fr\/saintdieinfo\/#\/schema\/person\/faee6704a21f3977511db84bd1cd450f\",\"name\":\"la r\u00e9daction\",\"image\":{\"@type\":\"ImageObject\",\"inLanguage\":\"fr-FR\",\"@id\":\"https:\/\/vosgesinfo.fr\/saintdieinfo\/#\/schema\/person\/image\/\",\"url\":\"https:\/\/secure.gravatar.com\/avatar\/6673d8bc6a9c17fa9a453eaa3448de834fa308c2ec9635b7aa99441a7c8d2cf6?s=96&d=mm&r=g\",\"contentUrl\":\"https:\/\/secure.gravatar.com\/avatar\/6673d8bc6a9c17fa9a453eaa3448de834fa308c2ec9635b7aa99441a7c8d2cf6?s=96&d=mm&r=g\",\"caption\":\"la r\u00e9daction\"},\"url\":\"https:\/\/vosgesinfo.fr\/saintdieinfo\/author\/redac\/\"}]}<\/script>\n<!-- \/ Yoast SEO plugin. -->","yoast_head_json":{"title":"18 portraits de femmes \u00e0 d\u00e9couvrir \u00e0 l'Espace Georges-Sadoul cet apr\u00e8s-midi - Saint Die Info","robots":{"index":"index","follow":"follow","max-snippet":"max-snippet:-1","max-image-preview":"max-image-preview:large","max-video-preview":"max-video-preview:-1"},"canonical":"https:\/\/vosgesinfo.fr\/saintdieinfo\/2022\/03\/18-portraits-de-femmes-a-decouvrir-a-lespace-georges-sadoul-cet-apres-midi-2\/","twitter_card":"summary_large_image","twitter_title":"18 portraits de femmes \u00e0 d\u00e9couvrir \u00e0 l'Espace Georges-Sadoul cet apr\u00e8s-midi - Saint Die Info","twitter_description":"Dans le cadre de la d\u00e9clinaison d\u00e9odatienne de la Journ\u00e9e internationale des droits des femmes, un apr\u00e8s-midi festif est organis\u00e9 [&hellip;]","twitter_image":"https:\/\/vosgesinfo.fr\/app\/uploads\/sites\/4\/2024\/08\/202203exposition-generation-de-femmes-5-1.jpg","twitter_creator":"@VosgesInfo88","twitter_site":"@VosgesInfo88","twitter_misc":{"\u00c9crit par":"la r\u00e9daction","Dur\u00e9e de lecture estim\u00e9e":"1 minute"},"schema":{"@context":"https:\/\/schema.org","@graph":[{"@type":"Article","@id":"https:\/\/vosgesinfo.fr\/saintdieinfo\/2022\/03\/18-portraits-de-femmes-a-decouvrir-a-lespace-georges-sadoul-cet-apres-midi-2\/#article","isPartOf":{"@id":"https:\/\/vosgesinfo.fr\/saintdieinfo\/2022\/03\/18-portraits-de-femmes-a-decouvrir-a-lespace-georges-sadoul-cet-apres-midi-2\/"},"author":{"name":"la r\u00e9daction","@id":"https:\/\/vosgesinfo.fr\/saintdieinfo\/#\/schema\/person\/faee6704a21f3977511db84bd1cd450f"},"headline":"18 portraits de femmes \u00e0 d\u00e9couvrir \u00e0 l&rsquo;Espace Georges-Sadoul cet apr\u00e8s-midi","datePublished":"2022-03-12T08:11:34+00:00","dateModified":"2022-03-12T08:11:34+00:00","mainEntityOfPage":{"@id":"https:\/\/vosgesinfo.fr\/saintdieinfo\/2022\/03\/18-portraits-de-femmes-a-decouvrir-a-lespace-georges-sadoul-cet-apres-midi-2\/"},"wordCount":181,"commentCount":0,"publisher":{"@id":"https:\/\/vosgesinfo.fr\/saintdieinfo\/#organization"},"image":{"@id":"https:\/\/vosgesinfo.fr\/saintdieinfo\/2022\/03\/18-portraits-de-femmes-a-decouvrir-a-lespace-georges-sadoul-cet-apres-midi-2\/#primaryimage"},"thumbnailUrl":"https:\/\/vosgesinfo.fr\/app\/uploads\/sites\/4\/2024\/08\/202203exposition-generation-de-femmes-5-1.jpg","keywords":["Espace Georges-Sadoul","G\u00e9n\u00e9ration de femmes","Herv\u00e9 Legrix","journ\u00e9e internationale des droits des femmes","Portraits de femmes"],"articleSection":["A la Une","Saint-Di\u00e9-des-Vosges et son Agglom\u00e9ration"],"inLanguage":"fr-FR","potentialAction":[{"@type":"CommentAction","name":"Comment","target":["https:\/\/vosgesinfo.fr\/saintdieinfo\/2022\/03\/18-portraits-de-femmes-a-decouvrir-a-lespace-georges-sadoul-cet-apres-midi-2\/#respond"]}]},{"@type":"WebPage","@id":"https:\/\/vosgesinfo.fr\/saintdieinfo\/2022\/03\/18-portraits-de-femmes-a-decouvrir-a-lespace-georges-sadoul-cet-apres-midi-2\/","url":"https:\/\/vosgesinfo.fr\/saintdieinfo\/2022\/03\/18-portraits-de-femmes-a-decouvrir-a-lespace-georges-sadoul-cet-apres-midi-2\/","name":"18 portraits de femmes \u00e0 d\u00e9couvrir \u00e0 l'Espace Georges-Sadoul cet apr\u00e8s-midi - Saint Die Info","isPartOf":{"@id":"https:\/\/vosgesinfo.fr\/saintdieinfo\/#website"},"primaryImageOfPage":{"@id":"https:\/\/vosgesinfo.fr\/saintdieinfo\/2022\/03\/18-portraits-de-femmes-a-decouvrir-a-lespace-georges-sadoul-cet-apres-midi-2\/#primaryimage"},"image":{"@id":"https:\/\/vosgesinfo.fr\/saintdieinfo\/2022\/03\/18-portraits-de-femmes-a-decouvrir-a-lespace-georges-sadoul-cet-apres-midi-2\/#primaryimage"},"thumbnailUrl":"https:\/\/vosgesinfo.fr\/app\/uploads\/sites\/4\/2024\/08\/202203exposition-generation-de-femmes-5-1.jpg","datePublished":"2022-03-12T08:11:34+00:00","dateModified":"2022-03-12T08:11:34+00:00","breadcrumb":{"@id":"https:\/\/vosgesinfo.fr\/saintdieinfo\/2022\/03\/18-portraits-de-femmes-a-decouvrir-a-lespace-georges-sadoul-cet-apres-midi-2\/#breadcrumb"},"inLanguage":"fr-FR","potentialAction":[{"@type":"ReadAction","target":["https:\/\/vosgesinfo.fr\/saintdieinfo\/2022\/03\/18-portraits-de-femmes-a-decouvrir-a-lespace-georges-sadoul-cet-apres-midi-2\/"]}]},{"@type":"ImageObject","inLanguage":"fr-FR","@id":"https:\/\/vosgesinfo.fr\/saintdieinfo\/2022\/03\/18-portraits-de-femmes-a-decouvrir-a-lespace-georges-sadoul-cet-apres-midi-2\/#primaryimage","url":"https:\/\/vosgesinfo.fr\/app\/uploads\/sites\/4\/2024\/08\/202203exposition-generation-de-femmes-5-1.jpg","contentUrl":"https:\/\/vosgesinfo.fr\/app\/uploads\/sites\/4\/2024\/08\/202203exposition-generation-de-femmes-5-1.jpg","width":1201,"height":1600},{"@type":"BreadcrumbList","@id":"https:\/\/vosgesinfo.fr\/saintdieinfo\/2022\/03\/18-portraits-de-femmes-a-decouvrir-a-lespace-georges-sadoul-cet-apres-midi-2\/#breadcrumb","itemListElement":[{"@type":"ListItem","position":1,"name":"Home","item":"https:\/\/vosgesinfo.fr\/saintdieinfo\/"},{"@type":"ListItem","position":2,"name":"18 portraits de femmes \u00e0 d\u00e9couvrir \u00e0 l&rsquo;Espace Georges-Sadoul cet apr\u00e8s-midi"}]},{"@type":"WebSite","@id":"https:\/\/vosgesinfo.fr\/saintdieinfo\/#website","url":"https:\/\/vosgesinfo.fr\/saintdieinfo\/","name":"Saint Die Info","description":"Toute l&#039;actualit\u00e9 de Saint-Di\u00e9-Des-Vosges","publisher":{"@id":"https:\/\/vosgesinfo.fr\/saintdieinfo\/#organization"},"alternateName":"Toute l'actualit\u00e9 de Saint-Di\u00e9-Des-Vosges","potentialAction":[{"@type":"SearchAction","target":{"@type":"EntryPoint","urlTemplate":"https:\/\/vosgesinfo.fr\/saintdieinfo\/?s={search_term_string}"},"query-input":"required name=search_term_string"}],"inLanguage":"fr-FR"},{"@type":"Organization","@id":"https:\/\/vosgesinfo.fr\/saintdieinfo\/#organization","name":"Saint Die Info","url":"https:\/\/vosgesinfo.fr\/saintdieinfo\/","logo":{"@type":"ImageObject","inLanguage":"fr-FR","@id":"https:\/\/vosgesinfo.fr\/saintdieinfo\/#\/schema\/logo\/image\/","url":"https:\/\/vosgesinfo.fr\/app\/uploads\/sites\/4\/2024\/02\/logo-sdi.jpg","contentUrl":"https:\/\/vosgesinfo.fr\/app\/uploads\/sites\/4\/2024\/02\/logo-sdi.jpg","width":600,"height":600,"caption":"Saint Die Info"},"image":{"@id":"https:\/\/vosgesinfo.fr\/saintdieinfo\/#\/schema\/logo\/image\/"},"sameAs":["https:\/\/www.facebook.com\/Saintdieinfofr","https:\/\/x.com\/VosgesInfo88","https:\/\/www.youtube.com\/@vosgesinfo"]},{"@type":"Person","@id":"https:\/\/vosgesinfo.fr\/saintdieinfo\/#\/schema\/person\/faee6704a21f3977511db84bd1cd450f","name":"la r\u00e9daction","image":{"@type":"ImageObject","inLanguage":"fr-FR","@id":"https:\/\/vosgesinfo.fr\/saintdieinfo\/#\/schema\/person\/image\/","url":"https:\/\/secure.gravatar.com\/avatar\/6673d8bc6a9c17fa9a453eaa3448de834fa308c2ec9635b7aa99441a7c8d2cf6?s=96&d=mm&r=g","contentUrl":"https:\/\/secure.gravatar.com\/avatar\/6673d8bc6a9c17fa9a453eaa3448de834fa308c2ec9635b7aa99441a7c8d2cf6?s=96&d=mm&r=g","caption":"la r\u00e9daction"},"url":"https:\/\/vosgesinfo.fr\/saintdieinfo\/author\/redac\/"}]}},"_links":{"self":[{"href":"https:\/\/vosgesinfo.fr\/saintdieinfo\/wp-json\/wp\/v2\/posts\/51001","targetHints":{"allow":["GET"]}}],"collection":[{"href":"https:\/\/vosgesinfo.fr\/saintdieinfo\/wp-json\/wp\/v2\/posts"}],"about":[{"href":"https:\/\/vosgesinfo.fr\/saintdieinfo\/wp-json\/wp\/v2\/types\/post"}],"author":[{"embeddable":true,"href":"https:\/\/vosgesinfo.fr\/saintdieinfo\/wp-json\/wp\/v2\/users\/44"}],"replies":[{"embeddable":true,"href":"https:\/\/vosgesinfo.fr\/saintdieinfo\/wp-json\/wp\/v2\/comments?post=51001"}],"version-history":[{"count":0,"href":"https:\/\/vosgesinfo.fr\/saintdieinfo\/wp-json\/wp\/v2\/posts\/51001\/revisions"}],"wp:featuredmedia":[{"embeddable":true,"href":"https:\/\/vosgesinfo.fr\/saintdieinfo\/wp-json\/wp\/v2\/media\/51002"}],"wp:attachment":[{"href":"https:\/\/vosgesinfo.fr\/saintdieinfo\/wp-json\/wp\/v2\/media?parent=51001"}],"wp:term":[{"taxonomy":"category","embeddable":true,"href":"https:\/\/vosgesinfo.fr\/saintdieinfo\/wp-json\/wp\/v2\/categories?post=51001"},{"taxonomy":"post_tag","embeddable":true,"href":"https:\/\/vosgesinfo.fr\/saintdieinfo\/wp-json\/wp\/v2\/tags?post=51001"}],"curies":[{"name":"wp","href":"https:\/\/api.w.org\/{rel}","templated":true}]}}