{"id":51015,"date":"2022-03-12T14:21:01","date_gmt":"2022-03-12T13:21:01","guid":{"rendered":"https:\/\/vosgesinfo.fr\/saintdieinfo\/2022\/03\/elections-legislatives-david-valence-officialise-candidature-deuxieme-circonscription-vosges-2\/"},"modified":"2022-03-12T14:21:01","modified_gmt":"2022-03-12T13:21:01","slug":"elections-legislatives-david-valence-officialise-candidature-deuxieme-circonscription-vosges-2","status":"publish","type":"post","link":"https:\/\/vosgesinfo.fr\/saintdieinfo\/2022\/03\/elections-legislatives-david-valence-officialise-candidature-deuxieme-circonscription-vosges-2\/","title":{"rendered":"Elections l\u00e9gislatives \u2013 David Valence officialise sa candidature dans la deuxi\u00e8me circonscription des Vosges"},"content":{"rendered":"<div id=\"attachment_180133\" style=\"width: 970px\" class=\"wp-caption aligncenter\"><a href=\"\/2022\/03\/Annonce_Candidature_David_Valence_Elections_L\u00e9gislatives-4.jpg\" target=\"_blank\" rel=\"noopener\"><img decoding=\"async\" aria-describedby=\"caption-attachment-180133\" class=\"wp-image-180133 size-large\" src=\"\/2022\/03\/Annonce_Candidature_David_Valence_Elections_L\u00e9gislatives-4-1024x771.jpg\" alt=\"Annonce_Candidature_David_Valence_Elections_L\u00e9gislatives (4)\" width=\"960\" height=\"723\" \/><\/a><p id=\"caption-attachment-180133\" class=\"wp-caption-text\">\u00ab\u00a0La force de demain\u00a0\u00bb est le slogan de campagne de David Valence.<\/p><\/div>\n<h2><strong><span style=\"font-size: 14pt;\">Si la candidature de David Valence aux prochaines \u00e9lections l\u00e9gislatives \u00e9tait \u00e9vidente depuis le 25 f\u00e9vrier (<a href=\"https:\/\/saintdieinfo.fr\/2022\/02\/elections-legislatives-elus-deodatiens-soutiennent-candidature-de-david-valence\/\" target=\"_blank\" rel=\"noopener\">lire notre article<\/a>), elle n&rsquo;\u00e9tait jusqu&rsquo;\u00e0 pr\u00e9sent pas officielle. C&rsquo;est d\u00e9sormais le cas, puisque David Valence a annonc\u00e9 se pr\u00e9senter au scrutin de la 2e circonscription des Vosges, sous l&rsquo;\u00e9tiquette du Parti Radical. Une annonce faite ce samedi apr\u00e8s-midi du c\u00f4t\u00e9 de la maison de quartier de Marzelay. Charline Prince, maire de Frapelle et conseill\u00e8re r\u00e9gionale, est sa suppl\u00e9ante.<\/span><\/strong><\/h2>\n<p><!--more--><\/p>\n<p>Apr\u00e8s avoir \u00e9voqu\u00e9 la guerre en Ukraine, en d\u00e9clarant que <em>\u00ab\u00a0l&rsquo;\u00e9preuve que vit le monde aujourd&rsquo;hui est l&rsquo;opposition du syst\u00e8me autoritaire au syst\u00e8me d\u00e9mocratique. C&rsquo;est donc une forme de devoir de tenir nos \u00e9ch\u00e9ances \u00e9lectorales\u00a0\u00bb<\/em>, David Valence dit <em>\u00ab\u00a0avoir beaucoup consult\u00e9, longuement m\u00e9dit\u00e9\u00a0\u00bb<\/em> avant de prendre la d\u00e9cision de se d\u00e9clarer candidat pour briguer le mandat de d\u00e9put\u00e9 de la 2e circonscription des Vosges.<\/p>\n<p>S&rsquo;il est \u00e9lu, il a assur\u00e9 qu&rsquo;il sera<em> \u00ab\u00a0un d\u00e9put\u00e9 qui sache rendre des comptes aux citoyens, en \u00e9tant notamment pr\u00e9sent sur les r\u00e9seaux sociaux. Je le suis aujourd&rsquo;hui et je le resterai. Et je serai un d\u00e9put\u00e9 qui habitera la seconde circonscription des Vosges, car je resterai D\u00e9odatien. Je serai \u00e9galement un d\u00e9put\u00e9 tr\u00e8s pr\u00e9sent sur le terrain, et pas seulement dans des manifestations publiques. J&rsquo;organiserai des permanences d\u00e9centralis\u00e9es une fois par mois dans les villes et villages du territoire, ainsi que des r\u00e9unions 2 \u00e0 3 fois par an pour inviter les citoyens \u00e0 partager leur ressenti et partager avec eux le quotidien d&rsquo;un d\u00e9put\u00e9. La proximit\u00e9 est quelque chose \u00e0 laquelle je suis tr\u00e8s attach\u00e9.\u00a0\u00bb<\/em><\/p>\n<p>David Valence estime que <em>\u00ab\u00a0la circonscription a besoin d&rsquo;un d\u00e9put\u00e9 qui repr\u00e9sente toute la circonscription. C&rsquo;est \u00eatre un d\u00e9put\u00e9 qui sait rassembler, qui n&rsquo;oppose pas. Rassembler, c&rsquo;est la d\u00e9finition de ce que doit \u00eatre un d\u00e9put\u00e9 sur le territoire. La circonscription a besoin d&rsquo;un d\u00e9put\u00e9 qui \u00e9labore la loi. Ce qui demande de l&rsquo;int\u00e9grit\u00e9. C&rsquo;est aussi avoir des r\u00e9seaux. Je pense \u00eatre en mesure de d\u00e9fendre les int\u00e9r\u00eats de notre circonscription \u00e0 Paris. C&rsquo;est tout cela qui m&rsquo;a amen\u00e9 \u00e0 prendre cette d\u00e9cision, en \u00e9tant l&rsquo;avocat passionn\u00e9 du territoire. Si je suis \u00e9lu, je resterai aux c\u00f4t\u00e9s de la ville de Saint-Di\u00e9-des-Vosges. Un d\u00e9put\u00e9 ne doit pas \u00eatre au-dessus des gens, mais doit \u00eatre parmi eux.\u00a0\u00bb<\/em><\/p>\n<p>Attach\u00e9 \u00e0 la parit\u00e9, David Valence tenait \u00e0 avoir une femme comme suppl\u00e9ante. Si Charline Prince s&rsquo;est engag\u00e9e \u00e0 ses c\u00f4t\u00e9s, c&rsquo;est selon elle car <em>\u00ab\u00a0David Valence est un homme de terrain, travailleur, et qui saura porter la voix de notre circonscription \u00e0 l&rsquo;Assembl\u00e9e nationale. S&rsquo;il est \u00e9lu, nous travaillerons ensemble pour construire l&rsquo;avenir de la circonscription.\u00a0\u00bb<\/em><\/p>\n<p>L&rsquo;officialisation de la candidature \u00e9tait l&rsquo;occasion de pr\u00e9senter les membres du comit\u00e9 de soutien. Premier adjoint de Saint-Di\u00e9-des-Vosges, Bruno Toussaint est directeur de campagne\u00a0; Caroline Lerognon, maire de Fraize et vice-pr\u00e9sidente de l&rsquo;Agglom\u00e9ration, est tr\u00e9sori\u00e8re\u00a0; le maire de Raon-l&rsquo;Etape et conseiller d\u00e9partemental Beno\u00eet Pierrat est pr\u00e9sident du comit\u00e9 de soutien ; l&rsquo;ancienne d\u00e9put\u00e9 europ\u00e9enne et conseill\u00e8re r\u00e9gionale V\u00e9ronique Mathieu, Chantal Valence et Sylvie Fevbet sont pr\u00e9sidentes d&rsquo;honneur ; Claude George, maire de Saint-R\u00e9my, est \u00e9galement membre du comit\u00e9.<\/p>\n<p>J.J.<\/p>\n\n","protected":false},"excerpt":{"rendered":"<p>Si la candidature de David Valence aux prochaines \u00e9lections l\u00e9gislatives \u00e9tait \u00e9vidente depuis le 25 f\u00e9vrier (lire notre article), elle [&hellip;]<\/p>\n","protected":false},"author":44,"featured_media":51016,"comment_status":"open","ping_status":"open","sticky":false,"template":"","format":"standard","meta":{"footnotes":""},"categories":[460,10,2915],"tags":[10600,3337,6496,10409],"class_list":["post-51015","post","type-post","status-publish","format-standard","has-post-thumbnail","hentry","category-a-la-une","category-politique","category-saint-die-son-canton","tag-charline-prince","tag-david-valence","tag-deuxieme-circonscription-des-vosges","tag-elections-legislatives-2022"],"acf":[],"yoast_head":"<!-- This site is optimized with the Yoast SEO plugin v22.5 - https:\/\/yoast.com\/wordpress\/plugins\/seo\/ -->\n<title>Elections l\u00e9gislatives \u2013 David Valence officialise sa candidature dans la deuxi\u00e8me circonscription des Vosges - Saint Die Info<\/title>\n<meta name=\"robots\" content=\"index, follow, max-snippet:-1, max-image-preview:large, max-video-preview:-1\" \/>\n<link rel=\"canonical\" href=\"https:\/\/vosgesinfo.fr\/saintdieinfo\/2022\/03\/elections-legislatives-david-valence-officialise-candidature-deuxieme-circonscription-vosges-2\/\" \/>\n<meta name=\"twitter:card\" content=\"summary_large_image\" \/>\n<meta name=\"twitter:title\" content=\"Elections l\u00e9gislatives \u2013 David Valence officialise sa candidature dans la deuxi\u00e8me circonscription des Vosges - Saint Die Info\" \/>\n<meta name=\"twitter:description\" content=\"Si la candidature de David Valence aux prochaines \u00e9lections l\u00e9gislatives \u00e9tait \u00e9vidente depuis le 25 f\u00e9vrier (lire notre article), elle [&hellip;]\" \/>\n<meta name=\"twitter:image\" content=\"https:\/\/vosgesinfo.fr\/app\/uploads\/sites\/4\/2024\/08\/202203annonce-candidature-david-valence-elections-legislatives-4-1.jpg\" \/>\n<meta name=\"twitter:creator\" content=\"@VosgesInfo88\" \/>\n<meta name=\"twitter:site\" content=\"@VosgesInfo88\" \/>\n<meta name=\"twitter:label1\" content=\"\u00c9crit par\" \/>\n\t<meta name=\"twitter:data1\" content=\"la r\u00e9daction\" \/>\n\t<meta name=\"twitter:label2\" content=\"Dur\u00e9e de lecture estim\u00e9e\" \/>\n\t<meta name=\"twitter:data2\" content=\"3 minutes\" \/>\n<script type=\"application\/ld+json\" class=\"yoast-schema-graph\">{\"@context\":\"https:\/\/schema.org\",\"@graph\":[{\"@type\":\"Article\",\"@id\":\"https:\/\/vosgesinfo.fr\/saintdieinfo\/2022\/03\/elections-legislatives-david-valence-officialise-candidature-deuxieme-circonscription-vosges-2\/#article\",\"isPartOf\":{\"@id\":\"https:\/\/vosgesinfo.fr\/saintdieinfo\/2022\/03\/elections-legislatives-david-valence-officialise-candidature-deuxieme-circonscription-vosges-2\/\"},\"author\":{\"name\":\"la r\u00e9daction\",\"@id\":\"https:\/\/vosgesinfo.fr\/saintdieinfo\/#\/schema\/person\/faee6704a21f3977511db84bd1cd450f\"},\"headline\":\"Elections l\u00e9gislatives \u2013 David Valence officialise sa candidature dans la deuxi\u00e8me circonscription des Vosges\",\"datePublished\":\"2022-03-12T13:21:01+00:00\",\"dateModified\":\"2022-03-12T13:21:01+00:00\",\"mainEntityOfPage\":{\"@id\":\"https:\/\/vosgesinfo.fr\/saintdieinfo\/2022\/03\/elections-legislatives-david-valence-officialise-candidature-deuxieme-circonscription-vosges-2\/\"},\"wordCount\":639,\"commentCount\":0,\"publisher\":{\"@id\":\"https:\/\/vosgesinfo.fr\/saintdieinfo\/#organization\"},\"image\":{\"@id\":\"https:\/\/vosgesinfo.fr\/saintdieinfo\/2022\/03\/elections-legislatives-david-valence-officialise-candidature-deuxieme-circonscription-vosges-2\/#primaryimage\"},\"thumbnailUrl\":\"https:\/\/vosgesinfo.fr\/app\/uploads\/sites\/4\/2024\/08\/202203annonce-candidature-david-valence-elections-legislatives-4-1.jpg\",\"keywords\":[\"Charline Prince\",\"David Valence\",\"Deuxi\u00e8me circonscription des Vosges\",\"Elections l\u00e9gislatives 2022\"],\"articleSection\":[\"A la Une\",\"Politique\",\"Saint-Di\u00e9-des-Vosges et son Agglom\u00e9ration\"],\"inLanguage\":\"fr-FR\",\"potentialAction\":[{\"@type\":\"CommentAction\",\"name\":\"Comment\",\"target\":[\"https:\/\/vosgesinfo.fr\/saintdieinfo\/2022\/03\/elections-legislatives-david-valence-officialise-candidature-deuxieme-circonscription-vosges-2\/#respond\"]}]},{\"@type\":\"WebPage\",\"@id\":\"https:\/\/vosgesinfo.fr\/saintdieinfo\/2022\/03\/elections-legislatives-david-valence-officialise-candidature-deuxieme-circonscription-vosges-2\/\",\"url\":\"https:\/\/vosgesinfo.fr\/saintdieinfo\/2022\/03\/elections-legislatives-david-valence-officialise-candidature-deuxieme-circonscription-vosges-2\/\",\"name\":\"Elections l\u00e9gislatives \u2013 David Valence officialise sa candidature dans la deuxi\u00e8me circonscription des Vosges - Saint Die Info\",\"isPartOf\":{\"@id\":\"https:\/\/vosgesinfo.fr\/saintdieinfo\/#website\"},\"primaryImageOfPage\":{\"@id\":\"https:\/\/vosgesinfo.fr\/saintdieinfo\/2022\/03\/elections-legislatives-david-valence-officialise-candidature-deuxieme-circonscription-vosges-2\/#primaryimage\"},\"image\":{\"@id\":\"https:\/\/vosgesinfo.fr\/saintdieinfo\/2022\/03\/elections-legislatives-david-valence-officialise-candidature-deuxieme-circonscription-vosges-2\/#primaryimage\"},\"thumbnailUrl\":\"https:\/\/vosgesinfo.fr\/app\/uploads\/sites\/4\/2024\/08\/202203annonce-candidature-david-valence-elections-legislatives-4-1.jpg\",\"datePublished\":\"2022-03-12T13:21:01+00:00\",\"dateModified\":\"2022-03-12T13:21:01+00:00\",\"breadcrumb\":{\"@id\":\"https:\/\/vosgesinfo.fr\/saintdieinfo\/2022\/03\/elections-legislatives-david-valence-officialise-candidature-deuxieme-circonscription-vosges-2\/#breadcrumb\"},\"inLanguage\":\"fr-FR\",\"potentialAction\":[{\"@type\":\"ReadAction\",\"target\":[\"https:\/\/vosgesinfo.fr\/saintdieinfo\/2022\/03\/elections-legislatives-david-valence-officialise-candidature-deuxieme-circonscription-vosges-2\/\"]}]},{\"@type\":\"ImageObject\",\"inLanguage\":\"fr-FR\",\"@id\":\"https:\/\/vosgesinfo.fr\/saintdieinfo\/2022\/03\/elections-legislatives-david-valence-officialise-candidature-deuxieme-circonscription-vosges-2\/#primaryimage\",\"url\":\"https:\/\/vosgesinfo.fr\/app\/uploads\/sites\/4\/2024\/08\/202203annonce-candidature-david-valence-elections-legislatives-4-1.jpg\",\"contentUrl\":\"https:\/\/vosgesinfo.fr\/app\/uploads\/sites\/4\/2024\/08\/202203annonce-candidature-david-valence-elections-legislatives-4-1.jpg\",\"width\":1600,\"height\":1205},{\"@type\":\"BreadcrumbList\",\"@id\":\"https:\/\/vosgesinfo.fr\/saintdieinfo\/2022\/03\/elections-legislatives-david-valence-officialise-candidature-deuxieme-circonscription-vosges-2\/#breadcrumb\",\"itemListElement\":[{\"@type\":\"ListItem\",\"position\":1,\"name\":\"Home\",\"item\":\"https:\/\/vosgesinfo.fr\/saintdieinfo\/\"},{\"@type\":\"ListItem\",\"position\":2,\"name\":\"Elections l\u00e9gislatives \u2013 David Valence officialise sa candidature dans la deuxi\u00e8me circonscription des Vosges\"}]},{\"@type\":\"WebSite\",\"@id\":\"https:\/\/vosgesinfo.fr\/saintdieinfo\/#website\",\"url\":\"https:\/\/vosgesinfo.fr\/saintdieinfo\/\",\"name\":\"Saint Die Info\",\"description\":\"Toute l&#039;actualit\u00e9 de Saint-Di\u00e9-Des-Vosges\",\"publisher\":{\"@id\":\"https:\/\/vosgesinfo.fr\/saintdieinfo\/#organization\"},\"alternateName\":\"Toute l'actualit\u00e9 de Saint-Di\u00e9-Des-Vosges\",\"potentialAction\":[{\"@type\":\"SearchAction\",\"target\":{\"@type\":\"EntryPoint\",\"urlTemplate\":\"https:\/\/vosgesinfo.fr\/saintdieinfo\/?s={search_term_string}\"},\"query-input\":\"required name=search_term_string\"}],\"inLanguage\":\"fr-FR\"},{\"@type\":\"Organization\",\"@id\":\"https:\/\/vosgesinfo.fr\/saintdieinfo\/#organization\",\"name\":\"Saint Die Info\",\"url\":\"https:\/\/vosgesinfo.fr\/saintdieinfo\/\",\"logo\":{\"@type\":\"ImageObject\",\"inLanguage\":\"fr-FR\",\"@id\":\"https:\/\/vosgesinfo.fr\/saintdieinfo\/#\/schema\/logo\/image\/\",\"url\":\"https:\/\/vosgesinfo.fr\/app\/uploads\/sites\/4\/2024\/02\/logo-sdi.jpg\",\"contentUrl\":\"https:\/\/vosgesinfo.fr\/app\/uploads\/sites\/4\/2024\/02\/logo-sdi.jpg\",\"width\":600,\"height\":600,\"caption\":\"Saint Die Info\"},\"image\":{\"@id\":\"https:\/\/vosgesinfo.fr\/saintdieinfo\/#\/schema\/logo\/image\/\"},\"sameAs\":[\"https:\/\/www.facebook.com\/Saintdieinfofr\",\"https:\/\/x.com\/VosgesInfo88\",\"https:\/\/www.youtube.com\/@vosgesinfo\"]},{\"@type\":\"Person\",\"@id\":\"https:\/\/vosgesinfo.fr\/saintdieinfo\/#\/schema\/person\/faee6704a21f3977511db84bd1cd450f\",\"name\":\"la r\u00e9daction\",\"image\":{\"@type\":\"ImageObject\",\"inLanguage\":\"fr-FR\",\"@id\":\"https:\/\/vosgesinfo.fr\/saintdieinfo\/#\/schema\/person\/image\/\",\"url\":\"https:\/\/secure.gravatar.com\/avatar\/6673d8bc6a9c17fa9a453eaa3448de834fa308c2ec9635b7aa99441a7c8d2cf6?s=96&d=mm&r=g\",\"contentUrl\":\"https:\/\/secure.gravatar.com\/avatar\/6673d8bc6a9c17fa9a453eaa3448de834fa308c2ec9635b7aa99441a7c8d2cf6?s=96&d=mm&r=g\",\"caption\":\"la r\u00e9daction\"},\"url\":\"https:\/\/vosgesinfo.fr\/saintdieinfo\/author\/redac\/\"}]}<\/script>\n<!-- \/ Yoast SEO plugin. -->","yoast_head_json":{"title":"Elections l\u00e9gislatives \u2013 David Valence officialise sa candidature dans la deuxi\u00e8me circonscription des Vosges - Saint Die Info","robots":{"index":"index","follow":"follow","max-snippet":"max-snippet:-1","max-image-preview":"max-image-preview:large","max-video-preview":"max-video-preview:-1"},"canonical":"https:\/\/vosgesinfo.fr\/saintdieinfo\/2022\/03\/elections-legislatives-david-valence-officialise-candidature-deuxieme-circonscription-vosges-2\/","twitter_card":"summary_large_image","twitter_title":"Elections l\u00e9gislatives \u2013 David Valence officialise sa candidature dans la deuxi\u00e8me circonscription des Vosges - Saint Die Info","twitter_description":"Si la candidature de David Valence aux prochaines \u00e9lections l\u00e9gislatives \u00e9tait \u00e9vidente depuis le 25 f\u00e9vrier (lire notre article), elle [&hellip;]","twitter_image":"https:\/\/vosgesinfo.fr\/app\/uploads\/sites\/4\/2024\/08\/202203annonce-candidature-david-valence-elections-legislatives-4-1.jpg","twitter_creator":"@VosgesInfo88","twitter_site":"@VosgesInfo88","twitter_misc":{"\u00c9crit par":"la r\u00e9daction","Dur\u00e9e de lecture estim\u00e9e":"3 minutes"},"schema":{"@context":"https:\/\/schema.org","@graph":[{"@type":"Article","@id":"https:\/\/vosgesinfo.fr\/saintdieinfo\/2022\/03\/elections-legislatives-david-valence-officialise-candidature-deuxieme-circonscription-vosges-2\/#article","isPartOf":{"@id":"https:\/\/vosgesinfo.fr\/saintdieinfo\/2022\/03\/elections-legislatives-david-valence-officialise-candidature-deuxieme-circonscription-vosges-2\/"},"author":{"name":"la r\u00e9daction","@id":"https:\/\/vosgesinfo.fr\/saintdieinfo\/#\/schema\/person\/faee6704a21f3977511db84bd1cd450f"},"headline":"Elections l\u00e9gislatives \u2013 David Valence officialise sa candidature dans la deuxi\u00e8me circonscription des Vosges","datePublished":"2022-03-12T13:21:01+00:00","dateModified":"2022-03-12T13:21:01+00:00","mainEntityOfPage":{"@id":"https:\/\/vosgesinfo.fr\/saintdieinfo\/2022\/03\/elections-legislatives-david-valence-officialise-candidature-deuxieme-circonscription-vosges-2\/"},"wordCount":639,"commentCount":0,"publisher":{"@id":"https:\/\/vosgesinfo.fr\/saintdieinfo\/#organization"},"image":{"@id":"https:\/\/vosgesinfo.fr\/saintdieinfo\/2022\/03\/elections-legislatives-david-valence-officialise-candidature-deuxieme-circonscription-vosges-2\/#primaryimage"},"thumbnailUrl":"https:\/\/vosgesinfo.fr\/app\/uploads\/sites\/4\/2024\/08\/202203annonce-candidature-david-valence-elections-legislatives-4-1.jpg","keywords":["Charline Prince","David Valence","Deuxi\u00e8me circonscription des Vosges","Elections l\u00e9gislatives 2022"],"articleSection":["A la Une","Politique","Saint-Di\u00e9-des-Vosges et son Agglom\u00e9ration"],"inLanguage":"fr-FR","potentialAction":[{"@type":"CommentAction","name":"Comment","target":["https:\/\/vosgesinfo.fr\/saintdieinfo\/2022\/03\/elections-legislatives-david-valence-officialise-candidature-deuxieme-circonscription-vosges-2\/#respond"]}]},{"@type":"WebPage","@id":"https:\/\/vosgesinfo.fr\/saintdieinfo\/2022\/03\/elections-legislatives-david-valence-officialise-candidature-deuxieme-circonscription-vosges-2\/","url":"https:\/\/vosgesinfo.fr\/saintdieinfo\/2022\/03\/elections-legislatives-david-valence-officialise-candidature-deuxieme-circonscription-vosges-2\/","name":"Elections l\u00e9gislatives \u2013 David Valence officialise sa candidature dans la deuxi\u00e8me circonscription des Vosges - Saint Die Info","isPartOf":{"@id":"https:\/\/vosgesinfo.fr\/saintdieinfo\/#website"},"primaryImageOfPage":{"@id":"https:\/\/vosgesinfo.fr\/saintdieinfo\/2022\/03\/elections-legislatives-david-valence-officialise-candidature-deuxieme-circonscription-vosges-2\/#primaryimage"},"image":{"@id":"https:\/\/vosgesinfo.fr\/saintdieinfo\/2022\/03\/elections-legislatives-david-valence-officialise-candidature-deuxieme-circonscription-vosges-2\/#primaryimage"},"thumbnailUrl":"https:\/\/vosgesinfo.fr\/app\/uploads\/sites\/4\/2024\/08\/202203annonce-candidature-david-valence-elections-legislatives-4-1.jpg","datePublished":"2022-03-12T13:21:01+00:00","dateModified":"2022-03-12T13:21:01+00:00","breadcrumb":{"@id":"https:\/\/vosgesinfo.fr\/saintdieinfo\/2022\/03\/elections-legislatives-david-valence-officialise-candidature-deuxieme-circonscription-vosges-2\/#breadcrumb"},"inLanguage":"fr-FR","potentialAction":[{"@type":"ReadAction","target":["https:\/\/vosgesinfo.fr\/saintdieinfo\/2022\/03\/elections-legislatives-david-valence-officialise-candidature-deuxieme-circonscription-vosges-2\/"]}]},{"@type":"ImageObject","inLanguage":"fr-FR","@id":"https:\/\/vosgesinfo.fr\/saintdieinfo\/2022\/03\/elections-legislatives-david-valence-officialise-candidature-deuxieme-circonscription-vosges-2\/#primaryimage","url":"https:\/\/vosgesinfo.fr\/app\/uploads\/sites\/4\/2024\/08\/202203annonce-candidature-david-valence-elections-legislatives-4-1.jpg","contentUrl":"https:\/\/vosgesinfo.fr\/app\/uploads\/sites\/4\/2024\/08\/202203annonce-candidature-david-valence-elections-legislatives-4-1.jpg","width":1600,"height":1205},{"@type":"BreadcrumbList","@id":"https:\/\/vosgesinfo.fr\/saintdieinfo\/2022\/03\/elections-legislatives-david-valence-officialise-candidature-deuxieme-circonscription-vosges-2\/#breadcrumb","itemListElement":[{"@type":"ListItem","position":1,"name":"Home","item":"https:\/\/vosgesinfo.fr\/saintdieinfo\/"},{"@type":"ListItem","position":2,"name":"Elections l\u00e9gislatives \u2013 David Valence officialise sa candidature dans la deuxi\u00e8me circonscription des Vosges"}]},{"@type":"WebSite","@id":"https:\/\/vosgesinfo.fr\/saintdieinfo\/#website","url":"https:\/\/vosgesinfo.fr\/saintdieinfo\/","name":"Saint Die Info","description":"Toute l&#039;actualit\u00e9 de Saint-Di\u00e9-Des-Vosges","publisher":{"@id":"https:\/\/vosgesinfo.fr\/saintdieinfo\/#organization"},"alternateName":"Toute l'actualit\u00e9 de Saint-Di\u00e9-Des-Vosges","potentialAction":[{"@type":"SearchAction","target":{"@type":"EntryPoint","urlTemplate":"https:\/\/vosgesinfo.fr\/saintdieinfo\/?s={search_term_string}"},"query-input":"required name=search_term_string"}],"inLanguage":"fr-FR"},{"@type":"Organization","@id":"https:\/\/vosgesinfo.fr\/saintdieinfo\/#organization","name":"Saint Die Info","url":"https:\/\/vosgesinfo.fr\/saintdieinfo\/","logo":{"@type":"ImageObject","inLanguage":"fr-FR","@id":"https:\/\/vosgesinfo.fr\/saintdieinfo\/#\/schema\/logo\/image\/","url":"https:\/\/vosgesinfo.fr\/app\/uploads\/sites\/4\/2024\/02\/logo-sdi.jpg","contentUrl":"https:\/\/vosgesinfo.fr\/app\/uploads\/sites\/4\/2024\/02\/logo-sdi.jpg","width":600,"height":600,"caption":"Saint Die Info"},"image":{"@id":"https:\/\/vosgesinfo.fr\/saintdieinfo\/#\/schema\/logo\/image\/"},"sameAs":["https:\/\/www.facebook.com\/Saintdieinfofr","https:\/\/x.com\/VosgesInfo88","https:\/\/www.youtube.com\/@vosgesinfo"]},{"@type":"Person","@id":"https:\/\/vosgesinfo.fr\/saintdieinfo\/#\/schema\/person\/faee6704a21f3977511db84bd1cd450f","name":"la r\u00e9daction","image":{"@type":"ImageObject","inLanguage":"fr-FR","@id":"https:\/\/vosgesinfo.fr\/saintdieinfo\/#\/schema\/person\/image\/","url":"https:\/\/secure.gravatar.com\/avatar\/6673d8bc6a9c17fa9a453eaa3448de834fa308c2ec9635b7aa99441a7c8d2cf6?s=96&d=mm&r=g","contentUrl":"https:\/\/secure.gravatar.com\/avatar\/6673d8bc6a9c17fa9a453eaa3448de834fa308c2ec9635b7aa99441a7c8d2cf6?s=96&d=mm&r=g","caption":"la r\u00e9daction"},"url":"https:\/\/vosgesinfo.fr\/saintdieinfo\/author\/redac\/"}]}},"_links":{"self":[{"href":"https:\/\/vosgesinfo.fr\/saintdieinfo\/wp-json\/wp\/v2\/posts\/51015","targetHints":{"allow":["GET"]}}],"collection":[{"href":"https:\/\/vosgesinfo.fr\/saintdieinfo\/wp-json\/wp\/v2\/posts"}],"about":[{"href":"https:\/\/vosgesinfo.fr\/saintdieinfo\/wp-json\/wp\/v2\/types\/post"}],"author":[{"embeddable":true,"href":"https:\/\/vosgesinfo.fr\/saintdieinfo\/wp-json\/wp\/v2\/users\/44"}],"replies":[{"embeddable":true,"href":"https:\/\/vosgesinfo.fr\/saintdieinfo\/wp-json\/wp\/v2\/comments?post=51015"}],"version-history":[{"count":0,"href":"https:\/\/vosgesinfo.fr\/saintdieinfo\/wp-json\/wp\/v2\/posts\/51015\/revisions"}],"wp:featuredmedia":[{"embeddable":true,"href":"https:\/\/vosgesinfo.fr\/saintdieinfo\/wp-json\/wp\/v2\/media\/51016"}],"wp:attachment":[{"href":"https:\/\/vosgesinfo.fr\/saintdieinfo\/wp-json\/wp\/v2\/media?parent=51015"}],"wp:term":[{"taxonomy":"category","embeddable":true,"href":"https:\/\/vosgesinfo.fr\/saintdieinfo\/wp-json\/wp\/v2\/categories?post=51015"},{"taxonomy":"post_tag","embeddable":true,"href":"https:\/\/vosgesinfo.fr\/saintdieinfo\/wp-json\/wp\/v2\/tags?post=51015"}],"curies":[{"name":"wp","href":"https:\/\/api.w.org\/{rel}","templated":true}]}}