{"id":51116,"date":"2022-03-16T09:51:14","date_gmt":"2022-03-16T08:51:14","guid":{"rendered":"https:\/\/vosgesinfo.fr\/saintdieinfo\/2022\/03\/solidarite-lukraine-convoi-vosgien-sest-rendu-pologne-2\/"},"modified":"2022-03-16T09:51:14","modified_gmt":"2022-03-16T08:51:14","slug":"solidarite-lukraine-convoi-vosgien-sest-rendu-pologne-2","status":"publish","type":"post","link":"https:\/\/vosgesinfo.fr\/saintdieinfo\/2022\/03\/solidarite-lukraine-convoi-vosgien-sest-rendu-pologne-2\/","title":{"rendered":"Solidarit\u00e9 avec l&rsquo;Ukraine \u2013 Un convoi vosgien s&rsquo;est rendu en Pologne"},"content":{"rendered":"<div id=\"attachment_180301\" style=\"width: 970px\" class=\"wp-caption aligncenter\"><a href=\"\/2022\/03\/Ukraine_Convoi_SP_Vosgiens-1.jpg\" target=\"_blank\" rel=\"noopener\"><img decoding=\"async\" aria-describedby=\"caption-attachment-180301\" class=\"wp-image-180301 size-full\" src=\"\/2022\/03\/Ukraine_Convoi_SP_Vosgiens-1.jpg\" alt=\"Ukraine_Convoi_SP_Vosgiens (1)\" width=\"960\" height=\"720\" \/><\/a><p id=\"caption-attachment-180301\" class=\"wp-caption-text\">(Photographies Sapeurs-pompiers des Vosges)<\/p><\/div>\n<h2><strong><span style=\"font-size: 14pt;\">Dans la soir\u00e9e de vendredi dernier, un convoi de dons, le deuxi\u00e8me, est parti du centre de Sapeurs-pompiers de Neufch\u00e2teau vers la Pologne. Les entreprises locales et le maire Simon Leclerc \u00e9taient pr\u00e9sents pour remercier les b\u00e9n\u00e9voles et les sapeurs-pompiers avant le d\u00e9part.<\/span><\/strong><\/h2>\n<p><!--more--><\/p>\n<p>Les v\u00e9hicules de ce convoi, qui \u00e9taient mis \u00e0 disposition par la mairie et des entreprises locales, ont pris la route en d\u00e9but de soir\u00e9e et ils ont \u00e9t\u00e9 accueillis par la maire de la commune de \u015amigiel \u00e0 leur arriv\u00e9e, samedi matin vers 10h.<\/p>\n<p>Ils ont rapidement d\u00e9charg\u00e9 les dons avec les b\u00e9n\u00e9voles polonais, avant de rejoindre l&rsquo;h\u00f4tel mis \u00e0 leur disposition par la commune. L&rsquo;apr\u00e8s-midi, la d\u00e9l\u00e9gation N\u00e9ocastrienne a rencontr\u00e9 ses homologues sapeurs-pompiers qui participent \u00e0 l&rsquo;acheminement des dons aux portes de l&rsquo;Ukraine. Apr\u00e8s une nuit de repos \u00e0 l&rsquo;h\u00f4tel, les Vosgiens ont pris la route du retour dimanche matin.<\/p>\n<p>J.J.<\/p>\n\n","protected":false},"excerpt":{"rendered":"<p>Dans la soir\u00e9e de vendredi dernier, un convoi de dons, le deuxi\u00e8me, est parti du centre de Sapeurs-pompiers de Neufch\u00e2teau [&hellip;]<\/p>\n","protected":false},"author":44,"featured_media":51117,"comment_status":"open","ping_status":"open","sticky":false,"template":"","format":"standard","meta":{"footnotes":""},"categories":[460,29,18],"tags":[10405,225,10620,1017,10410],"class_list":["post-51116","post","type-post","status-publish","format-standard","has-post-thumbnail","hentry","category-a-la-une","category-solidarite","category-vosges","tag-guerre-en-ukraine","tag-neufchateau","tag-pologne","tag-sapeurs-pompiers-des-vosges","tag-ukraine"],"acf":[],"yoast_head":"<!-- This site is optimized with the Yoast SEO plugin v22.5 - https:\/\/yoast.com\/wordpress\/plugins\/seo\/ -->\n<title>Solidarit\u00e9 avec l&#039;Ukraine \u2013 Un convoi vosgien s&#039;est rendu en Pologne - Saint Die Info<\/title>\n<meta name=\"robots\" content=\"index, follow, max-snippet:-1, max-image-preview:large, max-video-preview:-1\" \/>\n<link rel=\"canonical\" href=\"https:\/\/vosgesinfo.fr\/saintdieinfo\/2022\/03\/solidarite-lukraine-convoi-vosgien-sest-rendu-pologne-2\/\" \/>\n<meta name=\"twitter:card\" content=\"summary_large_image\" \/>\n<meta name=\"twitter:title\" content=\"Solidarit\u00e9 avec l&#039;Ukraine \u2013 Un convoi vosgien s&#039;est rendu en Pologne - Saint Die Info\" \/>\n<meta name=\"twitter:description\" content=\"Dans la soir\u00e9e de vendredi dernier, un convoi de dons, le deuxi\u00e8me, est parti du centre de Sapeurs-pompiers de Neufch\u00e2teau [&hellip;]\" \/>\n<meta name=\"twitter:image\" content=\"https:\/\/vosgesinfo.fr\/app\/uploads\/sites\/4\/2024\/08\/202203ukraine-convoi-sp-vosgiens-1-1.jpg\" \/>\n<meta name=\"twitter:creator\" content=\"@VosgesInfo88\" \/>\n<meta name=\"twitter:site\" content=\"@VosgesInfo88\" \/>\n<meta name=\"twitter:label1\" content=\"\u00c9crit par\" \/>\n\t<meta name=\"twitter:data1\" content=\"la r\u00e9daction\" \/>\n\t<meta name=\"twitter:label2\" content=\"Dur\u00e9e de lecture estim\u00e9e\" \/>\n\t<meta name=\"twitter:data2\" content=\"1 minute\" \/>\n<script type=\"application\/ld+json\" class=\"yoast-schema-graph\">{\"@context\":\"https:\/\/schema.org\",\"@graph\":[{\"@type\":\"Article\",\"@id\":\"https:\/\/vosgesinfo.fr\/saintdieinfo\/2022\/03\/solidarite-lukraine-convoi-vosgien-sest-rendu-pologne-2\/#article\",\"isPartOf\":{\"@id\":\"https:\/\/vosgesinfo.fr\/saintdieinfo\/2022\/03\/solidarite-lukraine-convoi-vosgien-sest-rendu-pologne-2\/\"},\"author\":{\"name\":\"la r\u00e9daction\",\"@id\":\"https:\/\/vosgesinfo.fr\/saintdieinfo\/#\/schema\/person\/faee6704a21f3977511db84bd1cd450f\"},\"headline\":\"Solidarit\u00e9 avec l&rsquo;Ukraine \u2013 Un convoi vosgien s&rsquo;est rendu en Pologne\",\"datePublished\":\"2022-03-16T08:51:14+00:00\",\"dateModified\":\"2022-03-16T08:51:14+00:00\",\"mainEntityOfPage\":{\"@id\":\"https:\/\/vosgesinfo.fr\/saintdieinfo\/2022\/03\/solidarite-lukraine-convoi-vosgien-sest-rendu-pologne-2\/\"},\"wordCount\":197,\"commentCount\":0,\"publisher\":{\"@id\":\"https:\/\/vosgesinfo.fr\/saintdieinfo\/#organization\"},\"image\":{\"@id\":\"https:\/\/vosgesinfo.fr\/saintdieinfo\/2022\/03\/solidarite-lukraine-convoi-vosgien-sest-rendu-pologne-2\/#primaryimage\"},\"thumbnailUrl\":\"https:\/\/vosgesinfo.fr\/app\/uploads\/sites\/4\/2024\/08\/202203ukraine-convoi-sp-vosgiens-1-1.jpg\",\"keywords\":[\"Guerre en Ukraine\",\"Neufch\u00e2teau\",\"Pologne\",\"sapeurs-pompiers des Vosges\",\"Ukraine\"],\"articleSection\":[\"A la Une\",\"Solidarit\u00e9\",\"Vosges\"],\"inLanguage\":\"fr-FR\",\"potentialAction\":[{\"@type\":\"CommentAction\",\"name\":\"Comment\",\"target\":[\"https:\/\/vosgesinfo.fr\/saintdieinfo\/2022\/03\/solidarite-lukraine-convoi-vosgien-sest-rendu-pologne-2\/#respond\"]}]},{\"@type\":\"WebPage\",\"@id\":\"https:\/\/vosgesinfo.fr\/saintdieinfo\/2022\/03\/solidarite-lukraine-convoi-vosgien-sest-rendu-pologne-2\/\",\"url\":\"https:\/\/vosgesinfo.fr\/saintdieinfo\/2022\/03\/solidarite-lukraine-convoi-vosgien-sest-rendu-pologne-2\/\",\"name\":\"Solidarit\u00e9 avec l'Ukraine \u2013 Un convoi vosgien s'est rendu en Pologne - Saint Die Info\",\"isPartOf\":{\"@id\":\"https:\/\/vosgesinfo.fr\/saintdieinfo\/#website\"},\"primaryImageOfPage\":{\"@id\":\"https:\/\/vosgesinfo.fr\/saintdieinfo\/2022\/03\/solidarite-lukraine-convoi-vosgien-sest-rendu-pologne-2\/#primaryimage\"},\"image\":{\"@id\":\"https:\/\/vosgesinfo.fr\/saintdieinfo\/2022\/03\/solidarite-lukraine-convoi-vosgien-sest-rendu-pologne-2\/#primaryimage\"},\"thumbnailUrl\":\"https:\/\/vosgesinfo.fr\/app\/uploads\/sites\/4\/2024\/08\/202203ukraine-convoi-sp-vosgiens-1-1.jpg\",\"datePublished\":\"2022-03-16T08:51:14+00:00\",\"dateModified\":\"2022-03-16T08:51:14+00:00\",\"breadcrumb\":{\"@id\":\"https:\/\/vosgesinfo.fr\/saintdieinfo\/2022\/03\/solidarite-lukraine-convoi-vosgien-sest-rendu-pologne-2\/#breadcrumb\"},\"inLanguage\":\"fr-FR\",\"potentialAction\":[{\"@type\":\"ReadAction\",\"target\":[\"https:\/\/vosgesinfo.fr\/saintdieinfo\/2022\/03\/solidarite-lukraine-convoi-vosgien-sest-rendu-pologne-2\/\"]}]},{\"@type\":\"ImageObject\",\"inLanguage\":\"fr-FR\",\"@id\":\"https:\/\/vosgesinfo.fr\/saintdieinfo\/2022\/03\/solidarite-lukraine-convoi-vosgien-sest-rendu-pologne-2\/#primaryimage\",\"url\":\"https:\/\/vosgesinfo.fr\/app\/uploads\/sites\/4\/2024\/08\/202203ukraine-convoi-sp-vosgiens-1-1.jpg\",\"contentUrl\":\"https:\/\/vosgesinfo.fr\/app\/uploads\/sites\/4\/2024\/08\/202203ukraine-convoi-sp-vosgiens-1-1.jpg\",\"width\":960,\"height\":720},{\"@type\":\"BreadcrumbList\",\"@id\":\"https:\/\/vosgesinfo.fr\/saintdieinfo\/2022\/03\/solidarite-lukraine-convoi-vosgien-sest-rendu-pologne-2\/#breadcrumb\",\"itemListElement\":[{\"@type\":\"ListItem\",\"position\":1,\"name\":\"Home\",\"item\":\"https:\/\/vosgesinfo.fr\/saintdieinfo\/\"},{\"@type\":\"ListItem\",\"position\":2,\"name\":\"Solidarit\u00e9 avec l&rsquo;Ukraine \u2013 Un convoi vosgien s&rsquo;est rendu en Pologne\"}]},{\"@type\":\"WebSite\",\"@id\":\"https:\/\/vosgesinfo.fr\/saintdieinfo\/#website\",\"url\":\"https:\/\/vosgesinfo.fr\/saintdieinfo\/\",\"name\":\"Saint Die Info\",\"description\":\"Toute l&#039;actualit\u00e9 de Saint-Di\u00e9-Des-Vosges\",\"publisher\":{\"@id\":\"https:\/\/vosgesinfo.fr\/saintdieinfo\/#organization\"},\"alternateName\":\"Toute l'actualit\u00e9 de Saint-Di\u00e9-Des-Vosges\",\"potentialAction\":[{\"@type\":\"SearchAction\",\"target\":{\"@type\":\"EntryPoint\",\"urlTemplate\":\"https:\/\/vosgesinfo.fr\/saintdieinfo\/?s={search_term_string}\"},\"query-input\":\"required name=search_term_string\"}],\"inLanguage\":\"fr-FR\"},{\"@type\":\"Organization\",\"@id\":\"https:\/\/vosgesinfo.fr\/saintdieinfo\/#organization\",\"name\":\"Saint Die Info\",\"url\":\"https:\/\/vosgesinfo.fr\/saintdieinfo\/\",\"logo\":{\"@type\":\"ImageObject\",\"inLanguage\":\"fr-FR\",\"@id\":\"https:\/\/vosgesinfo.fr\/saintdieinfo\/#\/schema\/logo\/image\/\",\"url\":\"https:\/\/vosgesinfo.fr\/app\/uploads\/sites\/4\/2024\/02\/logo-sdi.jpg\",\"contentUrl\":\"https:\/\/vosgesinfo.fr\/app\/uploads\/sites\/4\/2024\/02\/logo-sdi.jpg\",\"width\":600,\"height\":600,\"caption\":\"Saint Die Info\"},\"image\":{\"@id\":\"https:\/\/vosgesinfo.fr\/saintdieinfo\/#\/schema\/logo\/image\/\"},\"sameAs\":[\"https:\/\/www.facebook.com\/Saintdieinfofr\",\"https:\/\/x.com\/VosgesInfo88\",\"https:\/\/www.youtube.com\/@vosgesinfo\"]},{\"@type\":\"Person\",\"@id\":\"https:\/\/vosgesinfo.fr\/saintdieinfo\/#\/schema\/person\/faee6704a21f3977511db84bd1cd450f\",\"name\":\"la r\u00e9daction\",\"image\":{\"@type\":\"ImageObject\",\"inLanguage\":\"fr-FR\",\"@id\":\"https:\/\/vosgesinfo.fr\/saintdieinfo\/#\/schema\/person\/image\/\",\"url\":\"https:\/\/secure.gravatar.com\/avatar\/6673d8bc6a9c17fa9a453eaa3448de834fa308c2ec9635b7aa99441a7c8d2cf6?s=96&d=mm&r=g\",\"contentUrl\":\"https:\/\/secure.gravatar.com\/avatar\/6673d8bc6a9c17fa9a453eaa3448de834fa308c2ec9635b7aa99441a7c8d2cf6?s=96&d=mm&r=g\",\"caption\":\"la r\u00e9daction\"},\"url\":\"https:\/\/vosgesinfo.fr\/saintdieinfo\/author\/redac\/\"}]}<\/script>\n<!-- \/ Yoast SEO plugin. -->","yoast_head_json":{"title":"Solidarit\u00e9 avec l'Ukraine \u2013 Un convoi vosgien s'est rendu en Pologne - Saint Die Info","robots":{"index":"index","follow":"follow","max-snippet":"max-snippet:-1","max-image-preview":"max-image-preview:large","max-video-preview":"max-video-preview:-1"},"canonical":"https:\/\/vosgesinfo.fr\/saintdieinfo\/2022\/03\/solidarite-lukraine-convoi-vosgien-sest-rendu-pologne-2\/","twitter_card":"summary_large_image","twitter_title":"Solidarit\u00e9 avec l'Ukraine \u2013 Un convoi vosgien s'est rendu en Pologne - Saint Die Info","twitter_description":"Dans la soir\u00e9e de vendredi dernier, un convoi de dons, le deuxi\u00e8me, est parti du centre de Sapeurs-pompiers de Neufch\u00e2teau [&hellip;]","twitter_image":"https:\/\/vosgesinfo.fr\/app\/uploads\/sites\/4\/2024\/08\/202203ukraine-convoi-sp-vosgiens-1-1.jpg","twitter_creator":"@VosgesInfo88","twitter_site":"@VosgesInfo88","twitter_misc":{"\u00c9crit par":"la r\u00e9daction","Dur\u00e9e de lecture estim\u00e9e":"1 minute"},"schema":{"@context":"https:\/\/schema.org","@graph":[{"@type":"Article","@id":"https:\/\/vosgesinfo.fr\/saintdieinfo\/2022\/03\/solidarite-lukraine-convoi-vosgien-sest-rendu-pologne-2\/#article","isPartOf":{"@id":"https:\/\/vosgesinfo.fr\/saintdieinfo\/2022\/03\/solidarite-lukraine-convoi-vosgien-sest-rendu-pologne-2\/"},"author":{"name":"la r\u00e9daction","@id":"https:\/\/vosgesinfo.fr\/saintdieinfo\/#\/schema\/person\/faee6704a21f3977511db84bd1cd450f"},"headline":"Solidarit\u00e9 avec l&rsquo;Ukraine \u2013 Un convoi vosgien s&rsquo;est rendu en Pologne","datePublished":"2022-03-16T08:51:14+00:00","dateModified":"2022-03-16T08:51:14+00:00","mainEntityOfPage":{"@id":"https:\/\/vosgesinfo.fr\/saintdieinfo\/2022\/03\/solidarite-lukraine-convoi-vosgien-sest-rendu-pologne-2\/"},"wordCount":197,"commentCount":0,"publisher":{"@id":"https:\/\/vosgesinfo.fr\/saintdieinfo\/#organization"},"image":{"@id":"https:\/\/vosgesinfo.fr\/saintdieinfo\/2022\/03\/solidarite-lukraine-convoi-vosgien-sest-rendu-pologne-2\/#primaryimage"},"thumbnailUrl":"https:\/\/vosgesinfo.fr\/app\/uploads\/sites\/4\/2024\/08\/202203ukraine-convoi-sp-vosgiens-1-1.jpg","keywords":["Guerre en Ukraine","Neufch\u00e2teau","Pologne","sapeurs-pompiers des Vosges","Ukraine"],"articleSection":["A la Une","Solidarit\u00e9","Vosges"],"inLanguage":"fr-FR","potentialAction":[{"@type":"CommentAction","name":"Comment","target":["https:\/\/vosgesinfo.fr\/saintdieinfo\/2022\/03\/solidarite-lukraine-convoi-vosgien-sest-rendu-pologne-2\/#respond"]}]},{"@type":"WebPage","@id":"https:\/\/vosgesinfo.fr\/saintdieinfo\/2022\/03\/solidarite-lukraine-convoi-vosgien-sest-rendu-pologne-2\/","url":"https:\/\/vosgesinfo.fr\/saintdieinfo\/2022\/03\/solidarite-lukraine-convoi-vosgien-sest-rendu-pologne-2\/","name":"Solidarit\u00e9 avec l'Ukraine \u2013 Un convoi vosgien s'est rendu en Pologne - Saint Die Info","isPartOf":{"@id":"https:\/\/vosgesinfo.fr\/saintdieinfo\/#website"},"primaryImageOfPage":{"@id":"https:\/\/vosgesinfo.fr\/saintdieinfo\/2022\/03\/solidarite-lukraine-convoi-vosgien-sest-rendu-pologne-2\/#primaryimage"},"image":{"@id":"https:\/\/vosgesinfo.fr\/saintdieinfo\/2022\/03\/solidarite-lukraine-convoi-vosgien-sest-rendu-pologne-2\/#primaryimage"},"thumbnailUrl":"https:\/\/vosgesinfo.fr\/app\/uploads\/sites\/4\/2024\/08\/202203ukraine-convoi-sp-vosgiens-1-1.jpg","datePublished":"2022-03-16T08:51:14+00:00","dateModified":"2022-03-16T08:51:14+00:00","breadcrumb":{"@id":"https:\/\/vosgesinfo.fr\/saintdieinfo\/2022\/03\/solidarite-lukraine-convoi-vosgien-sest-rendu-pologne-2\/#breadcrumb"},"inLanguage":"fr-FR","potentialAction":[{"@type":"ReadAction","target":["https:\/\/vosgesinfo.fr\/saintdieinfo\/2022\/03\/solidarite-lukraine-convoi-vosgien-sest-rendu-pologne-2\/"]}]},{"@type":"ImageObject","inLanguage":"fr-FR","@id":"https:\/\/vosgesinfo.fr\/saintdieinfo\/2022\/03\/solidarite-lukraine-convoi-vosgien-sest-rendu-pologne-2\/#primaryimage","url":"https:\/\/vosgesinfo.fr\/app\/uploads\/sites\/4\/2024\/08\/202203ukraine-convoi-sp-vosgiens-1-1.jpg","contentUrl":"https:\/\/vosgesinfo.fr\/app\/uploads\/sites\/4\/2024\/08\/202203ukraine-convoi-sp-vosgiens-1-1.jpg","width":960,"height":720},{"@type":"BreadcrumbList","@id":"https:\/\/vosgesinfo.fr\/saintdieinfo\/2022\/03\/solidarite-lukraine-convoi-vosgien-sest-rendu-pologne-2\/#breadcrumb","itemListElement":[{"@type":"ListItem","position":1,"name":"Home","item":"https:\/\/vosgesinfo.fr\/saintdieinfo\/"},{"@type":"ListItem","position":2,"name":"Solidarit\u00e9 avec l&rsquo;Ukraine \u2013 Un convoi vosgien s&rsquo;est rendu en Pologne"}]},{"@type":"WebSite","@id":"https:\/\/vosgesinfo.fr\/saintdieinfo\/#website","url":"https:\/\/vosgesinfo.fr\/saintdieinfo\/","name":"Saint Die Info","description":"Toute l&#039;actualit\u00e9 de Saint-Di\u00e9-Des-Vosges","publisher":{"@id":"https:\/\/vosgesinfo.fr\/saintdieinfo\/#organization"},"alternateName":"Toute l'actualit\u00e9 de Saint-Di\u00e9-Des-Vosges","potentialAction":[{"@type":"SearchAction","target":{"@type":"EntryPoint","urlTemplate":"https:\/\/vosgesinfo.fr\/saintdieinfo\/?s={search_term_string}"},"query-input":"required name=search_term_string"}],"inLanguage":"fr-FR"},{"@type":"Organization","@id":"https:\/\/vosgesinfo.fr\/saintdieinfo\/#organization","name":"Saint Die Info","url":"https:\/\/vosgesinfo.fr\/saintdieinfo\/","logo":{"@type":"ImageObject","inLanguage":"fr-FR","@id":"https:\/\/vosgesinfo.fr\/saintdieinfo\/#\/schema\/logo\/image\/","url":"https:\/\/vosgesinfo.fr\/app\/uploads\/sites\/4\/2024\/02\/logo-sdi.jpg","contentUrl":"https:\/\/vosgesinfo.fr\/app\/uploads\/sites\/4\/2024\/02\/logo-sdi.jpg","width":600,"height":600,"caption":"Saint Die Info"},"image":{"@id":"https:\/\/vosgesinfo.fr\/saintdieinfo\/#\/schema\/logo\/image\/"},"sameAs":["https:\/\/www.facebook.com\/Saintdieinfofr","https:\/\/x.com\/VosgesInfo88","https:\/\/www.youtube.com\/@vosgesinfo"]},{"@type":"Person","@id":"https:\/\/vosgesinfo.fr\/saintdieinfo\/#\/schema\/person\/faee6704a21f3977511db84bd1cd450f","name":"la r\u00e9daction","image":{"@type":"ImageObject","inLanguage":"fr-FR","@id":"https:\/\/vosgesinfo.fr\/saintdieinfo\/#\/schema\/person\/image\/","url":"https:\/\/secure.gravatar.com\/avatar\/6673d8bc6a9c17fa9a453eaa3448de834fa308c2ec9635b7aa99441a7c8d2cf6?s=96&d=mm&r=g","contentUrl":"https:\/\/secure.gravatar.com\/avatar\/6673d8bc6a9c17fa9a453eaa3448de834fa308c2ec9635b7aa99441a7c8d2cf6?s=96&d=mm&r=g","caption":"la r\u00e9daction"},"url":"https:\/\/vosgesinfo.fr\/saintdieinfo\/author\/redac\/"}]}},"_links":{"self":[{"href":"https:\/\/vosgesinfo.fr\/saintdieinfo\/wp-json\/wp\/v2\/posts\/51116","targetHints":{"allow":["GET"]}}],"collection":[{"href":"https:\/\/vosgesinfo.fr\/saintdieinfo\/wp-json\/wp\/v2\/posts"}],"about":[{"href":"https:\/\/vosgesinfo.fr\/saintdieinfo\/wp-json\/wp\/v2\/types\/post"}],"author":[{"embeddable":true,"href":"https:\/\/vosgesinfo.fr\/saintdieinfo\/wp-json\/wp\/v2\/users\/44"}],"replies":[{"embeddable":true,"href":"https:\/\/vosgesinfo.fr\/saintdieinfo\/wp-json\/wp\/v2\/comments?post=51116"}],"version-history":[{"count":0,"href":"https:\/\/vosgesinfo.fr\/saintdieinfo\/wp-json\/wp\/v2\/posts\/51116\/revisions"}],"wp:featuredmedia":[{"embeddable":true,"href":"https:\/\/vosgesinfo.fr\/saintdieinfo\/wp-json\/wp\/v2\/media\/51117"}],"wp:attachment":[{"href":"https:\/\/vosgesinfo.fr\/saintdieinfo\/wp-json\/wp\/v2\/media?parent=51116"}],"wp:term":[{"taxonomy":"category","embeddable":true,"href":"https:\/\/vosgesinfo.fr\/saintdieinfo\/wp-json\/wp\/v2\/categories?post=51116"},{"taxonomy":"post_tag","embeddable":true,"href":"https:\/\/vosgesinfo.fr\/saintdieinfo\/wp-json\/wp\/v2\/tags?post=51116"}],"curies":[{"name":"wp","href":"https:\/\/api.w.org\/{rel}","templated":true}]}}