{"id":51208,"date":"2022-03-19T09:15:39","date_gmt":"2022-03-19T08:15:39","guid":{"rendered":"https:\/\/vosgesinfo.fr\/saintdieinfo\/2022\/03\/saint-die-vosges-rend-hommage-aux-victimes-de-guerre-dalgerie-combats-tunisie-maroc-2\/"},"modified":"2022-03-19T09:15:39","modified_gmt":"2022-03-19T08:15:39","slug":"saint-die-vosges-rend-hommage-aux-victimes-de-guerre-dalgerie-combats-tunisie-maroc-2","status":"publish","type":"post","link":"https:\/\/vosgesinfo.fr\/saintdieinfo\/2022\/03\/saint-die-vosges-rend-hommage-aux-victimes-de-guerre-dalgerie-combats-tunisie-maroc-2\/","title":{"rendered":"Saint-Di\u00e9-des-Vosges rend hommage aux victimes de la guerre d&rsquo;Alg\u00e9rie et des combats en Tunisie et au Maroc"},"content":{"rendered":"<p><a href=\"\/2022\/03\/Comm\u00e9moration_Alg\u00e9rie_Tunisie_Maroc-9.jpg\" target=\"_blank\" rel=\"noopener\"><img decoding=\"async\" class=\"aligncenter wp-image-180460 size-large\" src=\"\/2022\/03\/Comm\u00e9moration_Alg\u00e9rie_Tunisie_Maroc-9-1024x771.jpg\" alt=\"Comm\u00e9moration_Alg\u00e9rie_Tunisie_Maroc (9)\" width=\"960\" height=\"723\" \/><\/a><\/p>\n<h2><strong><span style=\"font-size: 14pt;\">Tradition respect\u00e9e \u00e0 Saint-Di\u00e9-des-Vosges ce samedi 19 mars, qui marque le 60e anniversaire du cessez-le-feu en Alg\u00e9rie, o\u00f9 un hommage a \u00e9t\u00e9 rendu aux victimes civiles et militaires de la guerre d&rsquo;Alg\u00e9rie ainsi que des combats en Tunisie et au Maroc.<\/span><\/strong><\/h2>\n<p><!--more--><\/p>\n<p>Rendez-vous \u00e9tait donn\u00e9 en fin de matin\u00e9e place du 19 mars 1962, puis au monument aux morts de la ville. D\u00e9p\u00f4ts de gerbes, lectures, Sonnerie aux Morts, Marseillaise et le salut aux portes-drapeaux ont ponctu\u00e9 la c\u00e9r\u00e9monie comm\u00e9morative d\u00e9odatienne, qui s&rsquo;est d\u00e9roul\u00e9e en pr\u00e9sence d&rsquo;\u00e9lus, de repr\u00e9sentants des autorit\u00e9s et de membres des associations patriotiques.<\/p>\n<p>J.J.<\/p>\n\n","protected":false},"excerpt":{"rendered":"<p>Tradition respect\u00e9e \u00e0 Saint-Di\u00e9-des-Vosges ce samedi 19 mars, qui marque le 60e anniversaire du cessez-le-feu en Alg\u00e9rie, o\u00f9 un hommage [&hellip;]<\/p>\n","protected":false},"author":44,"featured_media":51209,"comment_status":"open","ping_status":"open","sticky":false,"template":"","format":"standard","meta":{"footnotes":""},"categories":[460,2915],"tags":[10684,3470,10685,3472,5603],"class_list":["post-51208","post","type-post","status-publish","format-standard","has-post-thumbnail","hentry","category-a-la-une","category-saint-die-son-canton","tag-19-mars-1962","tag-ceremonie-commemorative","tag-hommage-aux-victimes-de-la-guerre-dalgerie-et-des-combats-en-tunisie-et-au-maroc","tag-monument-aux-morts-de-saint-die-des-vosges","tag-place-du-19-mars-1962"],"acf":[],"yoast_head":"<!-- This site is optimized with the Yoast SEO plugin v22.5 - https:\/\/yoast.com\/wordpress\/plugins\/seo\/ -->\n<title>Saint-Di\u00e9-des-Vosges rend hommage aux victimes de la guerre d&#039;Alg\u00e9rie et des combats en Tunisie et au Maroc - Saint Die Info<\/title>\n<meta name=\"robots\" content=\"index, follow, max-snippet:-1, max-image-preview:large, max-video-preview:-1\" \/>\n<link rel=\"canonical\" href=\"https:\/\/vosgesinfo.fr\/saintdieinfo\/2022\/03\/saint-die-vosges-rend-hommage-aux-victimes-de-guerre-dalgerie-combats-tunisie-maroc-2\/\" \/>\n<meta name=\"twitter:card\" content=\"summary_large_image\" \/>\n<meta name=\"twitter:title\" content=\"Saint-Di\u00e9-des-Vosges rend hommage aux victimes de la guerre d&#039;Alg\u00e9rie et des combats en Tunisie et au Maroc - Saint Die Info\" \/>\n<meta name=\"twitter:description\" content=\"Tradition respect\u00e9e \u00e0 Saint-Di\u00e9-des-Vosges ce samedi 19 mars, qui marque le 60e anniversaire du cessez-le-feu en Alg\u00e9rie, o\u00f9 un hommage [&hellip;]\" \/>\n<meta name=\"twitter:image\" content=\"https:\/\/vosgesinfo.fr\/app\/uploads\/sites\/4\/2024\/08\/202203commemoration-algerie-tunisie-maroc-9-1.jpg\" \/>\n<meta name=\"twitter:creator\" content=\"@VosgesInfo88\" \/>\n<meta name=\"twitter:site\" content=\"@VosgesInfo88\" \/>\n<meta name=\"twitter:label1\" content=\"\u00c9crit par\" \/>\n\t<meta name=\"twitter:data1\" content=\"la r\u00e9daction\" \/>\n\t<meta name=\"twitter:label2\" content=\"Dur\u00e9e de lecture estim\u00e9e\" \/>\n\t<meta name=\"twitter:data2\" content=\"1 minute\" \/>\n<script type=\"application\/ld+json\" class=\"yoast-schema-graph\">{\"@context\":\"https:\/\/schema.org\",\"@graph\":[{\"@type\":\"Article\",\"@id\":\"https:\/\/vosgesinfo.fr\/saintdieinfo\/2022\/03\/saint-die-vosges-rend-hommage-aux-victimes-de-guerre-dalgerie-combats-tunisie-maroc-2\/#article\",\"isPartOf\":{\"@id\":\"https:\/\/vosgesinfo.fr\/saintdieinfo\/2022\/03\/saint-die-vosges-rend-hommage-aux-victimes-de-guerre-dalgerie-combats-tunisie-maroc-2\/\"},\"author\":{\"name\":\"la r\u00e9daction\",\"@id\":\"https:\/\/vosgesinfo.fr\/saintdieinfo\/#\/schema\/person\/faee6704a21f3977511db84bd1cd450f\"},\"headline\":\"Saint-Di\u00e9-des-Vosges rend hommage aux victimes de la guerre d&rsquo;Alg\u00e9rie et des combats en Tunisie et au Maroc\",\"datePublished\":\"2022-03-19T08:15:39+00:00\",\"dateModified\":\"2022-03-19T08:15:39+00:00\",\"mainEntityOfPage\":{\"@id\":\"https:\/\/vosgesinfo.fr\/saintdieinfo\/2022\/03\/saint-die-vosges-rend-hommage-aux-victimes-de-guerre-dalgerie-combats-tunisie-maroc-2\/\"},\"wordCount\":139,\"commentCount\":0,\"publisher\":{\"@id\":\"https:\/\/vosgesinfo.fr\/saintdieinfo\/#organization\"},\"image\":{\"@id\":\"https:\/\/vosgesinfo.fr\/saintdieinfo\/2022\/03\/saint-die-vosges-rend-hommage-aux-victimes-de-guerre-dalgerie-combats-tunisie-maroc-2\/#primaryimage\"},\"thumbnailUrl\":\"https:\/\/vosgesinfo.fr\/app\/uploads\/sites\/4\/2024\/08\/202203commemoration-algerie-tunisie-maroc-9-1.jpg\",\"keywords\":[\"19 mars 1962\",\"C\u00e9r\u00e9monie comm\u00e9morative\",\"Hommage aux victimes de la guerre d'Alg\u00e9rie et des combats en Tunisie et au Maroc\",\"Monument aux Morts de Saint-Di\u00e9-des-Vosges\",\"Place du 19 mars 1962\"],\"articleSection\":[\"A la Une\",\"Saint-Di\u00e9-des-Vosges et son Agglom\u00e9ration\"],\"inLanguage\":\"fr-FR\",\"potentialAction\":[{\"@type\":\"CommentAction\",\"name\":\"Comment\",\"target\":[\"https:\/\/vosgesinfo.fr\/saintdieinfo\/2022\/03\/saint-die-vosges-rend-hommage-aux-victimes-de-guerre-dalgerie-combats-tunisie-maroc-2\/#respond\"]}]},{\"@type\":\"WebPage\",\"@id\":\"https:\/\/vosgesinfo.fr\/saintdieinfo\/2022\/03\/saint-die-vosges-rend-hommage-aux-victimes-de-guerre-dalgerie-combats-tunisie-maroc-2\/\",\"url\":\"https:\/\/vosgesinfo.fr\/saintdieinfo\/2022\/03\/saint-die-vosges-rend-hommage-aux-victimes-de-guerre-dalgerie-combats-tunisie-maroc-2\/\",\"name\":\"Saint-Di\u00e9-des-Vosges rend hommage aux victimes de la guerre d'Alg\u00e9rie et des combats en Tunisie et au Maroc - Saint Die Info\",\"isPartOf\":{\"@id\":\"https:\/\/vosgesinfo.fr\/saintdieinfo\/#website\"},\"primaryImageOfPage\":{\"@id\":\"https:\/\/vosgesinfo.fr\/saintdieinfo\/2022\/03\/saint-die-vosges-rend-hommage-aux-victimes-de-guerre-dalgerie-combats-tunisie-maroc-2\/#primaryimage\"},\"image\":{\"@id\":\"https:\/\/vosgesinfo.fr\/saintdieinfo\/2022\/03\/saint-die-vosges-rend-hommage-aux-victimes-de-guerre-dalgerie-combats-tunisie-maroc-2\/#primaryimage\"},\"thumbnailUrl\":\"https:\/\/vosgesinfo.fr\/app\/uploads\/sites\/4\/2024\/08\/202203commemoration-algerie-tunisie-maroc-9-1.jpg\",\"datePublished\":\"2022-03-19T08:15:39+00:00\",\"dateModified\":\"2022-03-19T08:15:39+00:00\",\"breadcrumb\":{\"@id\":\"https:\/\/vosgesinfo.fr\/saintdieinfo\/2022\/03\/saint-die-vosges-rend-hommage-aux-victimes-de-guerre-dalgerie-combats-tunisie-maroc-2\/#breadcrumb\"},\"inLanguage\":\"fr-FR\",\"potentialAction\":[{\"@type\":\"ReadAction\",\"target\":[\"https:\/\/vosgesinfo.fr\/saintdieinfo\/2022\/03\/saint-die-vosges-rend-hommage-aux-victimes-de-guerre-dalgerie-combats-tunisie-maroc-2\/\"]}]},{\"@type\":\"ImageObject\",\"inLanguage\":\"fr-FR\",\"@id\":\"https:\/\/vosgesinfo.fr\/saintdieinfo\/2022\/03\/saint-die-vosges-rend-hommage-aux-victimes-de-guerre-dalgerie-combats-tunisie-maroc-2\/#primaryimage\",\"url\":\"https:\/\/vosgesinfo.fr\/app\/uploads\/sites\/4\/2024\/08\/202203commemoration-algerie-tunisie-maroc-9-1.jpg\",\"contentUrl\":\"https:\/\/vosgesinfo.fr\/app\/uploads\/sites\/4\/2024\/08\/202203commemoration-algerie-tunisie-maroc-9-1.jpg\",\"width\":1600,\"height\":1205},{\"@type\":\"BreadcrumbList\",\"@id\":\"https:\/\/vosgesinfo.fr\/saintdieinfo\/2022\/03\/saint-die-vosges-rend-hommage-aux-victimes-de-guerre-dalgerie-combats-tunisie-maroc-2\/#breadcrumb\",\"itemListElement\":[{\"@type\":\"ListItem\",\"position\":1,\"name\":\"Home\",\"item\":\"https:\/\/vosgesinfo.fr\/saintdieinfo\/\"},{\"@type\":\"ListItem\",\"position\":2,\"name\":\"Saint-Di\u00e9-des-Vosges rend hommage aux victimes de la guerre d&rsquo;Alg\u00e9rie et des combats en Tunisie et au Maroc\"}]},{\"@type\":\"WebSite\",\"@id\":\"https:\/\/vosgesinfo.fr\/saintdieinfo\/#website\",\"url\":\"https:\/\/vosgesinfo.fr\/saintdieinfo\/\",\"name\":\"Saint Die Info\",\"description\":\"Toute l&#039;actualit\u00e9 de Saint-Di\u00e9-Des-Vosges\",\"publisher\":{\"@id\":\"https:\/\/vosgesinfo.fr\/saintdieinfo\/#organization\"},\"alternateName\":\"Toute l'actualit\u00e9 de Saint-Di\u00e9-Des-Vosges\",\"potentialAction\":[{\"@type\":\"SearchAction\",\"target\":{\"@type\":\"EntryPoint\",\"urlTemplate\":\"https:\/\/vosgesinfo.fr\/saintdieinfo\/?s={search_term_string}\"},\"query-input\":\"required name=search_term_string\"}],\"inLanguage\":\"fr-FR\"},{\"@type\":\"Organization\",\"@id\":\"https:\/\/vosgesinfo.fr\/saintdieinfo\/#organization\",\"name\":\"Saint Die Info\",\"url\":\"https:\/\/vosgesinfo.fr\/saintdieinfo\/\",\"logo\":{\"@type\":\"ImageObject\",\"inLanguage\":\"fr-FR\",\"@id\":\"https:\/\/vosgesinfo.fr\/saintdieinfo\/#\/schema\/logo\/image\/\",\"url\":\"https:\/\/vosgesinfo.fr\/app\/uploads\/sites\/4\/2024\/02\/logo-sdi.jpg\",\"contentUrl\":\"https:\/\/vosgesinfo.fr\/app\/uploads\/sites\/4\/2024\/02\/logo-sdi.jpg\",\"width\":600,\"height\":600,\"caption\":\"Saint Die Info\"},\"image\":{\"@id\":\"https:\/\/vosgesinfo.fr\/saintdieinfo\/#\/schema\/logo\/image\/\"},\"sameAs\":[\"https:\/\/www.facebook.com\/Saintdieinfofr\",\"https:\/\/x.com\/VosgesInfo88\",\"https:\/\/www.youtube.com\/@vosgesinfo\"]},{\"@type\":\"Person\",\"@id\":\"https:\/\/vosgesinfo.fr\/saintdieinfo\/#\/schema\/person\/faee6704a21f3977511db84bd1cd450f\",\"name\":\"la r\u00e9daction\",\"image\":{\"@type\":\"ImageObject\",\"inLanguage\":\"fr-FR\",\"@id\":\"https:\/\/vosgesinfo.fr\/saintdieinfo\/#\/schema\/person\/image\/\",\"url\":\"https:\/\/secure.gravatar.com\/avatar\/6673d8bc6a9c17fa9a453eaa3448de834fa308c2ec9635b7aa99441a7c8d2cf6?s=96&d=mm&r=g\",\"contentUrl\":\"https:\/\/secure.gravatar.com\/avatar\/6673d8bc6a9c17fa9a453eaa3448de834fa308c2ec9635b7aa99441a7c8d2cf6?s=96&d=mm&r=g\",\"caption\":\"la r\u00e9daction\"},\"url\":\"https:\/\/vosgesinfo.fr\/saintdieinfo\/author\/redac\/\"}]}<\/script>\n<!-- \/ Yoast SEO plugin. -->","yoast_head_json":{"title":"Saint-Di\u00e9-des-Vosges rend hommage aux victimes de la guerre d'Alg\u00e9rie et des combats en Tunisie et au Maroc - Saint Die Info","robots":{"index":"index","follow":"follow","max-snippet":"max-snippet:-1","max-image-preview":"max-image-preview:large","max-video-preview":"max-video-preview:-1"},"canonical":"https:\/\/vosgesinfo.fr\/saintdieinfo\/2022\/03\/saint-die-vosges-rend-hommage-aux-victimes-de-guerre-dalgerie-combats-tunisie-maroc-2\/","twitter_card":"summary_large_image","twitter_title":"Saint-Di\u00e9-des-Vosges rend hommage aux victimes de la guerre d'Alg\u00e9rie et des combats en Tunisie et au Maroc - Saint Die Info","twitter_description":"Tradition respect\u00e9e \u00e0 Saint-Di\u00e9-des-Vosges ce samedi 19 mars, qui marque le 60e anniversaire du cessez-le-feu en Alg\u00e9rie, o\u00f9 un hommage [&hellip;]","twitter_image":"https:\/\/vosgesinfo.fr\/app\/uploads\/sites\/4\/2024\/08\/202203commemoration-algerie-tunisie-maroc-9-1.jpg","twitter_creator":"@VosgesInfo88","twitter_site":"@VosgesInfo88","twitter_misc":{"\u00c9crit par":"la r\u00e9daction","Dur\u00e9e de lecture estim\u00e9e":"1 minute"},"schema":{"@context":"https:\/\/schema.org","@graph":[{"@type":"Article","@id":"https:\/\/vosgesinfo.fr\/saintdieinfo\/2022\/03\/saint-die-vosges-rend-hommage-aux-victimes-de-guerre-dalgerie-combats-tunisie-maroc-2\/#article","isPartOf":{"@id":"https:\/\/vosgesinfo.fr\/saintdieinfo\/2022\/03\/saint-die-vosges-rend-hommage-aux-victimes-de-guerre-dalgerie-combats-tunisie-maroc-2\/"},"author":{"name":"la r\u00e9daction","@id":"https:\/\/vosgesinfo.fr\/saintdieinfo\/#\/schema\/person\/faee6704a21f3977511db84bd1cd450f"},"headline":"Saint-Di\u00e9-des-Vosges rend hommage aux victimes de la guerre d&rsquo;Alg\u00e9rie et des combats en Tunisie et au Maroc","datePublished":"2022-03-19T08:15:39+00:00","dateModified":"2022-03-19T08:15:39+00:00","mainEntityOfPage":{"@id":"https:\/\/vosgesinfo.fr\/saintdieinfo\/2022\/03\/saint-die-vosges-rend-hommage-aux-victimes-de-guerre-dalgerie-combats-tunisie-maroc-2\/"},"wordCount":139,"commentCount":0,"publisher":{"@id":"https:\/\/vosgesinfo.fr\/saintdieinfo\/#organization"},"image":{"@id":"https:\/\/vosgesinfo.fr\/saintdieinfo\/2022\/03\/saint-die-vosges-rend-hommage-aux-victimes-de-guerre-dalgerie-combats-tunisie-maroc-2\/#primaryimage"},"thumbnailUrl":"https:\/\/vosgesinfo.fr\/app\/uploads\/sites\/4\/2024\/08\/202203commemoration-algerie-tunisie-maroc-9-1.jpg","keywords":["19 mars 1962","C\u00e9r\u00e9monie comm\u00e9morative","Hommage aux victimes de la guerre d'Alg\u00e9rie et des combats en Tunisie et au Maroc","Monument aux Morts de Saint-Di\u00e9-des-Vosges","Place du 19 mars 1962"],"articleSection":["A la Une","Saint-Di\u00e9-des-Vosges et son Agglom\u00e9ration"],"inLanguage":"fr-FR","potentialAction":[{"@type":"CommentAction","name":"Comment","target":["https:\/\/vosgesinfo.fr\/saintdieinfo\/2022\/03\/saint-die-vosges-rend-hommage-aux-victimes-de-guerre-dalgerie-combats-tunisie-maroc-2\/#respond"]}]},{"@type":"WebPage","@id":"https:\/\/vosgesinfo.fr\/saintdieinfo\/2022\/03\/saint-die-vosges-rend-hommage-aux-victimes-de-guerre-dalgerie-combats-tunisie-maroc-2\/","url":"https:\/\/vosgesinfo.fr\/saintdieinfo\/2022\/03\/saint-die-vosges-rend-hommage-aux-victimes-de-guerre-dalgerie-combats-tunisie-maroc-2\/","name":"Saint-Di\u00e9-des-Vosges rend hommage aux victimes de la guerre d'Alg\u00e9rie et des combats en Tunisie et au Maroc - Saint Die Info","isPartOf":{"@id":"https:\/\/vosgesinfo.fr\/saintdieinfo\/#website"},"primaryImageOfPage":{"@id":"https:\/\/vosgesinfo.fr\/saintdieinfo\/2022\/03\/saint-die-vosges-rend-hommage-aux-victimes-de-guerre-dalgerie-combats-tunisie-maroc-2\/#primaryimage"},"image":{"@id":"https:\/\/vosgesinfo.fr\/saintdieinfo\/2022\/03\/saint-die-vosges-rend-hommage-aux-victimes-de-guerre-dalgerie-combats-tunisie-maroc-2\/#primaryimage"},"thumbnailUrl":"https:\/\/vosgesinfo.fr\/app\/uploads\/sites\/4\/2024\/08\/202203commemoration-algerie-tunisie-maroc-9-1.jpg","datePublished":"2022-03-19T08:15:39+00:00","dateModified":"2022-03-19T08:15:39+00:00","breadcrumb":{"@id":"https:\/\/vosgesinfo.fr\/saintdieinfo\/2022\/03\/saint-die-vosges-rend-hommage-aux-victimes-de-guerre-dalgerie-combats-tunisie-maroc-2\/#breadcrumb"},"inLanguage":"fr-FR","potentialAction":[{"@type":"ReadAction","target":["https:\/\/vosgesinfo.fr\/saintdieinfo\/2022\/03\/saint-die-vosges-rend-hommage-aux-victimes-de-guerre-dalgerie-combats-tunisie-maroc-2\/"]}]},{"@type":"ImageObject","inLanguage":"fr-FR","@id":"https:\/\/vosgesinfo.fr\/saintdieinfo\/2022\/03\/saint-die-vosges-rend-hommage-aux-victimes-de-guerre-dalgerie-combats-tunisie-maroc-2\/#primaryimage","url":"https:\/\/vosgesinfo.fr\/app\/uploads\/sites\/4\/2024\/08\/202203commemoration-algerie-tunisie-maroc-9-1.jpg","contentUrl":"https:\/\/vosgesinfo.fr\/app\/uploads\/sites\/4\/2024\/08\/202203commemoration-algerie-tunisie-maroc-9-1.jpg","width":1600,"height":1205},{"@type":"BreadcrumbList","@id":"https:\/\/vosgesinfo.fr\/saintdieinfo\/2022\/03\/saint-die-vosges-rend-hommage-aux-victimes-de-guerre-dalgerie-combats-tunisie-maroc-2\/#breadcrumb","itemListElement":[{"@type":"ListItem","position":1,"name":"Home","item":"https:\/\/vosgesinfo.fr\/saintdieinfo\/"},{"@type":"ListItem","position":2,"name":"Saint-Di\u00e9-des-Vosges rend hommage aux victimes de la guerre d&rsquo;Alg\u00e9rie et des combats en Tunisie et au Maroc"}]},{"@type":"WebSite","@id":"https:\/\/vosgesinfo.fr\/saintdieinfo\/#website","url":"https:\/\/vosgesinfo.fr\/saintdieinfo\/","name":"Saint Die Info","description":"Toute l&#039;actualit\u00e9 de Saint-Di\u00e9-Des-Vosges","publisher":{"@id":"https:\/\/vosgesinfo.fr\/saintdieinfo\/#organization"},"alternateName":"Toute l'actualit\u00e9 de Saint-Di\u00e9-Des-Vosges","potentialAction":[{"@type":"SearchAction","target":{"@type":"EntryPoint","urlTemplate":"https:\/\/vosgesinfo.fr\/saintdieinfo\/?s={search_term_string}"},"query-input":"required name=search_term_string"}],"inLanguage":"fr-FR"},{"@type":"Organization","@id":"https:\/\/vosgesinfo.fr\/saintdieinfo\/#organization","name":"Saint Die Info","url":"https:\/\/vosgesinfo.fr\/saintdieinfo\/","logo":{"@type":"ImageObject","inLanguage":"fr-FR","@id":"https:\/\/vosgesinfo.fr\/saintdieinfo\/#\/schema\/logo\/image\/","url":"https:\/\/vosgesinfo.fr\/app\/uploads\/sites\/4\/2024\/02\/logo-sdi.jpg","contentUrl":"https:\/\/vosgesinfo.fr\/app\/uploads\/sites\/4\/2024\/02\/logo-sdi.jpg","width":600,"height":600,"caption":"Saint Die Info"},"image":{"@id":"https:\/\/vosgesinfo.fr\/saintdieinfo\/#\/schema\/logo\/image\/"},"sameAs":["https:\/\/www.facebook.com\/Saintdieinfofr","https:\/\/x.com\/VosgesInfo88","https:\/\/www.youtube.com\/@vosgesinfo"]},{"@type":"Person","@id":"https:\/\/vosgesinfo.fr\/saintdieinfo\/#\/schema\/person\/faee6704a21f3977511db84bd1cd450f","name":"la r\u00e9daction","image":{"@type":"ImageObject","inLanguage":"fr-FR","@id":"https:\/\/vosgesinfo.fr\/saintdieinfo\/#\/schema\/person\/image\/","url":"https:\/\/secure.gravatar.com\/avatar\/6673d8bc6a9c17fa9a453eaa3448de834fa308c2ec9635b7aa99441a7c8d2cf6?s=96&d=mm&r=g","contentUrl":"https:\/\/secure.gravatar.com\/avatar\/6673d8bc6a9c17fa9a453eaa3448de834fa308c2ec9635b7aa99441a7c8d2cf6?s=96&d=mm&r=g","caption":"la r\u00e9daction"},"url":"https:\/\/vosgesinfo.fr\/saintdieinfo\/author\/redac\/"}]}},"_links":{"self":[{"href":"https:\/\/vosgesinfo.fr\/saintdieinfo\/wp-json\/wp\/v2\/posts\/51208","targetHints":{"allow":["GET"]}}],"collection":[{"href":"https:\/\/vosgesinfo.fr\/saintdieinfo\/wp-json\/wp\/v2\/posts"}],"about":[{"href":"https:\/\/vosgesinfo.fr\/saintdieinfo\/wp-json\/wp\/v2\/types\/post"}],"author":[{"embeddable":true,"href":"https:\/\/vosgesinfo.fr\/saintdieinfo\/wp-json\/wp\/v2\/users\/44"}],"replies":[{"embeddable":true,"href":"https:\/\/vosgesinfo.fr\/saintdieinfo\/wp-json\/wp\/v2\/comments?post=51208"}],"version-history":[{"count":0,"href":"https:\/\/vosgesinfo.fr\/saintdieinfo\/wp-json\/wp\/v2\/posts\/51208\/revisions"}],"wp:featuredmedia":[{"embeddable":true,"href":"https:\/\/vosgesinfo.fr\/saintdieinfo\/wp-json\/wp\/v2\/media\/51209"}],"wp:attachment":[{"href":"https:\/\/vosgesinfo.fr\/saintdieinfo\/wp-json\/wp\/v2\/media?parent=51208"}],"wp:term":[{"taxonomy":"category","embeddable":true,"href":"https:\/\/vosgesinfo.fr\/saintdieinfo\/wp-json\/wp\/v2\/categories?post=51208"},{"taxonomy":"post_tag","embeddable":true,"href":"https:\/\/vosgesinfo.fr\/saintdieinfo\/wp-json\/wp\/v2\/tags?post=51208"}],"curies":[{"name":"wp","href":"https:\/\/api.w.org\/{rel}","templated":true}]}}