{"id":51244,"date":"2022-03-21T11:29:16","date_gmt":"2022-03-21T10:29:16","guid":{"rendered":"https:\/\/vosgesinfo.fr\/saintdieinfo\/2022\/03\/raves-commune-met-appartement-a-disposition-laccueil-dune-famille-ukrainienne-2\/"},"modified":"2022-03-21T11:29:16","modified_gmt":"2022-03-21T10:29:16","slug":"raves-commune-met-appartement-a-disposition-laccueil-dune-famille-ukrainienne-2","status":"publish","type":"post","link":"https:\/\/vosgesinfo.fr\/saintdieinfo\/2022\/03\/raves-commune-met-appartement-a-disposition-laccueil-dune-famille-ukrainienne-2\/","title":{"rendered":"Raves \u2013 La Commune met un appartement \u00e0 disposition pour l&rsquo;accueil d&rsquo;une famille ukrainienne"},"content":{"rendered":"<p><a href=\"\/2022\/03\/ukraine-drapeau.jpg\" target=\"_blank\" rel=\"noopener\"><img decoding=\"async\" class=\"aligncenter wp-image-180292 size-full\" src=\"\/2022\/03\/ukraine-drapeau.jpg\" alt=\"ukraine-drapeau\" width=\"800\" height=\"534\" \/><\/a><\/p>\n<h2><strong><span style=\"font-size: 14pt;\">La D\u00e9odatie se mobilise pour venir en aide \u00e0 l&rsquo;Ukraine. Preuves en sont les nombreuses collectes et propositions d&rsquo;h\u00e9bergement qui \u00e9manent d&rsquo;un certain nombre de communes du territoire. C&rsquo;est le cas notamment de Raves, dont l&rsquo;\u00e9quipe municipale a d\u00e9cid\u00e9 de mettre \u00e0 disposition gracieusement, \u00e0 partir du 1er avril, un appartement communal pour l&rsquo;accueil d&rsquo;une famille ukrainienne.<\/span><\/strong><\/h2>\n<p><!--more--><\/p>\n<p><em>\u00ab\u00a0Nous souhaitons soutenir ce peuple dans la souffrance de cette terrible guerre. Nous verrons ensuite pour la scolarit\u00e9 des enfants dans notre groupe scolaire afin de pr\u00e9server le lien social. Et ce malgr\u00e9 la barri\u00e8re de la langue. Nous sommes en relation avec la Pr\u00e9fecture et les services de l&rsquo;Etat afin de pouvoir les recevoir dans les meilleures conditions. Nous aurons peut-\u00eatre besoin de mobiliers afin d\u2019\u00e9quiper l&rsquo;appartement, qui se compose de 2 chambres, un s\u00e9jour et un salon. Si vous avez du mobilier disponible et que vous souhaitez nous aider, merci de le faire savoir aupr\u00e8s de la Mairie de Raves, au <strong>03-29-51-76-13<\/strong> ou via <strong><a href=\"mailto:commune.raves@wanadoo.fr\" target=\"_blank\" rel=\"noopener\">commune.raves@wanadoo.fr<\/a><\/strong>\u00a0\u00bb<\/em> a d\u00e9clar\u00e9 le maire Eric Aubert \u00e0 propos de cette initiative solidaire.<\/p>\n<p>J.J.<\/p>\n","protected":false},"excerpt":{"rendered":"<p>La D\u00e9odatie se mobilise pour venir en aide \u00e0 l&rsquo;Ukraine. Preuves en sont les nombreuses collectes et propositions d&rsquo;h\u00e9bergement qui [&hellip;]<\/p>\n","protected":false},"author":44,"featured_media":51245,"comment_status":"open","ping_status":"open","sticky":false,"template":"","format":"standard","meta":{"footnotes":""},"categories":[460,2915,29],"tags":[10405,3161,10689,10410],"class_list":["post-51244","post","type-post","status-publish","format-standard","has-post-thumbnail","hentry","category-a-la-une","category-saint-die-son-canton","category-solidarite","tag-guerre-en-ukraine","tag-raves","tag-refugies-ukrainiens","tag-ukraine"],"acf":[],"yoast_head":"<!-- This site is optimized with the Yoast SEO plugin v22.5 - https:\/\/yoast.com\/wordpress\/plugins\/seo\/ -->\n<title>Raves \u2013 La Commune met un appartement \u00e0 disposition pour l&#039;accueil d&#039;une famille ukrainienne - Saint Die Info<\/title>\n<meta name=\"robots\" content=\"index, follow, max-snippet:-1, max-image-preview:large, max-video-preview:-1\" \/>\n<link rel=\"canonical\" href=\"https:\/\/vosgesinfo.fr\/saintdieinfo\/2022\/03\/raves-commune-met-appartement-a-disposition-laccueil-dune-famille-ukrainienne-2\/\" \/>\n<meta name=\"twitter:card\" content=\"summary_large_image\" \/>\n<meta name=\"twitter:title\" content=\"Raves \u2013 La Commune met un appartement \u00e0 disposition pour l&#039;accueil d&#039;une famille ukrainienne - Saint Die Info\" \/>\n<meta name=\"twitter:description\" content=\"La D\u00e9odatie se mobilise pour venir en aide \u00e0 l&rsquo;Ukraine. Preuves en sont les nombreuses collectes et propositions d&rsquo;h\u00e9bergement qui [&hellip;]\" \/>\n<meta name=\"twitter:image\" content=\"https:\/\/vosgesinfo.fr\/app\/uploads\/sites\/4\/2024\/08\/202203ukraine-drapeau-4.jpg\" \/>\n<meta name=\"twitter:creator\" content=\"@VosgesInfo88\" \/>\n<meta name=\"twitter:site\" content=\"@VosgesInfo88\" \/>\n<meta name=\"twitter:label1\" content=\"\u00c9crit par\" \/>\n\t<meta name=\"twitter:data1\" content=\"la r\u00e9daction\" \/>\n\t<meta name=\"twitter:label2\" content=\"Dur\u00e9e de lecture estim\u00e9e\" \/>\n\t<meta name=\"twitter:data2\" content=\"1 minute\" \/>\n<script type=\"application\/ld+json\" class=\"yoast-schema-graph\">{\"@context\":\"https:\/\/schema.org\",\"@graph\":[{\"@type\":\"Article\",\"@id\":\"https:\/\/vosgesinfo.fr\/saintdieinfo\/2022\/03\/raves-commune-met-appartement-a-disposition-laccueil-dune-famille-ukrainienne-2\/#article\",\"isPartOf\":{\"@id\":\"https:\/\/vosgesinfo.fr\/saintdieinfo\/2022\/03\/raves-commune-met-appartement-a-disposition-laccueil-dune-famille-ukrainienne-2\/\"},\"author\":{\"name\":\"la r\u00e9daction\",\"@id\":\"https:\/\/vosgesinfo.fr\/saintdieinfo\/#\/schema\/person\/faee6704a21f3977511db84bd1cd450f\"},\"headline\":\"Raves \u2013 La Commune met un appartement \u00e0 disposition pour l&rsquo;accueil d&rsquo;une famille ukrainienne\",\"datePublished\":\"2022-03-21T10:29:16+00:00\",\"dateModified\":\"2022-03-21T10:29:16+00:00\",\"mainEntityOfPage\":{\"@id\":\"https:\/\/vosgesinfo.fr\/saintdieinfo\/2022\/03\/raves-commune-met-appartement-a-disposition-laccueil-dune-famille-ukrainienne-2\/\"},\"wordCount\":213,\"commentCount\":0,\"publisher\":{\"@id\":\"https:\/\/vosgesinfo.fr\/saintdieinfo\/#organization\"},\"image\":{\"@id\":\"https:\/\/vosgesinfo.fr\/saintdieinfo\/2022\/03\/raves-commune-met-appartement-a-disposition-laccueil-dune-famille-ukrainienne-2\/#primaryimage\"},\"thumbnailUrl\":\"https:\/\/vosgesinfo.fr\/app\/uploads\/sites\/4\/2024\/08\/202203ukraine-drapeau-4.jpg\",\"keywords\":[\"Guerre en Ukraine\",\"Raves\",\"R\u00e9fugi\u00e9s ukrainiens\",\"Ukraine\"],\"articleSection\":[\"A la Une\",\"Saint-Di\u00e9-des-Vosges et son Agglom\u00e9ration\",\"Solidarit\u00e9\"],\"inLanguage\":\"fr-FR\",\"potentialAction\":[{\"@type\":\"CommentAction\",\"name\":\"Comment\",\"target\":[\"https:\/\/vosgesinfo.fr\/saintdieinfo\/2022\/03\/raves-commune-met-appartement-a-disposition-laccueil-dune-famille-ukrainienne-2\/#respond\"]}]},{\"@type\":\"WebPage\",\"@id\":\"https:\/\/vosgesinfo.fr\/saintdieinfo\/2022\/03\/raves-commune-met-appartement-a-disposition-laccueil-dune-famille-ukrainienne-2\/\",\"url\":\"https:\/\/vosgesinfo.fr\/saintdieinfo\/2022\/03\/raves-commune-met-appartement-a-disposition-laccueil-dune-famille-ukrainienne-2\/\",\"name\":\"Raves \u2013 La Commune met un appartement \u00e0 disposition pour l'accueil d'une famille ukrainienne - Saint Die Info\",\"isPartOf\":{\"@id\":\"https:\/\/vosgesinfo.fr\/saintdieinfo\/#website\"},\"primaryImageOfPage\":{\"@id\":\"https:\/\/vosgesinfo.fr\/saintdieinfo\/2022\/03\/raves-commune-met-appartement-a-disposition-laccueil-dune-famille-ukrainienne-2\/#primaryimage\"},\"image\":{\"@id\":\"https:\/\/vosgesinfo.fr\/saintdieinfo\/2022\/03\/raves-commune-met-appartement-a-disposition-laccueil-dune-famille-ukrainienne-2\/#primaryimage\"},\"thumbnailUrl\":\"https:\/\/vosgesinfo.fr\/app\/uploads\/sites\/4\/2024\/08\/202203ukraine-drapeau-4.jpg\",\"datePublished\":\"2022-03-21T10:29:16+00:00\",\"dateModified\":\"2022-03-21T10:29:16+00:00\",\"breadcrumb\":{\"@id\":\"https:\/\/vosgesinfo.fr\/saintdieinfo\/2022\/03\/raves-commune-met-appartement-a-disposition-laccueil-dune-famille-ukrainienne-2\/#breadcrumb\"},\"inLanguage\":\"fr-FR\",\"potentialAction\":[{\"@type\":\"ReadAction\",\"target\":[\"https:\/\/vosgesinfo.fr\/saintdieinfo\/2022\/03\/raves-commune-met-appartement-a-disposition-laccueil-dune-famille-ukrainienne-2\/\"]}]},{\"@type\":\"ImageObject\",\"inLanguage\":\"fr-FR\",\"@id\":\"https:\/\/vosgesinfo.fr\/saintdieinfo\/2022\/03\/raves-commune-met-appartement-a-disposition-laccueil-dune-famille-ukrainienne-2\/#primaryimage\",\"url\":\"https:\/\/vosgesinfo.fr\/app\/uploads\/sites\/4\/2024\/08\/202203ukraine-drapeau-4.jpg\",\"contentUrl\":\"https:\/\/vosgesinfo.fr\/app\/uploads\/sites\/4\/2024\/08\/202203ukraine-drapeau-4.jpg\",\"width\":800,\"height\":534},{\"@type\":\"BreadcrumbList\",\"@id\":\"https:\/\/vosgesinfo.fr\/saintdieinfo\/2022\/03\/raves-commune-met-appartement-a-disposition-laccueil-dune-famille-ukrainienne-2\/#breadcrumb\",\"itemListElement\":[{\"@type\":\"ListItem\",\"position\":1,\"name\":\"Home\",\"item\":\"https:\/\/vosgesinfo.fr\/saintdieinfo\/\"},{\"@type\":\"ListItem\",\"position\":2,\"name\":\"Raves \u2013 La Commune met un appartement \u00e0 disposition pour l&rsquo;accueil d&rsquo;une famille ukrainienne\"}]},{\"@type\":\"WebSite\",\"@id\":\"https:\/\/vosgesinfo.fr\/saintdieinfo\/#website\",\"url\":\"https:\/\/vosgesinfo.fr\/saintdieinfo\/\",\"name\":\"Saint Die Info\",\"description\":\"Toute l&#039;actualit\u00e9 de Saint-Di\u00e9-Des-Vosges\",\"publisher\":{\"@id\":\"https:\/\/vosgesinfo.fr\/saintdieinfo\/#organization\"},\"alternateName\":\"Toute l'actualit\u00e9 de Saint-Di\u00e9-Des-Vosges\",\"potentialAction\":[{\"@type\":\"SearchAction\",\"target\":{\"@type\":\"EntryPoint\",\"urlTemplate\":\"https:\/\/vosgesinfo.fr\/saintdieinfo\/?s={search_term_string}\"},\"query-input\":\"required name=search_term_string\"}],\"inLanguage\":\"fr-FR\"},{\"@type\":\"Organization\",\"@id\":\"https:\/\/vosgesinfo.fr\/saintdieinfo\/#organization\",\"name\":\"Saint Die Info\",\"url\":\"https:\/\/vosgesinfo.fr\/saintdieinfo\/\",\"logo\":{\"@type\":\"ImageObject\",\"inLanguage\":\"fr-FR\",\"@id\":\"https:\/\/vosgesinfo.fr\/saintdieinfo\/#\/schema\/logo\/image\/\",\"url\":\"https:\/\/vosgesinfo.fr\/app\/uploads\/sites\/4\/2024\/02\/logo-sdi.jpg\",\"contentUrl\":\"https:\/\/vosgesinfo.fr\/app\/uploads\/sites\/4\/2024\/02\/logo-sdi.jpg\",\"width\":600,\"height\":600,\"caption\":\"Saint Die Info\"},\"image\":{\"@id\":\"https:\/\/vosgesinfo.fr\/saintdieinfo\/#\/schema\/logo\/image\/\"},\"sameAs\":[\"https:\/\/www.facebook.com\/Saintdieinfofr\",\"https:\/\/x.com\/VosgesInfo88\",\"https:\/\/www.youtube.com\/@vosgesinfo\"]},{\"@type\":\"Person\",\"@id\":\"https:\/\/vosgesinfo.fr\/saintdieinfo\/#\/schema\/person\/faee6704a21f3977511db84bd1cd450f\",\"name\":\"la r\u00e9daction\",\"image\":{\"@type\":\"ImageObject\",\"inLanguage\":\"fr-FR\",\"@id\":\"https:\/\/vosgesinfo.fr\/saintdieinfo\/#\/schema\/person\/image\/\",\"url\":\"https:\/\/secure.gravatar.com\/avatar\/6673d8bc6a9c17fa9a453eaa3448de834fa308c2ec9635b7aa99441a7c8d2cf6?s=96&d=mm&r=g\",\"contentUrl\":\"https:\/\/secure.gravatar.com\/avatar\/6673d8bc6a9c17fa9a453eaa3448de834fa308c2ec9635b7aa99441a7c8d2cf6?s=96&d=mm&r=g\",\"caption\":\"la r\u00e9daction\"},\"url\":\"https:\/\/vosgesinfo.fr\/saintdieinfo\/author\/redac\/\"}]}<\/script>\n<!-- \/ Yoast SEO plugin. -->","yoast_head_json":{"title":"Raves \u2013 La Commune met un appartement \u00e0 disposition pour l'accueil d'une famille ukrainienne - Saint Die Info","robots":{"index":"index","follow":"follow","max-snippet":"max-snippet:-1","max-image-preview":"max-image-preview:large","max-video-preview":"max-video-preview:-1"},"canonical":"https:\/\/vosgesinfo.fr\/saintdieinfo\/2022\/03\/raves-commune-met-appartement-a-disposition-laccueil-dune-famille-ukrainienne-2\/","twitter_card":"summary_large_image","twitter_title":"Raves \u2013 La Commune met un appartement \u00e0 disposition pour l'accueil d'une famille ukrainienne - Saint Die Info","twitter_description":"La D\u00e9odatie se mobilise pour venir en aide \u00e0 l&rsquo;Ukraine. Preuves en sont les nombreuses collectes et propositions d&rsquo;h\u00e9bergement qui [&hellip;]","twitter_image":"https:\/\/vosgesinfo.fr\/app\/uploads\/sites\/4\/2024\/08\/202203ukraine-drapeau-4.jpg","twitter_creator":"@VosgesInfo88","twitter_site":"@VosgesInfo88","twitter_misc":{"\u00c9crit par":"la r\u00e9daction","Dur\u00e9e de lecture estim\u00e9e":"1 minute"},"schema":{"@context":"https:\/\/schema.org","@graph":[{"@type":"Article","@id":"https:\/\/vosgesinfo.fr\/saintdieinfo\/2022\/03\/raves-commune-met-appartement-a-disposition-laccueil-dune-famille-ukrainienne-2\/#article","isPartOf":{"@id":"https:\/\/vosgesinfo.fr\/saintdieinfo\/2022\/03\/raves-commune-met-appartement-a-disposition-laccueil-dune-famille-ukrainienne-2\/"},"author":{"name":"la r\u00e9daction","@id":"https:\/\/vosgesinfo.fr\/saintdieinfo\/#\/schema\/person\/faee6704a21f3977511db84bd1cd450f"},"headline":"Raves \u2013 La Commune met un appartement \u00e0 disposition pour l&rsquo;accueil d&rsquo;une famille ukrainienne","datePublished":"2022-03-21T10:29:16+00:00","dateModified":"2022-03-21T10:29:16+00:00","mainEntityOfPage":{"@id":"https:\/\/vosgesinfo.fr\/saintdieinfo\/2022\/03\/raves-commune-met-appartement-a-disposition-laccueil-dune-famille-ukrainienne-2\/"},"wordCount":213,"commentCount":0,"publisher":{"@id":"https:\/\/vosgesinfo.fr\/saintdieinfo\/#organization"},"image":{"@id":"https:\/\/vosgesinfo.fr\/saintdieinfo\/2022\/03\/raves-commune-met-appartement-a-disposition-laccueil-dune-famille-ukrainienne-2\/#primaryimage"},"thumbnailUrl":"https:\/\/vosgesinfo.fr\/app\/uploads\/sites\/4\/2024\/08\/202203ukraine-drapeau-4.jpg","keywords":["Guerre en Ukraine","Raves","R\u00e9fugi\u00e9s ukrainiens","Ukraine"],"articleSection":["A la Une","Saint-Di\u00e9-des-Vosges et son Agglom\u00e9ration","Solidarit\u00e9"],"inLanguage":"fr-FR","potentialAction":[{"@type":"CommentAction","name":"Comment","target":["https:\/\/vosgesinfo.fr\/saintdieinfo\/2022\/03\/raves-commune-met-appartement-a-disposition-laccueil-dune-famille-ukrainienne-2\/#respond"]}]},{"@type":"WebPage","@id":"https:\/\/vosgesinfo.fr\/saintdieinfo\/2022\/03\/raves-commune-met-appartement-a-disposition-laccueil-dune-famille-ukrainienne-2\/","url":"https:\/\/vosgesinfo.fr\/saintdieinfo\/2022\/03\/raves-commune-met-appartement-a-disposition-laccueil-dune-famille-ukrainienne-2\/","name":"Raves \u2013 La Commune met un appartement \u00e0 disposition pour l'accueil d'une famille ukrainienne - Saint Die Info","isPartOf":{"@id":"https:\/\/vosgesinfo.fr\/saintdieinfo\/#website"},"primaryImageOfPage":{"@id":"https:\/\/vosgesinfo.fr\/saintdieinfo\/2022\/03\/raves-commune-met-appartement-a-disposition-laccueil-dune-famille-ukrainienne-2\/#primaryimage"},"image":{"@id":"https:\/\/vosgesinfo.fr\/saintdieinfo\/2022\/03\/raves-commune-met-appartement-a-disposition-laccueil-dune-famille-ukrainienne-2\/#primaryimage"},"thumbnailUrl":"https:\/\/vosgesinfo.fr\/app\/uploads\/sites\/4\/2024\/08\/202203ukraine-drapeau-4.jpg","datePublished":"2022-03-21T10:29:16+00:00","dateModified":"2022-03-21T10:29:16+00:00","breadcrumb":{"@id":"https:\/\/vosgesinfo.fr\/saintdieinfo\/2022\/03\/raves-commune-met-appartement-a-disposition-laccueil-dune-famille-ukrainienne-2\/#breadcrumb"},"inLanguage":"fr-FR","potentialAction":[{"@type":"ReadAction","target":["https:\/\/vosgesinfo.fr\/saintdieinfo\/2022\/03\/raves-commune-met-appartement-a-disposition-laccueil-dune-famille-ukrainienne-2\/"]}]},{"@type":"ImageObject","inLanguage":"fr-FR","@id":"https:\/\/vosgesinfo.fr\/saintdieinfo\/2022\/03\/raves-commune-met-appartement-a-disposition-laccueil-dune-famille-ukrainienne-2\/#primaryimage","url":"https:\/\/vosgesinfo.fr\/app\/uploads\/sites\/4\/2024\/08\/202203ukraine-drapeau-4.jpg","contentUrl":"https:\/\/vosgesinfo.fr\/app\/uploads\/sites\/4\/2024\/08\/202203ukraine-drapeau-4.jpg","width":800,"height":534},{"@type":"BreadcrumbList","@id":"https:\/\/vosgesinfo.fr\/saintdieinfo\/2022\/03\/raves-commune-met-appartement-a-disposition-laccueil-dune-famille-ukrainienne-2\/#breadcrumb","itemListElement":[{"@type":"ListItem","position":1,"name":"Home","item":"https:\/\/vosgesinfo.fr\/saintdieinfo\/"},{"@type":"ListItem","position":2,"name":"Raves \u2013 La Commune met un appartement \u00e0 disposition pour l&rsquo;accueil d&rsquo;une famille ukrainienne"}]},{"@type":"WebSite","@id":"https:\/\/vosgesinfo.fr\/saintdieinfo\/#website","url":"https:\/\/vosgesinfo.fr\/saintdieinfo\/","name":"Saint Die Info","description":"Toute l&#039;actualit\u00e9 de Saint-Di\u00e9-Des-Vosges","publisher":{"@id":"https:\/\/vosgesinfo.fr\/saintdieinfo\/#organization"},"alternateName":"Toute l'actualit\u00e9 de Saint-Di\u00e9-Des-Vosges","potentialAction":[{"@type":"SearchAction","target":{"@type":"EntryPoint","urlTemplate":"https:\/\/vosgesinfo.fr\/saintdieinfo\/?s={search_term_string}"},"query-input":"required name=search_term_string"}],"inLanguage":"fr-FR"},{"@type":"Organization","@id":"https:\/\/vosgesinfo.fr\/saintdieinfo\/#organization","name":"Saint Die Info","url":"https:\/\/vosgesinfo.fr\/saintdieinfo\/","logo":{"@type":"ImageObject","inLanguage":"fr-FR","@id":"https:\/\/vosgesinfo.fr\/saintdieinfo\/#\/schema\/logo\/image\/","url":"https:\/\/vosgesinfo.fr\/app\/uploads\/sites\/4\/2024\/02\/logo-sdi.jpg","contentUrl":"https:\/\/vosgesinfo.fr\/app\/uploads\/sites\/4\/2024\/02\/logo-sdi.jpg","width":600,"height":600,"caption":"Saint Die Info"},"image":{"@id":"https:\/\/vosgesinfo.fr\/saintdieinfo\/#\/schema\/logo\/image\/"},"sameAs":["https:\/\/www.facebook.com\/Saintdieinfofr","https:\/\/x.com\/VosgesInfo88","https:\/\/www.youtube.com\/@vosgesinfo"]},{"@type":"Person","@id":"https:\/\/vosgesinfo.fr\/saintdieinfo\/#\/schema\/person\/faee6704a21f3977511db84bd1cd450f","name":"la r\u00e9daction","image":{"@type":"ImageObject","inLanguage":"fr-FR","@id":"https:\/\/vosgesinfo.fr\/saintdieinfo\/#\/schema\/person\/image\/","url":"https:\/\/secure.gravatar.com\/avatar\/6673d8bc6a9c17fa9a453eaa3448de834fa308c2ec9635b7aa99441a7c8d2cf6?s=96&d=mm&r=g","contentUrl":"https:\/\/secure.gravatar.com\/avatar\/6673d8bc6a9c17fa9a453eaa3448de834fa308c2ec9635b7aa99441a7c8d2cf6?s=96&d=mm&r=g","caption":"la r\u00e9daction"},"url":"https:\/\/vosgesinfo.fr\/saintdieinfo\/author\/redac\/"}]}},"_links":{"self":[{"href":"https:\/\/vosgesinfo.fr\/saintdieinfo\/wp-json\/wp\/v2\/posts\/51244","targetHints":{"allow":["GET"]}}],"collection":[{"href":"https:\/\/vosgesinfo.fr\/saintdieinfo\/wp-json\/wp\/v2\/posts"}],"about":[{"href":"https:\/\/vosgesinfo.fr\/saintdieinfo\/wp-json\/wp\/v2\/types\/post"}],"author":[{"embeddable":true,"href":"https:\/\/vosgesinfo.fr\/saintdieinfo\/wp-json\/wp\/v2\/users\/44"}],"replies":[{"embeddable":true,"href":"https:\/\/vosgesinfo.fr\/saintdieinfo\/wp-json\/wp\/v2\/comments?post=51244"}],"version-history":[{"count":0,"href":"https:\/\/vosgesinfo.fr\/saintdieinfo\/wp-json\/wp\/v2\/posts\/51244\/revisions"}],"wp:featuredmedia":[{"embeddable":true,"href":"https:\/\/vosgesinfo.fr\/saintdieinfo\/wp-json\/wp\/v2\/media\/51245"}],"wp:attachment":[{"href":"https:\/\/vosgesinfo.fr\/saintdieinfo\/wp-json\/wp\/v2\/media?parent=51244"}],"wp:term":[{"taxonomy":"category","embeddable":true,"href":"https:\/\/vosgesinfo.fr\/saintdieinfo\/wp-json\/wp\/v2\/categories?post=51244"},{"taxonomy":"post_tag","embeddable":true,"href":"https:\/\/vosgesinfo.fr\/saintdieinfo\/wp-json\/wp\/v2\/tags?post=51244"}],"curies":[{"name":"wp","href":"https:\/\/api.w.org\/{rel}","templated":true}]}}