{"id":51271,"date":"2022-03-22T06:45:23","date_gmt":"2022-03-22T05:45:23","guid":{"rendered":"https:\/\/vosgesinfo.fr\/saintdieinfo\/2022\/03\/raon-letape-louis-bodin-dedicaces-a-librairie-letape-litteraire-2\/"},"modified":"2022-03-22T06:45:23","modified_gmt":"2022-03-22T05:45:23","slug":"raon-letape-louis-bodin-dedicaces-a-librairie-letape-litteraire-2","status":"publish","type":"post","link":"https:\/\/vosgesinfo.fr\/saintdieinfo\/2022\/03\/raon-letape-louis-bodin-dedicaces-a-librairie-letape-litteraire-2\/","title":{"rendered":"Raon-l&rsquo;Etape \u2013 Louis Bodin en d\u00e9dicaces \u00e0 la librairie \u00ab\u00a0L&rsquo;Etape Litt\u00e9raire\u00a0\u00bb"},"content":{"rendered":"<p><a href=\"\/2022\/03\/Raon-lEtape-Louis_Bodin_Librairie.jpg\" target=\"_blank\" rel=\"noopener\"><img decoding=\"async\" class=\"aligncenter wp-image-180561 size-full\" src=\"\/2022\/03\/Raon-lEtape-Louis_Bodin_Librairie.jpg\" alt=\"Raon-l'Etape-Louis_Bodin_Librairie\" width=\"940\" height=\"788\" \/><\/a><\/p>\n<h2><strong><span style=\"font-size: 14pt;\">Ce mardi 22 mars, une nouvelle librairie ouvre \u00e0 Raon-l&rsquo;Etape, rue Jules-Ferry, \u00ab\u00a0L&rsquo;Etape Litt\u00e9raire\u00a0\u00bb. A peine quelques jours apr\u00e8s son ouverture, mercredi 30 mars, \u00ab\u00a0L&rsquo;Etape Litt\u00e9raire\u00a0\u00bb accueillera son premier invit\u00e9 en la personne de Louis Bodin, \u00e9galement parrain de la librairie. Le m\u00e9t\u00e9orologue se rendra en terres raonnaises pour y d\u00e9dicacer, \u00e0 partir de 15h30, son livre \u00ab\u00a0Nous sommes tous m\u00e9t\u00e9o sensibles\u00a0\u00bb.<\/span><\/strong><\/h2>\n<p>J.J.<\/p>\n","protected":false},"excerpt":{"rendered":"<p>Ce mardi 22 mars, une nouvelle librairie ouvre \u00e0 Raon-l&rsquo;Etape, rue Jules-Ferry, \u00ab\u00a0L&rsquo;Etape Litt\u00e9raire\u00a0\u00bb. A peine quelques jours apr\u00e8s son [&hellip;]<\/p>\n","protected":false},"author":44,"featured_media":51272,"comment_status":"open","ping_status":"open","sticky":false,"template":"","format":"standard","meta":{"footnotes":""},"categories":[3900,7847,8090,2915],"tags":[10714,10715,10716,2654,5159],"class_list":["post-51271","post","type-post","status-publish","format-standard","has-post-thumbnail","hentry","category-breves","category-art-culture","category-litterature","category-saint-die-son-canton","tag-letape-litteraire","tag-librairie","tag-louis-bodin","tag-raon-letape","tag-seance-de-dedicaces"],"acf":[],"yoast_head":"<!-- This site is optimized with the Yoast SEO plugin v22.5 - https:\/\/yoast.com\/wordpress\/plugins\/seo\/ -->\n<title>Raon-l&#039;Etape \u2013 Louis Bodin en d\u00e9dicaces \u00e0 la librairie \u00ab\u00a0L&#039;Etape Litt\u00e9raire\u00a0\u00bb - Saint Die Info<\/title>\n<meta name=\"robots\" content=\"index, follow, max-snippet:-1, max-image-preview:large, max-video-preview:-1\" \/>\n<link rel=\"canonical\" href=\"https:\/\/vosgesinfo.fr\/saintdieinfo\/2022\/03\/raon-letape-louis-bodin-dedicaces-a-librairie-letape-litteraire-2\/\" \/>\n<meta name=\"twitter:card\" content=\"summary_large_image\" \/>\n<meta name=\"twitter:title\" content=\"Raon-l&#039;Etape \u2013 Louis Bodin en d\u00e9dicaces \u00e0 la librairie \u00ab\u00a0L&#039;Etape Litt\u00e9raire\u00a0\u00bb - Saint Die Info\" \/>\n<meta name=\"twitter:description\" content=\"Ce mardi 22 mars, une nouvelle librairie ouvre \u00e0 Raon-l&rsquo;Etape, rue Jules-Ferry, \u00ab\u00a0L&rsquo;Etape Litt\u00e9raire\u00a0\u00bb. A peine quelques jours apr\u00e8s son [&hellip;]\" \/>\n<meta name=\"twitter:image\" content=\"https:\/\/vosgesinfo.fr\/app\/uploads\/sites\/4\/2024\/08\/202203raon-letape-louis-bodin-librairie-1.jpg\" \/>\n<meta name=\"twitter:creator\" content=\"@VosgesInfo88\" \/>\n<meta name=\"twitter:site\" content=\"@VosgesInfo88\" \/>\n<meta name=\"twitter:label1\" content=\"\u00c9crit par\" \/>\n\t<meta name=\"twitter:data1\" content=\"la r\u00e9daction\" \/>\n<script type=\"application\/ld+json\" class=\"yoast-schema-graph\">{\"@context\":\"https:\/\/schema.org\",\"@graph\":[{\"@type\":\"Article\",\"@id\":\"https:\/\/vosgesinfo.fr\/saintdieinfo\/2022\/03\/raon-letape-louis-bodin-dedicaces-a-librairie-letape-litteraire-2\/#article\",\"isPartOf\":{\"@id\":\"https:\/\/vosgesinfo.fr\/saintdieinfo\/2022\/03\/raon-letape-louis-bodin-dedicaces-a-librairie-letape-litteraire-2\/\"},\"author\":{\"name\":\"la r\u00e9daction\",\"@id\":\"https:\/\/vosgesinfo.fr\/saintdieinfo\/#\/schema\/person\/faee6704a21f3977511db84bd1cd450f\"},\"headline\":\"Raon-l&rsquo;Etape \u2013 Louis Bodin en d\u00e9dicaces \u00e0 la librairie \u00ab\u00a0L&rsquo;Etape Litt\u00e9raire\u00a0\u00bb\",\"datePublished\":\"2022-03-22T05:45:23+00:00\",\"dateModified\":\"2022-03-22T05:45:23+00:00\",\"mainEntityOfPage\":{\"@id\":\"https:\/\/vosgesinfo.fr\/saintdieinfo\/2022\/03\/raon-letape-louis-bodin-dedicaces-a-librairie-letape-litteraire-2\/\"},\"wordCount\":84,\"commentCount\":0,\"publisher\":{\"@id\":\"https:\/\/vosgesinfo.fr\/saintdieinfo\/#organization\"},\"image\":{\"@id\":\"https:\/\/vosgesinfo.fr\/saintdieinfo\/2022\/03\/raon-letape-louis-bodin-dedicaces-a-librairie-letape-litteraire-2\/#primaryimage\"},\"thumbnailUrl\":\"https:\/\/vosgesinfo.fr\/app\/uploads\/sites\/4\/2024\/08\/202203raon-letape-louis-bodin-librairie-1.jpg\",\"keywords\":[\"L'Etape Litt\u00e9raire\",\"Librairie\",\"Louis Bodin\",\"Raon-l\u2019Etape\",\"S\u00e9ance de d\u00e9dicaces\"],\"articleSection\":[\"Br\u00e8ves\",\"Culture\",\"Litt\u00e9rature\",\"Saint-Di\u00e9-des-Vosges et son Agglom\u00e9ration\"],\"inLanguage\":\"fr-FR\",\"potentialAction\":[{\"@type\":\"CommentAction\",\"name\":\"Comment\",\"target\":[\"https:\/\/vosgesinfo.fr\/saintdieinfo\/2022\/03\/raon-letape-louis-bodin-dedicaces-a-librairie-letape-litteraire-2\/#respond\"]}]},{\"@type\":\"WebPage\",\"@id\":\"https:\/\/vosgesinfo.fr\/saintdieinfo\/2022\/03\/raon-letape-louis-bodin-dedicaces-a-librairie-letape-litteraire-2\/\",\"url\":\"https:\/\/vosgesinfo.fr\/saintdieinfo\/2022\/03\/raon-letape-louis-bodin-dedicaces-a-librairie-letape-litteraire-2\/\",\"name\":\"Raon-l'Etape \u2013 Louis Bodin en d\u00e9dicaces \u00e0 la librairie \u00ab\u00a0L'Etape Litt\u00e9raire\u00a0\u00bb - Saint Die Info\",\"isPartOf\":{\"@id\":\"https:\/\/vosgesinfo.fr\/saintdieinfo\/#website\"},\"primaryImageOfPage\":{\"@id\":\"https:\/\/vosgesinfo.fr\/saintdieinfo\/2022\/03\/raon-letape-louis-bodin-dedicaces-a-librairie-letape-litteraire-2\/#primaryimage\"},\"image\":{\"@id\":\"https:\/\/vosgesinfo.fr\/saintdieinfo\/2022\/03\/raon-letape-louis-bodin-dedicaces-a-librairie-letape-litteraire-2\/#primaryimage\"},\"thumbnailUrl\":\"https:\/\/vosgesinfo.fr\/app\/uploads\/sites\/4\/2024\/08\/202203raon-letape-louis-bodin-librairie-1.jpg\",\"datePublished\":\"2022-03-22T05:45:23+00:00\",\"dateModified\":\"2022-03-22T05:45:23+00:00\",\"breadcrumb\":{\"@id\":\"https:\/\/vosgesinfo.fr\/saintdieinfo\/2022\/03\/raon-letape-louis-bodin-dedicaces-a-librairie-letape-litteraire-2\/#breadcrumb\"},\"inLanguage\":\"fr-FR\",\"potentialAction\":[{\"@type\":\"ReadAction\",\"target\":[\"https:\/\/vosgesinfo.fr\/saintdieinfo\/2022\/03\/raon-letape-louis-bodin-dedicaces-a-librairie-letape-litteraire-2\/\"]}]},{\"@type\":\"ImageObject\",\"inLanguage\":\"fr-FR\",\"@id\":\"https:\/\/vosgesinfo.fr\/saintdieinfo\/2022\/03\/raon-letape-louis-bodin-dedicaces-a-librairie-letape-litteraire-2\/#primaryimage\",\"url\":\"https:\/\/vosgesinfo.fr\/app\/uploads\/sites\/4\/2024\/08\/202203raon-letape-louis-bodin-librairie-1.jpg\",\"contentUrl\":\"https:\/\/vosgesinfo.fr\/app\/uploads\/sites\/4\/2024\/08\/202203raon-letape-louis-bodin-librairie-1.jpg\",\"width\":940,\"height\":788},{\"@type\":\"BreadcrumbList\",\"@id\":\"https:\/\/vosgesinfo.fr\/saintdieinfo\/2022\/03\/raon-letape-louis-bodin-dedicaces-a-librairie-letape-litteraire-2\/#breadcrumb\",\"itemListElement\":[{\"@type\":\"ListItem\",\"position\":1,\"name\":\"Home\",\"item\":\"https:\/\/vosgesinfo.fr\/saintdieinfo\/\"},{\"@type\":\"ListItem\",\"position\":2,\"name\":\"Raon-l&rsquo;Etape \u2013 Louis Bodin en d\u00e9dicaces \u00e0 la librairie \u00ab\u00a0L&rsquo;Etape Litt\u00e9raire\u00a0\u00bb\"}]},{\"@type\":\"WebSite\",\"@id\":\"https:\/\/vosgesinfo.fr\/saintdieinfo\/#website\",\"url\":\"https:\/\/vosgesinfo.fr\/saintdieinfo\/\",\"name\":\"Saint Die Info\",\"description\":\"Toute l&#039;actualit\u00e9 de Saint-Di\u00e9-Des-Vosges\",\"publisher\":{\"@id\":\"https:\/\/vosgesinfo.fr\/saintdieinfo\/#organization\"},\"alternateName\":\"Toute l'actualit\u00e9 de Saint-Di\u00e9-Des-Vosges\",\"potentialAction\":[{\"@type\":\"SearchAction\",\"target\":{\"@type\":\"EntryPoint\",\"urlTemplate\":\"https:\/\/vosgesinfo.fr\/saintdieinfo\/?s={search_term_string}\"},\"query-input\":\"required name=search_term_string\"}],\"inLanguage\":\"fr-FR\"},{\"@type\":\"Organization\",\"@id\":\"https:\/\/vosgesinfo.fr\/saintdieinfo\/#organization\",\"name\":\"Saint Die Info\",\"url\":\"https:\/\/vosgesinfo.fr\/saintdieinfo\/\",\"logo\":{\"@type\":\"ImageObject\",\"inLanguage\":\"fr-FR\",\"@id\":\"https:\/\/vosgesinfo.fr\/saintdieinfo\/#\/schema\/logo\/image\/\",\"url\":\"https:\/\/vosgesinfo.fr\/app\/uploads\/sites\/4\/2024\/02\/logo-sdi.jpg\",\"contentUrl\":\"https:\/\/vosgesinfo.fr\/app\/uploads\/sites\/4\/2024\/02\/logo-sdi.jpg\",\"width\":600,\"height\":600,\"caption\":\"Saint Die Info\"},\"image\":{\"@id\":\"https:\/\/vosgesinfo.fr\/saintdieinfo\/#\/schema\/logo\/image\/\"},\"sameAs\":[\"https:\/\/www.facebook.com\/Saintdieinfofr\",\"https:\/\/x.com\/VosgesInfo88\",\"https:\/\/www.youtube.com\/@vosgesinfo\"]},{\"@type\":\"Person\",\"@id\":\"https:\/\/vosgesinfo.fr\/saintdieinfo\/#\/schema\/person\/faee6704a21f3977511db84bd1cd450f\",\"name\":\"la r\u00e9daction\",\"image\":{\"@type\":\"ImageObject\",\"inLanguage\":\"fr-FR\",\"@id\":\"https:\/\/vosgesinfo.fr\/saintdieinfo\/#\/schema\/person\/image\/\",\"url\":\"https:\/\/secure.gravatar.com\/avatar\/6673d8bc6a9c17fa9a453eaa3448de834fa308c2ec9635b7aa99441a7c8d2cf6?s=96&d=mm&r=g\",\"contentUrl\":\"https:\/\/secure.gravatar.com\/avatar\/6673d8bc6a9c17fa9a453eaa3448de834fa308c2ec9635b7aa99441a7c8d2cf6?s=96&d=mm&r=g\",\"caption\":\"la r\u00e9daction\"},\"url\":\"https:\/\/vosgesinfo.fr\/saintdieinfo\/author\/redac\/\"}]}<\/script>\n<!-- \/ Yoast SEO plugin. -->","yoast_head_json":{"title":"Raon-l'Etape \u2013 Louis Bodin en d\u00e9dicaces \u00e0 la librairie \u00ab\u00a0L'Etape Litt\u00e9raire\u00a0\u00bb - Saint Die Info","robots":{"index":"index","follow":"follow","max-snippet":"max-snippet:-1","max-image-preview":"max-image-preview:large","max-video-preview":"max-video-preview:-1"},"canonical":"https:\/\/vosgesinfo.fr\/saintdieinfo\/2022\/03\/raon-letape-louis-bodin-dedicaces-a-librairie-letape-litteraire-2\/","twitter_card":"summary_large_image","twitter_title":"Raon-l'Etape \u2013 Louis Bodin en d\u00e9dicaces \u00e0 la librairie \u00ab\u00a0L'Etape Litt\u00e9raire\u00a0\u00bb - Saint Die Info","twitter_description":"Ce mardi 22 mars, une nouvelle librairie ouvre \u00e0 Raon-l&rsquo;Etape, rue Jules-Ferry, \u00ab\u00a0L&rsquo;Etape Litt\u00e9raire\u00a0\u00bb. A peine quelques jours apr\u00e8s son [&hellip;]","twitter_image":"https:\/\/vosgesinfo.fr\/app\/uploads\/sites\/4\/2024\/08\/202203raon-letape-louis-bodin-librairie-1.jpg","twitter_creator":"@VosgesInfo88","twitter_site":"@VosgesInfo88","twitter_misc":{"\u00c9crit par":"la r\u00e9daction"},"schema":{"@context":"https:\/\/schema.org","@graph":[{"@type":"Article","@id":"https:\/\/vosgesinfo.fr\/saintdieinfo\/2022\/03\/raon-letape-louis-bodin-dedicaces-a-librairie-letape-litteraire-2\/#article","isPartOf":{"@id":"https:\/\/vosgesinfo.fr\/saintdieinfo\/2022\/03\/raon-letape-louis-bodin-dedicaces-a-librairie-letape-litteraire-2\/"},"author":{"name":"la r\u00e9daction","@id":"https:\/\/vosgesinfo.fr\/saintdieinfo\/#\/schema\/person\/faee6704a21f3977511db84bd1cd450f"},"headline":"Raon-l&rsquo;Etape \u2013 Louis Bodin en d\u00e9dicaces \u00e0 la librairie \u00ab\u00a0L&rsquo;Etape Litt\u00e9raire\u00a0\u00bb","datePublished":"2022-03-22T05:45:23+00:00","dateModified":"2022-03-22T05:45:23+00:00","mainEntityOfPage":{"@id":"https:\/\/vosgesinfo.fr\/saintdieinfo\/2022\/03\/raon-letape-louis-bodin-dedicaces-a-librairie-letape-litteraire-2\/"},"wordCount":84,"commentCount":0,"publisher":{"@id":"https:\/\/vosgesinfo.fr\/saintdieinfo\/#organization"},"image":{"@id":"https:\/\/vosgesinfo.fr\/saintdieinfo\/2022\/03\/raon-letape-louis-bodin-dedicaces-a-librairie-letape-litteraire-2\/#primaryimage"},"thumbnailUrl":"https:\/\/vosgesinfo.fr\/app\/uploads\/sites\/4\/2024\/08\/202203raon-letape-louis-bodin-librairie-1.jpg","keywords":["L'Etape Litt\u00e9raire","Librairie","Louis Bodin","Raon-l\u2019Etape","S\u00e9ance de d\u00e9dicaces"],"articleSection":["Br\u00e8ves","Culture","Litt\u00e9rature","Saint-Di\u00e9-des-Vosges et son Agglom\u00e9ration"],"inLanguage":"fr-FR","potentialAction":[{"@type":"CommentAction","name":"Comment","target":["https:\/\/vosgesinfo.fr\/saintdieinfo\/2022\/03\/raon-letape-louis-bodin-dedicaces-a-librairie-letape-litteraire-2\/#respond"]}]},{"@type":"WebPage","@id":"https:\/\/vosgesinfo.fr\/saintdieinfo\/2022\/03\/raon-letape-louis-bodin-dedicaces-a-librairie-letape-litteraire-2\/","url":"https:\/\/vosgesinfo.fr\/saintdieinfo\/2022\/03\/raon-letape-louis-bodin-dedicaces-a-librairie-letape-litteraire-2\/","name":"Raon-l'Etape \u2013 Louis Bodin en d\u00e9dicaces \u00e0 la librairie \u00ab\u00a0L'Etape Litt\u00e9raire\u00a0\u00bb - Saint Die Info","isPartOf":{"@id":"https:\/\/vosgesinfo.fr\/saintdieinfo\/#website"},"primaryImageOfPage":{"@id":"https:\/\/vosgesinfo.fr\/saintdieinfo\/2022\/03\/raon-letape-louis-bodin-dedicaces-a-librairie-letape-litteraire-2\/#primaryimage"},"image":{"@id":"https:\/\/vosgesinfo.fr\/saintdieinfo\/2022\/03\/raon-letape-louis-bodin-dedicaces-a-librairie-letape-litteraire-2\/#primaryimage"},"thumbnailUrl":"https:\/\/vosgesinfo.fr\/app\/uploads\/sites\/4\/2024\/08\/202203raon-letape-louis-bodin-librairie-1.jpg","datePublished":"2022-03-22T05:45:23+00:00","dateModified":"2022-03-22T05:45:23+00:00","breadcrumb":{"@id":"https:\/\/vosgesinfo.fr\/saintdieinfo\/2022\/03\/raon-letape-louis-bodin-dedicaces-a-librairie-letape-litteraire-2\/#breadcrumb"},"inLanguage":"fr-FR","potentialAction":[{"@type":"ReadAction","target":["https:\/\/vosgesinfo.fr\/saintdieinfo\/2022\/03\/raon-letape-louis-bodin-dedicaces-a-librairie-letape-litteraire-2\/"]}]},{"@type":"ImageObject","inLanguage":"fr-FR","@id":"https:\/\/vosgesinfo.fr\/saintdieinfo\/2022\/03\/raon-letape-louis-bodin-dedicaces-a-librairie-letape-litteraire-2\/#primaryimage","url":"https:\/\/vosgesinfo.fr\/app\/uploads\/sites\/4\/2024\/08\/202203raon-letape-louis-bodin-librairie-1.jpg","contentUrl":"https:\/\/vosgesinfo.fr\/app\/uploads\/sites\/4\/2024\/08\/202203raon-letape-louis-bodin-librairie-1.jpg","width":940,"height":788},{"@type":"BreadcrumbList","@id":"https:\/\/vosgesinfo.fr\/saintdieinfo\/2022\/03\/raon-letape-louis-bodin-dedicaces-a-librairie-letape-litteraire-2\/#breadcrumb","itemListElement":[{"@type":"ListItem","position":1,"name":"Home","item":"https:\/\/vosgesinfo.fr\/saintdieinfo\/"},{"@type":"ListItem","position":2,"name":"Raon-l&rsquo;Etape \u2013 Louis Bodin en d\u00e9dicaces \u00e0 la librairie \u00ab\u00a0L&rsquo;Etape Litt\u00e9raire\u00a0\u00bb"}]},{"@type":"WebSite","@id":"https:\/\/vosgesinfo.fr\/saintdieinfo\/#website","url":"https:\/\/vosgesinfo.fr\/saintdieinfo\/","name":"Saint Die Info","description":"Toute l&#039;actualit\u00e9 de Saint-Di\u00e9-Des-Vosges","publisher":{"@id":"https:\/\/vosgesinfo.fr\/saintdieinfo\/#organization"},"alternateName":"Toute l'actualit\u00e9 de Saint-Di\u00e9-Des-Vosges","potentialAction":[{"@type":"SearchAction","target":{"@type":"EntryPoint","urlTemplate":"https:\/\/vosgesinfo.fr\/saintdieinfo\/?s={search_term_string}"},"query-input":"required name=search_term_string"}],"inLanguage":"fr-FR"},{"@type":"Organization","@id":"https:\/\/vosgesinfo.fr\/saintdieinfo\/#organization","name":"Saint Die Info","url":"https:\/\/vosgesinfo.fr\/saintdieinfo\/","logo":{"@type":"ImageObject","inLanguage":"fr-FR","@id":"https:\/\/vosgesinfo.fr\/saintdieinfo\/#\/schema\/logo\/image\/","url":"https:\/\/vosgesinfo.fr\/app\/uploads\/sites\/4\/2024\/02\/logo-sdi.jpg","contentUrl":"https:\/\/vosgesinfo.fr\/app\/uploads\/sites\/4\/2024\/02\/logo-sdi.jpg","width":600,"height":600,"caption":"Saint Die Info"},"image":{"@id":"https:\/\/vosgesinfo.fr\/saintdieinfo\/#\/schema\/logo\/image\/"},"sameAs":["https:\/\/www.facebook.com\/Saintdieinfofr","https:\/\/x.com\/VosgesInfo88","https:\/\/www.youtube.com\/@vosgesinfo"]},{"@type":"Person","@id":"https:\/\/vosgesinfo.fr\/saintdieinfo\/#\/schema\/person\/faee6704a21f3977511db84bd1cd450f","name":"la r\u00e9daction","image":{"@type":"ImageObject","inLanguage":"fr-FR","@id":"https:\/\/vosgesinfo.fr\/saintdieinfo\/#\/schema\/person\/image\/","url":"https:\/\/secure.gravatar.com\/avatar\/6673d8bc6a9c17fa9a453eaa3448de834fa308c2ec9635b7aa99441a7c8d2cf6?s=96&d=mm&r=g","contentUrl":"https:\/\/secure.gravatar.com\/avatar\/6673d8bc6a9c17fa9a453eaa3448de834fa308c2ec9635b7aa99441a7c8d2cf6?s=96&d=mm&r=g","caption":"la r\u00e9daction"},"url":"https:\/\/vosgesinfo.fr\/saintdieinfo\/author\/redac\/"}]}},"_links":{"self":[{"href":"https:\/\/vosgesinfo.fr\/saintdieinfo\/wp-json\/wp\/v2\/posts\/51271","targetHints":{"allow":["GET"]}}],"collection":[{"href":"https:\/\/vosgesinfo.fr\/saintdieinfo\/wp-json\/wp\/v2\/posts"}],"about":[{"href":"https:\/\/vosgesinfo.fr\/saintdieinfo\/wp-json\/wp\/v2\/types\/post"}],"author":[{"embeddable":true,"href":"https:\/\/vosgesinfo.fr\/saintdieinfo\/wp-json\/wp\/v2\/users\/44"}],"replies":[{"embeddable":true,"href":"https:\/\/vosgesinfo.fr\/saintdieinfo\/wp-json\/wp\/v2\/comments?post=51271"}],"version-history":[{"count":0,"href":"https:\/\/vosgesinfo.fr\/saintdieinfo\/wp-json\/wp\/v2\/posts\/51271\/revisions"}],"wp:featuredmedia":[{"embeddable":true,"href":"https:\/\/vosgesinfo.fr\/saintdieinfo\/wp-json\/wp\/v2\/media\/51272"}],"wp:attachment":[{"href":"https:\/\/vosgesinfo.fr\/saintdieinfo\/wp-json\/wp\/v2\/media?parent=51271"}],"wp:term":[{"taxonomy":"category","embeddable":true,"href":"https:\/\/vosgesinfo.fr\/saintdieinfo\/wp-json\/wp\/v2\/categories?post=51271"},{"taxonomy":"post_tag","embeddable":true,"href":"https:\/\/vosgesinfo.fr\/saintdieinfo\/wp-json\/wp\/v2\/tags?post=51271"}],"curies":[{"name":"wp","href":"https:\/\/api.w.org\/{rel}","templated":true}]}}