{"id":51278,"date":"2022-03-22T09:28:24","date_gmt":"2022-03-22T08:28:24","guid":{"rendered":"https:\/\/vosgesinfo.fr\/saintdieinfo\/2022\/03\/grande-vente-de-livres-damnesty-bientot-de-retour-a-lespace-francois-mitterrand-2\/"},"modified":"2022-03-22T09:28:24","modified_gmt":"2022-03-22T08:28:24","slug":"grande-vente-de-livres-damnesty-bientot-de-retour-a-lespace-francois-mitterrand-2","status":"publish","type":"post","link":"https:\/\/vosgesinfo.fr\/saintdieinfo\/2022\/03\/grande-vente-de-livres-damnesty-bientot-de-retour-a-lespace-francois-mitterrand-2\/","title":{"rendered":"La grande vente de livres d&rsquo;Amnesty est bient\u00f4t de retour \u00e0 l&rsquo;Espace Fran\u00e7ois-Mitterrand"},"content":{"rendered":"<div id=\"attachment_138760\" style=\"width: 970px\" class=\"wp-caption aligncenter\"><a href=\"\/2019\/05\/Vente_Livres_Amnesty_EFM-2.jpg\" target=\"_blank\" rel=\"noopener\"><img decoding=\"async\" aria-describedby=\"caption-attachment-138760\" class=\"wp-image-138760 size-large\" src=\"\/2019\/05\/Vente_Livres_Amnesty_EFM-2-1024x683.jpg\" alt=\"Vente_Livres_Amnesty_EFM (2)\" width=\"960\" height=\"640\" \/><\/a><p id=\"caption-attachment-138760\" class=\"wp-caption-text\">(Archive)<\/p><\/div>\n<h2><strong><span style=\"font-size: 14pt;\">La grande vente de livres annuelle organis\u00e9e par le groupe Amnesty International de Saint-Di\u00e9-des-Vosges est bient\u00f4t de retour \u00e0 l&rsquo;Espace Fran\u00e7ois-Mitterrand. Plus pr\u00e9cis\u00e9ment le week-end des 2 et 3 avril prochains.<\/span><\/strong><\/h2>\n<p><!--more--><\/p>\n<p>De 9h \u00e0 18h samedi, puis de 9h \u00e0 17h dimanche, ce sont des milliers d&rsquo;ouvrages, provenant de dons, qui seront propos\u00e9s \u00e0 des prix modiques aux visiteurs\u00a0: romans, biographies, bande-dessin\u00e9es, livres pratiques ou d&rsquo;Histoire&#8230; il y en aura pour tous go\u00fbts litt\u00e9raires, ou presque. L&rsquo;argent r\u00e9colt\u00e9 au cours de la vente permettra, comme pour les pr\u00e9c\u00e9dentes \u00e9ditions, de financer les diff\u00e9rentes actions men\u00e9es par Amnesty International et des associations amies.<\/p>\n<p>Sur place, seront \u00e9galement pr\u00e9sentes les associations Asil&rsquo;Accueil 88, partenaire de l&rsquo;antenne locale d&rsquo;Amnesty, ainsi que \u00ab\u00a0Les enfants de Tchernobyl\u00a0\u00bb. Cette association, qui soutient les enfants ukrainiens, proposera \u00e0 la vente des <em>pysankys<\/em>, des \u0153ufs peints traditionnels en Ukraine.<\/p>\n<p>En amont de la vente, Amnesty International Saint-Di\u00e9-des-Vosges lance un appel \u00e0 b\u00e9n\u00e9voles pour aider \u00e0 la manipulation des nombreuses caisses de livres qui seront achemin\u00e9s \u00e0 l&rsquo;Espace Fran\u00e7ois-Mitterrand. Plus de renseignements aupr\u00e8s de la secr\u00e9taire et pr\u00e9sidente du groupe Amnesty d\u00e9odatien, par t\u00e9l\u00e9phone au <strong>07-49-08-10-18.<\/strong><\/p>\n<p>J.J.<\/p>\n<p><a href=\"\/2022\/03\/Granve_Vente_Livres_Amnesty_2022.jpg\" target=\"_blank\" rel=\"noopener\"><img decoding=\"async\" class=\"aligncenter wp-image-180572 size-large\" src=\"\/2022\/03\/Granve_Vente_Livres_Amnesty_2022-724x1024.jpg\" alt=\"Granve_Vente_Livres_Amnesty_2022\" width=\"724\" height=\"1024\" \/><\/a><\/p>\n","protected":false},"excerpt":{"rendered":"<p>La grande vente de livres annuelle organis\u00e9e par le groupe Amnesty International de Saint-Di\u00e9-des-Vosges est bient\u00f4t de retour \u00e0 l&rsquo;Espace [&hellip;]<\/p>\n","protected":false},"author":44,"featured_media":51279,"comment_status":"open","ping_status":"open","sticky":false,"template":"","format":"standard","meta":{"footnotes":""},"categories":[460,2915,17],"tags":[3965,3089,9080,3964],"class_list":["post-51278","post","type-post","status-publish","format-standard","has-post-thumbnail","hentry","category-a-la-une","category-saint-die-son-canton","category-vie-associative","tag-amnesty-international","tag-espace-francois-mitterrand","tag-grande-vente-de-livres","tag-groupe-179-damnesty-international-de-saint-die-des-vosges"],"acf":[],"yoast_head":"<!-- This site is optimized with the Yoast SEO plugin v22.5 - https:\/\/yoast.com\/wordpress\/plugins\/seo\/ -->\n<title>La grande vente de livres d&#039;Amnesty est bient\u00f4t de retour \u00e0 l&#039;Espace Fran\u00e7ois-Mitterrand - Saint Die Info<\/title>\n<meta name=\"robots\" content=\"index, follow, max-snippet:-1, max-image-preview:large, max-video-preview:-1\" \/>\n<link rel=\"canonical\" href=\"https:\/\/vosgesinfo.fr\/saintdieinfo\/2022\/03\/grande-vente-de-livres-damnesty-bientot-de-retour-a-lespace-francois-mitterrand-2\/\" \/>\n<meta name=\"twitter:card\" content=\"summary_large_image\" \/>\n<meta name=\"twitter:title\" content=\"La grande vente de livres d&#039;Amnesty est bient\u00f4t de retour \u00e0 l&#039;Espace Fran\u00e7ois-Mitterrand - Saint Die Info\" \/>\n<meta name=\"twitter:description\" content=\"La grande vente de livres annuelle organis\u00e9e par le groupe Amnesty International de Saint-Di\u00e9-des-Vosges est bient\u00f4t de retour \u00e0 l&rsquo;Espace [&hellip;]\" \/>\n<meta name=\"twitter:image\" content=\"https:\/\/vosgesinfo.fr\/app\/uploads\/sites\/4\/2024\/08\/201905vente-livres-amnesty-efm-2-1.jpg\" \/>\n<meta name=\"twitter:creator\" content=\"@VosgesInfo88\" \/>\n<meta name=\"twitter:site\" content=\"@VosgesInfo88\" \/>\n<meta name=\"twitter:label1\" content=\"\u00c9crit par\" \/>\n\t<meta name=\"twitter:data1\" content=\"la r\u00e9daction\" \/>\n\t<meta name=\"twitter:label2\" content=\"Dur\u00e9e de lecture estim\u00e9e\" \/>\n\t<meta name=\"twitter:data2\" content=\"1 minute\" \/>\n<script type=\"application\/ld+json\" class=\"yoast-schema-graph\">{\"@context\":\"https:\/\/schema.org\",\"@graph\":[{\"@type\":\"Article\",\"@id\":\"https:\/\/vosgesinfo.fr\/saintdieinfo\/2022\/03\/grande-vente-de-livres-damnesty-bientot-de-retour-a-lespace-francois-mitterrand-2\/#article\",\"isPartOf\":{\"@id\":\"https:\/\/vosgesinfo.fr\/saintdieinfo\/2022\/03\/grande-vente-de-livres-damnesty-bientot-de-retour-a-lespace-francois-mitterrand-2\/\"},\"author\":{\"name\":\"la r\u00e9daction\",\"@id\":\"https:\/\/vosgesinfo.fr\/saintdieinfo\/#\/schema\/person\/faee6704a21f3977511db84bd1cd450f\"},\"headline\":\"La grande vente de livres d&rsquo;Amnesty est bient\u00f4t de retour \u00e0 l&rsquo;Espace Fran\u00e7ois-Mitterrand\",\"datePublished\":\"2022-03-22T08:28:24+00:00\",\"dateModified\":\"2022-03-22T08:28:24+00:00\",\"mainEntityOfPage\":{\"@id\":\"https:\/\/vosgesinfo.fr\/saintdieinfo\/2022\/03\/grande-vente-de-livres-damnesty-bientot-de-retour-a-lespace-francois-mitterrand-2\/\"},\"wordCount\":240,\"commentCount\":0,\"publisher\":{\"@id\":\"https:\/\/vosgesinfo.fr\/saintdieinfo\/#organization\"},\"image\":{\"@id\":\"https:\/\/vosgesinfo.fr\/saintdieinfo\/2022\/03\/grande-vente-de-livres-damnesty-bientot-de-retour-a-lespace-francois-mitterrand-2\/#primaryimage\"},\"thumbnailUrl\":\"https:\/\/vosgesinfo.fr\/app\/uploads\/sites\/4\/2024\/08\/201905vente-livres-amnesty-efm-2-1.jpg\",\"keywords\":[\"Amnesty International\",\"Espace Fran\u00e7ois-Mitterrand\",\"Grande vente de livres\",\"Groupe 179 d'Amnesty International de Saint-Di\u00e9-des-Vosges\"],\"articleSection\":[\"A la Une\",\"Saint-Di\u00e9-des-Vosges et son Agglom\u00e9ration\",\"Vie Associative\"],\"inLanguage\":\"fr-FR\",\"potentialAction\":[{\"@type\":\"CommentAction\",\"name\":\"Comment\",\"target\":[\"https:\/\/vosgesinfo.fr\/saintdieinfo\/2022\/03\/grande-vente-de-livres-damnesty-bientot-de-retour-a-lespace-francois-mitterrand-2\/#respond\"]}]},{\"@type\":\"WebPage\",\"@id\":\"https:\/\/vosgesinfo.fr\/saintdieinfo\/2022\/03\/grande-vente-de-livres-damnesty-bientot-de-retour-a-lespace-francois-mitterrand-2\/\",\"url\":\"https:\/\/vosgesinfo.fr\/saintdieinfo\/2022\/03\/grande-vente-de-livres-damnesty-bientot-de-retour-a-lespace-francois-mitterrand-2\/\",\"name\":\"La grande vente de livres d'Amnesty est bient\u00f4t de retour \u00e0 l'Espace Fran\u00e7ois-Mitterrand - Saint Die Info\",\"isPartOf\":{\"@id\":\"https:\/\/vosgesinfo.fr\/saintdieinfo\/#website\"},\"primaryImageOfPage\":{\"@id\":\"https:\/\/vosgesinfo.fr\/saintdieinfo\/2022\/03\/grande-vente-de-livres-damnesty-bientot-de-retour-a-lespace-francois-mitterrand-2\/#primaryimage\"},\"image\":{\"@id\":\"https:\/\/vosgesinfo.fr\/saintdieinfo\/2022\/03\/grande-vente-de-livres-damnesty-bientot-de-retour-a-lespace-francois-mitterrand-2\/#primaryimage\"},\"thumbnailUrl\":\"https:\/\/vosgesinfo.fr\/app\/uploads\/sites\/4\/2024\/08\/201905vente-livres-amnesty-efm-2-1.jpg\",\"datePublished\":\"2022-03-22T08:28:24+00:00\",\"dateModified\":\"2022-03-22T08:28:24+00:00\",\"breadcrumb\":{\"@id\":\"https:\/\/vosgesinfo.fr\/saintdieinfo\/2022\/03\/grande-vente-de-livres-damnesty-bientot-de-retour-a-lespace-francois-mitterrand-2\/#breadcrumb\"},\"inLanguage\":\"fr-FR\",\"potentialAction\":[{\"@type\":\"ReadAction\",\"target\":[\"https:\/\/vosgesinfo.fr\/saintdieinfo\/2022\/03\/grande-vente-de-livres-damnesty-bientot-de-retour-a-lespace-francois-mitterrand-2\/\"]}]},{\"@type\":\"ImageObject\",\"inLanguage\":\"fr-FR\",\"@id\":\"https:\/\/vosgesinfo.fr\/saintdieinfo\/2022\/03\/grande-vente-de-livres-damnesty-bientot-de-retour-a-lespace-francois-mitterrand-2\/#primaryimage\",\"url\":\"https:\/\/vosgesinfo.fr\/app\/uploads\/sites\/4\/2024\/08\/201905vente-livres-amnesty-efm-2-1.jpg\",\"contentUrl\":\"https:\/\/vosgesinfo.fr\/app\/uploads\/sites\/4\/2024\/08\/201905vente-livres-amnesty-efm-2-1.jpg\",\"width\":1024,\"height\":683},{\"@type\":\"BreadcrumbList\",\"@id\":\"https:\/\/vosgesinfo.fr\/saintdieinfo\/2022\/03\/grande-vente-de-livres-damnesty-bientot-de-retour-a-lespace-francois-mitterrand-2\/#breadcrumb\",\"itemListElement\":[{\"@type\":\"ListItem\",\"position\":1,\"name\":\"Home\",\"item\":\"https:\/\/vosgesinfo.fr\/saintdieinfo\/\"},{\"@type\":\"ListItem\",\"position\":2,\"name\":\"La grande vente de livres d&rsquo;Amnesty est bient\u00f4t de retour \u00e0 l&rsquo;Espace Fran\u00e7ois-Mitterrand\"}]},{\"@type\":\"WebSite\",\"@id\":\"https:\/\/vosgesinfo.fr\/saintdieinfo\/#website\",\"url\":\"https:\/\/vosgesinfo.fr\/saintdieinfo\/\",\"name\":\"Saint Die Info\",\"description\":\"Toute l&#039;actualit\u00e9 de Saint-Di\u00e9-Des-Vosges\",\"publisher\":{\"@id\":\"https:\/\/vosgesinfo.fr\/saintdieinfo\/#organization\"},\"alternateName\":\"Toute l'actualit\u00e9 de Saint-Di\u00e9-Des-Vosges\",\"potentialAction\":[{\"@type\":\"SearchAction\",\"target\":{\"@type\":\"EntryPoint\",\"urlTemplate\":\"https:\/\/vosgesinfo.fr\/saintdieinfo\/?s={search_term_string}\"},\"query-input\":\"required name=search_term_string\"}],\"inLanguage\":\"fr-FR\"},{\"@type\":\"Organization\",\"@id\":\"https:\/\/vosgesinfo.fr\/saintdieinfo\/#organization\",\"name\":\"Saint Die Info\",\"url\":\"https:\/\/vosgesinfo.fr\/saintdieinfo\/\",\"logo\":{\"@type\":\"ImageObject\",\"inLanguage\":\"fr-FR\",\"@id\":\"https:\/\/vosgesinfo.fr\/saintdieinfo\/#\/schema\/logo\/image\/\",\"url\":\"https:\/\/vosgesinfo.fr\/app\/uploads\/sites\/4\/2024\/02\/logo-sdi.jpg\",\"contentUrl\":\"https:\/\/vosgesinfo.fr\/app\/uploads\/sites\/4\/2024\/02\/logo-sdi.jpg\",\"width\":600,\"height\":600,\"caption\":\"Saint Die Info\"},\"image\":{\"@id\":\"https:\/\/vosgesinfo.fr\/saintdieinfo\/#\/schema\/logo\/image\/\"},\"sameAs\":[\"https:\/\/www.facebook.com\/Saintdieinfofr\",\"https:\/\/x.com\/VosgesInfo88\",\"https:\/\/www.youtube.com\/@vosgesinfo\"]},{\"@type\":\"Person\",\"@id\":\"https:\/\/vosgesinfo.fr\/saintdieinfo\/#\/schema\/person\/faee6704a21f3977511db84bd1cd450f\",\"name\":\"la r\u00e9daction\",\"image\":{\"@type\":\"ImageObject\",\"inLanguage\":\"fr-FR\",\"@id\":\"https:\/\/vosgesinfo.fr\/saintdieinfo\/#\/schema\/person\/image\/\",\"url\":\"https:\/\/secure.gravatar.com\/avatar\/6673d8bc6a9c17fa9a453eaa3448de834fa308c2ec9635b7aa99441a7c8d2cf6?s=96&d=mm&r=g\",\"contentUrl\":\"https:\/\/secure.gravatar.com\/avatar\/6673d8bc6a9c17fa9a453eaa3448de834fa308c2ec9635b7aa99441a7c8d2cf6?s=96&d=mm&r=g\",\"caption\":\"la r\u00e9daction\"},\"url\":\"https:\/\/vosgesinfo.fr\/saintdieinfo\/author\/redac\/\"}]}<\/script>\n<!-- \/ Yoast SEO plugin. -->","yoast_head_json":{"title":"La grande vente de livres d'Amnesty est bient\u00f4t de retour \u00e0 l'Espace Fran\u00e7ois-Mitterrand - Saint Die Info","robots":{"index":"index","follow":"follow","max-snippet":"max-snippet:-1","max-image-preview":"max-image-preview:large","max-video-preview":"max-video-preview:-1"},"canonical":"https:\/\/vosgesinfo.fr\/saintdieinfo\/2022\/03\/grande-vente-de-livres-damnesty-bientot-de-retour-a-lespace-francois-mitterrand-2\/","twitter_card":"summary_large_image","twitter_title":"La grande vente de livres d'Amnesty est bient\u00f4t de retour \u00e0 l'Espace Fran\u00e7ois-Mitterrand - Saint Die Info","twitter_description":"La grande vente de livres annuelle organis\u00e9e par le groupe Amnesty International de Saint-Di\u00e9-des-Vosges est bient\u00f4t de retour \u00e0 l&rsquo;Espace [&hellip;]","twitter_image":"https:\/\/vosgesinfo.fr\/app\/uploads\/sites\/4\/2024\/08\/201905vente-livres-amnesty-efm-2-1.jpg","twitter_creator":"@VosgesInfo88","twitter_site":"@VosgesInfo88","twitter_misc":{"\u00c9crit par":"la r\u00e9daction","Dur\u00e9e de lecture estim\u00e9e":"1 minute"},"schema":{"@context":"https:\/\/schema.org","@graph":[{"@type":"Article","@id":"https:\/\/vosgesinfo.fr\/saintdieinfo\/2022\/03\/grande-vente-de-livres-damnesty-bientot-de-retour-a-lespace-francois-mitterrand-2\/#article","isPartOf":{"@id":"https:\/\/vosgesinfo.fr\/saintdieinfo\/2022\/03\/grande-vente-de-livres-damnesty-bientot-de-retour-a-lespace-francois-mitterrand-2\/"},"author":{"name":"la r\u00e9daction","@id":"https:\/\/vosgesinfo.fr\/saintdieinfo\/#\/schema\/person\/faee6704a21f3977511db84bd1cd450f"},"headline":"La grande vente de livres d&rsquo;Amnesty est bient\u00f4t de retour \u00e0 l&rsquo;Espace Fran\u00e7ois-Mitterrand","datePublished":"2022-03-22T08:28:24+00:00","dateModified":"2022-03-22T08:28:24+00:00","mainEntityOfPage":{"@id":"https:\/\/vosgesinfo.fr\/saintdieinfo\/2022\/03\/grande-vente-de-livres-damnesty-bientot-de-retour-a-lespace-francois-mitterrand-2\/"},"wordCount":240,"commentCount":0,"publisher":{"@id":"https:\/\/vosgesinfo.fr\/saintdieinfo\/#organization"},"image":{"@id":"https:\/\/vosgesinfo.fr\/saintdieinfo\/2022\/03\/grande-vente-de-livres-damnesty-bientot-de-retour-a-lespace-francois-mitterrand-2\/#primaryimage"},"thumbnailUrl":"https:\/\/vosgesinfo.fr\/app\/uploads\/sites\/4\/2024\/08\/201905vente-livres-amnesty-efm-2-1.jpg","keywords":["Amnesty International","Espace Fran\u00e7ois-Mitterrand","Grande vente de livres","Groupe 179 d'Amnesty International de Saint-Di\u00e9-des-Vosges"],"articleSection":["A la Une","Saint-Di\u00e9-des-Vosges et son Agglom\u00e9ration","Vie Associative"],"inLanguage":"fr-FR","potentialAction":[{"@type":"CommentAction","name":"Comment","target":["https:\/\/vosgesinfo.fr\/saintdieinfo\/2022\/03\/grande-vente-de-livres-damnesty-bientot-de-retour-a-lespace-francois-mitterrand-2\/#respond"]}]},{"@type":"WebPage","@id":"https:\/\/vosgesinfo.fr\/saintdieinfo\/2022\/03\/grande-vente-de-livres-damnesty-bientot-de-retour-a-lespace-francois-mitterrand-2\/","url":"https:\/\/vosgesinfo.fr\/saintdieinfo\/2022\/03\/grande-vente-de-livres-damnesty-bientot-de-retour-a-lespace-francois-mitterrand-2\/","name":"La grande vente de livres d'Amnesty est bient\u00f4t de retour \u00e0 l'Espace Fran\u00e7ois-Mitterrand - Saint Die Info","isPartOf":{"@id":"https:\/\/vosgesinfo.fr\/saintdieinfo\/#website"},"primaryImageOfPage":{"@id":"https:\/\/vosgesinfo.fr\/saintdieinfo\/2022\/03\/grande-vente-de-livres-damnesty-bientot-de-retour-a-lespace-francois-mitterrand-2\/#primaryimage"},"image":{"@id":"https:\/\/vosgesinfo.fr\/saintdieinfo\/2022\/03\/grande-vente-de-livres-damnesty-bientot-de-retour-a-lespace-francois-mitterrand-2\/#primaryimage"},"thumbnailUrl":"https:\/\/vosgesinfo.fr\/app\/uploads\/sites\/4\/2024\/08\/201905vente-livres-amnesty-efm-2-1.jpg","datePublished":"2022-03-22T08:28:24+00:00","dateModified":"2022-03-22T08:28:24+00:00","breadcrumb":{"@id":"https:\/\/vosgesinfo.fr\/saintdieinfo\/2022\/03\/grande-vente-de-livres-damnesty-bientot-de-retour-a-lespace-francois-mitterrand-2\/#breadcrumb"},"inLanguage":"fr-FR","potentialAction":[{"@type":"ReadAction","target":["https:\/\/vosgesinfo.fr\/saintdieinfo\/2022\/03\/grande-vente-de-livres-damnesty-bientot-de-retour-a-lespace-francois-mitterrand-2\/"]}]},{"@type":"ImageObject","inLanguage":"fr-FR","@id":"https:\/\/vosgesinfo.fr\/saintdieinfo\/2022\/03\/grande-vente-de-livres-damnesty-bientot-de-retour-a-lespace-francois-mitterrand-2\/#primaryimage","url":"https:\/\/vosgesinfo.fr\/app\/uploads\/sites\/4\/2024\/08\/201905vente-livres-amnesty-efm-2-1.jpg","contentUrl":"https:\/\/vosgesinfo.fr\/app\/uploads\/sites\/4\/2024\/08\/201905vente-livres-amnesty-efm-2-1.jpg","width":1024,"height":683},{"@type":"BreadcrumbList","@id":"https:\/\/vosgesinfo.fr\/saintdieinfo\/2022\/03\/grande-vente-de-livres-damnesty-bientot-de-retour-a-lespace-francois-mitterrand-2\/#breadcrumb","itemListElement":[{"@type":"ListItem","position":1,"name":"Home","item":"https:\/\/vosgesinfo.fr\/saintdieinfo\/"},{"@type":"ListItem","position":2,"name":"La grande vente de livres d&rsquo;Amnesty est bient\u00f4t de retour \u00e0 l&rsquo;Espace Fran\u00e7ois-Mitterrand"}]},{"@type":"WebSite","@id":"https:\/\/vosgesinfo.fr\/saintdieinfo\/#website","url":"https:\/\/vosgesinfo.fr\/saintdieinfo\/","name":"Saint Die Info","description":"Toute l&#039;actualit\u00e9 de Saint-Di\u00e9-Des-Vosges","publisher":{"@id":"https:\/\/vosgesinfo.fr\/saintdieinfo\/#organization"},"alternateName":"Toute l'actualit\u00e9 de Saint-Di\u00e9-Des-Vosges","potentialAction":[{"@type":"SearchAction","target":{"@type":"EntryPoint","urlTemplate":"https:\/\/vosgesinfo.fr\/saintdieinfo\/?s={search_term_string}"},"query-input":"required name=search_term_string"}],"inLanguage":"fr-FR"},{"@type":"Organization","@id":"https:\/\/vosgesinfo.fr\/saintdieinfo\/#organization","name":"Saint Die Info","url":"https:\/\/vosgesinfo.fr\/saintdieinfo\/","logo":{"@type":"ImageObject","inLanguage":"fr-FR","@id":"https:\/\/vosgesinfo.fr\/saintdieinfo\/#\/schema\/logo\/image\/","url":"https:\/\/vosgesinfo.fr\/app\/uploads\/sites\/4\/2024\/02\/logo-sdi.jpg","contentUrl":"https:\/\/vosgesinfo.fr\/app\/uploads\/sites\/4\/2024\/02\/logo-sdi.jpg","width":600,"height":600,"caption":"Saint Die Info"},"image":{"@id":"https:\/\/vosgesinfo.fr\/saintdieinfo\/#\/schema\/logo\/image\/"},"sameAs":["https:\/\/www.facebook.com\/Saintdieinfofr","https:\/\/x.com\/VosgesInfo88","https:\/\/www.youtube.com\/@vosgesinfo"]},{"@type":"Person","@id":"https:\/\/vosgesinfo.fr\/saintdieinfo\/#\/schema\/person\/faee6704a21f3977511db84bd1cd450f","name":"la r\u00e9daction","image":{"@type":"ImageObject","inLanguage":"fr-FR","@id":"https:\/\/vosgesinfo.fr\/saintdieinfo\/#\/schema\/person\/image\/","url":"https:\/\/secure.gravatar.com\/avatar\/6673d8bc6a9c17fa9a453eaa3448de834fa308c2ec9635b7aa99441a7c8d2cf6?s=96&d=mm&r=g","contentUrl":"https:\/\/secure.gravatar.com\/avatar\/6673d8bc6a9c17fa9a453eaa3448de834fa308c2ec9635b7aa99441a7c8d2cf6?s=96&d=mm&r=g","caption":"la r\u00e9daction"},"url":"https:\/\/vosgesinfo.fr\/saintdieinfo\/author\/redac\/"}]}},"_links":{"self":[{"href":"https:\/\/vosgesinfo.fr\/saintdieinfo\/wp-json\/wp\/v2\/posts\/51278","targetHints":{"allow":["GET"]}}],"collection":[{"href":"https:\/\/vosgesinfo.fr\/saintdieinfo\/wp-json\/wp\/v2\/posts"}],"about":[{"href":"https:\/\/vosgesinfo.fr\/saintdieinfo\/wp-json\/wp\/v2\/types\/post"}],"author":[{"embeddable":true,"href":"https:\/\/vosgesinfo.fr\/saintdieinfo\/wp-json\/wp\/v2\/users\/44"}],"replies":[{"embeddable":true,"href":"https:\/\/vosgesinfo.fr\/saintdieinfo\/wp-json\/wp\/v2\/comments?post=51278"}],"version-history":[{"count":0,"href":"https:\/\/vosgesinfo.fr\/saintdieinfo\/wp-json\/wp\/v2\/posts\/51278\/revisions"}],"wp:featuredmedia":[{"embeddable":true,"href":"https:\/\/vosgesinfo.fr\/saintdieinfo\/wp-json\/wp\/v2\/media\/51279"}],"wp:attachment":[{"href":"https:\/\/vosgesinfo.fr\/saintdieinfo\/wp-json\/wp\/v2\/media?parent=51278"}],"wp:term":[{"taxonomy":"category","embeddable":true,"href":"https:\/\/vosgesinfo.fr\/saintdieinfo\/wp-json\/wp\/v2\/categories?post=51278"},{"taxonomy":"post_tag","embeddable":true,"href":"https:\/\/vosgesinfo.fr\/saintdieinfo\/wp-json\/wp\/v2\/tags?post=51278"}],"curies":[{"name":"wp","href":"https:\/\/api.w.org\/{rel}","templated":true}]}}