{"id":51392,"date":"2022-03-25T10:09:06","date_gmt":"2022-03-25T09:09:06","guid":{"rendered":"https:\/\/vosgesinfo.fr\/saintdieinfo\/2022\/03\/ecoliers-deodatiens-planchent-dictee-tour-de-france-2\/"},"modified":"2022-03-25T10:09:06","modified_gmt":"2022-03-25T09:09:06","slug":"ecoliers-deodatiens-planchent-dictee-tour-de-france-2","status":"publish","type":"post","link":"https:\/\/vosgesinfo.fr\/saintdieinfo\/2022\/03\/ecoliers-deodatiens-planchent-dictee-tour-de-france-2\/","title":{"rendered":"Les \u00e9coliers d\u00e9odatiens planchent sur la Dict\u00e9e du Tour de France"},"content":{"rendered":"<div id=\"attachment_180758\" style=\"width: 970px\" class=\"wp-caption aligncenter\"><a href=\"\/2022\/03\/Dict\u00e9e_Tour_de_France-2.jpg\" target=\"_blank\" rel=\"noopener\"><img decoding=\"async\" aria-describedby=\"caption-attachment-180758\" class=\"wp-image-180758 size-large\" src=\"\/2022\/03\/Dict\u00e9e_Tour_de_France-2-1024x771.jpg\" alt=\"Dict\u00e9e_Tour_de_France (2)\" width=\"960\" height=\"723\" \/><\/a><p id=\"caption-attachment-180758\" class=\"wp-caption-text\">Quelques minutes avant le top d\u00e9part de la dict\u00e9e, ce vendredi matin \u00e0 l&rsquo;\u00e9cole Paul-Elbel.<\/p><\/div>\n<h2><strong><span style=\"font-size: 14pt;\">Les 28 et 29 juillet prochains, Saint-Di\u00e9-des-Vosges accueillera le Tour de France Femmes. Au programme\u00a0: l&rsquo;arriv\u00e9e de la 5e \u00e9tape jeudi en fin de journ\u00e9e, puis le d\u00e9part de la 6e \u00e9tape le lendemain en d\u00e9but d&rsquo;apr\u00e8s-midi.<\/span><\/strong><\/h2>\n<p><!--more--><\/p>\n<p>En marge de cet \u00e9v\u00e9nement, 310 \u00e9l\u00e8ves des classes de CM1 et CM2 de 6 \u00e9coles d\u00e9odatiennes \u2013 publiques comme priv\u00e9es \u2013 planchent ce vendredi sur la Dict\u00e9e du Tour. Cr\u00e9\u00e9e en 2017, cette dict\u00e9e nationale am\u00e8ne les \u00e9coliers de 8 \u00e0 12 ans \u00e0 manier l&rsquo;orthographe sur un texte \u00e9voquant le passage du Tour de France, adapt\u00e9 pour chaque \u00e9tape.<\/p>\n<p>C&rsquo;est via une vid\u00e9o de l&rsquo;ancienne championne de France de cyclisme sur route Marion Rousse, puis par leurs enseignants, que le texte d&rsquo;environ 200 mots a \u00e9t\u00e9 lu aux \u00e9l\u00e8ves. Au fil de la quinzaine de lignes sont \u00e9voqu\u00e9es les \u00e9tapes du prochain Tour de France Femmes, qui fait son retour apr\u00e8s une absence longue de 3 d\u00e9cennies. Et pour d\u00e9partager les \u00e9ventuels \u00e9l\u00e8ves ex-aequo, une question subsidiaire est pos\u00e9e \u00e0 la fin de la dict\u00e9e.<\/p>\n<p>Les 12 laur\u00e9ats de Saint-Di\u00e9-des-Vosges \u2013 6 pour l&rsquo;arriv\u00e9e et 6 pour le d\u00e9part \u2013 se verront offrir une place nominative, d&rsquo;une valeur de 150 euros chacune, pour assister \u00e0 l&rsquo;\u00e9tape d\u00e9odatienne&#8230; et avoir la chance de monter sur le podium. Un souvenir qui restera assur\u00e9ment dans les jeunes m\u00e9moires.<\/p>\n<p>J.J.<\/p>\n\n","protected":false},"excerpt":{"rendered":"<p>Les 28 et 29 juillet prochains, Saint-Di\u00e9-des-Vosges accueillera le Tour de France Femmes. Au programme\u00a0: l&rsquo;arriv\u00e9e de la 5e \u00e9tape [&hellip;]<\/p>\n","protected":false},"author":44,"featured_media":51393,"comment_status":"open","ping_status":"open","sticky":false,"template":"","format":"standard","meta":{"footnotes":""},"categories":[460,6,2915],"tags":[10781,42,9186],"class_list":["post-51392","post","type-post","status-publish","format-standard","has-post-thumbnail","hentry","category-a-la-une","category-education","category-saint-die-son-canton","tag-dictee-du-tour","tag-tour-de-france","tag-tour-de-france-femmes"],"acf":[],"yoast_head":"<!-- This site is optimized with the Yoast SEO plugin v22.5 - https:\/\/yoast.com\/wordpress\/plugins\/seo\/ -->\n<title>Les \u00e9coliers d\u00e9odatiens planchent sur la Dict\u00e9e du Tour de France - Saint Die Info<\/title>\n<meta name=\"robots\" content=\"index, follow, max-snippet:-1, max-image-preview:large, max-video-preview:-1\" \/>\n<link rel=\"canonical\" href=\"https:\/\/vosgesinfo.fr\/saintdieinfo\/2022\/03\/ecoliers-deodatiens-planchent-dictee-tour-de-france-2\/\" \/>\n<meta name=\"twitter:card\" content=\"summary_large_image\" \/>\n<meta name=\"twitter:title\" content=\"Les \u00e9coliers d\u00e9odatiens planchent sur la Dict\u00e9e du Tour de France - Saint Die Info\" \/>\n<meta name=\"twitter:description\" content=\"Les 28 et 29 juillet prochains, Saint-Di\u00e9-des-Vosges accueillera le Tour de France Femmes. Au programme\u00a0: l&rsquo;arriv\u00e9e de la 5e \u00e9tape [&hellip;]\" \/>\n<meta name=\"twitter:image\" content=\"https:\/\/vosgesinfo.fr\/app\/uploads\/sites\/4\/2024\/08\/202203dictee-tour-de-france-2-1.jpg\" \/>\n<meta name=\"twitter:creator\" content=\"@VosgesInfo88\" \/>\n<meta name=\"twitter:site\" content=\"@VosgesInfo88\" \/>\n<meta name=\"twitter:label1\" content=\"\u00c9crit par\" \/>\n\t<meta name=\"twitter:data1\" content=\"la r\u00e9daction\" \/>\n\t<meta name=\"twitter:label2\" content=\"Dur\u00e9e de lecture estim\u00e9e\" \/>\n\t<meta name=\"twitter:data2\" content=\"1 minute\" \/>\n<script type=\"application\/ld+json\" class=\"yoast-schema-graph\">{\"@context\":\"https:\/\/schema.org\",\"@graph\":[{\"@type\":\"Article\",\"@id\":\"https:\/\/vosgesinfo.fr\/saintdieinfo\/2022\/03\/ecoliers-deodatiens-planchent-dictee-tour-de-france-2\/#article\",\"isPartOf\":{\"@id\":\"https:\/\/vosgesinfo.fr\/saintdieinfo\/2022\/03\/ecoliers-deodatiens-planchent-dictee-tour-de-france-2\/\"},\"author\":{\"name\":\"la r\u00e9daction\",\"@id\":\"https:\/\/vosgesinfo.fr\/saintdieinfo\/#\/schema\/person\/faee6704a21f3977511db84bd1cd450f\"},\"headline\":\"Les \u00e9coliers d\u00e9odatiens planchent sur la Dict\u00e9e du Tour de France\",\"datePublished\":\"2022-03-25T09:09:06+00:00\",\"dateModified\":\"2022-03-25T09:09:06+00:00\",\"mainEntityOfPage\":{\"@id\":\"https:\/\/vosgesinfo.fr\/saintdieinfo\/2022\/03\/ecoliers-deodatiens-planchent-dictee-tour-de-france-2\/\"},\"wordCount\":287,\"commentCount\":0,\"publisher\":{\"@id\":\"https:\/\/vosgesinfo.fr\/saintdieinfo\/#organization\"},\"image\":{\"@id\":\"https:\/\/vosgesinfo.fr\/saintdieinfo\/2022\/03\/ecoliers-deodatiens-planchent-dictee-tour-de-france-2\/#primaryimage\"},\"thumbnailUrl\":\"https:\/\/vosgesinfo.fr\/app\/uploads\/sites\/4\/2024\/08\/202203dictee-tour-de-france-2-1.jpg\",\"keywords\":[\"Dict\u00e9e du Tour\",\"Tour de France\",\"Tour de France Femmes\"],\"articleSection\":[\"A la Une\",\"\u00c9ducation\",\"Saint-Di\u00e9-des-Vosges et son Agglom\u00e9ration\"],\"inLanguage\":\"fr-FR\",\"potentialAction\":[{\"@type\":\"CommentAction\",\"name\":\"Comment\",\"target\":[\"https:\/\/vosgesinfo.fr\/saintdieinfo\/2022\/03\/ecoliers-deodatiens-planchent-dictee-tour-de-france-2\/#respond\"]}]},{\"@type\":\"WebPage\",\"@id\":\"https:\/\/vosgesinfo.fr\/saintdieinfo\/2022\/03\/ecoliers-deodatiens-planchent-dictee-tour-de-france-2\/\",\"url\":\"https:\/\/vosgesinfo.fr\/saintdieinfo\/2022\/03\/ecoliers-deodatiens-planchent-dictee-tour-de-france-2\/\",\"name\":\"Les \u00e9coliers d\u00e9odatiens planchent sur la Dict\u00e9e du Tour de France - Saint Die Info\",\"isPartOf\":{\"@id\":\"https:\/\/vosgesinfo.fr\/saintdieinfo\/#website\"},\"primaryImageOfPage\":{\"@id\":\"https:\/\/vosgesinfo.fr\/saintdieinfo\/2022\/03\/ecoliers-deodatiens-planchent-dictee-tour-de-france-2\/#primaryimage\"},\"image\":{\"@id\":\"https:\/\/vosgesinfo.fr\/saintdieinfo\/2022\/03\/ecoliers-deodatiens-planchent-dictee-tour-de-france-2\/#primaryimage\"},\"thumbnailUrl\":\"https:\/\/vosgesinfo.fr\/app\/uploads\/sites\/4\/2024\/08\/202203dictee-tour-de-france-2-1.jpg\",\"datePublished\":\"2022-03-25T09:09:06+00:00\",\"dateModified\":\"2022-03-25T09:09:06+00:00\",\"breadcrumb\":{\"@id\":\"https:\/\/vosgesinfo.fr\/saintdieinfo\/2022\/03\/ecoliers-deodatiens-planchent-dictee-tour-de-france-2\/#breadcrumb\"},\"inLanguage\":\"fr-FR\",\"potentialAction\":[{\"@type\":\"ReadAction\",\"target\":[\"https:\/\/vosgesinfo.fr\/saintdieinfo\/2022\/03\/ecoliers-deodatiens-planchent-dictee-tour-de-france-2\/\"]}]},{\"@type\":\"ImageObject\",\"inLanguage\":\"fr-FR\",\"@id\":\"https:\/\/vosgesinfo.fr\/saintdieinfo\/2022\/03\/ecoliers-deodatiens-planchent-dictee-tour-de-france-2\/#primaryimage\",\"url\":\"https:\/\/vosgesinfo.fr\/app\/uploads\/sites\/4\/2024\/08\/202203dictee-tour-de-france-2-1.jpg\",\"contentUrl\":\"https:\/\/vosgesinfo.fr\/app\/uploads\/sites\/4\/2024\/08\/202203dictee-tour-de-france-2-1.jpg\",\"width\":1600,\"height\":1205},{\"@type\":\"BreadcrumbList\",\"@id\":\"https:\/\/vosgesinfo.fr\/saintdieinfo\/2022\/03\/ecoliers-deodatiens-planchent-dictee-tour-de-france-2\/#breadcrumb\",\"itemListElement\":[{\"@type\":\"ListItem\",\"position\":1,\"name\":\"Home\",\"item\":\"https:\/\/vosgesinfo.fr\/saintdieinfo\/\"},{\"@type\":\"ListItem\",\"position\":2,\"name\":\"Les \u00e9coliers d\u00e9odatiens planchent sur la Dict\u00e9e du Tour de France\"}]},{\"@type\":\"WebSite\",\"@id\":\"https:\/\/vosgesinfo.fr\/saintdieinfo\/#website\",\"url\":\"https:\/\/vosgesinfo.fr\/saintdieinfo\/\",\"name\":\"Saint Die Info\",\"description\":\"Toute l&#039;actualit\u00e9 de Saint-Di\u00e9-Des-Vosges\",\"publisher\":{\"@id\":\"https:\/\/vosgesinfo.fr\/saintdieinfo\/#organization\"},\"alternateName\":\"Toute l'actualit\u00e9 de Saint-Di\u00e9-Des-Vosges\",\"potentialAction\":[{\"@type\":\"SearchAction\",\"target\":{\"@type\":\"EntryPoint\",\"urlTemplate\":\"https:\/\/vosgesinfo.fr\/saintdieinfo\/?s={search_term_string}\"},\"query-input\":\"required name=search_term_string\"}],\"inLanguage\":\"fr-FR\"},{\"@type\":\"Organization\",\"@id\":\"https:\/\/vosgesinfo.fr\/saintdieinfo\/#organization\",\"name\":\"Saint Die Info\",\"url\":\"https:\/\/vosgesinfo.fr\/saintdieinfo\/\",\"logo\":{\"@type\":\"ImageObject\",\"inLanguage\":\"fr-FR\",\"@id\":\"https:\/\/vosgesinfo.fr\/saintdieinfo\/#\/schema\/logo\/image\/\",\"url\":\"https:\/\/vosgesinfo.fr\/app\/uploads\/sites\/4\/2024\/02\/logo-sdi.jpg\",\"contentUrl\":\"https:\/\/vosgesinfo.fr\/app\/uploads\/sites\/4\/2024\/02\/logo-sdi.jpg\",\"width\":600,\"height\":600,\"caption\":\"Saint Die Info\"},\"image\":{\"@id\":\"https:\/\/vosgesinfo.fr\/saintdieinfo\/#\/schema\/logo\/image\/\"},\"sameAs\":[\"https:\/\/www.facebook.com\/Saintdieinfofr\",\"https:\/\/x.com\/VosgesInfo88\",\"https:\/\/www.youtube.com\/@vosgesinfo\"]},{\"@type\":\"Person\",\"@id\":\"https:\/\/vosgesinfo.fr\/saintdieinfo\/#\/schema\/person\/faee6704a21f3977511db84bd1cd450f\",\"name\":\"la r\u00e9daction\",\"image\":{\"@type\":\"ImageObject\",\"inLanguage\":\"fr-FR\",\"@id\":\"https:\/\/vosgesinfo.fr\/saintdieinfo\/#\/schema\/person\/image\/\",\"url\":\"https:\/\/secure.gravatar.com\/avatar\/6673d8bc6a9c17fa9a453eaa3448de834fa308c2ec9635b7aa99441a7c8d2cf6?s=96&d=mm&r=g\",\"contentUrl\":\"https:\/\/secure.gravatar.com\/avatar\/6673d8bc6a9c17fa9a453eaa3448de834fa308c2ec9635b7aa99441a7c8d2cf6?s=96&d=mm&r=g\",\"caption\":\"la r\u00e9daction\"},\"url\":\"https:\/\/vosgesinfo.fr\/saintdieinfo\/author\/redac\/\"}]}<\/script>\n<!-- \/ Yoast SEO plugin. -->","yoast_head_json":{"title":"Les \u00e9coliers d\u00e9odatiens planchent sur la Dict\u00e9e du Tour de France - Saint Die Info","robots":{"index":"index","follow":"follow","max-snippet":"max-snippet:-1","max-image-preview":"max-image-preview:large","max-video-preview":"max-video-preview:-1"},"canonical":"https:\/\/vosgesinfo.fr\/saintdieinfo\/2022\/03\/ecoliers-deodatiens-planchent-dictee-tour-de-france-2\/","twitter_card":"summary_large_image","twitter_title":"Les \u00e9coliers d\u00e9odatiens planchent sur la Dict\u00e9e du Tour de France - Saint Die Info","twitter_description":"Les 28 et 29 juillet prochains, Saint-Di\u00e9-des-Vosges accueillera le Tour de France Femmes. Au programme\u00a0: l&rsquo;arriv\u00e9e de la 5e \u00e9tape [&hellip;]","twitter_image":"https:\/\/vosgesinfo.fr\/app\/uploads\/sites\/4\/2024\/08\/202203dictee-tour-de-france-2-1.jpg","twitter_creator":"@VosgesInfo88","twitter_site":"@VosgesInfo88","twitter_misc":{"\u00c9crit par":"la r\u00e9daction","Dur\u00e9e de lecture estim\u00e9e":"1 minute"},"schema":{"@context":"https:\/\/schema.org","@graph":[{"@type":"Article","@id":"https:\/\/vosgesinfo.fr\/saintdieinfo\/2022\/03\/ecoliers-deodatiens-planchent-dictee-tour-de-france-2\/#article","isPartOf":{"@id":"https:\/\/vosgesinfo.fr\/saintdieinfo\/2022\/03\/ecoliers-deodatiens-planchent-dictee-tour-de-france-2\/"},"author":{"name":"la r\u00e9daction","@id":"https:\/\/vosgesinfo.fr\/saintdieinfo\/#\/schema\/person\/faee6704a21f3977511db84bd1cd450f"},"headline":"Les \u00e9coliers d\u00e9odatiens planchent sur la Dict\u00e9e du Tour de France","datePublished":"2022-03-25T09:09:06+00:00","dateModified":"2022-03-25T09:09:06+00:00","mainEntityOfPage":{"@id":"https:\/\/vosgesinfo.fr\/saintdieinfo\/2022\/03\/ecoliers-deodatiens-planchent-dictee-tour-de-france-2\/"},"wordCount":287,"commentCount":0,"publisher":{"@id":"https:\/\/vosgesinfo.fr\/saintdieinfo\/#organization"},"image":{"@id":"https:\/\/vosgesinfo.fr\/saintdieinfo\/2022\/03\/ecoliers-deodatiens-planchent-dictee-tour-de-france-2\/#primaryimage"},"thumbnailUrl":"https:\/\/vosgesinfo.fr\/app\/uploads\/sites\/4\/2024\/08\/202203dictee-tour-de-france-2-1.jpg","keywords":["Dict\u00e9e du Tour","Tour de France","Tour de France Femmes"],"articleSection":["A la Une","\u00c9ducation","Saint-Di\u00e9-des-Vosges et son Agglom\u00e9ration"],"inLanguage":"fr-FR","potentialAction":[{"@type":"CommentAction","name":"Comment","target":["https:\/\/vosgesinfo.fr\/saintdieinfo\/2022\/03\/ecoliers-deodatiens-planchent-dictee-tour-de-france-2\/#respond"]}]},{"@type":"WebPage","@id":"https:\/\/vosgesinfo.fr\/saintdieinfo\/2022\/03\/ecoliers-deodatiens-planchent-dictee-tour-de-france-2\/","url":"https:\/\/vosgesinfo.fr\/saintdieinfo\/2022\/03\/ecoliers-deodatiens-planchent-dictee-tour-de-france-2\/","name":"Les \u00e9coliers d\u00e9odatiens planchent sur la Dict\u00e9e du Tour de France - Saint Die Info","isPartOf":{"@id":"https:\/\/vosgesinfo.fr\/saintdieinfo\/#website"},"primaryImageOfPage":{"@id":"https:\/\/vosgesinfo.fr\/saintdieinfo\/2022\/03\/ecoliers-deodatiens-planchent-dictee-tour-de-france-2\/#primaryimage"},"image":{"@id":"https:\/\/vosgesinfo.fr\/saintdieinfo\/2022\/03\/ecoliers-deodatiens-planchent-dictee-tour-de-france-2\/#primaryimage"},"thumbnailUrl":"https:\/\/vosgesinfo.fr\/app\/uploads\/sites\/4\/2024\/08\/202203dictee-tour-de-france-2-1.jpg","datePublished":"2022-03-25T09:09:06+00:00","dateModified":"2022-03-25T09:09:06+00:00","breadcrumb":{"@id":"https:\/\/vosgesinfo.fr\/saintdieinfo\/2022\/03\/ecoliers-deodatiens-planchent-dictee-tour-de-france-2\/#breadcrumb"},"inLanguage":"fr-FR","potentialAction":[{"@type":"ReadAction","target":["https:\/\/vosgesinfo.fr\/saintdieinfo\/2022\/03\/ecoliers-deodatiens-planchent-dictee-tour-de-france-2\/"]}]},{"@type":"ImageObject","inLanguage":"fr-FR","@id":"https:\/\/vosgesinfo.fr\/saintdieinfo\/2022\/03\/ecoliers-deodatiens-planchent-dictee-tour-de-france-2\/#primaryimage","url":"https:\/\/vosgesinfo.fr\/app\/uploads\/sites\/4\/2024\/08\/202203dictee-tour-de-france-2-1.jpg","contentUrl":"https:\/\/vosgesinfo.fr\/app\/uploads\/sites\/4\/2024\/08\/202203dictee-tour-de-france-2-1.jpg","width":1600,"height":1205},{"@type":"BreadcrumbList","@id":"https:\/\/vosgesinfo.fr\/saintdieinfo\/2022\/03\/ecoliers-deodatiens-planchent-dictee-tour-de-france-2\/#breadcrumb","itemListElement":[{"@type":"ListItem","position":1,"name":"Home","item":"https:\/\/vosgesinfo.fr\/saintdieinfo\/"},{"@type":"ListItem","position":2,"name":"Les \u00e9coliers d\u00e9odatiens planchent sur la Dict\u00e9e du Tour de France"}]},{"@type":"WebSite","@id":"https:\/\/vosgesinfo.fr\/saintdieinfo\/#website","url":"https:\/\/vosgesinfo.fr\/saintdieinfo\/","name":"Saint Die Info","description":"Toute l&#039;actualit\u00e9 de Saint-Di\u00e9-Des-Vosges","publisher":{"@id":"https:\/\/vosgesinfo.fr\/saintdieinfo\/#organization"},"alternateName":"Toute l'actualit\u00e9 de Saint-Di\u00e9-Des-Vosges","potentialAction":[{"@type":"SearchAction","target":{"@type":"EntryPoint","urlTemplate":"https:\/\/vosgesinfo.fr\/saintdieinfo\/?s={search_term_string}"},"query-input":"required name=search_term_string"}],"inLanguage":"fr-FR"},{"@type":"Organization","@id":"https:\/\/vosgesinfo.fr\/saintdieinfo\/#organization","name":"Saint Die Info","url":"https:\/\/vosgesinfo.fr\/saintdieinfo\/","logo":{"@type":"ImageObject","inLanguage":"fr-FR","@id":"https:\/\/vosgesinfo.fr\/saintdieinfo\/#\/schema\/logo\/image\/","url":"https:\/\/vosgesinfo.fr\/app\/uploads\/sites\/4\/2024\/02\/logo-sdi.jpg","contentUrl":"https:\/\/vosgesinfo.fr\/app\/uploads\/sites\/4\/2024\/02\/logo-sdi.jpg","width":600,"height":600,"caption":"Saint Die Info"},"image":{"@id":"https:\/\/vosgesinfo.fr\/saintdieinfo\/#\/schema\/logo\/image\/"},"sameAs":["https:\/\/www.facebook.com\/Saintdieinfofr","https:\/\/x.com\/VosgesInfo88","https:\/\/www.youtube.com\/@vosgesinfo"]},{"@type":"Person","@id":"https:\/\/vosgesinfo.fr\/saintdieinfo\/#\/schema\/person\/faee6704a21f3977511db84bd1cd450f","name":"la r\u00e9daction","image":{"@type":"ImageObject","inLanguage":"fr-FR","@id":"https:\/\/vosgesinfo.fr\/saintdieinfo\/#\/schema\/person\/image\/","url":"https:\/\/secure.gravatar.com\/avatar\/6673d8bc6a9c17fa9a453eaa3448de834fa308c2ec9635b7aa99441a7c8d2cf6?s=96&d=mm&r=g","contentUrl":"https:\/\/secure.gravatar.com\/avatar\/6673d8bc6a9c17fa9a453eaa3448de834fa308c2ec9635b7aa99441a7c8d2cf6?s=96&d=mm&r=g","caption":"la r\u00e9daction"},"url":"https:\/\/vosgesinfo.fr\/saintdieinfo\/author\/redac\/"}]}},"_links":{"self":[{"href":"https:\/\/vosgesinfo.fr\/saintdieinfo\/wp-json\/wp\/v2\/posts\/51392","targetHints":{"allow":["GET"]}}],"collection":[{"href":"https:\/\/vosgesinfo.fr\/saintdieinfo\/wp-json\/wp\/v2\/posts"}],"about":[{"href":"https:\/\/vosgesinfo.fr\/saintdieinfo\/wp-json\/wp\/v2\/types\/post"}],"author":[{"embeddable":true,"href":"https:\/\/vosgesinfo.fr\/saintdieinfo\/wp-json\/wp\/v2\/users\/44"}],"replies":[{"embeddable":true,"href":"https:\/\/vosgesinfo.fr\/saintdieinfo\/wp-json\/wp\/v2\/comments?post=51392"}],"version-history":[{"count":0,"href":"https:\/\/vosgesinfo.fr\/saintdieinfo\/wp-json\/wp\/v2\/posts\/51392\/revisions"}],"wp:featuredmedia":[{"embeddable":true,"href":"https:\/\/vosgesinfo.fr\/saintdieinfo\/wp-json\/wp\/v2\/media\/51393"}],"wp:attachment":[{"href":"https:\/\/vosgesinfo.fr\/saintdieinfo\/wp-json\/wp\/v2\/media?parent=51392"}],"wp:term":[{"taxonomy":"category","embeddable":true,"href":"https:\/\/vosgesinfo.fr\/saintdieinfo\/wp-json\/wp\/v2\/categories?post=51392"},{"taxonomy":"post_tag","embeddable":true,"href":"https:\/\/vosgesinfo.fr\/saintdieinfo\/wp-json\/wp\/v2\/tags?post=51392"}],"curies":[{"name":"wp","href":"https:\/\/api.w.org\/{rel}","templated":true}]}}