{"id":51515,"date":"2022-03-28T16:36:49","date_gmt":"2022-03-28T14:36:49","guid":{"rendered":"https:\/\/vosgesinfo.fr\/saintdieinfo\/2022\/03\/gamm-vert-lautoproduction-lavenir-2\/"},"modified":"2022-03-28T16:36:49","modified_gmt":"2022-03-28T14:36:49","slug":"gamm-vert-lautoproduction-lavenir-2","status":"publish","type":"post","link":"https:\/\/vosgesinfo.fr\/saintdieinfo\/2022\/03\/gamm-vert-lautoproduction-lavenir-2\/","title":{"rendered":"Avec Gamm Vert, l\u2019autoproduction est l\u2019avenir !"},"content":{"rendered":"<p style=\"text-align: left;\" align=\"JUSTIFY\"><a href=\"\/2022\/03\/gamm-vert-photo-premium.jpg\" target=\"_blank\" rel=\"noopener\"><img decoding=\"async\" class=\"aligncenter wp-image-180936 size-full\" src=\"\/2022\/03\/gamm-vert-photo-premium.jpg\" alt=\"gamm vert -photo premium\" width=\"692\" height=\"427\" \/><\/a><\/p>\n<h2 style=\"text-align: left;\" align=\"JUSTIFY\"><span style=\"font-size: 14pt;\"><b>Les conseils et les bons plans que vous allez retrouver chez Gamm Vert, vont vous aider \u00e0 produire et surtout \u00e0 savourer les fruits et les l\u00e9gumes de votre jardin.<\/b><\/span><\/h2>\n<p style=\"text-align: left;\" align=\"JUSTIFY\"><!--more--><\/p>\n<p style=\"text-align: left;\" align=\"JUSTIFY\"><strong><span style=\"font-size: medium;\">Pour cela, votre magasin Gamm Vert a mis en place des promotions, dans tous les rayons, jusqu\u2019au 3 avril 2022.<\/span><\/strong><\/p>\n<p style=\"text-align: left;\" align=\"JUSTIFY\"><strong><span style=\"font-size: medium;\">Vous allez pouvoir profiter <\/span><\/strong><span style=\"font-size: medium;\">d\u2019offres sp\u00e9ciales\u2013valables dans la limite des stocks disponibles- comme par exemple\u00a0: sur <\/span><strong><span style=\"font-size: medium;\">le sac de 50 L de terreau pour g\u00e9raniums et plantes fleuries, Fertilig\u00e8ne<\/span><\/strong><span style=\"font-size: medium;\">, 2 sacs + 1 sac offert, soit\u00a0: 7,93 \u20ac l\u2019unit\u00e9 par lot de 3\u00a0 ou encore\u00a0: sur le sac de 25 kg de <\/span><strong><span style=\"font-size: medium;\">fertilisant \u00ab\u00a0Or Brun<\/span><\/strong><span style=\"font-size: medium;\"><strong>\u00a0\u00bb<\/strong>, le 2\u00e8m sac est \u00e0 moiti\u00e9 prix, soit\u00a0: 9,68 \u20ac l\u2019unit\u00e9 par lot de 2. Promo \u00e9galement sur le <\/span><strong><span style=\"font-size: medium;\">sac d\u2019engrais \u00ab\u00a0Solabiol<\/span><\/strong><span style=\"font-size: medium;\"><strong>\u00a0\u00bb<\/strong>\u00a0: 15 kg +5 kg offerts\u00a0! <\/span><\/p>\n\n<p style=\"text-align: left;\" align=\"JUSTIFY\"><span style=\"font-size: medium;\">Vous aurez sans doute besoin d\u2019un bon <\/span><strong><span style=\"font-size: medium;\">d\u00e9sherbant polyvalent<\/span><\/strong><span style=\"font-size: medium;\">, \u00e0 base d\u2019acide p\u00e9largonique, avec effets visibles en 3h de temps\u00a0: profitez, alors, du bidon de 800 ml \u00e0 19,95 \u20ac.<\/span><\/p>\n<p style=\"text-align: left;\" align=\"JUSTIFY\"><a name=\"Bookmark\"><\/a><span style=\"font-size: medium;\">Une fois la terre pr\u00e9par\u00e9e, le temps des semis et replants est arriv\u00e9, des offres sp\u00e9ciales sont propos\u00e9es comme par exemple\u00a0: <\/span><strong><span style=\"font-size: medium;\">le paquet de 200 g de graines de haricots \u00ab\u00a0Oxinel\u00a0\u00bb<\/span><\/strong><span style=\"font-size: medium;\"> + 20 g offerts, soit\u00a0: 9,90 \u20ac les 220g\u00a0; Et pour embellir vos ext\u00e9rieurs\u00a0: <\/span><strong><span style=\"font-size: medium;\">le pot carr\u00e9 d\u2019\u0153illet<\/span><\/strong><span style=\"font-size: medium;\"> de 17 cm, est \u00e0 7,95 \u20ac, <\/span><strong><span style=\"font-size: medium;\">l\u2019Osteospermum est \u00e0<\/span><\/strong><span style=\"font-size: medium;\"> 2,95 \u20ac le pot de diam.12 cm, <\/span><strong><span style=\"font-size: medium;\">la lavande Augustifolia<\/span><\/strong><span style=\"font-size: medium;\"> est \u00e01,50 \u20ac le pot de diam. 14 cm, ou encore <\/span><strong><span style=\"font-size: medium;\">la renoncule<\/span><\/strong><span style=\"font-size: medium;\"><strong>,<\/strong> \u00e0 floraison \u00e9tonnante\u00a0: pot de diam. 14 cm est \u00e0 3,50 \u20ac.<\/span><\/p>\n\n<p style=\"text-align: left;\" align=\"JUSTIFY\"><strong><span style=\"font-size: medium;\">Beaucoup d\u2019autres promos s\u2019offrent \u00e0 tous les visiteurs, dans tous les rayons, alors n\u2019h\u00e9sitez pas \u00e0 vous rendre dans vos magasins pr\u00e9f\u00e9r\u00e9s\u00a0!<\/span><\/strong><\/p>\n<p style=\"text-align: left;\"><strong><span style=\"font-size: medium;\">Gamm Vert Saint-Di\u00e9, 16 rue Emile de Durkheim, t\u00e9l.\u00a0: 03.29.56\u00a0.94.70<\/span><\/strong><\/p>\n<p style=\"text-align: left;\"><strong><span style=\"font-size: medium;\">Gamm Vert Corcieux, 68 rue de la Gare, t\u00e9l.\u00a0: 03.29.50.65.11<\/span><\/strong><\/p>\n<p style=\"text-align: left;\"><strong><span style=\"font-size: medium;\">Gamm Vert Fraize, 1 rue Victor Lalev\u00e9e, t\u00e9l.\u00a0: 03.29.50.30.39<\/span><\/strong><\/p>\n<p style=\"text-align: left;\"><strong><span style=\"font-family: Times New Roman, sans-serif;\"><span style=\"font-size: medium;\"><span style=\"font-family: Arial, sans-serif;\"><span style=\"font-size: small;\">Gamm Vert Champs-Le-Duc<\/span><\/span><span style=\"font-family: Arial, sans-serif;\"><span style=\"font-size: small;\">, <\/span><\/span><span style=\"font-family: Arial, sans-serif;\"><span style=\"font-size: small;\">1, Zone Artisanale, t\u00e9l.\u00a0: 03.29.52.48.97<\/span><\/span><\/span><\/span><\/strong><\/p>\n<p style=\"text-align: left;\"><span style=\"font-size: medium;\">R\u00e9daction\u00a0: Patricia Ferry-Demange<\/span><\/p>\n<p style=\"text-align: left;\"><a href=\"\/2022\/03\/gamm-vert-photo-ext1.jpg\" target=\"_blank\" rel=\"noopener\"><img decoding=\"async\" class=\"aligncenter wp-image-180935 size-full\" src=\"\/2022\/03\/gamm-vert-photo-ext1.jpg\" alt=\"gamm vert photo ext\" width=\"911\" height=\"506\" \/><\/a><\/p>\n","protected":false},"excerpt":{"rendered":"<p>Les conseils et les bons plans que vous allez retrouver chez Gamm Vert, vont vous aider \u00e0 produire et surtout [&hellip;]<\/p>\n","protected":false},"author":44,"featured_media":51516,"comment_status":"open","ping_status":"open","sticky":false,"template":"","format":"standard","meta":{"footnotes":""},"categories":[460,2915],"tags":[2942],"class_list":["post-51515","post","type-post","status-publish","format-standard","has-post-thumbnail","hentry","category-a-la-une","category-saint-die-son-canton","tag-gamm-vert"],"acf":[],"yoast_head":"<!-- This site is optimized with the Yoast SEO plugin v22.5 - https:\/\/yoast.com\/wordpress\/plugins\/seo\/ -->\n<title>Avec Gamm Vert, l\u2019autoproduction est l\u2019avenir ! - Saint Die Info<\/title>\n<meta name=\"robots\" content=\"index, follow, max-snippet:-1, max-image-preview:large, max-video-preview:-1\" \/>\n<link rel=\"canonical\" href=\"https:\/\/vosgesinfo.fr\/saintdieinfo\/2022\/03\/gamm-vert-lautoproduction-lavenir-2\/\" \/>\n<meta name=\"twitter:card\" content=\"summary_large_image\" \/>\n<meta name=\"twitter:title\" content=\"Avec Gamm Vert, l\u2019autoproduction est l\u2019avenir ! - Saint Die Info\" \/>\n<meta name=\"twitter:description\" content=\"Les conseils et les bons plans que vous allez retrouver chez Gamm Vert, vont vous aider \u00e0 produire et surtout [&hellip;]\" \/>\n<meta name=\"twitter:image\" content=\"https:\/\/vosgesinfo.fr\/app\/uploads\/sites\/4\/2024\/08\/202203gamm-vert-photo-premium-1.jpg\" \/>\n<meta name=\"twitter:creator\" content=\"@VosgesInfo88\" \/>\n<meta name=\"twitter:site\" content=\"@VosgesInfo88\" \/>\n<meta name=\"twitter:label1\" content=\"\u00c9crit par\" \/>\n\t<meta name=\"twitter:data1\" content=\"la r\u00e9daction\" \/>\n\t<meta name=\"twitter:label2\" content=\"Dur\u00e9e de lecture estim\u00e9e\" \/>\n\t<meta name=\"twitter:data2\" content=\"2 minutes\" \/>\n<script type=\"application\/ld+json\" class=\"yoast-schema-graph\">{\"@context\":\"https:\/\/schema.org\",\"@graph\":[{\"@type\":\"Article\",\"@id\":\"https:\/\/vosgesinfo.fr\/saintdieinfo\/2022\/03\/gamm-vert-lautoproduction-lavenir-2\/#article\",\"isPartOf\":{\"@id\":\"https:\/\/vosgesinfo.fr\/saintdieinfo\/2022\/03\/gamm-vert-lautoproduction-lavenir-2\/\"},\"author\":{\"name\":\"la r\u00e9daction\",\"@id\":\"https:\/\/vosgesinfo.fr\/saintdieinfo\/#\/schema\/person\/faee6704a21f3977511db84bd1cd450f\"},\"headline\":\"Avec Gamm Vert, l\u2019autoproduction est l\u2019avenir !\",\"datePublished\":\"2022-03-28T14:36:49+00:00\",\"dateModified\":\"2022-03-28T14:36:49+00:00\",\"mainEntityOfPage\":{\"@id\":\"https:\/\/vosgesinfo.fr\/saintdieinfo\/2022\/03\/gamm-vert-lautoproduction-lavenir-2\/\"},\"wordCount\":319,\"commentCount\":0,\"publisher\":{\"@id\":\"https:\/\/vosgesinfo.fr\/saintdieinfo\/#organization\"},\"image\":{\"@id\":\"https:\/\/vosgesinfo.fr\/saintdieinfo\/2022\/03\/gamm-vert-lautoproduction-lavenir-2\/#primaryimage\"},\"thumbnailUrl\":\"https:\/\/vosgesinfo.fr\/app\/uploads\/sites\/4\/2024\/08\/202203gamm-vert-photo-premium-1.jpg\",\"keywords\":[\"Gamm Vert\"],\"articleSection\":[\"A la Une\",\"Saint-Di\u00e9-des-Vosges et son Agglom\u00e9ration\"],\"inLanguage\":\"fr-FR\",\"potentialAction\":[{\"@type\":\"CommentAction\",\"name\":\"Comment\",\"target\":[\"https:\/\/vosgesinfo.fr\/saintdieinfo\/2022\/03\/gamm-vert-lautoproduction-lavenir-2\/#respond\"]}]},{\"@type\":\"WebPage\",\"@id\":\"https:\/\/vosgesinfo.fr\/saintdieinfo\/2022\/03\/gamm-vert-lautoproduction-lavenir-2\/\",\"url\":\"https:\/\/vosgesinfo.fr\/saintdieinfo\/2022\/03\/gamm-vert-lautoproduction-lavenir-2\/\",\"name\":\"Avec Gamm Vert, l\u2019autoproduction est l\u2019avenir ! - Saint Die Info\",\"isPartOf\":{\"@id\":\"https:\/\/vosgesinfo.fr\/saintdieinfo\/#website\"},\"primaryImageOfPage\":{\"@id\":\"https:\/\/vosgesinfo.fr\/saintdieinfo\/2022\/03\/gamm-vert-lautoproduction-lavenir-2\/#primaryimage\"},\"image\":{\"@id\":\"https:\/\/vosgesinfo.fr\/saintdieinfo\/2022\/03\/gamm-vert-lautoproduction-lavenir-2\/#primaryimage\"},\"thumbnailUrl\":\"https:\/\/vosgesinfo.fr\/app\/uploads\/sites\/4\/2024\/08\/202203gamm-vert-photo-premium-1.jpg\",\"datePublished\":\"2022-03-28T14:36:49+00:00\",\"dateModified\":\"2022-03-28T14:36:49+00:00\",\"breadcrumb\":{\"@id\":\"https:\/\/vosgesinfo.fr\/saintdieinfo\/2022\/03\/gamm-vert-lautoproduction-lavenir-2\/#breadcrumb\"},\"inLanguage\":\"fr-FR\",\"potentialAction\":[{\"@type\":\"ReadAction\",\"target\":[\"https:\/\/vosgesinfo.fr\/saintdieinfo\/2022\/03\/gamm-vert-lautoproduction-lavenir-2\/\"]}]},{\"@type\":\"ImageObject\",\"inLanguage\":\"fr-FR\",\"@id\":\"https:\/\/vosgesinfo.fr\/saintdieinfo\/2022\/03\/gamm-vert-lautoproduction-lavenir-2\/#primaryimage\",\"url\":\"https:\/\/vosgesinfo.fr\/app\/uploads\/sites\/4\/2024\/08\/202203gamm-vert-photo-premium-1.jpg\",\"contentUrl\":\"https:\/\/vosgesinfo.fr\/app\/uploads\/sites\/4\/2024\/08\/202203gamm-vert-photo-premium-1.jpg\",\"width\":692,\"height\":427},{\"@type\":\"BreadcrumbList\",\"@id\":\"https:\/\/vosgesinfo.fr\/saintdieinfo\/2022\/03\/gamm-vert-lautoproduction-lavenir-2\/#breadcrumb\",\"itemListElement\":[{\"@type\":\"ListItem\",\"position\":1,\"name\":\"Home\",\"item\":\"https:\/\/vosgesinfo.fr\/saintdieinfo\/\"},{\"@type\":\"ListItem\",\"position\":2,\"name\":\"Avec Gamm Vert, l\u2019autoproduction est l\u2019avenir !\"}]},{\"@type\":\"WebSite\",\"@id\":\"https:\/\/vosgesinfo.fr\/saintdieinfo\/#website\",\"url\":\"https:\/\/vosgesinfo.fr\/saintdieinfo\/\",\"name\":\"Saint Die Info\",\"description\":\"Toute l&#039;actualit\u00e9 de Saint-Di\u00e9-Des-Vosges\",\"publisher\":{\"@id\":\"https:\/\/vosgesinfo.fr\/saintdieinfo\/#organization\"},\"alternateName\":\"Toute l'actualit\u00e9 de Saint-Di\u00e9-Des-Vosges\",\"potentialAction\":[{\"@type\":\"SearchAction\",\"target\":{\"@type\":\"EntryPoint\",\"urlTemplate\":\"https:\/\/vosgesinfo.fr\/saintdieinfo\/?s={search_term_string}\"},\"query-input\":\"required name=search_term_string\"}],\"inLanguage\":\"fr-FR\"},{\"@type\":\"Organization\",\"@id\":\"https:\/\/vosgesinfo.fr\/saintdieinfo\/#organization\",\"name\":\"Saint Die Info\",\"url\":\"https:\/\/vosgesinfo.fr\/saintdieinfo\/\",\"logo\":{\"@type\":\"ImageObject\",\"inLanguage\":\"fr-FR\",\"@id\":\"https:\/\/vosgesinfo.fr\/saintdieinfo\/#\/schema\/logo\/image\/\",\"url\":\"https:\/\/vosgesinfo.fr\/app\/uploads\/sites\/4\/2024\/02\/logo-sdi.jpg\",\"contentUrl\":\"https:\/\/vosgesinfo.fr\/app\/uploads\/sites\/4\/2024\/02\/logo-sdi.jpg\",\"width\":600,\"height\":600,\"caption\":\"Saint Die Info\"},\"image\":{\"@id\":\"https:\/\/vosgesinfo.fr\/saintdieinfo\/#\/schema\/logo\/image\/\"},\"sameAs\":[\"https:\/\/www.facebook.com\/Saintdieinfofr\",\"https:\/\/x.com\/VosgesInfo88\",\"https:\/\/www.youtube.com\/@vosgesinfo\"]},{\"@type\":\"Person\",\"@id\":\"https:\/\/vosgesinfo.fr\/saintdieinfo\/#\/schema\/person\/faee6704a21f3977511db84bd1cd450f\",\"name\":\"la r\u00e9daction\",\"image\":{\"@type\":\"ImageObject\",\"inLanguage\":\"fr-FR\",\"@id\":\"https:\/\/vosgesinfo.fr\/saintdieinfo\/#\/schema\/person\/image\/\",\"url\":\"https:\/\/secure.gravatar.com\/avatar\/6673d8bc6a9c17fa9a453eaa3448de834fa308c2ec9635b7aa99441a7c8d2cf6?s=96&d=mm&r=g\",\"contentUrl\":\"https:\/\/secure.gravatar.com\/avatar\/6673d8bc6a9c17fa9a453eaa3448de834fa308c2ec9635b7aa99441a7c8d2cf6?s=96&d=mm&r=g\",\"caption\":\"la r\u00e9daction\"},\"url\":\"https:\/\/vosgesinfo.fr\/saintdieinfo\/author\/redac\/\"}]}<\/script>\n<!-- \/ Yoast SEO plugin. -->","yoast_head_json":{"title":"Avec Gamm Vert, l\u2019autoproduction est l\u2019avenir ! - Saint Die Info","robots":{"index":"index","follow":"follow","max-snippet":"max-snippet:-1","max-image-preview":"max-image-preview:large","max-video-preview":"max-video-preview:-1"},"canonical":"https:\/\/vosgesinfo.fr\/saintdieinfo\/2022\/03\/gamm-vert-lautoproduction-lavenir-2\/","twitter_card":"summary_large_image","twitter_title":"Avec Gamm Vert, l\u2019autoproduction est l\u2019avenir ! - Saint Die Info","twitter_description":"Les conseils et les bons plans que vous allez retrouver chez Gamm Vert, vont vous aider \u00e0 produire et surtout [&hellip;]","twitter_image":"https:\/\/vosgesinfo.fr\/app\/uploads\/sites\/4\/2024\/08\/202203gamm-vert-photo-premium-1.jpg","twitter_creator":"@VosgesInfo88","twitter_site":"@VosgesInfo88","twitter_misc":{"\u00c9crit par":"la r\u00e9daction","Dur\u00e9e de lecture estim\u00e9e":"2 minutes"},"schema":{"@context":"https:\/\/schema.org","@graph":[{"@type":"Article","@id":"https:\/\/vosgesinfo.fr\/saintdieinfo\/2022\/03\/gamm-vert-lautoproduction-lavenir-2\/#article","isPartOf":{"@id":"https:\/\/vosgesinfo.fr\/saintdieinfo\/2022\/03\/gamm-vert-lautoproduction-lavenir-2\/"},"author":{"name":"la r\u00e9daction","@id":"https:\/\/vosgesinfo.fr\/saintdieinfo\/#\/schema\/person\/faee6704a21f3977511db84bd1cd450f"},"headline":"Avec Gamm Vert, l\u2019autoproduction est l\u2019avenir !","datePublished":"2022-03-28T14:36:49+00:00","dateModified":"2022-03-28T14:36:49+00:00","mainEntityOfPage":{"@id":"https:\/\/vosgesinfo.fr\/saintdieinfo\/2022\/03\/gamm-vert-lautoproduction-lavenir-2\/"},"wordCount":319,"commentCount":0,"publisher":{"@id":"https:\/\/vosgesinfo.fr\/saintdieinfo\/#organization"},"image":{"@id":"https:\/\/vosgesinfo.fr\/saintdieinfo\/2022\/03\/gamm-vert-lautoproduction-lavenir-2\/#primaryimage"},"thumbnailUrl":"https:\/\/vosgesinfo.fr\/app\/uploads\/sites\/4\/2024\/08\/202203gamm-vert-photo-premium-1.jpg","keywords":["Gamm Vert"],"articleSection":["A la Une","Saint-Di\u00e9-des-Vosges et son Agglom\u00e9ration"],"inLanguage":"fr-FR","potentialAction":[{"@type":"CommentAction","name":"Comment","target":["https:\/\/vosgesinfo.fr\/saintdieinfo\/2022\/03\/gamm-vert-lautoproduction-lavenir-2\/#respond"]}]},{"@type":"WebPage","@id":"https:\/\/vosgesinfo.fr\/saintdieinfo\/2022\/03\/gamm-vert-lautoproduction-lavenir-2\/","url":"https:\/\/vosgesinfo.fr\/saintdieinfo\/2022\/03\/gamm-vert-lautoproduction-lavenir-2\/","name":"Avec Gamm Vert, l\u2019autoproduction est l\u2019avenir ! - Saint Die Info","isPartOf":{"@id":"https:\/\/vosgesinfo.fr\/saintdieinfo\/#website"},"primaryImageOfPage":{"@id":"https:\/\/vosgesinfo.fr\/saintdieinfo\/2022\/03\/gamm-vert-lautoproduction-lavenir-2\/#primaryimage"},"image":{"@id":"https:\/\/vosgesinfo.fr\/saintdieinfo\/2022\/03\/gamm-vert-lautoproduction-lavenir-2\/#primaryimage"},"thumbnailUrl":"https:\/\/vosgesinfo.fr\/app\/uploads\/sites\/4\/2024\/08\/202203gamm-vert-photo-premium-1.jpg","datePublished":"2022-03-28T14:36:49+00:00","dateModified":"2022-03-28T14:36:49+00:00","breadcrumb":{"@id":"https:\/\/vosgesinfo.fr\/saintdieinfo\/2022\/03\/gamm-vert-lautoproduction-lavenir-2\/#breadcrumb"},"inLanguage":"fr-FR","potentialAction":[{"@type":"ReadAction","target":["https:\/\/vosgesinfo.fr\/saintdieinfo\/2022\/03\/gamm-vert-lautoproduction-lavenir-2\/"]}]},{"@type":"ImageObject","inLanguage":"fr-FR","@id":"https:\/\/vosgesinfo.fr\/saintdieinfo\/2022\/03\/gamm-vert-lautoproduction-lavenir-2\/#primaryimage","url":"https:\/\/vosgesinfo.fr\/app\/uploads\/sites\/4\/2024\/08\/202203gamm-vert-photo-premium-1.jpg","contentUrl":"https:\/\/vosgesinfo.fr\/app\/uploads\/sites\/4\/2024\/08\/202203gamm-vert-photo-premium-1.jpg","width":692,"height":427},{"@type":"BreadcrumbList","@id":"https:\/\/vosgesinfo.fr\/saintdieinfo\/2022\/03\/gamm-vert-lautoproduction-lavenir-2\/#breadcrumb","itemListElement":[{"@type":"ListItem","position":1,"name":"Home","item":"https:\/\/vosgesinfo.fr\/saintdieinfo\/"},{"@type":"ListItem","position":2,"name":"Avec Gamm Vert, l\u2019autoproduction est l\u2019avenir !"}]},{"@type":"WebSite","@id":"https:\/\/vosgesinfo.fr\/saintdieinfo\/#website","url":"https:\/\/vosgesinfo.fr\/saintdieinfo\/","name":"Saint Die Info","description":"Toute l&#039;actualit\u00e9 de Saint-Di\u00e9-Des-Vosges","publisher":{"@id":"https:\/\/vosgesinfo.fr\/saintdieinfo\/#organization"},"alternateName":"Toute l'actualit\u00e9 de Saint-Di\u00e9-Des-Vosges","potentialAction":[{"@type":"SearchAction","target":{"@type":"EntryPoint","urlTemplate":"https:\/\/vosgesinfo.fr\/saintdieinfo\/?s={search_term_string}"},"query-input":"required name=search_term_string"}],"inLanguage":"fr-FR"},{"@type":"Organization","@id":"https:\/\/vosgesinfo.fr\/saintdieinfo\/#organization","name":"Saint Die Info","url":"https:\/\/vosgesinfo.fr\/saintdieinfo\/","logo":{"@type":"ImageObject","inLanguage":"fr-FR","@id":"https:\/\/vosgesinfo.fr\/saintdieinfo\/#\/schema\/logo\/image\/","url":"https:\/\/vosgesinfo.fr\/app\/uploads\/sites\/4\/2024\/02\/logo-sdi.jpg","contentUrl":"https:\/\/vosgesinfo.fr\/app\/uploads\/sites\/4\/2024\/02\/logo-sdi.jpg","width":600,"height":600,"caption":"Saint Die Info"},"image":{"@id":"https:\/\/vosgesinfo.fr\/saintdieinfo\/#\/schema\/logo\/image\/"},"sameAs":["https:\/\/www.facebook.com\/Saintdieinfofr","https:\/\/x.com\/VosgesInfo88","https:\/\/www.youtube.com\/@vosgesinfo"]},{"@type":"Person","@id":"https:\/\/vosgesinfo.fr\/saintdieinfo\/#\/schema\/person\/faee6704a21f3977511db84bd1cd450f","name":"la r\u00e9daction","image":{"@type":"ImageObject","inLanguage":"fr-FR","@id":"https:\/\/vosgesinfo.fr\/saintdieinfo\/#\/schema\/person\/image\/","url":"https:\/\/secure.gravatar.com\/avatar\/6673d8bc6a9c17fa9a453eaa3448de834fa308c2ec9635b7aa99441a7c8d2cf6?s=96&d=mm&r=g","contentUrl":"https:\/\/secure.gravatar.com\/avatar\/6673d8bc6a9c17fa9a453eaa3448de834fa308c2ec9635b7aa99441a7c8d2cf6?s=96&d=mm&r=g","caption":"la r\u00e9daction"},"url":"https:\/\/vosgesinfo.fr\/saintdieinfo\/author\/redac\/"}]}},"_links":{"self":[{"href":"https:\/\/vosgesinfo.fr\/saintdieinfo\/wp-json\/wp\/v2\/posts\/51515","targetHints":{"allow":["GET"]}}],"collection":[{"href":"https:\/\/vosgesinfo.fr\/saintdieinfo\/wp-json\/wp\/v2\/posts"}],"about":[{"href":"https:\/\/vosgesinfo.fr\/saintdieinfo\/wp-json\/wp\/v2\/types\/post"}],"author":[{"embeddable":true,"href":"https:\/\/vosgesinfo.fr\/saintdieinfo\/wp-json\/wp\/v2\/users\/44"}],"replies":[{"embeddable":true,"href":"https:\/\/vosgesinfo.fr\/saintdieinfo\/wp-json\/wp\/v2\/comments?post=51515"}],"version-history":[{"count":0,"href":"https:\/\/vosgesinfo.fr\/saintdieinfo\/wp-json\/wp\/v2\/posts\/51515\/revisions"}],"wp:featuredmedia":[{"embeddable":true,"href":"https:\/\/vosgesinfo.fr\/saintdieinfo\/wp-json\/wp\/v2\/media\/51516"}],"wp:attachment":[{"href":"https:\/\/vosgesinfo.fr\/saintdieinfo\/wp-json\/wp\/v2\/media?parent=51515"}],"wp:term":[{"taxonomy":"category","embeddable":true,"href":"https:\/\/vosgesinfo.fr\/saintdieinfo\/wp-json\/wp\/v2\/categories?post=51515"},{"taxonomy":"post_tag","embeddable":true,"href":"https:\/\/vosgesinfo.fr\/saintdieinfo\/wp-json\/wp\/v2\/tags?post=51515"}],"curies":[{"name":"wp","href":"https:\/\/api.w.org\/{rel}","templated":true}]}}