{"id":51594,"date":"2022-03-30T14:17:54","date_gmt":"2022-03-30T12:17:54","guid":{"rendered":"https:\/\/vosgesinfo.fr\/saintdieinfo\/2022\/03\/prochaine-collecte-de-sang-a-saint-die-vosges-mardi-prochain-2\/"},"modified":"2022-03-30T14:17:54","modified_gmt":"2022-03-30T12:17:54","slug":"prochaine-collecte-de-sang-a-saint-die-vosges-mardi-prochain-2","status":"publish","type":"post","link":"https:\/\/vosgesinfo.fr\/saintdieinfo\/2022\/03\/prochaine-collecte-de-sang-a-saint-die-vosges-mardi-prochain-2\/","title":{"rendered":"Prochaine collecte de sang \u00e0 Saint-Di\u00e9-des-Vosges mardi prochain"},"content":{"rendered":"\n<h2><strong><span style=\"font-size: 14pt;\">Une nouvelle collecte est organis\u00e9e \u00e0 Saint-Di\u00e9-des-Vosges en ce mardi 5 avril, de 9h \u00e0 13h puis de 15h30 \u00e0 19h30. A quelques jours du week-end Pascal, un petit sachet de chocolats de P\u00e2ques sera offert \u00e0 chaque personne qui viendra donner son sang.<\/span><\/strong><\/h2>\n<p><!--more--><\/p>\n<p><span style=\"font-size: medium;\">Ces douceurs seront d\u2019autant plus savoureuses qu\u2019il s\u2019agit de produits artisanaux fabriqu\u00e9s <\/span><span style=\"font-size: medium;\">non loin de la cit\u00e9 de D\u00e9odat<\/span><span style=\"font-size: medium;\">, l\u2019entreprise artisanale qui les fabrique comptant au nombre des exposants du dernier salon de la gastronomie \u00ab\u00a0La table vosgienne\u00a0\u00bb, organis\u00e9 par la dynamique association ARIAL. Un salon qui avait aussi ouvert ses portes aux b\u00e9n\u00e9voles de l\u2019Amicale pour le Don de Sang B\u00e9n\u00e9vole de Saint-Di\u00e9-des-Vosges et sa r\u00e9gion, tout comme plus r\u00e9cemment le salon de l\u2019habitat qui s\u2019est tenu place de la 1<\/span><sup><span style=\"font-size: medium;\">re<\/span><\/sup><span style=\"font-size: medium;\"> Arm\u00e9e fran\u00e7aise, mais aussi le centre aqualudique et de bien-\u00eatre AquaNova America\u2026 Autant d\u2019occasions pour les b\u00e9n\u00e9voles d\u00e9odatiens \u2013 qui \u00e9taient aussi pass\u00e9s par le magasin \u00ab\u00a0Mr Bricolage\u00a0\u00bb \u2013 de promouvoir ce geste qui sauve des vies. Comme l\u2019explique le vice-pr\u00e9sident de l\u2019Amicale, St\u00e9phane Juzdzewski, <\/span><span style=\"font-size: medium;\">qui a initi\u00e9 ces pr\u00e9sences de terrain,<\/span><em><span style=\"font-size: medium;\"> \u00ab\u00a0cela nous permet d\u2019\u00eatre visibles et de discuter avec des personnes qui ne donnaient plus leur sang ou des personnes qui n\u2019ont jamais saut\u00e9 le pas\u00a0\u00bb.<\/span><\/em><\/p>\n<p><span style=\"font-size: medium;\">Dans le contexte que nous connaissons, la solidarit\u00e9 est plus que jamais \u00e0 l\u2019ordre du jour. <\/span><span style=\"font-size: medium;\">Place<\/span><span style=\"font-size: medium;\"> au concret avec cette collecte d\u2019avril, qui sera la seule du mois (pas de deuxi\u00e8me collecte d\u2019apr\u00e8s-midi). Les \u00e9quipes de l\u2019Etablissement Fran\u00e7ais du Sang (EFS) se r\u00e9jouiront de voir les donneurs venus de toute la D\u00e9odatie venir nombreux pour renflouer des stocks nationaux toujours tr\u00e8s bas. Quant aux b\u00e9n\u00e9voles, ils seront toujours au rendez-vous pour vous accueillir avec le sourire et vous faire passer un moment convivial apr\u00e8s le don, autour d\u2019une savoureuse collation. Rappelons que la prise de rendez-vous est vivement conseill\u00e9e.<\/span><\/p>\n<p><span style=\"font-size: medium;\">Toutes les informations pratiques sont \u00e0 retrouver sur <strong><a href=\"http:\/\/dondusang88.fr\/\" target=\"_blank\" data-saferedirecturl=\"https:\/\/www.google.com\/url?q=http:\/\/dondusang88.fr\/&amp;source=gmail&amp;ust=1648735720168000&amp;usg=AOvVaw0TitEx7oLGQvzJd137qoBd\" rel=\"noopener\">http:\/\/dondusang88.fr<\/a><\/strong> et <strong><a href=\"http:\/\/dondesang.efs.sante.fr\/\" target=\"_blank\" data-saferedirecturl=\"https:\/\/www.google.com\/url?q=http:\/\/dondesang.efs.sante.fr\/&amp;source=gmail&amp;ust=1648735720168000&amp;usg=AOvVaw1KVci59DfYwwrPuDKrcTN7\" rel=\"noopener\">http:\/\/dondesang.efs.sante.fr<\/a><\/strong>\u200c<wbr \/>. <\/span><\/p>\n<p><a href=\"\/2022\/03\/Affiche-ADSB-collecte-SDDV-5avr2022.jpg\" target=\"_blank\" rel=\"noopener\"><img decoding=\"async\" class=\"aligncenter wp-image-181055 size-large\" src=\"\/2022\/03\/Affiche-ADSB-collecte-SDDV-5avr2022-722x1024.jpg\" alt=\"Affiche ADSB collecte SDDV 5avr2022\" width=\"722\" height=\"1024\" \/><\/a><\/p>\n","protected":false},"excerpt":{"rendered":"<p>Une nouvelle collecte est organis\u00e9e \u00e0 Saint-Di\u00e9-des-Vosges en ce mardi 5 avril, de 9h \u00e0 13h puis de 15h30 \u00e0 [&hellip;]<\/p>\n","protected":false},"author":44,"featured_media":51595,"comment_status":"open","ping_status":"open","sticky":false,"template":"","format":"standard","meta":{"footnotes":""},"categories":[460,2915,29,17],"tags":[3195,1243,3196,3089],"class_list":["post-51594","post","type-post","status-publish","format-standard","has-post-thumbnail","hentry","category-a-la-une","category-saint-die-son-canton","category-solidarite","category-vie-associative","tag-amicale-des-donneurs-de-sang-benevoles-de-saint-die-des-vosges","tag-don-de-sang","tag-efs-grand-est","tag-espace-francois-mitterrand"],"acf":[],"yoast_head":"<!-- This site is optimized with the Yoast SEO plugin v22.5 - https:\/\/yoast.com\/wordpress\/plugins\/seo\/ -->\n<title>Prochaine collecte de sang \u00e0 Saint-Di\u00e9-des-Vosges mardi prochain - Saint Die Info<\/title>\n<meta name=\"robots\" content=\"index, follow, max-snippet:-1, max-image-preview:large, max-video-preview:-1\" \/>\n<link rel=\"canonical\" href=\"https:\/\/vosgesinfo.fr\/saintdieinfo\/2022\/03\/prochaine-collecte-de-sang-a-saint-die-vosges-mardi-prochain-2\/\" \/>\n<meta name=\"twitter:card\" content=\"summary_large_image\" \/>\n<meta name=\"twitter:title\" content=\"Prochaine collecte de sang \u00e0 Saint-Di\u00e9-des-Vosges mardi prochain - Saint Die Info\" \/>\n<meta name=\"twitter:description\" content=\"Une nouvelle collecte est organis\u00e9e \u00e0 Saint-Di\u00e9-des-Vosges en ce mardi 5 avril, de 9h \u00e0 13h puis de 15h30 \u00e0 [&hellip;]\" \/>\n<meta name=\"twitter:image\" content=\"https:\/\/vosgesinfo.fr\/app\/uploads\/sites\/4\/2024\/08\/202203don-de-sang-sddv-1-1.jpg\" \/>\n<meta name=\"twitter:creator\" content=\"@VosgesInfo88\" \/>\n<meta name=\"twitter:site\" content=\"@VosgesInfo88\" \/>\n<meta name=\"twitter:label1\" content=\"\u00c9crit par\" \/>\n\t<meta name=\"twitter:data1\" content=\"la r\u00e9daction\" \/>\n\t<meta name=\"twitter:label2\" content=\"Dur\u00e9e de lecture estim\u00e9e\" \/>\n\t<meta name=\"twitter:data2\" content=\"2 minutes\" \/>\n<script type=\"application\/ld+json\" class=\"yoast-schema-graph\">{\"@context\":\"https:\/\/schema.org\",\"@graph\":[{\"@type\":\"Article\",\"@id\":\"https:\/\/vosgesinfo.fr\/saintdieinfo\/2022\/03\/prochaine-collecte-de-sang-a-saint-die-vosges-mardi-prochain-2\/#article\",\"isPartOf\":{\"@id\":\"https:\/\/vosgesinfo.fr\/saintdieinfo\/2022\/03\/prochaine-collecte-de-sang-a-saint-die-vosges-mardi-prochain-2\/\"},\"author\":{\"name\":\"la r\u00e9daction\",\"@id\":\"https:\/\/vosgesinfo.fr\/saintdieinfo\/#\/schema\/person\/faee6704a21f3977511db84bd1cd450f\"},\"headline\":\"Prochaine collecte de sang \u00e0 Saint-Di\u00e9-des-Vosges mardi prochain\",\"datePublished\":\"2022-03-30T12:17:54+00:00\",\"dateModified\":\"2022-03-30T12:17:54+00:00\",\"mainEntityOfPage\":{\"@id\":\"https:\/\/vosgesinfo.fr\/saintdieinfo\/2022\/03\/prochaine-collecte-de-sang-a-saint-die-vosges-mardi-prochain-2\/\"},\"wordCount\":375,\"commentCount\":0,\"publisher\":{\"@id\":\"https:\/\/vosgesinfo.fr\/saintdieinfo\/#organization\"},\"image\":{\"@id\":\"https:\/\/vosgesinfo.fr\/saintdieinfo\/2022\/03\/prochaine-collecte-de-sang-a-saint-die-vosges-mardi-prochain-2\/#primaryimage\"},\"thumbnailUrl\":\"https:\/\/vosgesinfo.fr\/app\/uploads\/sites\/4\/2024\/08\/202203don-de-sang-sddv-1-1.jpg\",\"keywords\":[\"Amicale des Donneurs de Sang b\u00e9n\u00e9voles de Saint-Di\u00e9-des-Vosges\",\"don de sang\",\"EFS Grand Est\",\"Espace Fran\u00e7ois-Mitterrand\"],\"articleSection\":[\"A la Une\",\"Saint-Di\u00e9-des-Vosges et son Agglom\u00e9ration\",\"Solidarit\u00e9\",\"Vie Associative\"],\"inLanguage\":\"fr-FR\",\"potentialAction\":[{\"@type\":\"CommentAction\",\"name\":\"Comment\",\"target\":[\"https:\/\/vosgesinfo.fr\/saintdieinfo\/2022\/03\/prochaine-collecte-de-sang-a-saint-die-vosges-mardi-prochain-2\/#respond\"]}]},{\"@type\":\"WebPage\",\"@id\":\"https:\/\/vosgesinfo.fr\/saintdieinfo\/2022\/03\/prochaine-collecte-de-sang-a-saint-die-vosges-mardi-prochain-2\/\",\"url\":\"https:\/\/vosgesinfo.fr\/saintdieinfo\/2022\/03\/prochaine-collecte-de-sang-a-saint-die-vosges-mardi-prochain-2\/\",\"name\":\"Prochaine collecte de sang \u00e0 Saint-Di\u00e9-des-Vosges mardi prochain - Saint Die Info\",\"isPartOf\":{\"@id\":\"https:\/\/vosgesinfo.fr\/saintdieinfo\/#website\"},\"primaryImageOfPage\":{\"@id\":\"https:\/\/vosgesinfo.fr\/saintdieinfo\/2022\/03\/prochaine-collecte-de-sang-a-saint-die-vosges-mardi-prochain-2\/#primaryimage\"},\"image\":{\"@id\":\"https:\/\/vosgesinfo.fr\/saintdieinfo\/2022\/03\/prochaine-collecte-de-sang-a-saint-die-vosges-mardi-prochain-2\/#primaryimage\"},\"thumbnailUrl\":\"https:\/\/vosgesinfo.fr\/app\/uploads\/sites\/4\/2024\/08\/202203don-de-sang-sddv-1-1.jpg\",\"datePublished\":\"2022-03-30T12:17:54+00:00\",\"dateModified\":\"2022-03-30T12:17:54+00:00\",\"breadcrumb\":{\"@id\":\"https:\/\/vosgesinfo.fr\/saintdieinfo\/2022\/03\/prochaine-collecte-de-sang-a-saint-die-vosges-mardi-prochain-2\/#breadcrumb\"},\"inLanguage\":\"fr-FR\",\"potentialAction\":[{\"@type\":\"ReadAction\",\"target\":[\"https:\/\/vosgesinfo.fr\/saintdieinfo\/2022\/03\/prochaine-collecte-de-sang-a-saint-die-vosges-mardi-prochain-2\/\"]}]},{\"@type\":\"ImageObject\",\"inLanguage\":\"fr-FR\",\"@id\":\"https:\/\/vosgesinfo.fr\/saintdieinfo\/2022\/03\/prochaine-collecte-de-sang-a-saint-die-vosges-mardi-prochain-2\/#primaryimage\",\"url\":\"https:\/\/vosgesinfo.fr\/app\/uploads\/sites\/4\/2024\/08\/202203don-de-sang-sddv-1-1.jpg\",\"contentUrl\":\"https:\/\/vosgesinfo.fr\/app\/uploads\/sites\/4\/2024\/08\/202203don-de-sang-sddv-1-1.jpg\",\"width\":2400,\"height\":1600},{\"@type\":\"BreadcrumbList\",\"@id\":\"https:\/\/vosgesinfo.fr\/saintdieinfo\/2022\/03\/prochaine-collecte-de-sang-a-saint-die-vosges-mardi-prochain-2\/#breadcrumb\",\"itemListElement\":[{\"@type\":\"ListItem\",\"position\":1,\"name\":\"Home\",\"item\":\"https:\/\/vosgesinfo.fr\/saintdieinfo\/\"},{\"@type\":\"ListItem\",\"position\":2,\"name\":\"Prochaine collecte de sang \u00e0 Saint-Di\u00e9-des-Vosges mardi prochain\"}]},{\"@type\":\"WebSite\",\"@id\":\"https:\/\/vosgesinfo.fr\/saintdieinfo\/#website\",\"url\":\"https:\/\/vosgesinfo.fr\/saintdieinfo\/\",\"name\":\"Saint Die Info\",\"description\":\"Toute l&#039;actualit\u00e9 de Saint-Di\u00e9-Des-Vosges\",\"publisher\":{\"@id\":\"https:\/\/vosgesinfo.fr\/saintdieinfo\/#organization\"},\"alternateName\":\"Toute l'actualit\u00e9 de Saint-Di\u00e9-Des-Vosges\",\"potentialAction\":[{\"@type\":\"SearchAction\",\"target\":{\"@type\":\"EntryPoint\",\"urlTemplate\":\"https:\/\/vosgesinfo.fr\/saintdieinfo\/?s={search_term_string}\"},\"query-input\":\"required name=search_term_string\"}],\"inLanguage\":\"fr-FR\"},{\"@type\":\"Organization\",\"@id\":\"https:\/\/vosgesinfo.fr\/saintdieinfo\/#organization\",\"name\":\"Saint Die Info\",\"url\":\"https:\/\/vosgesinfo.fr\/saintdieinfo\/\",\"logo\":{\"@type\":\"ImageObject\",\"inLanguage\":\"fr-FR\",\"@id\":\"https:\/\/vosgesinfo.fr\/saintdieinfo\/#\/schema\/logo\/image\/\",\"url\":\"https:\/\/vosgesinfo.fr\/app\/uploads\/sites\/4\/2024\/02\/logo-sdi.jpg\",\"contentUrl\":\"https:\/\/vosgesinfo.fr\/app\/uploads\/sites\/4\/2024\/02\/logo-sdi.jpg\",\"width\":600,\"height\":600,\"caption\":\"Saint Die Info\"},\"image\":{\"@id\":\"https:\/\/vosgesinfo.fr\/saintdieinfo\/#\/schema\/logo\/image\/\"},\"sameAs\":[\"https:\/\/www.facebook.com\/Saintdieinfofr\",\"https:\/\/x.com\/VosgesInfo88\",\"https:\/\/www.youtube.com\/@vosgesinfo\"]},{\"@type\":\"Person\",\"@id\":\"https:\/\/vosgesinfo.fr\/saintdieinfo\/#\/schema\/person\/faee6704a21f3977511db84bd1cd450f\",\"name\":\"la r\u00e9daction\",\"image\":{\"@type\":\"ImageObject\",\"inLanguage\":\"fr-FR\",\"@id\":\"https:\/\/vosgesinfo.fr\/saintdieinfo\/#\/schema\/person\/image\/\",\"url\":\"https:\/\/secure.gravatar.com\/avatar\/6673d8bc6a9c17fa9a453eaa3448de834fa308c2ec9635b7aa99441a7c8d2cf6?s=96&d=mm&r=g\",\"contentUrl\":\"https:\/\/secure.gravatar.com\/avatar\/6673d8bc6a9c17fa9a453eaa3448de834fa308c2ec9635b7aa99441a7c8d2cf6?s=96&d=mm&r=g\",\"caption\":\"la r\u00e9daction\"},\"url\":\"https:\/\/vosgesinfo.fr\/saintdieinfo\/author\/redac\/\"}]}<\/script>\n<!-- \/ Yoast SEO plugin. -->","yoast_head_json":{"title":"Prochaine collecte de sang \u00e0 Saint-Di\u00e9-des-Vosges mardi prochain - Saint Die Info","robots":{"index":"index","follow":"follow","max-snippet":"max-snippet:-1","max-image-preview":"max-image-preview:large","max-video-preview":"max-video-preview:-1"},"canonical":"https:\/\/vosgesinfo.fr\/saintdieinfo\/2022\/03\/prochaine-collecte-de-sang-a-saint-die-vosges-mardi-prochain-2\/","twitter_card":"summary_large_image","twitter_title":"Prochaine collecte de sang \u00e0 Saint-Di\u00e9-des-Vosges mardi prochain - Saint Die Info","twitter_description":"Une nouvelle collecte est organis\u00e9e \u00e0 Saint-Di\u00e9-des-Vosges en ce mardi 5 avril, de 9h \u00e0 13h puis de 15h30 \u00e0 [&hellip;]","twitter_image":"https:\/\/vosgesinfo.fr\/app\/uploads\/sites\/4\/2024\/08\/202203don-de-sang-sddv-1-1.jpg","twitter_creator":"@VosgesInfo88","twitter_site":"@VosgesInfo88","twitter_misc":{"\u00c9crit par":"la r\u00e9daction","Dur\u00e9e de lecture estim\u00e9e":"2 minutes"},"schema":{"@context":"https:\/\/schema.org","@graph":[{"@type":"Article","@id":"https:\/\/vosgesinfo.fr\/saintdieinfo\/2022\/03\/prochaine-collecte-de-sang-a-saint-die-vosges-mardi-prochain-2\/#article","isPartOf":{"@id":"https:\/\/vosgesinfo.fr\/saintdieinfo\/2022\/03\/prochaine-collecte-de-sang-a-saint-die-vosges-mardi-prochain-2\/"},"author":{"name":"la r\u00e9daction","@id":"https:\/\/vosgesinfo.fr\/saintdieinfo\/#\/schema\/person\/faee6704a21f3977511db84bd1cd450f"},"headline":"Prochaine collecte de sang \u00e0 Saint-Di\u00e9-des-Vosges mardi prochain","datePublished":"2022-03-30T12:17:54+00:00","dateModified":"2022-03-30T12:17:54+00:00","mainEntityOfPage":{"@id":"https:\/\/vosgesinfo.fr\/saintdieinfo\/2022\/03\/prochaine-collecte-de-sang-a-saint-die-vosges-mardi-prochain-2\/"},"wordCount":375,"commentCount":0,"publisher":{"@id":"https:\/\/vosgesinfo.fr\/saintdieinfo\/#organization"},"image":{"@id":"https:\/\/vosgesinfo.fr\/saintdieinfo\/2022\/03\/prochaine-collecte-de-sang-a-saint-die-vosges-mardi-prochain-2\/#primaryimage"},"thumbnailUrl":"https:\/\/vosgesinfo.fr\/app\/uploads\/sites\/4\/2024\/08\/202203don-de-sang-sddv-1-1.jpg","keywords":["Amicale des Donneurs de Sang b\u00e9n\u00e9voles de Saint-Di\u00e9-des-Vosges","don de sang","EFS Grand Est","Espace Fran\u00e7ois-Mitterrand"],"articleSection":["A la Une","Saint-Di\u00e9-des-Vosges et son Agglom\u00e9ration","Solidarit\u00e9","Vie Associative"],"inLanguage":"fr-FR","potentialAction":[{"@type":"CommentAction","name":"Comment","target":["https:\/\/vosgesinfo.fr\/saintdieinfo\/2022\/03\/prochaine-collecte-de-sang-a-saint-die-vosges-mardi-prochain-2\/#respond"]}]},{"@type":"WebPage","@id":"https:\/\/vosgesinfo.fr\/saintdieinfo\/2022\/03\/prochaine-collecte-de-sang-a-saint-die-vosges-mardi-prochain-2\/","url":"https:\/\/vosgesinfo.fr\/saintdieinfo\/2022\/03\/prochaine-collecte-de-sang-a-saint-die-vosges-mardi-prochain-2\/","name":"Prochaine collecte de sang \u00e0 Saint-Di\u00e9-des-Vosges mardi prochain - Saint Die Info","isPartOf":{"@id":"https:\/\/vosgesinfo.fr\/saintdieinfo\/#website"},"primaryImageOfPage":{"@id":"https:\/\/vosgesinfo.fr\/saintdieinfo\/2022\/03\/prochaine-collecte-de-sang-a-saint-die-vosges-mardi-prochain-2\/#primaryimage"},"image":{"@id":"https:\/\/vosgesinfo.fr\/saintdieinfo\/2022\/03\/prochaine-collecte-de-sang-a-saint-die-vosges-mardi-prochain-2\/#primaryimage"},"thumbnailUrl":"https:\/\/vosgesinfo.fr\/app\/uploads\/sites\/4\/2024\/08\/202203don-de-sang-sddv-1-1.jpg","datePublished":"2022-03-30T12:17:54+00:00","dateModified":"2022-03-30T12:17:54+00:00","breadcrumb":{"@id":"https:\/\/vosgesinfo.fr\/saintdieinfo\/2022\/03\/prochaine-collecte-de-sang-a-saint-die-vosges-mardi-prochain-2\/#breadcrumb"},"inLanguage":"fr-FR","potentialAction":[{"@type":"ReadAction","target":["https:\/\/vosgesinfo.fr\/saintdieinfo\/2022\/03\/prochaine-collecte-de-sang-a-saint-die-vosges-mardi-prochain-2\/"]}]},{"@type":"ImageObject","inLanguage":"fr-FR","@id":"https:\/\/vosgesinfo.fr\/saintdieinfo\/2022\/03\/prochaine-collecte-de-sang-a-saint-die-vosges-mardi-prochain-2\/#primaryimage","url":"https:\/\/vosgesinfo.fr\/app\/uploads\/sites\/4\/2024\/08\/202203don-de-sang-sddv-1-1.jpg","contentUrl":"https:\/\/vosgesinfo.fr\/app\/uploads\/sites\/4\/2024\/08\/202203don-de-sang-sddv-1-1.jpg","width":2400,"height":1600},{"@type":"BreadcrumbList","@id":"https:\/\/vosgesinfo.fr\/saintdieinfo\/2022\/03\/prochaine-collecte-de-sang-a-saint-die-vosges-mardi-prochain-2\/#breadcrumb","itemListElement":[{"@type":"ListItem","position":1,"name":"Home","item":"https:\/\/vosgesinfo.fr\/saintdieinfo\/"},{"@type":"ListItem","position":2,"name":"Prochaine collecte de sang \u00e0 Saint-Di\u00e9-des-Vosges mardi prochain"}]},{"@type":"WebSite","@id":"https:\/\/vosgesinfo.fr\/saintdieinfo\/#website","url":"https:\/\/vosgesinfo.fr\/saintdieinfo\/","name":"Saint Die Info","description":"Toute l&#039;actualit\u00e9 de Saint-Di\u00e9-Des-Vosges","publisher":{"@id":"https:\/\/vosgesinfo.fr\/saintdieinfo\/#organization"},"alternateName":"Toute l'actualit\u00e9 de Saint-Di\u00e9-Des-Vosges","potentialAction":[{"@type":"SearchAction","target":{"@type":"EntryPoint","urlTemplate":"https:\/\/vosgesinfo.fr\/saintdieinfo\/?s={search_term_string}"},"query-input":"required name=search_term_string"}],"inLanguage":"fr-FR"},{"@type":"Organization","@id":"https:\/\/vosgesinfo.fr\/saintdieinfo\/#organization","name":"Saint Die Info","url":"https:\/\/vosgesinfo.fr\/saintdieinfo\/","logo":{"@type":"ImageObject","inLanguage":"fr-FR","@id":"https:\/\/vosgesinfo.fr\/saintdieinfo\/#\/schema\/logo\/image\/","url":"https:\/\/vosgesinfo.fr\/app\/uploads\/sites\/4\/2024\/02\/logo-sdi.jpg","contentUrl":"https:\/\/vosgesinfo.fr\/app\/uploads\/sites\/4\/2024\/02\/logo-sdi.jpg","width":600,"height":600,"caption":"Saint Die Info"},"image":{"@id":"https:\/\/vosgesinfo.fr\/saintdieinfo\/#\/schema\/logo\/image\/"},"sameAs":["https:\/\/www.facebook.com\/Saintdieinfofr","https:\/\/x.com\/VosgesInfo88","https:\/\/www.youtube.com\/@vosgesinfo"]},{"@type":"Person","@id":"https:\/\/vosgesinfo.fr\/saintdieinfo\/#\/schema\/person\/faee6704a21f3977511db84bd1cd450f","name":"la r\u00e9daction","image":{"@type":"ImageObject","inLanguage":"fr-FR","@id":"https:\/\/vosgesinfo.fr\/saintdieinfo\/#\/schema\/person\/image\/","url":"https:\/\/secure.gravatar.com\/avatar\/6673d8bc6a9c17fa9a453eaa3448de834fa308c2ec9635b7aa99441a7c8d2cf6?s=96&d=mm&r=g","contentUrl":"https:\/\/secure.gravatar.com\/avatar\/6673d8bc6a9c17fa9a453eaa3448de834fa308c2ec9635b7aa99441a7c8d2cf6?s=96&d=mm&r=g","caption":"la r\u00e9daction"},"url":"https:\/\/vosgesinfo.fr\/saintdieinfo\/author\/redac\/"}]}},"_links":{"self":[{"href":"https:\/\/vosgesinfo.fr\/saintdieinfo\/wp-json\/wp\/v2\/posts\/51594","targetHints":{"allow":["GET"]}}],"collection":[{"href":"https:\/\/vosgesinfo.fr\/saintdieinfo\/wp-json\/wp\/v2\/posts"}],"about":[{"href":"https:\/\/vosgesinfo.fr\/saintdieinfo\/wp-json\/wp\/v2\/types\/post"}],"author":[{"embeddable":true,"href":"https:\/\/vosgesinfo.fr\/saintdieinfo\/wp-json\/wp\/v2\/users\/44"}],"replies":[{"embeddable":true,"href":"https:\/\/vosgesinfo.fr\/saintdieinfo\/wp-json\/wp\/v2\/comments?post=51594"}],"version-history":[{"count":0,"href":"https:\/\/vosgesinfo.fr\/saintdieinfo\/wp-json\/wp\/v2\/posts\/51594\/revisions"}],"wp:featuredmedia":[{"embeddable":true,"href":"https:\/\/vosgesinfo.fr\/saintdieinfo\/wp-json\/wp\/v2\/media\/51595"}],"wp:attachment":[{"href":"https:\/\/vosgesinfo.fr\/saintdieinfo\/wp-json\/wp\/v2\/media?parent=51594"}],"wp:term":[{"taxonomy":"category","embeddable":true,"href":"https:\/\/vosgesinfo.fr\/saintdieinfo\/wp-json\/wp\/v2\/categories?post=51594"},{"taxonomy":"post_tag","embeddable":true,"href":"https:\/\/vosgesinfo.fr\/saintdieinfo\/wp-json\/wp\/v2\/tags?post=51594"}],"curies":[{"name":"wp","href":"https:\/\/api.w.org\/{rel}","templated":true}]}}