{"id":51614,"date":"2022-03-30T15:16:15","date_gmt":"2022-03-30T13:16:15","guid":{"rendered":"https:\/\/vosgesinfo.fr\/saintdieinfo\/2022\/03\/raon-letape-nom-animaux-intervient-cas-de-vente-illegale-de-chiots-2\/"},"modified":"2022-03-30T15:16:15","modified_gmt":"2022-03-30T13:16:15","slug":"raon-letape-nom-animaux-intervient-cas-de-vente-illegale-de-chiots-2","status":"publish","type":"post","link":"https:\/\/vosgesinfo.fr\/saintdieinfo\/2022\/03\/raon-letape-nom-animaux-intervient-cas-de-vente-illegale-de-chiots-2\/","title":{"rendered":"Raon-l&rsquo;Etape \u2013 Au Nom Des Animaux intervient pour un cas de vente ill\u00e9gale de chiots"},"content":{"rendered":"<div id=\"attachment_181077\" style=\"width: 970px\" class=\"wp-caption aligncenter\"><a href=\"\/2022\/03\/Raon-lEtape-Intervention_ANDA.jpg\" target=\"_blank\" rel=\"noopener\"><img decoding=\"async\" aria-describedby=\"caption-attachment-181077\" class=\"wp-image-181077 size-large\" src=\"\/2022\/03\/Raon-lEtape-Intervention_ANDA-1024x768.jpg\" alt=\"Raon-l'Etape-Intervention_ANDA\" width=\"960\" height=\"720\" \/><\/a><p id=\"caption-attachment-181077\" class=\"wp-caption-text\">(Photographie Au Nom Des Animaux)<\/p><\/div>\n<h2><strong><span style=\"font-size: 14pt;\">Les b\u00e9n\u00e9voles de l&rsquo;association d\u00e9odatienne Au Nom Des Animaux \u2013 ANDA \u2013 sont \u00e0 nouveau intervenus \u00e0 Raon-l&rsquo;Etape. Cette fois-ci, il ne s&rsquo;agissait pas de maltraitance animale, mais de vente ill\u00e9gale de chiots.<\/span><\/strong><\/h2>\n<p><!--more--><\/p>\n<p><em>\u00ab\u00a0Suite \u00e0 plusieurs signalements, une de nos \u00e9quipes interventions s&rsquo;est rendue sur place lundi. La situation \u00e9tait un peu mouvement au d\u00e9part, puis \u00e7a s&rsquo;est calm\u00e9 et on a pu discuter avec les propri\u00e9taires des chiots. Au nombre de 5, ces chihuahuas \u00e2g\u00e9s de 7 semaines \u00e9taient destin\u00e9s \u00e0 \u00eatre vendus 300 euros chacun ou \u00e9chang\u00e9s contre du tabac. Leur \u00e9tat de sant\u00e9 est satisfaisant, nous n&rsquo;avons pas constat\u00e9 de maltraitance m\u00eame s&rsquo;ils doivent voir un v\u00e9t\u00e9rinaire pour \u00eatre vermifug\u00e9s et identifi\u00e9s\u00a0\u00bb<\/em> explique Dominique Franiatte, pr\u00e9sident de ANDA et inspecteur 30 Millions d&rsquo;Amis, tout en soulignant que <em>\u00ab\u00a0un suivi a \u00e9t\u00e9 mis en place et nous effectuerons un contr\u00f4le ult\u00e9rieurement, pour \u00eatre s\u00fbr qu&rsquo;ils ne soient pas vendus. Dans le cas contraire, c&rsquo;est ni plus ni moins que du trafic d&rsquo;animaux. Car la loi pr\u00e9cise bien qu&rsquo;il est interdit de vendre des chiots sans d\u00e9tenir le statut d&rsquo;\u00e9leveur. D\u00e8s la premi\u00e8re port\u00e9e, il est en effet obligatoire de se d\u00e9clarer comme \u00e9leveur\u00a0\u00bb<\/em><\/p>\n<p>J.J.<\/p>\n","protected":false},"excerpt":{"rendered":"<p>Les b\u00e9n\u00e9voles de l&rsquo;association d\u00e9odatienne Au Nom Des Animaux \u2013 ANDA \u2013 sont \u00e0 nouveau intervenus \u00e0 Raon-l&rsquo;Etape. Cette fois-ci, [&hellip;]<\/p>\n","protected":false},"author":44,"featured_media":51615,"comment_status":"open","ping_status":"open","sticky":false,"template":"","format":"standard","meta":{"footnotes":""},"categories":[460,2924,2915,17],"tags":[4326,3167,2654,10833],"class_list":["post-51614","post","type-post","status-publish","format-standard","has-post-thumbnail","hentry","category-a-la-une","category-fait-divers","category-saint-die-son-canton","category-vie-associative","tag-association-de-protection-animale","tag-au-nom-des-animaux","tag-raon-letape","tag-vente-illegale-de-chiots"],"acf":[],"yoast_head":"<!-- This site is optimized with the Yoast SEO plugin v22.5 - https:\/\/yoast.com\/wordpress\/plugins\/seo\/ -->\n<title>Raon-l&#039;Etape \u2013 Au Nom Des Animaux intervient pour un cas de vente ill\u00e9gale de chiots - Saint Die Info<\/title>\n<meta name=\"robots\" content=\"index, follow, max-snippet:-1, max-image-preview:large, max-video-preview:-1\" \/>\n<link rel=\"canonical\" href=\"https:\/\/vosgesinfo.fr\/saintdieinfo\/2022\/03\/raon-letape-nom-animaux-intervient-cas-de-vente-illegale-de-chiots-2\/\" \/>\n<meta name=\"twitter:card\" content=\"summary_large_image\" \/>\n<meta name=\"twitter:title\" content=\"Raon-l&#039;Etape \u2013 Au Nom Des Animaux intervient pour un cas de vente ill\u00e9gale de chiots - Saint Die Info\" \/>\n<meta name=\"twitter:description\" content=\"Les b\u00e9n\u00e9voles de l&rsquo;association d\u00e9odatienne Au Nom Des Animaux \u2013 ANDA \u2013 sont \u00e0 nouveau intervenus \u00e0 Raon-l&rsquo;Etape. Cette fois-ci, [&hellip;]\" \/>\n<meta name=\"twitter:image\" content=\"https:\/\/vosgesinfo.fr\/app\/uploads\/sites\/4\/2024\/08\/202203raon-letape-intervention-anda-1.jpg\" \/>\n<meta name=\"twitter:creator\" content=\"@VosgesInfo88\" \/>\n<meta name=\"twitter:site\" content=\"@VosgesInfo88\" \/>\n<meta name=\"twitter:label1\" content=\"\u00c9crit par\" \/>\n\t<meta name=\"twitter:data1\" content=\"la r\u00e9daction\" \/>\n\t<meta name=\"twitter:label2\" content=\"Dur\u00e9e de lecture estim\u00e9e\" \/>\n\t<meta name=\"twitter:data2\" content=\"1 minute\" \/>\n<script type=\"application\/ld+json\" class=\"yoast-schema-graph\">{\"@context\":\"https:\/\/schema.org\",\"@graph\":[{\"@type\":\"Article\",\"@id\":\"https:\/\/vosgesinfo.fr\/saintdieinfo\/2022\/03\/raon-letape-nom-animaux-intervient-cas-de-vente-illegale-de-chiots-2\/#article\",\"isPartOf\":{\"@id\":\"https:\/\/vosgesinfo.fr\/saintdieinfo\/2022\/03\/raon-letape-nom-animaux-intervient-cas-de-vente-illegale-de-chiots-2\/\"},\"author\":{\"name\":\"la r\u00e9daction\",\"@id\":\"https:\/\/vosgesinfo.fr\/saintdieinfo\/#\/schema\/person\/faee6704a21f3977511db84bd1cd450f\"},\"headline\":\"Raon-l&rsquo;Etape \u2013 Au Nom Des Animaux intervient pour un cas de vente ill\u00e9gale de chiots\",\"datePublished\":\"2022-03-30T13:16:15+00:00\",\"dateModified\":\"2022-03-30T13:16:15+00:00\",\"mainEntityOfPage\":{\"@id\":\"https:\/\/vosgesinfo.fr\/saintdieinfo\/2022\/03\/raon-letape-nom-animaux-intervient-cas-de-vente-illegale-de-chiots-2\/\"},\"wordCount\":252,\"commentCount\":0,\"publisher\":{\"@id\":\"https:\/\/vosgesinfo.fr\/saintdieinfo\/#organization\"},\"image\":{\"@id\":\"https:\/\/vosgesinfo.fr\/saintdieinfo\/2022\/03\/raon-letape-nom-animaux-intervient-cas-de-vente-illegale-de-chiots-2\/#primaryimage\"},\"thumbnailUrl\":\"https:\/\/vosgesinfo.fr\/app\/uploads\/sites\/4\/2024\/08\/202203raon-letape-intervention-anda-1.jpg\",\"keywords\":[\"Association de protection animale\",\"Au nom des animaux\",\"Raon-l\u2019Etape\",\"Vente ill\u00e9gale de chiots\"],\"articleSection\":[\"A la Une\",\"Fait Divers\",\"Saint-Di\u00e9-des-Vosges et son Agglom\u00e9ration\",\"Vie Associative\"],\"inLanguage\":\"fr-FR\",\"potentialAction\":[{\"@type\":\"CommentAction\",\"name\":\"Comment\",\"target\":[\"https:\/\/vosgesinfo.fr\/saintdieinfo\/2022\/03\/raon-letape-nom-animaux-intervient-cas-de-vente-illegale-de-chiots-2\/#respond\"]}]},{\"@type\":\"WebPage\",\"@id\":\"https:\/\/vosgesinfo.fr\/saintdieinfo\/2022\/03\/raon-letape-nom-animaux-intervient-cas-de-vente-illegale-de-chiots-2\/\",\"url\":\"https:\/\/vosgesinfo.fr\/saintdieinfo\/2022\/03\/raon-letape-nom-animaux-intervient-cas-de-vente-illegale-de-chiots-2\/\",\"name\":\"Raon-l'Etape \u2013 Au Nom Des Animaux intervient pour un cas de vente ill\u00e9gale de chiots - Saint Die Info\",\"isPartOf\":{\"@id\":\"https:\/\/vosgesinfo.fr\/saintdieinfo\/#website\"},\"primaryImageOfPage\":{\"@id\":\"https:\/\/vosgesinfo.fr\/saintdieinfo\/2022\/03\/raon-letape-nom-animaux-intervient-cas-de-vente-illegale-de-chiots-2\/#primaryimage\"},\"image\":{\"@id\":\"https:\/\/vosgesinfo.fr\/saintdieinfo\/2022\/03\/raon-letape-nom-animaux-intervient-cas-de-vente-illegale-de-chiots-2\/#primaryimage\"},\"thumbnailUrl\":\"https:\/\/vosgesinfo.fr\/app\/uploads\/sites\/4\/2024\/08\/202203raon-letape-intervention-anda-1.jpg\",\"datePublished\":\"2022-03-30T13:16:15+00:00\",\"dateModified\":\"2022-03-30T13:16:15+00:00\",\"breadcrumb\":{\"@id\":\"https:\/\/vosgesinfo.fr\/saintdieinfo\/2022\/03\/raon-letape-nom-animaux-intervient-cas-de-vente-illegale-de-chiots-2\/#breadcrumb\"},\"inLanguage\":\"fr-FR\",\"potentialAction\":[{\"@type\":\"ReadAction\",\"target\":[\"https:\/\/vosgesinfo.fr\/saintdieinfo\/2022\/03\/raon-letape-nom-animaux-intervient-cas-de-vente-illegale-de-chiots-2\/\"]}]},{\"@type\":\"ImageObject\",\"inLanguage\":\"fr-FR\",\"@id\":\"https:\/\/vosgesinfo.fr\/saintdieinfo\/2022\/03\/raon-letape-nom-animaux-intervient-cas-de-vente-illegale-de-chiots-2\/#primaryimage\",\"url\":\"https:\/\/vosgesinfo.fr\/app\/uploads\/sites\/4\/2024\/08\/202203raon-letape-intervention-anda-1.jpg\",\"contentUrl\":\"https:\/\/vosgesinfo.fr\/app\/uploads\/sites\/4\/2024\/08\/202203raon-letape-intervention-anda-1.jpg\",\"width\":2048,\"height\":1536},{\"@type\":\"BreadcrumbList\",\"@id\":\"https:\/\/vosgesinfo.fr\/saintdieinfo\/2022\/03\/raon-letape-nom-animaux-intervient-cas-de-vente-illegale-de-chiots-2\/#breadcrumb\",\"itemListElement\":[{\"@type\":\"ListItem\",\"position\":1,\"name\":\"Home\",\"item\":\"https:\/\/vosgesinfo.fr\/saintdieinfo\/\"},{\"@type\":\"ListItem\",\"position\":2,\"name\":\"Raon-l&rsquo;Etape \u2013 Au Nom Des Animaux intervient pour un cas de vente ill\u00e9gale de chiots\"}]},{\"@type\":\"WebSite\",\"@id\":\"https:\/\/vosgesinfo.fr\/saintdieinfo\/#website\",\"url\":\"https:\/\/vosgesinfo.fr\/saintdieinfo\/\",\"name\":\"Saint Die Info\",\"description\":\"Toute l&#039;actualit\u00e9 de Saint-Di\u00e9-Des-Vosges\",\"publisher\":{\"@id\":\"https:\/\/vosgesinfo.fr\/saintdieinfo\/#organization\"},\"alternateName\":\"Toute l'actualit\u00e9 de Saint-Di\u00e9-Des-Vosges\",\"potentialAction\":[{\"@type\":\"SearchAction\",\"target\":{\"@type\":\"EntryPoint\",\"urlTemplate\":\"https:\/\/vosgesinfo.fr\/saintdieinfo\/?s={search_term_string}\"},\"query-input\":\"required name=search_term_string\"}],\"inLanguage\":\"fr-FR\"},{\"@type\":\"Organization\",\"@id\":\"https:\/\/vosgesinfo.fr\/saintdieinfo\/#organization\",\"name\":\"Saint Die Info\",\"url\":\"https:\/\/vosgesinfo.fr\/saintdieinfo\/\",\"logo\":{\"@type\":\"ImageObject\",\"inLanguage\":\"fr-FR\",\"@id\":\"https:\/\/vosgesinfo.fr\/saintdieinfo\/#\/schema\/logo\/image\/\",\"url\":\"https:\/\/vosgesinfo.fr\/app\/uploads\/sites\/4\/2024\/02\/logo-sdi.jpg\",\"contentUrl\":\"https:\/\/vosgesinfo.fr\/app\/uploads\/sites\/4\/2024\/02\/logo-sdi.jpg\",\"width\":600,\"height\":600,\"caption\":\"Saint Die Info\"},\"image\":{\"@id\":\"https:\/\/vosgesinfo.fr\/saintdieinfo\/#\/schema\/logo\/image\/\"},\"sameAs\":[\"https:\/\/www.facebook.com\/Saintdieinfofr\",\"https:\/\/x.com\/VosgesInfo88\",\"https:\/\/www.youtube.com\/@vosgesinfo\"]},{\"@type\":\"Person\",\"@id\":\"https:\/\/vosgesinfo.fr\/saintdieinfo\/#\/schema\/person\/faee6704a21f3977511db84bd1cd450f\",\"name\":\"la r\u00e9daction\",\"image\":{\"@type\":\"ImageObject\",\"inLanguage\":\"fr-FR\",\"@id\":\"https:\/\/vosgesinfo.fr\/saintdieinfo\/#\/schema\/person\/image\/\",\"url\":\"https:\/\/secure.gravatar.com\/avatar\/6673d8bc6a9c17fa9a453eaa3448de834fa308c2ec9635b7aa99441a7c8d2cf6?s=96&d=mm&r=g\",\"contentUrl\":\"https:\/\/secure.gravatar.com\/avatar\/6673d8bc6a9c17fa9a453eaa3448de834fa308c2ec9635b7aa99441a7c8d2cf6?s=96&d=mm&r=g\",\"caption\":\"la r\u00e9daction\"},\"url\":\"https:\/\/vosgesinfo.fr\/saintdieinfo\/author\/redac\/\"}]}<\/script>\n<!-- \/ Yoast SEO plugin. -->","yoast_head_json":{"title":"Raon-l'Etape \u2013 Au Nom Des Animaux intervient pour un cas de vente ill\u00e9gale de chiots - Saint Die Info","robots":{"index":"index","follow":"follow","max-snippet":"max-snippet:-1","max-image-preview":"max-image-preview:large","max-video-preview":"max-video-preview:-1"},"canonical":"https:\/\/vosgesinfo.fr\/saintdieinfo\/2022\/03\/raon-letape-nom-animaux-intervient-cas-de-vente-illegale-de-chiots-2\/","twitter_card":"summary_large_image","twitter_title":"Raon-l'Etape \u2013 Au Nom Des Animaux intervient pour un cas de vente ill\u00e9gale de chiots - Saint Die Info","twitter_description":"Les b\u00e9n\u00e9voles de l&rsquo;association d\u00e9odatienne Au Nom Des Animaux \u2013 ANDA \u2013 sont \u00e0 nouveau intervenus \u00e0 Raon-l&rsquo;Etape. Cette fois-ci, [&hellip;]","twitter_image":"https:\/\/vosgesinfo.fr\/app\/uploads\/sites\/4\/2024\/08\/202203raon-letape-intervention-anda-1.jpg","twitter_creator":"@VosgesInfo88","twitter_site":"@VosgesInfo88","twitter_misc":{"\u00c9crit par":"la r\u00e9daction","Dur\u00e9e de lecture estim\u00e9e":"1 minute"},"schema":{"@context":"https:\/\/schema.org","@graph":[{"@type":"Article","@id":"https:\/\/vosgesinfo.fr\/saintdieinfo\/2022\/03\/raon-letape-nom-animaux-intervient-cas-de-vente-illegale-de-chiots-2\/#article","isPartOf":{"@id":"https:\/\/vosgesinfo.fr\/saintdieinfo\/2022\/03\/raon-letape-nom-animaux-intervient-cas-de-vente-illegale-de-chiots-2\/"},"author":{"name":"la r\u00e9daction","@id":"https:\/\/vosgesinfo.fr\/saintdieinfo\/#\/schema\/person\/faee6704a21f3977511db84bd1cd450f"},"headline":"Raon-l&rsquo;Etape \u2013 Au Nom Des Animaux intervient pour un cas de vente ill\u00e9gale de chiots","datePublished":"2022-03-30T13:16:15+00:00","dateModified":"2022-03-30T13:16:15+00:00","mainEntityOfPage":{"@id":"https:\/\/vosgesinfo.fr\/saintdieinfo\/2022\/03\/raon-letape-nom-animaux-intervient-cas-de-vente-illegale-de-chiots-2\/"},"wordCount":252,"commentCount":0,"publisher":{"@id":"https:\/\/vosgesinfo.fr\/saintdieinfo\/#organization"},"image":{"@id":"https:\/\/vosgesinfo.fr\/saintdieinfo\/2022\/03\/raon-letape-nom-animaux-intervient-cas-de-vente-illegale-de-chiots-2\/#primaryimage"},"thumbnailUrl":"https:\/\/vosgesinfo.fr\/app\/uploads\/sites\/4\/2024\/08\/202203raon-letape-intervention-anda-1.jpg","keywords":["Association de protection animale","Au nom des animaux","Raon-l\u2019Etape","Vente ill\u00e9gale de chiots"],"articleSection":["A la Une","Fait Divers","Saint-Di\u00e9-des-Vosges et son Agglom\u00e9ration","Vie Associative"],"inLanguage":"fr-FR","potentialAction":[{"@type":"CommentAction","name":"Comment","target":["https:\/\/vosgesinfo.fr\/saintdieinfo\/2022\/03\/raon-letape-nom-animaux-intervient-cas-de-vente-illegale-de-chiots-2\/#respond"]}]},{"@type":"WebPage","@id":"https:\/\/vosgesinfo.fr\/saintdieinfo\/2022\/03\/raon-letape-nom-animaux-intervient-cas-de-vente-illegale-de-chiots-2\/","url":"https:\/\/vosgesinfo.fr\/saintdieinfo\/2022\/03\/raon-letape-nom-animaux-intervient-cas-de-vente-illegale-de-chiots-2\/","name":"Raon-l'Etape \u2013 Au Nom Des Animaux intervient pour un cas de vente ill\u00e9gale de chiots - Saint Die Info","isPartOf":{"@id":"https:\/\/vosgesinfo.fr\/saintdieinfo\/#website"},"primaryImageOfPage":{"@id":"https:\/\/vosgesinfo.fr\/saintdieinfo\/2022\/03\/raon-letape-nom-animaux-intervient-cas-de-vente-illegale-de-chiots-2\/#primaryimage"},"image":{"@id":"https:\/\/vosgesinfo.fr\/saintdieinfo\/2022\/03\/raon-letape-nom-animaux-intervient-cas-de-vente-illegale-de-chiots-2\/#primaryimage"},"thumbnailUrl":"https:\/\/vosgesinfo.fr\/app\/uploads\/sites\/4\/2024\/08\/202203raon-letape-intervention-anda-1.jpg","datePublished":"2022-03-30T13:16:15+00:00","dateModified":"2022-03-30T13:16:15+00:00","breadcrumb":{"@id":"https:\/\/vosgesinfo.fr\/saintdieinfo\/2022\/03\/raon-letape-nom-animaux-intervient-cas-de-vente-illegale-de-chiots-2\/#breadcrumb"},"inLanguage":"fr-FR","potentialAction":[{"@type":"ReadAction","target":["https:\/\/vosgesinfo.fr\/saintdieinfo\/2022\/03\/raon-letape-nom-animaux-intervient-cas-de-vente-illegale-de-chiots-2\/"]}]},{"@type":"ImageObject","inLanguage":"fr-FR","@id":"https:\/\/vosgesinfo.fr\/saintdieinfo\/2022\/03\/raon-letape-nom-animaux-intervient-cas-de-vente-illegale-de-chiots-2\/#primaryimage","url":"https:\/\/vosgesinfo.fr\/app\/uploads\/sites\/4\/2024\/08\/202203raon-letape-intervention-anda-1.jpg","contentUrl":"https:\/\/vosgesinfo.fr\/app\/uploads\/sites\/4\/2024\/08\/202203raon-letape-intervention-anda-1.jpg","width":2048,"height":1536},{"@type":"BreadcrumbList","@id":"https:\/\/vosgesinfo.fr\/saintdieinfo\/2022\/03\/raon-letape-nom-animaux-intervient-cas-de-vente-illegale-de-chiots-2\/#breadcrumb","itemListElement":[{"@type":"ListItem","position":1,"name":"Home","item":"https:\/\/vosgesinfo.fr\/saintdieinfo\/"},{"@type":"ListItem","position":2,"name":"Raon-l&rsquo;Etape \u2013 Au Nom Des Animaux intervient pour un cas de vente ill\u00e9gale de chiots"}]},{"@type":"WebSite","@id":"https:\/\/vosgesinfo.fr\/saintdieinfo\/#website","url":"https:\/\/vosgesinfo.fr\/saintdieinfo\/","name":"Saint Die Info","description":"Toute l&#039;actualit\u00e9 de Saint-Di\u00e9-Des-Vosges","publisher":{"@id":"https:\/\/vosgesinfo.fr\/saintdieinfo\/#organization"},"alternateName":"Toute l'actualit\u00e9 de Saint-Di\u00e9-Des-Vosges","potentialAction":[{"@type":"SearchAction","target":{"@type":"EntryPoint","urlTemplate":"https:\/\/vosgesinfo.fr\/saintdieinfo\/?s={search_term_string}"},"query-input":"required name=search_term_string"}],"inLanguage":"fr-FR"},{"@type":"Organization","@id":"https:\/\/vosgesinfo.fr\/saintdieinfo\/#organization","name":"Saint Die Info","url":"https:\/\/vosgesinfo.fr\/saintdieinfo\/","logo":{"@type":"ImageObject","inLanguage":"fr-FR","@id":"https:\/\/vosgesinfo.fr\/saintdieinfo\/#\/schema\/logo\/image\/","url":"https:\/\/vosgesinfo.fr\/app\/uploads\/sites\/4\/2024\/02\/logo-sdi.jpg","contentUrl":"https:\/\/vosgesinfo.fr\/app\/uploads\/sites\/4\/2024\/02\/logo-sdi.jpg","width":600,"height":600,"caption":"Saint Die Info"},"image":{"@id":"https:\/\/vosgesinfo.fr\/saintdieinfo\/#\/schema\/logo\/image\/"},"sameAs":["https:\/\/www.facebook.com\/Saintdieinfofr","https:\/\/x.com\/VosgesInfo88","https:\/\/www.youtube.com\/@vosgesinfo"]},{"@type":"Person","@id":"https:\/\/vosgesinfo.fr\/saintdieinfo\/#\/schema\/person\/faee6704a21f3977511db84bd1cd450f","name":"la r\u00e9daction","image":{"@type":"ImageObject","inLanguage":"fr-FR","@id":"https:\/\/vosgesinfo.fr\/saintdieinfo\/#\/schema\/person\/image\/","url":"https:\/\/secure.gravatar.com\/avatar\/6673d8bc6a9c17fa9a453eaa3448de834fa308c2ec9635b7aa99441a7c8d2cf6?s=96&d=mm&r=g","contentUrl":"https:\/\/secure.gravatar.com\/avatar\/6673d8bc6a9c17fa9a453eaa3448de834fa308c2ec9635b7aa99441a7c8d2cf6?s=96&d=mm&r=g","caption":"la r\u00e9daction"},"url":"https:\/\/vosgesinfo.fr\/saintdieinfo\/author\/redac\/"}]}},"_links":{"self":[{"href":"https:\/\/vosgesinfo.fr\/saintdieinfo\/wp-json\/wp\/v2\/posts\/51614","targetHints":{"allow":["GET"]}}],"collection":[{"href":"https:\/\/vosgesinfo.fr\/saintdieinfo\/wp-json\/wp\/v2\/posts"}],"about":[{"href":"https:\/\/vosgesinfo.fr\/saintdieinfo\/wp-json\/wp\/v2\/types\/post"}],"author":[{"embeddable":true,"href":"https:\/\/vosgesinfo.fr\/saintdieinfo\/wp-json\/wp\/v2\/users\/44"}],"replies":[{"embeddable":true,"href":"https:\/\/vosgesinfo.fr\/saintdieinfo\/wp-json\/wp\/v2\/comments?post=51614"}],"version-history":[{"count":0,"href":"https:\/\/vosgesinfo.fr\/saintdieinfo\/wp-json\/wp\/v2\/posts\/51614\/revisions"}],"wp:featuredmedia":[{"embeddable":true,"href":"https:\/\/vosgesinfo.fr\/saintdieinfo\/wp-json\/wp\/v2\/media\/51615"}],"wp:attachment":[{"href":"https:\/\/vosgesinfo.fr\/saintdieinfo\/wp-json\/wp\/v2\/media?parent=51614"}],"wp:term":[{"taxonomy":"category","embeddable":true,"href":"https:\/\/vosgesinfo.fr\/saintdieinfo\/wp-json\/wp\/v2\/categories?post=51614"},{"taxonomy":"post_tag","embeddable":true,"href":"https:\/\/vosgesinfo.fr\/saintdieinfo\/wp-json\/wp\/v2\/tags?post=51614"}],"curies":[{"name":"wp","href":"https:\/\/api.w.org\/{rel}","templated":true}]}}