{"id":51681,"date":"2022-04-01T06:12:35","date_gmt":"2022-04-01T04:12:35","guid":{"rendered":"https:\/\/vosgesinfo.fr\/saintdieinfo\/2022\/04\/amphibure-sortie-nature-entre-amphibiens-histoire-archeologie-legendes-2\/"},"modified":"2022-04-01T06:12:35","modified_gmt":"2022-04-01T04:12:35","slug":"amphibure-sortie-nature-entre-amphibiens-histoire-archeologie-legendes-2","status":"publish","type":"post","link":"https:\/\/vosgesinfo.fr\/saintdieinfo\/2022\/04\/amphibure-sortie-nature-entre-amphibiens-histoire-archeologie-legendes-2\/","title":{"rendered":"Amphi&rsquo;Bure\u00a0: une sortie nature entre amphibiens, histoire, arch\u00e9ologie et l\u00e9gendes"},"content":{"rendered":"<h2><strong><span style=\"font-size: 14pt;\">Les associations ETC&#8230; Terra, Berian et la Soci\u00e9t\u00e9 Philomatique Vosgienne organisent \u00ab\u00a0Amphi&rsquo;Bure\u00a0\u00bb, une sortie nature entre amphibiens, histoire, arch\u00e9ologie, mythologie et l\u00e9gendes. Le samedi 9 avril, rendez-vous \u00e0 8h30 au col de la Cr\u00e9n\u00e9e de Saint-Di\u00e9-des-Vosges. 3 groupes pourront effectuer 3 visites de 50 minutes chacune, sur 3 th\u00e8mes diff\u00e9rents. La sortie est gratuite, mais il est pr\u00e9f\u00e9rable de r\u00e9server via <a href=\"mailto:info@philomatique-vosgienne.org\" target=\"_blank\" rel=\"noopener\">info@philomatique-vosgienne.org<\/a>.<br \/>\n<\/span><\/strong><\/h2>\n<p>J.J.<\/p>\n<p><a href=\"\/2022\/04\/AmphiBure.jpg\" target=\"_blank\" rel=\"noopener\"><img decoding=\"async\" class=\"aligncenter wp-image-181179 size-large\" src=\"\/2022\/04\/AmphiBure-1024x724.jpg\" alt=\"Amphi'Bure\" width=\"960\" height=\"679\" \/><\/a><\/p>\n","protected":false},"excerpt":{"rendered":"<p>Les associations ETC&#8230; Terra, Berian et la Soci\u00e9t\u00e9 Philomatique Vosgienne organisent \u00ab\u00a0Amphi&rsquo;Bure\u00a0\u00bb, une sortie nature entre amphibiens, histoire, arch\u00e9ologie, mythologie [&hellip;]<\/p>\n","protected":false},"author":44,"featured_media":51682,"comment_status":"open","ping_status":"open","sticky":false,"template":"","format":"standard","meta":{"footnotes":""},"categories":[460,7847,2915,17],"tags":[10859,3615,10860,3029,3215],"class_list":["post-51681","post","type-post","status-publish","format-standard","has-post-thumbnail","hentry","category-a-la-une","category-art-culture","category-saint-die-son-canton","category-vie-associative","tag-amphibure","tag-association-berian","tag-col-de-la-crenee","tag-etc-terra","tag-societe-philomatique-vosgienne"],"acf":[],"yoast_head":"<!-- This site is optimized with the Yoast SEO plugin v22.5 - https:\/\/yoast.com\/wordpress\/plugins\/seo\/ -->\n<title>Amphi&#039;Bure\u00a0: une sortie nature entre amphibiens, histoire, arch\u00e9ologie et l\u00e9gendes - Saint Die Info<\/title>\n<meta name=\"robots\" content=\"index, follow, max-snippet:-1, max-image-preview:large, max-video-preview:-1\" \/>\n<link rel=\"canonical\" href=\"https:\/\/vosgesinfo.fr\/saintdieinfo\/2022\/04\/amphibure-sortie-nature-entre-amphibiens-histoire-archeologie-legendes-2\/\" \/>\n<meta name=\"twitter:card\" content=\"summary_large_image\" \/>\n<meta name=\"twitter:title\" content=\"Amphi&#039;Bure\u00a0: une sortie nature entre amphibiens, histoire, arch\u00e9ologie et l\u00e9gendes - Saint Die Info\" \/>\n<meta name=\"twitter:description\" content=\"Les associations ETC&#8230; Terra, Berian et la Soci\u00e9t\u00e9 Philomatique Vosgienne organisent \u00ab\u00a0Amphi&rsquo;Bure\u00a0\u00bb, une sortie nature entre amphibiens, histoire, arch\u00e9ologie, mythologie [&hellip;]\" \/>\n<meta name=\"twitter:image\" content=\"https:\/\/vosgesinfo.fr\/app\/uploads\/sites\/4\/2024\/08\/202204amphibure-1.jpg\" \/>\n<meta name=\"twitter:creator\" content=\"@VosgesInfo88\" \/>\n<meta name=\"twitter:site\" content=\"@VosgesInfo88\" \/>\n<meta name=\"twitter:label1\" content=\"\u00c9crit par\" \/>\n\t<meta name=\"twitter:data1\" content=\"la r\u00e9daction\" \/>\n<script type=\"application\/ld+json\" class=\"yoast-schema-graph\">{\"@context\":\"https:\/\/schema.org\",\"@graph\":[{\"@type\":\"Article\",\"@id\":\"https:\/\/vosgesinfo.fr\/saintdieinfo\/2022\/04\/amphibure-sortie-nature-entre-amphibiens-histoire-archeologie-legendes-2\/#article\",\"isPartOf\":{\"@id\":\"https:\/\/vosgesinfo.fr\/saintdieinfo\/2022\/04\/amphibure-sortie-nature-entre-amphibiens-histoire-archeologie-legendes-2\/\"},\"author\":{\"name\":\"la r\u00e9daction\",\"@id\":\"https:\/\/vosgesinfo.fr\/saintdieinfo\/#\/schema\/person\/faee6704a21f3977511db84bd1cd450f\"},\"headline\":\"Amphi&rsquo;Bure\u00a0: une sortie nature entre amphibiens, histoire, arch\u00e9ologie et l\u00e9gendes\",\"datePublished\":\"2022-04-01T04:12:35+00:00\",\"dateModified\":\"2022-04-01T04:12:35+00:00\",\"mainEntityOfPage\":{\"@id\":\"https:\/\/vosgesinfo.fr\/saintdieinfo\/2022\/04\/amphibure-sortie-nature-entre-amphibiens-histoire-archeologie-legendes-2\/\"},\"wordCount\":85,\"commentCount\":0,\"publisher\":{\"@id\":\"https:\/\/vosgesinfo.fr\/saintdieinfo\/#organization\"},\"image\":{\"@id\":\"https:\/\/vosgesinfo.fr\/saintdieinfo\/2022\/04\/amphibure-sortie-nature-entre-amphibiens-histoire-archeologie-legendes-2\/#primaryimage\"},\"thumbnailUrl\":\"https:\/\/vosgesinfo.fr\/app\/uploads\/sites\/4\/2024\/08\/202204amphibure-1.jpg\",\"keywords\":[\"Amphi'Bure\",\"Association BERIAN\",\"Col de la Cr\u00e9n\u00e9e\",\"ETC... Terra\",\"Soci\u00e9t\u00e9 Philomatique Vosgienne\"],\"articleSection\":[\"A la Une\",\"Culture\",\"Saint-Di\u00e9-des-Vosges et son Agglom\u00e9ration\",\"Vie Associative\"],\"inLanguage\":\"fr-FR\",\"potentialAction\":[{\"@type\":\"CommentAction\",\"name\":\"Comment\",\"target\":[\"https:\/\/vosgesinfo.fr\/saintdieinfo\/2022\/04\/amphibure-sortie-nature-entre-amphibiens-histoire-archeologie-legendes-2\/#respond\"]}]},{\"@type\":\"WebPage\",\"@id\":\"https:\/\/vosgesinfo.fr\/saintdieinfo\/2022\/04\/amphibure-sortie-nature-entre-amphibiens-histoire-archeologie-legendes-2\/\",\"url\":\"https:\/\/vosgesinfo.fr\/saintdieinfo\/2022\/04\/amphibure-sortie-nature-entre-amphibiens-histoire-archeologie-legendes-2\/\",\"name\":\"Amphi'Bure\u00a0: une sortie nature entre amphibiens, histoire, arch\u00e9ologie et l\u00e9gendes - Saint Die Info\",\"isPartOf\":{\"@id\":\"https:\/\/vosgesinfo.fr\/saintdieinfo\/#website\"},\"primaryImageOfPage\":{\"@id\":\"https:\/\/vosgesinfo.fr\/saintdieinfo\/2022\/04\/amphibure-sortie-nature-entre-amphibiens-histoire-archeologie-legendes-2\/#primaryimage\"},\"image\":{\"@id\":\"https:\/\/vosgesinfo.fr\/saintdieinfo\/2022\/04\/amphibure-sortie-nature-entre-amphibiens-histoire-archeologie-legendes-2\/#primaryimage\"},\"thumbnailUrl\":\"https:\/\/vosgesinfo.fr\/app\/uploads\/sites\/4\/2024\/08\/202204amphibure-1.jpg\",\"datePublished\":\"2022-04-01T04:12:35+00:00\",\"dateModified\":\"2022-04-01T04:12:35+00:00\",\"breadcrumb\":{\"@id\":\"https:\/\/vosgesinfo.fr\/saintdieinfo\/2022\/04\/amphibure-sortie-nature-entre-amphibiens-histoire-archeologie-legendes-2\/#breadcrumb\"},\"inLanguage\":\"fr-FR\",\"potentialAction\":[{\"@type\":\"ReadAction\",\"target\":[\"https:\/\/vosgesinfo.fr\/saintdieinfo\/2022\/04\/amphibure-sortie-nature-entre-amphibiens-histoire-archeologie-legendes-2\/\"]}]},{\"@type\":\"ImageObject\",\"inLanguage\":\"fr-FR\",\"@id\":\"https:\/\/vosgesinfo.fr\/saintdieinfo\/2022\/04\/amphibure-sortie-nature-entre-amphibiens-histoire-archeologie-legendes-2\/#primaryimage\",\"url\":\"https:\/\/vosgesinfo.fr\/app\/uploads\/sites\/4\/2024\/08\/202204amphibure-1.jpg\",\"contentUrl\":\"https:\/\/vosgesinfo.fr\/app\/uploads\/sites\/4\/2024\/08\/202204amphibure-1.jpg\",\"width\":1754,\"height\":1240},{\"@type\":\"BreadcrumbList\",\"@id\":\"https:\/\/vosgesinfo.fr\/saintdieinfo\/2022\/04\/amphibure-sortie-nature-entre-amphibiens-histoire-archeologie-legendes-2\/#breadcrumb\",\"itemListElement\":[{\"@type\":\"ListItem\",\"position\":1,\"name\":\"Home\",\"item\":\"https:\/\/vosgesinfo.fr\/saintdieinfo\/\"},{\"@type\":\"ListItem\",\"position\":2,\"name\":\"Amphi&rsquo;Bure\u00a0: une sortie nature entre amphibiens, histoire, arch\u00e9ologie et l\u00e9gendes\"}]},{\"@type\":\"WebSite\",\"@id\":\"https:\/\/vosgesinfo.fr\/saintdieinfo\/#website\",\"url\":\"https:\/\/vosgesinfo.fr\/saintdieinfo\/\",\"name\":\"Saint Die Info\",\"description\":\"Toute l&#039;actualit\u00e9 de Saint-Di\u00e9-Des-Vosges\",\"publisher\":{\"@id\":\"https:\/\/vosgesinfo.fr\/saintdieinfo\/#organization\"},\"alternateName\":\"Toute l'actualit\u00e9 de Saint-Di\u00e9-Des-Vosges\",\"potentialAction\":[{\"@type\":\"SearchAction\",\"target\":{\"@type\":\"EntryPoint\",\"urlTemplate\":\"https:\/\/vosgesinfo.fr\/saintdieinfo\/?s={search_term_string}\"},\"query-input\":\"required name=search_term_string\"}],\"inLanguage\":\"fr-FR\"},{\"@type\":\"Organization\",\"@id\":\"https:\/\/vosgesinfo.fr\/saintdieinfo\/#organization\",\"name\":\"Saint Die Info\",\"url\":\"https:\/\/vosgesinfo.fr\/saintdieinfo\/\",\"logo\":{\"@type\":\"ImageObject\",\"inLanguage\":\"fr-FR\",\"@id\":\"https:\/\/vosgesinfo.fr\/saintdieinfo\/#\/schema\/logo\/image\/\",\"url\":\"https:\/\/vosgesinfo.fr\/app\/uploads\/sites\/4\/2024\/02\/logo-sdi.jpg\",\"contentUrl\":\"https:\/\/vosgesinfo.fr\/app\/uploads\/sites\/4\/2024\/02\/logo-sdi.jpg\",\"width\":600,\"height\":600,\"caption\":\"Saint Die Info\"},\"image\":{\"@id\":\"https:\/\/vosgesinfo.fr\/saintdieinfo\/#\/schema\/logo\/image\/\"},\"sameAs\":[\"https:\/\/www.facebook.com\/Saintdieinfofr\",\"https:\/\/x.com\/VosgesInfo88\",\"https:\/\/www.youtube.com\/@vosgesinfo\"]},{\"@type\":\"Person\",\"@id\":\"https:\/\/vosgesinfo.fr\/saintdieinfo\/#\/schema\/person\/faee6704a21f3977511db84bd1cd450f\",\"name\":\"la r\u00e9daction\",\"image\":{\"@type\":\"ImageObject\",\"inLanguage\":\"fr-FR\",\"@id\":\"https:\/\/vosgesinfo.fr\/saintdieinfo\/#\/schema\/person\/image\/\",\"url\":\"https:\/\/secure.gravatar.com\/avatar\/6673d8bc6a9c17fa9a453eaa3448de834fa308c2ec9635b7aa99441a7c8d2cf6?s=96&d=mm&r=g\",\"contentUrl\":\"https:\/\/secure.gravatar.com\/avatar\/6673d8bc6a9c17fa9a453eaa3448de834fa308c2ec9635b7aa99441a7c8d2cf6?s=96&d=mm&r=g\",\"caption\":\"la r\u00e9daction\"},\"url\":\"https:\/\/vosgesinfo.fr\/saintdieinfo\/author\/redac\/\"}]}<\/script>\n<!-- \/ Yoast SEO plugin. -->","yoast_head_json":{"title":"Amphi'Bure\u00a0: une sortie nature entre amphibiens, histoire, arch\u00e9ologie et l\u00e9gendes - Saint Die Info","robots":{"index":"index","follow":"follow","max-snippet":"max-snippet:-1","max-image-preview":"max-image-preview:large","max-video-preview":"max-video-preview:-1"},"canonical":"https:\/\/vosgesinfo.fr\/saintdieinfo\/2022\/04\/amphibure-sortie-nature-entre-amphibiens-histoire-archeologie-legendes-2\/","twitter_card":"summary_large_image","twitter_title":"Amphi'Bure\u00a0: une sortie nature entre amphibiens, histoire, arch\u00e9ologie et l\u00e9gendes - Saint Die Info","twitter_description":"Les associations ETC&#8230; Terra, Berian et la Soci\u00e9t\u00e9 Philomatique Vosgienne organisent \u00ab\u00a0Amphi&rsquo;Bure\u00a0\u00bb, une sortie nature entre amphibiens, histoire, arch\u00e9ologie, mythologie [&hellip;]","twitter_image":"https:\/\/vosgesinfo.fr\/app\/uploads\/sites\/4\/2024\/08\/202204amphibure-1.jpg","twitter_creator":"@VosgesInfo88","twitter_site":"@VosgesInfo88","twitter_misc":{"\u00c9crit par":"la r\u00e9daction"},"schema":{"@context":"https:\/\/schema.org","@graph":[{"@type":"Article","@id":"https:\/\/vosgesinfo.fr\/saintdieinfo\/2022\/04\/amphibure-sortie-nature-entre-amphibiens-histoire-archeologie-legendes-2\/#article","isPartOf":{"@id":"https:\/\/vosgesinfo.fr\/saintdieinfo\/2022\/04\/amphibure-sortie-nature-entre-amphibiens-histoire-archeologie-legendes-2\/"},"author":{"name":"la r\u00e9daction","@id":"https:\/\/vosgesinfo.fr\/saintdieinfo\/#\/schema\/person\/faee6704a21f3977511db84bd1cd450f"},"headline":"Amphi&rsquo;Bure\u00a0: une sortie nature entre amphibiens, histoire, arch\u00e9ologie et l\u00e9gendes","datePublished":"2022-04-01T04:12:35+00:00","dateModified":"2022-04-01T04:12:35+00:00","mainEntityOfPage":{"@id":"https:\/\/vosgesinfo.fr\/saintdieinfo\/2022\/04\/amphibure-sortie-nature-entre-amphibiens-histoire-archeologie-legendes-2\/"},"wordCount":85,"commentCount":0,"publisher":{"@id":"https:\/\/vosgesinfo.fr\/saintdieinfo\/#organization"},"image":{"@id":"https:\/\/vosgesinfo.fr\/saintdieinfo\/2022\/04\/amphibure-sortie-nature-entre-amphibiens-histoire-archeologie-legendes-2\/#primaryimage"},"thumbnailUrl":"https:\/\/vosgesinfo.fr\/app\/uploads\/sites\/4\/2024\/08\/202204amphibure-1.jpg","keywords":["Amphi'Bure","Association BERIAN","Col de la Cr\u00e9n\u00e9e","ETC... Terra","Soci\u00e9t\u00e9 Philomatique Vosgienne"],"articleSection":["A la Une","Culture","Saint-Di\u00e9-des-Vosges et son Agglom\u00e9ration","Vie Associative"],"inLanguage":"fr-FR","potentialAction":[{"@type":"CommentAction","name":"Comment","target":["https:\/\/vosgesinfo.fr\/saintdieinfo\/2022\/04\/amphibure-sortie-nature-entre-amphibiens-histoire-archeologie-legendes-2\/#respond"]}]},{"@type":"WebPage","@id":"https:\/\/vosgesinfo.fr\/saintdieinfo\/2022\/04\/amphibure-sortie-nature-entre-amphibiens-histoire-archeologie-legendes-2\/","url":"https:\/\/vosgesinfo.fr\/saintdieinfo\/2022\/04\/amphibure-sortie-nature-entre-amphibiens-histoire-archeologie-legendes-2\/","name":"Amphi'Bure\u00a0: une sortie nature entre amphibiens, histoire, arch\u00e9ologie et l\u00e9gendes - Saint Die Info","isPartOf":{"@id":"https:\/\/vosgesinfo.fr\/saintdieinfo\/#website"},"primaryImageOfPage":{"@id":"https:\/\/vosgesinfo.fr\/saintdieinfo\/2022\/04\/amphibure-sortie-nature-entre-amphibiens-histoire-archeologie-legendes-2\/#primaryimage"},"image":{"@id":"https:\/\/vosgesinfo.fr\/saintdieinfo\/2022\/04\/amphibure-sortie-nature-entre-amphibiens-histoire-archeologie-legendes-2\/#primaryimage"},"thumbnailUrl":"https:\/\/vosgesinfo.fr\/app\/uploads\/sites\/4\/2024\/08\/202204amphibure-1.jpg","datePublished":"2022-04-01T04:12:35+00:00","dateModified":"2022-04-01T04:12:35+00:00","breadcrumb":{"@id":"https:\/\/vosgesinfo.fr\/saintdieinfo\/2022\/04\/amphibure-sortie-nature-entre-amphibiens-histoire-archeologie-legendes-2\/#breadcrumb"},"inLanguage":"fr-FR","potentialAction":[{"@type":"ReadAction","target":["https:\/\/vosgesinfo.fr\/saintdieinfo\/2022\/04\/amphibure-sortie-nature-entre-amphibiens-histoire-archeologie-legendes-2\/"]}]},{"@type":"ImageObject","inLanguage":"fr-FR","@id":"https:\/\/vosgesinfo.fr\/saintdieinfo\/2022\/04\/amphibure-sortie-nature-entre-amphibiens-histoire-archeologie-legendes-2\/#primaryimage","url":"https:\/\/vosgesinfo.fr\/app\/uploads\/sites\/4\/2024\/08\/202204amphibure-1.jpg","contentUrl":"https:\/\/vosgesinfo.fr\/app\/uploads\/sites\/4\/2024\/08\/202204amphibure-1.jpg","width":1754,"height":1240},{"@type":"BreadcrumbList","@id":"https:\/\/vosgesinfo.fr\/saintdieinfo\/2022\/04\/amphibure-sortie-nature-entre-amphibiens-histoire-archeologie-legendes-2\/#breadcrumb","itemListElement":[{"@type":"ListItem","position":1,"name":"Home","item":"https:\/\/vosgesinfo.fr\/saintdieinfo\/"},{"@type":"ListItem","position":2,"name":"Amphi&rsquo;Bure\u00a0: une sortie nature entre amphibiens, histoire, arch\u00e9ologie et l\u00e9gendes"}]},{"@type":"WebSite","@id":"https:\/\/vosgesinfo.fr\/saintdieinfo\/#website","url":"https:\/\/vosgesinfo.fr\/saintdieinfo\/","name":"Saint Die Info","description":"Toute l&#039;actualit\u00e9 de Saint-Di\u00e9-Des-Vosges","publisher":{"@id":"https:\/\/vosgesinfo.fr\/saintdieinfo\/#organization"},"alternateName":"Toute l'actualit\u00e9 de Saint-Di\u00e9-Des-Vosges","potentialAction":[{"@type":"SearchAction","target":{"@type":"EntryPoint","urlTemplate":"https:\/\/vosgesinfo.fr\/saintdieinfo\/?s={search_term_string}"},"query-input":"required name=search_term_string"}],"inLanguage":"fr-FR"},{"@type":"Organization","@id":"https:\/\/vosgesinfo.fr\/saintdieinfo\/#organization","name":"Saint Die Info","url":"https:\/\/vosgesinfo.fr\/saintdieinfo\/","logo":{"@type":"ImageObject","inLanguage":"fr-FR","@id":"https:\/\/vosgesinfo.fr\/saintdieinfo\/#\/schema\/logo\/image\/","url":"https:\/\/vosgesinfo.fr\/app\/uploads\/sites\/4\/2024\/02\/logo-sdi.jpg","contentUrl":"https:\/\/vosgesinfo.fr\/app\/uploads\/sites\/4\/2024\/02\/logo-sdi.jpg","width":600,"height":600,"caption":"Saint Die Info"},"image":{"@id":"https:\/\/vosgesinfo.fr\/saintdieinfo\/#\/schema\/logo\/image\/"},"sameAs":["https:\/\/www.facebook.com\/Saintdieinfofr","https:\/\/x.com\/VosgesInfo88","https:\/\/www.youtube.com\/@vosgesinfo"]},{"@type":"Person","@id":"https:\/\/vosgesinfo.fr\/saintdieinfo\/#\/schema\/person\/faee6704a21f3977511db84bd1cd450f","name":"la r\u00e9daction","image":{"@type":"ImageObject","inLanguage":"fr-FR","@id":"https:\/\/vosgesinfo.fr\/saintdieinfo\/#\/schema\/person\/image\/","url":"https:\/\/secure.gravatar.com\/avatar\/6673d8bc6a9c17fa9a453eaa3448de834fa308c2ec9635b7aa99441a7c8d2cf6?s=96&d=mm&r=g","contentUrl":"https:\/\/secure.gravatar.com\/avatar\/6673d8bc6a9c17fa9a453eaa3448de834fa308c2ec9635b7aa99441a7c8d2cf6?s=96&d=mm&r=g","caption":"la r\u00e9daction"},"url":"https:\/\/vosgesinfo.fr\/saintdieinfo\/author\/redac\/"}]}},"_links":{"self":[{"href":"https:\/\/vosgesinfo.fr\/saintdieinfo\/wp-json\/wp\/v2\/posts\/51681","targetHints":{"allow":["GET"]}}],"collection":[{"href":"https:\/\/vosgesinfo.fr\/saintdieinfo\/wp-json\/wp\/v2\/posts"}],"about":[{"href":"https:\/\/vosgesinfo.fr\/saintdieinfo\/wp-json\/wp\/v2\/types\/post"}],"author":[{"embeddable":true,"href":"https:\/\/vosgesinfo.fr\/saintdieinfo\/wp-json\/wp\/v2\/users\/44"}],"replies":[{"embeddable":true,"href":"https:\/\/vosgesinfo.fr\/saintdieinfo\/wp-json\/wp\/v2\/comments?post=51681"}],"version-history":[{"count":0,"href":"https:\/\/vosgesinfo.fr\/saintdieinfo\/wp-json\/wp\/v2\/posts\/51681\/revisions"}],"wp:featuredmedia":[{"embeddable":true,"href":"https:\/\/vosgesinfo.fr\/saintdieinfo\/wp-json\/wp\/v2\/media\/51682"}],"wp:attachment":[{"href":"https:\/\/vosgesinfo.fr\/saintdieinfo\/wp-json\/wp\/v2\/media?parent=51681"}],"wp:term":[{"taxonomy":"category","embeddable":true,"href":"https:\/\/vosgesinfo.fr\/saintdieinfo\/wp-json\/wp\/v2\/categories?post=51681"},{"taxonomy":"post_tag","embeddable":true,"href":"https:\/\/vosgesinfo.fr\/saintdieinfo\/wp-json\/wp\/v2\/tags?post=51681"}],"curies":[{"name":"wp","href":"https:\/\/api.w.org\/{rel}","templated":true}]}}