{"id":51685,"date":"2022-04-01T11:02:34","date_gmt":"2022-04-01T09:02:34","guid":{"rendered":"https:\/\/vosgesinfo.fr\/saintdieinfo\/2022\/04\/president-national-don-de-sang-benevole-visite-a-saint-die-vosges-2\/"},"modified":"2022-04-01T11:02:34","modified_gmt":"2022-04-01T09:02:34","slug":"president-national-don-de-sang-benevole-visite-a-saint-die-vosges-2","status":"publish","type":"post","link":"https:\/\/vosgesinfo.fr\/saintdieinfo\/2022\/04\/president-national-don-de-sang-benevole-visite-a-saint-die-vosges-2\/","title":{"rendered":"Le pr\u00e9sident national du Don de Sang b\u00e9n\u00e9vole en visite \u00e0 Saint-Di\u00e9-des-Vosges"},"content":{"rendered":"<div id=\"attachment_181205\" style=\"width: 970px\" class=\"wp-caption aligncenter\"><a href=\"\/2022\/04\/Troph\u00e9es_Don_de_Sang_Tony-12.jpg\" target=\"_blank\" rel=\"noopener\"><img decoding=\"async\" aria-describedby=\"caption-attachment-181205\" class=\"wp-image-181205 size-large\" src=\"\/2022\/04\/Troph\u00e9es_Don_de_Sang_Tony-12-1024x771.jpg\" alt=\"Troph\u00e9es_Don_de_Sang_Tony (12)\" width=\"960\" height=\"723\" \/><\/a><p id=\"caption-attachment-181205\" class=\"wp-caption-text\">Deuxi\u00e8me en partant de la gauche, Roger Praile a visit\u00e9 le P\u00f4le VirtuReal et l&rsquo;imprimerie l&rsquo;Ormont ce jeudi.<\/p><\/div>\n<h2><strong><span style=\"font-size: 14pt;\">Pr\u00e9sident de la F\u00e9d\u00e9ration Fran\u00e7aise pour le Don de Sang B\u00e9n\u00e9vole \u2013 FFDSB \u2013 Roger Praile \u00e9tait en visite \u00e0 Saint-Di\u00e9-des-Vosges ce jeudi.<\/span><\/strong><\/h2>\n<p><!--more--><\/p>\n<p>Accueilli sur place par le pr\u00e9sident r\u00e9gional Sylvain Zanetti, Roger Praile s&rsquo;est rendu dans un premier temps au p\u00f4le VirtuReal, qui se compose de l&rsquo;InSIC, du CIRTES et de la plateforme INORI. Car c&rsquo;est l\u00e0 qu&rsquo;a \u00e9t\u00e9 imagin\u00e9, con\u00e7u, fabriqu\u00e9 et empaquet\u00e9 le nouveau troph\u00e9e de la FFDSB. Des troph\u00e9es qui seront remis aux \u00e9tablissements scolaires qui organisent leur premi\u00e8re collecte de sang. C&rsquo;est Lhoucine Boutrih, Doctorant \u00e0 l&rsquo;InSIC et membre de l&rsquo;amicale locale des Donneurs de Sang b\u00e9n\u00e9voles, qui s&rsquo;est charg\u00e9 de r\u00e9aliser ce nouveau troph\u00e9e avec l&rsquo;aide d&rsquo;\u00e9tudiants de l&rsquo;\u00e9cole d&rsquo;ing\u00e9nieur d\u00e9odatienne.<\/p>\n<p><em>\u00ab\u00a0Cela fait maintenant 8 ans que je donne mon sang. Avant \u00e0 Paris, et depuis 2017 \u00e0 Saint-Di\u00e9-des-Vosges. Apr\u00e8s le premier confinement, j&rsquo;ai souhait\u00e9 m&rsquo;impliquer dans la vie d&rsquo;une association. C&rsquo;est en allant donner mon sang \u00e0 l&rsquo;Espace Fran\u00e7ois-Mitterrand, apr\u00e8s avoir discut\u00e9 avec une b\u00e9n\u00e9vole de l&rsquo;amicale, que j&rsquo;ai d\u00e9cid\u00e9 de rejoindre l&rsquo;association. A l&rsquo;origine, Sylvain Zanetti m&rsquo;avait demand\u00e9 de concevoir un troph\u00e9e pour r\u00e9compenser les \u00e9quipes participant au D\u00e9fi du Sang (<\/em><strong><a href=\"https:\/\/saintdieinfo.fr\/2021\/08\/relevez-defi-sang-lamicale-donneurs-de-sang-de-saint-die-vosges\/\" target=\"_blank\" rel=\"noopener\">lire notre article<\/a><\/strong><em>). Le troph\u00e9e lui a beaucoup plu, donc c&rsquo;est remont\u00e9 \u00e0 l&rsquo;\u00e9chelle r\u00e9gionale puis nationale. Mais quelque soit l&rsquo;\u00e9chelle, le troph\u00e9e est identique, il n&rsquo;y a que le socle qui change. Par exemple, le socle du troph\u00e9e national est une carte de France\u00a0\u00bb<\/em> explique Lhoucine Boutrih. Et Claude Barlier, pr\u00e9sident du CIRTES et d&rsquo;INORI, de souligner que les diff\u00e9rentes pi\u00e8ces qui constituent les troph\u00e9es, mais aussi leur emballage, sont r\u00e9alis\u00e9es sur place.<\/p>\n<p>Apr\u00e8s la d\u00e9couverte du P\u00f4le VirtuReal, Roger Praile et Sylvain Zanetti ont ensuite pris la direction de l&rsquo;Imprimerie l&rsquo;Ormont, zone Hellieule 2, o\u00f9 est imprim\u00e9e \u00e0 plusieurs centaines de milliers d&rsquo;exemplaires la toute nouvelle bande-dessin\u00e9e de sensibilisation au don de sang, qui sera distribu\u00e9e aux \u00e9l\u00e8ves de la France enti\u00e8re lors des interventions des donneurs de sang b\u00e9n\u00e9voles. <em>\u00ab\u00a0Le troph\u00e9e comme la bande-dessin\u00e9e constituent la nouvelle g\u00e9n\u00e9ration de supports du Don de Sang b\u00e9n\u00e9vole\u00a0\u00bb<\/em> pr\u00e9cise Sylvain Zanetti en guise de conclusion.<\/p>\n<p>J.J.<\/p>\n\n","protected":false},"excerpt":{"rendered":"<p>Pr\u00e9sident de la F\u00e9d\u00e9ration Fran\u00e7aise pour le Don de Sang B\u00e9n\u00e9vole \u2013 FFDSB \u2013 Roger Praile \u00e9tait en visite \u00e0 [&hellip;]<\/p>\n","protected":false},"author":44,"featured_media":51686,"comment_status":"open","ping_status":"open","sticky":false,"template":"","format":"standard","meta":{"footnotes":""},"categories":[460,2915,17],"tags":[10863,10864,10217,10865],"class_list":["post-51685","post","type-post","status-publish","format-standard","has-post-thumbnail","hentry","category-a-la-une","category-saint-die-son-canton","category-vie-associative","tag-federation-francaise-pour-le-don-de-sang-benevole","tag-imprimerie-lormont","tag-pole-virtureal","tag-roger-praile"],"acf":[],"yoast_head":"<!-- This site is optimized with the Yoast SEO plugin v22.5 - https:\/\/yoast.com\/wordpress\/plugins\/seo\/ -->\n<title>Le pr\u00e9sident national du Don de Sang b\u00e9n\u00e9vole en visite \u00e0 Saint-Di\u00e9-des-Vosges - Saint Die Info<\/title>\n<meta name=\"robots\" content=\"index, follow, max-snippet:-1, max-image-preview:large, max-video-preview:-1\" \/>\n<link rel=\"canonical\" href=\"https:\/\/vosgesinfo.fr\/saintdieinfo\/2022\/04\/president-national-don-de-sang-benevole-visite-a-saint-die-vosges-2\/\" \/>\n<meta name=\"twitter:card\" content=\"summary_large_image\" \/>\n<meta name=\"twitter:title\" content=\"Le pr\u00e9sident national du Don de Sang b\u00e9n\u00e9vole en visite \u00e0 Saint-Di\u00e9-des-Vosges - Saint Die Info\" \/>\n<meta name=\"twitter:description\" content=\"Pr\u00e9sident de la F\u00e9d\u00e9ration Fran\u00e7aise pour le Don de Sang B\u00e9n\u00e9vole \u2013 FFDSB \u2013 Roger Praile \u00e9tait en visite \u00e0 [&hellip;]\" \/>\n<meta name=\"twitter:image\" content=\"https:\/\/vosgesinfo.fr\/app\/uploads\/sites\/4\/2024\/08\/202204trophees-don-de-sang-tony-12-1.jpg\" \/>\n<meta name=\"twitter:creator\" content=\"@VosgesInfo88\" \/>\n<meta name=\"twitter:site\" content=\"@VosgesInfo88\" \/>\n<meta name=\"twitter:label1\" content=\"\u00c9crit par\" \/>\n\t<meta name=\"twitter:data1\" content=\"la r\u00e9daction\" \/>\n\t<meta name=\"twitter:label2\" content=\"Dur\u00e9e de lecture estim\u00e9e\" \/>\n\t<meta name=\"twitter:data2\" content=\"2 minutes\" \/>\n<script type=\"application\/ld+json\" class=\"yoast-schema-graph\">{\"@context\":\"https:\/\/schema.org\",\"@graph\":[{\"@type\":\"Article\",\"@id\":\"https:\/\/vosgesinfo.fr\/saintdieinfo\/2022\/04\/president-national-don-de-sang-benevole-visite-a-saint-die-vosges-2\/#article\",\"isPartOf\":{\"@id\":\"https:\/\/vosgesinfo.fr\/saintdieinfo\/2022\/04\/president-national-don-de-sang-benevole-visite-a-saint-die-vosges-2\/\"},\"author\":{\"name\":\"la r\u00e9daction\",\"@id\":\"https:\/\/vosgesinfo.fr\/saintdieinfo\/#\/schema\/person\/faee6704a21f3977511db84bd1cd450f\"},\"headline\":\"Le pr\u00e9sident national du Don de Sang b\u00e9n\u00e9vole en visite \u00e0 Saint-Di\u00e9-des-Vosges\",\"datePublished\":\"2022-04-01T09:02:34+00:00\",\"dateModified\":\"2022-04-01T09:02:34+00:00\",\"mainEntityOfPage\":{\"@id\":\"https:\/\/vosgesinfo.fr\/saintdieinfo\/2022\/04\/president-national-don-de-sang-benevole-visite-a-saint-die-vosges-2\/\"},\"wordCount\":471,\"commentCount\":0,\"publisher\":{\"@id\":\"https:\/\/vosgesinfo.fr\/saintdieinfo\/#organization\"},\"image\":{\"@id\":\"https:\/\/vosgesinfo.fr\/saintdieinfo\/2022\/04\/president-national-don-de-sang-benevole-visite-a-saint-die-vosges-2\/#primaryimage\"},\"thumbnailUrl\":\"https:\/\/vosgesinfo.fr\/app\/uploads\/sites\/4\/2024\/08\/202204trophees-don-de-sang-tony-12-1.jpg\",\"keywords\":[\"F\u00e9d\u00e9ration Fran\u00e7aise pour le Don de Sang B\u00e9n\u00e9vole\",\"Imprimerie l'Ormont\",\"P\u00f4le VirtuReal\",\"Roger Praile\"],\"articleSection\":[\"A la Une\",\"Saint-Di\u00e9-des-Vosges et son Agglom\u00e9ration\",\"Vie Associative\"],\"inLanguage\":\"fr-FR\",\"potentialAction\":[{\"@type\":\"CommentAction\",\"name\":\"Comment\",\"target\":[\"https:\/\/vosgesinfo.fr\/saintdieinfo\/2022\/04\/president-national-don-de-sang-benevole-visite-a-saint-die-vosges-2\/#respond\"]}]},{\"@type\":\"WebPage\",\"@id\":\"https:\/\/vosgesinfo.fr\/saintdieinfo\/2022\/04\/president-national-don-de-sang-benevole-visite-a-saint-die-vosges-2\/\",\"url\":\"https:\/\/vosgesinfo.fr\/saintdieinfo\/2022\/04\/president-national-don-de-sang-benevole-visite-a-saint-die-vosges-2\/\",\"name\":\"Le pr\u00e9sident national du Don de Sang b\u00e9n\u00e9vole en visite \u00e0 Saint-Di\u00e9-des-Vosges - Saint Die Info\",\"isPartOf\":{\"@id\":\"https:\/\/vosgesinfo.fr\/saintdieinfo\/#website\"},\"primaryImageOfPage\":{\"@id\":\"https:\/\/vosgesinfo.fr\/saintdieinfo\/2022\/04\/president-national-don-de-sang-benevole-visite-a-saint-die-vosges-2\/#primaryimage\"},\"image\":{\"@id\":\"https:\/\/vosgesinfo.fr\/saintdieinfo\/2022\/04\/president-national-don-de-sang-benevole-visite-a-saint-die-vosges-2\/#primaryimage\"},\"thumbnailUrl\":\"https:\/\/vosgesinfo.fr\/app\/uploads\/sites\/4\/2024\/08\/202204trophees-don-de-sang-tony-12-1.jpg\",\"datePublished\":\"2022-04-01T09:02:34+00:00\",\"dateModified\":\"2022-04-01T09:02:34+00:00\",\"breadcrumb\":{\"@id\":\"https:\/\/vosgesinfo.fr\/saintdieinfo\/2022\/04\/president-national-don-de-sang-benevole-visite-a-saint-die-vosges-2\/#breadcrumb\"},\"inLanguage\":\"fr-FR\",\"potentialAction\":[{\"@type\":\"ReadAction\",\"target\":[\"https:\/\/vosgesinfo.fr\/saintdieinfo\/2022\/04\/president-national-don-de-sang-benevole-visite-a-saint-die-vosges-2\/\"]}]},{\"@type\":\"ImageObject\",\"inLanguage\":\"fr-FR\",\"@id\":\"https:\/\/vosgesinfo.fr\/saintdieinfo\/2022\/04\/president-national-don-de-sang-benevole-visite-a-saint-die-vosges-2\/#primaryimage\",\"url\":\"https:\/\/vosgesinfo.fr\/app\/uploads\/sites\/4\/2024\/08\/202204trophees-don-de-sang-tony-12-1.jpg\",\"contentUrl\":\"https:\/\/vosgesinfo.fr\/app\/uploads\/sites\/4\/2024\/08\/202204trophees-don-de-sang-tony-12-1.jpg\",\"width\":1600,\"height\":1205},{\"@type\":\"BreadcrumbList\",\"@id\":\"https:\/\/vosgesinfo.fr\/saintdieinfo\/2022\/04\/president-national-don-de-sang-benevole-visite-a-saint-die-vosges-2\/#breadcrumb\",\"itemListElement\":[{\"@type\":\"ListItem\",\"position\":1,\"name\":\"Home\",\"item\":\"https:\/\/vosgesinfo.fr\/saintdieinfo\/\"},{\"@type\":\"ListItem\",\"position\":2,\"name\":\"Le pr\u00e9sident national du Don de Sang b\u00e9n\u00e9vole en visite \u00e0 Saint-Di\u00e9-des-Vosges\"}]},{\"@type\":\"WebSite\",\"@id\":\"https:\/\/vosgesinfo.fr\/saintdieinfo\/#website\",\"url\":\"https:\/\/vosgesinfo.fr\/saintdieinfo\/\",\"name\":\"Saint Die Info\",\"description\":\"Toute l&#039;actualit\u00e9 de Saint-Di\u00e9-Des-Vosges\",\"publisher\":{\"@id\":\"https:\/\/vosgesinfo.fr\/saintdieinfo\/#organization\"},\"alternateName\":\"Toute l'actualit\u00e9 de Saint-Di\u00e9-Des-Vosges\",\"potentialAction\":[{\"@type\":\"SearchAction\",\"target\":{\"@type\":\"EntryPoint\",\"urlTemplate\":\"https:\/\/vosgesinfo.fr\/saintdieinfo\/?s={search_term_string}\"},\"query-input\":\"required name=search_term_string\"}],\"inLanguage\":\"fr-FR\"},{\"@type\":\"Organization\",\"@id\":\"https:\/\/vosgesinfo.fr\/saintdieinfo\/#organization\",\"name\":\"Saint Die Info\",\"url\":\"https:\/\/vosgesinfo.fr\/saintdieinfo\/\",\"logo\":{\"@type\":\"ImageObject\",\"inLanguage\":\"fr-FR\",\"@id\":\"https:\/\/vosgesinfo.fr\/saintdieinfo\/#\/schema\/logo\/image\/\",\"url\":\"https:\/\/vosgesinfo.fr\/app\/uploads\/sites\/4\/2024\/02\/logo-sdi.jpg\",\"contentUrl\":\"https:\/\/vosgesinfo.fr\/app\/uploads\/sites\/4\/2024\/02\/logo-sdi.jpg\",\"width\":600,\"height\":600,\"caption\":\"Saint Die Info\"},\"image\":{\"@id\":\"https:\/\/vosgesinfo.fr\/saintdieinfo\/#\/schema\/logo\/image\/\"},\"sameAs\":[\"https:\/\/www.facebook.com\/Saintdieinfofr\",\"https:\/\/x.com\/VosgesInfo88\",\"https:\/\/www.youtube.com\/@vosgesinfo\"]},{\"@type\":\"Person\",\"@id\":\"https:\/\/vosgesinfo.fr\/saintdieinfo\/#\/schema\/person\/faee6704a21f3977511db84bd1cd450f\",\"name\":\"la r\u00e9daction\",\"image\":{\"@type\":\"ImageObject\",\"inLanguage\":\"fr-FR\",\"@id\":\"https:\/\/vosgesinfo.fr\/saintdieinfo\/#\/schema\/person\/image\/\",\"url\":\"https:\/\/secure.gravatar.com\/avatar\/6673d8bc6a9c17fa9a453eaa3448de834fa308c2ec9635b7aa99441a7c8d2cf6?s=96&d=mm&r=g\",\"contentUrl\":\"https:\/\/secure.gravatar.com\/avatar\/6673d8bc6a9c17fa9a453eaa3448de834fa308c2ec9635b7aa99441a7c8d2cf6?s=96&d=mm&r=g\",\"caption\":\"la r\u00e9daction\"},\"url\":\"https:\/\/vosgesinfo.fr\/saintdieinfo\/author\/redac\/\"}]}<\/script>\n<!-- \/ Yoast SEO plugin. -->","yoast_head_json":{"title":"Le pr\u00e9sident national du Don de Sang b\u00e9n\u00e9vole en visite \u00e0 Saint-Di\u00e9-des-Vosges - Saint Die Info","robots":{"index":"index","follow":"follow","max-snippet":"max-snippet:-1","max-image-preview":"max-image-preview:large","max-video-preview":"max-video-preview:-1"},"canonical":"https:\/\/vosgesinfo.fr\/saintdieinfo\/2022\/04\/president-national-don-de-sang-benevole-visite-a-saint-die-vosges-2\/","twitter_card":"summary_large_image","twitter_title":"Le pr\u00e9sident national du Don de Sang b\u00e9n\u00e9vole en visite \u00e0 Saint-Di\u00e9-des-Vosges - Saint Die Info","twitter_description":"Pr\u00e9sident de la F\u00e9d\u00e9ration Fran\u00e7aise pour le Don de Sang B\u00e9n\u00e9vole \u2013 FFDSB \u2013 Roger Praile \u00e9tait en visite \u00e0 [&hellip;]","twitter_image":"https:\/\/vosgesinfo.fr\/app\/uploads\/sites\/4\/2024\/08\/202204trophees-don-de-sang-tony-12-1.jpg","twitter_creator":"@VosgesInfo88","twitter_site":"@VosgesInfo88","twitter_misc":{"\u00c9crit par":"la r\u00e9daction","Dur\u00e9e de lecture estim\u00e9e":"2 minutes"},"schema":{"@context":"https:\/\/schema.org","@graph":[{"@type":"Article","@id":"https:\/\/vosgesinfo.fr\/saintdieinfo\/2022\/04\/president-national-don-de-sang-benevole-visite-a-saint-die-vosges-2\/#article","isPartOf":{"@id":"https:\/\/vosgesinfo.fr\/saintdieinfo\/2022\/04\/president-national-don-de-sang-benevole-visite-a-saint-die-vosges-2\/"},"author":{"name":"la r\u00e9daction","@id":"https:\/\/vosgesinfo.fr\/saintdieinfo\/#\/schema\/person\/faee6704a21f3977511db84bd1cd450f"},"headline":"Le pr\u00e9sident national du Don de Sang b\u00e9n\u00e9vole en visite \u00e0 Saint-Di\u00e9-des-Vosges","datePublished":"2022-04-01T09:02:34+00:00","dateModified":"2022-04-01T09:02:34+00:00","mainEntityOfPage":{"@id":"https:\/\/vosgesinfo.fr\/saintdieinfo\/2022\/04\/president-national-don-de-sang-benevole-visite-a-saint-die-vosges-2\/"},"wordCount":471,"commentCount":0,"publisher":{"@id":"https:\/\/vosgesinfo.fr\/saintdieinfo\/#organization"},"image":{"@id":"https:\/\/vosgesinfo.fr\/saintdieinfo\/2022\/04\/president-national-don-de-sang-benevole-visite-a-saint-die-vosges-2\/#primaryimage"},"thumbnailUrl":"https:\/\/vosgesinfo.fr\/app\/uploads\/sites\/4\/2024\/08\/202204trophees-don-de-sang-tony-12-1.jpg","keywords":["F\u00e9d\u00e9ration Fran\u00e7aise pour le Don de Sang B\u00e9n\u00e9vole","Imprimerie l'Ormont","P\u00f4le VirtuReal","Roger Praile"],"articleSection":["A la Une","Saint-Di\u00e9-des-Vosges et son Agglom\u00e9ration","Vie Associative"],"inLanguage":"fr-FR","potentialAction":[{"@type":"CommentAction","name":"Comment","target":["https:\/\/vosgesinfo.fr\/saintdieinfo\/2022\/04\/president-national-don-de-sang-benevole-visite-a-saint-die-vosges-2\/#respond"]}]},{"@type":"WebPage","@id":"https:\/\/vosgesinfo.fr\/saintdieinfo\/2022\/04\/president-national-don-de-sang-benevole-visite-a-saint-die-vosges-2\/","url":"https:\/\/vosgesinfo.fr\/saintdieinfo\/2022\/04\/president-national-don-de-sang-benevole-visite-a-saint-die-vosges-2\/","name":"Le pr\u00e9sident national du Don de Sang b\u00e9n\u00e9vole en visite \u00e0 Saint-Di\u00e9-des-Vosges - Saint Die Info","isPartOf":{"@id":"https:\/\/vosgesinfo.fr\/saintdieinfo\/#website"},"primaryImageOfPage":{"@id":"https:\/\/vosgesinfo.fr\/saintdieinfo\/2022\/04\/president-national-don-de-sang-benevole-visite-a-saint-die-vosges-2\/#primaryimage"},"image":{"@id":"https:\/\/vosgesinfo.fr\/saintdieinfo\/2022\/04\/president-national-don-de-sang-benevole-visite-a-saint-die-vosges-2\/#primaryimage"},"thumbnailUrl":"https:\/\/vosgesinfo.fr\/app\/uploads\/sites\/4\/2024\/08\/202204trophees-don-de-sang-tony-12-1.jpg","datePublished":"2022-04-01T09:02:34+00:00","dateModified":"2022-04-01T09:02:34+00:00","breadcrumb":{"@id":"https:\/\/vosgesinfo.fr\/saintdieinfo\/2022\/04\/president-national-don-de-sang-benevole-visite-a-saint-die-vosges-2\/#breadcrumb"},"inLanguage":"fr-FR","potentialAction":[{"@type":"ReadAction","target":["https:\/\/vosgesinfo.fr\/saintdieinfo\/2022\/04\/president-national-don-de-sang-benevole-visite-a-saint-die-vosges-2\/"]}]},{"@type":"ImageObject","inLanguage":"fr-FR","@id":"https:\/\/vosgesinfo.fr\/saintdieinfo\/2022\/04\/president-national-don-de-sang-benevole-visite-a-saint-die-vosges-2\/#primaryimage","url":"https:\/\/vosgesinfo.fr\/app\/uploads\/sites\/4\/2024\/08\/202204trophees-don-de-sang-tony-12-1.jpg","contentUrl":"https:\/\/vosgesinfo.fr\/app\/uploads\/sites\/4\/2024\/08\/202204trophees-don-de-sang-tony-12-1.jpg","width":1600,"height":1205},{"@type":"BreadcrumbList","@id":"https:\/\/vosgesinfo.fr\/saintdieinfo\/2022\/04\/president-national-don-de-sang-benevole-visite-a-saint-die-vosges-2\/#breadcrumb","itemListElement":[{"@type":"ListItem","position":1,"name":"Home","item":"https:\/\/vosgesinfo.fr\/saintdieinfo\/"},{"@type":"ListItem","position":2,"name":"Le pr\u00e9sident national du Don de Sang b\u00e9n\u00e9vole en visite \u00e0 Saint-Di\u00e9-des-Vosges"}]},{"@type":"WebSite","@id":"https:\/\/vosgesinfo.fr\/saintdieinfo\/#website","url":"https:\/\/vosgesinfo.fr\/saintdieinfo\/","name":"Saint Die Info","description":"Toute l&#039;actualit\u00e9 de Saint-Di\u00e9-Des-Vosges","publisher":{"@id":"https:\/\/vosgesinfo.fr\/saintdieinfo\/#organization"},"alternateName":"Toute l'actualit\u00e9 de Saint-Di\u00e9-Des-Vosges","potentialAction":[{"@type":"SearchAction","target":{"@type":"EntryPoint","urlTemplate":"https:\/\/vosgesinfo.fr\/saintdieinfo\/?s={search_term_string}"},"query-input":"required name=search_term_string"}],"inLanguage":"fr-FR"},{"@type":"Organization","@id":"https:\/\/vosgesinfo.fr\/saintdieinfo\/#organization","name":"Saint Die Info","url":"https:\/\/vosgesinfo.fr\/saintdieinfo\/","logo":{"@type":"ImageObject","inLanguage":"fr-FR","@id":"https:\/\/vosgesinfo.fr\/saintdieinfo\/#\/schema\/logo\/image\/","url":"https:\/\/vosgesinfo.fr\/app\/uploads\/sites\/4\/2024\/02\/logo-sdi.jpg","contentUrl":"https:\/\/vosgesinfo.fr\/app\/uploads\/sites\/4\/2024\/02\/logo-sdi.jpg","width":600,"height":600,"caption":"Saint Die Info"},"image":{"@id":"https:\/\/vosgesinfo.fr\/saintdieinfo\/#\/schema\/logo\/image\/"},"sameAs":["https:\/\/www.facebook.com\/Saintdieinfofr","https:\/\/x.com\/VosgesInfo88","https:\/\/www.youtube.com\/@vosgesinfo"]},{"@type":"Person","@id":"https:\/\/vosgesinfo.fr\/saintdieinfo\/#\/schema\/person\/faee6704a21f3977511db84bd1cd450f","name":"la r\u00e9daction","image":{"@type":"ImageObject","inLanguage":"fr-FR","@id":"https:\/\/vosgesinfo.fr\/saintdieinfo\/#\/schema\/person\/image\/","url":"https:\/\/secure.gravatar.com\/avatar\/6673d8bc6a9c17fa9a453eaa3448de834fa308c2ec9635b7aa99441a7c8d2cf6?s=96&d=mm&r=g","contentUrl":"https:\/\/secure.gravatar.com\/avatar\/6673d8bc6a9c17fa9a453eaa3448de834fa308c2ec9635b7aa99441a7c8d2cf6?s=96&d=mm&r=g","caption":"la r\u00e9daction"},"url":"https:\/\/vosgesinfo.fr\/saintdieinfo\/author\/redac\/"}]}},"_links":{"self":[{"href":"https:\/\/vosgesinfo.fr\/saintdieinfo\/wp-json\/wp\/v2\/posts\/51685","targetHints":{"allow":["GET"]}}],"collection":[{"href":"https:\/\/vosgesinfo.fr\/saintdieinfo\/wp-json\/wp\/v2\/posts"}],"about":[{"href":"https:\/\/vosgesinfo.fr\/saintdieinfo\/wp-json\/wp\/v2\/types\/post"}],"author":[{"embeddable":true,"href":"https:\/\/vosgesinfo.fr\/saintdieinfo\/wp-json\/wp\/v2\/users\/44"}],"replies":[{"embeddable":true,"href":"https:\/\/vosgesinfo.fr\/saintdieinfo\/wp-json\/wp\/v2\/comments?post=51685"}],"version-history":[{"count":0,"href":"https:\/\/vosgesinfo.fr\/saintdieinfo\/wp-json\/wp\/v2\/posts\/51685\/revisions"}],"wp:featuredmedia":[{"embeddable":true,"href":"https:\/\/vosgesinfo.fr\/saintdieinfo\/wp-json\/wp\/v2\/media\/51686"}],"wp:attachment":[{"href":"https:\/\/vosgesinfo.fr\/saintdieinfo\/wp-json\/wp\/v2\/media?parent=51685"}],"wp:term":[{"taxonomy":"category","embeddable":true,"href":"https:\/\/vosgesinfo.fr\/saintdieinfo\/wp-json\/wp\/v2\/categories?post=51685"},{"taxonomy":"post_tag","embeddable":true,"href":"https:\/\/vosgesinfo.fr\/saintdieinfo\/wp-json\/wp\/v2\/tags?post=51685"}],"curies":[{"name":"wp","href":"https:\/\/api.w.org\/{rel}","templated":true}]}}