{"id":51798,"date":"2022-04-04T09:44:40","date_gmt":"2022-04-04T07:44:40","guid":{"rendered":"https:\/\/vosgesinfo.fr\/saintdieinfo\/2022\/04\/boutique-deodatienne-artisans-createurs-change-de-nom-2\/"},"modified":"2022-04-04T09:44:40","modified_gmt":"2022-04-04T07:44:40","slug":"boutique-deodatienne-artisans-createurs-change-de-nom-2","status":"publish","type":"post","link":"https:\/\/vosgesinfo.fr\/saintdieinfo\/2022\/04\/boutique-deodatienne-artisans-createurs-change-de-nom-2\/","title":{"rendered":"La boutique d\u00e9odatienne des artisans et cr\u00e9ateurs change de nom"},"content":{"rendered":"<div id=\"attachment_176980\" style=\"width: 970px\" class=\"wp-caption aligncenter\"><a href=\"\/2022\/01\/Boutique_Eph\u00e9m\u00e8re_Artisans.jpg\" target=\"_blank\" rel=\"noopener\"><img decoding=\"async\" aria-describedby=\"caption-attachment-176980\" class=\"wp-image-176980 size-full\" src=\"\/2022\/01\/Boutique_Eph\u00e9m\u00e8re_Artisans.jpg\" alt=\"Boutique_Eph\u00e9m\u00e8re_Artisans\" width=\"960\" height=\"720\" \/><\/a><p id=\"caption-attachment-176980\" class=\"wp-caption-text\">La boutique au moment de son ouverture. (Photographie page Facebook Les artisans de la boutique de Saint-Di\u00e9)<\/p><\/div>\n<h2><strong><span style=\"font-size: 14pt;\">Originellement baptis\u00e9e \u00ab\u00a0L&rsquo;Eph\u00e9m\u00e8re\u00a0\u00bb, la boutique des artisans et cr\u00e9ateurs du 55, rue Thiers \u00e0 Saint-Di\u00e9-des-Vosges vient de changer de nom.<\/span><\/strong><\/h2>\n<p><!--more--><\/p>\n<p>Un changement logique puisque la boutique n&rsquo;est plus \u00e9ph\u00e9m\u00e8re. Son ouverture, en mai 2021, \u00e9tait port\u00e9e par la ville afin de r\u00e9duire la vacance commerciale au centre-ville. Le concept de proposer des produits d&rsquo;artisans et de cr\u00e9ateurs locaux a s\u00e9duit, et la boutique a \u00e9t\u00e9 p\u00e9rennis\u00e9e. En septembre 2021, l&rsquo;association \u00ab\u00a0Savoir faire et saveurs locales\u00a0\u00bb a \u00e9t\u00e9 cr\u00e9\u00e9e afin de g\u00e9rer le fonctionnement de la boutique, qui se nomme d\u00e9sormais \u00ab\u00a0Artisans d&rsquo;ici\u00a0\u00bb. Actuellement, 17 artisans et cr\u00e9ateurs font vivre la boutique, dont l&rsquo;actualit\u00e9 est \u00e0 suivre <strong><a href=\"https:\/\/www.facebook.com\/Artisansdicisaintdie\" target=\"_blank\" rel=\"noopener\">sur Facebook.<\/a><\/strong><\/p>\n<p>J.J.<\/p>\n<p><img decoding=\"async\" class=\"aligncenter wp-image-181342 size-medium\" src=\"\/2022\/04\/Artisans_dIci_Logo-255x255.jpg\" alt=\"Artisans_d'Ici_Logo\" width=\"255\" height=\"255\" \/><\/p>\n","protected":false},"excerpt":{"rendered":"<p>Originellement baptis\u00e9e \u00ab\u00a0L&rsquo;Eph\u00e9m\u00e8re\u00a0\u00bb, la boutique des artisans et cr\u00e9ateurs du 55, rue Thiers \u00e0 Saint-Di\u00e9-des-Vosges vient de changer de nom.<\/p>\n","protected":false},"author":44,"featured_media":51799,"comment_status":"open","ping_status":"open","sticky":false,"template":"","format":"standard","meta":{"footnotes":""},"categories":[460,2915,17],"tags":[10892,10195,10196,3240],"class_list":["post-51798","post","type-post","status-publish","format-standard","has-post-thumbnail","hentry","category-a-la-une","category-saint-die-son-canton","category-vie-associative","tag-artisans-dici","tag-association-savoir-faire-et-saveurs-locales","tag-boutique-des-artisans-et-createurs-de-la-rue-thiers","tag-ville-de-saint-die-des-vosges"],"acf":[],"yoast_head":"<!-- This site is optimized with the Yoast SEO plugin v22.5 - https:\/\/yoast.com\/wordpress\/plugins\/seo\/ -->\n<title>La boutique d\u00e9odatienne des artisans et cr\u00e9ateurs change de nom - Saint Die Info<\/title>\n<meta name=\"robots\" content=\"index, follow, max-snippet:-1, max-image-preview:large, max-video-preview:-1\" \/>\n<link rel=\"canonical\" href=\"https:\/\/vosgesinfo.fr\/saintdieinfo\/2022\/04\/boutique-deodatienne-artisans-createurs-change-de-nom-2\/\" \/>\n<meta name=\"twitter:card\" content=\"summary_large_image\" \/>\n<meta name=\"twitter:title\" content=\"La boutique d\u00e9odatienne des artisans et cr\u00e9ateurs change de nom - Saint Die Info\" \/>\n<meta name=\"twitter:description\" content=\"Originellement baptis\u00e9e \u00ab\u00a0L&rsquo;Eph\u00e9m\u00e8re\u00a0\u00bb, la boutique des artisans et cr\u00e9ateurs du 55, rue Thiers \u00e0 Saint-Di\u00e9-des-Vosges vient de changer de nom.\" \/>\n<meta name=\"twitter:image\" content=\"https:\/\/vosgesinfo.fr\/app\/uploads\/sites\/4\/2024\/08\/202201boutique-ephemere-artisans-3.jpg\" \/>\n<meta name=\"twitter:creator\" content=\"@VosgesInfo88\" \/>\n<meta name=\"twitter:site\" content=\"@VosgesInfo88\" \/>\n<meta name=\"twitter:label1\" content=\"\u00c9crit par\" \/>\n\t<meta name=\"twitter:data1\" content=\"la r\u00e9daction\" \/>\n\t<meta name=\"twitter:label2\" content=\"Dur\u00e9e de lecture estim\u00e9e\" \/>\n\t<meta name=\"twitter:data2\" content=\"1 minute\" \/>\n<script type=\"application\/ld+json\" class=\"yoast-schema-graph\">{\"@context\":\"https:\/\/schema.org\",\"@graph\":[{\"@type\":\"Article\",\"@id\":\"https:\/\/vosgesinfo.fr\/saintdieinfo\/2022\/04\/boutique-deodatienne-artisans-createurs-change-de-nom-2\/#article\",\"isPartOf\":{\"@id\":\"https:\/\/vosgesinfo.fr\/saintdieinfo\/2022\/04\/boutique-deodatienne-artisans-createurs-change-de-nom-2\/\"},\"author\":{\"name\":\"la r\u00e9daction\",\"@id\":\"https:\/\/vosgesinfo.fr\/saintdieinfo\/#\/schema\/person\/faee6704a21f3977511db84bd1cd450f\"},\"headline\":\"La boutique d\u00e9odatienne des artisans et cr\u00e9ateurs change de nom\",\"datePublished\":\"2022-04-04T07:44:40+00:00\",\"dateModified\":\"2022-04-04T07:44:40+00:00\",\"mainEntityOfPage\":{\"@id\":\"https:\/\/vosgesinfo.fr\/saintdieinfo\/2022\/04\/boutique-deodatienne-artisans-createurs-change-de-nom-2\/\"},\"wordCount\":163,\"commentCount\":0,\"publisher\":{\"@id\":\"https:\/\/vosgesinfo.fr\/saintdieinfo\/#organization\"},\"image\":{\"@id\":\"https:\/\/vosgesinfo.fr\/saintdieinfo\/2022\/04\/boutique-deodatienne-artisans-createurs-change-de-nom-2\/#primaryimage\"},\"thumbnailUrl\":\"https:\/\/vosgesinfo.fr\/app\/uploads\/sites\/4\/2024\/08\/202201boutique-ephemere-artisans-3.jpg\",\"keywords\":[\"Artisans d'ici\",\"Association Savoir faire et saveurs locales\",\"Boutique des artisans et cr\u00e9ateurs de la rue Thiers\",\"Ville de Saint-Di\u00e9-des-Vosges\"],\"articleSection\":[\"A la Une\",\"Saint-Di\u00e9-des-Vosges et son Agglom\u00e9ration\",\"Vie Associative\"],\"inLanguage\":\"fr-FR\",\"potentialAction\":[{\"@type\":\"CommentAction\",\"name\":\"Comment\",\"target\":[\"https:\/\/vosgesinfo.fr\/saintdieinfo\/2022\/04\/boutique-deodatienne-artisans-createurs-change-de-nom-2\/#respond\"]}]},{\"@type\":\"WebPage\",\"@id\":\"https:\/\/vosgesinfo.fr\/saintdieinfo\/2022\/04\/boutique-deodatienne-artisans-createurs-change-de-nom-2\/\",\"url\":\"https:\/\/vosgesinfo.fr\/saintdieinfo\/2022\/04\/boutique-deodatienne-artisans-createurs-change-de-nom-2\/\",\"name\":\"La boutique d\u00e9odatienne des artisans et cr\u00e9ateurs change de nom - Saint Die Info\",\"isPartOf\":{\"@id\":\"https:\/\/vosgesinfo.fr\/saintdieinfo\/#website\"},\"primaryImageOfPage\":{\"@id\":\"https:\/\/vosgesinfo.fr\/saintdieinfo\/2022\/04\/boutique-deodatienne-artisans-createurs-change-de-nom-2\/#primaryimage\"},\"image\":{\"@id\":\"https:\/\/vosgesinfo.fr\/saintdieinfo\/2022\/04\/boutique-deodatienne-artisans-createurs-change-de-nom-2\/#primaryimage\"},\"thumbnailUrl\":\"https:\/\/vosgesinfo.fr\/app\/uploads\/sites\/4\/2024\/08\/202201boutique-ephemere-artisans-3.jpg\",\"datePublished\":\"2022-04-04T07:44:40+00:00\",\"dateModified\":\"2022-04-04T07:44:40+00:00\",\"breadcrumb\":{\"@id\":\"https:\/\/vosgesinfo.fr\/saintdieinfo\/2022\/04\/boutique-deodatienne-artisans-createurs-change-de-nom-2\/#breadcrumb\"},\"inLanguage\":\"fr-FR\",\"potentialAction\":[{\"@type\":\"ReadAction\",\"target\":[\"https:\/\/vosgesinfo.fr\/saintdieinfo\/2022\/04\/boutique-deodatienne-artisans-createurs-change-de-nom-2\/\"]}]},{\"@type\":\"ImageObject\",\"inLanguage\":\"fr-FR\",\"@id\":\"https:\/\/vosgesinfo.fr\/saintdieinfo\/2022\/04\/boutique-deodatienne-artisans-createurs-change-de-nom-2\/#primaryimage\",\"url\":\"https:\/\/vosgesinfo.fr\/app\/uploads\/sites\/4\/2024\/08\/202201boutique-ephemere-artisans-3.jpg\",\"contentUrl\":\"https:\/\/vosgesinfo.fr\/app\/uploads\/sites\/4\/2024\/08\/202201boutique-ephemere-artisans-3.jpg\",\"width\":960,\"height\":720},{\"@type\":\"BreadcrumbList\",\"@id\":\"https:\/\/vosgesinfo.fr\/saintdieinfo\/2022\/04\/boutique-deodatienne-artisans-createurs-change-de-nom-2\/#breadcrumb\",\"itemListElement\":[{\"@type\":\"ListItem\",\"position\":1,\"name\":\"Home\",\"item\":\"https:\/\/vosgesinfo.fr\/saintdieinfo\/\"},{\"@type\":\"ListItem\",\"position\":2,\"name\":\"La boutique d\u00e9odatienne des artisans et cr\u00e9ateurs change de nom\"}]},{\"@type\":\"WebSite\",\"@id\":\"https:\/\/vosgesinfo.fr\/saintdieinfo\/#website\",\"url\":\"https:\/\/vosgesinfo.fr\/saintdieinfo\/\",\"name\":\"Saint Die Info\",\"description\":\"Toute l&#039;actualit\u00e9 de Saint-Di\u00e9-Des-Vosges\",\"publisher\":{\"@id\":\"https:\/\/vosgesinfo.fr\/saintdieinfo\/#organization\"},\"alternateName\":\"Toute l'actualit\u00e9 de Saint-Di\u00e9-Des-Vosges\",\"potentialAction\":[{\"@type\":\"SearchAction\",\"target\":{\"@type\":\"EntryPoint\",\"urlTemplate\":\"https:\/\/vosgesinfo.fr\/saintdieinfo\/?s={search_term_string}\"},\"query-input\":\"required name=search_term_string\"}],\"inLanguage\":\"fr-FR\"},{\"@type\":\"Organization\",\"@id\":\"https:\/\/vosgesinfo.fr\/saintdieinfo\/#organization\",\"name\":\"Saint Die Info\",\"url\":\"https:\/\/vosgesinfo.fr\/saintdieinfo\/\",\"logo\":{\"@type\":\"ImageObject\",\"inLanguage\":\"fr-FR\",\"@id\":\"https:\/\/vosgesinfo.fr\/saintdieinfo\/#\/schema\/logo\/image\/\",\"url\":\"https:\/\/vosgesinfo.fr\/app\/uploads\/sites\/4\/2024\/02\/logo-sdi.jpg\",\"contentUrl\":\"https:\/\/vosgesinfo.fr\/app\/uploads\/sites\/4\/2024\/02\/logo-sdi.jpg\",\"width\":600,\"height\":600,\"caption\":\"Saint Die Info\"},\"image\":{\"@id\":\"https:\/\/vosgesinfo.fr\/saintdieinfo\/#\/schema\/logo\/image\/\"},\"sameAs\":[\"https:\/\/www.facebook.com\/Saintdieinfofr\",\"https:\/\/x.com\/VosgesInfo88\",\"https:\/\/www.youtube.com\/@vosgesinfo\"]},{\"@type\":\"Person\",\"@id\":\"https:\/\/vosgesinfo.fr\/saintdieinfo\/#\/schema\/person\/faee6704a21f3977511db84bd1cd450f\",\"name\":\"la r\u00e9daction\",\"image\":{\"@type\":\"ImageObject\",\"inLanguage\":\"fr-FR\",\"@id\":\"https:\/\/vosgesinfo.fr\/saintdieinfo\/#\/schema\/person\/image\/\",\"url\":\"https:\/\/secure.gravatar.com\/avatar\/6673d8bc6a9c17fa9a453eaa3448de834fa308c2ec9635b7aa99441a7c8d2cf6?s=96&d=mm&r=g\",\"contentUrl\":\"https:\/\/secure.gravatar.com\/avatar\/6673d8bc6a9c17fa9a453eaa3448de834fa308c2ec9635b7aa99441a7c8d2cf6?s=96&d=mm&r=g\",\"caption\":\"la r\u00e9daction\"},\"url\":\"https:\/\/vosgesinfo.fr\/saintdieinfo\/author\/redac\/\"}]}<\/script>\n<!-- \/ Yoast SEO plugin. -->","yoast_head_json":{"title":"La boutique d\u00e9odatienne des artisans et cr\u00e9ateurs change de nom - Saint Die Info","robots":{"index":"index","follow":"follow","max-snippet":"max-snippet:-1","max-image-preview":"max-image-preview:large","max-video-preview":"max-video-preview:-1"},"canonical":"https:\/\/vosgesinfo.fr\/saintdieinfo\/2022\/04\/boutique-deodatienne-artisans-createurs-change-de-nom-2\/","twitter_card":"summary_large_image","twitter_title":"La boutique d\u00e9odatienne des artisans et cr\u00e9ateurs change de nom - Saint Die Info","twitter_description":"Originellement baptis\u00e9e \u00ab\u00a0L&rsquo;Eph\u00e9m\u00e8re\u00a0\u00bb, la boutique des artisans et cr\u00e9ateurs du 55, rue Thiers \u00e0 Saint-Di\u00e9-des-Vosges vient de changer de nom.","twitter_image":"https:\/\/vosgesinfo.fr\/app\/uploads\/sites\/4\/2024\/08\/202201boutique-ephemere-artisans-3.jpg","twitter_creator":"@VosgesInfo88","twitter_site":"@VosgesInfo88","twitter_misc":{"\u00c9crit par":"la r\u00e9daction","Dur\u00e9e de lecture estim\u00e9e":"1 minute"},"schema":{"@context":"https:\/\/schema.org","@graph":[{"@type":"Article","@id":"https:\/\/vosgesinfo.fr\/saintdieinfo\/2022\/04\/boutique-deodatienne-artisans-createurs-change-de-nom-2\/#article","isPartOf":{"@id":"https:\/\/vosgesinfo.fr\/saintdieinfo\/2022\/04\/boutique-deodatienne-artisans-createurs-change-de-nom-2\/"},"author":{"name":"la r\u00e9daction","@id":"https:\/\/vosgesinfo.fr\/saintdieinfo\/#\/schema\/person\/faee6704a21f3977511db84bd1cd450f"},"headline":"La boutique d\u00e9odatienne des artisans et cr\u00e9ateurs change de nom","datePublished":"2022-04-04T07:44:40+00:00","dateModified":"2022-04-04T07:44:40+00:00","mainEntityOfPage":{"@id":"https:\/\/vosgesinfo.fr\/saintdieinfo\/2022\/04\/boutique-deodatienne-artisans-createurs-change-de-nom-2\/"},"wordCount":163,"commentCount":0,"publisher":{"@id":"https:\/\/vosgesinfo.fr\/saintdieinfo\/#organization"},"image":{"@id":"https:\/\/vosgesinfo.fr\/saintdieinfo\/2022\/04\/boutique-deodatienne-artisans-createurs-change-de-nom-2\/#primaryimage"},"thumbnailUrl":"https:\/\/vosgesinfo.fr\/app\/uploads\/sites\/4\/2024\/08\/202201boutique-ephemere-artisans-3.jpg","keywords":["Artisans d'ici","Association Savoir faire et saveurs locales","Boutique des artisans et cr\u00e9ateurs de la rue Thiers","Ville de Saint-Di\u00e9-des-Vosges"],"articleSection":["A la Une","Saint-Di\u00e9-des-Vosges et son Agglom\u00e9ration","Vie Associative"],"inLanguage":"fr-FR","potentialAction":[{"@type":"CommentAction","name":"Comment","target":["https:\/\/vosgesinfo.fr\/saintdieinfo\/2022\/04\/boutique-deodatienne-artisans-createurs-change-de-nom-2\/#respond"]}]},{"@type":"WebPage","@id":"https:\/\/vosgesinfo.fr\/saintdieinfo\/2022\/04\/boutique-deodatienne-artisans-createurs-change-de-nom-2\/","url":"https:\/\/vosgesinfo.fr\/saintdieinfo\/2022\/04\/boutique-deodatienne-artisans-createurs-change-de-nom-2\/","name":"La boutique d\u00e9odatienne des artisans et cr\u00e9ateurs change de nom - Saint Die Info","isPartOf":{"@id":"https:\/\/vosgesinfo.fr\/saintdieinfo\/#website"},"primaryImageOfPage":{"@id":"https:\/\/vosgesinfo.fr\/saintdieinfo\/2022\/04\/boutique-deodatienne-artisans-createurs-change-de-nom-2\/#primaryimage"},"image":{"@id":"https:\/\/vosgesinfo.fr\/saintdieinfo\/2022\/04\/boutique-deodatienne-artisans-createurs-change-de-nom-2\/#primaryimage"},"thumbnailUrl":"https:\/\/vosgesinfo.fr\/app\/uploads\/sites\/4\/2024\/08\/202201boutique-ephemere-artisans-3.jpg","datePublished":"2022-04-04T07:44:40+00:00","dateModified":"2022-04-04T07:44:40+00:00","breadcrumb":{"@id":"https:\/\/vosgesinfo.fr\/saintdieinfo\/2022\/04\/boutique-deodatienne-artisans-createurs-change-de-nom-2\/#breadcrumb"},"inLanguage":"fr-FR","potentialAction":[{"@type":"ReadAction","target":["https:\/\/vosgesinfo.fr\/saintdieinfo\/2022\/04\/boutique-deodatienne-artisans-createurs-change-de-nom-2\/"]}]},{"@type":"ImageObject","inLanguage":"fr-FR","@id":"https:\/\/vosgesinfo.fr\/saintdieinfo\/2022\/04\/boutique-deodatienne-artisans-createurs-change-de-nom-2\/#primaryimage","url":"https:\/\/vosgesinfo.fr\/app\/uploads\/sites\/4\/2024\/08\/202201boutique-ephemere-artisans-3.jpg","contentUrl":"https:\/\/vosgesinfo.fr\/app\/uploads\/sites\/4\/2024\/08\/202201boutique-ephemere-artisans-3.jpg","width":960,"height":720},{"@type":"BreadcrumbList","@id":"https:\/\/vosgesinfo.fr\/saintdieinfo\/2022\/04\/boutique-deodatienne-artisans-createurs-change-de-nom-2\/#breadcrumb","itemListElement":[{"@type":"ListItem","position":1,"name":"Home","item":"https:\/\/vosgesinfo.fr\/saintdieinfo\/"},{"@type":"ListItem","position":2,"name":"La boutique d\u00e9odatienne des artisans et cr\u00e9ateurs change de nom"}]},{"@type":"WebSite","@id":"https:\/\/vosgesinfo.fr\/saintdieinfo\/#website","url":"https:\/\/vosgesinfo.fr\/saintdieinfo\/","name":"Saint Die Info","description":"Toute l&#039;actualit\u00e9 de Saint-Di\u00e9-Des-Vosges","publisher":{"@id":"https:\/\/vosgesinfo.fr\/saintdieinfo\/#organization"},"alternateName":"Toute l'actualit\u00e9 de Saint-Di\u00e9-Des-Vosges","potentialAction":[{"@type":"SearchAction","target":{"@type":"EntryPoint","urlTemplate":"https:\/\/vosgesinfo.fr\/saintdieinfo\/?s={search_term_string}"},"query-input":"required name=search_term_string"}],"inLanguage":"fr-FR"},{"@type":"Organization","@id":"https:\/\/vosgesinfo.fr\/saintdieinfo\/#organization","name":"Saint Die Info","url":"https:\/\/vosgesinfo.fr\/saintdieinfo\/","logo":{"@type":"ImageObject","inLanguage":"fr-FR","@id":"https:\/\/vosgesinfo.fr\/saintdieinfo\/#\/schema\/logo\/image\/","url":"https:\/\/vosgesinfo.fr\/app\/uploads\/sites\/4\/2024\/02\/logo-sdi.jpg","contentUrl":"https:\/\/vosgesinfo.fr\/app\/uploads\/sites\/4\/2024\/02\/logo-sdi.jpg","width":600,"height":600,"caption":"Saint Die Info"},"image":{"@id":"https:\/\/vosgesinfo.fr\/saintdieinfo\/#\/schema\/logo\/image\/"},"sameAs":["https:\/\/www.facebook.com\/Saintdieinfofr","https:\/\/x.com\/VosgesInfo88","https:\/\/www.youtube.com\/@vosgesinfo"]},{"@type":"Person","@id":"https:\/\/vosgesinfo.fr\/saintdieinfo\/#\/schema\/person\/faee6704a21f3977511db84bd1cd450f","name":"la r\u00e9daction","image":{"@type":"ImageObject","inLanguage":"fr-FR","@id":"https:\/\/vosgesinfo.fr\/saintdieinfo\/#\/schema\/person\/image\/","url":"https:\/\/secure.gravatar.com\/avatar\/6673d8bc6a9c17fa9a453eaa3448de834fa308c2ec9635b7aa99441a7c8d2cf6?s=96&d=mm&r=g","contentUrl":"https:\/\/secure.gravatar.com\/avatar\/6673d8bc6a9c17fa9a453eaa3448de834fa308c2ec9635b7aa99441a7c8d2cf6?s=96&d=mm&r=g","caption":"la r\u00e9daction"},"url":"https:\/\/vosgesinfo.fr\/saintdieinfo\/author\/redac\/"}]}},"_links":{"self":[{"href":"https:\/\/vosgesinfo.fr\/saintdieinfo\/wp-json\/wp\/v2\/posts\/51798","targetHints":{"allow":["GET"]}}],"collection":[{"href":"https:\/\/vosgesinfo.fr\/saintdieinfo\/wp-json\/wp\/v2\/posts"}],"about":[{"href":"https:\/\/vosgesinfo.fr\/saintdieinfo\/wp-json\/wp\/v2\/types\/post"}],"author":[{"embeddable":true,"href":"https:\/\/vosgesinfo.fr\/saintdieinfo\/wp-json\/wp\/v2\/users\/44"}],"replies":[{"embeddable":true,"href":"https:\/\/vosgesinfo.fr\/saintdieinfo\/wp-json\/wp\/v2\/comments?post=51798"}],"version-history":[{"count":0,"href":"https:\/\/vosgesinfo.fr\/saintdieinfo\/wp-json\/wp\/v2\/posts\/51798\/revisions"}],"wp:featuredmedia":[{"embeddable":true,"href":"https:\/\/vosgesinfo.fr\/saintdieinfo\/wp-json\/wp\/v2\/media\/51799"}],"wp:attachment":[{"href":"https:\/\/vosgesinfo.fr\/saintdieinfo\/wp-json\/wp\/v2\/media?parent=51798"}],"wp:term":[{"taxonomy":"category","embeddable":true,"href":"https:\/\/vosgesinfo.fr\/saintdieinfo\/wp-json\/wp\/v2\/categories?post=51798"},{"taxonomy":"post_tag","embeddable":true,"href":"https:\/\/vosgesinfo.fr\/saintdieinfo\/wp-json\/wp\/v2\/tags?post=51798"}],"curies":[{"name":"wp","href":"https:\/\/api.w.org\/{rel}","templated":true}]}}