{"id":51817,"date":"2022-04-04T16:25:08","date_gmt":"2022-04-04T14:25:08","guid":{"rendered":"https:\/\/vosgesinfo.fr\/saintdieinfo\/2022\/04\/bouge-bleu-lautisme-plus-de-1500-euros-recoltes-profit-de-soleil-autisme-2\/"},"modified":"2022-04-04T16:25:08","modified_gmt":"2022-04-04T14:25:08","slug":"bouge-bleu-lautisme-plus-de-1500-euros-recoltes-profit-de-soleil-autisme-2","status":"publish","type":"post","link":"https:\/\/vosgesinfo.fr\/saintdieinfo\/2022\/04\/bouge-bleu-lautisme-plus-de-1500-euros-recoltes-profit-de-soleil-autisme-2\/","title":{"rendered":"Bouge en bleu pour l&rsquo;autisme\u00a0: plus de 1500 euros r\u00e9colt\u00e9s au profit de Soleil Autisme"},"content":{"rendered":"<p><a href=\"\/2022\/04\/Remise_Ch\u00e8que_Soleil_Autisme-4.jpg\" target=\"_blank\" rel=\"noopener\"><img decoding=\"async\" class=\"aligncenter wp-image-181377 size-large\" src=\"\/2022\/04\/Remise_Ch\u00e8que_Soleil_Autisme-4-1024x771.jpg\" alt=\"Remise_Ch\u00e8que_Soleil_Autisme (4)\" width=\"960\" height=\"723\" \/><\/a><\/p>\n<h2><strong><span style=\"font-size: 14pt;\">Ce samedi 2 samedi \u00e9tait synonyme de Journ\u00e9e internationale de sensibilisation \u00e0 l&rsquo;autisme. En \u00e9cho \u00e0 cette journ\u00e9e mondiale, M\u00e9lanie Richard et ses partenaires ont organis\u00e9 la premi\u00e8re \u00e9dition de \u00ab\u00a0Bouge en bleu pour l&rsquo;autisme\u00a0\u00bb (<a href=\"https:\/\/saintdieinfo.fr\/2022\/04\/bouge-bleu-lautisme-samedi-deodatien-de-sensibilisation-a-difference\/\" target=\"_blank\" rel=\"noopener\">lire notre article<\/a>).<\/span><\/strong><\/h2>\n<p><!--more--><\/p>\n<p>De nombreuses animations \u00e9taient organis\u00e9es \u00e0 cette occasion afin de sensibiliser le public \u00e0 la diff\u00e9rence et \u00e0 la tol\u00e9rance, mais aussi pour r\u00e9colter de l&rsquo;argent au profit de l&rsquo;association Soleil Autisme, qui accompagne et aide les familles de personnes autistes. L&rsquo;association ach\u00e8te \u00e9galement du \u2013 co\u00fbteux \u2013 mat\u00e9riel adapt\u00e9. Un coup d&rsquo;essai qui s&rsquo;est montr\u00e9 \u00eatre une r\u00e9ussite, surtout compte tenu de la m\u00e9t\u00e9o ex\u00e9crable&#8230; avec du froid, du vent et de la neige.<\/p>\n<p>Car c&rsquo;est un beau ch\u00e8que de 1503,74 euros que M\u00e9lanie Richard a remis \u00e0 Emmanuel Thi\u00e9baut, pr\u00e9sident de Soleil Autisme, ce lundi en fin de journ\u00e9e. Le tout en sachant que des personnes se sont manifest\u00e9es pour faire des dons ult\u00e9rieurs, et que la peinture r\u00e9alis\u00e9e en direct par Willy et le jeune Malone (<strong><a href=\"https:\/\/saintdieinfo.fr\/2022\/03\/willy-jeune-malone-pleines-repetitions-prestation-deodatienne\/\" target=\"_blank\" rel=\"noopener\">lire notre article<\/a><\/strong>) a \u00e9t\u00e9 mise aux ench\u00e8res avec un prix de d\u00e9part de 250 euros.<\/p>\n<p>Remerciant la cinquantaine de b\u00e9n\u00e9voles ayant contribu\u00e9 \u00e0 la r\u00e9ussite de cette premi\u00e8re \u00e9dition, M\u00e9lanie Richard a annonc\u00e9 qu&rsquo;une seconde \u00e9dition est d&rsquo;ores et d\u00e9j\u00e0 pr\u00e9vue. Rendez-vous est pris le dimanche 2 avril 2023.<\/p>\n<p>J.J.<\/p>\n\n","protected":false},"excerpt":{"rendered":"<p>Ce samedi 2 samedi \u00e9tait synonyme de Journ\u00e9e internationale de sensibilisation \u00e0 l&rsquo;autisme. En \u00e9cho \u00e0 cette journ\u00e9e mondiale, M\u00e9lanie [&hellip;]<\/p>\n","protected":false},"author":44,"featured_media":51818,"comment_status":"open","ping_status":"open","sticky":false,"template":"","format":"standard","meta":{"footnotes":""},"categories":[460,2915,29,17],"tags":[3941,10900,2865,10665],"class_list":["post-51817","post","type-post","status-publish","format-standard","has-post-thumbnail","hentry","category-a-la-une","category-saint-die-son-canton","category-solidarite","category-vie-associative","tag-bouge-en-bleu-pour-lautisme","tag-journee-internationale-de-sensibilisation-a-lautisme","tag-melanie-richard","tag-soleil-autisme"],"acf":[],"yoast_head":"<!-- This site is optimized with the Yoast SEO plugin v22.5 - https:\/\/yoast.com\/wordpress\/plugins\/seo\/ -->\n<title>Bouge en bleu pour l&#039;autisme\u00a0: plus de 1500 euros r\u00e9colt\u00e9s au profit de Soleil Autisme - Saint Die Info<\/title>\n<meta name=\"robots\" content=\"index, follow, max-snippet:-1, max-image-preview:large, max-video-preview:-1\" \/>\n<link rel=\"canonical\" href=\"https:\/\/vosgesinfo.fr\/saintdieinfo\/2022\/04\/bouge-bleu-lautisme-plus-de-1500-euros-recoltes-profit-de-soleil-autisme-2\/\" \/>\n<meta name=\"twitter:card\" content=\"summary_large_image\" \/>\n<meta name=\"twitter:title\" content=\"Bouge en bleu pour l&#039;autisme\u00a0: plus de 1500 euros r\u00e9colt\u00e9s au profit de Soleil Autisme - Saint Die Info\" \/>\n<meta name=\"twitter:description\" content=\"Ce samedi 2 samedi \u00e9tait synonyme de Journ\u00e9e internationale de sensibilisation \u00e0 l&rsquo;autisme. En \u00e9cho \u00e0 cette journ\u00e9e mondiale, M\u00e9lanie [&hellip;]\" \/>\n<meta name=\"twitter:image\" content=\"https:\/\/vosgesinfo.fr\/app\/uploads\/sites\/4\/2024\/08\/202204remise-cheque-soleil-autisme-4-1.jpg\" \/>\n<meta name=\"twitter:creator\" content=\"@VosgesInfo88\" \/>\n<meta name=\"twitter:site\" content=\"@VosgesInfo88\" \/>\n<meta name=\"twitter:label1\" content=\"\u00c9crit par\" \/>\n\t<meta name=\"twitter:data1\" content=\"la r\u00e9daction\" \/>\n\t<meta name=\"twitter:label2\" content=\"Dur\u00e9e de lecture estim\u00e9e\" \/>\n\t<meta name=\"twitter:data2\" content=\"1 minute\" \/>\n<script type=\"application\/ld+json\" class=\"yoast-schema-graph\">{\"@context\":\"https:\/\/schema.org\",\"@graph\":[{\"@type\":\"Article\",\"@id\":\"https:\/\/vosgesinfo.fr\/saintdieinfo\/2022\/04\/bouge-bleu-lautisme-plus-de-1500-euros-recoltes-profit-de-soleil-autisme-2\/#article\",\"isPartOf\":{\"@id\":\"https:\/\/vosgesinfo.fr\/saintdieinfo\/2022\/04\/bouge-bleu-lautisme-plus-de-1500-euros-recoltes-profit-de-soleil-autisme-2\/\"},\"author\":{\"name\":\"la r\u00e9daction\",\"@id\":\"https:\/\/vosgesinfo.fr\/saintdieinfo\/#\/schema\/person\/faee6704a21f3977511db84bd1cd450f\"},\"headline\":\"Bouge en bleu pour l&rsquo;autisme\u00a0: plus de 1500 euros r\u00e9colt\u00e9s au profit de Soleil Autisme\",\"datePublished\":\"2022-04-04T14:25:08+00:00\",\"dateModified\":\"2022-04-04T14:25:08+00:00\",\"mainEntityOfPage\":{\"@id\":\"https:\/\/vosgesinfo.fr\/saintdieinfo\/2022\/04\/bouge-bleu-lautisme-plus-de-1500-euros-recoltes-profit-de-soleil-autisme-2\/\"},\"wordCount\":271,\"commentCount\":0,\"publisher\":{\"@id\":\"https:\/\/vosgesinfo.fr\/saintdieinfo\/#organization\"},\"image\":{\"@id\":\"https:\/\/vosgesinfo.fr\/saintdieinfo\/2022\/04\/bouge-bleu-lautisme-plus-de-1500-euros-recoltes-profit-de-soleil-autisme-2\/#primaryimage\"},\"thumbnailUrl\":\"https:\/\/vosgesinfo.fr\/app\/uploads\/sites\/4\/2024\/08\/202204remise-cheque-soleil-autisme-4-1.jpg\",\"keywords\":[\"Bouge en bleu pour l'autisme\",\"Journ\u00e9e internationale de sensibilisation \u00e0 l'autisme\",\"M\u00e9lanie Richard\",\"soleil autisme\"],\"articleSection\":[\"A la Une\",\"Saint-Di\u00e9-des-Vosges et son Agglom\u00e9ration\",\"Solidarit\u00e9\",\"Vie Associative\"],\"inLanguage\":\"fr-FR\",\"potentialAction\":[{\"@type\":\"CommentAction\",\"name\":\"Comment\",\"target\":[\"https:\/\/vosgesinfo.fr\/saintdieinfo\/2022\/04\/bouge-bleu-lautisme-plus-de-1500-euros-recoltes-profit-de-soleil-autisme-2\/#respond\"]}]},{\"@type\":\"WebPage\",\"@id\":\"https:\/\/vosgesinfo.fr\/saintdieinfo\/2022\/04\/bouge-bleu-lautisme-plus-de-1500-euros-recoltes-profit-de-soleil-autisme-2\/\",\"url\":\"https:\/\/vosgesinfo.fr\/saintdieinfo\/2022\/04\/bouge-bleu-lautisme-plus-de-1500-euros-recoltes-profit-de-soleil-autisme-2\/\",\"name\":\"Bouge en bleu pour l'autisme\u00a0: plus de 1500 euros r\u00e9colt\u00e9s au profit de Soleil Autisme - Saint Die Info\",\"isPartOf\":{\"@id\":\"https:\/\/vosgesinfo.fr\/saintdieinfo\/#website\"},\"primaryImageOfPage\":{\"@id\":\"https:\/\/vosgesinfo.fr\/saintdieinfo\/2022\/04\/bouge-bleu-lautisme-plus-de-1500-euros-recoltes-profit-de-soleil-autisme-2\/#primaryimage\"},\"image\":{\"@id\":\"https:\/\/vosgesinfo.fr\/saintdieinfo\/2022\/04\/bouge-bleu-lautisme-plus-de-1500-euros-recoltes-profit-de-soleil-autisme-2\/#primaryimage\"},\"thumbnailUrl\":\"https:\/\/vosgesinfo.fr\/app\/uploads\/sites\/4\/2024\/08\/202204remise-cheque-soleil-autisme-4-1.jpg\",\"datePublished\":\"2022-04-04T14:25:08+00:00\",\"dateModified\":\"2022-04-04T14:25:08+00:00\",\"breadcrumb\":{\"@id\":\"https:\/\/vosgesinfo.fr\/saintdieinfo\/2022\/04\/bouge-bleu-lautisme-plus-de-1500-euros-recoltes-profit-de-soleil-autisme-2\/#breadcrumb\"},\"inLanguage\":\"fr-FR\",\"potentialAction\":[{\"@type\":\"ReadAction\",\"target\":[\"https:\/\/vosgesinfo.fr\/saintdieinfo\/2022\/04\/bouge-bleu-lautisme-plus-de-1500-euros-recoltes-profit-de-soleil-autisme-2\/\"]}]},{\"@type\":\"ImageObject\",\"inLanguage\":\"fr-FR\",\"@id\":\"https:\/\/vosgesinfo.fr\/saintdieinfo\/2022\/04\/bouge-bleu-lautisme-plus-de-1500-euros-recoltes-profit-de-soleil-autisme-2\/#primaryimage\",\"url\":\"https:\/\/vosgesinfo.fr\/app\/uploads\/sites\/4\/2024\/08\/202204remise-cheque-soleil-autisme-4-1.jpg\",\"contentUrl\":\"https:\/\/vosgesinfo.fr\/app\/uploads\/sites\/4\/2024\/08\/202204remise-cheque-soleil-autisme-4-1.jpg\",\"width\":1600,\"height\":1205},{\"@type\":\"BreadcrumbList\",\"@id\":\"https:\/\/vosgesinfo.fr\/saintdieinfo\/2022\/04\/bouge-bleu-lautisme-plus-de-1500-euros-recoltes-profit-de-soleil-autisme-2\/#breadcrumb\",\"itemListElement\":[{\"@type\":\"ListItem\",\"position\":1,\"name\":\"Home\",\"item\":\"https:\/\/vosgesinfo.fr\/saintdieinfo\/\"},{\"@type\":\"ListItem\",\"position\":2,\"name\":\"Bouge en bleu pour l&rsquo;autisme\u00a0: plus de 1500 euros r\u00e9colt\u00e9s au profit de Soleil Autisme\"}]},{\"@type\":\"WebSite\",\"@id\":\"https:\/\/vosgesinfo.fr\/saintdieinfo\/#website\",\"url\":\"https:\/\/vosgesinfo.fr\/saintdieinfo\/\",\"name\":\"Saint Die Info\",\"description\":\"Toute l&#039;actualit\u00e9 de Saint-Di\u00e9-Des-Vosges\",\"publisher\":{\"@id\":\"https:\/\/vosgesinfo.fr\/saintdieinfo\/#organization\"},\"alternateName\":\"Toute l'actualit\u00e9 de Saint-Di\u00e9-Des-Vosges\",\"potentialAction\":[{\"@type\":\"SearchAction\",\"target\":{\"@type\":\"EntryPoint\",\"urlTemplate\":\"https:\/\/vosgesinfo.fr\/saintdieinfo\/?s={search_term_string}\"},\"query-input\":\"required name=search_term_string\"}],\"inLanguage\":\"fr-FR\"},{\"@type\":\"Organization\",\"@id\":\"https:\/\/vosgesinfo.fr\/saintdieinfo\/#organization\",\"name\":\"Saint Die Info\",\"url\":\"https:\/\/vosgesinfo.fr\/saintdieinfo\/\",\"logo\":{\"@type\":\"ImageObject\",\"inLanguage\":\"fr-FR\",\"@id\":\"https:\/\/vosgesinfo.fr\/saintdieinfo\/#\/schema\/logo\/image\/\",\"url\":\"https:\/\/vosgesinfo.fr\/app\/uploads\/sites\/4\/2024\/02\/logo-sdi.jpg\",\"contentUrl\":\"https:\/\/vosgesinfo.fr\/app\/uploads\/sites\/4\/2024\/02\/logo-sdi.jpg\",\"width\":600,\"height\":600,\"caption\":\"Saint Die Info\"},\"image\":{\"@id\":\"https:\/\/vosgesinfo.fr\/saintdieinfo\/#\/schema\/logo\/image\/\"},\"sameAs\":[\"https:\/\/www.facebook.com\/Saintdieinfofr\",\"https:\/\/x.com\/VosgesInfo88\",\"https:\/\/www.youtube.com\/@vosgesinfo\"]},{\"@type\":\"Person\",\"@id\":\"https:\/\/vosgesinfo.fr\/saintdieinfo\/#\/schema\/person\/faee6704a21f3977511db84bd1cd450f\",\"name\":\"la r\u00e9daction\",\"image\":{\"@type\":\"ImageObject\",\"inLanguage\":\"fr-FR\",\"@id\":\"https:\/\/vosgesinfo.fr\/saintdieinfo\/#\/schema\/person\/image\/\",\"url\":\"https:\/\/secure.gravatar.com\/avatar\/6673d8bc6a9c17fa9a453eaa3448de834fa308c2ec9635b7aa99441a7c8d2cf6?s=96&d=mm&r=g\",\"contentUrl\":\"https:\/\/secure.gravatar.com\/avatar\/6673d8bc6a9c17fa9a453eaa3448de834fa308c2ec9635b7aa99441a7c8d2cf6?s=96&d=mm&r=g\",\"caption\":\"la r\u00e9daction\"},\"url\":\"https:\/\/vosgesinfo.fr\/saintdieinfo\/author\/redac\/\"}]}<\/script>\n<!-- \/ Yoast SEO plugin. -->","yoast_head_json":{"title":"Bouge en bleu pour l'autisme\u00a0: plus de 1500 euros r\u00e9colt\u00e9s au profit de Soleil Autisme - Saint Die Info","robots":{"index":"index","follow":"follow","max-snippet":"max-snippet:-1","max-image-preview":"max-image-preview:large","max-video-preview":"max-video-preview:-1"},"canonical":"https:\/\/vosgesinfo.fr\/saintdieinfo\/2022\/04\/bouge-bleu-lautisme-plus-de-1500-euros-recoltes-profit-de-soleil-autisme-2\/","twitter_card":"summary_large_image","twitter_title":"Bouge en bleu pour l'autisme\u00a0: plus de 1500 euros r\u00e9colt\u00e9s au profit de Soleil Autisme - Saint Die Info","twitter_description":"Ce samedi 2 samedi \u00e9tait synonyme de Journ\u00e9e internationale de sensibilisation \u00e0 l&rsquo;autisme. En \u00e9cho \u00e0 cette journ\u00e9e mondiale, M\u00e9lanie [&hellip;]","twitter_image":"https:\/\/vosgesinfo.fr\/app\/uploads\/sites\/4\/2024\/08\/202204remise-cheque-soleil-autisme-4-1.jpg","twitter_creator":"@VosgesInfo88","twitter_site":"@VosgesInfo88","twitter_misc":{"\u00c9crit par":"la r\u00e9daction","Dur\u00e9e de lecture estim\u00e9e":"1 minute"},"schema":{"@context":"https:\/\/schema.org","@graph":[{"@type":"Article","@id":"https:\/\/vosgesinfo.fr\/saintdieinfo\/2022\/04\/bouge-bleu-lautisme-plus-de-1500-euros-recoltes-profit-de-soleil-autisme-2\/#article","isPartOf":{"@id":"https:\/\/vosgesinfo.fr\/saintdieinfo\/2022\/04\/bouge-bleu-lautisme-plus-de-1500-euros-recoltes-profit-de-soleil-autisme-2\/"},"author":{"name":"la r\u00e9daction","@id":"https:\/\/vosgesinfo.fr\/saintdieinfo\/#\/schema\/person\/faee6704a21f3977511db84bd1cd450f"},"headline":"Bouge en bleu pour l&rsquo;autisme\u00a0: plus de 1500 euros r\u00e9colt\u00e9s au profit de Soleil Autisme","datePublished":"2022-04-04T14:25:08+00:00","dateModified":"2022-04-04T14:25:08+00:00","mainEntityOfPage":{"@id":"https:\/\/vosgesinfo.fr\/saintdieinfo\/2022\/04\/bouge-bleu-lautisme-plus-de-1500-euros-recoltes-profit-de-soleil-autisme-2\/"},"wordCount":271,"commentCount":0,"publisher":{"@id":"https:\/\/vosgesinfo.fr\/saintdieinfo\/#organization"},"image":{"@id":"https:\/\/vosgesinfo.fr\/saintdieinfo\/2022\/04\/bouge-bleu-lautisme-plus-de-1500-euros-recoltes-profit-de-soleil-autisme-2\/#primaryimage"},"thumbnailUrl":"https:\/\/vosgesinfo.fr\/app\/uploads\/sites\/4\/2024\/08\/202204remise-cheque-soleil-autisme-4-1.jpg","keywords":["Bouge en bleu pour l'autisme","Journ\u00e9e internationale de sensibilisation \u00e0 l'autisme","M\u00e9lanie Richard","soleil autisme"],"articleSection":["A la Une","Saint-Di\u00e9-des-Vosges et son Agglom\u00e9ration","Solidarit\u00e9","Vie Associative"],"inLanguage":"fr-FR","potentialAction":[{"@type":"CommentAction","name":"Comment","target":["https:\/\/vosgesinfo.fr\/saintdieinfo\/2022\/04\/bouge-bleu-lautisme-plus-de-1500-euros-recoltes-profit-de-soleil-autisme-2\/#respond"]}]},{"@type":"WebPage","@id":"https:\/\/vosgesinfo.fr\/saintdieinfo\/2022\/04\/bouge-bleu-lautisme-plus-de-1500-euros-recoltes-profit-de-soleil-autisme-2\/","url":"https:\/\/vosgesinfo.fr\/saintdieinfo\/2022\/04\/bouge-bleu-lautisme-plus-de-1500-euros-recoltes-profit-de-soleil-autisme-2\/","name":"Bouge en bleu pour l'autisme\u00a0: plus de 1500 euros r\u00e9colt\u00e9s au profit de Soleil Autisme - Saint Die Info","isPartOf":{"@id":"https:\/\/vosgesinfo.fr\/saintdieinfo\/#website"},"primaryImageOfPage":{"@id":"https:\/\/vosgesinfo.fr\/saintdieinfo\/2022\/04\/bouge-bleu-lautisme-plus-de-1500-euros-recoltes-profit-de-soleil-autisme-2\/#primaryimage"},"image":{"@id":"https:\/\/vosgesinfo.fr\/saintdieinfo\/2022\/04\/bouge-bleu-lautisme-plus-de-1500-euros-recoltes-profit-de-soleil-autisme-2\/#primaryimage"},"thumbnailUrl":"https:\/\/vosgesinfo.fr\/app\/uploads\/sites\/4\/2024\/08\/202204remise-cheque-soleil-autisme-4-1.jpg","datePublished":"2022-04-04T14:25:08+00:00","dateModified":"2022-04-04T14:25:08+00:00","breadcrumb":{"@id":"https:\/\/vosgesinfo.fr\/saintdieinfo\/2022\/04\/bouge-bleu-lautisme-plus-de-1500-euros-recoltes-profit-de-soleil-autisme-2\/#breadcrumb"},"inLanguage":"fr-FR","potentialAction":[{"@type":"ReadAction","target":["https:\/\/vosgesinfo.fr\/saintdieinfo\/2022\/04\/bouge-bleu-lautisme-plus-de-1500-euros-recoltes-profit-de-soleil-autisme-2\/"]}]},{"@type":"ImageObject","inLanguage":"fr-FR","@id":"https:\/\/vosgesinfo.fr\/saintdieinfo\/2022\/04\/bouge-bleu-lautisme-plus-de-1500-euros-recoltes-profit-de-soleil-autisme-2\/#primaryimage","url":"https:\/\/vosgesinfo.fr\/app\/uploads\/sites\/4\/2024\/08\/202204remise-cheque-soleil-autisme-4-1.jpg","contentUrl":"https:\/\/vosgesinfo.fr\/app\/uploads\/sites\/4\/2024\/08\/202204remise-cheque-soleil-autisme-4-1.jpg","width":1600,"height":1205},{"@type":"BreadcrumbList","@id":"https:\/\/vosgesinfo.fr\/saintdieinfo\/2022\/04\/bouge-bleu-lautisme-plus-de-1500-euros-recoltes-profit-de-soleil-autisme-2\/#breadcrumb","itemListElement":[{"@type":"ListItem","position":1,"name":"Home","item":"https:\/\/vosgesinfo.fr\/saintdieinfo\/"},{"@type":"ListItem","position":2,"name":"Bouge en bleu pour l&rsquo;autisme\u00a0: plus de 1500 euros r\u00e9colt\u00e9s au profit de Soleil Autisme"}]},{"@type":"WebSite","@id":"https:\/\/vosgesinfo.fr\/saintdieinfo\/#website","url":"https:\/\/vosgesinfo.fr\/saintdieinfo\/","name":"Saint Die Info","description":"Toute l&#039;actualit\u00e9 de Saint-Di\u00e9-Des-Vosges","publisher":{"@id":"https:\/\/vosgesinfo.fr\/saintdieinfo\/#organization"},"alternateName":"Toute l'actualit\u00e9 de Saint-Di\u00e9-Des-Vosges","potentialAction":[{"@type":"SearchAction","target":{"@type":"EntryPoint","urlTemplate":"https:\/\/vosgesinfo.fr\/saintdieinfo\/?s={search_term_string}"},"query-input":"required name=search_term_string"}],"inLanguage":"fr-FR"},{"@type":"Organization","@id":"https:\/\/vosgesinfo.fr\/saintdieinfo\/#organization","name":"Saint Die Info","url":"https:\/\/vosgesinfo.fr\/saintdieinfo\/","logo":{"@type":"ImageObject","inLanguage":"fr-FR","@id":"https:\/\/vosgesinfo.fr\/saintdieinfo\/#\/schema\/logo\/image\/","url":"https:\/\/vosgesinfo.fr\/app\/uploads\/sites\/4\/2024\/02\/logo-sdi.jpg","contentUrl":"https:\/\/vosgesinfo.fr\/app\/uploads\/sites\/4\/2024\/02\/logo-sdi.jpg","width":600,"height":600,"caption":"Saint Die Info"},"image":{"@id":"https:\/\/vosgesinfo.fr\/saintdieinfo\/#\/schema\/logo\/image\/"},"sameAs":["https:\/\/www.facebook.com\/Saintdieinfofr","https:\/\/x.com\/VosgesInfo88","https:\/\/www.youtube.com\/@vosgesinfo"]},{"@type":"Person","@id":"https:\/\/vosgesinfo.fr\/saintdieinfo\/#\/schema\/person\/faee6704a21f3977511db84bd1cd450f","name":"la r\u00e9daction","image":{"@type":"ImageObject","inLanguage":"fr-FR","@id":"https:\/\/vosgesinfo.fr\/saintdieinfo\/#\/schema\/person\/image\/","url":"https:\/\/secure.gravatar.com\/avatar\/6673d8bc6a9c17fa9a453eaa3448de834fa308c2ec9635b7aa99441a7c8d2cf6?s=96&d=mm&r=g","contentUrl":"https:\/\/secure.gravatar.com\/avatar\/6673d8bc6a9c17fa9a453eaa3448de834fa308c2ec9635b7aa99441a7c8d2cf6?s=96&d=mm&r=g","caption":"la r\u00e9daction"},"url":"https:\/\/vosgesinfo.fr\/saintdieinfo\/author\/redac\/"}]}},"_links":{"self":[{"href":"https:\/\/vosgesinfo.fr\/saintdieinfo\/wp-json\/wp\/v2\/posts\/51817","targetHints":{"allow":["GET"]}}],"collection":[{"href":"https:\/\/vosgesinfo.fr\/saintdieinfo\/wp-json\/wp\/v2\/posts"}],"about":[{"href":"https:\/\/vosgesinfo.fr\/saintdieinfo\/wp-json\/wp\/v2\/types\/post"}],"author":[{"embeddable":true,"href":"https:\/\/vosgesinfo.fr\/saintdieinfo\/wp-json\/wp\/v2\/users\/44"}],"replies":[{"embeddable":true,"href":"https:\/\/vosgesinfo.fr\/saintdieinfo\/wp-json\/wp\/v2\/comments?post=51817"}],"version-history":[{"count":0,"href":"https:\/\/vosgesinfo.fr\/saintdieinfo\/wp-json\/wp\/v2\/posts\/51817\/revisions"}],"wp:featuredmedia":[{"embeddable":true,"href":"https:\/\/vosgesinfo.fr\/saintdieinfo\/wp-json\/wp\/v2\/media\/51818"}],"wp:attachment":[{"href":"https:\/\/vosgesinfo.fr\/saintdieinfo\/wp-json\/wp\/v2\/media?parent=51817"}],"wp:term":[{"taxonomy":"category","embeddable":true,"href":"https:\/\/vosgesinfo.fr\/saintdieinfo\/wp-json\/wp\/v2\/categories?post=51817"},{"taxonomy":"post_tag","embeddable":true,"href":"https:\/\/vosgesinfo.fr\/saintdieinfo\/wp-json\/wp\/v2\/tags?post=51817"}],"curies":[{"name":"wp","href":"https:\/\/api.w.org\/{rel}","templated":true}]}}