{"id":52190,"date":"2022-04-14T09:00:31","date_gmt":"2022-04-14T07:00:31","guid":{"rendered":"https:\/\/vosgesinfo.fr\/saintdieinfo\/2022\/04\/journal-50-ans-neuf-disponible\/"},"modified":"2022-04-14T09:00:31","modified_gmt":"2022-04-14T07:00:31","slug":"journal-50-ans-neuf-disponible","status":"publish","type":"post","link":"https:\/\/vosgesinfo.fr\/saintdieinfo\/2022\/04\/journal-50-ans-neuf-disponible\/","title":{"rendered":"Le journal des 50 ans du Neuf est disponible"},"content":{"rendered":"<h2><strong><span style=\"font-size: 14pt;\">La Librairie Le Neuf f\u00eate ses 50 ans en ce mois d&rsquo;avril 2022 (<a href=\"https:\/\/saintdieinfo.fr\/2022\/04\/librairie-neuf-a-50-ans\/\" target=\"_blank\" rel=\"noopener\">lire notre article<\/a>). Dans le cadre de cet anniversaire, un journal est \u00e9dit\u00e9 sp\u00e9cialement pour marquer le coup de cet anniversaire symbolique.<\/span><\/strong><\/h2>\n<p><!--more--><\/p>\n<p>Ce journal est disponible depuis ce jeudi matin dans sa version num\u00e9rique (<strong><a href=\"https:\/\/fr.calameo.com\/read\/001198172f4d305977b52?fbclid=IwAR14vDd536yT4EvvQ0Ds2ChOhNldcBFXo7cJC9d6JDFOrYK0z2TCbX4xTdM\" target=\"_blank\" rel=\"noopener\">cliquer ici<\/a><\/strong>), et sera disponible en version papier \u00e0 partir de 14h cet apr\u00e8s-midi \u00e0 la librairie. Au fil des 24 pages, le parole est donn\u00e9e grande famille du Neuf ainsi qu&rsquo;\u00e0 ses amis. Parmi eux figurent Jean Pisani-Ferry, Aur\u00e9lie Filippetti, Vincent Munier, Eric Fottorino, Beno\u00eet Duteurtre, Laurent Mariotte, Elise Fischer, Abdelkader Djema\u00ef ou Claude Vanony&#8230; pour n&rsquo;en citer que quelques-uns. Quant \u00e0 l&rsquo;illustration de la page de couverture, c&rsquo;est le dessinateur Lefred-Thouron, dont les dessins ont \u00e9t\u00e9 publi\u00e9s dans Charlie Hebdo ou le Canard Encha\u00een\u00e9, qui s&rsquo;en est charg\u00e9.<\/p>\n<p>Comme l&rsquo;explique Olivier Huguenot, actuel g\u00e9rant de la librairie Le Neuf, <em>\u00ab\u00a0le journal des 50 ans est le fruit de longues semaines de recherches d&rsquo;archives, de photos, de sollicitations d&rsquo;auteur(e)s, d&rsquo;\u00e9diteurs, de client(e)s, d&rsquo;\u00e9lu(e)s, d&rsquo;anciens et de nouveaux clients, de femmes et d&rsquo;hommes qui ont v\u00e9cu l&rsquo;histoire de la librairie \u00e0 nos c\u00f4t\u00e9s. Je voudrais tous ici les remercier. La librairie entame son deuxi\u00e8me cinquantenaire, \u00e0 nous de relever le d\u00e9fi.\u00a0\u00bb<\/em><\/p>\n<p>Olivier Huguenot et son \u00e9quipe vous donnent d\u00e9sormais rendez-vous pour la journ\u00e9e phare du samedi 30 avril, qui viendra cl\u00f4turer les festivit\u00e9s du 50e anniversaire. Au programme\u00a0: une grande rencontre \u00e0 la Tour de la Libert\u00e9 le matin, autour de la place de la librairie et de la litt\u00e9rature dans la ville, et une s\u00e9ance de d\u00e9dicaces l&rsquo;apr\u00e8s-midi sur le parvis du Neuf, en pr\u00e9sence de Eric Badonnel, Nicolas Debon, Elise Fischer, Eric Fottorino, Robin Huguenot-Noel, Laurent Mariotte, Nicolas Mathieu et Clotilde Perrin.<\/p>\n<p>J.J.<\/p>\n<p><a href=\"\/2022\/04\/Journal_50_Ans_Librairie_Le_Neuf.jpg\" target=\"_blank\" rel=\"noopener\"><img decoding=\"async\" class=\"aligncenter wp-image-181915 size-large\" src=\"\/2022\/04\/Journal_50_Ans_Librairie_Le_Neuf-717x1024.jpg\" alt=\"Journal_50_Ans_Librairie_Le_Neuf\" width=\"717\" height=\"1024\" \/><\/a><\/p>\n","protected":false},"excerpt":{"rendered":"<p>La Librairie Le Neuf f\u00eate ses 50 ans en ce mois d&rsquo;avril 2022 (lire notre article). Dans le cadre de [&hellip;]<\/p>\n","protected":false},"author":44,"featured_media":52191,"comment_status":"open","ping_status":"open","sticky":false,"template":"","format":"standard","meta":{"footnotes":""},"categories":[460,7847,8090,2915],"tags":[10920,11034,3192],"class_list":["post-52190","post","type-post","status-publish","format-standard","has-post-thumbnail","hentry","category-a-la-une","category-art-culture","category-litterature","category-saint-die-son-canton","tag-50-ans-de-la-librairie-le-neuf","tag-journal-des-50-ans-du-neuf","tag-librairie-le-neuf"],"acf":[],"yoast_head":"<!-- This site is optimized with the Yoast SEO plugin v22.5 - https:\/\/yoast.com\/wordpress\/plugins\/seo\/ -->\n<title>Le journal des 50 ans du Neuf est disponible - Saint Die Info<\/title>\n<meta name=\"robots\" content=\"index, follow, max-snippet:-1, max-image-preview:large, max-video-preview:-1\" \/>\n<link rel=\"canonical\" href=\"https:\/\/vosgesinfo.fr\/saintdieinfo\/2022\/04\/journal-50-ans-neuf-disponible\/\" \/>\n<meta name=\"twitter:card\" content=\"summary_large_image\" \/>\n<meta name=\"twitter:title\" content=\"Le journal des 50 ans du Neuf est disponible - Saint Die Info\" \/>\n<meta name=\"twitter:description\" content=\"La Librairie Le Neuf f\u00eate ses 50 ans en ce mois d&rsquo;avril 2022 (lire notre article). Dans le cadre de [&hellip;]\" \/>\n<meta name=\"twitter:image\" content=\"https:\/\/vosgesinfo.fr\/app\/uploads\/sites\/4\/2024\/08\/202204journal-50-ans-librairie-le-neuf.jpg\" \/>\n<meta name=\"twitter:creator\" content=\"@VosgesInfo88\" \/>\n<meta name=\"twitter:site\" content=\"@VosgesInfo88\" \/>\n<meta name=\"twitter:label1\" content=\"\u00c9crit par\" \/>\n\t<meta name=\"twitter:data1\" content=\"la r\u00e9daction\" \/>\n\t<meta name=\"twitter:label2\" content=\"Dur\u00e9e de lecture estim\u00e9e\" \/>\n\t<meta name=\"twitter:data2\" content=\"2 minutes\" \/>\n<script type=\"application\/ld+json\" class=\"yoast-schema-graph\">{\"@context\":\"https:\/\/schema.org\",\"@graph\":[{\"@type\":\"Article\",\"@id\":\"https:\/\/vosgesinfo.fr\/saintdieinfo\/2022\/04\/journal-50-ans-neuf-disponible\/#article\",\"isPartOf\":{\"@id\":\"https:\/\/vosgesinfo.fr\/saintdieinfo\/2022\/04\/journal-50-ans-neuf-disponible\/\"},\"author\":{\"name\":\"la r\u00e9daction\",\"@id\":\"https:\/\/vosgesinfo.fr\/saintdieinfo\/#\/schema\/person\/faee6704a21f3977511db84bd1cd450f\"},\"headline\":\"Le journal des 50 ans du Neuf est disponible\",\"datePublished\":\"2022-04-14T07:00:31+00:00\",\"dateModified\":\"2022-04-14T07:00:31+00:00\",\"mainEntityOfPage\":{\"@id\":\"https:\/\/vosgesinfo.fr\/saintdieinfo\/2022\/04\/journal-50-ans-neuf-disponible\/\"},\"wordCount\":334,\"commentCount\":0,\"publisher\":{\"@id\":\"https:\/\/vosgesinfo.fr\/saintdieinfo\/#organization\"},\"image\":{\"@id\":\"https:\/\/vosgesinfo.fr\/saintdieinfo\/2022\/04\/journal-50-ans-neuf-disponible\/#primaryimage\"},\"thumbnailUrl\":\"https:\/\/vosgesinfo.fr\/app\/uploads\/sites\/4\/2024\/08\/202204journal-50-ans-librairie-le-neuf.jpg\",\"keywords\":[\"50 ans de la Librairie Le Neuf\",\"Journal des 50 ans du Neuf\",\"Librairie Le Neuf\"],\"articleSection\":[\"A la Une\",\"Culture\",\"Litt\u00e9rature\",\"Saint-Di\u00e9-des-Vosges et son Agglom\u00e9ration\"],\"inLanguage\":\"fr-FR\",\"potentialAction\":[{\"@type\":\"CommentAction\",\"name\":\"Comment\",\"target\":[\"https:\/\/vosgesinfo.fr\/saintdieinfo\/2022\/04\/journal-50-ans-neuf-disponible\/#respond\"]}]},{\"@type\":\"WebPage\",\"@id\":\"https:\/\/vosgesinfo.fr\/saintdieinfo\/2022\/04\/journal-50-ans-neuf-disponible\/\",\"url\":\"https:\/\/vosgesinfo.fr\/saintdieinfo\/2022\/04\/journal-50-ans-neuf-disponible\/\",\"name\":\"Le journal des 50 ans du Neuf est disponible - Saint Die Info\",\"isPartOf\":{\"@id\":\"https:\/\/vosgesinfo.fr\/saintdieinfo\/#website\"},\"primaryImageOfPage\":{\"@id\":\"https:\/\/vosgesinfo.fr\/saintdieinfo\/2022\/04\/journal-50-ans-neuf-disponible\/#primaryimage\"},\"image\":{\"@id\":\"https:\/\/vosgesinfo.fr\/saintdieinfo\/2022\/04\/journal-50-ans-neuf-disponible\/#primaryimage\"},\"thumbnailUrl\":\"https:\/\/vosgesinfo.fr\/app\/uploads\/sites\/4\/2024\/08\/202204journal-50-ans-librairie-le-neuf.jpg\",\"datePublished\":\"2022-04-14T07:00:31+00:00\",\"dateModified\":\"2022-04-14T07:00:31+00:00\",\"breadcrumb\":{\"@id\":\"https:\/\/vosgesinfo.fr\/saintdieinfo\/2022\/04\/journal-50-ans-neuf-disponible\/#breadcrumb\"},\"inLanguage\":\"fr-FR\",\"potentialAction\":[{\"@type\":\"ReadAction\",\"target\":[\"https:\/\/vosgesinfo.fr\/saintdieinfo\/2022\/04\/journal-50-ans-neuf-disponible\/\"]}]},{\"@type\":\"ImageObject\",\"inLanguage\":\"fr-FR\",\"@id\":\"https:\/\/vosgesinfo.fr\/saintdieinfo\/2022\/04\/journal-50-ans-neuf-disponible\/#primaryimage\",\"url\":\"https:\/\/vosgesinfo.fr\/app\/uploads\/sites\/4\/2024\/08\/202204journal-50-ans-librairie-le-neuf.jpg\",\"contentUrl\":\"https:\/\/vosgesinfo.fr\/app\/uploads\/sites\/4\/2024\/08\/202204journal-50-ans-librairie-le-neuf.jpg\",\"width\":765,\"height\":1092},{\"@type\":\"BreadcrumbList\",\"@id\":\"https:\/\/vosgesinfo.fr\/saintdieinfo\/2022\/04\/journal-50-ans-neuf-disponible\/#breadcrumb\",\"itemListElement\":[{\"@type\":\"ListItem\",\"position\":1,\"name\":\"Home\",\"item\":\"https:\/\/vosgesinfo.fr\/saintdieinfo\/\"},{\"@type\":\"ListItem\",\"position\":2,\"name\":\"Le journal des 50 ans du Neuf est disponible\"}]},{\"@type\":\"WebSite\",\"@id\":\"https:\/\/vosgesinfo.fr\/saintdieinfo\/#website\",\"url\":\"https:\/\/vosgesinfo.fr\/saintdieinfo\/\",\"name\":\"Saint Die Info\",\"description\":\"Toute l&#039;actualit\u00e9 de Saint-Di\u00e9-Des-Vosges\",\"publisher\":{\"@id\":\"https:\/\/vosgesinfo.fr\/saintdieinfo\/#organization\"},\"alternateName\":\"Toute l'actualit\u00e9 de Saint-Di\u00e9-Des-Vosges\",\"potentialAction\":[{\"@type\":\"SearchAction\",\"target\":{\"@type\":\"EntryPoint\",\"urlTemplate\":\"https:\/\/vosgesinfo.fr\/saintdieinfo\/?s={search_term_string}\"},\"query-input\":\"required name=search_term_string\"}],\"inLanguage\":\"fr-FR\"},{\"@type\":\"Organization\",\"@id\":\"https:\/\/vosgesinfo.fr\/saintdieinfo\/#organization\",\"name\":\"Saint Die Info\",\"url\":\"https:\/\/vosgesinfo.fr\/saintdieinfo\/\",\"logo\":{\"@type\":\"ImageObject\",\"inLanguage\":\"fr-FR\",\"@id\":\"https:\/\/vosgesinfo.fr\/saintdieinfo\/#\/schema\/logo\/image\/\",\"url\":\"https:\/\/vosgesinfo.fr\/app\/uploads\/sites\/4\/2024\/02\/logo-sdi.jpg\",\"contentUrl\":\"https:\/\/vosgesinfo.fr\/app\/uploads\/sites\/4\/2024\/02\/logo-sdi.jpg\",\"width\":600,\"height\":600,\"caption\":\"Saint Die Info\"},\"image\":{\"@id\":\"https:\/\/vosgesinfo.fr\/saintdieinfo\/#\/schema\/logo\/image\/\"},\"sameAs\":[\"https:\/\/www.facebook.com\/Saintdieinfofr\",\"https:\/\/x.com\/VosgesInfo88\",\"https:\/\/www.youtube.com\/@vosgesinfo\"]},{\"@type\":\"Person\",\"@id\":\"https:\/\/vosgesinfo.fr\/saintdieinfo\/#\/schema\/person\/faee6704a21f3977511db84bd1cd450f\",\"name\":\"la r\u00e9daction\",\"image\":{\"@type\":\"ImageObject\",\"inLanguage\":\"fr-FR\",\"@id\":\"https:\/\/vosgesinfo.fr\/saintdieinfo\/#\/schema\/person\/image\/\",\"url\":\"https:\/\/secure.gravatar.com\/avatar\/6673d8bc6a9c17fa9a453eaa3448de834fa308c2ec9635b7aa99441a7c8d2cf6?s=96&d=mm&r=g\",\"contentUrl\":\"https:\/\/secure.gravatar.com\/avatar\/6673d8bc6a9c17fa9a453eaa3448de834fa308c2ec9635b7aa99441a7c8d2cf6?s=96&d=mm&r=g\",\"caption\":\"la r\u00e9daction\"},\"url\":\"https:\/\/vosgesinfo.fr\/saintdieinfo\/author\/redac\/\"}]}<\/script>\n<!-- \/ Yoast SEO plugin. -->","yoast_head_json":{"title":"Le journal des 50 ans du Neuf est disponible - Saint Die Info","robots":{"index":"index","follow":"follow","max-snippet":"max-snippet:-1","max-image-preview":"max-image-preview:large","max-video-preview":"max-video-preview:-1"},"canonical":"https:\/\/vosgesinfo.fr\/saintdieinfo\/2022\/04\/journal-50-ans-neuf-disponible\/","twitter_card":"summary_large_image","twitter_title":"Le journal des 50 ans du Neuf est disponible - Saint Die Info","twitter_description":"La Librairie Le Neuf f\u00eate ses 50 ans en ce mois d&rsquo;avril 2022 (lire notre article). Dans le cadre de [&hellip;]","twitter_image":"https:\/\/vosgesinfo.fr\/app\/uploads\/sites\/4\/2024\/08\/202204journal-50-ans-librairie-le-neuf.jpg","twitter_creator":"@VosgesInfo88","twitter_site":"@VosgesInfo88","twitter_misc":{"\u00c9crit par":"la r\u00e9daction","Dur\u00e9e de lecture estim\u00e9e":"2 minutes"},"schema":{"@context":"https:\/\/schema.org","@graph":[{"@type":"Article","@id":"https:\/\/vosgesinfo.fr\/saintdieinfo\/2022\/04\/journal-50-ans-neuf-disponible\/#article","isPartOf":{"@id":"https:\/\/vosgesinfo.fr\/saintdieinfo\/2022\/04\/journal-50-ans-neuf-disponible\/"},"author":{"name":"la r\u00e9daction","@id":"https:\/\/vosgesinfo.fr\/saintdieinfo\/#\/schema\/person\/faee6704a21f3977511db84bd1cd450f"},"headline":"Le journal des 50 ans du Neuf est disponible","datePublished":"2022-04-14T07:00:31+00:00","dateModified":"2022-04-14T07:00:31+00:00","mainEntityOfPage":{"@id":"https:\/\/vosgesinfo.fr\/saintdieinfo\/2022\/04\/journal-50-ans-neuf-disponible\/"},"wordCount":334,"commentCount":0,"publisher":{"@id":"https:\/\/vosgesinfo.fr\/saintdieinfo\/#organization"},"image":{"@id":"https:\/\/vosgesinfo.fr\/saintdieinfo\/2022\/04\/journal-50-ans-neuf-disponible\/#primaryimage"},"thumbnailUrl":"https:\/\/vosgesinfo.fr\/app\/uploads\/sites\/4\/2024\/08\/202204journal-50-ans-librairie-le-neuf.jpg","keywords":["50 ans de la Librairie Le Neuf","Journal des 50 ans du Neuf","Librairie Le Neuf"],"articleSection":["A la Une","Culture","Litt\u00e9rature","Saint-Di\u00e9-des-Vosges et son Agglom\u00e9ration"],"inLanguage":"fr-FR","potentialAction":[{"@type":"CommentAction","name":"Comment","target":["https:\/\/vosgesinfo.fr\/saintdieinfo\/2022\/04\/journal-50-ans-neuf-disponible\/#respond"]}]},{"@type":"WebPage","@id":"https:\/\/vosgesinfo.fr\/saintdieinfo\/2022\/04\/journal-50-ans-neuf-disponible\/","url":"https:\/\/vosgesinfo.fr\/saintdieinfo\/2022\/04\/journal-50-ans-neuf-disponible\/","name":"Le journal des 50 ans du Neuf est disponible - Saint Die Info","isPartOf":{"@id":"https:\/\/vosgesinfo.fr\/saintdieinfo\/#website"},"primaryImageOfPage":{"@id":"https:\/\/vosgesinfo.fr\/saintdieinfo\/2022\/04\/journal-50-ans-neuf-disponible\/#primaryimage"},"image":{"@id":"https:\/\/vosgesinfo.fr\/saintdieinfo\/2022\/04\/journal-50-ans-neuf-disponible\/#primaryimage"},"thumbnailUrl":"https:\/\/vosgesinfo.fr\/app\/uploads\/sites\/4\/2024\/08\/202204journal-50-ans-librairie-le-neuf.jpg","datePublished":"2022-04-14T07:00:31+00:00","dateModified":"2022-04-14T07:00:31+00:00","breadcrumb":{"@id":"https:\/\/vosgesinfo.fr\/saintdieinfo\/2022\/04\/journal-50-ans-neuf-disponible\/#breadcrumb"},"inLanguage":"fr-FR","potentialAction":[{"@type":"ReadAction","target":["https:\/\/vosgesinfo.fr\/saintdieinfo\/2022\/04\/journal-50-ans-neuf-disponible\/"]}]},{"@type":"ImageObject","inLanguage":"fr-FR","@id":"https:\/\/vosgesinfo.fr\/saintdieinfo\/2022\/04\/journal-50-ans-neuf-disponible\/#primaryimage","url":"https:\/\/vosgesinfo.fr\/app\/uploads\/sites\/4\/2024\/08\/202204journal-50-ans-librairie-le-neuf.jpg","contentUrl":"https:\/\/vosgesinfo.fr\/app\/uploads\/sites\/4\/2024\/08\/202204journal-50-ans-librairie-le-neuf.jpg","width":765,"height":1092},{"@type":"BreadcrumbList","@id":"https:\/\/vosgesinfo.fr\/saintdieinfo\/2022\/04\/journal-50-ans-neuf-disponible\/#breadcrumb","itemListElement":[{"@type":"ListItem","position":1,"name":"Home","item":"https:\/\/vosgesinfo.fr\/saintdieinfo\/"},{"@type":"ListItem","position":2,"name":"Le journal des 50 ans du Neuf est disponible"}]},{"@type":"WebSite","@id":"https:\/\/vosgesinfo.fr\/saintdieinfo\/#website","url":"https:\/\/vosgesinfo.fr\/saintdieinfo\/","name":"Saint Die Info","description":"Toute l&#039;actualit\u00e9 de Saint-Di\u00e9-Des-Vosges","publisher":{"@id":"https:\/\/vosgesinfo.fr\/saintdieinfo\/#organization"},"alternateName":"Toute l'actualit\u00e9 de Saint-Di\u00e9-Des-Vosges","potentialAction":[{"@type":"SearchAction","target":{"@type":"EntryPoint","urlTemplate":"https:\/\/vosgesinfo.fr\/saintdieinfo\/?s={search_term_string}"},"query-input":"required name=search_term_string"}],"inLanguage":"fr-FR"},{"@type":"Organization","@id":"https:\/\/vosgesinfo.fr\/saintdieinfo\/#organization","name":"Saint Die Info","url":"https:\/\/vosgesinfo.fr\/saintdieinfo\/","logo":{"@type":"ImageObject","inLanguage":"fr-FR","@id":"https:\/\/vosgesinfo.fr\/saintdieinfo\/#\/schema\/logo\/image\/","url":"https:\/\/vosgesinfo.fr\/app\/uploads\/sites\/4\/2024\/02\/logo-sdi.jpg","contentUrl":"https:\/\/vosgesinfo.fr\/app\/uploads\/sites\/4\/2024\/02\/logo-sdi.jpg","width":600,"height":600,"caption":"Saint Die Info"},"image":{"@id":"https:\/\/vosgesinfo.fr\/saintdieinfo\/#\/schema\/logo\/image\/"},"sameAs":["https:\/\/www.facebook.com\/Saintdieinfofr","https:\/\/x.com\/VosgesInfo88","https:\/\/www.youtube.com\/@vosgesinfo"]},{"@type":"Person","@id":"https:\/\/vosgesinfo.fr\/saintdieinfo\/#\/schema\/person\/faee6704a21f3977511db84bd1cd450f","name":"la r\u00e9daction","image":{"@type":"ImageObject","inLanguage":"fr-FR","@id":"https:\/\/vosgesinfo.fr\/saintdieinfo\/#\/schema\/person\/image\/","url":"https:\/\/secure.gravatar.com\/avatar\/6673d8bc6a9c17fa9a453eaa3448de834fa308c2ec9635b7aa99441a7c8d2cf6?s=96&d=mm&r=g","contentUrl":"https:\/\/secure.gravatar.com\/avatar\/6673d8bc6a9c17fa9a453eaa3448de834fa308c2ec9635b7aa99441a7c8d2cf6?s=96&d=mm&r=g","caption":"la r\u00e9daction"},"url":"https:\/\/vosgesinfo.fr\/saintdieinfo\/author\/redac\/"}]}},"_links":{"self":[{"href":"https:\/\/vosgesinfo.fr\/saintdieinfo\/wp-json\/wp\/v2\/posts\/52190","targetHints":{"allow":["GET"]}}],"collection":[{"href":"https:\/\/vosgesinfo.fr\/saintdieinfo\/wp-json\/wp\/v2\/posts"}],"about":[{"href":"https:\/\/vosgesinfo.fr\/saintdieinfo\/wp-json\/wp\/v2\/types\/post"}],"author":[{"embeddable":true,"href":"https:\/\/vosgesinfo.fr\/saintdieinfo\/wp-json\/wp\/v2\/users\/44"}],"replies":[{"embeddable":true,"href":"https:\/\/vosgesinfo.fr\/saintdieinfo\/wp-json\/wp\/v2\/comments?post=52190"}],"version-history":[{"count":0,"href":"https:\/\/vosgesinfo.fr\/saintdieinfo\/wp-json\/wp\/v2\/posts\/52190\/revisions"}],"wp:featuredmedia":[{"embeddable":true,"href":"https:\/\/vosgesinfo.fr\/saintdieinfo\/wp-json\/wp\/v2\/media\/52191"}],"wp:attachment":[{"href":"https:\/\/vosgesinfo.fr\/saintdieinfo\/wp-json\/wp\/v2\/media?parent=52190"}],"wp:term":[{"taxonomy":"category","embeddable":true,"href":"https:\/\/vosgesinfo.fr\/saintdieinfo\/wp-json\/wp\/v2\/categories?post=52190"},{"taxonomy":"post_tag","embeddable":true,"href":"https:\/\/vosgesinfo.fr\/saintdieinfo\/wp-json\/wp\/v2\/tags?post=52190"}],"curies":[{"name":"wp","href":"https:\/\/api.w.org\/{rel}","templated":true}]}}