{"id":52196,"date":"2022-04-14T10:22:18","date_gmt":"2022-04-14T08:22:18","guid":{"rendered":"https:\/\/vosgesinfo.fr\/saintdieinfo\/2022\/04\/bafa-a-zero-euro-inscriptions-ouvertes-a-saint-die-vosges\/"},"modified":"2022-04-14T10:22:18","modified_gmt":"2022-04-14T08:22:18","slug":"bafa-a-zero-euro-inscriptions-ouvertes-a-saint-die-vosges","status":"publish","type":"post","link":"https:\/\/vosgesinfo.fr\/saintdieinfo\/2022\/04\/bafa-a-zero-euro-inscriptions-ouvertes-a-saint-die-vosges\/","title":{"rendered":"BAFA \u00e0 z\u00e9ro euro\u00a0: les inscriptions sont ouvertes \u00e0 Saint-Di\u00e9-des-Vosges"},"content":{"rendered":"<div id=\"attachment_94956\" style=\"width: 1010px\" class=\"wp-caption aligncenter\"><a href=\"\/2016\/10\/Formation_BAFA_Ville_SDDV_05.jpg\" target=\"_blank\" rel=\"noopener\"><img decoding=\"async\" aria-describedby=\"caption-attachment-94956\" class=\"wp-image-94956 size-full\" src=\"\/2016\/10\/Formation_BAFA_Ville_SDDV_05.jpg\" alt=\"Formation_BAFA_Ville_SDDV_05\" width=\"1000\" height=\"667\" \/><\/a><p id=\"caption-attachment-94956\" class=\"wp-caption-text\">De jeunes D\u00e9odatiens ayant b\u00e9n\u00e9fici\u00e9 du dispositif \u00ab BAFA \u00e0 z\u00e9ro euro \u00bb. (Archive)<\/p><\/div>\n<h2><strong><span style=\"font-size: 14pt;\">Le Brevet d&rsquo;Aptitude aux Fonctions d&rsquo;Animateur \u2013 BAFA \u2013 est un dipl\u00f4me qui permet d&rsquo;encadrer, \u00e0 titre non professionnel et de fa\u00e7on occasionnelle, des enfants et adolescents en accueils collectifs. En 2015, l&rsquo;op\u00e9ration \u00ab\u00a0BAFA \u00e0 z\u00e9ro euro\u00a0\u00bb \u00e0 \u00e9t\u00e9 lanc\u00e9e \u00e0 Saint-Di\u00e9-des-Vosges, en partenariat avec le Conseil D\u00e9partemental des Vosges et la Caisse d&rsquo;Allocations Familiales.<\/span><\/strong><\/h2>\n<p><!--more--><\/p>\n<p>Une op\u00e9ration reconduite cette ann\u00e9e encore, qui s&rsquo;adresse aux D\u00e9odatiens \u00e2g\u00e9s de 17 \u00e0 20 ans. <em>\u00ab\u00a0Beaucoup de jeunes r\u00eavent d&rsquo;obtenir le BAFA, mais le co\u00fbt des formations les d\u00e9courage souvent. C&rsquo;est pourquoi la Mairie de Saint-Di\u00e9-des-Vosges a d\u00e9cid\u00e9 d&rsquo;aider des jeunes lyc\u00e9ens \u00e0 pr\u00e9parer le BAFA. L&rsquo;objectif est bien s\u00fbr de leur permettre d&rsquo;acqu\u00e9rir des comp\u00e9tences utiles \u00e0 leur future insertion dans le monde du travail, mais surtout d&rsquo;encourager l&rsquo;engagement sous toutes ses formes et \u00e0 tous les \u00e2ges\u00a0\u00bb<\/em> a d\u00e9clar\u00e9 le maire David Valence \u00e0 ce propos.<\/p>\n<p>Concr\u00e8tement, la formation du BAFA se d\u00e9roule en 3 \u00e9tapes, avec un premier stage th\u00e9orique de formation g\u00e9n\u00e9rale, d&rsquo;une dur\u00e9e de 8 jours, un stage pratique de 14 jours et un second stage th\u00e9orique d&rsquo;approfondissement de 6 jours. Ces 3 \u00e9tapes \u00e9tant \u00e0 effectuer dans l&rsquo;ordre, et sur une dur\u00e9e de 30 mois maximum.<\/p>\n<p>12 places sont disponibles pour la session 2022 du dispositif \u00ab\u00a0BAFA \u00e0 z\u00e9ro euro\u00a0\u00bb Saint-Di\u00e9-des-Vosges, sachant que la date limite de d\u00e9p\u00f4t des dossiers est fix\u00e9e au lundi 30 mai prochain. La formation d\u00e9butera \u00e0 la fin du mois d&rsquo;ao\u00fbt, par le stage de formation th\u00e9orique du dimanche 21 au dimanche 28, pour se d\u00e9rouler ensuite tout au long de l&rsquo;ann\u00e9e scolaire. La mise \u00e0 disposition des accueils de loisirs municipaux assurant la garantie, pour les candidats, de trouver une structure pour effectuer leur stage pratique.<\/p>\n<p>Pour postuler, il faut retirer au pr\u00e9alable un dossier aupr\u00e8s de l&rsquo;accueil de l&rsquo;H\u00f4tel de Ville, ou le t\u00e9l\u00e9charger sur <strong><a href=\"https:\/\/www.saint-die.eu\/\" target=\"_blank\" rel=\"noopener\">www.saint-die.eu<\/a><\/strong>, auquel seront joints les documents suivants\u00a0: lettre de motivation, copie d&rsquo;une pi\u00e8ce d&rsquo;identit\u00e9, justificatif de domicile, photocopie de la carte ZAP.<\/p>\n<p>J.J.<\/p>\n","protected":false},"excerpt":{"rendered":"<p>Le Brevet d&rsquo;Aptitude aux Fonctions d&rsquo;Animateur \u2013 BAFA \u2013 est un dipl\u00f4me qui permet d&rsquo;encadrer, \u00e0 titre non professionnel et [&hellip;]<\/p>\n","protected":false},"author":44,"featured_media":52197,"comment_status":"open","ping_status":"open","sticky":false,"template":"","format":"standard","meta":{"footnotes":""},"categories":[460,2915],"tags":[7875,3072,11040,3240],"class_list":["post-52196","post","type-post","status-publish","format-standard","has-post-thumbnail","hentry","category-a-la-une","category-saint-die-son-canton","tag-bafa","tag-bafa-a-zero-euro","tag-brevet-daptitude-aux-fonctions-danimateur","tag-ville-de-saint-die-des-vosges"],"acf":[],"yoast_head":"<!-- This site is optimized with the Yoast SEO plugin v22.5 - https:\/\/yoast.com\/wordpress\/plugins\/seo\/ -->\n<title>BAFA \u00e0 z\u00e9ro euro\u00a0: les inscriptions sont ouvertes \u00e0 Saint-Di\u00e9-des-Vosges - Saint Die Info<\/title>\n<meta name=\"robots\" content=\"index, follow, max-snippet:-1, max-image-preview:large, max-video-preview:-1\" \/>\n<link rel=\"canonical\" href=\"https:\/\/vosgesinfo.fr\/saintdieinfo\/2022\/04\/bafa-a-zero-euro-inscriptions-ouvertes-a-saint-die-vosges\/\" \/>\n<meta name=\"twitter:card\" content=\"summary_large_image\" \/>\n<meta name=\"twitter:title\" content=\"BAFA \u00e0 z\u00e9ro euro\u00a0: les inscriptions sont ouvertes \u00e0 Saint-Di\u00e9-des-Vosges - Saint Die Info\" \/>\n<meta name=\"twitter:description\" content=\"Le Brevet d&rsquo;Aptitude aux Fonctions d&rsquo;Animateur \u2013 BAFA \u2013 est un dipl\u00f4me qui permet d&rsquo;encadrer, \u00e0 titre non professionnel et [&hellip;]\" \/>\n<meta name=\"twitter:image\" content=\"https:\/\/vosgesinfo.fr\/app\/uploads\/sites\/4\/2024\/08\/201610formation-bafa-ville-sddv-05.jpg\" \/>\n<meta name=\"twitter:creator\" content=\"@VosgesInfo88\" \/>\n<meta name=\"twitter:site\" content=\"@VosgesInfo88\" \/>\n<meta name=\"twitter:label1\" content=\"\u00c9crit par\" \/>\n\t<meta name=\"twitter:data1\" content=\"la r\u00e9daction\" \/>\n\t<meta name=\"twitter:label2\" content=\"Dur\u00e9e de lecture estim\u00e9e\" \/>\n\t<meta name=\"twitter:data2\" content=\"2 minutes\" \/>\n<script type=\"application\/ld+json\" class=\"yoast-schema-graph\">{\"@context\":\"https:\/\/schema.org\",\"@graph\":[{\"@type\":\"Article\",\"@id\":\"https:\/\/vosgesinfo.fr\/saintdieinfo\/2022\/04\/bafa-a-zero-euro-inscriptions-ouvertes-a-saint-die-vosges\/#article\",\"isPartOf\":{\"@id\":\"https:\/\/vosgesinfo.fr\/saintdieinfo\/2022\/04\/bafa-a-zero-euro-inscriptions-ouvertes-a-saint-die-vosges\/\"},\"author\":{\"name\":\"la r\u00e9daction\",\"@id\":\"https:\/\/vosgesinfo.fr\/saintdieinfo\/#\/schema\/person\/faee6704a21f3977511db84bd1cd450f\"},\"headline\":\"BAFA \u00e0 z\u00e9ro euro\u00a0: les inscriptions sont ouvertes \u00e0 Saint-Di\u00e9-des-Vosges\",\"datePublished\":\"2022-04-14T08:22:18+00:00\",\"dateModified\":\"2022-04-14T08:22:18+00:00\",\"mainEntityOfPage\":{\"@id\":\"https:\/\/vosgesinfo.fr\/saintdieinfo\/2022\/04\/bafa-a-zero-euro-inscriptions-ouvertes-a-saint-die-vosges\/\"},\"wordCount\":401,\"commentCount\":0,\"publisher\":{\"@id\":\"https:\/\/vosgesinfo.fr\/saintdieinfo\/#organization\"},\"image\":{\"@id\":\"https:\/\/vosgesinfo.fr\/saintdieinfo\/2022\/04\/bafa-a-zero-euro-inscriptions-ouvertes-a-saint-die-vosges\/#primaryimage\"},\"thumbnailUrl\":\"https:\/\/vosgesinfo.fr\/app\/uploads\/sites\/4\/2024\/08\/201610formation-bafa-ville-sddv-05.jpg\",\"keywords\":[\"BAFA\",\"BAFA \u00e0 z\u00e9ro euro\",\"Brevet d'Aptitude aux Fonctions d'Animateur\",\"Ville de Saint-Di\u00e9-des-Vosges\"],\"articleSection\":[\"A la Une\",\"Saint-Di\u00e9-des-Vosges et son Agglom\u00e9ration\"],\"inLanguage\":\"fr-FR\",\"potentialAction\":[{\"@type\":\"CommentAction\",\"name\":\"Comment\",\"target\":[\"https:\/\/vosgesinfo.fr\/saintdieinfo\/2022\/04\/bafa-a-zero-euro-inscriptions-ouvertes-a-saint-die-vosges\/#respond\"]}]},{\"@type\":\"WebPage\",\"@id\":\"https:\/\/vosgesinfo.fr\/saintdieinfo\/2022\/04\/bafa-a-zero-euro-inscriptions-ouvertes-a-saint-die-vosges\/\",\"url\":\"https:\/\/vosgesinfo.fr\/saintdieinfo\/2022\/04\/bafa-a-zero-euro-inscriptions-ouvertes-a-saint-die-vosges\/\",\"name\":\"BAFA \u00e0 z\u00e9ro euro\u00a0: les inscriptions sont ouvertes \u00e0 Saint-Di\u00e9-des-Vosges - Saint Die Info\",\"isPartOf\":{\"@id\":\"https:\/\/vosgesinfo.fr\/saintdieinfo\/#website\"},\"primaryImageOfPage\":{\"@id\":\"https:\/\/vosgesinfo.fr\/saintdieinfo\/2022\/04\/bafa-a-zero-euro-inscriptions-ouvertes-a-saint-die-vosges\/#primaryimage\"},\"image\":{\"@id\":\"https:\/\/vosgesinfo.fr\/saintdieinfo\/2022\/04\/bafa-a-zero-euro-inscriptions-ouvertes-a-saint-die-vosges\/#primaryimage\"},\"thumbnailUrl\":\"https:\/\/vosgesinfo.fr\/app\/uploads\/sites\/4\/2024\/08\/201610formation-bafa-ville-sddv-05.jpg\",\"datePublished\":\"2022-04-14T08:22:18+00:00\",\"dateModified\":\"2022-04-14T08:22:18+00:00\",\"breadcrumb\":{\"@id\":\"https:\/\/vosgesinfo.fr\/saintdieinfo\/2022\/04\/bafa-a-zero-euro-inscriptions-ouvertes-a-saint-die-vosges\/#breadcrumb\"},\"inLanguage\":\"fr-FR\",\"potentialAction\":[{\"@type\":\"ReadAction\",\"target\":[\"https:\/\/vosgesinfo.fr\/saintdieinfo\/2022\/04\/bafa-a-zero-euro-inscriptions-ouvertes-a-saint-die-vosges\/\"]}]},{\"@type\":\"ImageObject\",\"inLanguage\":\"fr-FR\",\"@id\":\"https:\/\/vosgesinfo.fr\/saintdieinfo\/2022\/04\/bafa-a-zero-euro-inscriptions-ouvertes-a-saint-die-vosges\/#primaryimage\",\"url\":\"https:\/\/vosgesinfo.fr\/app\/uploads\/sites\/4\/2024\/08\/201610formation-bafa-ville-sddv-05.jpg\",\"contentUrl\":\"https:\/\/vosgesinfo.fr\/app\/uploads\/sites\/4\/2024\/08\/201610formation-bafa-ville-sddv-05.jpg\",\"width\":1000,\"height\":667},{\"@type\":\"BreadcrumbList\",\"@id\":\"https:\/\/vosgesinfo.fr\/saintdieinfo\/2022\/04\/bafa-a-zero-euro-inscriptions-ouvertes-a-saint-die-vosges\/#breadcrumb\",\"itemListElement\":[{\"@type\":\"ListItem\",\"position\":1,\"name\":\"Home\",\"item\":\"https:\/\/vosgesinfo.fr\/saintdieinfo\/\"},{\"@type\":\"ListItem\",\"position\":2,\"name\":\"BAFA \u00e0 z\u00e9ro euro\u00a0: les inscriptions sont ouvertes \u00e0 Saint-Di\u00e9-des-Vosges\"}]},{\"@type\":\"WebSite\",\"@id\":\"https:\/\/vosgesinfo.fr\/saintdieinfo\/#website\",\"url\":\"https:\/\/vosgesinfo.fr\/saintdieinfo\/\",\"name\":\"Saint Die Info\",\"description\":\"Toute l&#039;actualit\u00e9 de Saint-Di\u00e9-Des-Vosges\",\"publisher\":{\"@id\":\"https:\/\/vosgesinfo.fr\/saintdieinfo\/#organization\"},\"alternateName\":\"Toute l'actualit\u00e9 de Saint-Di\u00e9-Des-Vosges\",\"potentialAction\":[{\"@type\":\"SearchAction\",\"target\":{\"@type\":\"EntryPoint\",\"urlTemplate\":\"https:\/\/vosgesinfo.fr\/saintdieinfo\/?s={search_term_string}\"},\"query-input\":\"required name=search_term_string\"}],\"inLanguage\":\"fr-FR\"},{\"@type\":\"Organization\",\"@id\":\"https:\/\/vosgesinfo.fr\/saintdieinfo\/#organization\",\"name\":\"Saint Die Info\",\"url\":\"https:\/\/vosgesinfo.fr\/saintdieinfo\/\",\"logo\":{\"@type\":\"ImageObject\",\"inLanguage\":\"fr-FR\",\"@id\":\"https:\/\/vosgesinfo.fr\/saintdieinfo\/#\/schema\/logo\/image\/\",\"url\":\"https:\/\/vosgesinfo.fr\/app\/uploads\/sites\/4\/2024\/02\/logo-sdi.jpg\",\"contentUrl\":\"https:\/\/vosgesinfo.fr\/app\/uploads\/sites\/4\/2024\/02\/logo-sdi.jpg\",\"width\":600,\"height\":600,\"caption\":\"Saint Die Info\"},\"image\":{\"@id\":\"https:\/\/vosgesinfo.fr\/saintdieinfo\/#\/schema\/logo\/image\/\"},\"sameAs\":[\"https:\/\/www.facebook.com\/Saintdieinfofr\",\"https:\/\/x.com\/VosgesInfo88\",\"https:\/\/www.youtube.com\/@vosgesinfo\"]},{\"@type\":\"Person\",\"@id\":\"https:\/\/vosgesinfo.fr\/saintdieinfo\/#\/schema\/person\/faee6704a21f3977511db84bd1cd450f\",\"name\":\"la r\u00e9daction\",\"image\":{\"@type\":\"ImageObject\",\"inLanguage\":\"fr-FR\",\"@id\":\"https:\/\/vosgesinfo.fr\/saintdieinfo\/#\/schema\/person\/image\/\",\"url\":\"https:\/\/secure.gravatar.com\/avatar\/6673d8bc6a9c17fa9a453eaa3448de834fa308c2ec9635b7aa99441a7c8d2cf6?s=96&d=mm&r=g\",\"contentUrl\":\"https:\/\/secure.gravatar.com\/avatar\/6673d8bc6a9c17fa9a453eaa3448de834fa308c2ec9635b7aa99441a7c8d2cf6?s=96&d=mm&r=g\",\"caption\":\"la r\u00e9daction\"},\"url\":\"https:\/\/vosgesinfo.fr\/saintdieinfo\/author\/redac\/\"}]}<\/script>\n<!-- \/ Yoast SEO plugin. -->","yoast_head_json":{"title":"BAFA \u00e0 z\u00e9ro euro\u00a0: les inscriptions sont ouvertes \u00e0 Saint-Di\u00e9-des-Vosges - Saint Die Info","robots":{"index":"index","follow":"follow","max-snippet":"max-snippet:-1","max-image-preview":"max-image-preview:large","max-video-preview":"max-video-preview:-1"},"canonical":"https:\/\/vosgesinfo.fr\/saintdieinfo\/2022\/04\/bafa-a-zero-euro-inscriptions-ouvertes-a-saint-die-vosges\/","twitter_card":"summary_large_image","twitter_title":"BAFA \u00e0 z\u00e9ro euro\u00a0: les inscriptions sont ouvertes \u00e0 Saint-Di\u00e9-des-Vosges - Saint Die Info","twitter_description":"Le Brevet d&rsquo;Aptitude aux Fonctions d&rsquo;Animateur \u2013 BAFA \u2013 est un dipl\u00f4me qui permet d&rsquo;encadrer, \u00e0 titre non professionnel et [&hellip;]","twitter_image":"https:\/\/vosgesinfo.fr\/app\/uploads\/sites\/4\/2024\/08\/201610formation-bafa-ville-sddv-05.jpg","twitter_creator":"@VosgesInfo88","twitter_site":"@VosgesInfo88","twitter_misc":{"\u00c9crit par":"la r\u00e9daction","Dur\u00e9e de lecture estim\u00e9e":"2 minutes"},"schema":{"@context":"https:\/\/schema.org","@graph":[{"@type":"Article","@id":"https:\/\/vosgesinfo.fr\/saintdieinfo\/2022\/04\/bafa-a-zero-euro-inscriptions-ouvertes-a-saint-die-vosges\/#article","isPartOf":{"@id":"https:\/\/vosgesinfo.fr\/saintdieinfo\/2022\/04\/bafa-a-zero-euro-inscriptions-ouvertes-a-saint-die-vosges\/"},"author":{"name":"la r\u00e9daction","@id":"https:\/\/vosgesinfo.fr\/saintdieinfo\/#\/schema\/person\/faee6704a21f3977511db84bd1cd450f"},"headline":"BAFA \u00e0 z\u00e9ro euro\u00a0: les inscriptions sont ouvertes \u00e0 Saint-Di\u00e9-des-Vosges","datePublished":"2022-04-14T08:22:18+00:00","dateModified":"2022-04-14T08:22:18+00:00","mainEntityOfPage":{"@id":"https:\/\/vosgesinfo.fr\/saintdieinfo\/2022\/04\/bafa-a-zero-euro-inscriptions-ouvertes-a-saint-die-vosges\/"},"wordCount":401,"commentCount":0,"publisher":{"@id":"https:\/\/vosgesinfo.fr\/saintdieinfo\/#organization"},"image":{"@id":"https:\/\/vosgesinfo.fr\/saintdieinfo\/2022\/04\/bafa-a-zero-euro-inscriptions-ouvertes-a-saint-die-vosges\/#primaryimage"},"thumbnailUrl":"https:\/\/vosgesinfo.fr\/app\/uploads\/sites\/4\/2024\/08\/201610formation-bafa-ville-sddv-05.jpg","keywords":["BAFA","BAFA \u00e0 z\u00e9ro euro","Brevet d'Aptitude aux Fonctions d'Animateur","Ville de Saint-Di\u00e9-des-Vosges"],"articleSection":["A la Une","Saint-Di\u00e9-des-Vosges et son Agglom\u00e9ration"],"inLanguage":"fr-FR","potentialAction":[{"@type":"CommentAction","name":"Comment","target":["https:\/\/vosgesinfo.fr\/saintdieinfo\/2022\/04\/bafa-a-zero-euro-inscriptions-ouvertes-a-saint-die-vosges\/#respond"]}]},{"@type":"WebPage","@id":"https:\/\/vosgesinfo.fr\/saintdieinfo\/2022\/04\/bafa-a-zero-euro-inscriptions-ouvertes-a-saint-die-vosges\/","url":"https:\/\/vosgesinfo.fr\/saintdieinfo\/2022\/04\/bafa-a-zero-euro-inscriptions-ouvertes-a-saint-die-vosges\/","name":"BAFA \u00e0 z\u00e9ro euro\u00a0: les inscriptions sont ouvertes \u00e0 Saint-Di\u00e9-des-Vosges - Saint Die Info","isPartOf":{"@id":"https:\/\/vosgesinfo.fr\/saintdieinfo\/#website"},"primaryImageOfPage":{"@id":"https:\/\/vosgesinfo.fr\/saintdieinfo\/2022\/04\/bafa-a-zero-euro-inscriptions-ouvertes-a-saint-die-vosges\/#primaryimage"},"image":{"@id":"https:\/\/vosgesinfo.fr\/saintdieinfo\/2022\/04\/bafa-a-zero-euro-inscriptions-ouvertes-a-saint-die-vosges\/#primaryimage"},"thumbnailUrl":"https:\/\/vosgesinfo.fr\/app\/uploads\/sites\/4\/2024\/08\/201610formation-bafa-ville-sddv-05.jpg","datePublished":"2022-04-14T08:22:18+00:00","dateModified":"2022-04-14T08:22:18+00:00","breadcrumb":{"@id":"https:\/\/vosgesinfo.fr\/saintdieinfo\/2022\/04\/bafa-a-zero-euro-inscriptions-ouvertes-a-saint-die-vosges\/#breadcrumb"},"inLanguage":"fr-FR","potentialAction":[{"@type":"ReadAction","target":["https:\/\/vosgesinfo.fr\/saintdieinfo\/2022\/04\/bafa-a-zero-euro-inscriptions-ouvertes-a-saint-die-vosges\/"]}]},{"@type":"ImageObject","inLanguage":"fr-FR","@id":"https:\/\/vosgesinfo.fr\/saintdieinfo\/2022\/04\/bafa-a-zero-euro-inscriptions-ouvertes-a-saint-die-vosges\/#primaryimage","url":"https:\/\/vosgesinfo.fr\/app\/uploads\/sites\/4\/2024\/08\/201610formation-bafa-ville-sddv-05.jpg","contentUrl":"https:\/\/vosgesinfo.fr\/app\/uploads\/sites\/4\/2024\/08\/201610formation-bafa-ville-sddv-05.jpg","width":1000,"height":667},{"@type":"BreadcrumbList","@id":"https:\/\/vosgesinfo.fr\/saintdieinfo\/2022\/04\/bafa-a-zero-euro-inscriptions-ouvertes-a-saint-die-vosges\/#breadcrumb","itemListElement":[{"@type":"ListItem","position":1,"name":"Home","item":"https:\/\/vosgesinfo.fr\/saintdieinfo\/"},{"@type":"ListItem","position":2,"name":"BAFA \u00e0 z\u00e9ro euro\u00a0: les inscriptions sont ouvertes \u00e0 Saint-Di\u00e9-des-Vosges"}]},{"@type":"WebSite","@id":"https:\/\/vosgesinfo.fr\/saintdieinfo\/#website","url":"https:\/\/vosgesinfo.fr\/saintdieinfo\/","name":"Saint Die Info","description":"Toute l&#039;actualit\u00e9 de Saint-Di\u00e9-Des-Vosges","publisher":{"@id":"https:\/\/vosgesinfo.fr\/saintdieinfo\/#organization"},"alternateName":"Toute l'actualit\u00e9 de Saint-Di\u00e9-Des-Vosges","potentialAction":[{"@type":"SearchAction","target":{"@type":"EntryPoint","urlTemplate":"https:\/\/vosgesinfo.fr\/saintdieinfo\/?s={search_term_string}"},"query-input":"required name=search_term_string"}],"inLanguage":"fr-FR"},{"@type":"Organization","@id":"https:\/\/vosgesinfo.fr\/saintdieinfo\/#organization","name":"Saint Die Info","url":"https:\/\/vosgesinfo.fr\/saintdieinfo\/","logo":{"@type":"ImageObject","inLanguage":"fr-FR","@id":"https:\/\/vosgesinfo.fr\/saintdieinfo\/#\/schema\/logo\/image\/","url":"https:\/\/vosgesinfo.fr\/app\/uploads\/sites\/4\/2024\/02\/logo-sdi.jpg","contentUrl":"https:\/\/vosgesinfo.fr\/app\/uploads\/sites\/4\/2024\/02\/logo-sdi.jpg","width":600,"height":600,"caption":"Saint Die Info"},"image":{"@id":"https:\/\/vosgesinfo.fr\/saintdieinfo\/#\/schema\/logo\/image\/"},"sameAs":["https:\/\/www.facebook.com\/Saintdieinfofr","https:\/\/x.com\/VosgesInfo88","https:\/\/www.youtube.com\/@vosgesinfo"]},{"@type":"Person","@id":"https:\/\/vosgesinfo.fr\/saintdieinfo\/#\/schema\/person\/faee6704a21f3977511db84bd1cd450f","name":"la r\u00e9daction","image":{"@type":"ImageObject","inLanguage":"fr-FR","@id":"https:\/\/vosgesinfo.fr\/saintdieinfo\/#\/schema\/person\/image\/","url":"https:\/\/secure.gravatar.com\/avatar\/6673d8bc6a9c17fa9a453eaa3448de834fa308c2ec9635b7aa99441a7c8d2cf6?s=96&d=mm&r=g","contentUrl":"https:\/\/secure.gravatar.com\/avatar\/6673d8bc6a9c17fa9a453eaa3448de834fa308c2ec9635b7aa99441a7c8d2cf6?s=96&d=mm&r=g","caption":"la r\u00e9daction"},"url":"https:\/\/vosgesinfo.fr\/saintdieinfo\/author\/redac\/"}]}},"_links":{"self":[{"href":"https:\/\/vosgesinfo.fr\/saintdieinfo\/wp-json\/wp\/v2\/posts\/52196","targetHints":{"allow":["GET"]}}],"collection":[{"href":"https:\/\/vosgesinfo.fr\/saintdieinfo\/wp-json\/wp\/v2\/posts"}],"about":[{"href":"https:\/\/vosgesinfo.fr\/saintdieinfo\/wp-json\/wp\/v2\/types\/post"}],"author":[{"embeddable":true,"href":"https:\/\/vosgesinfo.fr\/saintdieinfo\/wp-json\/wp\/v2\/users\/44"}],"replies":[{"embeddable":true,"href":"https:\/\/vosgesinfo.fr\/saintdieinfo\/wp-json\/wp\/v2\/comments?post=52196"}],"version-history":[{"count":0,"href":"https:\/\/vosgesinfo.fr\/saintdieinfo\/wp-json\/wp\/v2\/posts\/52196\/revisions"}],"wp:featuredmedia":[{"embeddable":true,"href":"https:\/\/vosgesinfo.fr\/saintdieinfo\/wp-json\/wp\/v2\/media\/52197"}],"wp:attachment":[{"href":"https:\/\/vosgesinfo.fr\/saintdieinfo\/wp-json\/wp\/v2\/media?parent=52196"}],"wp:term":[{"taxonomy":"category","embeddable":true,"href":"https:\/\/vosgesinfo.fr\/saintdieinfo\/wp-json\/wp\/v2\/categories?post=52196"},{"taxonomy":"post_tag","embeddable":true,"href":"https:\/\/vosgesinfo.fr\/saintdieinfo\/wp-json\/wp\/v2\/tags?post=52196"}],"curies":[{"name":"wp","href":"https:\/\/api.w.org\/{rel}","templated":true}]}}