{"id":52425,"date":"2022-04-21T10:29:36","date_gmt":"2022-04-21T08:29:36","guid":{"rendered":"https:\/\/vosgesinfo.fr\/saintdieinfo\/2022\/04\/election-presidentielle-david-valence-signataire-dune-tribune-de-gaullistes-appelant-a-voter-emmanuel-macron\/"},"modified":"2022-04-21T10:29:36","modified_gmt":"2022-04-21T08:29:36","slug":"election-presidentielle-david-valence-signataire-dune-tribune-de-gaullistes-appelant-a-voter-emmanuel-macron","status":"publish","type":"post","link":"https:\/\/vosgesinfo.fr\/saintdieinfo\/2022\/04\/election-presidentielle-david-valence-signataire-dune-tribune-de-gaullistes-appelant-a-voter-emmanuel-macron\/","title":{"rendered":"Election pr\u00e9sidentielle \u2013 David Valence signataire d&rsquo;une tribune de gaullistes appelant \u00e0 voter pour Emmanuel Macron"},"content":{"rendered":"<div id=\"attachment_118595\" style=\"width: 970px\" class=\"wp-caption aligncenter\"><a href=\"\/2018\/03\/David_Valence-1.jpg\" target=\"_blank\" rel=\"noopener\"><img decoding=\"async\" aria-describedby=\"caption-attachment-118595\" class=\"wp-image-118595 size-large\" src=\"\/2018\/03\/David_Valence-1-1024x938.jpg\" alt=\"David_Valence (1)\" width=\"960\" height=\"879\" \/><\/a><p id=\"caption-attachment-118595\" class=\"wp-caption-text\">David Valence. (Archive)<\/p><\/div>\n<h2><strong><span style=\"font-size: 14pt;\">Alors que le d\u00e9nouement de l&rsquo;\u00e9lection pr\u00e9sidentielle approche, Jacques Trorial, dernier ministre de Charles de Gaulle encore en vie, est \u00e0 l&rsquo;initiative d&rsquo;une tribune, publi\u00e9e cette semaine dans le journal Le Point et sign\u00e9e par 45 personnalit\u00e9s politiques, \u00ab\u00a0gaullistes de c\u0153ur et de conviction\u00a0\u00bb, pour \u00ab\u00a0appeler tous nos concitoyens \u00e0 voter et faire voter pour Emmanuel Macron.\u00a0\u00bb<\/span><\/strong><\/h2>\n<p><!--more--><\/p>\n<p><em>\u00ab\u00a0Tout dans l&rsquo;\u00e2me de la France est impr\u00e9gn\u00e9 des valeurs du gaullisme.<\/em> [\u2026]<em> Notre belle histoire de France montre que c&rsquo;est lorsque ces valeurs gaullistes ont \u00e9t\u00e9 promues que notre pays a connu ses plus belles heures. Nous, signataires de cette tribune, sommes r\u00e9solument attach\u00e9s aux institutions de la Cinqui\u00e8me R\u00e9publique, telles que d\u00e9finies par le g\u00e9n\u00e9ral de Gaulle et Michel Debr\u00e9. Elles ont montr\u00e9 \u00e0 la fois leur adaptabilit\u00e9 et leur robustesse face aux p\u00e9rils multiples de ces derni\u00e8res d\u00e9cennies. Elles sont toutefois menac\u00e9es par le risque d&rsquo;une victoire \u00e0 l&rsquo;extr\u00eame droite \u00e0 l&rsquo;\u00e9lection pr\u00e9sidentielle, victoire qui n&rsquo;am\u00e8nerait qu&rsquo;abaissement, division, malheur et ruine au pays\u00a0\u00bb<\/em> peut-on notamment lire dans cette tribune (<strong><a href=\"https:\/\/www.lepoint.fr\/presidentielle\/l-extreme-droite-s-est-construite-dans-la-detestation-du-gaullisme-19-04-2022-2472554_3121.phphttps:\/\/www.lepoint.fr\/presidentielle\/l-extreme-droite-s-est-construite-dans-la-detestation-du-gaullisme-19-04-2022-2472554_3121.php\" target=\"_blank\" rel=\"noopener\">\u00e0 lire dans son int\u00e9gralit\u00e9 sur le site du Point<\/a><\/strong>)<\/p>\n<p>Parmi les 45 signataires figurent, aux c\u00f4t\u00e9s de Jacques Trorial, Patrick Ollier, ancien ministre, pr\u00e9sident de la M\u00e9tropole du Grand Paris et maire de Rueil-Malmaison\u00a0; Michel Noir, ancien ministre et ancien maire de Lyon\u00a0; Alex T\u00fcrk, ancien s\u00e9nateur du Nord et ancien pr\u00e9sident de la Cnil\u00a0; le d\u00e9put\u00e9 des Vosges St\u00e9phane Viry ou le maire de Saint-Di\u00e9-des-Vosges David Valence, \u00e9galement pr\u00e9sident de la Communaut\u00e9 d&rsquo;Agglom\u00e9ration et vice-pr\u00e9sident du Conseil R\u00e9gional du Grand Est. Le premier magistrat d\u00e9odatien \u00e9tant actuellement candidat aux prochaines \u00e9lections l\u00e9gislatives, dans le deuxi\u00e8me circonscription des Vosges, sous l&rsquo;\u00e9tiquette LREM.<\/p>\n<p>J.J.<\/p>\n<div class=\"twitter-tweet twitter-tweet-rendered\" style=\"display: flex; max-width: 550px; width: 100%; margin-top: 10px; margin-bottom: 10px;\"><iframe id=\"twitter-widget-0\" class=\"\" style=\"position: static; visibility: visible; width: 550px; height: 701px; display: block; flex-grow: 1;\" title=\"Twitter Tweet\" src=\"https:\/\/platform.twitter.com\/embed\/Tweet.html?dnt=false&amp;embedId=twitter-widget-0&amp;features=eyJ0ZndfZXhwZXJpbWVudHNfY29va2llX2V4cGlyYXRpb24iOnsiYnVja2V0IjoxMjA5NjAwLCJ2ZXJzaW9uIjpudWxsfSwidGZ3X3NwYWNlX2NhcmQiOnsiYnVja2V0Ijoib2ZmIiwidmVyc2lvbiI6bnVsbH19&amp;frame=false&amp;hideCard=false&amp;hideThread=false&amp;id=1516330386456035330&amp;lang=en&amp;origin=https%3A%2F%2Fsaintdieinfo.fr%2Fwp-admin%2Fpost-new.php&amp;sessionId=b920750c1a49d7d78790d839a7576bd24f87c402&amp;theme=light&amp;widgetsVersion=c8fe9736dd6fb%3A1649830956492&amp;width=550px\" frameborder=\"0\" scrolling=\"no\" allowfullscreen=\"allowfullscreen\" data-tweet-id=\"1516330386456035330\"><\/iframe><\/div>\n<p><script src=\"https:\/\/platform.twitter.com\/widgets.js\" async=\"\" charset=\"utf-8\"><\/script>&nbsp;<\/p>\n<p><iframe style=\"display: none;\" title=\"Twitter settings iframe\" src=\"https:\/\/platform.twitter.com\/widgets\/widget_iframe.bbd13993eb53d3a11ac08f5e8cf9d6a4.html?origin=https%3A%2F%2Fsaintdieinfo.fr\" frameborder=\"0\" scrolling=\"no\"><\/iframe><iframe id=\"rufous-sandbox\" style=\"position: absolute; visibility: hidden; display: none; width: 0px; height: 0px; padding: 0px;\" title=\"Twitter analytics iframe\" frameborder=\"0\" scrolling=\"no\" allowfullscreen=\"allowfullscreen\"><\/iframe><\/p>\n","protected":false},"excerpt":{"rendered":"<p>Alors que le d\u00e9nouement de l&rsquo;\u00e9lection pr\u00e9sidentielle approche, Jacques Trorial, dernier ministre de Charles de Gaulle encore en vie, est [&hellip;]<\/p>\n","protected":false},"author":44,"featured_media":52426,"comment_status":"open","ping_status":"open","sticky":false,"template":"","format":"standard","meta":{"footnotes":""},"categories":[460,10,2915],"tags":[3337,9717,5039,11101,11102,11103,11104],"class_list":["post-52425","post","type-post","status-publish","format-standard","has-post-thumbnail","hentry","category-a-la-une","category-politique","category-saint-die-son-canton","tag-david-valence","tag-election-presidentielle-2022","tag-emmanuel-macron","tag-gaullisme","tag-jacques-trorial","tag-le-point","tag-tribune"],"acf":[],"yoast_head":"<!-- This site is optimized with the Yoast SEO plugin v22.5 - https:\/\/yoast.com\/wordpress\/plugins\/seo\/ -->\n<title>Election pr\u00e9sidentielle \u2013 David Valence signataire d&#039;une tribune de gaullistes appelant \u00e0 voter pour Emmanuel Macron - Saint Die Info<\/title>\n<meta name=\"robots\" content=\"index, follow, max-snippet:-1, max-image-preview:large, max-video-preview:-1\" \/>\n<link rel=\"canonical\" href=\"https:\/\/vosgesinfo.fr\/saintdieinfo\/2022\/04\/election-presidentielle-david-valence-signataire-dune-tribune-de-gaullistes-appelant-a-voter-emmanuel-macron\/\" \/>\n<meta name=\"twitter:card\" content=\"summary_large_image\" \/>\n<meta name=\"twitter:title\" content=\"Election pr\u00e9sidentielle \u2013 David Valence signataire d&#039;une tribune de gaullistes appelant \u00e0 voter pour Emmanuel Macron - Saint Die Info\" \/>\n<meta name=\"twitter:description\" content=\"Alors que le d\u00e9nouement de l&rsquo;\u00e9lection pr\u00e9sidentielle approche, Jacques Trorial, dernier ministre de Charles de Gaulle encore en vie, est [&hellip;]\" \/>\n<meta name=\"twitter:image\" content=\"https:\/\/vosgesinfo.fr\/app\/uploads\/sites\/4\/2024\/08\/201803david-valence-1-8.jpg\" \/>\n<meta name=\"twitter:creator\" content=\"@VosgesInfo88\" \/>\n<meta name=\"twitter:site\" content=\"@VosgesInfo88\" \/>\n<meta name=\"twitter:label1\" content=\"\u00c9crit par\" \/>\n\t<meta name=\"twitter:data1\" content=\"la r\u00e9daction\" \/>\n\t<meta name=\"twitter:label2\" content=\"Dur\u00e9e de lecture estim\u00e9e\" \/>\n\t<meta name=\"twitter:data2\" content=\"2 minutes\" \/>\n<script type=\"application\/ld+json\" class=\"yoast-schema-graph\">{\"@context\":\"https:\/\/schema.org\",\"@graph\":[{\"@type\":\"Article\",\"@id\":\"https:\/\/vosgesinfo.fr\/saintdieinfo\/2022\/04\/election-presidentielle-david-valence-signataire-dune-tribune-de-gaullistes-appelant-a-voter-emmanuel-macron\/#article\",\"isPartOf\":{\"@id\":\"https:\/\/vosgesinfo.fr\/saintdieinfo\/2022\/04\/election-presidentielle-david-valence-signataire-dune-tribune-de-gaullistes-appelant-a-voter-emmanuel-macron\/\"},\"author\":{\"name\":\"la r\u00e9daction\",\"@id\":\"https:\/\/vosgesinfo.fr\/saintdieinfo\/#\/schema\/person\/faee6704a21f3977511db84bd1cd450f\"},\"headline\":\"Election pr\u00e9sidentielle \u2013 David Valence signataire d&rsquo;une tribune de gaullistes appelant \u00e0 voter pour Emmanuel Macron\",\"datePublished\":\"2022-04-21T08:29:36+00:00\",\"dateModified\":\"2022-04-21T08:29:36+00:00\",\"mainEntityOfPage\":{\"@id\":\"https:\/\/vosgesinfo.fr\/saintdieinfo\/2022\/04\/election-presidentielle-david-valence-signataire-dune-tribune-de-gaullistes-appelant-a-voter-emmanuel-macron\/\"},\"wordCount\":343,\"commentCount\":0,\"publisher\":{\"@id\":\"https:\/\/vosgesinfo.fr\/saintdieinfo\/#organization\"},\"image\":{\"@id\":\"https:\/\/vosgesinfo.fr\/saintdieinfo\/2022\/04\/election-presidentielle-david-valence-signataire-dune-tribune-de-gaullistes-appelant-a-voter-emmanuel-macron\/#primaryimage\"},\"thumbnailUrl\":\"https:\/\/vosgesinfo.fr\/app\/uploads\/sites\/4\/2024\/08\/201803david-valence-1-8.jpg\",\"keywords\":[\"David Valence\",\"Election pr\u00e9sidentielle 2022\",\"Emmanuel Macron\",\"Gaullisme\",\"Jacques Trorial\",\"Le Point\",\"Tribune\"],\"articleSection\":[\"A la Une\",\"Politique\",\"Saint-Di\u00e9-des-Vosges et son Agglom\u00e9ration\"],\"inLanguage\":\"fr-FR\",\"potentialAction\":[{\"@type\":\"CommentAction\",\"name\":\"Comment\",\"target\":[\"https:\/\/vosgesinfo.fr\/saintdieinfo\/2022\/04\/election-presidentielle-david-valence-signataire-dune-tribune-de-gaullistes-appelant-a-voter-emmanuel-macron\/#respond\"]}]},{\"@type\":\"WebPage\",\"@id\":\"https:\/\/vosgesinfo.fr\/saintdieinfo\/2022\/04\/election-presidentielle-david-valence-signataire-dune-tribune-de-gaullistes-appelant-a-voter-emmanuel-macron\/\",\"url\":\"https:\/\/vosgesinfo.fr\/saintdieinfo\/2022\/04\/election-presidentielle-david-valence-signataire-dune-tribune-de-gaullistes-appelant-a-voter-emmanuel-macron\/\",\"name\":\"Election pr\u00e9sidentielle \u2013 David Valence signataire d'une tribune de gaullistes appelant \u00e0 voter pour Emmanuel Macron - Saint Die Info\",\"isPartOf\":{\"@id\":\"https:\/\/vosgesinfo.fr\/saintdieinfo\/#website\"},\"primaryImageOfPage\":{\"@id\":\"https:\/\/vosgesinfo.fr\/saintdieinfo\/2022\/04\/election-presidentielle-david-valence-signataire-dune-tribune-de-gaullistes-appelant-a-voter-emmanuel-macron\/#primaryimage\"},\"image\":{\"@id\":\"https:\/\/vosgesinfo.fr\/saintdieinfo\/2022\/04\/election-presidentielle-david-valence-signataire-dune-tribune-de-gaullistes-appelant-a-voter-emmanuel-macron\/#primaryimage\"},\"thumbnailUrl\":\"https:\/\/vosgesinfo.fr\/app\/uploads\/sites\/4\/2024\/08\/201803david-valence-1-8.jpg\",\"datePublished\":\"2022-04-21T08:29:36+00:00\",\"dateModified\":\"2022-04-21T08:29:36+00:00\",\"breadcrumb\":{\"@id\":\"https:\/\/vosgesinfo.fr\/saintdieinfo\/2022\/04\/election-presidentielle-david-valence-signataire-dune-tribune-de-gaullistes-appelant-a-voter-emmanuel-macron\/#breadcrumb\"},\"inLanguage\":\"fr-FR\",\"potentialAction\":[{\"@type\":\"ReadAction\",\"target\":[\"https:\/\/vosgesinfo.fr\/saintdieinfo\/2022\/04\/election-presidentielle-david-valence-signataire-dune-tribune-de-gaullistes-appelant-a-voter-emmanuel-macron\/\"]}]},{\"@type\":\"ImageObject\",\"inLanguage\":\"fr-FR\",\"@id\":\"https:\/\/vosgesinfo.fr\/saintdieinfo\/2022\/04\/election-presidentielle-david-valence-signataire-dune-tribune-de-gaullistes-appelant-a-voter-emmanuel-macron\/#primaryimage\",\"url\":\"https:\/\/vosgesinfo.fr\/app\/uploads\/sites\/4\/2024\/08\/201803david-valence-1-8.jpg\",\"contentUrl\":\"https:\/\/vosgesinfo.fr\/app\/uploads\/sites\/4\/2024\/08\/201803david-valence-1-8.jpg\",\"width\":1367,\"height\":1252},{\"@type\":\"BreadcrumbList\",\"@id\":\"https:\/\/vosgesinfo.fr\/saintdieinfo\/2022\/04\/election-presidentielle-david-valence-signataire-dune-tribune-de-gaullistes-appelant-a-voter-emmanuel-macron\/#breadcrumb\",\"itemListElement\":[{\"@type\":\"ListItem\",\"position\":1,\"name\":\"Home\",\"item\":\"https:\/\/vosgesinfo.fr\/saintdieinfo\/\"},{\"@type\":\"ListItem\",\"position\":2,\"name\":\"Election pr\u00e9sidentielle \u2013 David Valence signataire d&rsquo;une tribune de gaullistes appelant \u00e0 voter pour Emmanuel Macron\"}]},{\"@type\":\"WebSite\",\"@id\":\"https:\/\/vosgesinfo.fr\/saintdieinfo\/#website\",\"url\":\"https:\/\/vosgesinfo.fr\/saintdieinfo\/\",\"name\":\"Saint Die Info\",\"description\":\"Toute l&#039;actualit\u00e9 de Saint-Di\u00e9-Des-Vosges\",\"publisher\":{\"@id\":\"https:\/\/vosgesinfo.fr\/saintdieinfo\/#organization\"},\"alternateName\":\"Toute l'actualit\u00e9 de Saint-Di\u00e9-Des-Vosges\",\"potentialAction\":[{\"@type\":\"SearchAction\",\"target\":{\"@type\":\"EntryPoint\",\"urlTemplate\":\"https:\/\/vosgesinfo.fr\/saintdieinfo\/?s={search_term_string}\"},\"query-input\":\"required name=search_term_string\"}],\"inLanguage\":\"fr-FR\"},{\"@type\":\"Organization\",\"@id\":\"https:\/\/vosgesinfo.fr\/saintdieinfo\/#organization\",\"name\":\"Saint Die Info\",\"url\":\"https:\/\/vosgesinfo.fr\/saintdieinfo\/\",\"logo\":{\"@type\":\"ImageObject\",\"inLanguage\":\"fr-FR\",\"@id\":\"https:\/\/vosgesinfo.fr\/saintdieinfo\/#\/schema\/logo\/image\/\",\"url\":\"https:\/\/vosgesinfo.fr\/app\/uploads\/sites\/4\/2024\/02\/logo-sdi.jpg\",\"contentUrl\":\"https:\/\/vosgesinfo.fr\/app\/uploads\/sites\/4\/2024\/02\/logo-sdi.jpg\",\"width\":600,\"height\":600,\"caption\":\"Saint Die Info\"},\"image\":{\"@id\":\"https:\/\/vosgesinfo.fr\/saintdieinfo\/#\/schema\/logo\/image\/\"},\"sameAs\":[\"https:\/\/www.facebook.com\/Saintdieinfofr\",\"https:\/\/x.com\/VosgesInfo88\",\"https:\/\/www.youtube.com\/@vosgesinfo\"]},{\"@type\":\"Person\",\"@id\":\"https:\/\/vosgesinfo.fr\/saintdieinfo\/#\/schema\/person\/faee6704a21f3977511db84bd1cd450f\",\"name\":\"la r\u00e9daction\",\"image\":{\"@type\":\"ImageObject\",\"inLanguage\":\"fr-FR\",\"@id\":\"https:\/\/vosgesinfo.fr\/saintdieinfo\/#\/schema\/person\/image\/\",\"url\":\"https:\/\/secure.gravatar.com\/avatar\/6673d8bc6a9c17fa9a453eaa3448de834fa308c2ec9635b7aa99441a7c8d2cf6?s=96&d=mm&r=g\",\"contentUrl\":\"https:\/\/secure.gravatar.com\/avatar\/6673d8bc6a9c17fa9a453eaa3448de834fa308c2ec9635b7aa99441a7c8d2cf6?s=96&d=mm&r=g\",\"caption\":\"la r\u00e9daction\"},\"url\":\"https:\/\/vosgesinfo.fr\/saintdieinfo\/author\/redac\/\"}]}<\/script>\n<!-- \/ Yoast SEO plugin. -->","yoast_head_json":{"title":"Election pr\u00e9sidentielle \u2013 David Valence signataire d'une tribune de gaullistes appelant \u00e0 voter pour Emmanuel Macron - Saint Die Info","robots":{"index":"index","follow":"follow","max-snippet":"max-snippet:-1","max-image-preview":"max-image-preview:large","max-video-preview":"max-video-preview:-1"},"canonical":"https:\/\/vosgesinfo.fr\/saintdieinfo\/2022\/04\/election-presidentielle-david-valence-signataire-dune-tribune-de-gaullistes-appelant-a-voter-emmanuel-macron\/","twitter_card":"summary_large_image","twitter_title":"Election pr\u00e9sidentielle \u2013 David Valence signataire d'une tribune de gaullistes appelant \u00e0 voter pour Emmanuel Macron - Saint Die Info","twitter_description":"Alors que le d\u00e9nouement de l&rsquo;\u00e9lection pr\u00e9sidentielle approche, Jacques Trorial, dernier ministre de Charles de Gaulle encore en vie, est [&hellip;]","twitter_image":"https:\/\/vosgesinfo.fr\/app\/uploads\/sites\/4\/2024\/08\/201803david-valence-1-8.jpg","twitter_creator":"@VosgesInfo88","twitter_site":"@VosgesInfo88","twitter_misc":{"\u00c9crit par":"la r\u00e9daction","Dur\u00e9e de lecture estim\u00e9e":"2 minutes"},"schema":{"@context":"https:\/\/schema.org","@graph":[{"@type":"Article","@id":"https:\/\/vosgesinfo.fr\/saintdieinfo\/2022\/04\/election-presidentielle-david-valence-signataire-dune-tribune-de-gaullistes-appelant-a-voter-emmanuel-macron\/#article","isPartOf":{"@id":"https:\/\/vosgesinfo.fr\/saintdieinfo\/2022\/04\/election-presidentielle-david-valence-signataire-dune-tribune-de-gaullistes-appelant-a-voter-emmanuel-macron\/"},"author":{"name":"la r\u00e9daction","@id":"https:\/\/vosgesinfo.fr\/saintdieinfo\/#\/schema\/person\/faee6704a21f3977511db84bd1cd450f"},"headline":"Election pr\u00e9sidentielle \u2013 David Valence signataire d&rsquo;une tribune de gaullistes appelant \u00e0 voter pour Emmanuel Macron","datePublished":"2022-04-21T08:29:36+00:00","dateModified":"2022-04-21T08:29:36+00:00","mainEntityOfPage":{"@id":"https:\/\/vosgesinfo.fr\/saintdieinfo\/2022\/04\/election-presidentielle-david-valence-signataire-dune-tribune-de-gaullistes-appelant-a-voter-emmanuel-macron\/"},"wordCount":343,"commentCount":0,"publisher":{"@id":"https:\/\/vosgesinfo.fr\/saintdieinfo\/#organization"},"image":{"@id":"https:\/\/vosgesinfo.fr\/saintdieinfo\/2022\/04\/election-presidentielle-david-valence-signataire-dune-tribune-de-gaullistes-appelant-a-voter-emmanuel-macron\/#primaryimage"},"thumbnailUrl":"https:\/\/vosgesinfo.fr\/app\/uploads\/sites\/4\/2024\/08\/201803david-valence-1-8.jpg","keywords":["David Valence","Election pr\u00e9sidentielle 2022","Emmanuel Macron","Gaullisme","Jacques Trorial","Le Point","Tribune"],"articleSection":["A la Une","Politique","Saint-Di\u00e9-des-Vosges et son Agglom\u00e9ration"],"inLanguage":"fr-FR","potentialAction":[{"@type":"CommentAction","name":"Comment","target":["https:\/\/vosgesinfo.fr\/saintdieinfo\/2022\/04\/election-presidentielle-david-valence-signataire-dune-tribune-de-gaullistes-appelant-a-voter-emmanuel-macron\/#respond"]}]},{"@type":"WebPage","@id":"https:\/\/vosgesinfo.fr\/saintdieinfo\/2022\/04\/election-presidentielle-david-valence-signataire-dune-tribune-de-gaullistes-appelant-a-voter-emmanuel-macron\/","url":"https:\/\/vosgesinfo.fr\/saintdieinfo\/2022\/04\/election-presidentielle-david-valence-signataire-dune-tribune-de-gaullistes-appelant-a-voter-emmanuel-macron\/","name":"Election pr\u00e9sidentielle \u2013 David Valence signataire d'une tribune de gaullistes appelant \u00e0 voter pour Emmanuel Macron - Saint Die Info","isPartOf":{"@id":"https:\/\/vosgesinfo.fr\/saintdieinfo\/#website"},"primaryImageOfPage":{"@id":"https:\/\/vosgesinfo.fr\/saintdieinfo\/2022\/04\/election-presidentielle-david-valence-signataire-dune-tribune-de-gaullistes-appelant-a-voter-emmanuel-macron\/#primaryimage"},"image":{"@id":"https:\/\/vosgesinfo.fr\/saintdieinfo\/2022\/04\/election-presidentielle-david-valence-signataire-dune-tribune-de-gaullistes-appelant-a-voter-emmanuel-macron\/#primaryimage"},"thumbnailUrl":"https:\/\/vosgesinfo.fr\/app\/uploads\/sites\/4\/2024\/08\/201803david-valence-1-8.jpg","datePublished":"2022-04-21T08:29:36+00:00","dateModified":"2022-04-21T08:29:36+00:00","breadcrumb":{"@id":"https:\/\/vosgesinfo.fr\/saintdieinfo\/2022\/04\/election-presidentielle-david-valence-signataire-dune-tribune-de-gaullistes-appelant-a-voter-emmanuel-macron\/#breadcrumb"},"inLanguage":"fr-FR","potentialAction":[{"@type":"ReadAction","target":["https:\/\/vosgesinfo.fr\/saintdieinfo\/2022\/04\/election-presidentielle-david-valence-signataire-dune-tribune-de-gaullistes-appelant-a-voter-emmanuel-macron\/"]}]},{"@type":"ImageObject","inLanguage":"fr-FR","@id":"https:\/\/vosgesinfo.fr\/saintdieinfo\/2022\/04\/election-presidentielle-david-valence-signataire-dune-tribune-de-gaullistes-appelant-a-voter-emmanuel-macron\/#primaryimage","url":"https:\/\/vosgesinfo.fr\/app\/uploads\/sites\/4\/2024\/08\/201803david-valence-1-8.jpg","contentUrl":"https:\/\/vosgesinfo.fr\/app\/uploads\/sites\/4\/2024\/08\/201803david-valence-1-8.jpg","width":1367,"height":1252},{"@type":"BreadcrumbList","@id":"https:\/\/vosgesinfo.fr\/saintdieinfo\/2022\/04\/election-presidentielle-david-valence-signataire-dune-tribune-de-gaullistes-appelant-a-voter-emmanuel-macron\/#breadcrumb","itemListElement":[{"@type":"ListItem","position":1,"name":"Home","item":"https:\/\/vosgesinfo.fr\/saintdieinfo\/"},{"@type":"ListItem","position":2,"name":"Election pr\u00e9sidentielle \u2013 David Valence signataire d&rsquo;une tribune de gaullistes appelant \u00e0 voter pour Emmanuel Macron"}]},{"@type":"WebSite","@id":"https:\/\/vosgesinfo.fr\/saintdieinfo\/#website","url":"https:\/\/vosgesinfo.fr\/saintdieinfo\/","name":"Saint Die Info","description":"Toute l&#039;actualit\u00e9 de Saint-Di\u00e9-Des-Vosges","publisher":{"@id":"https:\/\/vosgesinfo.fr\/saintdieinfo\/#organization"},"alternateName":"Toute l'actualit\u00e9 de Saint-Di\u00e9-Des-Vosges","potentialAction":[{"@type":"SearchAction","target":{"@type":"EntryPoint","urlTemplate":"https:\/\/vosgesinfo.fr\/saintdieinfo\/?s={search_term_string}"},"query-input":"required name=search_term_string"}],"inLanguage":"fr-FR"},{"@type":"Organization","@id":"https:\/\/vosgesinfo.fr\/saintdieinfo\/#organization","name":"Saint Die Info","url":"https:\/\/vosgesinfo.fr\/saintdieinfo\/","logo":{"@type":"ImageObject","inLanguage":"fr-FR","@id":"https:\/\/vosgesinfo.fr\/saintdieinfo\/#\/schema\/logo\/image\/","url":"https:\/\/vosgesinfo.fr\/app\/uploads\/sites\/4\/2024\/02\/logo-sdi.jpg","contentUrl":"https:\/\/vosgesinfo.fr\/app\/uploads\/sites\/4\/2024\/02\/logo-sdi.jpg","width":600,"height":600,"caption":"Saint Die Info"},"image":{"@id":"https:\/\/vosgesinfo.fr\/saintdieinfo\/#\/schema\/logo\/image\/"},"sameAs":["https:\/\/www.facebook.com\/Saintdieinfofr","https:\/\/x.com\/VosgesInfo88","https:\/\/www.youtube.com\/@vosgesinfo"]},{"@type":"Person","@id":"https:\/\/vosgesinfo.fr\/saintdieinfo\/#\/schema\/person\/faee6704a21f3977511db84bd1cd450f","name":"la r\u00e9daction","image":{"@type":"ImageObject","inLanguage":"fr-FR","@id":"https:\/\/vosgesinfo.fr\/saintdieinfo\/#\/schema\/person\/image\/","url":"https:\/\/secure.gravatar.com\/avatar\/6673d8bc6a9c17fa9a453eaa3448de834fa308c2ec9635b7aa99441a7c8d2cf6?s=96&d=mm&r=g","contentUrl":"https:\/\/secure.gravatar.com\/avatar\/6673d8bc6a9c17fa9a453eaa3448de834fa308c2ec9635b7aa99441a7c8d2cf6?s=96&d=mm&r=g","caption":"la r\u00e9daction"},"url":"https:\/\/vosgesinfo.fr\/saintdieinfo\/author\/redac\/"}]}},"_links":{"self":[{"href":"https:\/\/vosgesinfo.fr\/saintdieinfo\/wp-json\/wp\/v2\/posts\/52425","targetHints":{"allow":["GET"]}}],"collection":[{"href":"https:\/\/vosgesinfo.fr\/saintdieinfo\/wp-json\/wp\/v2\/posts"}],"about":[{"href":"https:\/\/vosgesinfo.fr\/saintdieinfo\/wp-json\/wp\/v2\/types\/post"}],"author":[{"embeddable":true,"href":"https:\/\/vosgesinfo.fr\/saintdieinfo\/wp-json\/wp\/v2\/users\/44"}],"replies":[{"embeddable":true,"href":"https:\/\/vosgesinfo.fr\/saintdieinfo\/wp-json\/wp\/v2\/comments?post=52425"}],"version-history":[{"count":0,"href":"https:\/\/vosgesinfo.fr\/saintdieinfo\/wp-json\/wp\/v2\/posts\/52425\/revisions"}],"wp:featuredmedia":[{"embeddable":true,"href":"https:\/\/vosgesinfo.fr\/saintdieinfo\/wp-json\/wp\/v2\/media\/52426"}],"wp:attachment":[{"href":"https:\/\/vosgesinfo.fr\/saintdieinfo\/wp-json\/wp\/v2\/media?parent=52425"}],"wp:term":[{"taxonomy":"category","embeddable":true,"href":"https:\/\/vosgesinfo.fr\/saintdieinfo\/wp-json\/wp\/v2\/categories?post=52425"},{"taxonomy":"post_tag","embeddable":true,"href":"https:\/\/vosgesinfo.fr\/saintdieinfo\/wp-json\/wp\/v2\/tags?post=52425"}],"curies":[{"name":"wp","href":"https:\/\/api.w.org\/{rel}","templated":true}]}}