{"id":52427,"date":"2022-04-21T14:34:43","date_gmt":"2022-04-21T12:34:43","guid":{"rendered":"https:\/\/vosgesinfo.fr\/saintdieinfo\/2022\/04\/election-presidentielle-caroline-privat-mattioni-ne-donnera-de-consigne-de-vote-deuxieme-tour\/"},"modified":"2022-04-21T14:34:43","modified_gmt":"2022-04-21T12:34:43","slug":"election-presidentielle-caroline-privat-mattioni-ne-donnera-de-consigne-de-vote-deuxieme-tour","status":"publish","type":"post","link":"https:\/\/vosgesinfo.fr\/saintdieinfo\/2022\/04\/election-presidentielle-caroline-privat-mattioni-ne-donnera-de-consigne-de-vote-deuxieme-tour\/","title":{"rendered":"Election pr\u00e9sidentielle \u2013 Caroline Privat-Mattioni ne donnera pas de consigne de vote pour le deuxi\u00e8me tour"},"content":{"rendered":"<div id=\"attachment_179259\" style=\"width: 970px\" class=\"wp-caption aligncenter\"><a href=\"\/2022\/02\/Caroline_Privat-Mattioni_G\u00e9rard_Cherpion.jpg\" target=\"_blank\" rel=\"noopener\"><img decoding=\"async\" aria-describedby=\"caption-attachment-179259\" class=\"wp-image-179259 size-large\" src=\"\/2022\/02\/Caroline_Privat-Mattioni_G\u00e9rard_Cherpion-1024x771.jpg\" alt=\"Caroline_Privat-Mattioni_G\u00e9rard_Cherpion\" width=\"960\" height=\"723\" \/><\/a><p id=\"caption-attachment-179259\" class=\"wp-caption-text\">Caroline Privat-Mattioni le jour de l&rsquo;annonce de sa candidature aux l\u00e9gislatives. (Archive)<\/p><\/div>\n<h2><strong><span style=\"font-size: 14pt;\">A maintenant quelques jours du second tour de l&rsquo;\u00e9lection pr\u00e9sidentielle, Caroline Privat-Mattioni s&rsquo;est exprim\u00e9e \u00e0 travers un communiqu\u00e9 de presse ce jeudi apr\u00e8s-midi.<\/span><\/strong><\/h2>\n<p><!--more--><\/p>\n<p>La candidate aux prochaines \u00e9lections l\u00e9gislatives dans le deuxi\u00e8me circonscription des Vosges, sous l&rsquo;\u00e9tiquette Les R\u00e9publicains, qui a \u00e9galement pr\u00e9sid\u00e9 le comit\u00e9 de soutien \u00e0 Val\u00e9rie P\u00e9cresse dans le d\u00e9partement, affirme qu&rsquo;elle ne donnera pas de consigne de vote pour le scrutin de dimanche. <em>\u00ab\u00a0Depuis plusieurs jours, je suis tr\u00e8s r\u00e9guli\u00e8rement interpell\u00e9e, sur les r\u00e9seaux sociaux et en public, par des opposants \u00e0 ma candidature aux \u00e9lections l\u00e9gislatives, sur les consignes de vote que je devrais apporter. Il n&rsquo;en sera rien.\u00a0\u00bb<\/em><\/p>\n<p>Caroline Privat-Mattioni estime que <em>\u00ab \u00e0 quelques jours du deuxi\u00e8me tour de l&rsquo;\u00e9lection pr\u00e9sidentielle, le moment de la remise en question du d\u00e9bat politique ne devrait pas \u00eatre celui des man\u0153uvres \u00e9lectoraliste. Mais bel et bien de la remise en question de notre mani\u00e8re de faire la politique<\/em> [\u2026]<em> Je voudrais rappeler que l&rsquo;engagement politique est un devoir de service pour les citoyens et non un devoir des citoyens au service de la politique. Le d\u00e9sint\u00e9r\u00eat envers la politique et l&rsquo;abstentionnisme \u00e0 chaque \u00e9lection progressent. Alors la remise en question des \u00e9lus devrait \u00eatre d&rsquo;actualit\u00e9. Je pense que le r\u00f4le d&rsquo;un \u00e9lu n&rsquo;est pas de dire aux \u00e9lecteurs pour qui ils doivent voter, mais bien de leur demander ce qu&rsquo;ils veulent. Et pas seulement \u00e0 l&rsquo;approche d&rsquo;une \u00e9ch\u00e9ance \u00e9lectorale, comme cela est r\u00e9guli\u00e8rement le cas.\u00a0\u00bb<\/em><\/p>\n<h3><strong><span style=\"font-size: 12pt;\">Le communiqu\u00e9 complet\u00a0:<\/span><\/strong><\/h3>\n<p><a href=\"\/2022\/04\/communique-de-presse-21-avril-2022-page-001.jpg\" target=\"_blank\" rel=\"noopener\"><img decoding=\"async\" class=\"aligncenter wp-image-182232 size-large\" src=\"\/2022\/04\/communique-de-presse-21-avril-2022-page-001-724x1024.jpg\" alt=\"communique de presse 21 avril 2022-page-001\" width=\"724\" height=\"1024\" \/><\/a><\/p>\n<p>J.J.<\/p>\n","protected":false},"excerpt":{"rendered":"<p>A maintenant quelques jours du second tour de l&rsquo;\u00e9lection pr\u00e9sidentielle, Caroline Privat-Mattioni s&rsquo;est exprim\u00e9e \u00e0 travers un communiqu\u00e9 de presse [&hellip;]<\/p>\n","protected":false},"author":44,"featured_media":52428,"comment_status":"open","ping_status":"open","sticky":false,"template":"","format":"standard","meta":{"footnotes":""},"categories":[460,10,2915],"tags":[10151,11105,9717],"class_list":["post-52427","post","type-post","status-publish","format-standard","has-post-thumbnail","hentry","category-a-la-une","category-politique","category-saint-die-son-canton","tag-caroline-privat-mattioni","tag-deuxieme-tour-de-lelection-presidentielle","tag-election-presidentielle-2022"],"acf":[],"yoast_head":"<!-- This site is optimized with the Yoast SEO plugin v22.5 - https:\/\/yoast.com\/wordpress\/plugins\/seo\/ -->\n<title>Election pr\u00e9sidentielle \u2013 Caroline Privat-Mattioni ne donnera pas de consigne de vote pour le deuxi\u00e8me tour - Saint Die Info<\/title>\n<meta name=\"robots\" content=\"index, follow, max-snippet:-1, max-image-preview:large, max-video-preview:-1\" \/>\n<link rel=\"canonical\" href=\"https:\/\/vosgesinfo.fr\/saintdieinfo\/2022\/04\/election-presidentielle-caroline-privat-mattioni-ne-donnera-de-consigne-de-vote-deuxieme-tour\/\" \/>\n<meta name=\"twitter:card\" content=\"summary_large_image\" \/>\n<meta name=\"twitter:title\" content=\"Election pr\u00e9sidentielle \u2013 Caroline Privat-Mattioni ne donnera pas de consigne de vote pour le deuxi\u00e8me tour - Saint Die Info\" \/>\n<meta name=\"twitter:description\" content=\"A maintenant quelques jours du second tour de l&rsquo;\u00e9lection pr\u00e9sidentielle, Caroline Privat-Mattioni s&rsquo;est exprim\u00e9e \u00e0 travers un communiqu\u00e9 de presse [&hellip;]\" \/>\n<meta name=\"twitter:image\" content=\"https:\/\/vosgesinfo.fr\/app\/uploads\/sites\/4\/2024\/08\/202202caroline-privat-mattioni-gerard-cherpion-4.jpg\" \/>\n<meta name=\"twitter:creator\" content=\"@VosgesInfo88\" \/>\n<meta name=\"twitter:site\" content=\"@VosgesInfo88\" \/>\n<meta name=\"twitter:label1\" content=\"\u00c9crit par\" \/>\n\t<meta name=\"twitter:data1\" content=\"la r\u00e9daction\" \/>\n\t<meta name=\"twitter:label2\" content=\"Dur\u00e9e de lecture estim\u00e9e\" \/>\n\t<meta name=\"twitter:data2\" content=\"1 minute\" \/>\n<script type=\"application\/ld+json\" class=\"yoast-schema-graph\">{\"@context\":\"https:\/\/schema.org\",\"@graph\":[{\"@type\":\"Article\",\"@id\":\"https:\/\/vosgesinfo.fr\/saintdieinfo\/2022\/04\/election-presidentielle-caroline-privat-mattioni-ne-donnera-de-consigne-de-vote-deuxieme-tour\/#article\",\"isPartOf\":{\"@id\":\"https:\/\/vosgesinfo.fr\/saintdieinfo\/2022\/04\/election-presidentielle-caroline-privat-mattioni-ne-donnera-de-consigne-de-vote-deuxieme-tour\/\"},\"author\":{\"name\":\"la r\u00e9daction\",\"@id\":\"https:\/\/vosgesinfo.fr\/saintdieinfo\/#\/schema\/person\/faee6704a21f3977511db84bd1cd450f\"},\"headline\":\"Election pr\u00e9sidentielle \u2013 Caroline Privat-Mattioni ne donnera pas de consigne de vote pour le deuxi\u00e8me tour\",\"datePublished\":\"2022-04-21T12:34:43+00:00\",\"dateModified\":\"2022-04-21T12:34:43+00:00\",\"mainEntityOfPage\":{\"@id\":\"https:\/\/vosgesinfo.fr\/saintdieinfo\/2022\/04\/election-presidentielle-caroline-privat-mattioni-ne-donnera-de-consigne-de-vote-deuxieme-tour\/\"},\"wordCount\":316,\"commentCount\":0,\"publisher\":{\"@id\":\"https:\/\/vosgesinfo.fr\/saintdieinfo\/#organization\"},\"image\":{\"@id\":\"https:\/\/vosgesinfo.fr\/saintdieinfo\/2022\/04\/election-presidentielle-caroline-privat-mattioni-ne-donnera-de-consigne-de-vote-deuxieme-tour\/#primaryimage\"},\"thumbnailUrl\":\"https:\/\/vosgesinfo.fr\/app\/uploads\/sites\/4\/2024\/08\/202202caroline-privat-mattioni-gerard-cherpion-4.jpg\",\"keywords\":[\"Caroline Privat-Mattioni\",\"Deuxi\u00e8me tour de l'\u00e9lection pr\u00e9sidentielle\",\"Election pr\u00e9sidentielle 2022\"],\"articleSection\":[\"A la Une\",\"Politique\",\"Saint-Di\u00e9-des-Vosges et son Agglom\u00e9ration\"],\"inLanguage\":\"fr-FR\",\"potentialAction\":[{\"@type\":\"CommentAction\",\"name\":\"Comment\",\"target\":[\"https:\/\/vosgesinfo.fr\/saintdieinfo\/2022\/04\/election-presidentielle-caroline-privat-mattioni-ne-donnera-de-consigne-de-vote-deuxieme-tour\/#respond\"]}]},{\"@type\":\"WebPage\",\"@id\":\"https:\/\/vosgesinfo.fr\/saintdieinfo\/2022\/04\/election-presidentielle-caroline-privat-mattioni-ne-donnera-de-consigne-de-vote-deuxieme-tour\/\",\"url\":\"https:\/\/vosgesinfo.fr\/saintdieinfo\/2022\/04\/election-presidentielle-caroline-privat-mattioni-ne-donnera-de-consigne-de-vote-deuxieme-tour\/\",\"name\":\"Election pr\u00e9sidentielle \u2013 Caroline Privat-Mattioni ne donnera pas de consigne de vote pour le deuxi\u00e8me tour - Saint Die Info\",\"isPartOf\":{\"@id\":\"https:\/\/vosgesinfo.fr\/saintdieinfo\/#website\"},\"primaryImageOfPage\":{\"@id\":\"https:\/\/vosgesinfo.fr\/saintdieinfo\/2022\/04\/election-presidentielle-caroline-privat-mattioni-ne-donnera-de-consigne-de-vote-deuxieme-tour\/#primaryimage\"},\"image\":{\"@id\":\"https:\/\/vosgesinfo.fr\/saintdieinfo\/2022\/04\/election-presidentielle-caroline-privat-mattioni-ne-donnera-de-consigne-de-vote-deuxieme-tour\/#primaryimage\"},\"thumbnailUrl\":\"https:\/\/vosgesinfo.fr\/app\/uploads\/sites\/4\/2024\/08\/202202caroline-privat-mattioni-gerard-cherpion-4.jpg\",\"datePublished\":\"2022-04-21T12:34:43+00:00\",\"dateModified\":\"2022-04-21T12:34:43+00:00\",\"breadcrumb\":{\"@id\":\"https:\/\/vosgesinfo.fr\/saintdieinfo\/2022\/04\/election-presidentielle-caroline-privat-mattioni-ne-donnera-de-consigne-de-vote-deuxieme-tour\/#breadcrumb\"},\"inLanguage\":\"fr-FR\",\"potentialAction\":[{\"@type\":\"ReadAction\",\"target\":[\"https:\/\/vosgesinfo.fr\/saintdieinfo\/2022\/04\/election-presidentielle-caroline-privat-mattioni-ne-donnera-de-consigne-de-vote-deuxieme-tour\/\"]}]},{\"@type\":\"ImageObject\",\"inLanguage\":\"fr-FR\",\"@id\":\"https:\/\/vosgesinfo.fr\/saintdieinfo\/2022\/04\/election-presidentielle-caroline-privat-mattioni-ne-donnera-de-consigne-de-vote-deuxieme-tour\/#primaryimage\",\"url\":\"https:\/\/vosgesinfo.fr\/app\/uploads\/sites\/4\/2024\/08\/202202caroline-privat-mattioni-gerard-cherpion-4.jpg\",\"contentUrl\":\"https:\/\/vosgesinfo.fr\/app\/uploads\/sites\/4\/2024\/08\/202202caroline-privat-mattioni-gerard-cherpion-4.jpg\",\"width\":1600,\"height\":1205},{\"@type\":\"BreadcrumbList\",\"@id\":\"https:\/\/vosgesinfo.fr\/saintdieinfo\/2022\/04\/election-presidentielle-caroline-privat-mattioni-ne-donnera-de-consigne-de-vote-deuxieme-tour\/#breadcrumb\",\"itemListElement\":[{\"@type\":\"ListItem\",\"position\":1,\"name\":\"Home\",\"item\":\"https:\/\/vosgesinfo.fr\/saintdieinfo\/\"},{\"@type\":\"ListItem\",\"position\":2,\"name\":\"Election pr\u00e9sidentielle \u2013 Caroline Privat-Mattioni ne donnera pas de consigne de vote pour le deuxi\u00e8me tour\"}]},{\"@type\":\"WebSite\",\"@id\":\"https:\/\/vosgesinfo.fr\/saintdieinfo\/#website\",\"url\":\"https:\/\/vosgesinfo.fr\/saintdieinfo\/\",\"name\":\"Saint Die Info\",\"description\":\"Toute l&#039;actualit\u00e9 de Saint-Di\u00e9-Des-Vosges\",\"publisher\":{\"@id\":\"https:\/\/vosgesinfo.fr\/saintdieinfo\/#organization\"},\"alternateName\":\"Toute l'actualit\u00e9 de Saint-Di\u00e9-Des-Vosges\",\"potentialAction\":[{\"@type\":\"SearchAction\",\"target\":{\"@type\":\"EntryPoint\",\"urlTemplate\":\"https:\/\/vosgesinfo.fr\/saintdieinfo\/?s={search_term_string}\"},\"query-input\":\"required name=search_term_string\"}],\"inLanguage\":\"fr-FR\"},{\"@type\":\"Organization\",\"@id\":\"https:\/\/vosgesinfo.fr\/saintdieinfo\/#organization\",\"name\":\"Saint Die Info\",\"url\":\"https:\/\/vosgesinfo.fr\/saintdieinfo\/\",\"logo\":{\"@type\":\"ImageObject\",\"inLanguage\":\"fr-FR\",\"@id\":\"https:\/\/vosgesinfo.fr\/saintdieinfo\/#\/schema\/logo\/image\/\",\"url\":\"https:\/\/vosgesinfo.fr\/app\/uploads\/sites\/4\/2024\/02\/logo-sdi.jpg\",\"contentUrl\":\"https:\/\/vosgesinfo.fr\/app\/uploads\/sites\/4\/2024\/02\/logo-sdi.jpg\",\"width\":600,\"height\":600,\"caption\":\"Saint Die Info\"},\"image\":{\"@id\":\"https:\/\/vosgesinfo.fr\/saintdieinfo\/#\/schema\/logo\/image\/\"},\"sameAs\":[\"https:\/\/www.facebook.com\/Saintdieinfofr\",\"https:\/\/x.com\/VosgesInfo88\",\"https:\/\/www.youtube.com\/@vosgesinfo\"]},{\"@type\":\"Person\",\"@id\":\"https:\/\/vosgesinfo.fr\/saintdieinfo\/#\/schema\/person\/faee6704a21f3977511db84bd1cd450f\",\"name\":\"la r\u00e9daction\",\"image\":{\"@type\":\"ImageObject\",\"inLanguage\":\"fr-FR\",\"@id\":\"https:\/\/vosgesinfo.fr\/saintdieinfo\/#\/schema\/person\/image\/\",\"url\":\"https:\/\/secure.gravatar.com\/avatar\/6673d8bc6a9c17fa9a453eaa3448de834fa308c2ec9635b7aa99441a7c8d2cf6?s=96&d=mm&r=g\",\"contentUrl\":\"https:\/\/secure.gravatar.com\/avatar\/6673d8bc6a9c17fa9a453eaa3448de834fa308c2ec9635b7aa99441a7c8d2cf6?s=96&d=mm&r=g\",\"caption\":\"la r\u00e9daction\"},\"url\":\"https:\/\/vosgesinfo.fr\/saintdieinfo\/author\/redac\/\"}]}<\/script>\n<!-- \/ Yoast SEO plugin. -->","yoast_head_json":{"title":"Election pr\u00e9sidentielle \u2013 Caroline Privat-Mattioni ne donnera pas de consigne de vote pour le deuxi\u00e8me tour - Saint Die Info","robots":{"index":"index","follow":"follow","max-snippet":"max-snippet:-1","max-image-preview":"max-image-preview:large","max-video-preview":"max-video-preview:-1"},"canonical":"https:\/\/vosgesinfo.fr\/saintdieinfo\/2022\/04\/election-presidentielle-caroline-privat-mattioni-ne-donnera-de-consigne-de-vote-deuxieme-tour\/","twitter_card":"summary_large_image","twitter_title":"Election pr\u00e9sidentielle \u2013 Caroline Privat-Mattioni ne donnera pas de consigne de vote pour le deuxi\u00e8me tour - Saint Die Info","twitter_description":"A maintenant quelques jours du second tour de l&rsquo;\u00e9lection pr\u00e9sidentielle, Caroline Privat-Mattioni s&rsquo;est exprim\u00e9e \u00e0 travers un communiqu\u00e9 de presse [&hellip;]","twitter_image":"https:\/\/vosgesinfo.fr\/app\/uploads\/sites\/4\/2024\/08\/202202caroline-privat-mattioni-gerard-cherpion-4.jpg","twitter_creator":"@VosgesInfo88","twitter_site":"@VosgesInfo88","twitter_misc":{"\u00c9crit par":"la r\u00e9daction","Dur\u00e9e de lecture estim\u00e9e":"1 minute"},"schema":{"@context":"https:\/\/schema.org","@graph":[{"@type":"Article","@id":"https:\/\/vosgesinfo.fr\/saintdieinfo\/2022\/04\/election-presidentielle-caroline-privat-mattioni-ne-donnera-de-consigne-de-vote-deuxieme-tour\/#article","isPartOf":{"@id":"https:\/\/vosgesinfo.fr\/saintdieinfo\/2022\/04\/election-presidentielle-caroline-privat-mattioni-ne-donnera-de-consigne-de-vote-deuxieme-tour\/"},"author":{"name":"la r\u00e9daction","@id":"https:\/\/vosgesinfo.fr\/saintdieinfo\/#\/schema\/person\/faee6704a21f3977511db84bd1cd450f"},"headline":"Election pr\u00e9sidentielle \u2013 Caroline Privat-Mattioni ne donnera pas de consigne de vote pour le deuxi\u00e8me tour","datePublished":"2022-04-21T12:34:43+00:00","dateModified":"2022-04-21T12:34:43+00:00","mainEntityOfPage":{"@id":"https:\/\/vosgesinfo.fr\/saintdieinfo\/2022\/04\/election-presidentielle-caroline-privat-mattioni-ne-donnera-de-consigne-de-vote-deuxieme-tour\/"},"wordCount":316,"commentCount":0,"publisher":{"@id":"https:\/\/vosgesinfo.fr\/saintdieinfo\/#organization"},"image":{"@id":"https:\/\/vosgesinfo.fr\/saintdieinfo\/2022\/04\/election-presidentielle-caroline-privat-mattioni-ne-donnera-de-consigne-de-vote-deuxieme-tour\/#primaryimage"},"thumbnailUrl":"https:\/\/vosgesinfo.fr\/app\/uploads\/sites\/4\/2024\/08\/202202caroline-privat-mattioni-gerard-cherpion-4.jpg","keywords":["Caroline Privat-Mattioni","Deuxi\u00e8me tour de l'\u00e9lection pr\u00e9sidentielle","Election pr\u00e9sidentielle 2022"],"articleSection":["A la Une","Politique","Saint-Di\u00e9-des-Vosges et son Agglom\u00e9ration"],"inLanguage":"fr-FR","potentialAction":[{"@type":"CommentAction","name":"Comment","target":["https:\/\/vosgesinfo.fr\/saintdieinfo\/2022\/04\/election-presidentielle-caroline-privat-mattioni-ne-donnera-de-consigne-de-vote-deuxieme-tour\/#respond"]}]},{"@type":"WebPage","@id":"https:\/\/vosgesinfo.fr\/saintdieinfo\/2022\/04\/election-presidentielle-caroline-privat-mattioni-ne-donnera-de-consigne-de-vote-deuxieme-tour\/","url":"https:\/\/vosgesinfo.fr\/saintdieinfo\/2022\/04\/election-presidentielle-caroline-privat-mattioni-ne-donnera-de-consigne-de-vote-deuxieme-tour\/","name":"Election pr\u00e9sidentielle \u2013 Caroline Privat-Mattioni ne donnera pas de consigne de vote pour le deuxi\u00e8me tour - Saint Die Info","isPartOf":{"@id":"https:\/\/vosgesinfo.fr\/saintdieinfo\/#website"},"primaryImageOfPage":{"@id":"https:\/\/vosgesinfo.fr\/saintdieinfo\/2022\/04\/election-presidentielle-caroline-privat-mattioni-ne-donnera-de-consigne-de-vote-deuxieme-tour\/#primaryimage"},"image":{"@id":"https:\/\/vosgesinfo.fr\/saintdieinfo\/2022\/04\/election-presidentielle-caroline-privat-mattioni-ne-donnera-de-consigne-de-vote-deuxieme-tour\/#primaryimage"},"thumbnailUrl":"https:\/\/vosgesinfo.fr\/app\/uploads\/sites\/4\/2024\/08\/202202caroline-privat-mattioni-gerard-cherpion-4.jpg","datePublished":"2022-04-21T12:34:43+00:00","dateModified":"2022-04-21T12:34:43+00:00","breadcrumb":{"@id":"https:\/\/vosgesinfo.fr\/saintdieinfo\/2022\/04\/election-presidentielle-caroline-privat-mattioni-ne-donnera-de-consigne-de-vote-deuxieme-tour\/#breadcrumb"},"inLanguage":"fr-FR","potentialAction":[{"@type":"ReadAction","target":["https:\/\/vosgesinfo.fr\/saintdieinfo\/2022\/04\/election-presidentielle-caroline-privat-mattioni-ne-donnera-de-consigne-de-vote-deuxieme-tour\/"]}]},{"@type":"ImageObject","inLanguage":"fr-FR","@id":"https:\/\/vosgesinfo.fr\/saintdieinfo\/2022\/04\/election-presidentielle-caroline-privat-mattioni-ne-donnera-de-consigne-de-vote-deuxieme-tour\/#primaryimage","url":"https:\/\/vosgesinfo.fr\/app\/uploads\/sites\/4\/2024\/08\/202202caroline-privat-mattioni-gerard-cherpion-4.jpg","contentUrl":"https:\/\/vosgesinfo.fr\/app\/uploads\/sites\/4\/2024\/08\/202202caroline-privat-mattioni-gerard-cherpion-4.jpg","width":1600,"height":1205},{"@type":"BreadcrumbList","@id":"https:\/\/vosgesinfo.fr\/saintdieinfo\/2022\/04\/election-presidentielle-caroline-privat-mattioni-ne-donnera-de-consigne-de-vote-deuxieme-tour\/#breadcrumb","itemListElement":[{"@type":"ListItem","position":1,"name":"Home","item":"https:\/\/vosgesinfo.fr\/saintdieinfo\/"},{"@type":"ListItem","position":2,"name":"Election pr\u00e9sidentielle \u2013 Caroline Privat-Mattioni ne donnera pas de consigne de vote pour le deuxi\u00e8me tour"}]},{"@type":"WebSite","@id":"https:\/\/vosgesinfo.fr\/saintdieinfo\/#website","url":"https:\/\/vosgesinfo.fr\/saintdieinfo\/","name":"Saint Die Info","description":"Toute l&#039;actualit\u00e9 de Saint-Di\u00e9-Des-Vosges","publisher":{"@id":"https:\/\/vosgesinfo.fr\/saintdieinfo\/#organization"},"alternateName":"Toute l'actualit\u00e9 de Saint-Di\u00e9-Des-Vosges","potentialAction":[{"@type":"SearchAction","target":{"@type":"EntryPoint","urlTemplate":"https:\/\/vosgesinfo.fr\/saintdieinfo\/?s={search_term_string}"},"query-input":"required name=search_term_string"}],"inLanguage":"fr-FR"},{"@type":"Organization","@id":"https:\/\/vosgesinfo.fr\/saintdieinfo\/#organization","name":"Saint Die Info","url":"https:\/\/vosgesinfo.fr\/saintdieinfo\/","logo":{"@type":"ImageObject","inLanguage":"fr-FR","@id":"https:\/\/vosgesinfo.fr\/saintdieinfo\/#\/schema\/logo\/image\/","url":"https:\/\/vosgesinfo.fr\/app\/uploads\/sites\/4\/2024\/02\/logo-sdi.jpg","contentUrl":"https:\/\/vosgesinfo.fr\/app\/uploads\/sites\/4\/2024\/02\/logo-sdi.jpg","width":600,"height":600,"caption":"Saint Die Info"},"image":{"@id":"https:\/\/vosgesinfo.fr\/saintdieinfo\/#\/schema\/logo\/image\/"},"sameAs":["https:\/\/www.facebook.com\/Saintdieinfofr","https:\/\/x.com\/VosgesInfo88","https:\/\/www.youtube.com\/@vosgesinfo"]},{"@type":"Person","@id":"https:\/\/vosgesinfo.fr\/saintdieinfo\/#\/schema\/person\/faee6704a21f3977511db84bd1cd450f","name":"la r\u00e9daction","image":{"@type":"ImageObject","inLanguage":"fr-FR","@id":"https:\/\/vosgesinfo.fr\/saintdieinfo\/#\/schema\/person\/image\/","url":"https:\/\/secure.gravatar.com\/avatar\/6673d8bc6a9c17fa9a453eaa3448de834fa308c2ec9635b7aa99441a7c8d2cf6?s=96&d=mm&r=g","contentUrl":"https:\/\/secure.gravatar.com\/avatar\/6673d8bc6a9c17fa9a453eaa3448de834fa308c2ec9635b7aa99441a7c8d2cf6?s=96&d=mm&r=g","caption":"la r\u00e9daction"},"url":"https:\/\/vosgesinfo.fr\/saintdieinfo\/author\/redac\/"}]}},"_links":{"self":[{"href":"https:\/\/vosgesinfo.fr\/saintdieinfo\/wp-json\/wp\/v2\/posts\/52427","targetHints":{"allow":["GET"]}}],"collection":[{"href":"https:\/\/vosgesinfo.fr\/saintdieinfo\/wp-json\/wp\/v2\/posts"}],"about":[{"href":"https:\/\/vosgesinfo.fr\/saintdieinfo\/wp-json\/wp\/v2\/types\/post"}],"author":[{"embeddable":true,"href":"https:\/\/vosgesinfo.fr\/saintdieinfo\/wp-json\/wp\/v2\/users\/44"}],"replies":[{"embeddable":true,"href":"https:\/\/vosgesinfo.fr\/saintdieinfo\/wp-json\/wp\/v2\/comments?post=52427"}],"version-history":[{"count":0,"href":"https:\/\/vosgesinfo.fr\/saintdieinfo\/wp-json\/wp\/v2\/posts\/52427\/revisions"}],"wp:featuredmedia":[{"embeddable":true,"href":"https:\/\/vosgesinfo.fr\/saintdieinfo\/wp-json\/wp\/v2\/media\/52428"}],"wp:attachment":[{"href":"https:\/\/vosgesinfo.fr\/saintdieinfo\/wp-json\/wp\/v2\/media?parent=52427"}],"wp:term":[{"taxonomy":"category","embeddable":true,"href":"https:\/\/vosgesinfo.fr\/saintdieinfo\/wp-json\/wp\/v2\/categories?post=52427"},{"taxonomy":"post_tag","embeddable":true,"href":"https:\/\/vosgesinfo.fr\/saintdieinfo\/wp-json\/wp\/v2\/tags?post=52427"}],"curies":[{"name":"wp","href":"https:\/\/api.w.org\/{rel}","templated":true}]}}