{"id":52521,"date":"2022-04-24T20:00:40","date_gmt":"2022-04-24T18:00:40","guid":{"rendered":"https:\/\/vosgesinfo.fr\/saintdieinfo\/2022\/04\/election-presidentielle-emmanuel-macron-tete-a-saint-die-vosges-2\/"},"modified":"2022-04-24T20:00:40","modified_gmt":"2022-04-24T18:00:40","slug":"election-presidentielle-emmanuel-macron-tete-a-saint-die-vosges-2","status":"publish","type":"post","link":"https:\/\/vosgesinfo.fr\/saintdieinfo\/2022\/04\/election-presidentielle-emmanuel-macron-tete-a-saint-die-vosges-2\/","title":{"rendered":"Election pr\u00e9sidentielle \u2013 Emmanuel Macron devance Marine Le Pen \u00e0 Saint-Di\u00e9-des-Vosges"},"content":{"rendered":"<div id=\"attachment_120028\" style=\"width: 970px\" class=\"wp-caption aligncenter\"><a href=\"\/2018\/04\/Visite_Emmanuel_Macron_Voivres-9.jpg\" target=\"_blank\" rel=\"noopener\"><img decoding=\"async\" aria-describedby=\"caption-attachment-120028\" class=\"wp-image-120028 size-large\" src=\"\/2018\/04\/Visite_Emmanuel_Macron_Voivres-9-1024x576.jpg\" alt=\"Visite_Emmanuel_Macron_Voivres (9)\" width=\"960\" height=\"540\" \/><\/a><p id=\"caption-attachment-120028\" class=\"wp-caption-text\">Emmanuel Macron lors d\u2019une visite dans les Vosges (Archive).<\/p><\/div>\n<h2><strong><span style=\"font-size: 14pt;\">Le deuxi\u00e8me tour de l&rsquo;\u00e9lection pr\u00e9sidentielle s&rsquo;est d\u00e9roul\u00e9 aujourd&rsquo;hui, en ce dimanche 24 avril. Apr\u00e8s le d\u00e9pouillement du scrutin, c&rsquo;est Emmanuel Macron qui a \u00e9t\u00e9 \u00e9lu pr\u00e9sident de la R\u00e9publique fran\u00e7aise pour les 5 ann\u00e9es \u00e0 venir, remportant 58,2% des suffrages selon les premi\u00e8res estimations.<\/span><\/strong><\/h2>\n<p><!--more--><\/p>\n<p>A Saint-Di\u00e9-des-Vosges, c&rsquo;est \u00e9galement le pr\u00e9sident sortant qui a r\u00e9colt\u00e9 le plus de suffrages, avec 4594 voix soit 55,08% des votes exprim\u00e9s. Marine Le Pen totalise quant \u00e0 elle 3747 voix dans la cit\u00e9 d\u00e9odatienne, soit 44,92% des suffrages. A l\u2019\u00e9chelle du d\u00e9partement, le r\u00e9sultat du scrutin, sur la base de 94% des \u00e9lecteurs inscrits, donne Marine Le Pen en t\u00eate dans les Vosges avec 52,71% des suffrages, contre 47,29% pour Emmanuel Macron. Quant au taux de participation, il est de 68,84% \u00e0 Saint-Di\u00e9-des-Vosges. Pour rappel, il \u00e9tait de 69,07% au premier tour.<\/p>\n<p>J.J.<\/p>\n<p><a href=\"\/2022\/04\/Deuxi\u00e8me_Tour_Election_Pr\u00e9sidentielle_SDDV.jpg\" target=\"_blank\" rel=\"noopener\"><img decoding=\"async\" class=\"aligncenter wp-image-182354 size-large\" src=\"\/2022\/04\/Deuxi\u00e8me_Tour_Election_Pr\u00e9sidentielle_SDDV-724x1024.jpg\" alt=\"Deuxi\u00e8me_Tour_Election_Pr\u00e9sidentielle_SDDV\" width=\"724\" height=\"1024\" \/><\/a><\/p>\n","protected":false},"excerpt":{"rendered":"<p>Le deuxi\u00e8me tour de l&rsquo;\u00e9lection pr\u00e9sidentielle s&rsquo;est d\u00e9roul\u00e9 aujourd&rsquo;hui, en ce dimanche 24 avril. Apr\u00e8s le d\u00e9pouillement du scrutin, c&rsquo;est [&hellip;]<\/p>\n","protected":false},"author":44,"featured_media":52522,"comment_status":"open","ping_status":"open","sticky":false,"template":"","format":"standard","meta":{"footnotes":""},"categories":[460,10,2915],"tags":[10507,9717,5039],"class_list":["post-52521","post","type-post","status-publish","format-standard","has-post-thumbnail","hentry","category-a-la-une","category-politique","category-saint-die-son-canton","tag-election-presidentielle","tag-election-presidentielle-2022","tag-emmanuel-macron"],"acf":[],"yoast_head":"<!-- This site is optimized with the Yoast SEO plugin v22.5 - https:\/\/yoast.com\/wordpress\/plugins\/seo\/ -->\n<title>Election pr\u00e9sidentielle \u2013 Emmanuel Macron devance Marine Le Pen \u00e0 Saint-Di\u00e9-des-Vosges - Saint Die Info<\/title>\n<meta name=\"robots\" content=\"index, follow, max-snippet:-1, max-image-preview:large, max-video-preview:-1\" \/>\n<link rel=\"canonical\" href=\"https:\/\/vosgesinfo.fr\/saintdieinfo\/2022\/04\/election-presidentielle-emmanuel-macron-tete-a-saint-die-vosges-2\/\" \/>\n<meta name=\"twitter:card\" content=\"summary_large_image\" \/>\n<meta name=\"twitter:title\" content=\"Election pr\u00e9sidentielle \u2013 Emmanuel Macron devance Marine Le Pen \u00e0 Saint-Di\u00e9-des-Vosges - Saint Die Info\" \/>\n<meta name=\"twitter:description\" content=\"Le deuxi\u00e8me tour de l&rsquo;\u00e9lection pr\u00e9sidentielle s&rsquo;est d\u00e9roul\u00e9 aujourd&rsquo;hui, en ce dimanche 24 avril. Apr\u00e8s le d\u00e9pouillement du scrutin, c&rsquo;est [&hellip;]\" \/>\n<meta name=\"twitter:image\" content=\"https:\/\/vosgesinfo.fr\/app\/uploads\/sites\/4\/2024\/08\/201804visite-emmanuel-macron-voivres-9-3.jpg\" \/>\n<meta name=\"twitter:creator\" content=\"@VosgesInfo88\" \/>\n<meta name=\"twitter:site\" content=\"@VosgesInfo88\" \/>\n<meta name=\"twitter:label1\" content=\"\u00c9crit par\" \/>\n\t<meta name=\"twitter:data1\" content=\"la r\u00e9daction\" \/>\n\t<meta name=\"twitter:label2\" content=\"Dur\u00e9e de lecture estim\u00e9e\" \/>\n\t<meta name=\"twitter:data2\" content=\"1 minute\" \/>\n<script type=\"application\/ld+json\" class=\"yoast-schema-graph\">{\"@context\":\"https:\/\/schema.org\",\"@graph\":[{\"@type\":\"Article\",\"@id\":\"https:\/\/vosgesinfo.fr\/saintdieinfo\/2022\/04\/election-presidentielle-emmanuel-macron-tete-a-saint-die-vosges-2\/#article\",\"isPartOf\":{\"@id\":\"https:\/\/vosgesinfo.fr\/saintdieinfo\/2022\/04\/election-presidentielle-emmanuel-macron-tete-a-saint-die-vosges-2\/\"},\"author\":{\"name\":\"la r\u00e9daction\",\"@id\":\"https:\/\/vosgesinfo.fr\/saintdieinfo\/#\/schema\/person\/faee6704a21f3977511db84bd1cd450f\"},\"headline\":\"Election pr\u00e9sidentielle \u2013 Emmanuel Macron devance Marine Le Pen \u00e0 Saint-Di\u00e9-des-Vosges\",\"datePublished\":\"2022-04-24T18:00:40+00:00\",\"dateModified\":\"2022-04-24T18:00:40+00:00\",\"mainEntityOfPage\":{\"@id\":\"https:\/\/vosgesinfo.fr\/saintdieinfo\/2022\/04\/election-presidentielle-emmanuel-macron-tete-a-saint-die-vosges-2\/\"},\"wordCount\":178,\"commentCount\":0,\"publisher\":{\"@id\":\"https:\/\/vosgesinfo.fr\/saintdieinfo\/#organization\"},\"image\":{\"@id\":\"https:\/\/vosgesinfo.fr\/saintdieinfo\/2022\/04\/election-presidentielle-emmanuel-macron-tete-a-saint-die-vosges-2\/#primaryimage\"},\"thumbnailUrl\":\"https:\/\/vosgesinfo.fr\/app\/uploads\/sites\/4\/2024\/08\/201804visite-emmanuel-macron-voivres-9-3.jpg\",\"keywords\":[\"Election pr\u00e9sidentielle\",\"Election pr\u00e9sidentielle 2022\",\"Emmanuel Macron\"],\"articleSection\":[\"A la Une\",\"Politique\",\"Saint-Di\u00e9-des-Vosges et son Agglom\u00e9ration\"],\"inLanguage\":\"fr-FR\",\"potentialAction\":[{\"@type\":\"CommentAction\",\"name\":\"Comment\",\"target\":[\"https:\/\/vosgesinfo.fr\/saintdieinfo\/2022\/04\/election-presidentielle-emmanuel-macron-tete-a-saint-die-vosges-2\/#respond\"]}]},{\"@type\":\"WebPage\",\"@id\":\"https:\/\/vosgesinfo.fr\/saintdieinfo\/2022\/04\/election-presidentielle-emmanuel-macron-tete-a-saint-die-vosges-2\/\",\"url\":\"https:\/\/vosgesinfo.fr\/saintdieinfo\/2022\/04\/election-presidentielle-emmanuel-macron-tete-a-saint-die-vosges-2\/\",\"name\":\"Election pr\u00e9sidentielle \u2013 Emmanuel Macron devance Marine Le Pen \u00e0 Saint-Di\u00e9-des-Vosges - Saint Die Info\",\"isPartOf\":{\"@id\":\"https:\/\/vosgesinfo.fr\/saintdieinfo\/#website\"},\"primaryImageOfPage\":{\"@id\":\"https:\/\/vosgesinfo.fr\/saintdieinfo\/2022\/04\/election-presidentielle-emmanuel-macron-tete-a-saint-die-vosges-2\/#primaryimage\"},\"image\":{\"@id\":\"https:\/\/vosgesinfo.fr\/saintdieinfo\/2022\/04\/election-presidentielle-emmanuel-macron-tete-a-saint-die-vosges-2\/#primaryimage\"},\"thumbnailUrl\":\"https:\/\/vosgesinfo.fr\/app\/uploads\/sites\/4\/2024\/08\/201804visite-emmanuel-macron-voivres-9-3.jpg\",\"datePublished\":\"2022-04-24T18:00:40+00:00\",\"dateModified\":\"2022-04-24T18:00:40+00:00\",\"breadcrumb\":{\"@id\":\"https:\/\/vosgesinfo.fr\/saintdieinfo\/2022\/04\/election-presidentielle-emmanuel-macron-tete-a-saint-die-vosges-2\/#breadcrumb\"},\"inLanguage\":\"fr-FR\",\"potentialAction\":[{\"@type\":\"ReadAction\",\"target\":[\"https:\/\/vosgesinfo.fr\/saintdieinfo\/2022\/04\/election-presidentielle-emmanuel-macron-tete-a-saint-die-vosges-2\/\"]}]},{\"@type\":\"ImageObject\",\"inLanguage\":\"fr-FR\",\"@id\":\"https:\/\/vosgesinfo.fr\/saintdieinfo\/2022\/04\/election-presidentielle-emmanuel-macron-tete-a-saint-die-vosges-2\/#primaryimage\",\"url\":\"https:\/\/vosgesinfo.fr\/app\/uploads\/sites\/4\/2024\/08\/201804visite-emmanuel-macron-voivres-9-3.jpg\",\"contentUrl\":\"https:\/\/vosgesinfo.fr\/app\/uploads\/sites\/4\/2024\/08\/201804visite-emmanuel-macron-voivres-9-3.jpg\",\"width\":1600,\"height\":900},{\"@type\":\"BreadcrumbList\",\"@id\":\"https:\/\/vosgesinfo.fr\/saintdieinfo\/2022\/04\/election-presidentielle-emmanuel-macron-tete-a-saint-die-vosges-2\/#breadcrumb\",\"itemListElement\":[{\"@type\":\"ListItem\",\"position\":1,\"name\":\"Home\",\"item\":\"https:\/\/vosgesinfo.fr\/saintdieinfo\/\"},{\"@type\":\"ListItem\",\"position\":2,\"name\":\"Election pr\u00e9sidentielle \u2013 Emmanuel Macron devance Marine Le Pen \u00e0 Saint-Di\u00e9-des-Vosges\"}]},{\"@type\":\"WebSite\",\"@id\":\"https:\/\/vosgesinfo.fr\/saintdieinfo\/#website\",\"url\":\"https:\/\/vosgesinfo.fr\/saintdieinfo\/\",\"name\":\"Saint Die Info\",\"description\":\"Toute l&#039;actualit\u00e9 de Saint-Di\u00e9-Des-Vosges\",\"publisher\":{\"@id\":\"https:\/\/vosgesinfo.fr\/saintdieinfo\/#organization\"},\"alternateName\":\"Toute l'actualit\u00e9 de Saint-Di\u00e9-Des-Vosges\",\"potentialAction\":[{\"@type\":\"SearchAction\",\"target\":{\"@type\":\"EntryPoint\",\"urlTemplate\":\"https:\/\/vosgesinfo.fr\/saintdieinfo\/?s={search_term_string}\"},\"query-input\":\"required name=search_term_string\"}],\"inLanguage\":\"fr-FR\"},{\"@type\":\"Organization\",\"@id\":\"https:\/\/vosgesinfo.fr\/saintdieinfo\/#organization\",\"name\":\"Saint Die Info\",\"url\":\"https:\/\/vosgesinfo.fr\/saintdieinfo\/\",\"logo\":{\"@type\":\"ImageObject\",\"inLanguage\":\"fr-FR\",\"@id\":\"https:\/\/vosgesinfo.fr\/saintdieinfo\/#\/schema\/logo\/image\/\",\"url\":\"https:\/\/vosgesinfo.fr\/app\/uploads\/sites\/4\/2024\/02\/logo-sdi.jpg\",\"contentUrl\":\"https:\/\/vosgesinfo.fr\/app\/uploads\/sites\/4\/2024\/02\/logo-sdi.jpg\",\"width\":600,\"height\":600,\"caption\":\"Saint Die Info\"},\"image\":{\"@id\":\"https:\/\/vosgesinfo.fr\/saintdieinfo\/#\/schema\/logo\/image\/\"},\"sameAs\":[\"https:\/\/www.facebook.com\/Saintdieinfofr\",\"https:\/\/x.com\/VosgesInfo88\",\"https:\/\/www.youtube.com\/@vosgesinfo\"]},{\"@type\":\"Person\",\"@id\":\"https:\/\/vosgesinfo.fr\/saintdieinfo\/#\/schema\/person\/faee6704a21f3977511db84bd1cd450f\",\"name\":\"la r\u00e9daction\",\"image\":{\"@type\":\"ImageObject\",\"inLanguage\":\"fr-FR\",\"@id\":\"https:\/\/vosgesinfo.fr\/saintdieinfo\/#\/schema\/person\/image\/\",\"url\":\"https:\/\/secure.gravatar.com\/avatar\/6673d8bc6a9c17fa9a453eaa3448de834fa308c2ec9635b7aa99441a7c8d2cf6?s=96&d=mm&r=g\",\"contentUrl\":\"https:\/\/secure.gravatar.com\/avatar\/6673d8bc6a9c17fa9a453eaa3448de834fa308c2ec9635b7aa99441a7c8d2cf6?s=96&d=mm&r=g\",\"caption\":\"la r\u00e9daction\"},\"url\":\"https:\/\/vosgesinfo.fr\/saintdieinfo\/author\/redac\/\"}]}<\/script>\n<!-- \/ Yoast SEO plugin. -->","yoast_head_json":{"title":"Election pr\u00e9sidentielle \u2013 Emmanuel Macron devance Marine Le Pen \u00e0 Saint-Di\u00e9-des-Vosges - Saint Die Info","robots":{"index":"index","follow":"follow","max-snippet":"max-snippet:-1","max-image-preview":"max-image-preview:large","max-video-preview":"max-video-preview:-1"},"canonical":"https:\/\/vosgesinfo.fr\/saintdieinfo\/2022\/04\/election-presidentielle-emmanuel-macron-tete-a-saint-die-vosges-2\/","twitter_card":"summary_large_image","twitter_title":"Election pr\u00e9sidentielle \u2013 Emmanuel Macron devance Marine Le Pen \u00e0 Saint-Di\u00e9-des-Vosges - Saint Die Info","twitter_description":"Le deuxi\u00e8me tour de l&rsquo;\u00e9lection pr\u00e9sidentielle s&rsquo;est d\u00e9roul\u00e9 aujourd&rsquo;hui, en ce dimanche 24 avril. Apr\u00e8s le d\u00e9pouillement du scrutin, c&rsquo;est [&hellip;]","twitter_image":"https:\/\/vosgesinfo.fr\/app\/uploads\/sites\/4\/2024\/08\/201804visite-emmanuel-macron-voivres-9-3.jpg","twitter_creator":"@VosgesInfo88","twitter_site":"@VosgesInfo88","twitter_misc":{"\u00c9crit par":"la r\u00e9daction","Dur\u00e9e de lecture estim\u00e9e":"1 minute"},"schema":{"@context":"https:\/\/schema.org","@graph":[{"@type":"Article","@id":"https:\/\/vosgesinfo.fr\/saintdieinfo\/2022\/04\/election-presidentielle-emmanuel-macron-tete-a-saint-die-vosges-2\/#article","isPartOf":{"@id":"https:\/\/vosgesinfo.fr\/saintdieinfo\/2022\/04\/election-presidentielle-emmanuel-macron-tete-a-saint-die-vosges-2\/"},"author":{"name":"la r\u00e9daction","@id":"https:\/\/vosgesinfo.fr\/saintdieinfo\/#\/schema\/person\/faee6704a21f3977511db84bd1cd450f"},"headline":"Election pr\u00e9sidentielle \u2013 Emmanuel Macron devance Marine Le Pen \u00e0 Saint-Di\u00e9-des-Vosges","datePublished":"2022-04-24T18:00:40+00:00","dateModified":"2022-04-24T18:00:40+00:00","mainEntityOfPage":{"@id":"https:\/\/vosgesinfo.fr\/saintdieinfo\/2022\/04\/election-presidentielle-emmanuel-macron-tete-a-saint-die-vosges-2\/"},"wordCount":178,"commentCount":0,"publisher":{"@id":"https:\/\/vosgesinfo.fr\/saintdieinfo\/#organization"},"image":{"@id":"https:\/\/vosgesinfo.fr\/saintdieinfo\/2022\/04\/election-presidentielle-emmanuel-macron-tete-a-saint-die-vosges-2\/#primaryimage"},"thumbnailUrl":"https:\/\/vosgesinfo.fr\/app\/uploads\/sites\/4\/2024\/08\/201804visite-emmanuel-macron-voivres-9-3.jpg","keywords":["Election pr\u00e9sidentielle","Election pr\u00e9sidentielle 2022","Emmanuel Macron"],"articleSection":["A la Une","Politique","Saint-Di\u00e9-des-Vosges et son Agglom\u00e9ration"],"inLanguage":"fr-FR","potentialAction":[{"@type":"CommentAction","name":"Comment","target":["https:\/\/vosgesinfo.fr\/saintdieinfo\/2022\/04\/election-presidentielle-emmanuel-macron-tete-a-saint-die-vosges-2\/#respond"]}]},{"@type":"WebPage","@id":"https:\/\/vosgesinfo.fr\/saintdieinfo\/2022\/04\/election-presidentielle-emmanuel-macron-tete-a-saint-die-vosges-2\/","url":"https:\/\/vosgesinfo.fr\/saintdieinfo\/2022\/04\/election-presidentielle-emmanuel-macron-tete-a-saint-die-vosges-2\/","name":"Election pr\u00e9sidentielle \u2013 Emmanuel Macron devance Marine Le Pen \u00e0 Saint-Di\u00e9-des-Vosges - Saint Die Info","isPartOf":{"@id":"https:\/\/vosgesinfo.fr\/saintdieinfo\/#website"},"primaryImageOfPage":{"@id":"https:\/\/vosgesinfo.fr\/saintdieinfo\/2022\/04\/election-presidentielle-emmanuel-macron-tete-a-saint-die-vosges-2\/#primaryimage"},"image":{"@id":"https:\/\/vosgesinfo.fr\/saintdieinfo\/2022\/04\/election-presidentielle-emmanuel-macron-tete-a-saint-die-vosges-2\/#primaryimage"},"thumbnailUrl":"https:\/\/vosgesinfo.fr\/app\/uploads\/sites\/4\/2024\/08\/201804visite-emmanuel-macron-voivres-9-3.jpg","datePublished":"2022-04-24T18:00:40+00:00","dateModified":"2022-04-24T18:00:40+00:00","breadcrumb":{"@id":"https:\/\/vosgesinfo.fr\/saintdieinfo\/2022\/04\/election-presidentielle-emmanuel-macron-tete-a-saint-die-vosges-2\/#breadcrumb"},"inLanguage":"fr-FR","potentialAction":[{"@type":"ReadAction","target":["https:\/\/vosgesinfo.fr\/saintdieinfo\/2022\/04\/election-presidentielle-emmanuel-macron-tete-a-saint-die-vosges-2\/"]}]},{"@type":"ImageObject","inLanguage":"fr-FR","@id":"https:\/\/vosgesinfo.fr\/saintdieinfo\/2022\/04\/election-presidentielle-emmanuel-macron-tete-a-saint-die-vosges-2\/#primaryimage","url":"https:\/\/vosgesinfo.fr\/app\/uploads\/sites\/4\/2024\/08\/201804visite-emmanuel-macron-voivres-9-3.jpg","contentUrl":"https:\/\/vosgesinfo.fr\/app\/uploads\/sites\/4\/2024\/08\/201804visite-emmanuel-macron-voivres-9-3.jpg","width":1600,"height":900},{"@type":"BreadcrumbList","@id":"https:\/\/vosgesinfo.fr\/saintdieinfo\/2022\/04\/election-presidentielle-emmanuel-macron-tete-a-saint-die-vosges-2\/#breadcrumb","itemListElement":[{"@type":"ListItem","position":1,"name":"Home","item":"https:\/\/vosgesinfo.fr\/saintdieinfo\/"},{"@type":"ListItem","position":2,"name":"Election pr\u00e9sidentielle \u2013 Emmanuel Macron devance Marine Le Pen \u00e0 Saint-Di\u00e9-des-Vosges"}]},{"@type":"WebSite","@id":"https:\/\/vosgesinfo.fr\/saintdieinfo\/#website","url":"https:\/\/vosgesinfo.fr\/saintdieinfo\/","name":"Saint Die Info","description":"Toute l&#039;actualit\u00e9 de Saint-Di\u00e9-Des-Vosges","publisher":{"@id":"https:\/\/vosgesinfo.fr\/saintdieinfo\/#organization"},"alternateName":"Toute l'actualit\u00e9 de Saint-Di\u00e9-Des-Vosges","potentialAction":[{"@type":"SearchAction","target":{"@type":"EntryPoint","urlTemplate":"https:\/\/vosgesinfo.fr\/saintdieinfo\/?s={search_term_string}"},"query-input":"required name=search_term_string"}],"inLanguage":"fr-FR"},{"@type":"Organization","@id":"https:\/\/vosgesinfo.fr\/saintdieinfo\/#organization","name":"Saint Die Info","url":"https:\/\/vosgesinfo.fr\/saintdieinfo\/","logo":{"@type":"ImageObject","inLanguage":"fr-FR","@id":"https:\/\/vosgesinfo.fr\/saintdieinfo\/#\/schema\/logo\/image\/","url":"https:\/\/vosgesinfo.fr\/app\/uploads\/sites\/4\/2024\/02\/logo-sdi.jpg","contentUrl":"https:\/\/vosgesinfo.fr\/app\/uploads\/sites\/4\/2024\/02\/logo-sdi.jpg","width":600,"height":600,"caption":"Saint Die Info"},"image":{"@id":"https:\/\/vosgesinfo.fr\/saintdieinfo\/#\/schema\/logo\/image\/"},"sameAs":["https:\/\/www.facebook.com\/Saintdieinfofr","https:\/\/x.com\/VosgesInfo88","https:\/\/www.youtube.com\/@vosgesinfo"]},{"@type":"Person","@id":"https:\/\/vosgesinfo.fr\/saintdieinfo\/#\/schema\/person\/faee6704a21f3977511db84bd1cd450f","name":"la r\u00e9daction","image":{"@type":"ImageObject","inLanguage":"fr-FR","@id":"https:\/\/vosgesinfo.fr\/saintdieinfo\/#\/schema\/person\/image\/","url":"https:\/\/secure.gravatar.com\/avatar\/6673d8bc6a9c17fa9a453eaa3448de834fa308c2ec9635b7aa99441a7c8d2cf6?s=96&d=mm&r=g","contentUrl":"https:\/\/secure.gravatar.com\/avatar\/6673d8bc6a9c17fa9a453eaa3448de834fa308c2ec9635b7aa99441a7c8d2cf6?s=96&d=mm&r=g","caption":"la r\u00e9daction"},"url":"https:\/\/vosgesinfo.fr\/saintdieinfo\/author\/redac\/"}]}},"_links":{"self":[{"href":"https:\/\/vosgesinfo.fr\/saintdieinfo\/wp-json\/wp\/v2\/posts\/52521","targetHints":{"allow":["GET"]}}],"collection":[{"href":"https:\/\/vosgesinfo.fr\/saintdieinfo\/wp-json\/wp\/v2\/posts"}],"about":[{"href":"https:\/\/vosgesinfo.fr\/saintdieinfo\/wp-json\/wp\/v2\/types\/post"}],"author":[{"embeddable":true,"href":"https:\/\/vosgesinfo.fr\/saintdieinfo\/wp-json\/wp\/v2\/users\/44"}],"replies":[{"embeddable":true,"href":"https:\/\/vosgesinfo.fr\/saintdieinfo\/wp-json\/wp\/v2\/comments?post=52521"}],"version-history":[{"count":0,"href":"https:\/\/vosgesinfo.fr\/saintdieinfo\/wp-json\/wp\/v2\/posts\/52521\/revisions"}],"wp:featuredmedia":[{"embeddable":true,"href":"https:\/\/vosgesinfo.fr\/saintdieinfo\/wp-json\/wp\/v2\/media\/52522"}],"wp:attachment":[{"href":"https:\/\/vosgesinfo.fr\/saintdieinfo\/wp-json\/wp\/v2\/media?parent=52521"}],"wp:term":[{"taxonomy":"category","embeddable":true,"href":"https:\/\/vosgesinfo.fr\/saintdieinfo\/wp-json\/wp\/v2\/categories?post=52521"},{"taxonomy":"post_tag","embeddable":true,"href":"https:\/\/vosgesinfo.fr\/saintdieinfo\/wp-json\/wp\/v2\/tags?post=52521"}],"curies":[{"name":"wp","href":"https:\/\/api.w.org\/{rel}","templated":true}]}}