{"id":52635,"date":"2022-04-28T08:24:57","date_gmt":"2022-04-28T06:24:57","guid":{"rendered":"https:\/\/vosgesinfo.fr\/saintdieinfo\/2022\/04\/jeunes-de-saint-roch-se-paient-voyage-a-paris-travaillant-quartier\/"},"modified":"2022-04-28T08:24:57","modified_gmt":"2022-04-28T06:24:57","slug":"jeunes-de-saint-roch-se-paient-voyage-a-paris-travaillant-quartier","status":"publish","type":"post","link":"https:\/\/vosgesinfo.fr\/saintdieinfo\/2022\/04\/jeunes-de-saint-roch-se-paient-voyage-a-paris-travaillant-quartier\/","title":{"rendered":"Des jeunes de Saint-Roch se paient un voyage \u00e0 Paris en travaillant dans leur quartier"},"content":{"rendered":"<div id=\"attachment_182543\" style=\"width: 970px\" class=\"wp-caption aligncenter\"><a href=\"\/2022\/04\/Retour_Exp\u00e9rience_Jeunes_Chantiers_Educatifs-21.jpg\" target=\"_blank\" rel=\"noopener\"><img decoding=\"async\" aria-describedby=\"caption-attachment-182543\" class=\"wp-image-182543 size-large\" src=\"\/2022\/04\/Retour_Exp\u00e9rience_Jeunes_Chantiers_Educatifs-21-1024x736.jpg\" alt=\"Retour_Exp\u00e9rience_Jeunes_Chantiers_Educatifs (21)\" width=\"960\" height=\"690\" \/><\/a><p id=\"caption-attachment-182543\" class=\"wp-caption-text\">(Photographies Centre Social Germaine-Tillion)<\/p><\/div>\n<h2><strong><span style=\"font-size: 14pt;\">12 jeunes du Centre Social Germaine-Tillion du quartier Saint-Roch ont d\u00e9couvert Paris lors d&rsquo;un voyage de 4 jours durant ces vacances de P\u00e2ques. Au programme\u00a0: balade au centre-ville, culture et citoyennet\u00e9. Mais pour se payer ce s\u00e9jour dans la Ville Lumi\u00e8re, les adolescents ont retrouss\u00e9 leurs manches durant des semaines en travaillant sur un chantier dans leur quartier.<\/span><\/strong><\/h2>\n<p><!--more--><\/p>\n<p><em>\u00ab\u00a0Ce projet est n\u00e9 \u00e0 l&rsquo;automne dernier, lorsque le groupe de jeunes a \u00e9t\u00e9 constitu\u00e9. Puis il a fallu budg\u00e9tiser le voyage, qui repr\u00e9sentait une belle somme. Donc nous avons du chercher des financements. Nous nous sommes adress\u00e9s \u00e0 nos partenaires, et le bailleur social Vosgelis a financ\u00e9 la moiti\u00e9 du s\u00e9jour en contre-partie du nettoyage d&rsquo;une parcelle du quartier. D\u00e9sormais nettoy\u00e9e, cette parcelle est destin\u00e9e \u00e0 accueillir des jardins partag\u00e9s. La CAF a \u00e9galement apport\u00e9 son soutien financier, au titre de la Politique de la Ville. Gr\u00e2ce \u00e0 ces financements, le voyage a pu se concr\u00e9tiser\u00a0\u00bb<\/em> explique Nadir Moktar, charg\u00e9 d&rsquo;intervention sociale au Centre Social Germaine-Tillion, qui a encadr\u00e9 le projet.<\/p>\n<p>Ce dernier tient d&rsquo;ailleurs \u00e0 remercier Vosgelis et la CAF des Vosges, mais aussi la Ville de Saint-Di\u00e9-des-Vosges qui a apport\u00e9 un pr\u00e9cieux soutien logistique, en mettant \u00e0 disposition des camions et un chauffeur pour transporter les nombreux d\u00e9chets ramass\u00e9s par les adolescents.<\/p>\n<p>Baignoires, fauteuils, barbecues, ronces, pierres&#8230; la parcelle \u00e9tait devenue une v\u00e9ritable d\u00e9charge au fil du temps. A raison d&rsquo;une dizaine de mercredis apr\u00e8s-midis et d&rsquo;une semaine de vacances, les jeunes ont d\u00e9frich\u00e9, nettoy\u00e9 et d\u00e9barrass\u00e9 les ordures et autres encombrants qui jonchaient le terrain. <em>\u00ab\u00a0On ne s&rsquo;attendait pas \u00e0 trouver la parcelle dans cet \u00e9tat l\u00e0, c&rsquo;\u00e9tait un vrai d\u00e9potoir. Au d\u00e9but, on pensait que \u00e7a irait assez vite, mais \u00e7a nous a pris plus de temps que ce qu&rsquo;on avait imagin\u00e9\u00a0\u00bb<\/em> affirment Myriam, 13 ans, et Meliha, 12 ans, qui ont toutes 2 particip\u00e9 au chantier.<\/p>\n<p>Toutes 2 se sont \u00e9galement rendues \u00e0 Paris pour la premi\u00e8re fois de leur vie. Une exp\u00e9rience qui leur a beaucoup plu. Ce qu&rsquo;elles ont le plus appr\u00e9ci\u00e9 durant ces 4 jours en terres parisiennes, o\u00f9 elles \u00e9taient accompagn\u00e9es de leurs camarades et des adultes Laura Merling, Songul Bulut et Hemailia Hafsia\u00a0? La visite de l&rsquo;Assembl\u00e9e Nationale et du mus\u00e9e du Louvre, le Jardin des Tuileries et, bien entendu, la d\u00e9couverte de la Tour Eiffel et de l&rsquo;Arc de Triomphe&#8230; de jour comme de nuit. De quoi faire le plein de souvenirs et de photos \u00e0 montrer une fois de retour en D\u00e9odatie.<\/p>\n<p>Ce projet de voyage financ\u00e9 par un chantier, qui \u00e9tait une premi\u00e8re sous cette forme au Centre Social Germaine-Tillion, s&rsquo;inscrivait dans un projet plus global de promotion des valeurs de la R\u00e9publique tout en luttant contre la radicalisation, religieuse mais aussi la d\u00e9linquance.<\/p>\n<p>J.J.<\/p>\n\n","protected":false},"excerpt":{"rendered":"<p>12 jeunes du Centre Social Germaine-Tillion du quartier Saint-Roch ont d\u00e9couvert Paris lors d&rsquo;un voyage de 4 jours durant ces [&hellip;]<\/p>\n","protected":false},"author":44,"featured_media":52636,"comment_status":"open","ping_status":"open","sticky":false,"template":"","format":"standard","meta":{"footnotes":""},"categories":[460,2915],"tags":[7850,3118,11185,7404,3121,3240,1902],"class_list":["post-52635","post","type-post","status-publish","format-standard","has-post-thumbnail","hentry","category-a-la-une","category-saint-die-son-canton","tag-caf-des-vosges","tag-centre-social-germaine-tillion","tag-nettoyage-dune-parcelle-a-saint-roch","tag-paris","tag-quartier-saint-roch","tag-ville-de-saint-die-des-vosges","tag-vosgelis"],"acf":[],"yoast_head":"<!-- This site is optimized with the Yoast SEO plugin v22.5 - https:\/\/yoast.com\/wordpress\/plugins\/seo\/ -->\n<title>Des jeunes de Saint-Roch se paient un voyage \u00e0 Paris en travaillant dans leur quartier - Saint Die Info<\/title>\n<meta name=\"robots\" content=\"index, follow, max-snippet:-1, max-image-preview:large, max-video-preview:-1\" \/>\n<link rel=\"canonical\" href=\"https:\/\/vosgesinfo.fr\/saintdieinfo\/2022\/04\/jeunes-de-saint-roch-se-paient-voyage-a-paris-travaillant-quartier\/\" \/>\n<meta name=\"twitter:card\" content=\"summary_large_image\" \/>\n<meta name=\"twitter:title\" content=\"Des jeunes de Saint-Roch se paient un voyage \u00e0 Paris en travaillant dans leur quartier - Saint Die Info\" \/>\n<meta name=\"twitter:description\" content=\"12 jeunes du Centre Social Germaine-Tillion du quartier Saint-Roch ont d\u00e9couvert Paris lors d&rsquo;un voyage de 4 jours durant ces [&hellip;]\" \/>\n<meta name=\"twitter:image\" content=\"https:\/\/vosgesinfo.fr\/app\/uploads\/sites\/4\/2024\/08\/202204retour-experience-jeunes-chantiers-educatifs-21.jpg\" \/>\n<meta name=\"twitter:creator\" content=\"@VosgesInfo88\" \/>\n<meta name=\"twitter:site\" content=\"@VosgesInfo88\" \/>\n<meta name=\"twitter:label1\" content=\"\u00c9crit par\" \/>\n\t<meta name=\"twitter:data1\" content=\"la r\u00e9daction\" \/>\n\t<meta name=\"twitter:label2\" content=\"Dur\u00e9e de lecture estim\u00e9e\" \/>\n\t<meta name=\"twitter:data2\" content=\"2 minutes\" \/>\n<script type=\"application\/ld+json\" class=\"yoast-schema-graph\">{\"@context\":\"https:\/\/schema.org\",\"@graph\":[{\"@type\":\"Article\",\"@id\":\"https:\/\/vosgesinfo.fr\/saintdieinfo\/2022\/04\/jeunes-de-saint-roch-se-paient-voyage-a-paris-travaillant-quartier\/#article\",\"isPartOf\":{\"@id\":\"https:\/\/vosgesinfo.fr\/saintdieinfo\/2022\/04\/jeunes-de-saint-roch-se-paient-voyage-a-paris-travaillant-quartier\/\"},\"author\":{\"name\":\"la r\u00e9daction\",\"@id\":\"https:\/\/vosgesinfo.fr\/saintdieinfo\/#\/schema\/person\/faee6704a21f3977511db84bd1cd450f\"},\"headline\":\"Des jeunes de Saint-Roch se paient un voyage \u00e0 Paris en travaillant dans leur quartier\",\"datePublished\":\"2022-04-28T06:24:57+00:00\",\"dateModified\":\"2022-04-28T06:24:57+00:00\",\"mainEntityOfPage\":{\"@id\":\"https:\/\/vosgesinfo.fr\/saintdieinfo\/2022\/04\/jeunes-de-saint-roch-se-paient-voyage-a-paris-travaillant-quartier\/\"},\"wordCount\":523,\"commentCount\":0,\"publisher\":{\"@id\":\"https:\/\/vosgesinfo.fr\/saintdieinfo\/#organization\"},\"image\":{\"@id\":\"https:\/\/vosgesinfo.fr\/saintdieinfo\/2022\/04\/jeunes-de-saint-roch-se-paient-voyage-a-paris-travaillant-quartier\/#primaryimage\"},\"thumbnailUrl\":\"https:\/\/vosgesinfo.fr\/app\/uploads\/sites\/4\/2024\/08\/202204retour-experience-jeunes-chantiers-educatifs-21.jpg\",\"keywords\":[\"CAF des Vosges\",\"Centre Social Germaine-Tillion\",\"Nettoyage d'une parcelle \u00e0 Saint-Roch\",\"Paris\",\"Quartier Saint-Roch\",\"Ville de Saint-Di\u00e9-des-Vosges\",\"Vosgelis\"],\"articleSection\":[\"A la Une\",\"Saint-Di\u00e9-des-Vosges et son Agglom\u00e9ration\"],\"inLanguage\":\"fr-FR\",\"potentialAction\":[{\"@type\":\"CommentAction\",\"name\":\"Comment\",\"target\":[\"https:\/\/vosgesinfo.fr\/saintdieinfo\/2022\/04\/jeunes-de-saint-roch-se-paient-voyage-a-paris-travaillant-quartier\/#respond\"]}]},{\"@type\":\"WebPage\",\"@id\":\"https:\/\/vosgesinfo.fr\/saintdieinfo\/2022\/04\/jeunes-de-saint-roch-se-paient-voyage-a-paris-travaillant-quartier\/\",\"url\":\"https:\/\/vosgesinfo.fr\/saintdieinfo\/2022\/04\/jeunes-de-saint-roch-se-paient-voyage-a-paris-travaillant-quartier\/\",\"name\":\"Des jeunes de Saint-Roch se paient un voyage \u00e0 Paris en travaillant dans leur quartier - Saint Die Info\",\"isPartOf\":{\"@id\":\"https:\/\/vosgesinfo.fr\/saintdieinfo\/#website\"},\"primaryImageOfPage\":{\"@id\":\"https:\/\/vosgesinfo.fr\/saintdieinfo\/2022\/04\/jeunes-de-saint-roch-se-paient-voyage-a-paris-travaillant-quartier\/#primaryimage\"},\"image\":{\"@id\":\"https:\/\/vosgesinfo.fr\/saintdieinfo\/2022\/04\/jeunes-de-saint-roch-se-paient-voyage-a-paris-travaillant-quartier\/#primaryimage\"},\"thumbnailUrl\":\"https:\/\/vosgesinfo.fr\/app\/uploads\/sites\/4\/2024\/08\/202204retour-experience-jeunes-chantiers-educatifs-21.jpg\",\"datePublished\":\"2022-04-28T06:24:57+00:00\",\"dateModified\":\"2022-04-28T06:24:57+00:00\",\"breadcrumb\":{\"@id\":\"https:\/\/vosgesinfo.fr\/saintdieinfo\/2022\/04\/jeunes-de-saint-roch-se-paient-voyage-a-paris-travaillant-quartier\/#breadcrumb\"},\"inLanguage\":\"fr-FR\",\"potentialAction\":[{\"@type\":\"ReadAction\",\"target\":[\"https:\/\/vosgesinfo.fr\/saintdieinfo\/2022\/04\/jeunes-de-saint-roch-se-paient-voyage-a-paris-travaillant-quartier\/\"]}]},{\"@type\":\"ImageObject\",\"inLanguage\":\"fr-FR\",\"@id\":\"https:\/\/vosgesinfo.fr\/saintdieinfo\/2022\/04\/jeunes-de-saint-roch-se-paient-voyage-a-paris-travaillant-quartier\/#primaryimage\",\"url\":\"https:\/\/vosgesinfo.fr\/app\/uploads\/sites\/4\/2024\/08\/202204retour-experience-jeunes-chantiers-educatifs-21.jpg\",\"contentUrl\":\"https:\/\/vosgesinfo.fr\/app\/uploads\/sites\/4\/2024\/08\/202204retour-experience-jeunes-chantiers-educatifs-21.jpg\",\"width\":1556,\"height\":1118},{\"@type\":\"BreadcrumbList\",\"@id\":\"https:\/\/vosgesinfo.fr\/saintdieinfo\/2022\/04\/jeunes-de-saint-roch-se-paient-voyage-a-paris-travaillant-quartier\/#breadcrumb\",\"itemListElement\":[{\"@type\":\"ListItem\",\"position\":1,\"name\":\"Home\",\"item\":\"https:\/\/vosgesinfo.fr\/saintdieinfo\/\"},{\"@type\":\"ListItem\",\"position\":2,\"name\":\"Des jeunes de Saint-Roch se paient un voyage \u00e0 Paris en travaillant dans leur quartier\"}]},{\"@type\":\"WebSite\",\"@id\":\"https:\/\/vosgesinfo.fr\/saintdieinfo\/#website\",\"url\":\"https:\/\/vosgesinfo.fr\/saintdieinfo\/\",\"name\":\"Saint Die Info\",\"description\":\"Toute l&#039;actualit\u00e9 de Saint-Di\u00e9-Des-Vosges\",\"publisher\":{\"@id\":\"https:\/\/vosgesinfo.fr\/saintdieinfo\/#organization\"},\"alternateName\":\"Toute l'actualit\u00e9 de Saint-Di\u00e9-Des-Vosges\",\"potentialAction\":[{\"@type\":\"SearchAction\",\"target\":{\"@type\":\"EntryPoint\",\"urlTemplate\":\"https:\/\/vosgesinfo.fr\/saintdieinfo\/?s={search_term_string}\"},\"query-input\":\"required name=search_term_string\"}],\"inLanguage\":\"fr-FR\"},{\"@type\":\"Organization\",\"@id\":\"https:\/\/vosgesinfo.fr\/saintdieinfo\/#organization\",\"name\":\"Saint Die Info\",\"url\":\"https:\/\/vosgesinfo.fr\/saintdieinfo\/\",\"logo\":{\"@type\":\"ImageObject\",\"inLanguage\":\"fr-FR\",\"@id\":\"https:\/\/vosgesinfo.fr\/saintdieinfo\/#\/schema\/logo\/image\/\",\"url\":\"https:\/\/vosgesinfo.fr\/app\/uploads\/sites\/4\/2024\/02\/logo-sdi.jpg\",\"contentUrl\":\"https:\/\/vosgesinfo.fr\/app\/uploads\/sites\/4\/2024\/02\/logo-sdi.jpg\",\"width\":600,\"height\":600,\"caption\":\"Saint Die Info\"},\"image\":{\"@id\":\"https:\/\/vosgesinfo.fr\/saintdieinfo\/#\/schema\/logo\/image\/\"},\"sameAs\":[\"https:\/\/www.facebook.com\/Saintdieinfofr\",\"https:\/\/x.com\/VosgesInfo88\",\"https:\/\/www.youtube.com\/@vosgesinfo\"]},{\"@type\":\"Person\",\"@id\":\"https:\/\/vosgesinfo.fr\/saintdieinfo\/#\/schema\/person\/faee6704a21f3977511db84bd1cd450f\",\"name\":\"la r\u00e9daction\",\"image\":{\"@type\":\"ImageObject\",\"inLanguage\":\"fr-FR\",\"@id\":\"https:\/\/vosgesinfo.fr\/saintdieinfo\/#\/schema\/person\/image\/\",\"url\":\"https:\/\/secure.gravatar.com\/avatar\/6673d8bc6a9c17fa9a453eaa3448de834fa308c2ec9635b7aa99441a7c8d2cf6?s=96&d=mm&r=g\",\"contentUrl\":\"https:\/\/secure.gravatar.com\/avatar\/6673d8bc6a9c17fa9a453eaa3448de834fa308c2ec9635b7aa99441a7c8d2cf6?s=96&d=mm&r=g\",\"caption\":\"la r\u00e9daction\"},\"url\":\"https:\/\/vosgesinfo.fr\/saintdieinfo\/author\/redac\/\"}]}<\/script>\n<!-- \/ Yoast SEO plugin. -->","yoast_head_json":{"title":"Des jeunes de Saint-Roch se paient un voyage \u00e0 Paris en travaillant dans leur quartier - Saint Die Info","robots":{"index":"index","follow":"follow","max-snippet":"max-snippet:-1","max-image-preview":"max-image-preview:large","max-video-preview":"max-video-preview:-1"},"canonical":"https:\/\/vosgesinfo.fr\/saintdieinfo\/2022\/04\/jeunes-de-saint-roch-se-paient-voyage-a-paris-travaillant-quartier\/","twitter_card":"summary_large_image","twitter_title":"Des jeunes de Saint-Roch se paient un voyage \u00e0 Paris en travaillant dans leur quartier - Saint Die Info","twitter_description":"12 jeunes du Centre Social Germaine-Tillion du quartier Saint-Roch ont d\u00e9couvert Paris lors d&rsquo;un voyage de 4 jours durant ces [&hellip;]","twitter_image":"https:\/\/vosgesinfo.fr\/app\/uploads\/sites\/4\/2024\/08\/202204retour-experience-jeunes-chantiers-educatifs-21.jpg","twitter_creator":"@VosgesInfo88","twitter_site":"@VosgesInfo88","twitter_misc":{"\u00c9crit par":"la r\u00e9daction","Dur\u00e9e de lecture estim\u00e9e":"2 minutes"},"schema":{"@context":"https:\/\/schema.org","@graph":[{"@type":"Article","@id":"https:\/\/vosgesinfo.fr\/saintdieinfo\/2022\/04\/jeunes-de-saint-roch-se-paient-voyage-a-paris-travaillant-quartier\/#article","isPartOf":{"@id":"https:\/\/vosgesinfo.fr\/saintdieinfo\/2022\/04\/jeunes-de-saint-roch-se-paient-voyage-a-paris-travaillant-quartier\/"},"author":{"name":"la r\u00e9daction","@id":"https:\/\/vosgesinfo.fr\/saintdieinfo\/#\/schema\/person\/faee6704a21f3977511db84bd1cd450f"},"headline":"Des jeunes de Saint-Roch se paient un voyage \u00e0 Paris en travaillant dans leur quartier","datePublished":"2022-04-28T06:24:57+00:00","dateModified":"2022-04-28T06:24:57+00:00","mainEntityOfPage":{"@id":"https:\/\/vosgesinfo.fr\/saintdieinfo\/2022\/04\/jeunes-de-saint-roch-se-paient-voyage-a-paris-travaillant-quartier\/"},"wordCount":523,"commentCount":0,"publisher":{"@id":"https:\/\/vosgesinfo.fr\/saintdieinfo\/#organization"},"image":{"@id":"https:\/\/vosgesinfo.fr\/saintdieinfo\/2022\/04\/jeunes-de-saint-roch-se-paient-voyage-a-paris-travaillant-quartier\/#primaryimage"},"thumbnailUrl":"https:\/\/vosgesinfo.fr\/app\/uploads\/sites\/4\/2024\/08\/202204retour-experience-jeunes-chantiers-educatifs-21.jpg","keywords":["CAF des Vosges","Centre Social Germaine-Tillion","Nettoyage d'une parcelle \u00e0 Saint-Roch","Paris","Quartier Saint-Roch","Ville de Saint-Di\u00e9-des-Vosges","Vosgelis"],"articleSection":["A la Une","Saint-Di\u00e9-des-Vosges et son Agglom\u00e9ration"],"inLanguage":"fr-FR","potentialAction":[{"@type":"CommentAction","name":"Comment","target":["https:\/\/vosgesinfo.fr\/saintdieinfo\/2022\/04\/jeunes-de-saint-roch-se-paient-voyage-a-paris-travaillant-quartier\/#respond"]}]},{"@type":"WebPage","@id":"https:\/\/vosgesinfo.fr\/saintdieinfo\/2022\/04\/jeunes-de-saint-roch-se-paient-voyage-a-paris-travaillant-quartier\/","url":"https:\/\/vosgesinfo.fr\/saintdieinfo\/2022\/04\/jeunes-de-saint-roch-se-paient-voyage-a-paris-travaillant-quartier\/","name":"Des jeunes de Saint-Roch se paient un voyage \u00e0 Paris en travaillant dans leur quartier - Saint Die Info","isPartOf":{"@id":"https:\/\/vosgesinfo.fr\/saintdieinfo\/#website"},"primaryImageOfPage":{"@id":"https:\/\/vosgesinfo.fr\/saintdieinfo\/2022\/04\/jeunes-de-saint-roch-se-paient-voyage-a-paris-travaillant-quartier\/#primaryimage"},"image":{"@id":"https:\/\/vosgesinfo.fr\/saintdieinfo\/2022\/04\/jeunes-de-saint-roch-se-paient-voyage-a-paris-travaillant-quartier\/#primaryimage"},"thumbnailUrl":"https:\/\/vosgesinfo.fr\/app\/uploads\/sites\/4\/2024\/08\/202204retour-experience-jeunes-chantiers-educatifs-21.jpg","datePublished":"2022-04-28T06:24:57+00:00","dateModified":"2022-04-28T06:24:57+00:00","breadcrumb":{"@id":"https:\/\/vosgesinfo.fr\/saintdieinfo\/2022\/04\/jeunes-de-saint-roch-se-paient-voyage-a-paris-travaillant-quartier\/#breadcrumb"},"inLanguage":"fr-FR","potentialAction":[{"@type":"ReadAction","target":["https:\/\/vosgesinfo.fr\/saintdieinfo\/2022\/04\/jeunes-de-saint-roch-se-paient-voyage-a-paris-travaillant-quartier\/"]}]},{"@type":"ImageObject","inLanguage":"fr-FR","@id":"https:\/\/vosgesinfo.fr\/saintdieinfo\/2022\/04\/jeunes-de-saint-roch-se-paient-voyage-a-paris-travaillant-quartier\/#primaryimage","url":"https:\/\/vosgesinfo.fr\/app\/uploads\/sites\/4\/2024\/08\/202204retour-experience-jeunes-chantiers-educatifs-21.jpg","contentUrl":"https:\/\/vosgesinfo.fr\/app\/uploads\/sites\/4\/2024\/08\/202204retour-experience-jeunes-chantiers-educatifs-21.jpg","width":1556,"height":1118},{"@type":"BreadcrumbList","@id":"https:\/\/vosgesinfo.fr\/saintdieinfo\/2022\/04\/jeunes-de-saint-roch-se-paient-voyage-a-paris-travaillant-quartier\/#breadcrumb","itemListElement":[{"@type":"ListItem","position":1,"name":"Home","item":"https:\/\/vosgesinfo.fr\/saintdieinfo\/"},{"@type":"ListItem","position":2,"name":"Des jeunes de Saint-Roch se paient un voyage \u00e0 Paris en travaillant dans leur quartier"}]},{"@type":"WebSite","@id":"https:\/\/vosgesinfo.fr\/saintdieinfo\/#website","url":"https:\/\/vosgesinfo.fr\/saintdieinfo\/","name":"Saint Die Info","description":"Toute l&#039;actualit\u00e9 de Saint-Di\u00e9-Des-Vosges","publisher":{"@id":"https:\/\/vosgesinfo.fr\/saintdieinfo\/#organization"},"alternateName":"Toute l'actualit\u00e9 de Saint-Di\u00e9-Des-Vosges","potentialAction":[{"@type":"SearchAction","target":{"@type":"EntryPoint","urlTemplate":"https:\/\/vosgesinfo.fr\/saintdieinfo\/?s={search_term_string}"},"query-input":"required name=search_term_string"}],"inLanguage":"fr-FR"},{"@type":"Organization","@id":"https:\/\/vosgesinfo.fr\/saintdieinfo\/#organization","name":"Saint Die Info","url":"https:\/\/vosgesinfo.fr\/saintdieinfo\/","logo":{"@type":"ImageObject","inLanguage":"fr-FR","@id":"https:\/\/vosgesinfo.fr\/saintdieinfo\/#\/schema\/logo\/image\/","url":"https:\/\/vosgesinfo.fr\/app\/uploads\/sites\/4\/2024\/02\/logo-sdi.jpg","contentUrl":"https:\/\/vosgesinfo.fr\/app\/uploads\/sites\/4\/2024\/02\/logo-sdi.jpg","width":600,"height":600,"caption":"Saint Die Info"},"image":{"@id":"https:\/\/vosgesinfo.fr\/saintdieinfo\/#\/schema\/logo\/image\/"},"sameAs":["https:\/\/www.facebook.com\/Saintdieinfofr","https:\/\/x.com\/VosgesInfo88","https:\/\/www.youtube.com\/@vosgesinfo"]},{"@type":"Person","@id":"https:\/\/vosgesinfo.fr\/saintdieinfo\/#\/schema\/person\/faee6704a21f3977511db84bd1cd450f","name":"la r\u00e9daction","image":{"@type":"ImageObject","inLanguage":"fr-FR","@id":"https:\/\/vosgesinfo.fr\/saintdieinfo\/#\/schema\/person\/image\/","url":"https:\/\/secure.gravatar.com\/avatar\/6673d8bc6a9c17fa9a453eaa3448de834fa308c2ec9635b7aa99441a7c8d2cf6?s=96&d=mm&r=g","contentUrl":"https:\/\/secure.gravatar.com\/avatar\/6673d8bc6a9c17fa9a453eaa3448de834fa308c2ec9635b7aa99441a7c8d2cf6?s=96&d=mm&r=g","caption":"la r\u00e9daction"},"url":"https:\/\/vosgesinfo.fr\/saintdieinfo\/author\/redac\/"}]}},"_links":{"self":[{"href":"https:\/\/vosgesinfo.fr\/saintdieinfo\/wp-json\/wp\/v2\/posts\/52635","targetHints":{"allow":["GET"]}}],"collection":[{"href":"https:\/\/vosgesinfo.fr\/saintdieinfo\/wp-json\/wp\/v2\/posts"}],"about":[{"href":"https:\/\/vosgesinfo.fr\/saintdieinfo\/wp-json\/wp\/v2\/types\/post"}],"author":[{"embeddable":true,"href":"https:\/\/vosgesinfo.fr\/saintdieinfo\/wp-json\/wp\/v2\/users\/44"}],"replies":[{"embeddable":true,"href":"https:\/\/vosgesinfo.fr\/saintdieinfo\/wp-json\/wp\/v2\/comments?post=52635"}],"version-history":[{"count":0,"href":"https:\/\/vosgesinfo.fr\/saintdieinfo\/wp-json\/wp\/v2\/posts\/52635\/revisions"}],"wp:featuredmedia":[{"embeddable":true,"href":"https:\/\/vosgesinfo.fr\/saintdieinfo\/wp-json\/wp\/v2\/media\/52636"}],"wp:attachment":[{"href":"https:\/\/vosgesinfo.fr\/saintdieinfo\/wp-json\/wp\/v2\/media?parent=52635"}],"wp:term":[{"taxonomy":"category","embeddable":true,"href":"https:\/\/vosgesinfo.fr\/saintdieinfo\/wp-json\/wp\/v2\/categories?post=52635"},{"taxonomy":"post_tag","embeddable":true,"href":"https:\/\/vosgesinfo.fr\/saintdieinfo\/wp-json\/wp\/v2\/tags?post=52635"}],"curies":[{"name":"wp","href":"https:\/\/api.w.org\/{rel}","templated":true}]}}