{"id":52663,"date":"2022-04-29T07:46:16","date_gmt":"2022-04-29T05:46:16","guid":{"rendered":"https:\/\/vosgesinfo.fr\/saintdieinfo\/2022\/04\/jardin-fleuri-bonheur-contagieux\/"},"modified":"2022-04-29T07:46:16","modified_gmt":"2022-04-29T05:46:16","slug":"jardin-fleuri-bonheur-contagieux","status":"publish","type":"post","link":"https:\/\/vosgesinfo.fr\/saintdieinfo\/2022\/04\/jardin-fleuri-bonheur-contagieux\/","title":{"rendered":"\u00ab\u00a0Au Jardin Fleuri\u00a0\u00bb, le bonheur est contagieux !"},"content":{"rendered":"<p style=\"text-align: left;\" align=\"JUSTIFY\"><a href=\"\/2022\/04\/Au-jardin-fleuri-avril-2022-photo-premium.jpg\" target=\"_blank\" rel=\"noopener\"><img decoding=\"async\" class=\"aligncenter wp-image-182575 size-full\" src=\"\/2022\/04\/Au-jardin-fleuri-avril-2022-photo-premium.jpg\" alt=\"Au jardin fleuri-avril 2022-photo premium\" width=\"566\" height=\"435\" \/><\/a><\/p>\n<h2 style=\"text-align: left;\" align=\"JUSTIFY\"><strong><span style=\"font-family: Cambria, sans-serif; font-size: 14pt;\">Au Jardin Fleuri, situ\u00e9 \u00e0 Baccarat, connu \u00e9galement sous le nom des Etablissements Horticoles Henry, propose, en toutes saisons depuis plus de 35 ans, un vaste choix de plants de fleurs et de l\u00e9gumes de tr\u00e8s haute qualit\u00e9.<\/span><\/strong><\/h2>\n<p style=\"text-align: left;\" align=\"JUSTIFY\"><!--more--><\/p>\n<p style=\"text-align: left;\" align=\"JUSTIFY\"><strong><span style=\"font-family: Cambria, sans-serif;\"><span style=\"font-size: medium;\">Le ma\u00eetre des lieux, David HENRY, est horticulteur qualifi\u00e9\u00a0et surtout amoureux de son m\u00e9tier\u00a0!<\/span><\/span><\/strong><span style=\"font-family: Cambria, sans-serif;\"><span style=\"font-size: medium;\"> David et sa fid\u00e8le \u00e9quipe vous transmettront leur savoir-faire et leur passion pour tous les v\u00e9g\u00e9taux, \u00e0 travers les produits et les prestations de grande qualit\u00e9 qu\u2019ils vous proposent au sein du Jardin Fleuri. <\/span><\/span><\/p>\n<p style=\"text-align: left;\" align=\"JUSTIFY\"><strong><span style=\"font-family: Cambria, sans-serif;\"><span style=\"font-size: medium;\">Vous y trouverez \u00e9galement du terreau, des engrais <\/span><\/span><\/strong><span style=\"font-family: Cambria, sans-serif;\"><span style=\"font-size: medium;\">pour le d\u00e9veloppement et l\u2019entretien des plantes de votre int\u00e9rieur ou des plantations de vos ext\u00e9rieurs<\/span><\/span><span style=\"font-size: medium;\"><span lang=\"en-US\">, ainsi que des poteries.<\/span><\/span><span style=\"font-family: Cambria, sans-serif;\"><span style=\"font-size: medium;\"> Avec l\u2019arriv\u00e9e des beaux jours, les particuliers et les professionnels ne s\u2019y trompent pas\u2026 Au jardin fleuri, c\u2019est \u00ab\u00a0the place to be\u00a0\u00bb pour les amoureux des belles plantes !<\/span><\/span><\/p>\n\n<p style=\"text-align: left;\" align=\"JUSTIFY\"><strong><span style=\"font-family: Cambria, sans-serif;\"><span style=\"font-size: medium;\">Car les fleurs ont un pouvoir qui va bien plus loin qu\u2019un simple effet d\u00e9coratif. <\/span><\/span><\/strong><span style=\"font-family: Cambria, sans-serif;\"><span style=\"font-size: medium;\">Pour preuve, d\u00e8s vos premiers pas, laissez-vous vous enivrer par les d\u00e9licieux parfums qui inspirent le bien-\u00eatre, qui vont vous rappeler votre enfance, et leurs couleurs qui influent sur votre humeur et qui vous mettent en joie\u00a0!! <\/span><\/span><\/p>\n<p style=\"text-align: left;\" align=\"JUSTIFY\"><strong><span style=\"font-family: Cambria, sans-serif;\"><span style=\"font-size: medium;\">D\u00e8s l\u2019entr\u00e9e au Jardin Fleuri, \u00ab\u00a0Helios\u00a0\u00bb, le jeune perroquet vert, <\/span><\/span><\/strong><span style=\"font-family: Cambria, sans-serif;\"><span style=\"font-size: medium;\">mascotte de l\u2019Etablissement, vous r\u00e9serve un bel accueil\u00a0en vous chantant la Marseillaise\u00a0! <\/span><\/span><strong><span style=\"font-family: Cambria, sans-serif;\"><span style=\"font-size: medium;\">Vous allez \u00eatre, ensuite, s\u00e9duit par d\u2019innombrables vari\u00e9t\u00e9s de plantes<\/span><\/span><\/strong><span style=\"font-family: Cambria, sans-serif;\"><span style=\"font-size: medium;\"><strong>,<\/strong> rassemblant les arbustes<\/span><\/span> <span style=\"font-family: Cambria, sans-serif;\"><span style=\"font-size: medium;\">d\u2019ornement, les plantes vertes, les plantes fleuries offrant une magnifique palette de couleurs, destin\u00e9es \u00e0 cr\u00e9er une ambiance, un massif.<\/span><\/span><\/p>\n\n<p style=\"text-align: left;\" align=\"JUSTIFY\"><strong><span style=\"font-family: Cambria, sans-serif;\"><span style=\"font-size: medium;\">L\u2019incontournable \u00ab\u00a0Dipladenia\u00a0\u00bb, rouge-\u00e9carlate<\/span><\/span><\/strong><span style=\"font-family: Cambria, sans-serif;\"><span style=\"font-size: medium;\"><strong>,<\/strong> se retrouve en nombre cette ann\u00e9e, en effet, v\u00e9ritable \u00ab\u00a0coup de c\u0153ur\u00a0\u00bb, cette fleur demande tr\u00e8s peu d\u2019entretien et fleurit tout l\u2019\u00e9t\u00e9\u00a0; <\/span><\/span><strong><span style=\"font-family: Cambria, sans-serif;\"><span style=\"font-size: medium;\">Tout comme le fameux g\u00e9ranium<\/span><\/span><\/strong><span style=\"font-family: Cambria, sans-serif;\"><span style=\"font-size: medium;\"><strong>,<\/strong> -zonal ou retombant -qui doit son nom de \u00ab\u00a0roi du balcon\u00a0\u00bb \u00e0 sa cascade de fleurs- le g\u00e9ranium est id\u00e9al pour orner vos terrasses, vos massifs et vos balcons. Aux couleurs et \u00e0 la diversit\u00e9 incomparable, il supporte tr\u00e8s bien nos \u00e9t\u00e9s caniculaires. <\/span><\/span><\/p>\n<p style=\"text-align: left;\" align=\"JUSTIFY\"><a name=\"Bookmark\"><\/a><strong> <span style=\"font-family: Cambria, sans-serif;\"><span style=\"font-size: medium;\">David, v\u00e9ritable passionn\u00e9 par l\u2019horticulture<\/span><\/span><\/strong><span style=\"font-family: Cambria, sans-serif;\"><span style=\"font-size: medium;\"><strong>,<\/strong> ainsi que toute son \u00e9quipe, vous feront d\u00e9couvrir d\u2019innombrables vari\u00e9t\u00e9s et seront \u00e0 l\u2019\u00e9coute de toutes vos envies et de vos interrogations sur le choix et l\u2019entretien de celles-ci\u00a0; Ils conseilleront au mieux les particuliers et les commer\u00e7ants, sur le fleurissement de leur devanture de maison ou de commerce. <\/span><\/span><\/p>\n\n<p style=\"text-align: left;\" align=\"JUSTIFY\"><strong><span style=\"font-family: Cambria, sans-serif;\"><span style=\"font-size: medium;\">Au jardin Fleuri, vous trouverez \u00e9galement les plants de l\u00e9gumes de saison, garantis sans pesticide<\/span><\/span><\/strong><span style=\"font-family: Cambria, sans-serif;\"><span style=\"font-size: medium;\"><strong>,<\/strong> tels que des tomates, salades \u2013batavia, feuille de ch\u00eane, laitue-, poivrons, concombres, aubergines, navets, courgettes, oignons blancs, jaunes et rouges, et sans doute des melons et autres cucurbitac\u00e9es ; de quoi ravir les papilles gustatives des amateurs de bons l\u00e9gumes. En mai, l\u2019\u00e9tablissement sera ouvert tous les jours, y compris le dimanche et les jours f\u00e9ri\u00e9s, Promotions mises en place.<\/span><\/span><\/p>\n\n<p style=\"text-align: left;\" align=\"JUSTIFY\"><strong><span style=\"font-family: Cambria, sans-serif;\"><span style=\"font-size: medium;\">Au Jardin Fleuri &#8211; Ets Horticoles Henry D. \u00e0 BACCARAT<\/span><\/span><\/strong><\/p>\n<p style=\"text-align: left;\" align=\"JUSTIFY\"><strong><span style=\"font-family: Cambria, sans-serif;\"><span style=\"font-size: medium;\">16 rue Charles Peccatte (ZA Baccarat-Bertrichamps) &#8211; T\u00e9l.\u00a0: 03 83 75 27 53<\/span><\/span><\/strong><\/p>\n<p style=\"text-align: left;\" align=\"JUSTIFY\"><a href=\"https:\/\/www.facebook.com\/AuJardinFleuriBaccarat\/?referrer=services_landing_page\" target=\"_blank\" rel=\"noopener\">https:\/\/www.facebook.com\/AuJardinFleuriBaccarat\/?referrer=services_landing_page<\/a><\/p>\n<p style=\"text-align: left;\" align=\"JUSTIFY\"><a href=\"https:\/\/www.aujardinfleuri54.fr\/\" target=\"_blank\" rel=\"noopener\">https:\/\/www.aujardinfleuri54.fr\/<\/a><\/p>\n<p style=\"text-align: left;\" align=\"JUSTIFY\"><span style=\"font-family: Cambria, sans-serif;\"><span style=\"font-size: medium;\">R\u00e9daction : Patricia Ferry-Demange<\/span><\/span><\/p>\n","protected":false},"excerpt":{"rendered":"<p>Au Jardin Fleuri, situ\u00e9 \u00e0 Baccarat, connu \u00e9galement sous le nom des Etablissements Horticoles Henry, propose, en toutes saisons depuis [&hellip;]<\/p>\n","protected":false},"author":44,"featured_media":52664,"comment_status":"open","ping_status":"open","sticky":false,"template":"","format":"standard","meta":{"footnotes":""},"categories":[460,2915],"tags":[5983,3105],"class_list":["post-52663","post","type-post","status-publish","format-standard","has-post-thumbnail","hentry","category-a-la-une","category-saint-die-son-canton","tag-au-jardin-fleuri","tag-baccarat"],"acf":[],"yoast_head":"<!-- This site is optimized with the Yoast SEO plugin v22.5 - https:\/\/yoast.com\/wordpress\/plugins\/seo\/ -->\n<title>\u00ab\u00a0Au Jardin Fleuri\u00a0\u00bb, le bonheur est contagieux ! - Saint Die Info<\/title>\n<meta name=\"robots\" content=\"index, follow, max-snippet:-1, max-image-preview:large, max-video-preview:-1\" \/>\n<link rel=\"canonical\" href=\"https:\/\/vosgesinfo.fr\/saintdieinfo\/2022\/04\/jardin-fleuri-bonheur-contagieux\/\" \/>\n<meta name=\"twitter:card\" content=\"summary_large_image\" \/>\n<meta name=\"twitter:title\" content=\"\u00ab\u00a0Au Jardin Fleuri\u00a0\u00bb, le bonheur est contagieux ! - Saint Die Info\" \/>\n<meta name=\"twitter:description\" content=\"Au Jardin Fleuri, situ\u00e9 \u00e0 Baccarat, connu \u00e9galement sous le nom des Etablissements Horticoles Henry, propose, en toutes saisons depuis [&hellip;]\" \/>\n<meta name=\"twitter:image\" content=\"https:\/\/vosgesinfo.fr\/app\/uploads\/sites\/4\/2024\/08\/202204au-jardin-fleuri-avril-2022-photo-premium.jpg\" \/>\n<meta name=\"twitter:creator\" content=\"@VosgesInfo88\" \/>\n<meta name=\"twitter:site\" content=\"@VosgesInfo88\" \/>\n<meta name=\"twitter:label1\" content=\"\u00c9crit par\" \/>\n\t<meta name=\"twitter:data1\" content=\"la r\u00e9daction\" \/>\n\t<meta name=\"twitter:label2\" content=\"Dur\u00e9e de lecture estim\u00e9e\" \/>\n\t<meta name=\"twitter:data2\" content=\"3 minutes\" \/>\n<script type=\"application\/ld+json\" class=\"yoast-schema-graph\">{\"@context\":\"https:\/\/schema.org\",\"@graph\":[{\"@type\":\"Article\",\"@id\":\"https:\/\/vosgesinfo.fr\/saintdieinfo\/2022\/04\/jardin-fleuri-bonheur-contagieux\/#article\",\"isPartOf\":{\"@id\":\"https:\/\/vosgesinfo.fr\/saintdieinfo\/2022\/04\/jardin-fleuri-bonheur-contagieux\/\"},\"author\":{\"name\":\"la r\u00e9daction\",\"@id\":\"https:\/\/vosgesinfo.fr\/saintdieinfo\/#\/schema\/person\/faee6704a21f3977511db84bd1cd450f\"},\"headline\":\"\u00ab\u00a0Au Jardin Fleuri\u00a0\u00bb, le bonheur est contagieux !\",\"datePublished\":\"2022-04-29T05:46:16+00:00\",\"dateModified\":\"2022-04-29T05:46:16+00:00\",\"mainEntityOfPage\":{\"@id\":\"https:\/\/vosgesinfo.fr\/saintdieinfo\/2022\/04\/jardin-fleuri-bonheur-contagieux\/\"},\"wordCount\":570,\"commentCount\":0,\"publisher\":{\"@id\":\"https:\/\/vosgesinfo.fr\/saintdieinfo\/#organization\"},\"image\":{\"@id\":\"https:\/\/vosgesinfo.fr\/saintdieinfo\/2022\/04\/jardin-fleuri-bonheur-contagieux\/#primaryimage\"},\"thumbnailUrl\":\"https:\/\/vosgesinfo.fr\/app\/uploads\/sites\/4\/2024\/08\/202204au-jardin-fleuri-avril-2022-photo-premium.jpg\",\"keywords\":[\"Au jardin Fleuri\",\"Baccarat\"],\"articleSection\":[\"A la Une\",\"Saint-Di\u00e9-des-Vosges et son Agglom\u00e9ration\"],\"inLanguage\":\"fr-FR\",\"potentialAction\":[{\"@type\":\"CommentAction\",\"name\":\"Comment\",\"target\":[\"https:\/\/vosgesinfo.fr\/saintdieinfo\/2022\/04\/jardin-fleuri-bonheur-contagieux\/#respond\"]}]},{\"@type\":\"WebPage\",\"@id\":\"https:\/\/vosgesinfo.fr\/saintdieinfo\/2022\/04\/jardin-fleuri-bonheur-contagieux\/\",\"url\":\"https:\/\/vosgesinfo.fr\/saintdieinfo\/2022\/04\/jardin-fleuri-bonheur-contagieux\/\",\"name\":\"\u00ab\u00a0Au Jardin Fleuri\u00a0\u00bb, le bonheur est contagieux ! - Saint Die Info\",\"isPartOf\":{\"@id\":\"https:\/\/vosgesinfo.fr\/saintdieinfo\/#website\"},\"primaryImageOfPage\":{\"@id\":\"https:\/\/vosgesinfo.fr\/saintdieinfo\/2022\/04\/jardin-fleuri-bonheur-contagieux\/#primaryimage\"},\"image\":{\"@id\":\"https:\/\/vosgesinfo.fr\/saintdieinfo\/2022\/04\/jardin-fleuri-bonheur-contagieux\/#primaryimage\"},\"thumbnailUrl\":\"https:\/\/vosgesinfo.fr\/app\/uploads\/sites\/4\/2024\/08\/202204au-jardin-fleuri-avril-2022-photo-premium.jpg\",\"datePublished\":\"2022-04-29T05:46:16+00:00\",\"dateModified\":\"2022-04-29T05:46:16+00:00\",\"breadcrumb\":{\"@id\":\"https:\/\/vosgesinfo.fr\/saintdieinfo\/2022\/04\/jardin-fleuri-bonheur-contagieux\/#breadcrumb\"},\"inLanguage\":\"fr-FR\",\"potentialAction\":[{\"@type\":\"ReadAction\",\"target\":[\"https:\/\/vosgesinfo.fr\/saintdieinfo\/2022\/04\/jardin-fleuri-bonheur-contagieux\/\"]}]},{\"@type\":\"ImageObject\",\"inLanguage\":\"fr-FR\",\"@id\":\"https:\/\/vosgesinfo.fr\/saintdieinfo\/2022\/04\/jardin-fleuri-bonheur-contagieux\/#primaryimage\",\"url\":\"https:\/\/vosgesinfo.fr\/app\/uploads\/sites\/4\/2024\/08\/202204au-jardin-fleuri-avril-2022-photo-premium.jpg\",\"contentUrl\":\"https:\/\/vosgesinfo.fr\/app\/uploads\/sites\/4\/2024\/08\/202204au-jardin-fleuri-avril-2022-photo-premium.jpg\",\"width\":566,\"height\":435},{\"@type\":\"BreadcrumbList\",\"@id\":\"https:\/\/vosgesinfo.fr\/saintdieinfo\/2022\/04\/jardin-fleuri-bonheur-contagieux\/#breadcrumb\",\"itemListElement\":[{\"@type\":\"ListItem\",\"position\":1,\"name\":\"Home\",\"item\":\"https:\/\/vosgesinfo.fr\/saintdieinfo\/\"},{\"@type\":\"ListItem\",\"position\":2,\"name\":\"\u00ab\u00a0Au Jardin Fleuri\u00a0\u00bb, le bonheur est contagieux !\"}]},{\"@type\":\"WebSite\",\"@id\":\"https:\/\/vosgesinfo.fr\/saintdieinfo\/#website\",\"url\":\"https:\/\/vosgesinfo.fr\/saintdieinfo\/\",\"name\":\"Saint Die Info\",\"description\":\"Toute l&#039;actualit\u00e9 de Saint-Di\u00e9-Des-Vosges\",\"publisher\":{\"@id\":\"https:\/\/vosgesinfo.fr\/saintdieinfo\/#organization\"},\"alternateName\":\"Toute l'actualit\u00e9 de Saint-Di\u00e9-Des-Vosges\",\"potentialAction\":[{\"@type\":\"SearchAction\",\"target\":{\"@type\":\"EntryPoint\",\"urlTemplate\":\"https:\/\/vosgesinfo.fr\/saintdieinfo\/?s={search_term_string}\"},\"query-input\":\"required name=search_term_string\"}],\"inLanguage\":\"fr-FR\"},{\"@type\":\"Organization\",\"@id\":\"https:\/\/vosgesinfo.fr\/saintdieinfo\/#organization\",\"name\":\"Saint Die Info\",\"url\":\"https:\/\/vosgesinfo.fr\/saintdieinfo\/\",\"logo\":{\"@type\":\"ImageObject\",\"inLanguage\":\"fr-FR\",\"@id\":\"https:\/\/vosgesinfo.fr\/saintdieinfo\/#\/schema\/logo\/image\/\",\"url\":\"https:\/\/vosgesinfo.fr\/app\/uploads\/sites\/4\/2024\/02\/logo-sdi.jpg\",\"contentUrl\":\"https:\/\/vosgesinfo.fr\/app\/uploads\/sites\/4\/2024\/02\/logo-sdi.jpg\",\"width\":600,\"height\":600,\"caption\":\"Saint Die Info\"},\"image\":{\"@id\":\"https:\/\/vosgesinfo.fr\/saintdieinfo\/#\/schema\/logo\/image\/\"},\"sameAs\":[\"https:\/\/www.facebook.com\/Saintdieinfofr\",\"https:\/\/x.com\/VosgesInfo88\",\"https:\/\/www.youtube.com\/@vosgesinfo\"]},{\"@type\":\"Person\",\"@id\":\"https:\/\/vosgesinfo.fr\/saintdieinfo\/#\/schema\/person\/faee6704a21f3977511db84bd1cd450f\",\"name\":\"la r\u00e9daction\",\"image\":{\"@type\":\"ImageObject\",\"inLanguage\":\"fr-FR\",\"@id\":\"https:\/\/vosgesinfo.fr\/saintdieinfo\/#\/schema\/person\/image\/\",\"url\":\"https:\/\/secure.gravatar.com\/avatar\/6673d8bc6a9c17fa9a453eaa3448de834fa308c2ec9635b7aa99441a7c8d2cf6?s=96&d=mm&r=g\",\"contentUrl\":\"https:\/\/secure.gravatar.com\/avatar\/6673d8bc6a9c17fa9a453eaa3448de834fa308c2ec9635b7aa99441a7c8d2cf6?s=96&d=mm&r=g\",\"caption\":\"la r\u00e9daction\"},\"url\":\"https:\/\/vosgesinfo.fr\/saintdieinfo\/author\/redac\/\"}]}<\/script>\n<!-- \/ Yoast SEO plugin. -->","yoast_head_json":{"title":"\u00ab\u00a0Au Jardin Fleuri\u00a0\u00bb, le bonheur est contagieux ! - Saint Die Info","robots":{"index":"index","follow":"follow","max-snippet":"max-snippet:-1","max-image-preview":"max-image-preview:large","max-video-preview":"max-video-preview:-1"},"canonical":"https:\/\/vosgesinfo.fr\/saintdieinfo\/2022\/04\/jardin-fleuri-bonheur-contagieux\/","twitter_card":"summary_large_image","twitter_title":"\u00ab\u00a0Au Jardin Fleuri\u00a0\u00bb, le bonheur est contagieux ! - Saint Die Info","twitter_description":"Au Jardin Fleuri, situ\u00e9 \u00e0 Baccarat, connu \u00e9galement sous le nom des Etablissements Horticoles Henry, propose, en toutes saisons depuis [&hellip;]","twitter_image":"https:\/\/vosgesinfo.fr\/app\/uploads\/sites\/4\/2024\/08\/202204au-jardin-fleuri-avril-2022-photo-premium.jpg","twitter_creator":"@VosgesInfo88","twitter_site":"@VosgesInfo88","twitter_misc":{"\u00c9crit par":"la r\u00e9daction","Dur\u00e9e de lecture estim\u00e9e":"3 minutes"},"schema":{"@context":"https:\/\/schema.org","@graph":[{"@type":"Article","@id":"https:\/\/vosgesinfo.fr\/saintdieinfo\/2022\/04\/jardin-fleuri-bonheur-contagieux\/#article","isPartOf":{"@id":"https:\/\/vosgesinfo.fr\/saintdieinfo\/2022\/04\/jardin-fleuri-bonheur-contagieux\/"},"author":{"name":"la r\u00e9daction","@id":"https:\/\/vosgesinfo.fr\/saintdieinfo\/#\/schema\/person\/faee6704a21f3977511db84bd1cd450f"},"headline":"\u00ab\u00a0Au Jardin Fleuri\u00a0\u00bb, le bonheur est contagieux !","datePublished":"2022-04-29T05:46:16+00:00","dateModified":"2022-04-29T05:46:16+00:00","mainEntityOfPage":{"@id":"https:\/\/vosgesinfo.fr\/saintdieinfo\/2022\/04\/jardin-fleuri-bonheur-contagieux\/"},"wordCount":570,"commentCount":0,"publisher":{"@id":"https:\/\/vosgesinfo.fr\/saintdieinfo\/#organization"},"image":{"@id":"https:\/\/vosgesinfo.fr\/saintdieinfo\/2022\/04\/jardin-fleuri-bonheur-contagieux\/#primaryimage"},"thumbnailUrl":"https:\/\/vosgesinfo.fr\/app\/uploads\/sites\/4\/2024\/08\/202204au-jardin-fleuri-avril-2022-photo-premium.jpg","keywords":["Au jardin Fleuri","Baccarat"],"articleSection":["A la Une","Saint-Di\u00e9-des-Vosges et son Agglom\u00e9ration"],"inLanguage":"fr-FR","potentialAction":[{"@type":"CommentAction","name":"Comment","target":["https:\/\/vosgesinfo.fr\/saintdieinfo\/2022\/04\/jardin-fleuri-bonheur-contagieux\/#respond"]}]},{"@type":"WebPage","@id":"https:\/\/vosgesinfo.fr\/saintdieinfo\/2022\/04\/jardin-fleuri-bonheur-contagieux\/","url":"https:\/\/vosgesinfo.fr\/saintdieinfo\/2022\/04\/jardin-fleuri-bonheur-contagieux\/","name":"\u00ab\u00a0Au Jardin Fleuri\u00a0\u00bb, le bonheur est contagieux ! - Saint Die Info","isPartOf":{"@id":"https:\/\/vosgesinfo.fr\/saintdieinfo\/#website"},"primaryImageOfPage":{"@id":"https:\/\/vosgesinfo.fr\/saintdieinfo\/2022\/04\/jardin-fleuri-bonheur-contagieux\/#primaryimage"},"image":{"@id":"https:\/\/vosgesinfo.fr\/saintdieinfo\/2022\/04\/jardin-fleuri-bonheur-contagieux\/#primaryimage"},"thumbnailUrl":"https:\/\/vosgesinfo.fr\/app\/uploads\/sites\/4\/2024\/08\/202204au-jardin-fleuri-avril-2022-photo-premium.jpg","datePublished":"2022-04-29T05:46:16+00:00","dateModified":"2022-04-29T05:46:16+00:00","breadcrumb":{"@id":"https:\/\/vosgesinfo.fr\/saintdieinfo\/2022\/04\/jardin-fleuri-bonheur-contagieux\/#breadcrumb"},"inLanguage":"fr-FR","potentialAction":[{"@type":"ReadAction","target":["https:\/\/vosgesinfo.fr\/saintdieinfo\/2022\/04\/jardin-fleuri-bonheur-contagieux\/"]}]},{"@type":"ImageObject","inLanguage":"fr-FR","@id":"https:\/\/vosgesinfo.fr\/saintdieinfo\/2022\/04\/jardin-fleuri-bonheur-contagieux\/#primaryimage","url":"https:\/\/vosgesinfo.fr\/app\/uploads\/sites\/4\/2024\/08\/202204au-jardin-fleuri-avril-2022-photo-premium.jpg","contentUrl":"https:\/\/vosgesinfo.fr\/app\/uploads\/sites\/4\/2024\/08\/202204au-jardin-fleuri-avril-2022-photo-premium.jpg","width":566,"height":435},{"@type":"BreadcrumbList","@id":"https:\/\/vosgesinfo.fr\/saintdieinfo\/2022\/04\/jardin-fleuri-bonheur-contagieux\/#breadcrumb","itemListElement":[{"@type":"ListItem","position":1,"name":"Home","item":"https:\/\/vosgesinfo.fr\/saintdieinfo\/"},{"@type":"ListItem","position":2,"name":"\u00ab\u00a0Au Jardin Fleuri\u00a0\u00bb, le bonheur est contagieux !"}]},{"@type":"WebSite","@id":"https:\/\/vosgesinfo.fr\/saintdieinfo\/#website","url":"https:\/\/vosgesinfo.fr\/saintdieinfo\/","name":"Saint Die Info","description":"Toute l&#039;actualit\u00e9 de Saint-Di\u00e9-Des-Vosges","publisher":{"@id":"https:\/\/vosgesinfo.fr\/saintdieinfo\/#organization"},"alternateName":"Toute l'actualit\u00e9 de Saint-Di\u00e9-Des-Vosges","potentialAction":[{"@type":"SearchAction","target":{"@type":"EntryPoint","urlTemplate":"https:\/\/vosgesinfo.fr\/saintdieinfo\/?s={search_term_string}"},"query-input":"required name=search_term_string"}],"inLanguage":"fr-FR"},{"@type":"Organization","@id":"https:\/\/vosgesinfo.fr\/saintdieinfo\/#organization","name":"Saint Die Info","url":"https:\/\/vosgesinfo.fr\/saintdieinfo\/","logo":{"@type":"ImageObject","inLanguage":"fr-FR","@id":"https:\/\/vosgesinfo.fr\/saintdieinfo\/#\/schema\/logo\/image\/","url":"https:\/\/vosgesinfo.fr\/app\/uploads\/sites\/4\/2024\/02\/logo-sdi.jpg","contentUrl":"https:\/\/vosgesinfo.fr\/app\/uploads\/sites\/4\/2024\/02\/logo-sdi.jpg","width":600,"height":600,"caption":"Saint Die Info"},"image":{"@id":"https:\/\/vosgesinfo.fr\/saintdieinfo\/#\/schema\/logo\/image\/"},"sameAs":["https:\/\/www.facebook.com\/Saintdieinfofr","https:\/\/x.com\/VosgesInfo88","https:\/\/www.youtube.com\/@vosgesinfo"]},{"@type":"Person","@id":"https:\/\/vosgesinfo.fr\/saintdieinfo\/#\/schema\/person\/faee6704a21f3977511db84bd1cd450f","name":"la r\u00e9daction","image":{"@type":"ImageObject","inLanguage":"fr-FR","@id":"https:\/\/vosgesinfo.fr\/saintdieinfo\/#\/schema\/person\/image\/","url":"https:\/\/secure.gravatar.com\/avatar\/6673d8bc6a9c17fa9a453eaa3448de834fa308c2ec9635b7aa99441a7c8d2cf6?s=96&d=mm&r=g","contentUrl":"https:\/\/secure.gravatar.com\/avatar\/6673d8bc6a9c17fa9a453eaa3448de834fa308c2ec9635b7aa99441a7c8d2cf6?s=96&d=mm&r=g","caption":"la r\u00e9daction"},"url":"https:\/\/vosgesinfo.fr\/saintdieinfo\/author\/redac\/"}]}},"_links":{"self":[{"href":"https:\/\/vosgesinfo.fr\/saintdieinfo\/wp-json\/wp\/v2\/posts\/52663","targetHints":{"allow":["GET"]}}],"collection":[{"href":"https:\/\/vosgesinfo.fr\/saintdieinfo\/wp-json\/wp\/v2\/posts"}],"about":[{"href":"https:\/\/vosgesinfo.fr\/saintdieinfo\/wp-json\/wp\/v2\/types\/post"}],"author":[{"embeddable":true,"href":"https:\/\/vosgesinfo.fr\/saintdieinfo\/wp-json\/wp\/v2\/users\/44"}],"replies":[{"embeddable":true,"href":"https:\/\/vosgesinfo.fr\/saintdieinfo\/wp-json\/wp\/v2\/comments?post=52663"}],"version-history":[{"count":0,"href":"https:\/\/vosgesinfo.fr\/saintdieinfo\/wp-json\/wp\/v2\/posts\/52663\/revisions"}],"wp:featuredmedia":[{"embeddable":true,"href":"https:\/\/vosgesinfo.fr\/saintdieinfo\/wp-json\/wp\/v2\/media\/52664"}],"wp:attachment":[{"href":"https:\/\/vosgesinfo.fr\/saintdieinfo\/wp-json\/wp\/v2\/media?parent=52663"}],"wp:term":[{"taxonomy":"category","embeddable":true,"href":"https:\/\/vosgesinfo.fr\/saintdieinfo\/wp-json\/wp\/v2\/categories?post=52663"},{"taxonomy":"post_tag","embeddable":true,"href":"https:\/\/vosgesinfo.fr\/saintdieinfo\/wp-json\/wp\/v2\/tags?post=52663"}],"curies":[{"name":"wp","href":"https:\/\/api.w.org\/{rel}","templated":true}]}}