{"id":52690,"date":"2022-04-29T19:30:22","date_gmt":"2022-04-29T17:30:22","guid":{"rendered":"https:\/\/vosgesinfo.fr\/saintdieinfo\/2022\/04\/reseau-accueil-velo-continue-de-setoffer-vosges\/"},"modified":"2022-04-29T19:30:22","modified_gmt":"2022-04-29T17:30:22","slug":"reseau-accueil-velo-continue-de-setoffer-vosges","status":"publish","type":"post","link":"https:\/\/vosgesinfo.fr\/saintdieinfo\/2022\/04\/reseau-accueil-velo-continue-de-setoffer-vosges\/","title":{"rendered":"Le r\u00e9seau accueil v\u00e9lo continue de s&rsquo;\u00e9toffer dans les Vosges"},"content":{"rendered":"\n<h2><strong><span style=\"font-size: 14pt;\">\u00ab\u00a0Etre situ\u00e9 \u00e0 moins de 5 km d&rsquo;un itin\u00e9raire cyclable, disposer d&rsquo;\u00e9quipements adapt\u00e9s : abri \u00e0 v\u00e9los s\u00e9curis\u00e9,\u00a0kit de r\u00e9paration, offrir un accueil attentionn\u00e9\u00a0: informations et conseils utiles (circuits, m\u00e9t\u00e9o, &#8230;)\u00a0, mettre \u00e0 disposition des\u00a0services adapt\u00e9s aux cyclistes : transfert de bagages, lavage et s\u00e9chage du linge, location de v\u00e9los et accessoires, lavage des v\u00e9los,&#8230;<\/span><\/strong><\/h2>\n<p><!--more--><\/p>\n<p>Tous ces crit\u00e8res sont ceux auxquels ont r\u00e9pondu les structures d\u2019h\u00e9bergement et les sites touristiques qui ont re\u00e7u derni\u00e8rement des mains de William Mathis, vice-pr\u00e9sident du D\u00e9partement, d\u00e9l\u00e9gu\u00e9 \u00e0 la mobilit\u00e9 la plaque estampill\u00e9e LABEL ACCUEIL VELO accompagn\u00e9e de son kit de r\u00e9paration , officialisant ainsi leur entr\u00e9e dans le r\u00e9seau. Tous les r\u00e9cipiendaires du label se sont montr\u00e9s satisfaits d\u2019int\u00e9grer ce r\u00e9seau qui devrait leur apporter une visibilit\u00e9 suppl\u00e9mentaire aupr\u00e8s de la client\u00e8le cyclotouristique..<\/p>\n<p>Au cours de son allocution, M. Mathis a d&rsquo;ailleurs rappel\u00e9 que le Conseil d\u00e9partemental a fait le choix d\u2019\u00eatre l\u2019ambassadeur de ce label national dans les Vosges car le tourisme \u00e0 v\u00e9lo y occupe une place importante. Ainsi, la collectivit\u00e9 d\u00e9partementale pilote la marque \u00ab\u00a0<a href=\"https:\/\/www.francevelotourisme.com\/accueil-velo\" target=\"_blank\" rel=\"noopener\">Accueil V\u00e9lo<\/a>\u00a0\u00bb, autorisant pour une dur\u00e9e de 3 ans les prestataires volontaires remplissant les conditions, \u00e0 utiliser ce label. Le D\u00e9partement offre \u00e9galement \u00e0 chaque \u00e9tablissement labellis\u00e9 les frais d\u2019adh\u00e9sion au label ainsi qu\u2019un kit de r\u00e9paration.<\/p>\n<p>Lors des r\u00e9centes c\u00e9r\u00e9monies qui se sont d\u00e9roul\u00e9es derni\u00e8rement, l&rsquo;une au g\u00eete Le Val Joli au Valtin et la seconde au MUDAAC \u00e0 Epinal, le label accueil v\u00e9lo a \u00e9t\u00e9 remis aux \u00e9tablissements suivants\u00a0:<\/p>\n<ul>\n<li class=\"x\">G\u00eete Le Val Joli \u00e0 Le Valtin;<\/li>\n<li class=\"x\">G\u00eete le Repaire du Faon \u00e0 Plainfaing;<\/li>\n<li class=\"x\">Camping Verte Vall\u00e9e \u00e0 Xonrupt-Longemer;<\/li>\n<li class=\"x\">Base de loisirs de Saulxures sur Moselotte;<\/li>\n<li class=\"x\">L&rsquo; atelier du cuir \u00e0 La Bresse;<\/li>\n<li class=\"x\">Le Mus\u00e9e D\u00e9partemental d\u2019Art Ancien et Contemporain (MUDAAC) \u00e0 Epinal;<\/li>\n<li class=\"x\">Le site de la Maison natale de Jeanne d\u2019Arc \u00e0 Domremy.<\/li>\n<\/ul>\n<p>D\u00e9sormais, tous ces sites pourront accueillir les visiteurs et les touristes \u00e0 v\u00e9lo et leur proposer les services exig\u00e9s par le label. Existant depuis 2012, le label Accueil v\u00e9lo est en plein essor dans le d\u00e9partement des Vosges avec \u00e0 ce jour plus d\u2019une centaine d\u2019\u00e9tablissements et structures labellis\u00e9s.<\/p>\n<h3><strong><span class=\"marker\" style=\"font-size: 12pt;\">Pour les \u00e9tablissements vosgiens qui souhaiteraient int\u00e9grer le r\u00e9seau, voici la marche \u00e0 suivre :<\/span><\/strong><\/h3>\n<ol>\n<li><span class=\"marker\">\u00a0Chaque \u00e9tablissement candidat \u00e0 l&rsquo;utilisation de la marque Accueil V\u00e9lo formule une demande \u00e9crite par courriel au Conseil d\u00e9partemental des Vosges (Armelle Barbi\u00e8re, Charg\u00e9e de mission au service Tourisme \u2013 <a href=\"mailto:abarbiere@vosges.fr\" target=\"_blank\" rel=\"noopener\">abarbiere@vosges.fr<\/a>);<\/span><\/li>\n<li><span class=\"marker\">Une visite de contr\u00f4le sera ensuite r\u00e9alis\u00e9e, afin de v\u00e9rifier que l&rsquo;\u00e9tablissement candidat respecte les crit\u00e8res du r\u00e9f\u00e9rentiel de qualit\u00e9 Accueil V\u00e9lo de sa cat\u00e9gorie;<\/span><\/li>\n<li><span class=\"marker\">Si les crit\u00e8res du r\u00e9f\u00e9rentiel Accueil V\u00e9lo sont respect\u00e9s, le D\u00e9partement autorise pour 3 ans, l&rsquo;\u00e9tablissement candidat \u00e0 utiliser la marque Accueil V\u00e9lo.<\/span><\/li>\n<\/ol>\n<p>&#8211;<\/p>\n<p>Source : <a href=\"http:\/\/www.vosgesmag.fr\" target=\"_blank\" rel=\"noopener\">www.vosgesmag.fr<\/a><\/p>\n","protected":false},"excerpt":{"rendered":"<p>\u00ab\u00a0Etre situ\u00e9 \u00e0 moins de 5 km d&rsquo;un itin\u00e9raire cyclable, disposer d&rsquo;\u00e9quipements adapt\u00e9s : abri \u00e0 v\u00e9los s\u00e9curis\u00e9,\u00a0kit de r\u00e9paration, [&hellip;]<\/p>\n","protected":false},"author":44,"featured_media":52691,"comment_status":"open","ping_status":"open","sticky":false,"template":"","format":"standard","meta":{"footnotes":""},"categories":[460,20,18],"tags":[529,4523,11195],"class_list":["post-52690","post","type-post","status-publish","format-standard","has-post-thumbnail","hentry","category-a-la-une","category-loisirs","category-vosges","tag-conseil-departemental-des-vosges","tag-label-accueil-velo","tag-reseau-accueil-velo"],"acf":[],"yoast_head":"<!-- This site is optimized with the Yoast SEO plugin v22.5 - https:\/\/yoast.com\/wordpress\/plugins\/seo\/ -->\n<title>Le r\u00e9seau accueil v\u00e9lo continue de s&#039;\u00e9toffer dans les Vosges - Saint Die Info<\/title>\n<meta name=\"robots\" content=\"index, follow, max-snippet:-1, max-image-preview:large, max-video-preview:-1\" \/>\n<link rel=\"canonical\" href=\"https:\/\/vosgesinfo.fr\/saintdieinfo\/2022\/04\/reseau-accueil-velo-continue-de-setoffer-vosges\/\" \/>\n<meta name=\"twitter:card\" content=\"summary_large_image\" \/>\n<meta name=\"twitter:title\" content=\"Le r\u00e9seau accueil v\u00e9lo continue de s&#039;\u00e9toffer dans les Vosges - Saint Die Info\" \/>\n<meta name=\"twitter:description\" content=\"\u00ab\u00a0Etre situ\u00e9 \u00e0 moins de 5 km d&rsquo;un itin\u00e9raire cyclable, disposer d&rsquo;\u00e9quipements adapt\u00e9s : abri \u00e0 v\u00e9los s\u00e9curis\u00e9,\u00a0kit de r\u00e9paration, [&hellip;]\" \/>\n<meta name=\"twitter:image\" content=\"https:\/\/vosgesinfo.fr\/app\/uploads\/sites\/4\/2024\/08\/202204labelvelolevaltin3.jpg\" \/>\n<meta name=\"twitter:creator\" content=\"@VosgesInfo88\" \/>\n<meta name=\"twitter:site\" content=\"@VosgesInfo88\" \/>\n<meta name=\"twitter:label1\" content=\"\u00c9crit par\" \/>\n\t<meta name=\"twitter:data1\" content=\"la r\u00e9daction\" \/>\n\t<meta name=\"twitter:label2\" content=\"Dur\u00e9e de lecture estim\u00e9e\" \/>\n\t<meta name=\"twitter:data2\" content=\"3 minutes\" \/>\n<script type=\"application\/ld+json\" class=\"yoast-schema-graph\">{\"@context\":\"https:\/\/schema.org\",\"@graph\":[{\"@type\":\"Article\",\"@id\":\"https:\/\/vosgesinfo.fr\/saintdieinfo\/2022\/04\/reseau-accueil-velo-continue-de-setoffer-vosges\/#article\",\"isPartOf\":{\"@id\":\"https:\/\/vosgesinfo.fr\/saintdieinfo\/2022\/04\/reseau-accueil-velo-continue-de-setoffer-vosges\/\"},\"author\":{\"name\":\"la r\u00e9daction\",\"@id\":\"https:\/\/vosgesinfo.fr\/saintdieinfo\/#\/schema\/person\/faee6704a21f3977511db84bd1cd450f\"},\"headline\":\"Le r\u00e9seau accueil v\u00e9lo continue de s&rsquo;\u00e9toffer dans les Vosges\",\"datePublished\":\"2022-04-29T17:30:22+00:00\",\"dateModified\":\"2022-04-29T17:30:22+00:00\",\"mainEntityOfPage\":{\"@id\":\"https:\/\/vosgesinfo.fr\/saintdieinfo\/2022\/04\/reseau-accueil-velo-continue-de-setoffer-vosges\/\"},\"wordCount\":539,\"commentCount\":0,\"publisher\":{\"@id\":\"https:\/\/vosgesinfo.fr\/saintdieinfo\/#organization\"},\"image\":{\"@id\":\"https:\/\/vosgesinfo.fr\/saintdieinfo\/2022\/04\/reseau-accueil-velo-continue-de-setoffer-vosges\/#primaryimage\"},\"thumbnailUrl\":\"https:\/\/vosgesinfo.fr\/app\/uploads\/sites\/4\/2024\/08\/202204labelvelolevaltin3.jpg\",\"keywords\":[\"Conseil d\u00e9partemental des Vosges\",\"Label Accueil V\u00e9lo\",\"R\u00e9seau Accueil V\u00e9lo\"],\"articleSection\":[\"A la Une\",\"Loisirs\",\"Vosges\"],\"inLanguage\":\"fr-FR\",\"potentialAction\":[{\"@type\":\"CommentAction\",\"name\":\"Comment\",\"target\":[\"https:\/\/vosgesinfo.fr\/saintdieinfo\/2022\/04\/reseau-accueil-velo-continue-de-setoffer-vosges\/#respond\"]}]},{\"@type\":\"WebPage\",\"@id\":\"https:\/\/vosgesinfo.fr\/saintdieinfo\/2022\/04\/reseau-accueil-velo-continue-de-setoffer-vosges\/\",\"url\":\"https:\/\/vosgesinfo.fr\/saintdieinfo\/2022\/04\/reseau-accueil-velo-continue-de-setoffer-vosges\/\",\"name\":\"Le r\u00e9seau accueil v\u00e9lo continue de s'\u00e9toffer dans les Vosges - Saint Die Info\",\"isPartOf\":{\"@id\":\"https:\/\/vosgesinfo.fr\/saintdieinfo\/#website\"},\"primaryImageOfPage\":{\"@id\":\"https:\/\/vosgesinfo.fr\/saintdieinfo\/2022\/04\/reseau-accueil-velo-continue-de-setoffer-vosges\/#primaryimage\"},\"image\":{\"@id\":\"https:\/\/vosgesinfo.fr\/saintdieinfo\/2022\/04\/reseau-accueil-velo-continue-de-setoffer-vosges\/#primaryimage\"},\"thumbnailUrl\":\"https:\/\/vosgesinfo.fr\/app\/uploads\/sites\/4\/2024\/08\/202204labelvelolevaltin3.jpg\",\"datePublished\":\"2022-04-29T17:30:22+00:00\",\"dateModified\":\"2022-04-29T17:30:22+00:00\",\"breadcrumb\":{\"@id\":\"https:\/\/vosgesinfo.fr\/saintdieinfo\/2022\/04\/reseau-accueil-velo-continue-de-setoffer-vosges\/#breadcrumb\"},\"inLanguage\":\"fr-FR\",\"potentialAction\":[{\"@type\":\"ReadAction\",\"target\":[\"https:\/\/vosgesinfo.fr\/saintdieinfo\/2022\/04\/reseau-accueil-velo-continue-de-setoffer-vosges\/\"]}]},{\"@type\":\"ImageObject\",\"inLanguage\":\"fr-FR\",\"@id\":\"https:\/\/vosgesinfo.fr\/saintdieinfo\/2022\/04\/reseau-accueil-velo-continue-de-setoffer-vosges\/#primaryimage\",\"url\":\"https:\/\/vosgesinfo.fr\/app\/uploads\/sites\/4\/2024\/08\/202204labelvelolevaltin3.jpg\",\"contentUrl\":\"https:\/\/vosgesinfo.fr\/app\/uploads\/sites\/4\/2024\/08\/202204labelvelolevaltin3.jpg\",\"width\":1600,\"height\":901},{\"@type\":\"BreadcrumbList\",\"@id\":\"https:\/\/vosgesinfo.fr\/saintdieinfo\/2022\/04\/reseau-accueil-velo-continue-de-setoffer-vosges\/#breadcrumb\",\"itemListElement\":[{\"@type\":\"ListItem\",\"position\":1,\"name\":\"Home\",\"item\":\"https:\/\/vosgesinfo.fr\/saintdieinfo\/\"},{\"@type\":\"ListItem\",\"position\":2,\"name\":\"Le r\u00e9seau accueil v\u00e9lo continue de s&rsquo;\u00e9toffer dans les Vosges\"}]},{\"@type\":\"WebSite\",\"@id\":\"https:\/\/vosgesinfo.fr\/saintdieinfo\/#website\",\"url\":\"https:\/\/vosgesinfo.fr\/saintdieinfo\/\",\"name\":\"Saint Die Info\",\"description\":\"Toute l&#039;actualit\u00e9 de Saint-Di\u00e9-Des-Vosges\",\"publisher\":{\"@id\":\"https:\/\/vosgesinfo.fr\/saintdieinfo\/#organization\"},\"alternateName\":\"Toute l'actualit\u00e9 de Saint-Di\u00e9-Des-Vosges\",\"potentialAction\":[{\"@type\":\"SearchAction\",\"target\":{\"@type\":\"EntryPoint\",\"urlTemplate\":\"https:\/\/vosgesinfo.fr\/saintdieinfo\/?s={search_term_string}\"},\"query-input\":\"required name=search_term_string\"}],\"inLanguage\":\"fr-FR\"},{\"@type\":\"Organization\",\"@id\":\"https:\/\/vosgesinfo.fr\/saintdieinfo\/#organization\",\"name\":\"Saint Die Info\",\"url\":\"https:\/\/vosgesinfo.fr\/saintdieinfo\/\",\"logo\":{\"@type\":\"ImageObject\",\"inLanguage\":\"fr-FR\",\"@id\":\"https:\/\/vosgesinfo.fr\/saintdieinfo\/#\/schema\/logo\/image\/\",\"url\":\"https:\/\/vosgesinfo.fr\/app\/uploads\/sites\/4\/2024\/02\/logo-sdi.jpg\",\"contentUrl\":\"https:\/\/vosgesinfo.fr\/app\/uploads\/sites\/4\/2024\/02\/logo-sdi.jpg\",\"width\":600,\"height\":600,\"caption\":\"Saint Die Info\"},\"image\":{\"@id\":\"https:\/\/vosgesinfo.fr\/saintdieinfo\/#\/schema\/logo\/image\/\"},\"sameAs\":[\"https:\/\/www.facebook.com\/Saintdieinfofr\",\"https:\/\/x.com\/VosgesInfo88\",\"https:\/\/www.youtube.com\/@vosgesinfo\"]},{\"@type\":\"Person\",\"@id\":\"https:\/\/vosgesinfo.fr\/saintdieinfo\/#\/schema\/person\/faee6704a21f3977511db84bd1cd450f\",\"name\":\"la r\u00e9daction\",\"image\":{\"@type\":\"ImageObject\",\"inLanguage\":\"fr-FR\",\"@id\":\"https:\/\/vosgesinfo.fr\/saintdieinfo\/#\/schema\/person\/image\/\",\"url\":\"https:\/\/secure.gravatar.com\/avatar\/6673d8bc6a9c17fa9a453eaa3448de834fa308c2ec9635b7aa99441a7c8d2cf6?s=96&d=mm&r=g\",\"contentUrl\":\"https:\/\/secure.gravatar.com\/avatar\/6673d8bc6a9c17fa9a453eaa3448de834fa308c2ec9635b7aa99441a7c8d2cf6?s=96&d=mm&r=g\",\"caption\":\"la r\u00e9daction\"},\"url\":\"https:\/\/vosgesinfo.fr\/saintdieinfo\/author\/redac\/\"}]}<\/script>\n<!-- \/ Yoast SEO plugin. -->","yoast_head_json":{"title":"Le r\u00e9seau accueil v\u00e9lo continue de s'\u00e9toffer dans les Vosges - Saint Die Info","robots":{"index":"index","follow":"follow","max-snippet":"max-snippet:-1","max-image-preview":"max-image-preview:large","max-video-preview":"max-video-preview:-1"},"canonical":"https:\/\/vosgesinfo.fr\/saintdieinfo\/2022\/04\/reseau-accueil-velo-continue-de-setoffer-vosges\/","twitter_card":"summary_large_image","twitter_title":"Le r\u00e9seau accueil v\u00e9lo continue de s'\u00e9toffer dans les Vosges - Saint Die Info","twitter_description":"\u00ab\u00a0Etre situ\u00e9 \u00e0 moins de 5 km d&rsquo;un itin\u00e9raire cyclable, disposer d&rsquo;\u00e9quipements adapt\u00e9s : abri \u00e0 v\u00e9los s\u00e9curis\u00e9,\u00a0kit de r\u00e9paration, [&hellip;]","twitter_image":"https:\/\/vosgesinfo.fr\/app\/uploads\/sites\/4\/2024\/08\/202204labelvelolevaltin3.jpg","twitter_creator":"@VosgesInfo88","twitter_site":"@VosgesInfo88","twitter_misc":{"\u00c9crit par":"la r\u00e9daction","Dur\u00e9e de lecture estim\u00e9e":"3 minutes"},"schema":{"@context":"https:\/\/schema.org","@graph":[{"@type":"Article","@id":"https:\/\/vosgesinfo.fr\/saintdieinfo\/2022\/04\/reseau-accueil-velo-continue-de-setoffer-vosges\/#article","isPartOf":{"@id":"https:\/\/vosgesinfo.fr\/saintdieinfo\/2022\/04\/reseau-accueil-velo-continue-de-setoffer-vosges\/"},"author":{"name":"la r\u00e9daction","@id":"https:\/\/vosgesinfo.fr\/saintdieinfo\/#\/schema\/person\/faee6704a21f3977511db84bd1cd450f"},"headline":"Le r\u00e9seau accueil v\u00e9lo continue de s&rsquo;\u00e9toffer dans les Vosges","datePublished":"2022-04-29T17:30:22+00:00","dateModified":"2022-04-29T17:30:22+00:00","mainEntityOfPage":{"@id":"https:\/\/vosgesinfo.fr\/saintdieinfo\/2022\/04\/reseau-accueil-velo-continue-de-setoffer-vosges\/"},"wordCount":539,"commentCount":0,"publisher":{"@id":"https:\/\/vosgesinfo.fr\/saintdieinfo\/#organization"},"image":{"@id":"https:\/\/vosgesinfo.fr\/saintdieinfo\/2022\/04\/reseau-accueil-velo-continue-de-setoffer-vosges\/#primaryimage"},"thumbnailUrl":"https:\/\/vosgesinfo.fr\/app\/uploads\/sites\/4\/2024\/08\/202204labelvelolevaltin3.jpg","keywords":["Conseil d\u00e9partemental des Vosges","Label Accueil V\u00e9lo","R\u00e9seau Accueil V\u00e9lo"],"articleSection":["A la Une","Loisirs","Vosges"],"inLanguage":"fr-FR","potentialAction":[{"@type":"CommentAction","name":"Comment","target":["https:\/\/vosgesinfo.fr\/saintdieinfo\/2022\/04\/reseau-accueil-velo-continue-de-setoffer-vosges\/#respond"]}]},{"@type":"WebPage","@id":"https:\/\/vosgesinfo.fr\/saintdieinfo\/2022\/04\/reseau-accueil-velo-continue-de-setoffer-vosges\/","url":"https:\/\/vosgesinfo.fr\/saintdieinfo\/2022\/04\/reseau-accueil-velo-continue-de-setoffer-vosges\/","name":"Le r\u00e9seau accueil v\u00e9lo continue de s'\u00e9toffer dans les Vosges - Saint Die Info","isPartOf":{"@id":"https:\/\/vosgesinfo.fr\/saintdieinfo\/#website"},"primaryImageOfPage":{"@id":"https:\/\/vosgesinfo.fr\/saintdieinfo\/2022\/04\/reseau-accueil-velo-continue-de-setoffer-vosges\/#primaryimage"},"image":{"@id":"https:\/\/vosgesinfo.fr\/saintdieinfo\/2022\/04\/reseau-accueil-velo-continue-de-setoffer-vosges\/#primaryimage"},"thumbnailUrl":"https:\/\/vosgesinfo.fr\/app\/uploads\/sites\/4\/2024\/08\/202204labelvelolevaltin3.jpg","datePublished":"2022-04-29T17:30:22+00:00","dateModified":"2022-04-29T17:30:22+00:00","breadcrumb":{"@id":"https:\/\/vosgesinfo.fr\/saintdieinfo\/2022\/04\/reseau-accueil-velo-continue-de-setoffer-vosges\/#breadcrumb"},"inLanguage":"fr-FR","potentialAction":[{"@type":"ReadAction","target":["https:\/\/vosgesinfo.fr\/saintdieinfo\/2022\/04\/reseau-accueil-velo-continue-de-setoffer-vosges\/"]}]},{"@type":"ImageObject","inLanguage":"fr-FR","@id":"https:\/\/vosgesinfo.fr\/saintdieinfo\/2022\/04\/reseau-accueil-velo-continue-de-setoffer-vosges\/#primaryimage","url":"https:\/\/vosgesinfo.fr\/app\/uploads\/sites\/4\/2024\/08\/202204labelvelolevaltin3.jpg","contentUrl":"https:\/\/vosgesinfo.fr\/app\/uploads\/sites\/4\/2024\/08\/202204labelvelolevaltin3.jpg","width":1600,"height":901},{"@type":"BreadcrumbList","@id":"https:\/\/vosgesinfo.fr\/saintdieinfo\/2022\/04\/reseau-accueil-velo-continue-de-setoffer-vosges\/#breadcrumb","itemListElement":[{"@type":"ListItem","position":1,"name":"Home","item":"https:\/\/vosgesinfo.fr\/saintdieinfo\/"},{"@type":"ListItem","position":2,"name":"Le r\u00e9seau accueil v\u00e9lo continue de s&rsquo;\u00e9toffer dans les Vosges"}]},{"@type":"WebSite","@id":"https:\/\/vosgesinfo.fr\/saintdieinfo\/#website","url":"https:\/\/vosgesinfo.fr\/saintdieinfo\/","name":"Saint Die Info","description":"Toute l&#039;actualit\u00e9 de Saint-Di\u00e9-Des-Vosges","publisher":{"@id":"https:\/\/vosgesinfo.fr\/saintdieinfo\/#organization"},"alternateName":"Toute l'actualit\u00e9 de Saint-Di\u00e9-Des-Vosges","potentialAction":[{"@type":"SearchAction","target":{"@type":"EntryPoint","urlTemplate":"https:\/\/vosgesinfo.fr\/saintdieinfo\/?s={search_term_string}"},"query-input":"required name=search_term_string"}],"inLanguage":"fr-FR"},{"@type":"Organization","@id":"https:\/\/vosgesinfo.fr\/saintdieinfo\/#organization","name":"Saint Die Info","url":"https:\/\/vosgesinfo.fr\/saintdieinfo\/","logo":{"@type":"ImageObject","inLanguage":"fr-FR","@id":"https:\/\/vosgesinfo.fr\/saintdieinfo\/#\/schema\/logo\/image\/","url":"https:\/\/vosgesinfo.fr\/app\/uploads\/sites\/4\/2024\/02\/logo-sdi.jpg","contentUrl":"https:\/\/vosgesinfo.fr\/app\/uploads\/sites\/4\/2024\/02\/logo-sdi.jpg","width":600,"height":600,"caption":"Saint Die Info"},"image":{"@id":"https:\/\/vosgesinfo.fr\/saintdieinfo\/#\/schema\/logo\/image\/"},"sameAs":["https:\/\/www.facebook.com\/Saintdieinfofr","https:\/\/x.com\/VosgesInfo88","https:\/\/www.youtube.com\/@vosgesinfo"]},{"@type":"Person","@id":"https:\/\/vosgesinfo.fr\/saintdieinfo\/#\/schema\/person\/faee6704a21f3977511db84bd1cd450f","name":"la r\u00e9daction","image":{"@type":"ImageObject","inLanguage":"fr-FR","@id":"https:\/\/vosgesinfo.fr\/saintdieinfo\/#\/schema\/person\/image\/","url":"https:\/\/secure.gravatar.com\/avatar\/6673d8bc6a9c17fa9a453eaa3448de834fa308c2ec9635b7aa99441a7c8d2cf6?s=96&d=mm&r=g","contentUrl":"https:\/\/secure.gravatar.com\/avatar\/6673d8bc6a9c17fa9a453eaa3448de834fa308c2ec9635b7aa99441a7c8d2cf6?s=96&d=mm&r=g","caption":"la r\u00e9daction"},"url":"https:\/\/vosgesinfo.fr\/saintdieinfo\/author\/redac\/"}]}},"_links":{"self":[{"href":"https:\/\/vosgesinfo.fr\/saintdieinfo\/wp-json\/wp\/v2\/posts\/52690","targetHints":{"allow":["GET"]}}],"collection":[{"href":"https:\/\/vosgesinfo.fr\/saintdieinfo\/wp-json\/wp\/v2\/posts"}],"about":[{"href":"https:\/\/vosgesinfo.fr\/saintdieinfo\/wp-json\/wp\/v2\/types\/post"}],"author":[{"embeddable":true,"href":"https:\/\/vosgesinfo.fr\/saintdieinfo\/wp-json\/wp\/v2\/users\/44"}],"replies":[{"embeddable":true,"href":"https:\/\/vosgesinfo.fr\/saintdieinfo\/wp-json\/wp\/v2\/comments?post=52690"}],"version-history":[{"count":0,"href":"https:\/\/vosgesinfo.fr\/saintdieinfo\/wp-json\/wp\/v2\/posts\/52690\/revisions"}],"wp:featuredmedia":[{"embeddable":true,"href":"https:\/\/vosgesinfo.fr\/saintdieinfo\/wp-json\/wp\/v2\/media\/52691"}],"wp:attachment":[{"href":"https:\/\/vosgesinfo.fr\/saintdieinfo\/wp-json\/wp\/v2\/media?parent=52690"}],"wp:term":[{"taxonomy":"category","embeddable":true,"href":"https:\/\/vosgesinfo.fr\/saintdieinfo\/wp-json\/wp\/v2\/categories?post=52690"},{"taxonomy":"post_tag","embeddable":true,"href":"https:\/\/vosgesinfo.fr\/saintdieinfo\/wp-json\/wp\/v2\/tags?post=52690"}],"curies":[{"name":"wp","href":"https:\/\/api.w.org\/{rel}","templated":true}]}}