{"id":52710,"date":"2022-04-30T17:59:55","date_gmt":"2022-04-30T15:59:55","guid":{"rendered":"https:\/\/vosgesinfo.fr\/saintdieinfo\/2022\/04\/librairie-neuf-a-souffle-50-bougies\/"},"modified":"2022-04-30T17:59:55","modified_gmt":"2022-04-30T15:59:55","slug":"librairie-neuf-a-souffle-50-bougies","status":"publish","type":"post","link":"https:\/\/vosgesinfo.fr\/saintdieinfo\/2022\/04\/librairie-neuf-a-souffle-50-bougies\/","title":{"rendered":"La Librairie Le Neuf a souffl\u00e9 ses 50 bougies"},"content":{"rendered":"<div id=\"attachment_182665\" style=\"width: 970px\" class=\"wp-caption aligncenter\"><a href=\"\/2022\/04\/50_Ans_Le_Neuf-5.jpg\" target=\"_blank\" rel=\"noopener\"><img decoding=\"async\" aria-describedby=\"caption-attachment-182665\" class=\"wp-image-182665 size-large\" src=\"\/2022\/04\/50_Ans_Le_Neuf-5-1024x683.jpg\" alt=\"!50_Ans_Le_Neuf (5)\" width=\"960\" height=\"640\" \/><\/a><p id=\"caption-attachment-182665\" class=\"wp-caption-text\">(Photographies Marc Fourniquet)<\/p><\/div>\n<h2><strong><span style=\"font-size: 14pt;\">La Librairie Le Neuf a 50 ans, depuis maintenant un peu plus de 3 semaines. Car c&rsquo;est le 6 avril 1972 que la librairie ind\u00e9pendante d\u00e9odatienne ouvrait ses portes, \u00e0 l&rsquo;initiative de 9 \u00e9tudiants nanc\u00e9iens. Pour f\u00eater ce 50e anniversaire symbolique, l&rsquo;actuel g\u00e9rant Olivier Huguenot et son \u00e9quipe, aid\u00e9s des \u2013 nombreux \u2013 amis du Neuf, ont voulu marquer <a href=\"https:\/\/saintdieinfo.fr\/2022\/04\/librairie-neuf-a-50-ans\/\" target=\"_blank\" rel=\"noopener\">le coup avec tout un programme d&rsquo;animations.<\/a><\/span><\/strong><\/h2>\n<p><!--more--><\/p>\n<p>Torchons de bistrot illustr\u00e9s par Julien Cuny, fils de l&rsquo;un des fondateurs de la librairie, fruits d&rsquo;un partenariat avec Garnier-Thiebaut, cuv\u00e9e sp\u00e9ciale de champagne limit\u00e9e \u00e0 300 bouteilles, lectures de textes par l&rsquo;atelier \u00ab\u00a0Lire et dire\u00a0\u00bb, <b><a href=\"https:\/\/saintdieinfo.fr\/2022\/04\/journal-50-ans-neuf-disponible\/\" target=\"_blank\" rel=\"noopener\">journal papier \u00e9dit\u00e9 pour l&rsquo;occasion<\/a><\/b>, avec notamment une illustration in\u00e9dite de Lefred-Thouron, dont les dessins ont pu \u00eatre crois\u00e9s du c\u00f4t\u00e9 de chez Hara-Kiri, Lib\u00e9ration, Charlie Hebdo ou le Canard Encha\u00een\u00e9&#8230; et une journ\u00e9e phare, qui s&rsquo;est d\u00e9roul\u00e9e en ce dernier jour d&rsquo;avril.<\/p>\n<p>Une journ\u00e9e rythm\u00e9e le matin par une grande rencontre autour de la place de la librairie et de la litt\u00e9rature dans la ville, qui s&rsquo;est tenue \u00e0 la Tour de la Libert\u00e9, et rythm\u00e9e l&rsquo;apr\u00e8s-midi par des s\u00e9ances de d\u00e9dicaces sur le parvis de la librairie. Se sont pr\u00eat\u00e9s au jeu quelques-uns des fid\u00e8les du Neuf que sont Eric Badonnel, Nicolas Debon, Elise Fischer, Eric Fottorino, Robin Huguenot-Noel, Laurent Mariotte, Nicolas Mathieu et Clotilde Perrin. La journ\u00e9e s&rsquo;est termin\u00e9e par la d\u00e9couverte de l&rsquo;exposition permanente \u00e0 la Cour des Arts, qui pr\u00e9sente les portraits des 9 fondateurs r\u00e9alis\u00e9s par Julien Cuny, mais aussi les dates cl\u00e9s du 9 par Laurent Cagniat ainsi que les dessins de Charlotte, Laurena et Laurent, Lefred-Thourin et Lindingre. Cerise sur le g\u00e2teau\u00a0: la touche musicale apport\u00e9e par Michel Cabut et ses comp\u00e8res avec le Hot Swing Orchestra, puis par TOPIC.<\/p>\n<p>J.J.<\/p>\n\n","protected":false},"excerpt":{"rendered":"<p>La Librairie Le Neuf a 50 ans, depuis maintenant un peu plus de 3 semaines. Car c&rsquo;est le 6 avril [&hellip;]<\/p>\n","protected":false},"author":44,"featured_media":52711,"comment_status":"open","ping_status":"open","sticky":false,"template":"","format":"standard","meta":{"footnotes":""},"categories":[460,7847,8090,2915],"tags":[10475,3192],"class_list":["post-52710","post","type-post","status-publish","format-standard","has-post-thumbnail","hentry","category-a-la-une","category-art-culture","category-litterature","category-saint-die-son-canton","tag-50-ans-du-neuf","tag-librairie-le-neuf"],"acf":[],"yoast_head":"<!-- This site is optimized with the Yoast SEO plugin v22.5 - https:\/\/yoast.com\/wordpress\/plugins\/seo\/ -->\n<title>La Librairie Le Neuf a souffl\u00e9 ses 50 bougies - Saint Die Info<\/title>\n<meta name=\"robots\" content=\"index, follow, max-snippet:-1, max-image-preview:large, max-video-preview:-1\" \/>\n<link rel=\"canonical\" href=\"https:\/\/vosgesinfo.fr\/saintdieinfo\/2022\/04\/librairie-neuf-a-souffle-50-bougies\/\" \/>\n<meta name=\"twitter:card\" content=\"summary_large_image\" \/>\n<meta name=\"twitter:title\" content=\"La Librairie Le Neuf a souffl\u00e9 ses 50 bougies - Saint Die Info\" \/>\n<meta name=\"twitter:description\" content=\"La Librairie Le Neuf a 50 ans, depuis maintenant un peu plus de 3 semaines. Car c&rsquo;est le 6 avril [&hellip;]\" \/>\n<meta name=\"twitter:image\" content=\"https:\/\/vosgesinfo.fr\/app\/uploads\/sites\/4\/2024\/08\/20220450-ans-le-neuf-5.jpg\" \/>\n<meta name=\"twitter:creator\" content=\"@VosgesInfo88\" \/>\n<meta name=\"twitter:site\" content=\"@VosgesInfo88\" \/>\n<meta name=\"twitter:label1\" content=\"\u00c9crit par\" \/>\n\t<meta name=\"twitter:data1\" content=\"la r\u00e9daction\" \/>\n\t<meta name=\"twitter:label2\" content=\"Dur\u00e9e de lecture estim\u00e9e\" \/>\n\t<meta name=\"twitter:data2\" content=\"2 minutes\" \/>\n<script type=\"application\/ld+json\" class=\"yoast-schema-graph\">{\"@context\":\"https:\/\/schema.org\",\"@graph\":[{\"@type\":\"Article\",\"@id\":\"https:\/\/vosgesinfo.fr\/saintdieinfo\/2022\/04\/librairie-neuf-a-souffle-50-bougies\/#article\",\"isPartOf\":{\"@id\":\"https:\/\/vosgesinfo.fr\/saintdieinfo\/2022\/04\/librairie-neuf-a-souffle-50-bougies\/\"},\"author\":{\"name\":\"la r\u00e9daction\",\"@id\":\"https:\/\/vosgesinfo.fr\/saintdieinfo\/#\/schema\/person\/faee6704a21f3977511db84bd1cd450f\"},\"headline\":\"La Librairie Le Neuf a souffl\u00e9 ses 50 bougies\",\"datePublished\":\"2022-04-30T15:59:55+00:00\",\"dateModified\":\"2022-04-30T15:59:55+00:00\",\"mainEntityOfPage\":{\"@id\":\"https:\/\/vosgesinfo.fr\/saintdieinfo\/2022\/04\/librairie-neuf-a-souffle-50-bougies\/\"},\"wordCount\":354,\"commentCount\":0,\"publisher\":{\"@id\":\"https:\/\/vosgesinfo.fr\/saintdieinfo\/#organization\"},\"image\":{\"@id\":\"https:\/\/vosgesinfo.fr\/saintdieinfo\/2022\/04\/librairie-neuf-a-souffle-50-bougies\/#primaryimage\"},\"thumbnailUrl\":\"https:\/\/vosgesinfo.fr\/app\/uploads\/sites\/4\/2024\/08\/20220450-ans-le-neuf-5.jpg\",\"keywords\":[\"50 ans du Neuf\",\"Librairie Le Neuf\"],\"articleSection\":[\"A la Une\",\"Culture\",\"Litt\u00e9rature\",\"Saint-Di\u00e9-des-Vosges et son Agglom\u00e9ration\"],\"inLanguage\":\"fr-FR\",\"potentialAction\":[{\"@type\":\"CommentAction\",\"name\":\"Comment\",\"target\":[\"https:\/\/vosgesinfo.fr\/saintdieinfo\/2022\/04\/librairie-neuf-a-souffle-50-bougies\/#respond\"]}]},{\"@type\":\"WebPage\",\"@id\":\"https:\/\/vosgesinfo.fr\/saintdieinfo\/2022\/04\/librairie-neuf-a-souffle-50-bougies\/\",\"url\":\"https:\/\/vosgesinfo.fr\/saintdieinfo\/2022\/04\/librairie-neuf-a-souffle-50-bougies\/\",\"name\":\"La Librairie Le Neuf a souffl\u00e9 ses 50 bougies - Saint Die Info\",\"isPartOf\":{\"@id\":\"https:\/\/vosgesinfo.fr\/saintdieinfo\/#website\"},\"primaryImageOfPage\":{\"@id\":\"https:\/\/vosgesinfo.fr\/saintdieinfo\/2022\/04\/librairie-neuf-a-souffle-50-bougies\/#primaryimage\"},\"image\":{\"@id\":\"https:\/\/vosgesinfo.fr\/saintdieinfo\/2022\/04\/librairie-neuf-a-souffle-50-bougies\/#primaryimage\"},\"thumbnailUrl\":\"https:\/\/vosgesinfo.fr\/app\/uploads\/sites\/4\/2024\/08\/20220450-ans-le-neuf-5.jpg\",\"datePublished\":\"2022-04-30T15:59:55+00:00\",\"dateModified\":\"2022-04-30T15:59:55+00:00\",\"breadcrumb\":{\"@id\":\"https:\/\/vosgesinfo.fr\/saintdieinfo\/2022\/04\/librairie-neuf-a-souffle-50-bougies\/#breadcrumb\"},\"inLanguage\":\"fr-FR\",\"potentialAction\":[{\"@type\":\"ReadAction\",\"target\":[\"https:\/\/vosgesinfo.fr\/saintdieinfo\/2022\/04\/librairie-neuf-a-souffle-50-bougies\/\"]}]},{\"@type\":\"ImageObject\",\"inLanguage\":\"fr-FR\",\"@id\":\"https:\/\/vosgesinfo.fr\/saintdieinfo\/2022\/04\/librairie-neuf-a-souffle-50-bougies\/#primaryimage\",\"url\":\"https:\/\/vosgesinfo.fr\/app\/uploads\/sites\/4\/2024\/08\/20220450-ans-le-neuf-5.jpg\",\"contentUrl\":\"https:\/\/vosgesinfo.fr\/app\/uploads\/sites\/4\/2024\/08\/20220450-ans-le-neuf-5.jpg\",\"width\":2048,\"height\":1366},{\"@type\":\"BreadcrumbList\",\"@id\":\"https:\/\/vosgesinfo.fr\/saintdieinfo\/2022\/04\/librairie-neuf-a-souffle-50-bougies\/#breadcrumb\",\"itemListElement\":[{\"@type\":\"ListItem\",\"position\":1,\"name\":\"Home\",\"item\":\"https:\/\/vosgesinfo.fr\/saintdieinfo\/\"},{\"@type\":\"ListItem\",\"position\":2,\"name\":\"La Librairie Le Neuf a souffl\u00e9 ses 50 bougies\"}]},{\"@type\":\"WebSite\",\"@id\":\"https:\/\/vosgesinfo.fr\/saintdieinfo\/#website\",\"url\":\"https:\/\/vosgesinfo.fr\/saintdieinfo\/\",\"name\":\"Saint Die Info\",\"description\":\"Toute l&#039;actualit\u00e9 de Saint-Di\u00e9-Des-Vosges\",\"publisher\":{\"@id\":\"https:\/\/vosgesinfo.fr\/saintdieinfo\/#organization\"},\"alternateName\":\"Toute l'actualit\u00e9 de Saint-Di\u00e9-Des-Vosges\",\"potentialAction\":[{\"@type\":\"SearchAction\",\"target\":{\"@type\":\"EntryPoint\",\"urlTemplate\":\"https:\/\/vosgesinfo.fr\/saintdieinfo\/?s={search_term_string}\"},\"query-input\":\"required name=search_term_string\"}],\"inLanguage\":\"fr-FR\"},{\"@type\":\"Organization\",\"@id\":\"https:\/\/vosgesinfo.fr\/saintdieinfo\/#organization\",\"name\":\"Saint Die Info\",\"url\":\"https:\/\/vosgesinfo.fr\/saintdieinfo\/\",\"logo\":{\"@type\":\"ImageObject\",\"inLanguage\":\"fr-FR\",\"@id\":\"https:\/\/vosgesinfo.fr\/saintdieinfo\/#\/schema\/logo\/image\/\",\"url\":\"https:\/\/vosgesinfo.fr\/app\/uploads\/sites\/4\/2024\/02\/logo-sdi.jpg\",\"contentUrl\":\"https:\/\/vosgesinfo.fr\/app\/uploads\/sites\/4\/2024\/02\/logo-sdi.jpg\",\"width\":600,\"height\":600,\"caption\":\"Saint Die Info\"},\"image\":{\"@id\":\"https:\/\/vosgesinfo.fr\/saintdieinfo\/#\/schema\/logo\/image\/\"},\"sameAs\":[\"https:\/\/www.facebook.com\/Saintdieinfofr\",\"https:\/\/x.com\/VosgesInfo88\",\"https:\/\/www.youtube.com\/@vosgesinfo\"]},{\"@type\":\"Person\",\"@id\":\"https:\/\/vosgesinfo.fr\/saintdieinfo\/#\/schema\/person\/faee6704a21f3977511db84bd1cd450f\",\"name\":\"la r\u00e9daction\",\"image\":{\"@type\":\"ImageObject\",\"inLanguage\":\"fr-FR\",\"@id\":\"https:\/\/vosgesinfo.fr\/saintdieinfo\/#\/schema\/person\/image\/\",\"url\":\"https:\/\/secure.gravatar.com\/avatar\/6673d8bc6a9c17fa9a453eaa3448de834fa308c2ec9635b7aa99441a7c8d2cf6?s=96&d=mm&r=g\",\"contentUrl\":\"https:\/\/secure.gravatar.com\/avatar\/6673d8bc6a9c17fa9a453eaa3448de834fa308c2ec9635b7aa99441a7c8d2cf6?s=96&d=mm&r=g\",\"caption\":\"la r\u00e9daction\"},\"url\":\"https:\/\/vosgesinfo.fr\/saintdieinfo\/author\/redac\/\"}]}<\/script>\n<!-- \/ Yoast SEO plugin. -->","yoast_head_json":{"title":"La Librairie Le Neuf a souffl\u00e9 ses 50 bougies - Saint Die Info","robots":{"index":"index","follow":"follow","max-snippet":"max-snippet:-1","max-image-preview":"max-image-preview:large","max-video-preview":"max-video-preview:-1"},"canonical":"https:\/\/vosgesinfo.fr\/saintdieinfo\/2022\/04\/librairie-neuf-a-souffle-50-bougies\/","twitter_card":"summary_large_image","twitter_title":"La Librairie Le Neuf a souffl\u00e9 ses 50 bougies - Saint Die Info","twitter_description":"La Librairie Le Neuf a 50 ans, depuis maintenant un peu plus de 3 semaines. Car c&rsquo;est le 6 avril [&hellip;]","twitter_image":"https:\/\/vosgesinfo.fr\/app\/uploads\/sites\/4\/2024\/08\/20220450-ans-le-neuf-5.jpg","twitter_creator":"@VosgesInfo88","twitter_site":"@VosgesInfo88","twitter_misc":{"\u00c9crit par":"la r\u00e9daction","Dur\u00e9e de lecture estim\u00e9e":"2 minutes"},"schema":{"@context":"https:\/\/schema.org","@graph":[{"@type":"Article","@id":"https:\/\/vosgesinfo.fr\/saintdieinfo\/2022\/04\/librairie-neuf-a-souffle-50-bougies\/#article","isPartOf":{"@id":"https:\/\/vosgesinfo.fr\/saintdieinfo\/2022\/04\/librairie-neuf-a-souffle-50-bougies\/"},"author":{"name":"la r\u00e9daction","@id":"https:\/\/vosgesinfo.fr\/saintdieinfo\/#\/schema\/person\/faee6704a21f3977511db84bd1cd450f"},"headline":"La Librairie Le Neuf a souffl\u00e9 ses 50 bougies","datePublished":"2022-04-30T15:59:55+00:00","dateModified":"2022-04-30T15:59:55+00:00","mainEntityOfPage":{"@id":"https:\/\/vosgesinfo.fr\/saintdieinfo\/2022\/04\/librairie-neuf-a-souffle-50-bougies\/"},"wordCount":354,"commentCount":0,"publisher":{"@id":"https:\/\/vosgesinfo.fr\/saintdieinfo\/#organization"},"image":{"@id":"https:\/\/vosgesinfo.fr\/saintdieinfo\/2022\/04\/librairie-neuf-a-souffle-50-bougies\/#primaryimage"},"thumbnailUrl":"https:\/\/vosgesinfo.fr\/app\/uploads\/sites\/4\/2024\/08\/20220450-ans-le-neuf-5.jpg","keywords":["50 ans du Neuf","Librairie Le Neuf"],"articleSection":["A la Une","Culture","Litt\u00e9rature","Saint-Di\u00e9-des-Vosges et son Agglom\u00e9ration"],"inLanguage":"fr-FR","potentialAction":[{"@type":"CommentAction","name":"Comment","target":["https:\/\/vosgesinfo.fr\/saintdieinfo\/2022\/04\/librairie-neuf-a-souffle-50-bougies\/#respond"]}]},{"@type":"WebPage","@id":"https:\/\/vosgesinfo.fr\/saintdieinfo\/2022\/04\/librairie-neuf-a-souffle-50-bougies\/","url":"https:\/\/vosgesinfo.fr\/saintdieinfo\/2022\/04\/librairie-neuf-a-souffle-50-bougies\/","name":"La Librairie Le Neuf a souffl\u00e9 ses 50 bougies - Saint Die Info","isPartOf":{"@id":"https:\/\/vosgesinfo.fr\/saintdieinfo\/#website"},"primaryImageOfPage":{"@id":"https:\/\/vosgesinfo.fr\/saintdieinfo\/2022\/04\/librairie-neuf-a-souffle-50-bougies\/#primaryimage"},"image":{"@id":"https:\/\/vosgesinfo.fr\/saintdieinfo\/2022\/04\/librairie-neuf-a-souffle-50-bougies\/#primaryimage"},"thumbnailUrl":"https:\/\/vosgesinfo.fr\/app\/uploads\/sites\/4\/2024\/08\/20220450-ans-le-neuf-5.jpg","datePublished":"2022-04-30T15:59:55+00:00","dateModified":"2022-04-30T15:59:55+00:00","breadcrumb":{"@id":"https:\/\/vosgesinfo.fr\/saintdieinfo\/2022\/04\/librairie-neuf-a-souffle-50-bougies\/#breadcrumb"},"inLanguage":"fr-FR","potentialAction":[{"@type":"ReadAction","target":["https:\/\/vosgesinfo.fr\/saintdieinfo\/2022\/04\/librairie-neuf-a-souffle-50-bougies\/"]}]},{"@type":"ImageObject","inLanguage":"fr-FR","@id":"https:\/\/vosgesinfo.fr\/saintdieinfo\/2022\/04\/librairie-neuf-a-souffle-50-bougies\/#primaryimage","url":"https:\/\/vosgesinfo.fr\/app\/uploads\/sites\/4\/2024\/08\/20220450-ans-le-neuf-5.jpg","contentUrl":"https:\/\/vosgesinfo.fr\/app\/uploads\/sites\/4\/2024\/08\/20220450-ans-le-neuf-5.jpg","width":2048,"height":1366},{"@type":"BreadcrumbList","@id":"https:\/\/vosgesinfo.fr\/saintdieinfo\/2022\/04\/librairie-neuf-a-souffle-50-bougies\/#breadcrumb","itemListElement":[{"@type":"ListItem","position":1,"name":"Home","item":"https:\/\/vosgesinfo.fr\/saintdieinfo\/"},{"@type":"ListItem","position":2,"name":"La Librairie Le Neuf a souffl\u00e9 ses 50 bougies"}]},{"@type":"WebSite","@id":"https:\/\/vosgesinfo.fr\/saintdieinfo\/#website","url":"https:\/\/vosgesinfo.fr\/saintdieinfo\/","name":"Saint Die Info","description":"Toute l&#039;actualit\u00e9 de Saint-Di\u00e9-Des-Vosges","publisher":{"@id":"https:\/\/vosgesinfo.fr\/saintdieinfo\/#organization"},"alternateName":"Toute l'actualit\u00e9 de Saint-Di\u00e9-Des-Vosges","potentialAction":[{"@type":"SearchAction","target":{"@type":"EntryPoint","urlTemplate":"https:\/\/vosgesinfo.fr\/saintdieinfo\/?s={search_term_string}"},"query-input":"required name=search_term_string"}],"inLanguage":"fr-FR"},{"@type":"Organization","@id":"https:\/\/vosgesinfo.fr\/saintdieinfo\/#organization","name":"Saint Die Info","url":"https:\/\/vosgesinfo.fr\/saintdieinfo\/","logo":{"@type":"ImageObject","inLanguage":"fr-FR","@id":"https:\/\/vosgesinfo.fr\/saintdieinfo\/#\/schema\/logo\/image\/","url":"https:\/\/vosgesinfo.fr\/app\/uploads\/sites\/4\/2024\/02\/logo-sdi.jpg","contentUrl":"https:\/\/vosgesinfo.fr\/app\/uploads\/sites\/4\/2024\/02\/logo-sdi.jpg","width":600,"height":600,"caption":"Saint Die Info"},"image":{"@id":"https:\/\/vosgesinfo.fr\/saintdieinfo\/#\/schema\/logo\/image\/"},"sameAs":["https:\/\/www.facebook.com\/Saintdieinfofr","https:\/\/x.com\/VosgesInfo88","https:\/\/www.youtube.com\/@vosgesinfo"]},{"@type":"Person","@id":"https:\/\/vosgesinfo.fr\/saintdieinfo\/#\/schema\/person\/faee6704a21f3977511db84bd1cd450f","name":"la r\u00e9daction","image":{"@type":"ImageObject","inLanguage":"fr-FR","@id":"https:\/\/vosgesinfo.fr\/saintdieinfo\/#\/schema\/person\/image\/","url":"https:\/\/secure.gravatar.com\/avatar\/6673d8bc6a9c17fa9a453eaa3448de834fa308c2ec9635b7aa99441a7c8d2cf6?s=96&d=mm&r=g","contentUrl":"https:\/\/secure.gravatar.com\/avatar\/6673d8bc6a9c17fa9a453eaa3448de834fa308c2ec9635b7aa99441a7c8d2cf6?s=96&d=mm&r=g","caption":"la r\u00e9daction"},"url":"https:\/\/vosgesinfo.fr\/saintdieinfo\/author\/redac\/"}]}},"_links":{"self":[{"href":"https:\/\/vosgesinfo.fr\/saintdieinfo\/wp-json\/wp\/v2\/posts\/52710","targetHints":{"allow":["GET"]}}],"collection":[{"href":"https:\/\/vosgesinfo.fr\/saintdieinfo\/wp-json\/wp\/v2\/posts"}],"about":[{"href":"https:\/\/vosgesinfo.fr\/saintdieinfo\/wp-json\/wp\/v2\/types\/post"}],"author":[{"embeddable":true,"href":"https:\/\/vosgesinfo.fr\/saintdieinfo\/wp-json\/wp\/v2\/users\/44"}],"replies":[{"embeddable":true,"href":"https:\/\/vosgesinfo.fr\/saintdieinfo\/wp-json\/wp\/v2\/comments?post=52710"}],"version-history":[{"count":0,"href":"https:\/\/vosgesinfo.fr\/saintdieinfo\/wp-json\/wp\/v2\/posts\/52710\/revisions"}],"wp:featuredmedia":[{"embeddable":true,"href":"https:\/\/vosgesinfo.fr\/saintdieinfo\/wp-json\/wp\/v2\/media\/52711"}],"wp:attachment":[{"href":"https:\/\/vosgesinfo.fr\/saintdieinfo\/wp-json\/wp\/v2\/media?parent=52710"}],"wp:term":[{"taxonomy":"category","embeddable":true,"href":"https:\/\/vosgesinfo.fr\/saintdieinfo\/wp-json\/wp\/v2\/categories?post=52710"},{"taxonomy":"post_tag","embeddable":true,"href":"https:\/\/vosgesinfo.fr\/saintdieinfo\/wp-json\/wp\/v2\/tags?post=52710"}],"curies":[{"name":"wp","href":"https:\/\/api.w.org\/{rel}","templated":true}]}}