{"id":53073,"date":"2022-05-13T10:55:44","date_gmt":"2022-05-13T08:55:44","guid":{"rendered":"https:\/\/vosgesinfo.fr\/saintdieinfo\/2022\/05\/college-vautrin-lud-sillustre-concours-deloquence-de-lacademie-nancy-metz\/"},"modified":"2022-05-13T10:55:44","modified_gmt":"2022-05-13T08:55:44","slug":"college-vautrin-lud-sillustre-concours-deloquence-de-lacademie-nancy-metz","status":"publish","type":"post","link":"https:\/\/vosgesinfo.fr\/saintdieinfo\/2022\/05\/college-vautrin-lud-sillustre-concours-deloquence-de-lacademie-nancy-metz\/","title":{"rendered":"Le coll\u00e8ge Vautrin-Lud s&rsquo;illustre au concours d&rsquo;\u00e9loquence de l&rsquo;Acad\u00e9mie Nancy-Metz"},"content":{"rendered":"\n<h2><strong><span style=\"font-size: 14pt;\">Ce jeudi matin, ce sont pr\u00e8s de 200 \u00e9l\u00e8ves des classes de 4e des coll\u00e8ges Vautrin-Lud de Saint-Di\u00e9-des-Vosges, Andr\u00e9-Malraux de Senones, Alphonse-Cyt\u00e8re de Rambervillers et Maurice-Barr\u00e8s de Charmes, qui se sont retrouv\u00e9 \u00e0 l&rsquo;H\u00f4tel du D\u00e9partement des Vosges, \u00e0 l&rsquo;occasion des demi-finales d\u00e9partementales du concours d&rsquo;\u00e9loquence de l&rsquo;Acad\u00e9mie Nancy-Metz.<\/span><\/strong><\/h2>\n<p><!--more--><\/p>\n<p>Les 13 classes candidates des 4 coll\u00e8ges vosgiens, identifi\u00e9s R\u00e9seau d&rsquo;Education Prioritaire \u2013 REP \u2013 se sont pr\u00e9par\u00e9s \u00e0 ce concours depuis le d\u00e9but de l&rsquo;ann\u00e9e scolaire, avec leurs enseignants mais aussi avec des professionnels de l&rsquo;\u00e9loquence. Les coll\u00e9giens se sont ainsi entra\u00een\u00e9s aux techniques th\u00e9\u00e2trales de prise de parole ainsi qu&rsquo;\u00e0 l&rsquo;improvisation. Autour du th\u00e8me des \u00ab\u00a0Fronti\u00e8res\u00a0\u00bb, les adolescents ont r\u00e9dig\u00e9 collectivement des textes et \u00e9labor\u00e9 des argumentaires, pour se r\u00e9partir ensuite dans l&rsquo;une des 4 \u00e9preuves du concours. Respectivement la lecture d&rsquo;un texte patrimonial, le r\u00e9quisitoire\/la plaidoirie sur un personnage, la langue et l&rsquo;improvisation.<\/p>\n<p>A l&rsquo;issue des demi-finales, 2 classes ont \u00e9t\u00e9 s\u00e9lectionn\u00e9es par le jury. Il s&rsquo;agit de la 4e7 du coll\u00e8ge Vautrin-Lud, pour l&rsquo;\u00e9preuve de langue, et de la 4e4 du coll\u00e8ge Maurice-Barr\u00e8s, pour les 3 autres \u00e9preuves. Ces 2 classes repr\u00e9senteront les Vosges lors de la finale acad\u00e9mique du concours d&rsquo;\u00e9loquence, qui se d\u00e9roulera le jeudi 9 juin \u00e0 la Facult\u00e9 de Lettres de Nancy.<\/p>\n<p>J.J.<\/p>\n","protected":false},"excerpt":{"rendered":"<p>Ce jeudi matin, ce sont pr\u00e8s de 200 \u00e9l\u00e8ves des classes de 4e des coll\u00e8ges Vautrin-Lud de Saint-Di\u00e9-des-Vosges, Andr\u00e9-Malraux de [&hellip;]<\/p>\n","protected":false},"author":44,"featured_media":53074,"comment_status":"open","ping_status":"open","sticky":false,"template":"","format":"standard","meta":{"footnotes":""},"categories":[460,6,2915,18],"tags":[151,3169,11284,211,11285],"class_list":["post-53073","post","type-post","status-publish","format-standard","has-post-thumbnail","hentry","category-a-la-une","category-education","category-saint-die-son-canton","category-vosges","tag-academie-nancy-metz","tag-college-vautrin-lud","tag-concours-deloquence-de-lacademie-nancy-metz","tag-nancy","tag-reseau-deducation-prioritaire"],"acf":[],"yoast_head":"<!-- This site is optimized with the Yoast SEO plugin v22.5 - https:\/\/yoast.com\/wordpress\/plugins\/seo\/ -->\n<title>Le coll\u00e8ge Vautrin-Lud s&#039;illustre au concours d&#039;\u00e9loquence de l&#039;Acad\u00e9mie Nancy-Metz - Saint Die Info<\/title>\n<meta name=\"robots\" content=\"index, follow, max-snippet:-1, max-image-preview:large, max-video-preview:-1\" \/>\n<link rel=\"canonical\" href=\"https:\/\/vosgesinfo.fr\/saintdieinfo\/2022\/05\/college-vautrin-lud-sillustre-concours-deloquence-de-lacademie-nancy-metz\/\" \/>\n<meta name=\"twitter:card\" content=\"summary_large_image\" \/>\n<meta name=\"twitter:title\" content=\"Le coll\u00e8ge Vautrin-Lud s&#039;illustre au concours d&#039;\u00e9loquence de l&#039;Acad\u00e9mie Nancy-Metz - Saint Die Info\" \/>\n<meta name=\"twitter:description\" content=\"Ce jeudi matin, ce sont pr\u00e8s de 200 \u00e9l\u00e8ves des classes de 4e des coll\u00e8ges Vautrin-Lud de Saint-Di\u00e9-des-Vosges, Andr\u00e9-Malraux de [&hellip;]\" \/>\n<meta name=\"twitter:image\" content=\"https:\/\/vosgesinfo.fr\/app\/uploads\/sites\/4\/2024\/08\/2022052022concours011red.jpg\" \/>\n<meta name=\"twitter:creator\" content=\"@VosgesInfo88\" \/>\n<meta name=\"twitter:site\" content=\"@VosgesInfo88\" \/>\n<meta name=\"twitter:label1\" content=\"\u00c9crit par\" \/>\n\t<meta name=\"twitter:data1\" content=\"la r\u00e9daction\" \/>\n\t<meta name=\"twitter:label2\" content=\"Dur\u00e9e de lecture estim\u00e9e\" \/>\n\t<meta name=\"twitter:data2\" content=\"1 minute\" \/>\n<script type=\"application\/ld+json\" class=\"yoast-schema-graph\">{\"@context\":\"https:\/\/schema.org\",\"@graph\":[{\"@type\":\"Article\",\"@id\":\"https:\/\/vosgesinfo.fr\/saintdieinfo\/2022\/05\/college-vautrin-lud-sillustre-concours-deloquence-de-lacademie-nancy-metz\/#article\",\"isPartOf\":{\"@id\":\"https:\/\/vosgesinfo.fr\/saintdieinfo\/2022\/05\/college-vautrin-lud-sillustre-concours-deloquence-de-lacademie-nancy-metz\/\"},\"author\":{\"name\":\"la r\u00e9daction\",\"@id\":\"https:\/\/vosgesinfo.fr\/saintdieinfo\/#\/schema\/person\/faee6704a21f3977511db84bd1cd450f\"},\"headline\":\"Le coll\u00e8ge Vautrin-Lud s&rsquo;illustre au concours d&rsquo;\u00e9loquence de l&rsquo;Acad\u00e9mie Nancy-Metz\",\"datePublished\":\"2022-05-13T08:55:44+00:00\",\"dateModified\":\"2022-05-13T08:55:44+00:00\",\"mainEntityOfPage\":{\"@id\":\"https:\/\/vosgesinfo.fr\/saintdieinfo\/2022\/05\/college-vautrin-lud-sillustre-concours-deloquence-de-lacademie-nancy-metz\/\"},\"wordCount\":269,\"commentCount\":0,\"publisher\":{\"@id\":\"https:\/\/vosgesinfo.fr\/saintdieinfo\/#organization\"},\"image\":{\"@id\":\"https:\/\/vosgesinfo.fr\/saintdieinfo\/2022\/05\/college-vautrin-lud-sillustre-concours-deloquence-de-lacademie-nancy-metz\/#primaryimage\"},\"thumbnailUrl\":\"https:\/\/vosgesinfo.fr\/app\/uploads\/sites\/4\/2024\/08\/2022052022concours011red.jpg\",\"keywords\":[\"Acad\u00e9mie Nancy-Metz\",\"Coll\u00e8ge Vautrin-Lud\",\"Concours d'\u00e9loquence de l'Acad\u00e9mie Nancy-Metz\",\"NANCY\",\"R\u00e9seau d'Education Prioritaire\"],\"articleSection\":[\"A la Une\",\"\u00c9ducation\",\"Saint-Di\u00e9-des-Vosges et son Agglom\u00e9ration\",\"Vosges\"],\"inLanguage\":\"fr-FR\",\"potentialAction\":[{\"@type\":\"CommentAction\",\"name\":\"Comment\",\"target\":[\"https:\/\/vosgesinfo.fr\/saintdieinfo\/2022\/05\/college-vautrin-lud-sillustre-concours-deloquence-de-lacademie-nancy-metz\/#respond\"]}]},{\"@type\":\"WebPage\",\"@id\":\"https:\/\/vosgesinfo.fr\/saintdieinfo\/2022\/05\/college-vautrin-lud-sillustre-concours-deloquence-de-lacademie-nancy-metz\/\",\"url\":\"https:\/\/vosgesinfo.fr\/saintdieinfo\/2022\/05\/college-vautrin-lud-sillustre-concours-deloquence-de-lacademie-nancy-metz\/\",\"name\":\"Le coll\u00e8ge Vautrin-Lud s'illustre au concours d'\u00e9loquence de l'Acad\u00e9mie Nancy-Metz - Saint Die Info\",\"isPartOf\":{\"@id\":\"https:\/\/vosgesinfo.fr\/saintdieinfo\/#website\"},\"primaryImageOfPage\":{\"@id\":\"https:\/\/vosgesinfo.fr\/saintdieinfo\/2022\/05\/college-vautrin-lud-sillustre-concours-deloquence-de-lacademie-nancy-metz\/#primaryimage\"},\"image\":{\"@id\":\"https:\/\/vosgesinfo.fr\/saintdieinfo\/2022\/05\/college-vautrin-lud-sillustre-concours-deloquence-de-lacademie-nancy-metz\/#primaryimage\"},\"thumbnailUrl\":\"https:\/\/vosgesinfo.fr\/app\/uploads\/sites\/4\/2024\/08\/2022052022concours011red.jpg\",\"datePublished\":\"2022-05-13T08:55:44+00:00\",\"dateModified\":\"2022-05-13T08:55:44+00:00\",\"breadcrumb\":{\"@id\":\"https:\/\/vosgesinfo.fr\/saintdieinfo\/2022\/05\/college-vautrin-lud-sillustre-concours-deloquence-de-lacademie-nancy-metz\/#breadcrumb\"},\"inLanguage\":\"fr-FR\",\"potentialAction\":[{\"@type\":\"ReadAction\",\"target\":[\"https:\/\/vosgesinfo.fr\/saintdieinfo\/2022\/05\/college-vautrin-lud-sillustre-concours-deloquence-de-lacademie-nancy-metz\/\"]}]},{\"@type\":\"ImageObject\",\"inLanguage\":\"fr-FR\",\"@id\":\"https:\/\/vosgesinfo.fr\/saintdieinfo\/2022\/05\/college-vautrin-lud-sillustre-concours-deloquence-de-lacademie-nancy-metz\/#primaryimage\",\"url\":\"https:\/\/vosgesinfo.fr\/app\/uploads\/sites\/4\/2024\/08\/2022052022concours011red.jpg\",\"contentUrl\":\"https:\/\/vosgesinfo.fr\/app\/uploads\/sites\/4\/2024\/08\/2022052022concours011red.jpg\",\"width\":1600,\"height\":900},{\"@type\":\"BreadcrumbList\",\"@id\":\"https:\/\/vosgesinfo.fr\/saintdieinfo\/2022\/05\/college-vautrin-lud-sillustre-concours-deloquence-de-lacademie-nancy-metz\/#breadcrumb\",\"itemListElement\":[{\"@type\":\"ListItem\",\"position\":1,\"name\":\"Home\",\"item\":\"https:\/\/vosgesinfo.fr\/saintdieinfo\/\"},{\"@type\":\"ListItem\",\"position\":2,\"name\":\"Le coll\u00e8ge Vautrin-Lud s&rsquo;illustre au concours d&rsquo;\u00e9loquence de l&rsquo;Acad\u00e9mie Nancy-Metz\"}]},{\"@type\":\"WebSite\",\"@id\":\"https:\/\/vosgesinfo.fr\/saintdieinfo\/#website\",\"url\":\"https:\/\/vosgesinfo.fr\/saintdieinfo\/\",\"name\":\"Saint Die Info\",\"description\":\"Toute l&#039;actualit\u00e9 de Saint-Di\u00e9-Des-Vosges\",\"publisher\":{\"@id\":\"https:\/\/vosgesinfo.fr\/saintdieinfo\/#organization\"},\"alternateName\":\"Toute l'actualit\u00e9 de Saint-Di\u00e9-Des-Vosges\",\"potentialAction\":[{\"@type\":\"SearchAction\",\"target\":{\"@type\":\"EntryPoint\",\"urlTemplate\":\"https:\/\/vosgesinfo.fr\/saintdieinfo\/?s={search_term_string}\"},\"query-input\":\"required name=search_term_string\"}],\"inLanguage\":\"fr-FR\"},{\"@type\":\"Organization\",\"@id\":\"https:\/\/vosgesinfo.fr\/saintdieinfo\/#organization\",\"name\":\"Saint Die Info\",\"url\":\"https:\/\/vosgesinfo.fr\/saintdieinfo\/\",\"logo\":{\"@type\":\"ImageObject\",\"inLanguage\":\"fr-FR\",\"@id\":\"https:\/\/vosgesinfo.fr\/saintdieinfo\/#\/schema\/logo\/image\/\",\"url\":\"https:\/\/vosgesinfo.fr\/app\/uploads\/sites\/4\/2024\/02\/logo-sdi.jpg\",\"contentUrl\":\"https:\/\/vosgesinfo.fr\/app\/uploads\/sites\/4\/2024\/02\/logo-sdi.jpg\",\"width\":600,\"height\":600,\"caption\":\"Saint Die Info\"},\"image\":{\"@id\":\"https:\/\/vosgesinfo.fr\/saintdieinfo\/#\/schema\/logo\/image\/\"},\"sameAs\":[\"https:\/\/www.facebook.com\/Saintdieinfofr\",\"https:\/\/x.com\/VosgesInfo88\",\"https:\/\/www.youtube.com\/@vosgesinfo\"]},{\"@type\":\"Person\",\"@id\":\"https:\/\/vosgesinfo.fr\/saintdieinfo\/#\/schema\/person\/faee6704a21f3977511db84bd1cd450f\",\"name\":\"la r\u00e9daction\",\"image\":{\"@type\":\"ImageObject\",\"inLanguage\":\"fr-FR\",\"@id\":\"https:\/\/vosgesinfo.fr\/saintdieinfo\/#\/schema\/person\/image\/\",\"url\":\"https:\/\/secure.gravatar.com\/avatar\/6673d8bc6a9c17fa9a453eaa3448de834fa308c2ec9635b7aa99441a7c8d2cf6?s=96&d=mm&r=g\",\"contentUrl\":\"https:\/\/secure.gravatar.com\/avatar\/6673d8bc6a9c17fa9a453eaa3448de834fa308c2ec9635b7aa99441a7c8d2cf6?s=96&d=mm&r=g\",\"caption\":\"la r\u00e9daction\"},\"url\":\"https:\/\/vosgesinfo.fr\/saintdieinfo\/author\/redac\/\"}]}<\/script>\n<!-- \/ Yoast SEO plugin. -->","yoast_head_json":{"title":"Le coll\u00e8ge Vautrin-Lud s'illustre au concours d'\u00e9loquence de l'Acad\u00e9mie Nancy-Metz - Saint Die Info","robots":{"index":"index","follow":"follow","max-snippet":"max-snippet:-1","max-image-preview":"max-image-preview:large","max-video-preview":"max-video-preview:-1"},"canonical":"https:\/\/vosgesinfo.fr\/saintdieinfo\/2022\/05\/college-vautrin-lud-sillustre-concours-deloquence-de-lacademie-nancy-metz\/","twitter_card":"summary_large_image","twitter_title":"Le coll\u00e8ge Vautrin-Lud s'illustre au concours d'\u00e9loquence de l'Acad\u00e9mie Nancy-Metz - Saint Die Info","twitter_description":"Ce jeudi matin, ce sont pr\u00e8s de 200 \u00e9l\u00e8ves des classes de 4e des coll\u00e8ges Vautrin-Lud de Saint-Di\u00e9-des-Vosges, Andr\u00e9-Malraux de [&hellip;]","twitter_image":"https:\/\/vosgesinfo.fr\/app\/uploads\/sites\/4\/2024\/08\/2022052022concours011red.jpg","twitter_creator":"@VosgesInfo88","twitter_site":"@VosgesInfo88","twitter_misc":{"\u00c9crit par":"la r\u00e9daction","Dur\u00e9e de lecture estim\u00e9e":"1 minute"},"schema":{"@context":"https:\/\/schema.org","@graph":[{"@type":"Article","@id":"https:\/\/vosgesinfo.fr\/saintdieinfo\/2022\/05\/college-vautrin-lud-sillustre-concours-deloquence-de-lacademie-nancy-metz\/#article","isPartOf":{"@id":"https:\/\/vosgesinfo.fr\/saintdieinfo\/2022\/05\/college-vautrin-lud-sillustre-concours-deloquence-de-lacademie-nancy-metz\/"},"author":{"name":"la r\u00e9daction","@id":"https:\/\/vosgesinfo.fr\/saintdieinfo\/#\/schema\/person\/faee6704a21f3977511db84bd1cd450f"},"headline":"Le coll\u00e8ge Vautrin-Lud s&rsquo;illustre au concours d&rsquo;\u00e9loquence de l&rsquo;Acad\u00e9mie Nancy-Metz","datePublished":"2022-05-13T08:55:44+00:00","dateModified":"2022-05-13T08:55:44+00:00","mainEntityOfPage":{"@id":"https:\/\/vosgesinfo.fr\/saintdieinfo\/2022\/05\/college-vautrin-lud-sillustre-concours-deloquence-de-lacademie-nancy-metz\/"},"wordCount":269,"commentCount":0,"publisher":{"@id":"https:\/\/vosgesinfo.fr\/saintdieinfo\/#organization"},"image":{"@id":"https:\/\/vosgesinfo.fr\/saintdieinfo\/2022\/05\/college-vautrin-lud-sillustre-concours-deloquence-de-lacademie-nancy-metz\/#primaryimage"},"thumbnailUrl":"https:\/\/vosgesinfo.fr\/app\/uploads\/sites\/4\/2024\/08\/2022052022concours011red.jpg","keywords":["Acad\u00e9mie Nancy-Metz","Coll\u00e8ge Vautrin-Lud","Concours d'\u00e9loquence de l'Acad\u00e9mie Nancy-Metz","NANCY","R\u00e9seau d'Education Prioritaire"],"articleSection":["A la Une","\u00c9ducation","Saint-Di\u00e9-des-Vosges et son Agglom\u00e9ration","Vosges"],"inLanguage":"fr-FR","potentialAction":[{"@type":"CommentAction","name":"Comment","target":["https:\/\/vosgesinfo.fr\/saintdieinfo\/2022\/05\/college-vautrin-lud-sillustre-concours-deloquence-de-lacademie-nancy-metz\/#respond"]}]},{"@type":"WebPage","@id":"https:\/\/vosgesinfo.fr\/saintdieinfo\/2022\/05\/college-vautrin-lud-sillustre-concours-deloquence-de-lacademie-nancy-metz\/","url":"https:\/\/vosgesinfo.fr\/saintdieinfo\/2022\/05\/college-vautrin-lud-sillustre-concours-deloquence-de-lacademie-nancy-metz\/","name":"Le coll\u00e8ge Vautrin-Lud s'illustre au concours d'\u00e9loquence de l'Acad\u00e9mie Nancy-Metz - Saint Die Info","isPartOf":{"@id":"https:\/\/vosgesinfo.fr\/saintdieinfo\/#website"},"primaryImageOfPage":{"@id":"https:\/\/vosgesinfo.fr\/saintdieinfo\/2022\/05\/college-vautrin-lud-sillustre-concours-deloquence-de-lacademie-nancy-metz\/#primaryimage"},"image":{"@id":"https:\/\/vosgesinfo.fr\/saintdieinfo\/2022\/05\/college-vautrin-lud-sillustre-concours-deloquence-de-lacademie-nancy-metz\/#primaryimage"},"thumbnailUrl":"https:\/\/vosgesinfo.fr\/app\/uploads\/sites\/4\/2024\/08\/2022052022concours011red.jpg","datePublished":"2022-05-13T08:55:44+00:00","dateModified":"2022-05-13T08:55:44+00:00","breadcrumb":{"@id":"https:\/\/vosgesinfo.fr\/saintdieinfo\/2022\/05\/college-vautrin-lud-sillustre-concours-deloquence-de-lacademie-nancy-metz\/#breadcrumb"},"inLanguage":"fr-FR","potentialAction":[{"@type":"ReadAction","target":["https:\/\/vosgesinfo.fr\/saintdieinfo\/2022\/05\/college-vautrin-lud-sillustre-concours-deloquence-de-lacademie-nancy-metz\/"]}]},{"@type":"ImageObject","inLanguage":"fr-FR","@id":"https:\/\/vosgesinfo.fr\/saintdieinfo\/2022\/05\/college-vautrin-lud-sillustre-concours-deloquence-de-lacademie-nancy-metz\/#primaryimage","url":"https:\/\/vosgesinfo.fr\/app\/uploads\/sites\/4\/2024\/08\/2022052022concours011red.jpg","contentUrl":"https:\/\/vosgesinfo.fr\/app\/uploads\/sites\/4\/2024\/08\/2022052022concours011red.jpg","width":1600,"height":900},{"@type":"BreadcrumbList","@id":"https:\/\/vosgesinfo.fr\/saintdieinfo\/2022\/05\/college-vautrin-lud-sillustre-concours-deloquence-de-lacademie-nancy-metz\/#breadcrumb","itemListElement":[{"@type":"ListItem","position":1,"name":"Home","item":"https:\/\/vosgesinfo.fr\/saintdieinfo\/"},{"@type":"ListItem","position":2,"name":"Le coll\u00e8ge Vautrin-Lud s&rsquo;illustre au concours d&rsquo;\u00e9loquence de l&rsquo;Acad\u00e9mie Nancy-Metz"}]},{"@type":"WebSite","@id":"https:\/\/vosgesinfo.fr\/saintdieinfo\/#website","url":"https:\/\/vosgesinfo.fr\/saintdieinfo\/","name":"Saint Die Info","description":"Toute l&#039;actualit\u00e9 de Saint-Di\u00e9-Des-Vosges","publisher":{"@id":"https:\/\/vosgesinfo.fr\/saintdieinfo\/#organization"},"alternateName":"Toute l'actualit\u00e9 de Saint-Di\u00e9-Des-Vosges","potentialAction":[{"@type":"SearchAction","target":{"@type":"EntryPoint","urlTemplate":"https:\/\/vosgesinfo.fr\/saintdieinfo\/?s={search_term_string}"},"query-input":"required name=search_term_string"}],"inLanguage":"fr-FR"},{"@type":"Organization","@id":"https:\/\/vosgesinfo.fr\/saintdieinfo\/#organization","name":"Saint Die Info","url":"https:\/\/vosgesinfo.fr\/saintdieinfo\/","logo":{"@type":"ImageObject","inLanguage":"fr-FR","@id":"https:\/\/vosgesinfo.fr\/saintdieinfo\/#\/schema\/logo\/image\/","url":"https:\/\/vosgesinfo.fr\/app\/uploads\/sites\/4\/2024\/02\/logo-sdi.jpg","contentUrl":"https:\/\/vosgesinfo.fr\/app\/uploads\/sites\/4\/2024\/02\/logo-sdi.jpg","width":600,"height":600,"caption":"Saint Die Info"},"image":{"@id":"https:\/\/vosgesinfo.fr\/saintdieinfo\/#\/schema\/logo\/image\/"},"sameAs":["https:\/\/www.facebook.com\/Saintdieinfofr","https:\/\/x.com\/VosgesInfo88","https:\/\/www.youtube.com\/@vosgesinfo"]},{"@type":"Person","@id":"https:\/\/vosgesinfo.fr\/saintdieinfo\/#\/schema\/person\/faee6704a21f3977511db84bd1cd450f","name":"la r\u00e9daction","image":{"@type":"ImageObject","inLanguage":"fr-FR","@id":"https:\/\/vosgesinfo.fr\/saintdieinfo\/#\/schema\/person\/image\/","url":"https:\/\/secure.gravatar.com\/avatar\/6673d8bc6a9c17fa9a453eaa3448de834fa308c2ec9635b7aa99441a7c8d2cf6?s=96&d=mm&r=g","contentUrl":"https:\/\/secure.gravatar.com\/avatar\/6673d8bc6a9c17fa9a453eaa3448de834fa308c2ec9635b7aa99441a7c8d2cf6?s=96&d=mm&r=g","caption":"la r\u00e9daction"},"url":"https:\/\/vosgesinfo.fr\/saintdieinfo\/author\/redac\/"}]}},"_links":{"self":[{"href":"https:\/\/vosgesinfo.fr\/saintdieinfo\/wp-json\/wp\/v2\/posts\/53073","targetHints":{"allow":["GET"]}}],"collection":[{"href":"https:\/\/vosgesinfo.fr\/saintdieinfo\/wp-json\/wp\/v2\/posts"}],"about":[{"href":"https:\/\/vosgesinfo.fr\/saintdieinfo\/wp-json\/wp\/v2\/types\/post"}],"author":[{"embeddable":true,"href":"https:\/\/vosgesinfo.fr\/saintdieinfo\/wp-json\/wp\/v2\/users\/44"}],"replies":[{"embeddable":true,"href":"https:\/\/vosgesinfo.fr\/saintdieinfo\/wp-json\/wp\/v2\/comments?post=53073"}],"version-history":[{"count":0,"href":"https:\/\/vosgesinfo.fr\/saintdieinfo\/wp-json\/wp\/v2\/posts\/53073\/revisions"}],"wp:featuredmedia":[{"embeddable":true,"href":"https:\/\/vosgesinfo.fr\/saintdieinfo\/wp-json\/wp\/v2\/media\/53074"}],"wp:attachment":[{"href":"https:\/\/vosgesinfo.fr\/saintdieinfo\/wp-json\/wp\/v2\/media?parent=53073"}],"wp:term":[{"taxonomy":"category","embeddable":true,"href":"https:\/\/vosgesinfo.fr\/saintdieinfo\/wp-json\/wp\/v2\/categories?post=53073"},{"taxonomy":"post_tag","embeddable":true,"href":"https:\/\/vosgesinfo.fr\/saintdieinfo\/wp-json\/wp\/v2\/tags?post=53073"}],"curies":[{"name":"wp","href":"https:\/\/api.w.org\/{rel}","templated":true}]}}