{"id":53117,"date":"2022-05-14T11:47:30","date_gmt":"2022-05-14T09:47:30","guid":{"rendered":"https:\/\/vosgesinfo.fr\/saintdieinfo\/2022\/05\/vosges-plus-de-1100-eleves-departement-se-rendus-a-ferme\/"},"modified":"2022-05-14T11:47:30","modified_gmt":"2022-05-14T09:47:30","slug":"vosges-plus-de-1100-eleves-departement-se-rendus-a-ferme","status":"publish","type":"post","link":"https:\/\/vosgesinfo.fr\/saintdieinfo\/2022\/05\/vosges-plus-de-1100-eleves-departement-se-rendus-a-ferme\/","title":{"rendered":"Vosges \u2013 Plus de 1100 \u00e9l\u00e8ves du d\u00e9partement se sont rendus \u00e0 la ferme"},"content":{"rendered":"<div id=\"attachment_183326\" style=\"width: 970px\" class=\"wp-caption aligncenter\"><a href=\"\/2022\/05\/Rencontres_\u00e0_la_Ferme-7.jpg\" target=\"_blank\" rel=\"noopener\"><img decoding=\"async\" aria-describedby=\"caption-attachment-183326\" class=\"wp-image-183326 size-large\" src=\"\/2022\/05\/Rencontres_\u00e0_la_Ferme-7-1024x768.jpg\" alt=\"Rencontres_\u00e0_la_Ferme (7)\" width=\"960\" height=\"720\" \/><\/a><p id=\"caption-attachment-183326\" class=\"wp-caption-text\">(Photographies FDSEA des Vosges)<\/p><\/div>\n<h2><strong><span style=\"font-size: 14pt;\">C&rsquo;est ce vendredi qu&rsquo;a \u00e9t\u00e9 inaugur\u00e9e la 30e \u00e9dition des \u00ab\u00a0Fermes Ouvertes\u00a0\u00bb dans les Vosges, en pr\u00e9sence de Christiane Lambert, pr\u00e9sidente de la F\u00e9d\u00e9ration Nationale des Syndicats d&rsquo;Exploitants Agricoles \u2013 FNSEA.<\/span><\/strong><\/h2>\n<p><!--more--><\/p>\n<p>A l&rsquo;occasion de cette \u00e9dition 2022, 6 fermes vosgiennes ouvrent leurs portes aux visiteurs ce samedi jusqu&rsquo;\u00e0 18h, avec diverses animations p\u00e9dagogiques, des \u00e9changes, des d\u00e9gustations de produits du terroir, du contact avec les animaux, des expositions d&rsquo;engins agricoles, la pr\u00e9sence de producteurs locaux, des buvettes et de la restauration locale. En pr\u00e9ambule, plus de 1100 \u00e9l\u00e8ves de diff\u00e9rentes \u00e9coles primaires et \u00e9l\u00e9mentaires du d\u00e9partement ont rendu visite hier aux 6 fermes ouvertes\u00a0: le GAEC du Haut des Hayes (Basse-sur-le-Rupt), le GAEC des Jumeaux (Nompatelize), le GAEC des Lilas (Harmonville), la SCEA Sautr\u00e9 (Har\u00e9ville), chez Vincent Maillard (Dom\u00e8vre\/Durbion) et Laurent Chevrier (Flor\u00e9mont).<\/p>\n<p>J.J.<\/p>\n\n","protected":false},"excerpt":{"rendered":"<p>C&rsquo;est ce vendredi qu&rsquo;a \u00e9t\u00e9 inaugur\u00e9e la 30e \u00e9dition des \u00ab\u00a0Fermes Ouvertes\u00a0\u00bb dans les Vosges, en pr\u00e9sence de Christiane Lambert, [&hellip;]<\/p>\n","protected":false},"author":44,"featured_media":53118,"comment_status":"open","ping_status":"open","sticky":false,"template":"","format":"standard","meta":{"footnotes":""},"categories":[460,128,3532,20,18],"tags":[11297,3876,11298,11299,11300],"class_list":["post-53117","post","type-post","status-publish","format-standard","has-post-thumbnail","hentry","category-a-la-une","category-agriculture","category-enfants","category-loisirs","category-vosges","tag-christiane-lambert","tag-fdsea-des-vosges","tag-fermes-ouvertes","tag-fermes-vosgiennes","tag-fnsea"],"acf":[],"yoast_head":"<!-- This site is optimized with the Yoast SEO plugin v22.5 - https:\/\/yoast.com\/wordpress\/plugins\/seo\/ -->\n<title>Vosges \u2013 Plus de 1100 \u00e9l\u00e8ves du d\u00e9partement se sont rendus \u00e0 la ferme - Saint Die Info<\/title>\n<meta name=\"robots\" content=\"index, follow, max-snippet:-1, max-image-preview:large, max-video-preview:-1\" \/>\n<link rel=\"canonical\" href=\"https:\/\/vosgesinfo.fr\/saintdieinfo\/2022\/05\/vosges-plus-de-1100-eleves-departement-se-rendus-a-ferme\/\" \/>\n<meta name=\"twitter:card\" content=\"summary_large_image\" \/>\n<meta name=\"twitter:title\" content=\"Vosges \u2013 Plus de 1100 \u00e9l\u00e8ves du d\u00e9partement se sont rendus \u00e0 la ferme - Saint Die Info\" \/>\n<meta name=\"twitter:description\" content=\"C&rsquo;est ce vendredi qu&rsquo;a \u00e9t\u00e9 inaugur\u00e9e la 30e \u00e9dition des \u00ab\u00a0Fermes Ouvertes\u00a0\u00bb dans les Vosges, en pr\u00e9sence de Christiane Lambert, [&hellip;]\" \/>\n<meta name=\"twitter:image\" content=\"https:\/\/vosgesinfo.fr\/app\/uploads\/sites\/4\/2024\/08\/202205rencontres-a-la-ferme-7.jpg\" \/>\n<meta name=\"twitter:creator\" content=\"@VosgesInfo88\" \/>\n<meta name=\"twitter:site\" content=\"@VosgesInfo88\" \/>\n<meta name=\"twitter:label1\" content=\"\u00c9crit par\" \/>\n\t<meta name=\"twitter:data1\" content=\"la r\u00e9daction\" \/>\n\t<meta name=\"twitter:label2\" content=\"Dur\u00e9e de lecture estim\u00e9e\" \/>\n\t<meta name=\"twitter:data2\" content=\"1 minute\" \/>\n<script type=\"application\/ld+json\" class=\"yoast-schema-graph\">{\"@context\":\"https:\/\/schema.org\",\"@graph\":[{\"@type\":\"Article\",\"@id\":\"https:\/\/vosgesinfo.fr\/saintdieinfo\/2022\/05\/vosges-plus-de-1100-eleves-departement-se-rendus-a-ferme\/#article\",\"isPartOf\":{\"@id\":\"https:\/\/vosgesinfo.fr\/saintdieinfo\/2022\/05\/vosges-plus-de-1100-eleves-departement-se-rendus-a-ferme\/\"},\"author\":{\"name\":\"la r\u00e9daction\",\"@id\":\"https:\/\/vosgesinfo.fr\/saintdieinfo\/#\/schema\/person\/faee6704a21f3977511db84bd1cd450f\"},\"headline\":\"Vosges \u2013 Plus de 1100 \u00e9l\u00e8ves du d\u00e9partement se sont rendus \u00e0 la ferme\",\"datePublished\":\"2022-05-14T09:47:30+00:00\",\"dateModified\":\"2022-05-14T09:47:30+00:00\",\"mainEntityOfPage\":{\"@id\":\"https:\/\/vosgesinfo.fr\/saintdieinfo\/2022\/05\/vosges-plus-de-1100-eleves-departement-se-rendus-a-ferme\/\"},\"wordCount\":182,\"commentCount\":0,\"publisher\":{\"@id\":\"https:\/\/vosgesinfo.fr\/saintdieinfo\/#organization\"},\"image\":{\"@id\":\"https:\/\/vosgesinfo.fr\/saintdieinfo\/2022\/05\/vosges-plus-de-1100-eleves-departement-se-rendus-a-ferme\/#primaryimage\"},\"thumbnailUrl\":\"https:\/\/vosgesinfo.fr\/app\/uploads\/sites\/4\/2024\/08\/202205rencontres-a-la-ferme-7.jpg\",\"keywords\":[\"Christiane Lambert\",\"FDSEA des Vosges\",\"Fermes Ouvertes\",\"Fermes Vosgiennes\",\"FNSEA\"],\"articleSection\":[\"A la Une\",\"Agriculture\",\"Enfants\",\"Loisirs\",\"Vosges\"],\"inLanguage\":\"fr-FR\",\"potentialAction\":[{\"@type\":\"CommentAction\",\"name\":\"Comment\",\"target\":[\"https:\/\/vosgesinfo.fr\/saintdieinfo\/2022\/05\/vosges-plus-de-1100-eleves-departement-se-rendus-a-ferme\/#respond\"]}]},{\"@type\":\"WebPage\",\"@id\":\"https:\/\/vosgesinfo.fr\/saintdieinfo\/2022\/05\/vosges-plus-de-1100-eleves-departement-se-rendus-a-ferme\/\",\"url\":\"https:\/\/vosgesinfo.fr\/saintdieinfo\/2022\/05\/vosges-plus-de-1100-eleves-departement-se-rendus-a-ferme\/\",\"name\":\"Vosges \u2013 Plus de 1100 \u00e9l\u00e8ves du d\u00e9partement se sont rendus \u00e0 la ferme - Saint Die Info\",\"isPartOf\":{\"@id\":\"https:\/\/vosgesinfo.fr\/saintdieinfo\/#website\"},\"primaryImageOfPage\":{\"@id\":\"https:\/\/vosgesinfo.fr\/saintdieinfo\/2022\/05\/vosges-plus-de-1100-eleves-departement-se-rendus-a-ferme\/#primaryimage\"},\"image\":{\"@id\":\"https:\/\/vosgesinfo.fr\/saintdieinfo\/2022\/05\/vosges-plus-de-1100-eleves-departement-se-rendus-a-ferme\/#primaryimage\"},\"thumbnailUrl\":\"https:\/\/vosgesinfo.fr\/app\/uploads\/sites\/4\/2024\/08\/202205rencontres-a-la-ferme-7.jpg\",\"datePublished\":\"2022-05-14T09:47:30+00:00\",\"dateModified\":\"2022-05-14T09:47:30+00:00\",\"breadcrumb\":{\"@id\":\"https:\/\/vosgesinfo.fr\/saintdieinfo\/2022\/05\/vosges-plus-de-1100-eleves-departement-se-rendus-a-ferme\/#breadcrumb\"},\"inLanguage\":\"fr-FR\",\"potentialAction\":[{\"@type\":\"ReadAction\",\"target\":[\"https:\/\/vosgesinfo.fr\/saintdieinfo\/2022\/05\/vosges-plus-de-1100-eleves-departement-se-rendus-a-ferme\/\"]}]},{\"@type\":\"ImageObject\",\"inLanguage\":\"fr-FR\",\"@id\":\"https:\/\/vosgesinfo.fr\/saintdieinfo\/2022\/05\/vosges-plus-de-1100-eleves-departement-se-rendus-a-ferme\/#primaryimage\",\"url\":\"https:\/\/vosgesinfo.fr\/app\/uploads\/sites\/4\/2024\/08\/202205rencontres-a-la-ferme-7.jpg\",\"contentUrl\":\"https:\/\/vosgesinfo.fr\/app\/uploads\/sites\/4\/2024\/08\/202205rencontres-a-la-ferme-7.jpg\",\"width\":2048,\"height\":1536},{\"@type\":\"BreadcrumbList\",\"@id\":\"https:\/\/vosgesinfo.fr\/saintdieinfo\/2022\/05\/vosges-plus-de-1100-eleves-departement-se-rendus-a-ferme\/#breadcrumb\",\"itemListElement\":[{\"@type\":\"ListItem\",\"position\":1,\"name\":\"Home\",\"item\":\"https:\/\/vosgesinfo.fr\/saintdieinfo\/\"},{\"@type\":\"ListItem\",\"position\":2,\"name\":\"Vosges \u2013 Plus de 1100 \u00e9l\u00e8ves du d\u00e9partement se sont rendus \u00e0 la ferme\"}]},{\"@type\":\"WebSite\",\"@id\":\"https:\/\/vosgesinfo.fr\/saintdieinfo\/#website\",\"url\":\"https:\/\/vosgesinfo.fr\/saintdieinfo\/\",\"name\":\"Saint Die Info\",\"description\":\"Toute l&#039;actualit\u00e9 de Saint-Di\u00e9-Des-Vosges\",\"publisher\":{\"@id\":\"https:\/\/vosgesinfo.fr\/saintdieinfo\/#organization\"},\"alternateName\":\"Toute l'actualit\u00e9 de Saint-Di\u00e9-Des-Vosges\",\"potentialAction\":[{\"@type\":\"SearchAction\",\"target\":{\"@type\":\"EntryPoint\",\"urlTemplate\":\"https:\/\/vosgesinfo.fr\/saintdieinfo\/?s={search_term_string}\"},\"query-input\":\"required name=search_term_string\"}],\"inLanguage\":\"fr-FR\"},{\"@type\":\"Organization\",\"@id\":\"https:\/\/vosgesinfo.fr\/saintdieinfo\/#organization\",\"name\":\"Saint Die Info\",\"url\":\"https:\/\/vosgesinfo.fr\/saintdieinfo\/\",\"logo\":{\"@type\":\"ImageObject\",\"inLanguage\":\"fr-FR\",\"@id\":\"https:\/\/vosgesinfo.fr\/saintdieinfo\/#\/schema\/logo\/image\/\",\"url\":\"https:\/\/vosgesinfo.fr\/app\/uploads\/sites\/4\/2024\/02\/logo-sdi.jpg\",\"contentUrl\":\"https:\/\/vosgesinfo.fr\/app\/uploads\/sites\/4\/2024\/02\/logo-sdi.jpg\",\"width\":600,\"height\":600,\"caption\":\"Saint Die Info\"},\"image\":{\"@id\":\"https:\/\/vosgesinfo.fr\/saintdieinfo\/#\/schema\/logo\/image\/\"},\"sameAs\":[\"https:\/\/www.facebook.com\/Saintdieinfofr\",\"https:\/\/x.com\/VosgesInfo88\",\"https:\/\/www.youtube.com\/@vosgesinfo\"]},{\"@type\":\"Person\",\"@id\":\"https:\/\/vosgesinfo.fr\/saintdieinfo\/#\/schema\/person\/faee6704a21f3977511db84bd1cd450f\",\"name\":\"la r\u00e9daction\",\"image\":{\"@type\":\"ImageObject\",\"inLanguage\":\"fr-FR\",\"@id\":\"https:\/\/vosgesinfo.fr\/saintdieinfo\/#\/schema\/person\/image\/\",\"url\":\"https:\/\/secure.gravatar.com\/avatar\/6673d8bc6a9c17fa9a453eaa3448de834fa308c2ec9635b7aa99441a7c8d2cf6?s=96&d=mm&r=g\",\"contentUrl\":\"https:\/\/secure.gravatar.com\/avatar\/6673d8bc6a9c17fa9a453eaa3448de834fa308c2ec9635b7aa99441a7c8d2cf6?s=96&d=mm&r=g\",\"caption\":\"la r\u00e9daction\"},\"url\":\"https:\/\/vosgesinfo.fr\/saintdieinfo\/author\/redac\/\"}]}<\/script>\n<!-- \/ Yoast SEO plugin. -->","yoast_head_json":{"title":"Vosges \u2013 Plus de 1100 \u00e9l\u00e8ves du d\u00e9partement se sont rendus \u00e0 la ferme - Saint Die Info","robots":{"index":"index","follow":"follow","max-snippet":"max-snippet:-1","max-image-preview":"max-image-preview:large","max-video-preview":"max-video-preview:-1"},"canonical":"https:\/\/vosgesinfo.fr\/saintdieinfo\/2022\/05\/vosges-plus-de-1100-eleves-departement-se-rendus-a-ferme\/","twitter_card":"summary_large_image","twitter_title":"Vosges \u2013 Plus de 1100 \u00e9l\u00e8ves du d\u00e9partement se sont rendus \u00e0 la ferme - Saint Die Info","twitter_description":"C&rsquo;est ce vendredi qu&rsquo;a \u00e9t\u00e9 inaugur\u00e9e la 30e \u00e9dition des \u00ab\u00a0Fermes Ouvertes\u00a0\u00bb dans les Vosges, en pr\u00e9sence de Christiane Lambert, [&hellip;]","twitter_image":"https:\/\/vosgesinfo.fr\/app\/uploads\/sites\/4\/2024\/08\/202205rencontres-a-la-ferme-7.jpg","twitter_creator":"@VosgesInfo88","twitter_site":"@VosgesInfo88","twitter_misc":{"\u00c9crit par":"la r\u00e9daction","Dur\u00e9e de lecture estim\u00e9e":"1 minute"},"schema":{"@context":"https:\/\/schema.org","@graph":[{"@type":"Article","@id":"https:\/\/vosgesinfo.fr\/saintdieinfo\/2022\/05\/vosges-plus-de-1100-eleves-departement-se-rendus-a-ferme\/#article","isPartOf":{"@id":"https:\/\/vosgesinfo.fr\/saintdieinfo\/2022\/05\/vosges-plus-de-1100-eleves-departement-se-rendus-a-ferme\/"},"author":{"name":"la r\u00e9daction","@id":"https:\/\/vosgesinfo.fr\/saintdieinfo\/#\/schema\/person\/faee6704a21f3977511db84bd1cd450f"},"headline":"Vosges \u2013 Plus de 1100 \u00e9l\u00e8ves du d\u00e9partement se sont rendus \u00e0 la ferme","datePublished":"2022-05-14T09:47:30+00:00","dateModified":"2022-05-14T09:47:30+00:00","mainEntityOfPage":{"@id":"https:\/\/vosgesinfo.fr\/saintdieinfo\/2022\/05\/vosges-plus-de-1100-eleves-departement-se-rendus-a-ferme\/"},"wordCount":182,"commentCount":0,"publisher":{"@id":"https:\/\/vosgesinfo.fr\/saintdieinfo\/#organization"},"image":{"@id":"https:\/\/vosgesinfo.fr\/saintdieinfo\/2022\/05\/vosges-plus-de-1100-eleves-departement-se-rendus-a-ferme\/#primaryimage"},"thumbnailUrl":"https:\/\/vosgesinfo.fr\/app\/uploads\/sites\/4\/2024\/08\/202205rencontres-a-la-ferme-7.jpg","keywords":["Christiane Lambert","FDSEA des Vosges","Fermes Ouvertes","Fermes Vosgiennes","FNSEA"],"articleSection":["A la Une","Agriculture","Enfants","Loisirs","Vosges"],"inLanguage":"fr-FR","potentialAction":[{"@type":"CommentAction","name":"Comment","target":["https:\/\/vosgesinfo.fr\/saintdieinfo\/2022\/05\/vosges-plus-de-1100-eleves-departement-se-rendus-a-ferme\/#respond"]}]},{"@type":"WebPage","@id":"https:\/\/vosgesinfo.fr\/saintdieinfo\/2022\/05\/vosges-plus-de-1100-eleves-departement-se-rendus-a-ferme\/","url":"https:\/\/vosgesinfo.fr\/saintdieinfo\/2022\/05\/vosges-plus-de-1100-eleves-departement-se-rendus-a-ferme\/","name":"Vosges \u2013 Plus de 1100 \u00e9l\u00e8ves du d\u00e9partement se sont rendus \u00e0 la ferme - Saint Die Info","isPartOf":{"@id":"https:\/\/vosgesinfo.fr\/saintdieinfo\/#website"},"primaryImageOfPage":{"@id":"https:\/\/vosgesinfo.fr\/saintdieinfo\/2022\/05\/vosges-plus-de-1100-eleves-departement-se-rendus-a-ferme\/#primaryimage"},"image":{"@id":"https:\/\/vosgesinfo.fr\/saintdieinfo\/2022\/05\/vosges-plus-de-1100-eleves-departement-se-rendus-a-ferme\/#primaryimage"},"thumbnailUrl":"https:\/\/vosgesinfo.fr\/app\/uploads\/sites\/4\/2024\/08\/202205rencontres-a-la-ferme-7.jpg","datePublished":"2022-05-14T09:47:30+00:00","dateModified":"2022-05-14T09:47:30+00:00","breadcrumb":{"@id":"https:\/\/vosgesinfo.fr\/saintdieinfo\/2022\/05\/vosges-plus-de-1100-eleves-departement-se-rendus-a-ferme\/#breadcrumb"},"inLanguage":"fr-FR","potentialAction":[{"@type":"ReadAction","target":["https:\/\/vosgesinfo.fr\/saintdieinfo\/2022\/05\/vosges-plus-de-1100-eleves-departement-se-rendus-a-ferme\/"]}]},{"@type":"ImageObject","inLanguage":"fr-FR","@id":"https:\/\/vosgesinfo.fr\/saintdieinfo\/2022\/05\/vosges-plus-de-1100-eleves-departement-se-rendus-a-ferme\/#primaryimage","url":"https:\/\/vosgesinfo.fr\/app\/uploads\/sites\/4\/2024\/08\/202205rencontres-a-la-ferme-7.jpg","contentUrl":"https:\/\/vosgesinfo.fr\/app\/uploads\/sites\/4\/2024\/08\/202205rencontres-a-la-ferme-7.jpg","width":2048,"height":1536},{"@type":"BreadcrumbList","@id":"https:\/\/vosgesinfo.fr\/saintdieinfo\/2022\/05\/vosges-plus-de-1100-eleves-departement-se-rendus-a-ferme\/#breadcrumb","itemListElement":[{"@type":"ListItem","position":1,"name":"Home","item":"https:\/\/vosgesinfo.fr\/saintdieinfo\/"},{"@type":"ListItem","position":2,"name":"Vosges \u2013 Plus de 1100 \u00e9l\u00e8ves du d\u00e9partement se sont rendus \u00e0 la ferme"}]},{"@type":"WebSite","@id":"https:\/\/vosgesinfo.fr\/saintdieinfo\/#website","url":"https:\/\/vosgesinfo.fr\/saintdieinfo\/","name":"Saint Die Info","description":"Toute l&#039;actualit\u00e9 de Saint-Di\u00e9-Des-Vosges","publisher":{"@id":"https:\/\/vosgesinfo.fr\/saintdieinfo\/#organization"},"alternateName":"Toute l'actualit\u00e9 de Saint-Di\u00e9-Des-Vosges","potentialAction":[{"@type":"SearchAction","target":{"@type":"EntryPoint","urlTemplate":"https:\/\/vosgesinfo.fr\/saintdieinfo\/?s={search_term_string}"},"query-input":"required name=search_term_string"}],"inLanguage":"fr-FR"},{"@type":"Organization","@id":"https:\/\/vosgesinfo.fr\/saintdieinfo\/#organization","name":"Saint Die Info","url":"https:\/\/vosgesinfo.fr\/saintdieinfo\/","logo":{"@type":"ImageObject","inLanguage":"fr-FR","@id":"https:\/\/vosgesinfo.fr\/saintdieinfo\/#\/schema\/logo\/image\/","url":"https:\/\/vosgesinfo.fr\/app\/uploads\/sites\/4\/2024\/02\/logo-sdi.jpg","contentUrl":"https:\/\/vosgesinfo.fr\/app\/uploads\/sites\/4\/2024\/02\/logo-sdi.jpg","width":600,"height":600,"caption":"Saint Die Info"},"image":{"@id":"https:\/\/vosgesinfo.fr\/saintdieinfo\/#\/schema\/logo\/image\/"},"sameAs":["https:\/\/www.facebook.com\/Saintdieinfofr","https:\/\/x.com\/VosgesInfo88","https:\/\/www.youtube.com\/@vosgesinfo"]},{"@type":"Person","@id":"https:\/\/vosgesinfo.fr\/saintdieinfo\/#\/schema\/person\/faee6704a21f3977511db84bd1cd450f","name":"la r\u00e9daction","image":{"@type":"ImageObject","inLanguage":"fr-FR","@id":"https:\/\/vosgesinfo.fr\/saintdieinfo\/#\/schema\/person\/image\/","url":"https:\/\/secure.gravatar.com\/avatar\/6673d8bc6a9c17fa9a453eaa3448de834fa308c2ec9635b7aa99441a7c8d2cf6?s=96&d=mm&r=g","contentUrl":"https:\/\/secure.gravatar.com\/avatar\/6673d8bc6a9c17fa9a453eaa3448de834fa308c2ec9635b7aa99441a7c8d2cf6?s=96&d=mm&r=g","caption":"la r\u00e9daction"},"url":"https:\/\/vosgesinfo.fr\/saintdieinfo\/author\/redac\/"}]}},"_links":{"self":[{"href":"https:\/\/vosgesinfo.fr\/saintdieinfo\/wp-json\/wp\/v2\/posts\/53117","targetHints":{"allow":["GET"]}}],"collection":[{"href":"https:\/\/vosgesinfo.fr\/saintdieinfo\/wp-json\/wp\/v2\/posts"}],"about":[{"href":"https:\/\/vosgesinfo.fr\/saintdieinfo\/wp-json\/wp\/v2\/types\/post"}],"author":[{"embeddable":true,"href":"https:\/\/vosgesinfo.fr\/saintdieinfo\/wp-json\/wp\/v2\/users\/44"}],"replies":[{"embeddable":true,"href":"https:\/\/vosgesinfo.fr\/saintdieinfo\/wp-json\/wp\/v2\/comments?post=53117"}],"version-history":[{"count":0,"href":"https:\/\/vosgesinfo.fr\/saintdieinfo\/wp-json\/wp\/v2\/posts\/53117\/revisions"}],"wp:featuredmedia":[{"embeddable":true,"href":"https:\/\/vosgesinfo.fr\/saintdieinfo\/wp-json\/wp\/v2\/media\/53118"}],"wp:attachment":[{"href":"https:\/\/vosgesinfo.fr\/saintdieinfo\/wp-json\/wp\/v2\/media?parent=53117"}],"wp:term":[{"taxonomy":"category","embeddable":true,"href":"https:\/\/vosgesinfo.fr\/saintdieinfo\/wp-json\/wp\/v2\/categories?post=53117"},{"taxonomy":"post_tag","embeddable":true,"href":"https:\/\/vosgesinfo.fr\/saintdieinfo\/wp-json\/wp\/v2\/tags?post=53117"}],"curies":[{"name":"wp","href":"https:\/\/api.w.org\/{rel}","templated":true}]}}